{"id":1125,"date":"2013-08-14T08:06:11","date_gmt":"2013-08-14T06:06:11","guid":{"rendered":"http:\/\/preventista.sk\/info\/?p=1125"},"modified":"2014-02-04T01:02:43","modified_gmt":"2014-02-04T00:02:43","slug":"nepracovny-cas-na-pc","status":"publish","type":"post","link":"https:\/\/preventista.sk\/info\/nepracovny-cas-na-pc\/","title":{"rendered":"Nepracovn\u00fd \u010das na PC"},"content":{"rendered":"<p><strong><span style=\"color: #ff0000;\">A\u017d 182 MILIARD KORUN ZAPLATILY FIRMY V LO\u0147SK\u00c9M ROCE ZAM\u011aSTNANC\u016eM ZA \u010cAS STR\u00c1VEN\u00dd NA SOCI\u00c1LN\u00cdCH S\u00cdT\u00cdCH, HRAN\u00cdM HER A OSTATN\u00cd NEPRACOV\u00cd AKTIVITY<\/span><\/strong><\/p>\n<p>Na z\u00e1klad\u011b dat poskytnut\u00fdch klienty spole\u010dnosti SODATSW v r\u00e1mci nasazen\u00ed produktu OptimAccess, monitoruj\u00edc\u00edho vyu\u017e\u00edv\u00e1n\u00ed PC, vypl\u00fdv\u00e1, \u017ee \u010desk\u00e9 firmy st\u00e1le vynakl\u00e1daj\u00ed mzdov\u00e9 prost\u0159edky neefektivn\u011b a pr\u016fm\u011brn\u011b ka\u017ed\u00fd zam\u011bstnanec v\u011bnuje 12 % \u010dasu nepracovn\u00edm aktivit\u00e1m. P\u0159i zapo\u010d\u00edt\u00e1n\u00ed pr\u016fm\u011brn\u00fdch n\u00e1klad\u016f na zam\u011bstnance vych\u00e1z\u00ed, \u017ee v roce 2012 zam\u011bstnavatel\u00e9 v \u010cesk\u00e9 republice neefektivn\u011b vynalo\u017eili a\u017e 182 miliard korun.<\/p>\n<p><em>Podle v\u00fd\u0161e uveden\u00fdch \u010d\u00edsel tak \u010desk\u00e1 firma s pades\u00e1ti zam\u011bstnanci \u201evyhod\u00ed\u201c ro\u010dn\u011b v\u00edce ne\u017e 2,4 milionu korun p\u0159\u00edm\u00fdch mzdov\u00fdch n\u00e1klad\u016f. \u201e Je pot\u0159eba si uv\u011bdomit, \u017ee zam\u011bstnavateli vznik\u00e1 ztr\u00e1ta nejen v podob\u011b vyhozen\u00fdch pen\u011bz za neefektivn\u00ed pr\u00e1ci, ale tak\u00e9 v podob\u011b neodveden\u00e9 pr\u00e1ce. \u010c\u00e1stky se v tomto p\u0159\u00edpad\u011b n\u00e1sob\u00ed, ztr\u00e1ta tedy m\u016f\u017ee b\u00fdt a\u017e v \u0159\u00e1du statis\u00edc korun za zam\u011bstnance ro\u010dn\u011b<\/em>\u201c, uvedl jednatel spole\u010dnosti SODATSW Martin Hanzal.<\/p>\n<p>&nbsp;<\/p>\n<p><strong>Celorepublikov\u00e9 srovn\u00e1n\u00ed neefektivn\u011b vynalo\u017een\u00fdch mzdov\u00fdch n\u00e1klad\u016f<\/strong><br \/>\nV\u00fdsledky jsou pro mo\u017enost porovn\u00e1n\u00ed v r\u00e1mci \u010cesk\u00e9 republiky p\u0159epo\u010d\u00edt\u00e1ny na pr\u016fm\u011brn\u00e9 po\u010dty zam\u011bstnanc\u016f a pr\u016fm\u011brn\u00e9 mzdy zve\u0159ejn\u011bn\u00e9 \u010cS\u00da.<br \/>\nV\u00edce ne\u017e \u010dtvrtinu z uveden\u00fdch 182 miliard p\u0159ipad\u00e1 na zam\u011bstnavatele v Praze, celkem 48 miliard korun. Toto \u010d\u00edslo je pom\u011brn\u011b v\u00fdznamn\u00fdm zp\u016fsobem ovlivn\u011bno nejvy\u0161\u0161\u00edm po\u010dtem zam\u011bstnanc\u016f a nejvy\u0161\u0161\u00ed pr\u016fm\u011brnou mzdou v \u010cR.<\/p>\n<p>&nbsp;<\/p>\n<p><strong>Nejv\u011bt\u0161\u00ed h\u0159\u00ed\u0161n\u00edci zneu\u017e\u00edvaj\u00ed pracovn\u00ed dobu a\u017e z 50 %<\/strong><br \/>\nV ka\u017ed\u00e9 t\u0159et\u00ed spole\u010dnosti, kter\u00e1 monitorovac\u00ed syst\u00e9m zavedla byl odhalen h\u0159\u00ed\u0161n\u00edk, kter\u00fd z\u00e1sadn\u011b vybo\u010doval z kolektivu a p\u0159ibli\u017en\u011b polovinu sv\u00e9 pracovn\u00ed doby v\u011bnoval nepracovn\u00edm aktivit\u00e1m.<\/p>\n<p>&nbsp;<\/p>\n<p><strong>Zm\u011bna chov\u00e1n\u00ed zam\u011bstnanc\u016f po zaveden\u00ed monitorovac\u00edho syst\u00e9mu<\/strong><br \/>\nZ anal\u00fdzy d\u00e1le vypl\u00fdv\u00e1, \u017ee nasazen\u00ed monitorovac\u00edho syst\u00e9mu a ozn\u00e1men\u00ed t\u00e9to skute\u010dnosti zam\u011bstnanc\u016fm sn\u00ed\u017e\u00ed zneu\u017e\u00edv\u00e1n\u00ed pracovn\u00ed doby o v\u00edce ne\u017e 80 %, na zanedbatelnou a v mnoha p\u0159\u00edpadech tolerovanou \u00farove\u0148.<\/p>\n<p>&nbsp;<\/p>\n<p><strong>Zm\u011bny v trendu vyu\u017e\u00edv\u00e1n\u00ed PC nepracovn\u00ed aktivitou<\/strong><br \/>\nZa posledn\u00ed t\u0159i roky do\u0161lo k z\u00e1sadn\u00ed zm\u011bn\u011b v chov\u00e1n\u00ed zam\u011bstnanc\u016f a toho, jak\u00fdm zp\u016fsobem zneu\u017e\u00edvaj\u00ed \u010d\u00e1st pracovn\u00ed doby. Zat\u00edmco v roce 2010 bylo hlavn\u00edm ne\u0161varem hran\u00ed her, dnes suver\u00e9nn\u011b vede n\u00e1v\u0161t\u011bva soci\u00e1ln\u00edch s\u00edt\u00ed. Celkov\u011b m\u016f\u017eeme \u0159\u00edct, \u017ee sledujeme pozitivn\u00ed trend, kdy zneu\u017e\u00edv\u00e1n\u00ed pracovn\u00ed doby na po\u010d\u00edta\u010di o jednotky procent ro\u010dn\u011b kles\u00e1.<br \/>\nMartin Hanzal, jednatel spole\u010dnosti SODATSW v\u00fdsledky anal\u00fdzy komentuje n\u00e1sledovn\u011b: <em>\u201eJe vid\u011bt, \u017ee je zde st\u00e1le pom\u011brn\u011b velk\u00fd prostor pro zlep\u0161en\u00ed efektivity pr\u00e1ce, realizaci \u00faspor a p\u0159edev\u0161\u00edm mo\u017enosti pro nav\u00fd\u0161en\u00ed mzdov\u00fdch prost\u0159edk\u016f pro standardn\u011b a nadstandardn\u011b pracuj\u00edc\u00ed zam\u011bstnance.\u201c<\/em><\/p>\n<p>&nbsp;<\/p>\n<p><a href=\"https:\/\/i0.wp.com\/preventista.sk\/info\/wp-content\/uploads\/2013\/08\/vyskum_SODATSW_2013.png?ssl=1\"><img data-recalc-dims=\"1\" loading=\"lazy\" decoding=\"async\" data-attachment-id=\"1127\" data-permalink=\"https:\/\/preventista.sk\/info\/nepracovny-cas-na-pc\/vyskum_sodatsw_2013\/\" data-orig-file=\"https:\/\/i0.wp.com\/preventista.sk\/info\/wp-content\/uploads\/2013\/08\/vyskum_SODATSW_2013.png?fit=641%2C458&amp;ssl=1\" data-orig-size=\"641,458\" data-comments-opened=\"1\" data-image-meta=\"{&quot;aperture&quot;:&quot;0&quot;,&quot;credit&quot;:&quot;&quot;,&quot;camera&quot;:&quot;&quot;,&quot;caption&quot;:&quot;&quot;,&quot;created_timestamp&quot;:&quot;0&quot;,&quot;copyright&quot;:&quot;&quot;,&quot;focal_length&quot;:&quot;0&quot;,&quot;iso&quot;:&quot;0&quot;,&quot;shutter_speed&quot;:&quot;0&quot;,&quot;title&quot;:&quot;&quot;}\" data-image-title=\"vyskum_SODATSW_2013\" data-image-description=\"\" data-image-caption=\"\" data-large-file=\"https:\/\/i0.wp.com\/preventista.sk\/info\/wp-content\/uploads\/2013\/08\/vyskum_SODATSW_2013.png?fit=641%2C458&amp;ssl=1\" class=\"alignnone size-full wp-image-1127\" alt=\"vyskum_SODATSW_2013\" src=\"https:\/\/i0.wp.com\/preventista.sk\/info\/wp-content\/uploads\/2013\/08\/vyskum_SODATSW_2013.png?resize=641%2C458&#038;ssl=1\" width=\"641\" height=\"458\" srcset=\"https:\/\/i0.wp.com\/preventista.sk\/info\/wp-content\/uploads\/2013\/08\/vyskum_SODATSW_2013.png?w=641&amp;ssl=1 641w, https:\/\/i0.wp.com\/preventista.sk\/info\/wp-content\/uploads\/2013\/08\/vyskum_SODATSW_2013.png?resize=150%2C107&amp;ssl=1 150w, https:\/\/i0.wp.com\/preventista.sk\/info\/wp-content\/uploads\/2013\/08\/vyskum_SODATSW_2013.png?resize=300%2C214&amp;ssl=1 300w\" sizes=\"auto, (max-width: 641px) 100vw, 641px\" \/><\/a><\/p>\n<p>&nbsp;<\/p>\n","protected":false},"excerpt":{"rendered":"<p>A\u017d 182 MILIARD KORUN ZAPLATILY FIRMY V LO\u0147SK\u00c9M ROCE ZAM\u011aSTNANC\u016eM ZA \u010cAS STR\u00c1VEN\u00dd NA SOCI\u00c1LN\u00cdCH S\u00cdT\u00cdCH, HRAN\u00cdM HER A OSTATN\u00cd NEPRACOV\u00cd AKTIVITY Na z\u00e1klad\u011b dat poskytnut\u00fdch klienty spole\u010dnosti SODATSW v r\u00e1mci nasazen\u00ed produktu OptimAccess, monitoruj\u00edc\u00edho vyu\u017e\u00edv\u00e1n\u00ed PC, vypl\u00fdv\u00e1, \u017ee \u010desk\u00e9 firmy st\u00e1le vynakl\u00e1daj\u00ed mzdov\u00e9 prost\u0159edky neefektivn\u011b a pr\u016fm\u011brn\u011b ka\u017ed\u00fd zam\u011bstnanec v\u011bnuje 12 % \u010dasu nepracovn\u00edm [&hellip;]<\/p>\n","protected":false},"author":1,"featured_media":1959,"comment_status":"open","ping_status":"open","sticky":false,"template":"","format":"standard","meta":{"jetpack_post_was_ever_published":false,"_jetpack_newsletter_access":"","_jetpack_dont_email_post_to_subs":false,"_jetpack_newsletter_tier_id":0,"_jetpack_memberships_contains_paywalled_content":false,"_jetpack_memberships_contains_paid_content":false,"footnotes":""},"categories":[13],"tags":[20,24,38,48],"class_list":["post-1125","post","type-post","status-publish","format-standard","has-post-thumbnail","hentry","category-prieskumy","tag-audit","tag-riziko","tag-socialne-siete","tag-zamestnanec"],"aioseo_notices":[],"jetpack_featured_media_url":"https:\/\/i0.wp.com\/preventista.sk\/info\/wp-content\/uploads\/2013\/08\/%C4%8Das.jpg?fit=700%2C400&ssl=1","jetpack_sharing_enabled":true,"jetpack-related-posts":[{"id":4297,"url":"https:\/\/preventista.sk\/info\/caste-chyby-pri-sprave-pocitaca-alebo-aj-administrator-vasho-pc-je-len-clovek\/","url_meta":{"origin":1125,"position":0},"title":"\u010cast\u00e9 chyby pri spr\u00e1ve po\u010d\u00edta\u010da alebo aj administr\u00e1tor v\u00e1\u0161ho PC je len \u010dlovek","author":"Marek Zeman","date":"3. marca 2021","format":false,"excerpt":"Ak ste sa stali \u010ditate\u013emi na\u0161ich \u010dl\u00e1nkov, potom u\u017e viete, \u017ee v\u00a0poslednom \u010dl\u00e1nku sme sa venovali zlozvykom pou\u017e\u00edvate\u013eov. Inven\u010dnos\u0165 a\u00a0inovat\u00edvnos\u0165 v\u00a0pr\u00edstupoch pou\u017e\u00edvate\u013eov informa\u010dn\u00fdch technol\u00f3gi\u00ed vie v\u017edy prekvapi\u0165. Ot\u00e1zkou je, \u010di tento typ spr\u00e1vania sa zachov\u00e1va len medzi pou\u017e\u00edvate\u013emi. Z\u00a0pozorovan\u00ed c\u00edtim, \u017ee skracovanie, zjednodu\u0161ovanie a\u00a0z\u013eah\u010dovanie neobch\u00e1dza ani\u00a0\u013eud\u00ed zodpovedn\u00fdch za riadenie informa\u010dn\u00fdch\u2026","rel":"","context":"V &quot;Bezpe\u010dnos\u0165&quot;","block_context":{"text":"Bezpe\u010dnos\u0165","link":"https:\/\/preventista.sk\/info\/category\/itbezp\/"},"img":{"alt_text":"","src":"https:\/\/i0.wp.com\/preventista.sk\/info\/wp-content\/uploads\/2021\/01\/cyberattack-e1610103949743.png?resize=350%2C200&ssl=1","width":350,"height":200},"classes":[]},{"id":1185,"url":"https:\/\/preventista.sk\/info\/hesla-a-inspiracia\/","url_meta":{"origin":1125,"position":1},"title":"Hesl\u00e1 a in\u0161pir\u00e1cia","author":"Redakcia","date":"21. augusta 2013","format":false,"excerpt":"Mu\u017eov pri tvorbe hesiel in\u0161piruje \u0161port, \u017eeny zase zn\u00e1me men\u00e1 Hesl\u00e1 s\u00fa stra\u0161n\u00e1 otrava, a nie len vtedy, ke\u010f ich mus\u00edte vy\u0165uka\u0165 do svojho online bankov\u00e9ho \u00fa\u010dtu alebo ak chcete nakupova\u0165 vo svojom ob\u013e\u00fabenom digit\u00e1lnom obchode. Spolo\u010dnos\u0165 Harris Interactive spravila pre antiv\u00edrusov\u00fa spolo\u010dnos\u0165 ESET prieskum o tom, ako \u013eudia zaobch\u00e1dzaj\u00fa\u2026","rel":"","context":"V &quot;Bezpe\u010dnos\u0165&quot;","block_context":{"text":"Bezpe\u010dnos\u0165","link":"https:\/\/preventista.sk\/info\/category\/itbezp\/"},"img":{"alt_text":"heslo","src":"https:\/\/i0.wp.com\/preventista.sk\/info\/wp-content\/uploads\/2013\/08\/heslo.jpg?fit=700%2C400&ssl=1&resize=350%2C200","width":350,"height":200,"srcset":"https:\/\/i0.wp.com\/preventista.sk\/info\/wp-content\/uploads\/2013\/08\/heslo.jpg?fit=700%2C400&ssl=1&resize=350%2C200 1x, https:\/\/i0.wp.com\/preventista.sk\/info\/wp-content\/uploads\/2013\/08\/heslo.jpg?fit=700%2C400&ssl=1&resize=525%2C300 1.5x, https:\/\/i0.wp.com\/preventista.sk\/info\/wp-content\/uploads\/2013\/08\/heslo.jpg?fit=700%2C400&ssl=1&resize=700%2C400 2x"},"classes":[]},{"id":840,"url":"https:\/\/preventista.sk\/info\/forenzni-analyza-telefonu\/","url_meta":{"origin":1125,"position":2},"title":"Forenzn\u00ed anal\u00fdza telefonu","author":"D. Ko\u017eu\u0161n\u00edk","date":"1. augusta 2013","format":false,"excerpt":"Jak\u00fd v\u00fdznam m\u00e1 z\u00edsk\u00e1v\u00e1n\u00ed dat z mobiln\u00edch telefon\u016f? V dne\u0161n\u00ed dob\u011b jsou v mobiln\u00edch telefonech \u010dasto um\u00edst\u011bna ta nejzaj\u00edmav\u011bj\u0161\u00ed data o jejich u\u017eivatel\u00edch. Podobn\u011b jako otisk prstu je mobiln\u00ed telefon jak\u00fdmsi otiskem sv\u00e9ho u\u017eivatele, sv\u011bd\u010d\u00ed o n\u011bm fotografie, videa, zpr\u00e1vy, s\u00ed\u0165 kontakt\u016f, historie telefon\u00e1t\u016f, emaily, pozn\u00e1mky, data ze soci\u00e1ln\u00edch s\u00edt\u00ed\u2026","rel":"","context":"V &quot;Bezpe\u010dnos\u0165&quot;","block_context":{"text":"Bezpe\u010dnos\u0165","link":"https:\/\/preventista.sk\/info\/category\/itbezp\/"},"img":{"alt_text":"","src":"https:\/\/i0.wp.com\/preventista.sk\/info\/wp-content\/uploads\/2013\/08\/forensic.jpg?fit=700%2C400&ssl=1&resize=350%2C200","width":350,"height":200,"srcset":"https:\/\/i0.wp.com\/preventista.sk\/info\/wp-content\/uploads\/2013\/08\/forensic.jpg?fit=700%2C400&ssl=1&resize=350%2C200 1x, https:\/\/i0.wp.com\/preventista.sk\/info\/wp-content\/uploads\/2013\/08\/forensic.jpg?fit=700%2C400&ssl=1&resize=525%2C300 1.5x, https:\/\/i0.wp.com\/preventista.sk\/info\/wp-content\/uploads\/2013\/08\/forensic.jpg?fit=700%2C400&ssl=1&resize=700%2C400 2x"},"classes":[]},{"id":2673,"url":"https:\/\/preventista.sk\/info\/kybersikanovanie-ako-novodoba-forma-agresie-a-jeho-prevencia-1-cast\/","url_meta":{"origin":1125,"position":3},"title":"Kyber\u0161ikanovanie ako novodob\u00e1 forma agresie a jeho prevencia &#8211; 1. \u010das\u0165","author":"Redakcia","date":"30. j\u00fana 2015","format":false,"excerpt":"V\u00a0nasleduj\u00facom \u010dl\u00e1nku som spracov\u00e1val problematiku kyber\u0161ikanovania ako novodobej formy agresie a jeho prevencie v prostred\u00ed z\u00e1kladn\u00fdch \u0161k\u00f4l. \u010cl\u00e1nok sa sklad\u00e1 z dvoch \u010dasti. V\u00a0prvej \u010dasti \u010dl\u00e1nku, ktor\u00fa si predstav\u00edme dnes, \u00a0popisujem a bli\u017e\u0161ie analyzujem kyber\u0161ikanovanie, jeho r\u00f4zne formy, prostriedky, pr\u00ed\u010diny tohto fenom\u00e9nu a mo\u017en\u00e9 n\u00e1sledky. Predstavujem \u00fa\u010dastn\u00edkov kyber\u0161ikanovania. Zaober\u00e1m sa\u2026","rel":"","context":"V &quot;Prevencia&quot;","block_context":{"text":"Prevencia","link":"https:\/\/preventista.sk\/info\/category\/prevencia\/"},"img":{"alt_text":"","src":"https:\/\/i0.wp.com\/preventista.sk\/info\/wp-content\/uploads\/2015\/06\/cover-1.png?fit=700%2C400&ssl=1&resize=350%2C200","width":350,"height":200,"srcset":"https:\/\/i0.wp.com\/preventista.sk\/info\/wp-content\/uploads\/2015\/06\/cover-1.png?fit=700%2C400&ssl=1&resize=350%2C200 1x, https:\/\/i0.wp.com\/preventista.sk\/info\/wp-content\/uploads\/2015\/06\/cover-1.png?fit=700%2C400&ssl=1&resize=525%2C300 1.5x, https:\/\/i0.wp.com\/preventista.sk\/info\/wp-content\/uploads\/2015\/06\/cover-1.png?fit=700%2C400&ssl=1&resize=700%2C400 2x"},"classes":[]},{"id":3652,"url":"https:\/\/preventista.sk\/info\/prieskum-lucenec-2019\/","url_meta":{"origin":1125,"position":4},"title":"Prieskum Lu\u010denec 2019","author":"Redakcia","date":"24. septembra 2019","format":false,"excerpt":"Prieskum zrealizovan\u00fd na z\u00e1kladn\u00fdch \u0161kol\u00e1ch okresu Lu\u010denec zameran\u00fd na zmapovanie ne\u017eiad\u00facich javov na z\u00e1kladn\u00fdch \u0161kol\u00e1ch. Realiz\u00e1tori: CENTRUM PEDAGOGICKO-PSYCHOLOGICK\u00c9HO PORADENSTVA A PREVENCIE V LU\u010cENCI OZ Preventista \u2013 zdru\u017eenie pre bezpe\u010dnos\u0165 a prevenciu Po\u010det zapojen\u00fdch \u0161k\u00f4l: 11 Po\u010det zapojen\u00fdch respondentov: 1.495 K\u013e\u00fa\u010dov\u00e9 zistenia prieskumu Realiz\u00e1cia prevencie je st\u00e1ly, aktu\u00e1lny a nevyhnutn\u00fd proces,\u2026","rel":"","context":"V &quot;Prieskumy&quot;","block_context":{"text":"Prieskumy","link":"https:\/\/preventista.sk\/info\/category\/skusenosti\/prieskumy\/"},"img":{"alt_text":"prieskum","src":"https:\/\/i0.wp.com\/preventista.sk\/info\/wp-content\/uploads\/2012\/05\/Prieskum.jpg?fit=700%2C400&ssl=1&resize=350%2C200","width":350,"height":200,"srcset":"https:\/\/i0.wp.com\/preventista.sk\/info\/wp-content\/uploads\/2012\/05\/Prieskum.jpg?fit=700%2C400&ssl=1&resize=350%2C200 1x, https:\/\/i0.wp.com\/preventista.sk\/info\/wp-content\/uploads\/2012\/05\/Prieskum.jpg?fit=700%2C400&ssl=1&resize=525%2C300 1.5x, https:\/\/i0.wp.com\/preventista.sk\/info\/wp-content\/uploads\/2012\/05\/Prieskum.jpg?fit=700%2C400&ssl=1&resize=700%2C400 2x"},"classes":[]},{"id":1518,"url":"https:\/\/preventista.sk\/info\/opat-tema-notebooky\/","url_meta":{"origin":1125,"position":5},"title":"Op\u00e4\u0165 t\u00e9ma notebooky","author":"J. Oster","date":"12. okt\u00f3bra 2013","format":false,"excerpt":"\u017divot bez notebooku, netbooku \u010di tabletu si dnes dok\u00e1\u017ee predstavi\u0165 m\u00e1loktor\u00fd mana\u017e\u00e9r a ur\u010dite nie len mana\u017e\u00e9r, ale takmer ka\u017ed\u00fd.\u00a0 Diskusie o hodnote notebooku ako pracovn\u00e9ho n\u00e1stroja s\u00fa \u010dasto ve\u013emi b\u00farlivou t\u00e9mou st\u00e1le ved\u00facou k\u00a0tomu ist\u00e9mu z\u00e1veru \u2013 notebook \u00a0nie je pova\u017eovan\u00fd za probl\u00e9m a\u017e do okamihu ke\u010f d\u00f4jde k\u2026","rel":"","context":"V &quot;Bezpe\u010dnos\u0165&quot;","block_context":{"text":"Bezpe\u010dnos\u0165","link":"https:\/\/preventista.sk\/info\/category\/itbezp\/"},"img":{"alt_text":"macbook","src":"https:\/\/i0.wp.com\/preventista.sk\/info\/wp-content\/uploads\/2013\/10\/laptop.jpg?fit=700%2C400&ssl=1&resize=350%2C200","width":350,"height":200,"srcset":"https:\/\/i0.wp.com\/preventista.sk\/info\/wp-content\/uploads\/2013\/10\/laptop.jpg?fit=700%2C400&ssl=1&resize=350%2C200 1x, https:\/\/i0.wp.com\/preventista.sk\/info\/wp-content\/uploads\/2013\/10\/laptop.jpg?fit=700%2C400&ssl=1&resize=525%2C300 1.5x, https:\/\/i0.wp.com\/preventista.sk\/info\/wp-content\/uploads\/2013\/10\/laptop.jpg?fit=700%2C400&ssl=1&resize=700%2C400 2x"},"classes":[]}],"_links":{"self":[{"href":"https:\/\/preventista.sk\/info\/wp-json\/wp\/v2\/posts\/1125","targetHints":{"allow":["GET"]}}],"collection":[{"href":"https:\/\/preventista.sk\/info\/wp-json\/wp\/v2\/posts"}],"about":[{"href":"https:\/\/preventista.sk\/info\/wp-json\/wp\/v2\/types\/post"}],"author":[{"embeddable":true,"href":"https:\/\/preventista.sk\/info\/wp-json\/wp\/v2\/users\/1"}],"replies":[{"embeddable":true,"href":"https:\/\/preventista.sk\/info\/wp-json\/wp\/v2\/comments?post=1125"}],"version-history":[{"count":6,"href":"https:\/\/preventista.sk\/info\/wp-json\/wp\/v2\/posts\/1125\/revisions"}],"predecessor-version":[{"id":1348,"href":"https:\/\/preventista.sk\/info\/wp-json\/wp\/v2\/posts\/1125\/revisions\/1348"}],"wp:featuredmedia":[{"embeddable":true,"href":"https:\/\/preventista.sk\/info\/wp-json\/wp\/v2\/media\/1959"}],"wp:attachment":[{"href":"https:\/\/preventista.sk\/info\/wp-json\/wp\/v2\/media?parent=1125"}],"wp:term":[{"taxonomy":"category","embeddable":true,"href":"https:\/\/preventista.sk\/info\/wp-json\/wp\/v2\/categories?post=1125"},{"taxonomy":"post_tag","embeddable":true,"href":"https:\/\/preventista.sk\/info\/wp-json\/wp\/v2\/tags?post=1125"}],"curies":[{"name":"wp","href":"https:\/\/api.w.org\/{rel}","templated":true}]}}