{"id":1170,"date":"2013-08-19T16:08:39","date_gmt":"2013-08-19T14:08:39","guid":{"rendered":"http:\/\/preventista.sk\/info\/?p=1170"},"modified":"2014-02-04T09:57:45","modified_gmt":"2014-02-04T08:57:45","slug":"kopanice-2013","status":"publish","type":"post","link":"https:\/\/preventista.sk\/info\/kopanice-2013\/","title":{"rendered":"Kopanice 2013"},"content":{"rendered":"<p style=\"text-align: justify;\">Z\u00fa\u010dastnili sme sa podujatia <strong>\u010cesko-slovensk\u00e1 letn\u00e1 \u0161kola modern\u00fdch u\u010dite\u013eov <\/strong>konanej u\u017e \u0161tandardne na moravsk\u00fdch kopaniciach v lone kr\u00e1snej pr\u00edrody.<\/p>\n<p style=\"text-align: justify;\">Tejto akcie, ktorej sa pravidelne z\u00fa\u010dast\u0148uj\u00fa \u010desk\u00ed a slovensk\u00ed u\u010ditelia. My sme sa akcie z\u00fa\u010dastnili na pozvanie organiz\u00e1torov s predn\u00e1\u0161kou zameranou na problematiku IT kriminality, riz\u00edk internetov\u00e9ho priestoru, stave prevencie a diskutovali sme s u\u010dite\u013emi o ich poh\u013eade na stav danej problematiky, ale rovnako aj o ich nie v\u017edy pr\u00edjemn\u00fdch sk\u00fasenostiach.<\/p>\n<p style=\"text-align: justify;\">Pr\u00e1ve na tomto mieste bol prv\u00fdkr\u00e1t verejne predstaven\u00fd u\u010dite\u013eom projekt <a title=\"O n\u00e1s\" href=\"https:\/\/preventista.sk\/info\/o-nas\/\"><strong>Preventista.sk<\/strong><\/a>\u00a0a jeho s\u00fa\u010das\u0165<strong>\u00a0 ICCrimeTest.\u00a0 <\/strong>Pr\u00edtomn\u00fdm bola predstaven\u00e1 aj mo\u017enos\u0165\u00a0spolupr\u00e1ce s projektom formou vyu\u017e\u00edvania jeho obsahu,\u00a0mo\u017enos\u0165ou\u00a0publikovania vlastn\u00fdch sk\u00fasenost\u00ed s prevent\u00edvnymi aktivitami, ako aj mo\u017enos\u0165ou <a title=\"Zapojte sa\" href=\"https:\/\/preventista.sk\/info\/zapojte-sa\/\">vyu\u017eitia grafick\u00fdch prvkov<\/a> projektu v r\u00e1mci svojich web-str\u00e1nok \u010di projektoch zameran\u00fdch na \u0161\u00edrenie my\u0161lienky bezpe\u010dnosti internetu a po\u010d\u00edta\u010dov\u00fdch technol\u00f3gi\u00ed.<\/p>\n<p>&nbsp;<\/p>\n<p><a href=\"http:\/\/www.preventista.sk\/uvod\"><img data-recalc-dims=\"1\" loading=\"lazy\" decoding=\"async\" data-attachment-id=\"1172\" data-permalink=\"https:\/\/preventista.sk\/info\/kopanice-2013\/iccrime\/\" data-orig-file=\"https:\/\/i0.wp.com\/preventista.sk\/info\/wp-content\/uploads\/2013\/08\/iccrime.png?fit=661%2C493&amp;ssl=1\" data-orig-size=\"661,493\" data-comments-opened=\"1\" data-image-meta=\"{&quot;aperture&quot;:&quot;0&quot;,&quot;credit&quot;:&quot;&quot;,&quot;camera&quot;:&quot;&quot;,&quot;caption&quot;:&quot;&quot;,&quot;created_timestamp&quot;:&quot;0&quot;,&quot;copyright&quot;:&quot;&quot;,&quot;focal_length&quot;:&quot;0&quot;,&quot;iso&quot;:&quot;0&quot;,&quot;shutter_speed&quot;:&quot;0&quot;,&quot;title&quot;:&quot;&quot;}\" data-image-title=\"iccrime\" data-image-description=\"\" data-image-caption=\"\" data-large-file=\"https:\/\/i0.wp.com\/preventista.sk\/info\/wp-content\/uploads\/2013\/08\/iccrime.png?fit=661%2C493&amp;ssl=1\" class=\"alignnone size-full wp-image-1172\" alt=\"iccrime\" src=\"https:\/\/i0.wp.com\/preventista.sk\/info\/wp-content\/uploads\/2013\/08\/iccrime.png?resize=661%2C493&#038;ssl=1\" width=\"661\" height=\"493\" srcset=\"https:\/\/i0.wp.com\/preventista.sk\/info\/wp-content\/uploads\/2013\/08\/iccrime.png?w=661&amp;ssl=1 661w, https:\/\/i0.wp.com\/preventista.sk\/info\/wp-content\/uploads\/2013\/08\/iccrime.png?resize=150%2C111&amp;ssl=1 150w, https:\/\/i0.wp.com\/preventista.sk\/info\/wp-content\/uploads\/2013\/08\/iccrime.png?resize=300%2C223&amp;ssl=1 300w\" sizes=\"auto, (max-width: 661px) 100vw, 661px\" \/><\/a><\/p>\n<p>&nbsp;<\/p>\n<p style=\"text-align: justify;\">Pr\u00ednosn\u00fdm v\u00fdsledkom vz\u00e1jomnej diskusie sa stal fakt, \u017ee rad \u0161k\u00f4l prejavil akt\u00edvny a miestami neodmietnute\u013en\u00fd z\u00e1ujem na zorganizovan\u00ed pracovn\u00fdch workshopov s podobn\u00fdm obsahom pre svojich u\u010dite\u013eov i \u017eiakov v r\u00f4znych lokalit\u00e1ch Slovenska.\u00a0 Tak\u017ee te\u0161\u00edme sa na stretnutia a spolupr\u00e1cu.<\/p>\n<p style=\"text-align: justify;\">\n<p style=\"text-align: justify;\">Pote\u0161uj\u00facimi s\u00fa aj reakcie zo zahrani\u010dia:<\/p>\n<p style=\"text-align: justify;\"><em>&#8222;Z n\u00e1sleduj\u00edc\u00edch prezentac\u00ed mne zaujal p\u0159\u00edsp\u011bvek Jaroslava Ostera k t\u00e9matu, kter\u00e9 dnes nesm\u00ed na \u017e\u00e1dn\u00e9 internetov\u00e9 konferenci chyb\u011bt: <b>bezpe\u010dnost na internetu<\/b>. Jeho p\u0159edn\u00e1\u0161ka ale kontrastovala s t\u00edm, jak k t\u00e9matu p\u0159istupuj\u00ed tuzem\u0161t\u00ed m\u00e1gov\u00e9 bezpe\u010dn\u00e9ho pohybu na internetu, kte\u0159\u00ed zpravidla varuj\u00ed p\u0159ed nebezpe\u010d\u00edmi, kter\u00e1 na d\u011bti na internetu a soci\u00e1ln\u00edch s\u00edt\u00edch \u010dekaj\u00ed. Jaroslav Oster se ani takov\u00fdm konkr\u00e9tn\u00edm p\u0159\u00edklad\u016fm ze sv\u00e9 bohat\u00e9 praxe nevyh\u00fdbal, \u010dervenou nit\u00ed prol\u00ednaj\u00edc\u00ed se jeho p\u0159\u00edsp\u011bvkem bylo ale p\u0159esv\u011bd\u010den\u00ed, \u017ee pozitiva sv\u011bta on-line p\u0159eva\u017euj\u00ed a nebylo by spr\u00e1vn\u00e9 kv\u016fli nim \u00fa\u010dastn\u00edky p\u0159edem odrazovat. Preventivn\u00ed p\u0159\u00edsp\u011bvek velmi ob\u0161\u00edrn\u011b zmapoval tuto problematiku a pouk\u00e1zal na mnoh\u00e9 p\u0159\u00edpady ze slovensk\u00e9 i \u010desk\u00e9 praxe.&#8220;<\/em><\/p>\n<p style=\"text-align: justify;\">prevzat\u00e9 z \u010dl\u00e1nku <a href=\"http:\/\/www.ceskaskola.cz\/2013\/08\/ondrej-neumajer-letni-skola-modernich.html\">http:\/\/www.ceskaskola.cz\/2013\/08\/ondrej-neumajer-letni-skola-modernich.html<\/a><\/p>\n<p><a href=\"https:\/\/i0.wp.com\/preventista.sk\/info\/wp-content\/uploads\/2013\/08\/podpis.png?ssl=1\"><img data-recalc-dims=\"1\" loading=\"lazy\" decoding=\"async\" data-attachment-id=\"1031\" data-permalink=\"https:\/\/preventista.sk\/info\/3-najcastejsie-otazky\/podpis\/\" data-orig-file=\"https:\/\/i0.wp.com\/preventista.sk\/info\/wp-content\/uploads\/2013\/08\/podpis.png?fit=1170%2C860&amp;ssl=1\" data-orig-size=\"1170,860\" data-comments-opened=\"1\" data-image-meta=\"{&quot;aperture&quot;:&quot;0&quot;,&quot;credit&quot;:&quot;&quot;,&quot;camera&quot;:&quot;&quot;,&quot;caption&quot;:&quot;&quot;,&quot;created_timestamp&quot;:&quot;0&quot;,&quot;copyright&quot;:&quot;&quot;,&quot;focal_length&quot;:&quot;0&quot;,&quot;iso&quot;:&quot;0&quot;,&quot;shutter_speed&quot;:&quot;0&quot;,&quot;title&quot;:&quot;&quot;}\" data-image-title=\"podpis\" data-image-description=\"\" data-image-caption=\"\" data-large-file=\"https:\/\/i0.wp.com\/preventista.sk\/info\/wp-content\/uploads\/2013\/08\/podpis.png?fit=1024%2C752&amp;ssl=1\" class=\"alignnone size-full wp-image-1031\" alt=\"podpis\" src=\"https:\/\/i0.wp.com\/preventista.sk\/info\/wp-content\/uploads\/2013\/08\/podpis.png?resize=297%2C226&#038;ssl=1\" width=\"297\" height=\"226\" \/><\/a><\/p>\n","protected":false},"excerpt":{"rendered":"<p>Z\u00fa\u010dastnili sme sa podujatia \u010cesko-slovensk\u00e1 letn\u00e1 \u0161kola modern\u00fdch u\u010dite\u013eov konanej u\u017e \u0161tandardne na moravsk\u00fdch kopaniciach v lone kr\u00e1snej pr\u00edrody. Tejto akcie, ktorej sa pravidelne z\u00fa\u010dast\u0148uj\u00fa \u010desk\u00ed a slovensk\u00ed u\u010ditelia. My sme sa akcie z\u00fa\u010dastnili na pozvanie organiz\u00e1torov s predn\u00e1\u0161kou zameranou na problematiku IT kriminality, riz\u00edk internetov\u00e9ho priestoru, stave prevencie a diskutovali sme s u\u010dite\u013emi o [&hellip;]<\/p>\n","protected":false},"author":2,"featured_media":1960,"comment_status":"open","ping_status":"open","sticky":false,"template":"","format":"standard","meta":{"jetpack_post_was_ever_published":false,"_jetpack_newsletter_access":"","_jetpack_dont_email_post_to_subs":false,"_jetpack_newsletter_tier_id":0,"_jetpack_memberships_contains_paywalled_content":false,"_jetpack_memberships_contains_paid_content":false,"footnotes":""},"categories":[8],"tags":[32,23,51,52],"class_list":["post-1170","post","type-post","status-publish","format-standard","has-post-thumbnail","hentry","category-akcie","tag-bezpecnost","tag-it-kriminalita","tag-prevencia-it-kriminality","tag-skola"],"aioseo_notices":[],"jetpack_featured_media_url":"https:\/\/i0.wp.com\/preventista.sk\/info\/wp-content\/uploads\/2013\/08\/tabula.jpg?fit=700%2C400&ssl=1","jetpack_sharing_enabled":true,"jetpack-related-posts":[{"id":3477,"url":"https:\/\/preventista.sk\/info\/zdielaj-bezpecne-a-zodpovedne-ohliadnutie-za-najuspesnejsim-projektom-prevencie-roka-2017\/","url_meta":{"origin":1170,"position":0},"title":"Zdie\u013eaj bezpe\u010dne a zodpovedne &#8211; ohliadnutie za naj\u00faspe\u0161nej\u0161\u00edm projektom prevencie roka 2017","author":"Redakcia","date":"24. janu\u00e1ra 2018","format":false,"excerpt":"\u0160ahansk\u00ed \u201e mlad\u00ed preventisti\u201c \u00a0st\u00e1le akt\u00edvni Rok 2017 za\u010dal pre preventistov Gymn\u00e1zia v \u0160ah\u00e1ch \u00faspe\u0161ne, ke\u010f\u017ee bola ich pr\u00e1ca v\u00a0predch\u00e1dzaj\u00facom roku OZ Prevenstista pozit\u00edvne ohodnoten\u00e1 a\u00a0za snahu v oblasti prevencie kriminality z\u00edskala \u0161kola ocenenie Najakt\u00edvnej\u0161ia \u0161kola v oblasti prevencie IT kriminality za rok 2016. Projekt prevencie kriminality mohol pokra\u010dova\u0165 aj\u2026","rel":"","context":"V &quot;IT kriminalita&quot;","block_context":{"text":"IT kriminalita","link":"https:\/\/preventista.sk\/info\/category\/prevencia\/itkrim\/"},"img":{"alt_text":"","src":"https:\/\/i0.wp.com\/preventista.sk\/info\/wp-content\/uploads\/2018\/01\/3.jpg?fit=800%2C400&ssl=1&resize=350%2C200","width":350,"height":200,"srcset":"https:\/\/i0.wp.com\/preventista.sk\/info\/wp-content\/uploads\/2018\/01\/3.jpg?fit=800%2C400&ssl=1&resize=350%2C200 1x, https:\/\/i0.wp.com\/preventista.sk\/info\/wp-content\/uploads\/2018\/01\/3.jpg?fit=800%2C400&ssl=1&resize=525%2C300 1.5x, https:\/\/i0.wp.com\/preventista.sk\/info\/wp-content\/uploads\/2018\/01\/3.jpg?fit=800%2C400&ssl=1&resize=700%2C400 2x"},"classes":[]},{"id":596,"url":"https:\/\/preventista.sk\/info\/tvoj-napad-moze-pomoct-2011\/","url_meta":{"origin":1170,"position":1},"title":"Tvoj n\u00e1pad 2012","author":"Redakcia","date":"26. j\u00fala 2013","format":false,"excerpt":"Celoslovensk\u00e1 s\u00fa\u0165a\u017e pre \u017eiakov z\u00e1kladn\u00fdch \u0161k\u00f4l a \u0161tudentov stredn\u00fdch \u0161k\u00f4l\u00a0o prevencii po\u010d\u00edta\u010dovej kriminality, nebezpe\u010denstv\u00e1 internetu, autorsk\u00e9\u00a0pr\u00e1vo na internete, soci\u00e1lne siete a ich rizik\u00e1, kyber\u0161ikana\u00a0a \u010fal\u0161ie nebezpe\u010dia s\u00favisiace s vyu\u017e\u00edvan\u00edm po\u010d\u00edta\u010dov. Organiz\u00e1tor s\u00fa\u0165a\u017ee:\u00a0 Info consult, s.r.o. \u00a0 1.miesto kateg\u00f3ria\u00a0Z\u00e1kladn\u00e9 \u0161koly\u00a0\u00a0\u00a0\u00a0\u00a0\u00a0\u00a0\u00a0 Z\u0160 Trsten\u00e1:\u00a0\u00a0 \u00a0Aj internet m\u00f4\u017ee by\u0165 nebezpe\u010dn\u00fd\u00a0\u00a0\u00a0 - \u00a0 \u00a0 \u00a0\u2026","rel":"","context":"V &quot;S\u00fa\u0165a\u017ee&quot;","block_context":{"text":"S\u00fa\u0165a\u017ee","link":"https:\/\/preventista.sk\/info\/category\/akcie\/sutaze\/"},"img":{"alt_text":"idea-2","src":"https:\/\/i0.wp.com\/preventista.sk\/info\/wp-content\/uploads\/2013\/07\/N%C3%A1pad-2.jpg?fit=700%2C400&ssl=1&resize=350%2C200","width":350,"height":200,"srcset":"https:\/\/i0.wp.com\/preventista.sk\/info\/wp-content\/uploads\/2013\/07\/N%C3%A1pad-2.jpg?fit=700%2C400&ssl=1&resize=350%2C200 1x, https:\/\/i0.wp.com\/preventista.sk\/info\/wp-content\/uploads\/2013\/07\/N%C3%A1pad-2.jpg?fit=700%2C400&ssl=1&resize=525%2C300 1.5x, https:\/\/i0.wp.com\/preventista.sk\/info\/wp-content\/uploads\/2013\/07\/N%C3%A1pad-2.jpg?fit=700%2C400&ssl=1&resize=700%2C400 2x"},"classes":[]},{"id":2844,"url":"https:\/\/preventista.sk\/info\/vitazka-sutaze-o-navrh-nasho-maskota-je-z-kosic\/","url_meta":{"origin":1170,"position":2},"title":"V\u00ed\u0165azka s\u00fa\u0165a\u017ee o n\u00e1vrh n\u00e1\u0161ho maskota je z Ko\u0161\u00edc!","author":"Redakcia","date":"23. septembra 2015","format":false,"excerpt":"Ob\u010dianske zdru\u017eenie\u00a0 PREVENTISTA \u2013 zdru\u017eenie pre bezpe\u010dnos\u0165 a\u00a0prevenciu \u00a0v\u00a0r\u00e1mci svojho Programu podpory prevencie IT kriminality a\u00a0zni\u017eovania riz\u00edk spojen\u00fdch s\u00a0vyu\u017e\u00edvan\u00edm informa\u010dn\u00fdch technol\u00f3gi\u00ed vyhl\u00e1sila za akt\u00edvnej pomoci V\u00daB Nad\u00e1cie a\u00a0\u010fal\u0161\u00edch partnerov od 18.j\u00fana do 15.septembra 2015 ve\u013ek\u00fa letn\u00fa pr\u00e1zdninov\u00fa s\u00fa\u0165a\u017e pre deti a\u00a0ml\u00e1de\u017e pod n\u00e1zvom \u201eTvoj n\u00e1pad m\u00f4\u017ee pom\u00f4c\u0165 MASKOT\u201c. \u00dalohou pre\u2026","rel":"","context":"V &quot;S\u00fa\u0165a\u017ee&quot;","block_context":{"text":"S\u00fa\u0165a\u017ee","link":"https:\/\/preventista.sk\/info\/category\/akcie\/sutaze\/"},"img":{"alt_text":"","src":"https:\/\/i0.wp.com\/preventista.sk\/info\/wp-content\/uploads\/2015\/09\/maskot.png?fit=700%2C400&ssl=1&resize=350%2C200","width":350,"height":200,"srcset":"https:\/\/i0.wp.com\/preventista.sk\/info\/wp-content\/uploads\/2015\/09\/maskot.png?fit=700%2C400&ssl=1&resize=350%2C200 1x, https:\/\/i0.wp.com\/preventista.sk\/info\/wp-content\/uploads\/2015\/09\/maskot.png?fit=700%2C400&ssl=1&resize=525%2C300 1.5x, https:\/\/i0.wp.com\/preventista.sk\/info\/wp-content\/uploads\/2015\/09\/maskot.png?fit=700%2C400&ssl=1&resize=700%2C400 2x"},"classes":[]},{"id":3432,"url":"https:\/\/preventista.sk\/info\/vedomostne-testy-pre-ziakov-a-ucitelov\/","url_meta":{"origin":1170,"position":3},"title":"Vedomostn\u00e9 testy pre \u017eiakov a u\u010dite\u013eov","author":"T.Paulus","date":"21. marca 2017","format":false,"excerpt":"Pripravili sme pre v\u00e1s vedomostn\u00e9 testy, ktor\u00e9 preveria va\u0161e znalosti v oblasti prevencie IT kriminality a informa\u010dnej bezpe\u010dnosti. Otestujte sa a zistite ako ste na tom :) Test pre u\u010dite\u013eov n\u00e1jdete tu a test pre \u017eiakov n\u00e1jdete tu.","rel":"","context":"V &quot;Akcie&quot;","block_context":{"text":"Akcie","link":"https:\/\/preventista.sk\/info\/category\/akcie\/"},"img":{"alt_text":"Test pre \u0161tudentov","src":"https:\/\/i0.wp.com\/preventista.sk\/info\/wp-content\/uploads\/2017\/03\/17309228_1432014206850512_3002916428987008664_n.png?resize=350%2C200","width":350,"height":200},"classes":[]},{"id":3769,"url":"https:\/\/preventista.sk\/info\/webinar-pre-mesta-a-skoly-pocitacova-kriminalita-a-prevencia\/","url_meta":{"origin":1170,"position":4},"title":"WEBIN\u00c1R pre mest\u00e1 a \u0161koly Po\u010d\u00edta\u010dov\u00e1 kriminalita a prevencia","author":"Redakcia","date":"10. septembra 2020","format":false,"excerpt":"....n\u00e1rast po\u010d\u00edta\u010dovej kriminality kladie zv\u00fd\u0161en\u00e9 po\u017eiadavky aj na zmenu prevent\u00edvnych aktiv\u00edt zria\u010fovate\u013eov a \u0161k\u00f4l v ich p\u00f4sobnosti.... \u010do je to po\u010d\u00edta\u010dov\u00e1 kriminalita a ako na prevenciu efekt\u00edvne Lektor: Ing.Jaroslav Oster Kapacita webin\u00e1ra je obmedzen\u00e1, v pr\u00edpade vy\u0161\u0161ieho z\u00e1ujmu webin\u00e1r zopakujeme. \u00a0 Prihlasovanie \ufeffNa\u010d\u00edtava sa\u2026 \u00a0 \u00a0 \u00a0 \u00a0 \u00a0 \u00a0\u2026","rel":"","context":"V &quot;Akcie&quot;","block_context":{"text":"Akcie","link":"https:\/\/preventista.sk\/info\/category\/akcie\/"},"img":{"alt_text":"","src":"https:\/\/i0.wp.com\/preventista.sk\/info\/wp-content\/uploads\/2020\/09\/Po%C4%8D%C3%ADta%C4%8Dov%C3%A1-kriminalita-a-prevencia-v-praxi-samospr%C3%A1vy.png?fit=940%2C788&ssl=1&resize=350%2C200","width":350,"height":200,"srcset":"https:\/\/i0.wp.com\/preventista.sk\/info\/wp-content\/uploads\/2020\/09\/Po%C4%8D%C3%ADta%C4%8Dov%C3%A1-kriminalita-a-prevencia-v-praxi-samospr%C3%A1vy.png?fit=940%2C788&ssl=1&resize=350%2C200 1x, https:\/\/i0.wp.com\/preventista.sk\/info\/wp-content\/uploads\/2020\/09\/Po%C4%8D%C3%ADta%C4%8Dov%C3%A1-kriminalita-a-prevencia-v-praxi-samospr%C3%A1vy.png?fit=940%2C788&ssl=1&resize=525%2C300 1.5x, https:\/\/i0.wp.com\/preventista.sk\/info\/wp-content\/uploads\/2020\/09\/Po%C4%8D%C3%ADta%C4%8Dov%C3%A1-kriminalita-a-prevencia-v-praxi-samospr%C3%A1vy.png?fit=940%2C788&ssl=1&resize=700%2C400 2x"},"classes":[]},{"id":4359,"url":"https:\/\/preventista.sk\/info\/na-gymnaziu-v-sahach-to-myslia-stale-vazne\/","url_meta":{"origin":1170,"position":5},"title":"Na Gymn\u00e1ziu v \u0160ah\u00e1ch to myslia st\u00e1le v\u00e1\u017ene &#8230;..","author":"Redakcia","date":"20. marca 2021","format":false,"excerpt":"\u00daspe\u0161n\u00fd projekt prevencie po\u010d\u00edta\u010dovej kriminality pri realiz\u00e1ci\u00ed ktor\u00e9ho sme st\u00e1li aj my pod n\u00e1zvom Zdie\u013eaj bezpe\u010dne a zodpovedne nepochybne polo\u017eil z\u00e1klady rozvoju prevent\u00edvnych aktiv\u00edt. Jednou z posledn\u00fdch, ktor\u00e1 zaujala aj n\u00e1s je venovanie sa t\u00e9me HOAXov formou s\u00fa\u0165a\u017ee zameranej na n\u00e1vrh plag\u00e1tov. P\u00fdtate sa kde tak\u00fdto zauj\u00edmav\u00fd projekt funguje dlhobodo?\u00a0\u2026","rel":"","context":"V &quot;Zaujalo n\u00e1s&quot;","block_context":{"text":"Zaujalo n\u00e1s","link":"https:\/\/preventista.sk\/info\/category\/skusenosti\/zaujalo\/"},"img":{"alt_text":"","src":"https:\/\/i0.wp.com\/preventista.sk\/info\/wp-content\/uploads\/2021\/03\/Hoax_jessica_horvathova.png?resize=350%2C200&ssl=1","width":350,"height":200},"classes":[]}],"_links":{"self":[{"href":"https:\/\/preventista.sk\/info\/wp-json\/wp\/v2\/posts\/1170","targetHints":{"allow":["GET"]}}],"collection":[{"href":"https:\/\/preventista.sk\/info\/wp-json\/wp\/v2\/posts"}],"about":[{"href":"https:\/\/preventista.sk\/info\/wp-json\/wp\/v2\/types\/post"}],"author":[{"embeddable":true,"href":"https:\/\/preventista.sk\/info\/wp-json\/wp\/v2\/users\/2"}],"replies":[{"embeddable":true,"href":"https:\/\/preventista.sk\/info\/wp-json\/wp\/v2\/comments?post=1170"}],"version-history":[{"count":17,"href":"https:\/\/preventista.sk\/info\/wp-json\/wp\/v2\/posts\/1170\/revisions"}],"predecessor-version":[{"id":1963,"href":"https:\/\/preventista.sk\/info\/wp-json\/wp\/v2\/posts\/1170\/revisions\/1963"}],"wp:featuredmedia":[{"embeddable":true,"href":"https:\/\/preventista.sk\/info\/wp-json\/wp\/v2\/media\/1960"}],"wp:attachment":[{"href":"https:\/\/preventista.sk\/info\/wp-json\/wp\/v2\/media?parent=1170"}],"wp:term":[{"taxonomy":"category","embeddable":true,"href":"https:\/\/preventista.sk\/info\/wp-json\/wp\/v2\/categories?post=1170"},{"taxonomy":"post_tag","embeddable":true,"href":"https:\/\/preventista.sk\/info\/wp-json\/wp\/v2\/tags?post=1170"}],"curies":[{"name":"wp","href":"https:\/\/api.w.org\/{rel}","templated":true}]}}