{"id":1244,"date":"2013-09-01T16:02:07","date_gmt":"2013-09-01T14:02:07","guid":{"rendered":"http:\/\/preventista.sk\/info\/?p=1244"},"modified":"2014-02-04T10:11:54","modified_gmt":"2014-02-04T09:11:54","slug":"prevencia-kam-kracas","status":"publish","type":"post","link":"https:\/\/preventista.sk\/info\/prevencia-kam-kracas\/","title":{"rendered":"Prevencia kam kr\u00e1\u010da\u0161&#8230;?"},"content":{"rendered":"<p style=\"text-align: justify;\">Nieko\u013ekoro\u010dn\u00e9 p\u00f4sobenie v\u00a0oblasti prevencie, predn\u00e1\u0161kov\u00e9 turn\u00e9 medzi u\u010dite\u013emi po celom Slovensku, debaty s\u00a0u\u010dite\u013emi v\u00a0r\u00e1mci predn\u00e1\u0161ok na \u0161kol\u00e1ch a\u00a0workshopov, v\u00fdmeny n\u00e1zorov v\u00a0diskusn\u00fdch skupin\u00e1ch vyprofilovali rad poznatkov z\u00a0oblasti fungovania prevencie a\u00a0zvl\u00e1s\u0165 v\u00a0oblasti prevencie IT kriminality a\u00a0informa\u010dnej bezpe\u010dnosti.<\/p>\n<p>&nbsp;<\/p>\n<p><b>Sk\u00fasim \u00a0zhrn\u00fa\u0165 nieko\u013eko z\u00e1kladn\u00fdch probl\u00e9mov o\u00a0ktor\u00fdch sa d\u00e1 rozp\u00fata\u0165 ur\u010dite ve\u013emi dlh\u00e1 diskusia:<\/b><\/p>\n<ul>\n<li>nedostato\u010dn\u00e1 \u00farove\u0148 znalost\u00ed zo strany pedag\u00f3gov<\/li>\n<li>n\u00edzka (mierne sa zlep\u0161uj\u00faca) \u00farove\u0148 z\u00e1kladn\u00fdch princ\u00edpov prevent\u00edvneho spr\u00e1vania zo strany \u0161tudentov\/\u017eiakov<\/li>\n<li>problematick\u00e1 spolupr\u00e1ca s\u00a0rodi\u010dmi \u010dasto limitovan\u00e1 limitovan\u00fdmi znalos\u0165ami rodi\u010dov o\u00a0t\u00e9me<\/li>\n<li>diskutabiln\u00e1 podpora zo strany zria\u010fovate\u013eov<\/li>\n<li>nedostatok koncep\u010dn\u00fdch materi\u00e1lov<\/li>\n<li style=\"text-align: justify;\">nedostato\u010dn\u00e9 materi\u00e1lne (finan\u010dn\u00e9) zabezpe\u010denie pre realiz\u00e1ciu aktiv\u00edt zameran\u00fdch na prevenciu<\/li>\n<\/ul>\n<p>&nbsp;<\/p>\n<p style=\"text-align: justify;\">V\u00a0r\u00e1mci pr\u00edprav na konferenciu TEDx Ko\u0161ice sme zorganizovali prieskum medzi preventistami na \u0161kol\u00e1ch. V\u00fdsledky ur\u010dite nemo\u017eno poklada\u0165 za reprezentat\u00edvne, ale pouk\u00e1zali n\u00e1 z\u00e1kladn\u00e9 tenden\u010dn\u00e9 probl\u00e9my, ktor\u00e9 nazna\u010duj\u00fa ak\u00fdm smerom by sa mal ubera\u0165 \u010fal\u0161\u00ed v\u00fdvoj prevencie. Nasleduj\u00face grafy hovoria sami za seba.<\/p>\n<p>&nbsp;<\/p>\n<p><a href=\"https:\/\/i0.wp.com\/preventista.sk\/info\/wp-content\/uploads\/2013\/09\/prieskum_TEDx.png?ssl=1\"><img data-recalc-dims=\"1\" loading=\"lazy\" decoding=\"async\" alt=\"prieskum_TEDx\" src=\"https:\/\/i0.wp.com\/preventista.sk\/info\/wp-content\/uploads\/2013\/09\/prieskum_TEDx.png?resize=563%2C428&#038;ssl=1\" width=\"563\" height=\"428\" \/><\/a><\/p>\n<p>&nbsp;<\/p>\n<p style=\"text-align: justify;\">Dlhodobo indikovan\u00fdm probl\u00e9mom je n\u00edzka podpora zo strany zria\u010fovate\u013eov. \u00a0Preventisti na \u0161kol\u00e1ch identifikuj\u00fa podporu v\u00a0tejto oblasti prevencie ako silne nedostato\u010dn\u00fa. Aktivity poriadan\u00e9 pre zvy\u0161ovanie kvalifikovanosti pedag\u00f3gov resp. pre \u017eiakov s\u00fa zo strany zria\u010fovate\u013eov v\u00e4\u010d\u0161inou \u017eiveln\u00e9, n\u00e1hodn\u00e9 a\u00a0z\u00a0poh\u013eadu po\u010dtu ich v\u00fdskytov v\u00a0celoslovenskom meradle sk\u00f4r ojedinel\u00e9.<\/p>\n<p style=\"padding-left: 30px;\">\u00a0<a href=\"https:\/\/i0.wp.com\/preventista.sk\/info\/wp-content\/uploads\/2013\/09\/prieskum_TEDx_zriadovatel.png?ssl=1\"><img data-recalc-dims=\"1\" loading=\"lazy\" decoding=\"async\" data-attachment-id=\"1247\" data-permalink=\"https:\/\/preventista.sk\/info\/prevencia-kam-kracas\/prieskum_tedx_zriadovatel\/\" data-orig-file=\"https:\/\/i0.wp.com\/preventista.sk\/info\/wp-content\/uploads\/2013\/09\/prieskum_TEDx_zriadovatel.png?fit=601%2C239&amp;ssl=1\" data-orig-size=\"601,239\" data-comments-opened=\"1\" data-image-meta=\"{&quot;aperture&quot;:&quot;0&quot;,&quot;credit&quot;:&quot;&quot;,&quot;camera&quot;:&quot;&quot;,&quot;caption&quot;:&quot;&quot;,&quot;created_timestamp&quot;:&quot;0&quot;,&quot;copyright&quot;:&quot;&quot;,&quot;focal_length&quot;:&quot;0&quot;,&quot;iso&quot;:&quot;0&quot;,&quot;shutter_speed&quot;:&quot;0&quot;,&quot;title&quot;:&quot;&quot;}\" data-image-title=\"prieskum_TEDx_zriadovatel\" data-image-description=\"\" data-image-caption=\"\" data-large-file=\"https:\/\/i0.wp.com\/preventista.sk\/info\/wp-content\/uploads\/2013\/09\/prieskum_TEDx_zriadovatel.png?fit=601%2C239&amp;ssl=1\" class=\"alignnone size-full wp-image-1247\" alt=\"prieskum_TEDx_zriadovatel\" src=\"https:\/\/i0.wp.com\/preventista.sk\/info\/wp-content\/uploads\/2013\/09\/prieskum_TEDx_zriadovatel.png?resize=601%2C239&#038;ssl=1\" width=\"601\" height=\"239\" srcset=\"https:\/\/i0.wp.com\/preventista.sk\/info\/wp-content\/uploads\/2013\/09\/prieskum_TEDx_zriadovatel.png?w=601&amp;ssl=1 601w, https:\/\/i0.wp.com\/preventista.sk\/info\/wp-content\/uploads\/2013\/09\/prieskum_TEDx_zriadovatel.png?resize=150%2C59&amp;ssl=1 150w, https:\/\/i0.wp.com\/preventista.sk\/info\/wp-content\/uploads\/2013\/09\/prieskum_TEDx_zriadovatel.png?resize=300%2C119&amp;ssl=1 300w\" sizes=\"auto, (max-width: 601px) 100vw, 601px\" \/><\/a><\/p>\n<p style=\"padding-left: 30px;\"><i>Graf: Hodnotenie podpory zo strany zria\u010fovate\u013ea\u00a0\u00a0 (1=\u017eiadna, 5=vynikaj\u00faca)<\/i><\/p>\n<p>&nbsp;<\/p>\n<p style=\"text-align: justify; padding-left: 60px;\">Len pre ilustr\u00e1ciu \u2013 v\u00a0prieskume Samospr\u00e1va 2011 realizovanom v\u00a0r\u00e1mci samospr\u00e1v bola identifikovan\u00e1 podpora vo\u010di \u0161kol\u00e1m nasledovne:<\/p>\n<h3 style=\"padding-left: 60px;\"><a href=\"https:\/\/i0.wp.com\/preventista.sk\/info\/wp-content\/uploads\/2013\/09\/prieskum_SAMO2011_prevencia.png?ssl=1\"><img data-recalc-dims=\"1\" loading=\"lazy\" decoding=\"async\" data-attachment-id=\"1248\" data-permalink=\"https:\/\/preventista.sk\/info\/prevencia-kam-kracas\/prieskum_samo2011_prevencia\/\" data-orig-file=\"https:\/\/i0.wp.com\/preventista.sk\/info\/wp-content\/uploads\/2013\/09\/prieskum_SAMO2011_prevencia.png?fit=464%2C265&amp;ssl=1\" data-orig-size=\"464,265\" data-comments-opened=\"1\" data-image-meta=\"{&quot;aperture&quot;:&quot;0&quot;,&quot;credit&quot;:&quot;&quot;,&quot;camera&quot;:&quot;&quot;,&quot;caption&quot;:&quot;&quot;,&quot;created_timestamp&quot;:&quot;0&quot;,&quot;copyright&quot;:&quot;&quot;,&quot;focal_length&quot;:&quot;0&quot;,&quot;iso&quot;:&quot;0&quot;,&quot;shutter_speed&quot;:&quot;0&quot;,&quot;title&quot;:&quot;&quot;}\" data-image-title=\"prieskum_SAMO2011_prevencia\" data-image-description=\"\" data-image-caption=\"\" data-large-file=\"https:\/\/i0.wp.com\/preventista.sk\/info\/wp-content\/uploads\/2013\/09\/prieskum_SAMO2011_prevencia.png?fit=464%2C265&amp;ssl=1\" class=\"alignnone size-full wp-image-1248\" alt=\"prieskum_SAMO2011_prevencia\" src=\"https:\/\/i0.wp.com\/preventista.sk\/info\/wp-content\/uploads\/2013\/09\/prieskum_SAMO2011_prevencia.png?resize=464%2C265&#038;ssl=1\" width=\"464\" height=\"265\" srcset=\"https:\/\/i0.wp.com\/preventista.sk\/info\/wp-content\/uploads\/2013\/09\/prieskum_SAMO2011_prevencia.png?w=464&amp;ssl=1 464w, https:\/\/i0.wp.com\/preventista.sk\/info\/wp-content\/uploads\/2013\/09\/prieskum_SAMO2011_prevencia.png?resize=150%2C85&amp;ssl=1 150w, https:\/\/i0.wp.com\/preventista.sk\/info\/wp-content\/uploads\/2013\/09\/prieskum_SAMO2011_prevencia.png?resize=300%2C171&amp;ssl=1 300w\" sizes=\"auto, (max-width: 464px) 100vw, 464px\" \/><\/a><\/h3>\n<p style=\"padding-left: 60px;\"><i>Graf:\u00a0\u00a0 Podpora prevencie zo strany samospr\u00e1v <\/i><i>(prieskum Samospr\u00e1va 2011, Info consult)<\/i><\/p>\n<p>&nbsp;<\/p>\n<p>Zauj\u00edmav\u00fd je n\u00e1zor na ot\u00e1zku koncep\u010dnosti\u00a0\u00a0 prevencie IT kriminality v\u00a0\u0161kolstve (vzdel\u00e1van\u00ed):<\/p>\n<p style=\"padding-left: 30px;\"><strong>13%<\/strong>\u00a0 respondentov ju hodnot\u00ed <strong>ako koncep\u010dn\u00fa a\u00a0riaden\u00fa<\/strong><\/p>\n<p style=\"padding-left: 30px;\"><strong>83%<\/strong> respondentov <strong>ako \u017eiveln\u00fa<\/strong><\/p>\n<p>&nbsp;<\/p>\n<p>Uveden\u00fd prieskum dal aj rad zauj\u00edmav\u00fdch n\u00e1metov na zlep\u0161enie spolupr\u00e1ce \u2013 p\u00e1r citovan\u00fdch n\u00e1zorov:<\/p>\n<ul>\n<li style=\"text-align: justify;\"><em>\u0161kolenie pre u\u010dite\u013eov firmou, ktor\u00e1 sa v problematike vyzn\u00e1 &#8211; aspo\u0148 raz do roka na plen\u00e1rnych rodi\u010dovsk\u00fdch nadhodi\u0165 t\u00e9mu prevencie IKT odporu\u010di\u0165 u\u010dite\u013eom aj rodi\u010dom pravidelne sledova\u0165 str\u00e1nky, ktor\u00e9 sa t\u00e9me prevencie venuj\u00fa &#8211; vo vlastnostnom z\u00e1ujme<\/em><\/li>\n<li style=\"text-align: justify;\"><em>podpora pri organizovani seminarov pre rodicov a ich deti<\/em><\/li>\n<li><em>viem si predstavi\u0165, \u017eeby zria\u010fovate\u013e podporoval, resp. aj organizoval stretnutie ob\u010danov, rodi\u010dov s\u00a0preventistami<\/em><\/li>\n<li style=\"text-align: justify;\"><em>mohli by by\u0165 semin\u00e1re a workshopy pre pedag\u00f3gov, pr\u00edpadne by bolo dobr\u00e9, keby zria\u010fovate\u013e v spolupr\u00e1ci s niek\u00fdm (mysl\u00edm t\u00fdm napr. organiz\u00e1ciu zaoberaj\u00facu sa problematikou kyber\u0161ikanovania, prevencie IT kriminality) kto sa vyzn\u00e1 v tejto oblasti, vytvorili metodiku, dokument, av\u0161ak s praktick\u00fdmi radami, a nie zbyto\u010dnou te\u00f3riou<\/em><\/li>\n<li style=\"text-align: justify;\"><em>u verejnosti \u0161irok\u00e1 osveta, v \u0161kole vzdel\u00e1vanie a v\u0161\u00edmavos\u0165, pri konkr\u00e9tnych preuk\u00e1zan\u00fdch pr\u00edpadoch pr\u00edsne postihy, pri opakovan\u00fdch aj trestn\u00e9<\/em><\/li>\n<li>a rad \u010fal\u0161\u00edch n\u00e1zorov<\/li>\n<\/ul>\n<p>&nbsp;<\/p>\n<p>Mo\u017eno zauj\u00edmav\u00e9 n\u00e1zory pre kompetent\u00fdch v\u00a0samospr\u00e1vach ako n\u00e1met pre zah\u00e1jenie diskusie na t\u00e9mu <b>\u201eAko \u010falej..\u201c<\/b><\/p>\n<p>&nbsp;<\/p>\n<p><em>Ak\u00fd je V\u00e1\u0161 n\u00e1zor na t\u00fato t\u00e9mu?\u00a0\u00a0 Pode\u013ete sa o\u0148 v\u00a0r\u00e1mci diskusie.<\/em><\/p>\n<p>&nbsp;<\/p>\n<p><a href=\"https:\/\/i0.wp.com\/preventista.sk\/info\/wp-content\/uploads\/2013\/08\/podpis.png?ssl=1\"><img data-recalc-dims=\"1\" loading=\"lazy\" decoding=\"async\" data-attachment-id=\"1031\" data-permalink=\"https:\/\/preventista.sk\/info\/3-najcastejsie-otazky\/podpis\/\" data-orig-file=\"https:\/\/i0.wp.com\/preventista.sk\/info\/wp-content\/uploads\/2013\/08\/podpis.png?fit=1170%2C860&amp;ssl=1\" data-orig-size=\"1170,860\" data-comments-opened=\"1\" data-image-meta=\"{&quot;aperture&quot;:&quot;0&quot;,&quot;credit&quot;:&quot;&quot;,&quot;camera&quot;:&quot;&quot;,&quot;caption&quot;:&quot;&quot;,&quot;created_timestamp&quot;:&quot;0&quot;,&quot;copyright&quot;:&quot;&quot;,&quot;focal_length&quot;:&quot;0&quot;,&quot;iso&quot;:&quot;0&quot;,&quot;shutter_speed&quot;:&quot;0&quot;,&quot;title&quot;:&quot;&quot;}\" data-image-title=\"podpis\" data-image-description=\"\" data-image-caption=\"\" data-large-file=\"https:\/\/i0.wp.com\/preventista.sk\/info\/wp-content\/uploads\/2013\/08\/podpis.png?fit=1024%2C752&amp;ssl=1\" class=\"alignnone size-medium wp-image-1031\" alt=\"podpis\" src=\"https:\/\/i0.wp.com\/preventista.sk\/info\/wp-content\/uploads\/2013\/08\/podpis.png?resize=300%2C220&#038;ssl=1\" width=\"300\" height=\"220\" srcset=\"https:\/\/i0.wp.com\/preventista.sk\/info\/wp-content\/uploads\/2013\/08\/podpis.png?resize=300%2C220&amp;ssl=1 300w, https:\/\/i0.wp.com\/preventista.sk\/info\/wp-content\/uploads\/2013\/08\/podpis.png?resize=150%2C110&amp;ssl=1 150w, https:\/\/i0.wp.com\/preventista.sk\/info\/wp-content\/uploads\/2013\/08\/podpis.png?resize=1024%2C752&amp;ssl=1 1024w, https:\/\/i0.wp.com\/preventista.sk\/info\/wp-content\/uploads\/2013\/08\/podpis.png?w=1170&amp;ssl=1 1170w\" sizes=\"auto, (max-width: 300px) 100vw, 300px\" \/><\/a><\/p>\n<p>&nbsp;<\/p>\n","protected":false},"excerpt":{"rendered":"<p>Nieko\u013ekoro\u010dn\u00e9 p\u00f4sobenie v\u00a0oblasti prevencie, predn\u00e1\u0161kov\u00e9 turn\u00e9 medzi u\u010dite\u013emi po celom Slovensku, debaty s\u00a0u\u010dite\u013emi v\u00a0r\u00e1mci predn\u00e1\u0161ok na \u0161kol\u00e1ch a\u00a0workshopov, v\u00fdmeny n\u00e1zorov v\u00a0diskusn\u00fdch skupin\u00e1ch vyprofilovali rad poznatkov z\u00a0oblasti fungovania prevencie a\u00a0zvl\u00e1s\u0165 v\u00a0oblasti prevencie IT kriminality a\u00a0informa\u010dnej bezpe\u010dnosti. &nbsp; Sk\u00fasim \u00a0zhrn\u00fa\u0165 nieko\u013eko z\u00e1kladn\u00fdch probl\u00e9mov o\u00a0ktor\u00fdch sa d\u00e1 rozp\u00fata\u0165 ur\u010dite ve\u013emi dlh\u00e1 diskusia: nedostato\u010dn\u00e1 \u00farove\u0148 znalost\u00ed zo strany pedag\u00f3gov [&hellip;]<\/p>\n","protected":false},"author":2,"featured_media":1917,"comment_status":"open","ping_status":"open","sticky":false,"template":"","format":"standard","meta":{"jetpack_post_was_ever_published":false,"_jetpack_newsletter_access":"","_jetpack_dont_email_post_to_subs":false,"_jetpack_newsletter_tier_id":0,"_jetpack_memberships_contains_paywalled_content":false,"_jetpack_memberships_contains_paid_content":false,"footnotes":""},"categories":[61],"tags":[23,51,52],"class_list":["post-1244","post","type-post","status-publish","format-standard","has-post-thumbnail","hentry","category-prevencia","tag-it-kriminalita","tag-prevencia-it-kriminality","tag-skola"],"aioseo_notices":[],"jetpack_featured_media_url":"https:\/\/i0.wp.com\/preventista.sk\/info\/wp-content\/uploads\/2013\/03\/PreventistaSK.jpg?fit=700%2C400&ssl=1","jetpack_sharing_enabled":true,"jetpack-related-posts":[{"id":2687,"url":"https:\/\/preventista.sk\/info\/prevencia-v-oblasti-it-kriminality-skusenosti-zo-skolskeho-prostredia\/","url_meta":{"origin":1244,"position":0},"title":"Prevencia v oblasti IT kriminality \u2013 sk\u00fasenosti zo \u0161kolsk\u00e9ho prostredia","author":"J. Oster","date":"13. j\u00fala 2015","format":false,"excerpt":"Praktick\u00e1 realiz\u00e1cia r\u00f4znych foriem prevencie so zameran\u00edm najm\u00e4 na t\u00e9my informa\u010dnej bezpe\u010dnosti a\u00a0prevencie IT kriminality ur\u010dite nie je jednoduch\u00e1. Nie je jednoduch\u00e1 ani v\u00a0komer\u010dnom sektore, ale v\u00a0sektore \u0161kolstva u\u017e v\u00f4bec nie. Argumenty vzn\u00e1\u0161an\u00e9 po\u010das nez\u00e1visl\u00fdch deb\u00e1t v\u00a0r\u00e1mci aktiv\u00edt na \u0161kol\u00e1ch, \u010di r\u00f4znych vzdel\u00e1vac\u00edch workshopoch pre pedag\u00f3gov potvrdzuj\u00fa nieko\u013eko z\u00e1kladn\u00fdch probl\u00e9mov:\u2026","rel":"","context":"V &quot;IT kriminalita&quot;","block_context":{"text":"IT kriminalita","link":"https:\/\/preventista.sk\/info\/category\/prevencia\/itkrim\/"},"img":{"alt_text":"","src":"https:\/\/i0.wp.com\/preventista.sk\/info\/wp-content\/uploads\/2015\/07\/prevencia-%C5%A1kola1.png?fit=700%2C400&ssl=1&resize=350%2C200","width":350,"height":200,"srcset":"https:\/\/i0.wp.com\/preventista.sk\/info\/wp-content\/uploads\/2015\/07\/prevencia-%C5%A1kola1.png?fit=700%2C400&ssl=1&resize=350%2C200 1x, https:\/\/i0.wp.com\/preventista.sk\/info\/wp-content\/uploads\/2015\/07\/prevencia-%C5%A1kola1.png?fit=700%2C400&ssl=1&resize=525%2C300 1.5x, https:\/\/i0.wp.com\/preventista.sk\/info\/wp-content\/uploads\/2015\/07\/prevencia-%C5%A1kola1.png?fit=700%2C400&ssl=1&resize=700%2C400 2x"},"classes":[]},{"id":3703,"url":"https:\/\/preventista.sk\/info\/prieskum-2020-vzdelavanie-v-oblasti-bezpecnosti-it-a-prevencia-it-kriminality\/","url_meta":{"origin":1244,"position":1},"title":"PRIESKUM 2020: Vzdel\u00e1vanie v oblasti bezpe\u010dnosti IT a prevencia IT kriminality&#8230;.","author":"Redakcia","date":"4. marca 2020","format":false,"excerpt":"V\u00e1\u017een\u00ed pedag\u00f3govia. V r\u00e1mci na\u0161i aktiv\u00edt a predn\u00e1\u0161ok k t\u00e9mam vzdel\u00e1vanie IT bezpe\u010dnosti a prevencie IT kriminality \u0161tandardne stret\u00e1vate porovn\u00e1vacie prieskumy zameran\u00e9 na identifik\u00e1ciu v\u00fdvoja tejto problematiky z dlhodob\u00e9ho h\u013eadiska. Zistenia prezentovan\u00e9 v r\u00e1mci semin\u00e1rov s\u00fa v\u017edy predmetom zauj\u00edmavej diskusie. \u010cerp\u00e1me zo sk\u00fasenost\u00ed zo spolupr\u00e1ce so \u0161kolami i u\u010dite\u013emi ako\u2026","rel":"","context":"V &quot;Prieskumy&quot;","block_context":{"text":"Prieskumy","link":"https:\/\/preventista.sk\/info\/category\/skusenosti\/prieskumy\/"},"img":{"alt_text":"prieskum","src":"https:\/\/i0.wp.com\/preventista.sk\/info\/wp-content\/uploads\/2012\/05\/Prieskum.jpg?fit=700%2C400&ssl=1&resize=350%2C200","width":350,"height":200,"srcset":"https:\/\/i0.wp.com\/preventista.sk\/info\/wp-content\/uploads\/2012\/05\/Prieskum.jpg?fit=700%2C400&ssl=1&resize=350%2C200 1x, https:\/\/i0.wp.com\/preventista.sk\/info\/wp-content\/uploads\/2012\/05\/Prieskum.jpg?fit=700%2C400&ssl=1&resize=525%2C300 1.5x, https:\/\/i0.wp.com\/preventista.sk\/info\/wp-content\/uploads\/2012\/05\/Prieskum.jpg?fit=700%2C400&ssl=1&resize=700%2C400 2x"},"classes":[]},{"id":4830,"url":"https:\/\/preventista.sk\/info\/skusenosti-s-prevenciou-kriminality-na-urovni-samospravy\/","url_meta":{"origin":1244,"position":2},"title":"Sk\u00fasenosti s prevenciou kriminality na \u00farovni samospr\u00e1vy","author":"J. Oster","date":"29. apr\u00edla 2022","format":false,"excerpt":"... m\u00f4\u017ee samospr\u00e1va efekt\u00edvne p\u00f4sobi\u0165 v oblasti prevencie kriminality a by\u0165 dobr\u00fdm partnerom \u0161kol\u00e1m v ich prevent\u00edvnom p\u00f4soben\u00ed? \u00c1no m\u00f4\u017ee, dokonca efekt\u00edvne. zdroj: canva.com Pre sk\u00fasenosti sa obzrime cca. 10 - 11 rokov kedy to za\u010dalo .... vtedy prv\u00fdkr\u00e1t koordinovane v lokalite, kde nesk\u00f4r vzniklo aj na\u0161e ob\u010dianske zdru\u017eenie Preventista\u2026","rel":"","context":"V &quot;Prevencia&quot;","block_context":{"text":"Prevencia","link":"https:\/\/preventista.sk\/info\/category\/prevencia\/"},"img":{"alt_text":"","src":"https:\/\/i0.wp.com\/preventista.sk\/info\/wp-content\/uploads\/2022\/04\/prevencia-2022.png?resize=350%2C200&ssl=1","width":350,"height":200,"srcset":"https:\/\/i0.wp.com\/preventista.sk\/info\/wp-content\/uploads\/2022\/04\/prevencia-2022.png?resize=350%2C200&ssl=1 1x, https:\/\/i0.wp.com\/preventista.sk\/info\/wp-content\/uploads\/2022\/04\/prevencia-2022.png?resize=525%2C300&ssl=1 1.5x, https:\/\/i0.wp.com\/preventista.sk\/info\/wp-content\/uploads\/2022\/04\/prevencia-2022.png?resize=700%2C400&ssl=1 2x"},"classes":[]},{"id":3411,"url":"https:\/\/preventista.sk\/info\/pocitacova-internetova-kriminalita-a-jej-prevencia-v-skolskom-prostredi\/","url_meta":{"origin":1244,"position":3},"title":"Po\u010d\u00edta\u010dov\u00e1 (internetov\u00e1) kriminalita a jej prevencia v \u0161kolskom prostred\u00ed","author":"J. Oster","date":"5. marca 2017","format":false,"excerpt":"T\u00e9mu po\u010d\u00edta\u010dovej (internetovej) kriminality mo\u017eno pribl\u00ed\u017ei\u0165 z\u00a0viacer\u00fdch uhlov poh\u013eadu \u2013 technologick\u00e9ho, kriminologick\u00e9ho, mor\u00e1lneho, pr\u00e1vneho \u010di z\u00a0poh\u013eadu prevencie. S\u00a0probl\u00e9mami vyu\u017e\u00edvania po\u010d\u00edta\u010dov\u00fdch technol\u00f3gi\u00ed najm\u00e4 od obdobia mas\u00edvneho n\u00e1rastu vyu\u017e\u00edvania internetu sa stret\u00e1vaj\u00fa v\u00a0princ\u00edpe v\u0161etci, \u0161kolsk\u00fd sektor nevyn\u00edmaj\u00fac. Pr\u00e1ve \u0161kolsk\u00fd sektor sa v\u0161ak pot\u00fdka pri rie\u0161en\u00ed tejto problematiky s\u00a0radom probl\u00e9mov, po\u010d\u00ednaj\u00fac vedomostnou \u00farov\u0148ou,\u2026","rel":"","context":"V &quot;IT kriminalita&quot;","block_context":{"text":"IT kriminalita","link":"https:\/\/preventista.sk\/info\/category\/prevencia\/itkrim\/"},"img":{"alt_text":"pocitacova kriminalita","src":"https:\/\/i0.wp.com\/preventista.sk\/info\/wp-content\/uploads\/2017\/03\/pocitacova-kriminalita.png?fit=800%2C400&ssl=1&resize=350%2C200","width":350,"height":200,"srcset":"https:\/\/i0.wp.com\/preventista.sk\/info\/wp-content\/uploads\/2017\/03\/pocitacova-kriminalita.png?fit=800%2C400&ssl=1&resize=350%2C200 1x, https:\/\/i0.wp.com\/preventista.sk\/info\/wp-content\/uploads\/2017\/03\/pocitacova-kriminalita.png?fit=800%2C400&ssl=1&resize=525%2C300 1.5x, https:\/\/i0.wp.com\/preventista.sk\/info\/wp-content\/uploads\/2017\/03\/pocitacova-kriminalita.png?fit=800%2C400&ssl=1&resize=700%2C400 2x"},"classes":[]},{"id":4403,"url":"https:\/\/preventista.sk\/info\/prevencia-pocitacovej-kriminality-a-jej-vyuzitie-v-praci-s-mladezou\/","url_meta":{"origin":1244,"position":4},"title":"Prevencia po\u010d\u00edta\u010dovej kriminality a jej vyu\u017eitie v pr\u00e1ci s ml\u00e1de\u017eou","author":"Redakcia","date":"6. apr\u00edla 2021","format":false,"excerpt":"Vzdel\u00e1vanie, z\u00e1bava, stret\u00e1vanie sa s\u00a0priate\u013emi, aj pr\u00e1ca, \u010di h\u013eadanie zamestnania, to v\u0161etko sa aj pre deti a\u00a0mlad\u00fdch \u013eud\u00ed presunulo v\u00a0uplynul\u00fdch dvan\u00e1stich mesiacoch do virtu\u00e1lneho prostredia. Ohromn\u00e9 skoky v\u00a0technick\u00fdch aj technologick\u00fdch kompetenci\u00e1ch je nevyhnutn\u00e9 dop\u013a\u0148a\u0165 aj zvy\u0161ovan\u00edm kompetenci\u00ed v\u00a0oblasti prevencie bezpe\u010dnosti v\u00a0online priestore. Vypo\u010duli sme hlas pracovn\u00edkov a\u00a0pracovn\u00ed\u010dok s\u00a0ml\u00e1de\u017eou, \u010di \u010fal\u0161\u00edch\u2026","rel":"","context":"V &quot;Prevencia&quot;","block_context":{"text":"Prevencia","link":"https:\/\/preventista.sk\/info\/category\/prevencia\/"},"img":{"alt_text":"","src":"https:\/\/i0.wp.com\/preventista.sk\/info\/wp-content\/uploads\/2021\/01\/IUVENTA_logo_PNG-e1610132456341.png?resize=350%2C200","width":350,"height":200},"classes":[]},{"id":7,"url":"https:\/\/preventista.sk\/info\/prevencia-it-kriminality-v-skole\/","url_meta":{"origin":1244,"position":5},"title":"Prevencia IT kriminality a jej miesto v \u0161kole","author":"J. Oster","date":"19. j\u00fala 2013","format":false,"excerpt":"Prevencia IT kriminality? Chym\u00e9ra alebo re\u00e1lna po\u017eiadavka doby.... patr\u00ed do \u0161k\u00f4l ako s\u00fa\u010das\u0165 informatick\u00e9ho vzdel\u00e1vania? V\u00a0ktorom veku by sa mali za\u010da\u0165 deti oboznamova\u0165 so z\u00e1kladn\u00fdmi inform\u00e1ciami s\u00favisiacimi so z\u00e1kladn\u00fdmi poznatkami bezpe\u010dnosti virtu\u00e1lneho sveta? \u00a0 Diskusie o\u00a0tom v\u00a0ktorom veku by sa mali a\u00a0akou formou za\u010da\u0165 oboznamova\u0165 s\u00a0problematikou z\u00e1kladov bezpe\u010dn\u00e9ho spr\u00e1vania pri\u2026","rel":"","context":"V &quot;IT kriminalita&quot;","block_context":{"text":"IT kriminalita","link":"https:\/\/preventista.sk\/info\/category\/prevencia\/itkrim\/"},"img":{"alt_text":"Computers","src":"https:\/\/i0.wp.com\/preventista.sk\/info\/wp-content\/uploads\/2013\/07\/computers.jpg?fit=700%2C400&ssl=1&resize=350%2C200","width":350,"height":200,"srcset":"https:\/\/i0.wp.com\/preventista.sk\/info\/wp-content\/uploads\/2013\/07\/computers.jpg?fit=700%2C400&ssl=1&resize=350%2C200 1x, https:\/\/i0.wp.com\/preventista.sk\/info\/wp-content\/uploads\/2013\/07\/computers.jpg?fit=700%2C400&ssl=1&resize=525%2C300 1.5x, https:\/\/i0.wp.com\/preventista.sk\/info\/wp-content\/uploads\/2013\/07\/computers.jpg?fit=700%2C400&ssl=1&resize=700%2C400 2x"},"classes":[]}],"_links":{"self":[{"href":"https:\/\/preventista.sk\/info\/wp-json\/wp\/v2\/posts\/1244","targetHints":{"allow":["GET"]}}],"collection":[{"href":"https:\/\/preventista.sk\/info\/wp-json\/wp\/v2\/posts"}],"about":[{"href":"https:\/\/preventista.sk\/info\/wp-json\/wp\/v2\/types\/post"}],"author":[{"embeddable":true,"href":"https:\/\/preventista.sk\/info\/wp-json\/wp\/v2\/users\/2"}],"replies":[{"embeddable":true,"href":"https:\/\/preventista.sk\/info\/wp-json\/wp\/v2\/comments?post=1244"}],"version-history":[{"count":10,"href":"https:\/\/preventista.sk\/info\/wp-json\/wp\/v2\/posts\/1244\/revisions"}],"predecessor-version":[{"id":1255,"href":"https:\/\/preventista.sk\/info\/wp-json\/wp\/v2\/posts\/1244\/revisions\/1255"}],"wp:featuredmedia":[{"embeddable":true,"href":"https:\/\/preventista.sk\/info\/wp-json\/wp\/v2\/media\/1917"}],"wp:attachment":[{"href":"https:\/\/preventista.sk\/info\/wp-json\/wp\/v2\/media?parent=1244"}],"wp:term":[{"taxonomy":"category","embeddable":true,"href":"https:\/\/preventista.sk\/info\/wp-json\/wp\/v2\/categories?post=1244"},{"taxonomy":"post_tag","embeddable":true,"href":"https:\/\/preventista.sk\/info\/wp-json\/wp\/v2\/tags?post=1244"}],"curies":[{"name":"wp","href":"https:\/\/api.w.org\/{rel}","templated":true}]}}