{"id":1260,"date":"2013-09-04T08:00:50","date_gmt":"2013-09-04T06:00:50","guid":{"rendered":"http:\/\/preventista.sk\/info\/?p=1260"},"modified":"2015-08-15T11:08:40","modified_gmt":"2015-08-15T09:08:40","slug":"kybersikana-cz-titulky","status":"publish","type":"post","link":"https:\/\/preventista.sk\/info\/kybersikana-cz-titulky\/","title":{"rendered":"Kyber\u0161ikana &#8211; film"},"content":{"rendered":"<p><iframe loading=\"lazy\" src=\"\/\/www.youtube.com\/embed\/0YSLnEK9j14\" width=\"420\" height=\"315\" frameborder=\"0\" allowfullscreen=\"allowfullscreen\"><\/iframe><\/p>\n","protected":false},"excerpt":{"rendered":"","protected":false},"author":1,"featured_media":1966,"comment_status":"open","ping_status":"open","sticky":false,"template":"","format":"standard","meta":{"jetpack_post_was_ever_published":false,"_jetpack_newsletter_access":"","_jetpack_dont_email_post_to_subs":false,"_jetpack_newsletter_tier_id":0,"_jetpack_memberships_contains_paywalled_content":false,"_jetpack_memberships_contains_paid_content":false,"footnotes":""},"categories":[15],"tags":[86],"class_list":["post-1260","post","type-post","status-publish","format-standard","has-post-thumbnail","hentry","category-zaujalo","tag-kybersikana"],"aioseo_notices":[],"jetpack_featured_media_url":"https:\/\/i0.wp.com\/preventista.sk\/info\/wp-content\/uploads\/2013\/09\/cyberbully.jpg?fit=700%2C400&ssl=1","jetpack_sharing_enabled":true,"jetpack-related-posts":[{"id":2076,"url":"https:\/\/preventista.sk\/info\/slovenska-linka-pomoci-statistiky-2013\/","url_meta":{"origin":1260,"position":0},"title":"Slovensk\u00e1 linka pomoci &#8211; \u0161tatistiky 2013","author":"Redakcia","date":"20. febru\u00e1ra 2014","format":false,"excerpt":"","rel":"","context":"V &quot;Zaujalo n\u00e1s&quot;","block_context":{"text":"Zaujalo n\u00e1s","link":"https:\/\/preventista.sk\/info\/category\/skusenosti\/zaujalo\/"},"img":{"alt_text":"prieskum","src":"https:\/\/i0.wp.com\/preventista.sk\/info\/wp-content\/uploads\/2012\/05\/Prieskum.jpg?fit=700%2C400&ssl=1&resize=350%2C200","width":350,"height":200,"srcset":"https:\/\/i0.wp.com\/preventista.sk\/info\/wp-content\/uploads\/2012\/05\/Prieskum.jpg?fit=700%2C400&ssl=1&resize=350%2C200 1x, https:\/\/i0.wp.com\/preventista.sk\/info\/wp-content\/uploads\/2012\/05\/Prieskum.jpg?fit=700%2C400&ssl=1&resize=525%2C300 1.5x, https:\/\/i0.wp.com\/preventista.sk\/info\/wp-content\/uploads\/2012\/05\/Prieskum.jpg?fit=700%2C400&ssl=1&resize=700%2C400 2x"},"classes":[]},{"id":1657,"url":"https:\/\/preventista.sk\/info\/knihy\/","url_meta":{"origin":1260,"position":1},"title":"Knihy ktor\u00e9 up\u00fatali na\u0161u pozornos\u0165","author":"Redakcia","date":"30. novembra 2013","format":false,"excerpt":"Ovce - Za siedmymi wifinami a siedmymi statusmi \u00a0\u00a0 Miro Drobn\u00fd, Monika Gregu\u0161ov\u00e1, \u00a02013 Rozpr\u00e1vky OVCE.sk maj\u00fa odteraz aj kni\u017en\u00fa podobu. Pekne ilustrovan\u00e1 kniha je ak\u00fdmsi vo\u013en\u00fdm pokra\u010dovan\u00edm ob\u013e\u00faben\u00e9ho animovan\u00e9ho seri\u00e1lu. Novinkou je, \u017ee k rozpr\u00e1vkovej knihe je pribalen\u00e1 aj 112-stranov\u00e1 pr\u00edru\u010dka pre rodi\u010dov a DVD s rozpr\u00e1vkami. Pou\u010dia a\u2026","rel":"","context":"V &quot;Zaujalo n\u00e1s&quot;","block_context":{"text":"Zaujalo n\u00e1s","link":"https:\/\/preventista.sk\/info\/category\/skusenosti\/zaujalo\/"},"img":{"alt_text":"knihy","src":"https:\/\/i0.wp.com\/preventista.sk\/info\/wp-content\/uploads\/2013\/11\/knihy.jpg?fit=700%2C400&ssl=1&resize=350%2C200","width":350,"height":200,"srcset":"https:\/\/i0.wp.com\/preventista.sk\/info\/wp-content\/uploads\/2013\/11\/knihy.jpg?fit=700%2C400&ssl=1&resize=350%2C200 1x, https:\/\/i0.wp.com\/preventista.sk\/info\/wp-content\/uploads\/2013\/11\/knihy.jpg?fit=700%2C400&ssl=1&resize=525%2C300 1.5x, https:\/\/i0.wp.com\/preventista.sk\/info\/wp-content\/uploads\/2013\/11\/knihy.jpg?fit=700%2C400&ssl=1&resize=700%2C400 2x"},"classes":[]},{"id":62,"url":"https:\/\/preventista.sk\/info\/sutaze-zamerane-na-prevenciu-it-kriminality\/","url_meta":{"origin":1260,"position":2},"title":"S\u00fa\u0165a\u017ee zameran\u00e9 na prevenciu IT kriminality","author":"J. Oster","date":"20. septembra 2012","format":false,"excerpt":"S\u00fa\u0165a\u017ee zameran\u00e9 na prevenciu IT kriminality, nebezpe\u010denstiev internetu \u00a0a soci\u00e1lnych siet\u00ed \u2013 zmyslupln\u00e9 aktivity alebo len m\u00f3dna vlna bez konkr\u00e9tneho pr\u00ednosu? Autor je \u010dlenom Poradn\u00e9ho v\u00fdboru projektu ZODPOVEDNE.SK Op\u00fdtali sme sa priamo v\u00ed\u0165azov dvoch s\u00fa\u0165a\u017e\u00ed organizovan\u00fdch v\u00a0predch\u00e1dzaj\u00facich obdobiach , ak\u00fd je ich poh\u013ead na d\u00f4vod pre\u010do ich s\u00fa\u0165a\u017e s\u00a0problematikou prevencie\u2026","rel":"","context":"V &quot;IT kriminalita&quot;","block_context":{"text":"IT kriminalita","link":"https:\/\/preventista.sk\/info\/category\/prevencia\/itkrim\/"},"img":{"alt_text":"ide","src":"https:\/\/i0.wp.com\/preventista.sk\/info\/wp-content\/uploads\/2012\/09\/N%C3%A1pad.jpg?fit=700%2C400&ssl=1&resize=350%2C200","width":350,"height":200,"srcset":"https:\/\/i0.wp.com\/preventista.sk\/info\/wp-content\/uploads\/2012\/09\/N%C3%A1pad.jpg?fit=700%2C400&ssl=1&resize=350%2C200 1x, https:\/\/i0.wp.com\/preventista.sk\/info\/wp-content\/uploads\/2012\/09\/N%C3%A1pad.jpg?fit=700%2C400&ssl=1&resize=525%2C300 1.5x, https:\/\/i0.wp.com\/preventista.sk\/info\/wp-content\/uploads\/2012\/09\/N%C3%A1pad.jpg?fit=700%2C400&ssl=1&resize=700%2C400 2x"},"classes":[]},{"id":1615,"url":"https:\/\/preventista.sk\/info\/kybersikana-ako-novodobe-psychicke-nasilie\/","url_meta":{"origin":1260,"position":3},"title":"Kyber\u0161ikana ako novodob\u00e9 psychick\u00e9 n\u00e1silie","author":"Redakcia","date":"14. novembra 2013","format":false,"excerpt":"T\u00e9ma, ktor\u00e1 ma priam pohltila, a\u017e nato\u013eko, \u017ee som sa rozhodla z\u00fa\u010dastni\u0165 s\u00a0\u0148ou aj na s\u00fa\u0165a\u017ei SO\u010c (stredo\u0161kolsk\u00e1 odborn\u00e1 \u010dinnos\u0165), zo za\u010diatku to bola pre m\u0148a iba \u201epovinn\u00e1 jazda\u201c aby som si splnila zadan\u00fa \u00falohu a\u00a0mala \u010do najlep\u0161ie\u00a0 hodnotenie v\u00a0\u0161kole, no potom, ke\u010f som na\u010drela do \u201etajomstiev imagin\u00e1rneho sveta\u201c chcela\u2026","rel":"","context":"V &quot;Prevencia&quot;","block_context":{"text":"Prevencia","link":"https:\/\/preventista.sk\/info\/category\/prevencia\/"},"img":{"alt_text":"cbully","src":"https:\/\/i0.wp.com\/preventista.sk\/info\/wp-content\/uploads\/2013\/11\/cyberbully-2.jpg?fit=700%2C400&ssl=1&resize=350%2C200","width":350,"height":200,"srcset":"https:\/\/i0.wp.com\/preventista.sk\/info\/wp-content\/uploads\/2013\/11\/cyberbully-2.jpg?fit=700%2C400&ssl=1&resize=350%2C200 1x, https:\/\/i0.wp.com\/preventista.sk\/info\/wp-content\/uploads\/2013\/11\/cyberbully-2.jpg?fit=700%2C400&ssl=1&resize=525%2C300 1.5x, https:\/\/i0.wp.com\/preventista.sk\/info\/wp-content\/uploads\/2013\/11\/cyberbully-2.jpg?fit=700%2C400&ssl=1&resize=700%2C400 2x"},"classes":[]},{"id":121,"url":"https:\/\/preventista.sk\/info\/prevencia-mestu-nie-je-lahostajna\/","url_meta":{"origin":1260,"position":4},"title":"Prevencia mestu nie je \u013eahostajn\u00e1","author":"Redakcia","date":"21. m\u00e1ja 2013","format":false,"excerpt":"Nov\u00e9 technol\u00f3gie nie s\u00fa len u\u017eito\u010dn\u00e9, ale nespr\u00e1vnym pou\u017e\u00edvan\u00ed m\u00f4\u017eu skr\u00fdva\u0165 mnoho ohrozen\u00ed, najm\u00e4 pre na\u0161e deti a \u017eiakov. Mesto \u017diar nad Hronom sa preto rozhodlo v r\u00e1mci Kalend\u00e1ra aktiv\u00edt zameran\u00fdch na prevenciu drogov\u00fdch z\u00e1vislost\u00ed a in\u00fdch soci\u00e1lne patologick\u00fdch javov na rok 2013 zabezpe\u010di\u0165 vzdel\u00e1vanie v tejto oblasti v\u0161etk\u00fdm pedagogick\u00fdm\u2026","rel":"","context":"V &quot;Zaujalo n\u00e1s&quot;","block_context":{"text":"Zaujalo n\u00e1s","link":"https:\/\/preventista.sk\/info\/category\/skusenosti\/zaujalo\/"},"img":{"alt_text":"Ziar nad hronom","src":"https:\/\/i0.wp.com\/preventista.sk\/info\/wp-content\/uploads\/2013\/05\/Ziar.jpg?fit=700%2C400&ssl=1&resize=350%2C200","width":350,"height":200,"srcset":"https:\/\/i0.wp.com\/preventista.sk\/info\/wp-content\/uploads\/2013\/05\/Ziar.jpg?fit=700%2C400&ssl=1&resize=350%2C200 1x, https:\/\/i0.wp.com\/preventista.sk\/info\/wp-content\/uploads\/2013\/05\/Ziar.jpg?fit=700%2C400&ssl=1&resize=525%2C300 1.5x, https:\/\/i0.wp.com\/preventista.sk\/info\/wp-content\/uploads\/2013\/05\/Ziar.jpg?fit=700%2C400&ssl=1&resize=700%2C400 2x"},"classes":[]},{"id":6204,"url":"https:\/\/preventista.sk\/info\/a-prisiel-mikulas-s-plnym-kosom\/","url_meta":{"origin":1260,"position":5},"title":"&#8230; a pri\u0161iel Mikul\u00e1\u0161 s pln\u00fdm ko\u0161om","author":"Redakcia","date":"5. decembra 2024","format":false,"excerpt":"Mikul\u00e1\u0161 tento rok neobi\u0161iel ani slovensk\u00e9 \u0161koly a ten n\u00e1\u0161 im priniesol dar\u010dek k vzdel\u00e1vaniu kybernetickej a informa\u010dnej bezpe\u010dnosti. Vo svojom ve\u013ekom ko\u0161i priniesol nov\u00fd set infograf\u00edk k t\u00e9me rizikovosti zdie\u013eania fotografi\u00ed a k t\u00e9me kyber\u0161ikanovania. \u0160tyri nov\u00e9 infografiky m\u00f4\u017eete stiahnu\u0165 v tla\u010dovej kvalite v na\u0161ej digit\u00e1lnej kni\u017enici Kni\u017enica |\u2026","rel":"","context":"V &quot;Bezpe\u010dnos\u0165&quot;","block_context":{"text":"Bezpe\u010dnos\u0165","link":"https:\/\/preventista.sk\/info\/category\/itbezp\/"},"img":{"alt_text":"","src":"https:\/\/i0.wp.com\/preventista.sk\/info\/wp-content\/uploads\/2024\/12\/sikana_1.png?resize=350%2C200","width":350,"height":200,"srcset":"https:\/\/i0.wp.com\/preventista.sk\/info\/wp-content\/uploads\/2024\/12\/sikana_1.png?resize=350%2C200 1x, https:\/\/i0.wp.com\/preventista.sk\/info\/wp-content\/uploads\/2024\/12\/sikana_1.png?resize=525%2C300 1.5x, https:\/\/i0.wp.com\/preventista.sk\/info\/wp-content\/uploads\/2024\/12\/sikana_1.png?resize=700%2C400 2x, https:\/\/i0.wp.com\/preventista.sk\/info\/wp-content\/uploads\/2024\/12\/sikana_1.png?resize=1050%2C600 3x, https:\/\/i0.wp.com\/preventista.sk\/info\/wp-content\/uploads\/2024\/12\/sikana_1.png?resize=1400%2C800 4x"},"classes":[]}],"_links":{"self":[{"href":"https:\/\/preventista.sk\/info\/wp-json\/wp\/v2\/posts\/1260","targetHints":{"allow":["GET"]}}],"collection":[{"href":"https:\/\/preventista.sk\/info\/wp-json\/wp\/v2\/posts"}],"about":[{"href":"https:\/\/preventista.sk\/info\/wp-json\/wp\/v2\/types\/post"}],"author":[{"embeddable":true,"href":"https:\/\/preventista.sk\/info\/wp-json\/wp\/v2\/users\/1"}],"replies":[{"embeddable":true,"href":"https:\/\/preventista.sk\/info\/wp-json\/wp\/v2\/comments?post=1260"}],"version-history":[{"count":6,"href":"https:\/\/preventista.sk\/info\/wp-json\/wp\/v2\/posts\/1260\/revisions"}],"predecessor-version":[{"id":2825,"href":"https:\/\/preventista.sk\/info\/wp-json\/wp\/v2\/posts\/1260\/revisions\/2825"}],"wp:featuredmedia":[{"embeddable":true,"href":"https:\/\/preventista.sk\/info\/wp-json\/wp\/v2\/media\/1966"}],"wp:attachment":[{"href":"https:\/\/preventista.sk\/info\/wp-json\/wp\/v2\/media?parent=1260"}],"wp:term":[{"taxonomy":"category","embeddable":true,"href":"https:\/\/preventista.sk\/info\/wp-json\/wp\/v2\/categories?post=1260"},{"taxonomy":"post_tag","embeddable":true,"href":"https:\/\/preventista.sk\/info\/wp-json\/wp\/v2\/tags?post=1260"}],"curies":[{"name":"wp","href":"https:\/\/api.w.org\/{rel}","templated":true}]}}