{"id":1469,"date":"2013-09-24T08:00:15","date_gmt":"2013-09-24T06:00:15","guid":{"rendered":"http:\/\/preventista.sk\/info\/?p=1469"},"modified":"2014-02-04T11:11:30","modified_gmt":"2014-02-04T10:11:30","slug":"z-trstenej-do-antalye","status":"publish","type":"post","link":"https:\/\/preventista.sk\/info\/z-trstenej-do-antalye\/","title":{"rendered":"Z Trstenej do Ant\u00e1lye"},"content":{"rendered":"<p style=\"text-align: left;\" align=\"center\"><b>Putovanie s\u00a0na\u0161imi rozpr\u00e1vkami s\u00a0t\u00e9mou o\u00a0bezpe\u010dnosti na internete z\u00a0Trstenej na Orave do Tureckej Ant\u00e1lye<\/b><\/p>\n<p style=\"text-align: justify;\" align=\"center\">\u00a0\u00a0\u00a0\u00a0\u00a0\u00a0 N\u00e1\u0161 pr\u00edbeh sa\u00a0 za\u010dal s\u00fa\u0165a\u017eou s\u00a0t\u00e9mou bezpe\u010dnos\u0165 na internete, ktor\u00fa vyhl\u00e1sila spolo\u010dnos\u0165 Info consult, s. r. o. pod n\u00e1zvom <strong><a title=\"Tvoj n\u00e1pad\" href=\"https:\/\/preventista.sk\/info\/tvoj-napad-moze-pomoct-2011\/\">Aj Tvoj n\u00e1pad m\u00f4\u017ee pom\u00f4c\u0165<\/a><\/strong>. T\u00e1to s\u00fa\u0165a\u017e bola vyhl\u00e1sen\u00e1 pre z\u00e1kladn\u00e9 \u0161koly a\u00a0pre stredn\u00e9 \u0161koly. Ke\u010f som si pre\u010d\u00edtala dan\u00fd let\u00e1\u010dik, pre koho je ur\u010den\u00e1 s\u00fa\u0165a\u017e, zbystrila som pozornos\u0165. \u017diaci druh\u00e9ho stup\u0148a mali na t\u00e9mu bezpe\u010dnos\u0165 na internete nejak\u00fdm zauj\u00edmav\u00fdm sp\u00f4sobom pou\u010di\u0165 \u017eiakov prv\u00e9ho stup\u0148a. Nasledovala pre n\u00e1s ot\u00e1zka: \u201e<em>Ak\u00e9 by to bolo malo len by\u0165<\/em>? <em>Mali by sme ich zauja\u0165 hlavne hravou, z\u00e1bavnou formou&#8230;.. Ide\u00e1lnou formou pre n\u00e1s bolo vytvori\u0165 pre nich rozpr\u00e1vku&#8230;. Ale ak\u00fa? Tak\u00fa, ktor\u00fa v\u0161etci ve\u013emi dobre poznaj\u00fa&#8230;. \u00c1, u\u017e viem, pre v\u0161etk\u00fdch je zn\u00e1ma rozpr\u00e1vka o\u00a0vlkovi a\u00a07 trpasl\u00edkoch&#8230;.. U\u017e len skomponova\u0165 nejak\u00fd sc\u00e9nar a\u00a0hor sa do samotnej realiz\u00e1cie!<\/em>\u201c<\/p>\n<p style=\"text-align: justify;\">\u00a0\u00a0\u00a0\u00a0\u00a0 \u00a0Jednalo sa o\u00a02 kozliatka, ktor\u00e9 boli najsk\u00f4r priate\u013emi, av\u0161ak na za\u010diatku n\u00e1\u0161ho pr\u00edbehu sa rozkamar\u00e1tili, preto\u017ee bolo ich tajomstvo vyzraden\u00e9 na z\u00e1klade \u00a0\u017eiarlivosti ich spolo\u010dn\u00e9ho spolu\u017eiaka Fera &#8211; na kamar\u00e1tstvo na\u0161ich 2 kozliatok \u2013 Martina a\u00a0Michala. N\u00e1sledne za\u010dala koza Martin tr\u00e1vi\u0165 viac \u010dasu na facebooku a\u00a0svojou d\u00f4ver\u010divos\u0165ou, \u017ee komunikuje s\u00a0inou kozou, si p\u00edsal s\u00a0vlkom Mari\u00e1nom. Ten zneu\u017eil jeho d\u00f4ver\u010divos\u0165 a v\u010faka tomu takmer vyhasol \u017eivot kozy Martina a\u00a0jeho dvoch bratov. Ako to na\u0161\u0165astie v\u00a0na\u0161ich rozpr\u00e1vkach b\u00fdva, v\u0161etko dopadlo dobre, koza Martin sa pou\u010dila, \u017ee mus\u00ed by\u0165 opatrn\u00e1, preto\u017ee nikdy nevie, kto je na druhom konci po\u010d\u00edta\u010da. Po tomto predstaven\u00ed nasledovala pou\u010dn\u00e1 prezent\u00e1cia, puzzle a\u00a0hry pre mal\u00fdch druh\u00e1\u010dikov. Po spracovan\u00ed videa\u00a0 a\u00a0jeho n\u00e1slednom\u00a0zaslan\u00ed , sme sa dozvedeli vynikaj\u00facu inform\u00e1ciu, \u017ee sme vyhrali prv\u00e9 miesto na celom Slovensku zo 45 z\u00fa\u010dastnen\u00fdch \u0161k\u00f4l! Na\u0161a rados\u0165 bola nekone\u010dn\u00e1 a\u00a0my u\u010ditelia sme poci\u0165ovali ur\u010dit\u00fa satisfakciu za na\u0161u dobre vykonan\u00fa pr\u00e1cu.<\/p>\n<p style=\"text-align: justify;\">\u00a0\u00a0\u00a0\u00a0 Po zverejnen\u00ed \u010fal\u0161ej s\u00fa\u0165a\u017ee s\u00a0rovnakou t\u00e9matikou sme sa rozhodli vytvori\u0165 \u010fal\u0161iu rozpr\u00e1vku o\u00a0Snehulienke a\u00a07 trpasl\u00edkoch &#8211; kde na z\u00e1klade\u00a0 \u017eiarlivosti zlej kr\u00e1\u013eovej na kr\u00e1su Snehulienky &#8211; vystopovala zl\u00e1 kr\u00e1\u013eovn\u00e1 na\u0161u Snehulienku a\u00a0to prostredn\u00edctvom zverejnen\u00e9ho profilu pre v\u0161etk\u00fdch, kde bola hlavne fotka a adresa! Ur\u010dite viete, \u017ee zl\u00e1 kr\u00e1\u013eovn\u00e1 sa pok\u00fasila otr\u00e1vi\u0165 na\u0161u hrdinku, ale n\u00e1\u0161 princ ju zachr\u00e1nil! Potom nasledovali pre deti prezent\u00e1cia, Quizz s\u00a0jab\u013a\u010dkami \u2013 kde boli vyp\u00edsan\u00e9 v\u00fdhody a\u00a0nev\u00fdhody soci\u00e1lnych siet\u00ed, puzzle a\u00a0napokon dotazn\u00edk v\u00a0meste o\u00a0sk\u00fasenostiach so soci\u00e1lnymi sie\u0165ami. V\u0161etky aktivity boli zdokumentovan\u00e9 na vytvorenej str\u00e1nke <a href=\"http:\/\/www.ne-otravene.jablko.webnode.sk\/\">www.ne-otravene.jablko.webnode.sk<\/a>\u00a0. Aj s\u00a0t\u00fdmto projektom sa n\u00e1m podarilo vynikaj\u00faco umiestni\u0165 medzi 78 projektmi zo Slovenska\u00a0 &#8211; na druhom mieste! A\u00a0e\u0161te v\u00a0\u010fal\u0161ej s\u00fa\u0165a\u017ei cez <a href=\"http:\/\/www.zodpovedne.sk\/\">www.zodpovedne.sk<\/a> na prvom mieste v\u00a0celoslovenskom kole!<\/p>\n<p style=\"text-align: justify;\">\u00a0\u00a0\u00a0\u00a0 Na z\u00e1klade t\u00fdchto ocenen\u00ed aj na z\u00e1klade \u010fal\u0161\u00edch projektoch, ktor\u00e9 boli vykon\u00e1van\u00e9 na na\u0161ej \u0161kole in\u00fdmi u\u010dite\u013emi a\u00a0taktie\u017e boli \u00faspe\u0161n\u00e9, na\u0161a \u0161kola bola osloven\u00e1 na \u00fa\u010das\u0165 na \u00a0 <strong>8. Eur\u00f3pskej konferencii vyu\u017e\u00edvania IKT vo vzdel\u00e1vacom procese v\u00a0Tureckej Ant\u00e1lyi<\/strong>. Ke\u010f\u017ee sme sa v\u0161etci,\u00a0 ktor\u00ed pracovali na dan\u00fdch projektoch, nemohli z\u00fa\u010dastni\u0165 danej konferencie, po vz\u00e1jomnej dohode ja ako u\u010dite\u013e informatiky a\u00a0anglick\u00e9ho jazyka, som bola vyslan\u00e1 odprezentova\u0165 na\u0161u pr\u00e1cu v\u00a0\u010falekom Turecku. I\u0161li sme tam dvaja u\u010ditelia z\u00a0n\u00e1\u0161ho Slovenska aj tzv. (Ne) \u2013 oby\u010dajn\u00fd u\u010dite\u013e &#8211; Milo\u0161 B\u00e9lik. Zistili sme, \u017ee mus\u00edme \u017eiada\u0165 o\u00a0grant zo Slovenskej akademickej asoci\u00e1cii pre medzin\u00e1rodn\u00fa spolupr\u00e1cu v\u00a0r\u00e1mci programu Celo\u017eivotn\u00e9ho vzdel\u00e1vania Po ve\u013emi ve\u013ekej byrokracii pri \u017eiadosti o\u00a0grant a\u00a0po n\u00e1slednom schv\u00e1len\u00ed grantu sme d\u0148a 26.5.2013 vycestovali do Turecka.<\/p>\n<p style=\"text-align: justify;\"><a href=\"https:\/\/i0.wp.com\/preventista.sk\/info\/wp-content\/uploads\/2013\/09\/Antalya1.jpg?ssl=1\"><img data-recalc-dims=\"1\" loading=\"lazy\" decoding=\"async\" data-attachment-id=\"1486\" data-permalink=\"https:\/\/preventista.sk\/info\/z-trstenej-do-antalye\/antalya-2\/\" data-orig-file=\"https:\/\/i0.wp.com\/preventista.sk\/info\/wp-content\/uploads\/2013\/09\/Antalya1.jpg?fit=1469%2C1086&amp;ssl=1\" data-orig-size=\"1469,1086\" data-comments-opened=\"1\" data-image-meta=\"{&quot;aperture&quot;:&quot;0&quot;,&quot;credit&quot;:&quot;&quot;,&quot;camera&quot;:&quot;&quot;,&quot;caption&quot;:&quot;&quot;,&quot;created_timestamp&quot;:&quot;0&quot;,&quot;copyright&quot;:&quot;&quot;,&quot;focal_length&quot;:&quot;0&quot;,&quot;iso&quot;:&quot;0&quot;,&quot;shutter_speed&quot;:&quot;0&quot;,&quot;title&quot;:&quot;&quot;}\" data-image-title=\"Antalya\" data-image-description=\"\" data-image-caption=\"\" data-large-file=\"https:\/\/i0.wp.com\/preventista.sk\/info\/wp-content\/uploads\/2013\/09\/Antalya1.jpg?fit=1024%2C757&amp;ssl=1\" class=\"alignnone size-large wp-image-1486\" alt=\"Antalya\" src=\"https:\/\/i0.wp.com\/preventista.sk\/info\/wp-content\/uploads\/2013\/09\/Antalya1.jpg?resize=1024%2C757&#038;ssl=1\" width=\"1024\" height=\"757\" srcset=\"https:\/\/i0.wp.com\/preventista.sk\/info\/wp-content\/uploads\/2013\/09\/Antalya1.jpg?resize=1024%2C757&amp;ssl=1 1024w, https:\/\/i0.wp.com\/preventista.sk\/info\/wp-content\/uploads\/2013\/09\/Antalya1.jpg?resize=150%2C110&amp;ssl=1 150w, https:\/\/i0.wp.com\/preventista.sk\/info\/wp-content\/uploads\/2013\/09\/Antalya1.jpg?resize=300%2C221&amp;ssl=1 300w, https:\/\/i0.wp.com\/preventista.sk\/info\/wp-content\/uploads\/2013\/09\/Antalya1.jpg?w=1469&amp;ssl=1 1469w\" sizes=\"auto, (max-width: 1000px) 100vw, 1000px\" \/><\/a><\/p>\n<p style=\"text-align: justify;\">\u00a0 \u00a0 Na moje ve\u013ek\u00e9 prekvapenie sme tam boli len dvaja u\u010ditelia zo z\u00e1kladnej \u0161koly. Niektor\u00ed tam boli zo stredn\u00fdch \u0161k\u00f4l ale hlavne vysoko\u0161kolsk\u00ed profesori, ktor\u00ed tam predstavili r\u00f4zne novinky vyu\u017e\u00edvania IKT vo vzdel\u00e1vacom procese. Ja som mala \u00eds\u0165 prezentova\u0165 na\u0161u pr\u00e1cu v\u00a0prv\u00fd de\u0148 ako posledn\u00e1. Tesne pred mojom prezent\u00e1ciou bola v\u00a0jednej ve\u013ekej aule hodinov\u00e1 diskusia na t\u00e9mu \u2013 soci\u00e1lne siete a\u00a0ich rizik\u00e1 a\u00a0nebezpe\u010denstv\u00e1. Poviem V\u00e1m, zistila som, \u017ee profesorov z\u00a0celej Eur\u00f3py mimoriadne tr\u00e1pi tento probl\u00e9m, ktor\u00fd je dos\u0165 z\u00e1va\u017en\u00fd a\u00a0ktor\u00fd si mlad\u00ed \u013eudia v\u00f4bec neuvedomuj\u00fa. Zo samotnej diskusie vyplynulo, \u017ee asi najz\u00e1va\u017enej\u0161\u00ed probl\u00e9m vidia ony hlavne na soci\u00e1lnej sieti s\u00a0n\u00e1zvom facebook, preto\u017ee si tam mlad\u00ed \u013eudia zverej\u0148uj\u00fa\u00a0 svoje osobn\u00e9 \u00fadaje, ktor\u00e9 m\u00f4\u017eu by\u0165 kedyko\u013evek zneu\u017eit\u00e9. Tento probl\u00e9m pod\u013ea nich by bolo potrebn\u00e9 rie\u0161i\u0165 prevenciou na na\u0161ich \u0161kol\u00e1ch! Ve\u013emi som sa pote\u0161ila, preto\u017ee po diskusii som chcela uk\u00e1za\u0165 na\u0161im eur\u00f3pskym kolegom, ako sme sa my sna\u017eili pred\u00eds\u0165 rizik\u00e1m soci\u00e1lnych siet\u00ed na na\u0161ej \u0161kole na\u0161imi dvoma projektmi! M\u00f4\u017eem V\u00e1m poveda\u0165, \u017ee moja prezent\u00e1cia s\u00a0fotkami a\u00a0dvoma videami, eur\u00f3pskych kolegov skuto\u010dne zaujala! E\u0161te aj na druh\u00fd de\u0148 som mala ve\u013emi pozit\u00edvne ohlasy \u2013 ko\u013eko aktiv\u00edt sme vtesnali len do jedn\u00e9ho projektu! Ten pocit z\u00a0na\u0161ej odvedenej pr\u00e1ce bol \u00fa\u017easn\u00fd! M\u00f4j kolega dopadol taktie\u017e v\u00fdborne.<\/p>\n<p style=\"text-align: justify;\">\u00a0\u00a0\u00a0 Ja ako \u00fa\u010dastn\u00edk konferencie som si uvedomila, \u017ee je potrebn\u00e9 ve\u013emi ve\u013ea \u010dasu venova\u0165 prevencii na na\u0161ich \u0161kol\u00e1ch. Aby si \u013eudia boli vedom\u00ed nielen v\u00fdhod ale hlavne\u00a0nev\u00fdhod,\u00a0 \u010di riz\u00edk na\u0161ej komunik\u00e1cie cez internet! Ve\u010f kyber\u0161ikana \u010dastokr\u00e1t s\u00a0n\u00e1sledkom smrti je pomaly na dennom poriadku! Preto sa sna\u017eme dan\u00fdm rizik\u00e1m pred\u00eds\u0165! Tak a\u00a0ja som V\u00e1m v\u00a0tejto chv\u00edli prezradila vandrovanie na\u0161ich rozpr\u00e1vok a\u017e do \u010falekej Tureckej Ant\u00e1lye. Touto formou by som sa chcela po\u010fakova\u0165 \u00a0de\u0165om na\u0161ej \u0161koly a\u00a0kolegyniam: Mgr. P\u0148a\u010dekovej Em\u00edlii, \u00a0\u00a0Mgr. Mat\u011bjovej Janke, PaedDr. Kapjorovej Gabriele, PaedDr. Pa\u013eovej Daniele, ktor\u00ed vytvorili tieto dva projekty!\u00a0 \u010ealej som ve\u013emi rada, \u017ee p\u00e1n Oster pracuje na projektoch, ktor\u00e9 n\u00e1m pom\u00e1haj\u00fa pom\u00f4c\u0165 informova\u0165 \u013eud\u00ed o\u00a0rizik\u00e1ch a\u00a0nebezpe\u010denstv\u00e1ch soci\u00e1lnych siet\u00ed.<\/p>\n<p style=\"text-align: justify;\"><em>Tatiana Trojanov\u00e1 ,\u00a0<\/em><em>Z\u00e1kladn\u00e1 \u0161kola P.O.Hviezdoslava Trsten\u00e1<\/em><\/p>\n","protected":false},"excerpt":{"rendered":"<p>Putovanie s\u00a0na\u0161imi rozpr\u00e1vkami s\u00a0t\u00e9mou o\u00a0bezpe\u010dnosti na internete z\u00a0Trstenej na Orave do Tureckej Ant\u00e1lye \u00a0\u00a0\u00a0\u00a0\u00a0\u00a0 N\u00e1\u0161 pr\u00edbeh sa\u00a0 za\u010dal s\u00fa\u0165a\u017eou s\u00a0t\u00e9mou bezpe\u010dnos\u0165 na internete, ktor\u00fa vyhl\u00e1sila spolo\u010dnos\u0165 Info consult, s. r. o. pod n\u00e1zvom Aj Tvoj n\u00e1pad m\u00f4\u017ee pom\u00f4c\u0165. T\u00e1to s\u00fa\u0165a\u017e bola vyhl\u00e1sen\u00e1 pre z\u00e1kladn\u00e9 \u0161koly a\u00a0pre stredn\u00e9 \u0161koly. Ke\u010f som si pre\u010d\u00edtala dan\u00fd let\u00e1\u010dik, pre [&hellip;]<\/p>\n","protected":false},"author":1,"featured_media":1977,"comment_status":"open","ping_status":"open","sticky":false,"template":"","format":"standard","meta":{"jetpack_post_was_ever_published":false,"_jetpack_newsletter_access":"","_jetpack_dont_email_post_to_subs":false,"_jetpack_newsletter_tier_id":0,"_jetpack_memberships_contains_paywalled_content":false,"_jetpack_memberships_contains_paid_content":false,"footnotes":""},"categories":[15],"tags":[52,56,57],"class_list":["post-1469","post","type-post","status-publish","format-standard","has-post-thumbnail","hentry","category-zaujalo","tag-skola","tag-sutaz","tag-tvoj-napad-moze-pomoct"],"aioseo_notices":[],"jetpack_featured_media_url":"https:\/\/i0.wp.com\/preventista.sk\/info\/wp-content\/uploads\/2013\/09\/globe.jpg?fit=700%2C400&ssl=1","jetpack_sharing_enabled":true,"jetpack-related-posts":[{"id":62,"url":"https:\/\/preventista.sk\/info\/sutaze-zamerane-na-prevenciu-it-kriminality\/","url_meta":{"origin":1469,"position":0},"title":"S\u00fa\u0165a\u017ee zameran\u00e9 na prevenciu IT kriminality","author":"J. Oster","date":"20. septembra 2012","format":false,"excerpt":"S\u00fa\u0165a\u017ee zameran\u00e9 na prevenciu IT kriminality, nebezpe\u010denstiev internetu \u00a0a soci\u00e1lnych siet\u00ed \u2013 zmyslupln\u00e9 aktivity alebo len m\u00f3dna vlna bez konkr\u00e9tneho pr\u00ednosu? Autor je \u010dlenom Poradn\u00e9ho v\u00fdboru projektu ZODPOVEDNE.SK Op\u00fdtali sme sa priamo v\u00ed\u0165azov dvoch s\u00fa\u0165a\u017e\u00ed organizovan\u00fdch v\u00a0predch\u00e1dzaj\u00facich obdobiach , ak\u00fd je ich poh\u013ead na d\u00f4vod pre\u010do ich s\u00fa\u0165a\u017e s\u00a0problematikou prevencie\u2026","rel":"","context":"V &quot;IT kriminalita&quot;","block_context":{"text":"IT kriminalita","link":"https:\/\/preventista.sk\/info\/category\/prevencia\/itkrim\/"},"img":{"alt_text":"ide","src":"https:\/\/i0.wp.com\/preventista.sk\/info\/wp-content\/uploads\/2012\/09\/N%C3%A1pad.jpg?fit=700%2C400&ssl=1&resize=350%2C200","width":350,"height":200,"srcset":"https:\/\/i0.wp.com\/preventista.sk\/info\/wp-content\/uploads\/2012\/09\/N%C3%A1pad.jpg?fit=700%2C400&ssl=1&resize=350%2C200 1x, https:\/\/i0.wp.com\/preventista.sk\/info\/wp-content\/uploads\/2012\/09\/N%C3%A1pad.jpg?fit=700%2C400&ssl=1&resize=525%2C300 1.5x, https:\/\/i0.wp.com\/preventista.sk\/info\/wp-content\/uploads\/2012\/09\/N%C3%A1pad.jpg?fit=700%2C400&ssl=1&resize=700%2C400 2x"},"classes":[]},{"id":2844,"url":"https:\/\/preventista.sk\/info\/vitazka-sutaze-o-navrh-nasho-maskota-je-z-kosic\/","url_meta":{"origin":1469,"position":1},"title":"V\u00ed\u0165azka s\u00fa\u0165a\u017ee o n\u00e1vrh n\u00e1\u0161ho maskota je z Ko\u0161\u00edc!","author":"Redakcia","date":"23. septembra 2015","format":false,"excerpt":"Ob\u010dianske zdru\u017eenie\u00a0 PREVENTISTA \u2013 zdru\u017eenie pre bezpe\u010dnos\u0165 a\u00a0prevenciu \u00a0v\u00a0r\u00e1mci svojho Programu podpory prevencie IT kriminality a\u00a0zni\u017eovania riz\u00edk spojen\u00fdch s\u00a0vyu\u017e\u00edvan\u00edm informa\u010dn\u00fdch technol\u00f3gi\u00ed vyhl\u00e1sila za akt\u00edvnej pomoci V\u00daB Nad\u00e1cie a\u00a0\u010fal\u0161\u00edch partnerov od 18.j\u00fana do 15.septembra 2015 ve\u013ek\u00fa letn\u00fa pr\u00e1zdninov\u00fa s\u00fa\u0165a\u017e pre deti a\u00a0ml\u00e1de\u017e pod n\u00e1zvom \u201eTvoj n\u00e1pad m\u00f4\u017ee pom\u00f4c\u0165 MASKOT\u201c. \u00dalohou pre\u2026","rel":"","context":"V &quot;S\u00fa\u0165a\u017ee&quot;","block_context":{"text":"S\u00fa\u0165a\u017ee","link":"https:\/\/preventista.sk\/info\/category\/akcie\/sutaze\/"},"img":{"alt_text":"","src":"https:\/\/i0.wp.com\/preventista.sk\/info\/wp-content\/uploads\/2015\/09\/maskot.png?fit=700%2C400&ssl=1&resize=350%2C200","width":350,"height":200,"srcset":"https:\/\/i0.wp.com\/preventista.sk\/info\/wp-content\/uploads\/2015\/09\/maskot.png?fit=700%2C400&ssl=1&resize=350%2C200 1x, https:\/\/i0.wp.com\/preventista.sk\/info\/wp-content\/uploads\/2015\/09\/maskot.png?fit=700%2C400&ssl=1&resize=525%2C300 1.5x, https:\/\/i0.wp.com\/preventista.sk\/info\/wp-content\/uploads\/2015\/09\/maskot.png?fit=700%2C400&ssl=1&resize=700%2C400 2x"},"classes":[]},{"id":596,"url":"https:\/\/preventista.sk\/info\/tvoj-napad-moze-pomoct-2011\/","url_meta":{"origin":1469,"position":2},"title":"Tvoj n\u00e1pad 2012","author":"Redakcia","date":"26. j\u00fala 2013","format":false,"excerpt":"Celoslovensk\u00e1 s\u00fa\u0165a\u017e pre \u017eiakov z\u00e1kladn\u00fdch \u0161k\u00f4l a \u0161tudentov stredn\u00fdch \u0161k\u00f4l\u00a0o prevencii po\u010d\u00edta\u010dovej kriminality, nebezpe\u010denstv\u00e1 internetu, autorsk\u00e9\u00a0pr\u00e1vo na internete, soci\u00e1lne siete a ich rizik\u00e1, kyber\u0161ikana\u00a0a \u010fal\u0161ie nebezpe\u010dia s\u00favisiace s vyu\u017e\u00edvan\u00edm po\u010d\u00edta\u010dov. Organiz\u00e1tor s\u00fa\u0165a\u017ee:\u00a0 Info consult, s.r.o. \u00a0 1.miesto kateg\u00f3ria\u00a0Z\u00e1kladn\u00e9 \u0161koly\u00a0\u00a0\u00a0\u00a0\u00a0\u00a0\u00a0\u00a0 Z\u0160 Trsten\u00e1:\u00a0\u00a0 \u00a0Aj internet m\u00f4\u017ee by\u0165 nebezpe\u010dn\u00fd\u00a0\u00a0\u00a0 - \u00a0 \u00a0 \u00a0\u2026","rel":"","context":"V &quot;S\u00fa\u0165a\u017ee&quot;","block_context":{"text":"S\u00fa\u0165a\u017ee","link":"https:\/\/preventista.sk\/info\/category\/akcie\/sutaze\/"},"img":{"alt_text":"idea-2","src":"https:\/\/i0.wp.com\/preventista.sk\/info\/wp-content\/uploads\/2013\/07\/N%C3%A1pad-2.jpg?fit=700%2C400&ssl=1&resize=350%2C200","width":350,"height":200,"srcset":"https:\/\/i0.wp.com\/preventista.sk\/info\/wp-content\/uploads\/2013\/07\/N%C3%A1pad-2.jpg?fit=700%2C400&ssl=1&resize=350%2C200 1x, https:\/\/i0.wp.com\/preventista.sk\/info\/wp-content\/uploads\/2013\/07\/N%C3%A1pad-2.jpg?fit=700%2C400&ssl=1&resize=525%2C300 1.5x, https:\/\/i0.wp.com\/preventista.sk\/info\/wp-content\/uploads\/2013\/07\/N%C3%A1pad-2.jpg?fit=700%2C400&ssl=1&resize=700%2C400 2x"},"classes":[]},{"id":2664,"url":"https:\/\/preventista.sk\/info\/tvoj-napad-moze-pomoct-maskot\/","url_meta":{"origin":1469,"position":3},"title":"Tvoj n\u00e1pad m\u00f4\u017ee pom\u00f4c\u0165 MASKOT","author":"Redakcia","date":"18. j\u00fana 2015","format":false,"excerpt":"Zapoj sa do celoslovenskej s\u00fa\u0165a\u017ee a\u00a0vyhraj tablet \u00a0 Ako na to? Navrhni pre na\u0161e aktivity maskota \u2013 postavi\u010dku, ktor\u00e1 bude v\u00a0nasleduj\u00facich rokoch pom\u00e1ha\u0165 \u0161\u00edri\u0165 my\u0161lienky bezpe\u010dnosti na internete a prevencie kriminality. \u00a0 Kam posla\u0165 svoj n\u00e1pad? Do 15.septembra 2015 za\u0161li na adresu info@preventista.sk \u00a0\u00a0alebo na ni\u017e\u0161ie uveden\u00fa po\u0161tov\u00fa adresu \u00a0n\u00e1vrh\u2026","rel":"","context":"V &quot;S\u00fa\u0165a\u017ee&quot;","block_context":{"text":"S\u00fa\u0165a\u017ee","link":"https:\/\/preventista.sk\/info\/category\/akcie\/sutaze\/"},"img":{"alt_text":"","src":"https:\/\/i0.wp.com\/preventista.sk\/info\/wp-content\/uploads\/2015\/06\/maskot.jpg?fit=1200%2C848&ssl=1&resize=350%2C200","width":350,"height":200,"srcset":"https:\/\/i0.wp.com\/preventista.sk\/info\/wp-content\/uploads\/2015\/06\/maskot.jpg?fit=1200%2C848&ssl=1&resize=350%2C200 1x, https:\/\/i0.wp.com\/preventista.sk\/info\/wp-content\/uploads\/2015\/06\/maskot.jpg?fit=1200%2C848&ssl=1&resize=525%2C300 1.5x, https:\/\/i0.wp.com\/preventista.sk\/info\/wp-content\/uploads\/2015\/06\/maskot.jpg?fit=1200%2C848&ssl=1&resize=700%2C400 2x, https:\/\/i0.wp.com\/preventista.sk\/info\/wp-content\/uploads\/2015\/06\/maskot.jpg?fit=1200%2C848&ssl=1&resize=1050%2C600 3x"},"classes":[]},{"id":1866,"url":"https:\/\/preventista.sk\/info\/dobry-napad-moze-pomoct\/","url_meta":{"origin":1469,"position":4},"title":"Dobr\u00fd n\u00e1pad m\u00f4\u017ee pom\u00f4c\u0165!","author":"T.Paulus","date":"19. febru\u00e1ra 2014","format":false,"excerpt":"S\u00fa\u0165a\u017e uzavret\u00e1 - pozn\u00e1me \u0161koly s ktor\u00fdmi n\u00e1s \u010dak\u00e1 spolupr\u00e1ca. \u010eakujeme za \u00fa\u010das\u0165. \u00a0 T\u00e9my predn\u00e1\u0161ok Prevencia po\u010d\u00edta\u010dovej kriminality, nebezpe\u010denstv\u00e1 internetu, autorsk\u00e9 pr\u00e1vo na internete, soci\u00e1lne siete a ich rizik\u00e1, kyber\u0161ikana, podvody, zneu\u017e\u00edvanie identitity a \u010fal\u0161ie nebezpe\u010dia s\u00favisiace s vyu\u017e\u00edvan\u00edm po\u010d\u00edta\u010dov. \u00a0 Predn\u00e1\u0161aj\u00faci Ing.Jaroslav Oster, s\u00fadny znalec jeho predn\u00e1\u0161ky pozn\u00e1te\u2026","rel":"","context":"V &quot;S\u00fa\u0165a\u017ee&quot;","block_context":{"text":"S\u00fa\u0165a\u017ee","link":"https:\/\/preventista.sk\/info\/category\/akcie\/sutaze\/"},"img":{"alt_text":"","src":"https:\/\/i0.wp.com\/preventista.sk\/info\/wp-content\/uploads\/2014\/01\/idea_2.jpg?fit=700%2C400&ssl=1&resize=350%2C200","width":350,"height":200,"srcset":"https:\/\/i0.wp.com\/preventista.sk\/info\/wp-content\/uploads\/2014\/01\/idea_2.jpg?fit=700%2C400&ssl=1&resize=350%2C200 1x, https:\/\/i0.wp.com\/preventista.sk\/info\/wp-content\/uploads\/2014\/01\/idea_2.jpg?fit=700%2C400&ssl=1&resize=525%2C300 1.5x, https:\/\/i0.wp.com\/preventista.sk\/info\/wp-content\/uploads\/2014\/01\/idea_2.jpg?fit=700%2C400&ssl=1&resize=700%2C400 2x"},"classes":[]},{"id":5445,"url":"https:\/\/preventista.sk\/info\/sutaz-pre-zakladne-a-stredne-skoly\/","url_meta":{"origin":1469,"position":5},"title":"S\u00fa\u0165a\u017e pre z\u00e1kladn\u00e9 a stredn\u00e9 \u0161koly","author":"Redakcia","date":"30. novembra 2023","format":false,"excerpt":"PREDL\u017dUJEME REGISTR\u00c1CIU DO PRACOVN\u00c9HO T\u00dd\u017dD\u0147A- UZ\u00c1VIERKA: 13.12.2023 r\u00e1no 10:00 Ke\u010f\u017ee 30. november je od roku 1988 vyhl\u00e1sen\u00fd ako De\u0148 po\u010d\u00edta\u010dovej bezpe\u010dnosti, rozhodli sme sa na oslavu tohto kyberbezpe\u010dnostn\u00e9ho \u201csviatku\u201d zorganizova\u0165 s\u00fa\u0165a\u017e pre stredn\u00e9 \u0161koly\/gymn\u00e1zi\u00e1 a z\u00e1kladn\u00e9 \u0161koly. S\u00fa\u0165a\u017e vyhlasujeme za \u00fa\u010delom zvy\u0161ovania bezpe\u010dnostn\u00e9ho povedomia jednej z najkritickej\u0161\u00edch skup\u00edn - seniorov.\u2026","rel":"","context":"V &quot;Aktu\u00e1lne&quot;","block_context":{"text":"Aktu\u00e1lne","link":"https:\/\/preventista.sk\/info\/category\/akcie\/aktualne\/"},"img":{"alt_text":"","src":"https:\/\/i0.wp.com\/preventista.sk\/info\/wp-content\/uploads\/2023\/11\/nauc-babicku-1.png?resize=350%2C200&ssl=1","width":350,"height":200,"srcset":"https:\/\/i0.wp.com\/preventista.sk\/info\/wp-content\/uploads\/2023\/11\/nauc-babicku-1.png?resize=350%2C200&ssl=1 1x, https:\/\/i0.wp.com\/preventista.sk\/info\/wp-content\/uploads\/2023\/11\/nauc-babicku-1.png?resize=525%2C300&ssl=1 1.5x, https:\/\/i0.wp.com\/preventista.sk\/info\/wp-content\/uploads\/2023\/11\/nauc-babicku-1.png?resize=700%2C400&ssl=1 2x"},"classes":[]}],"_links":{"self":[{"href":"https:\/\/preventista.sk\/info\/wp-json\/wp\/v2\/posts\/1469","targetHints":{"allow":["GET"]}}],"collection":[{"href":"https:\/\/preventista.sk\/info\/wp-json\/wp\/v2\/posts"}],"about":[{"href":"https:\/\/preventista.sk\/info\/wp-json\/wp\/v2\/types\/post"}],"author":[{"embeddable":true,"href":"https:\/\/preventista.sk\/info\/wp-json\/wp\/v2\/users\/1"}],"replies":[{"embeddable":true,"href":"https:\/\/preventista.sk\/info\/wp-json\/wp\/v2\/comments?post=1469"}],"version-history":[{"count":24,"href":"https:\/\/preventista.sk\/info\/wp-json\/wp\/v2\/posts\/1469\/revisions"}],"predecessor-version":[{"id":1978,"href":"https:\/\/preventista.sk\/info\/wp-json\/wp\/v2\/posts\/1469\/revisions\/1978"}],"wp:featuredmedia":[{"embeddable":true,"href":"https:\/\/preventista.sk\/info\/wp-json\/wp\/v2\/media\/1977"}],"wp:attachment":[{"href":"https:\/\/preventista.sk\/info\/wp-json\/wp\/v2\/media?parent=1469"}],"wp:term":[{"taxonomy":"category","embeddable":true,"href":"https:\/\/preventista.sk\/info\/wp-json\/wp\/v2\/categories?post=1469"},{"taxonomy":"post_tag","embeddable":true,"href":"https:\/\/preventista.sk\/info\/wp-json\/wp\/v2\/tags?post=1469"}],"curies":[{"name":"wp","href":"https:\/\/api.w.org\/{rel}","templated":true}]}}