{"id":1540,"date":"2013-10-17T07:00:04","date_gmt":"2013-10-17T05:00:04","guid":{"rendered":"http:\/\/preventista.sk\/info\/?p=1540"},"modified":"2014-02-05T18:25:13","modified_gmt":"2014-02-05T17:25:13","slug":"kyber-nieco","status":"publish","type":"post","link":"https:\/\/preventista.sk\/info\/kyber-nieco\/","title":{"rendered":"Kyber-nie\u010do"},"content":{"rendered":"<div>\n<p style=\"text-align: justify;\"><span style=\"color: #999999;\">\u201ePanta rhei\u201c\u00a0 je Plat\u00f3nova skr\u00e1ten\u00e1 interpret\u00e1cia tvrdenia antick\u00e9ho filozofa Herakleita o\u00a0tom, \u017ee v\u0161etko sa neust\u00e1le men\u00ed. Slovami \u201eEverything counts\u201c nie\u010do podobn\u00e9 kon\u0161tatuje i synthpopov\u00e1 skupina Depeche Mode, na ktorej hudbe sme mnoh\u00ed vyrastali.\u00a0 Ka\u017ed\u00fd odbor postupne prech\u00e1dza zmenami, \u010d\u00edm sa upres\u0148uje aj pou\u017e\u00edvan\u00e9 n\u00e1zvoslovie.\u00a0 A v\u00a0ka\u017edom odvetv\u00ed sa n\u00e1jdu odborn\u00e9 i\u00a0menej odborn\u00e9 vyjadrenia.\u00a0 Bolo by v\u0161ak treba nahlas poveda\u0165, \u017ee v\u00fdraz \u201ekybernetick\u00e1 bezpe\u010dnos\u0165\u201c je pri\u010dasto pou\u017e\u00edvan\u00fd v\u00a0nevhodnom kontexte.\u00a0 Sk\u00fasme sa na tento a s\u00favisiace v\u00fdrazy pozrie\u0165 podrobnej\u0161ie.<\/span><\/p>\n<\/div>\n<p style=\"text-align: justify;\">Prizn\u00e1vam, \u017ee to pseudomodern\u00e9 skres\u013eovanie n\u00e1zvoslovia prefixom &#8222;cyber&#8220; mi pr\u00edde rovnako sprofanovan\u00e9, ako buzzwordy typu &#8222;euro-nie\u010do&#8220;, &#8222;e-nie\u010do&#8220; a &#8222;eko-nie\u010do&#8220;. Kybernetika je veda o riaden\u00ed dynamick\u00fdch syst\u00e9mov. Prienik kybernetickej bezpe\u010dnosti s bezpe\u010dnos\u0165ou inform\u00e1cii s\u00edce jestvuje, ale nie je z\u00e1sadn\u00fd.<\/p>\n<p style=\"text-align: justify;\">Dovol\u00edm si v tomto duchu upriami\u0165 pozornos\u0165 na medzin\u00e1rodn\u00fa normu ISO\/IEC 27032:2012 <i>Information technology &#8212; Security techniques &#8212; Guidelines for cybersecurity. <\/i>\u00a0Je to ISO norma radu 27000, ktor\u00e1 sa zaober\u00e1 jednotliv\u00fdmi procesmi informa\u010dnej bezpe\u010dnosti. \u00a0Konkr\u00e9tne v\u00a0technickej norme 27032 s\u00fa op\u00edsan\u00e9 procesy, t\u00fdkaj\u00face sa po\u017eadovan\u00e9ho stavu kybernetickej bezpe\u010dnosti v\u00a0porovnan\u00ed s\u00a0bezpe\u010dnos\u0165ou inform\u00e1ci\u00ed, bezpe\u010dnos\u0165ou siet\u00ed, internetovou bezpe\u010dnos\u0165ou a\u00a0ochranou kritickej infra\u0161trukt\u00fary. Ale najm\u00e4 vysvet\u013euje vz\u0165ahy medzi kybernetickou bezpe\u010dnos\u0165ou a ostatn\u00fdmi typmi bezpe\u010dnosti.<\/p>\n<h1><\/h1>\n<h1>ISO vs. STN<\/h1>\n<p style=\"text-align: justify;\">Na \u00favod p\u00e1r slov o\u00a0ISO. Pod skratkou ISO sa ukr\u00fdva ozna\u010denie svetovej normaliza\u010dnej organiz\u00e1cie (International Organization for Standardization), ktor\u00e1 vznikla 23. febru\u00e1ra 1947 a ihne\u010f uviedla do platnosti celosvetovo platn\u00e9 pravidl\u00e1 du\u0161evn\u00e9ho vlastn\u00edctva a obchodn\u00fdch normat\u00edvov. S\u00eddlom organiz\u00e1cie je \u017deneva vo \u0160vaj\u010diarsku. Hoci je ISO mimovl\u00e1dna organiz\u00e1cia, normy a dokumenty vydan\u00e9 v p\u00f4sobnosti ISO maj\u00fa v\u010faka medzin\u00e1rodn\u00fdm zmluv\u00e1m a spolupr\u00e1ci s n\u00e1rodn\u00fdmi \u0161tandardiza\u010dn\u00fdmi \u00faradmi \u010dasto pr\u00e1vnu silu z\u00e1konov.<\/p>\n<p style=\"text-align: justify;\">Sp\u00f4sobov, ako uplatni\u0165 ISO normu na Slovensku je nieko\u013eko.\u00a0 Ak je pr\u00edslu\u0161n\u00e1 technick\u00e1 norma dostato\u010dne zauj\u00edmav\u00e1 a\u00a0jestvuje opr\u00e1vnen\u00fd predpoklad, \u017ee norma n\u00e1jde \u0161ir\u0161ie uplatnenie v\u00a0slovenskej praxi, je prevzat\u00e1 do s\u00fastavy Slovensk\u00fdch technick\u00fdch noriem vo forme \u00fapln\u00e9ho prekladu do sloven\u010diny. To je najzlo\u017eitej\u0161\u00ed z mo\u017en\u00fdch sp\u00f4sobov,\u00a0 preto\u017ee preklad normy je n\u00e1ro\u010dn\u00e1 \u010dinnos\u0165, podliehaj\u00faca ist\u00fdm pravidl\u00e1m. V\u00a0skupine odborn\u00edkov, \u010dlenov technickej komisie, ktor\u00ed ju dostan\u00fa na preklad, sa mus\u00ed predov\u0161etk\u00fdm n\u00e1js\u0165 \u00fapln\u00e1 zhoda v\u00a0preklade n\u00e1zvoslovia. A\u00a0po preklade jednotliv\u00fdch kapitol e\u0161te cel\u00fd n\u00e1vrh prekladu podlieha povinnej oponent\u00fare na jazykovednom \u00fastave, \u010do mnohokr\u00e1t vr\u00e1ti cel\u00fd preklad na sam\u00fd za\u010diatok.<\/p>\n<p style=\"text-align: justify;\">Jednoduch\u0161\u00edm sp\u00f4sobom, ako uplatni\u0165 technick\u00fa normu na Slovensku je jej prevzatie do s\u00fastavy STN bez prekladu, len s\u00a0tzv. n\u00e1rodn\u00fdm predhovorom. V\u00a0takomto pr\u00edpade zostane text samotnej normy v\u00a0origin\u00e1li, teda v\u00a0angli\u010dtine a\u00a0k\u00a0norme je pridan\u00e1 \u0161peci\u00e1lna \u201eko\u0161ie\u013eka\u201c. Slovensk\u00fd \u00fastav technickej normaliz\u00e1cie (S\u00daTN) v\u0161ak u\u017e na tak\u00fato prevzat\u00fa normu nazer\u00e1, ako keby ju vydal on s\u00e1m.<\/p>\n<p style=\"text-align: justify;\">Tret\u00ed sp\u00f4sob je za\u010da\u0165 jednoducho bezodkladne uplat\u0148ova\u0165 po\u017eiadavky pr\u00edslu\u0161nej origin\u00e1lnej technickej normy &#8211; nez\u00e1visle od toho, \u010di je prevzat\u00e1 do s\u00fastavy STN. Ve\u010f Slovensko je predsa jedn\u00fdm z\u00a0hlasuj\u00facich \u010dlenov\u00a0 svetovej normaliza\u010dnej organiz\u00e1cie. Obava, \u017ee by S\u00daTN vydal normu, ktor\u00e1 by bola v\u00a0rozpore s\u00a0niektorou platnou ISO normou je zbyto\u010dn\u00e1, preto\u017ee na to, aby\u00a0 sa nie\u010do tak\u00e9 prihodilo aj ne\u00famyselne,\u00a0 jestvuj\u00fa funguj\u00face mechanizmy.<\/p>\n<p>&nbsp;<\/p>\n<h1>Syst\u00e9m riadenia informa\u010dnej bezpe\u010dnosti<\/h1>\n<p style=\"text-align: justify;\">Ke\u010f\u017ee v\u00a0tomto \u010dl\u00e1nku diskutovan\u00e1 norma je s\u00fa\u010das\u0165ou rady noriem ISO 27 00x, na tomto mieste by bolo vhodn\u00e9 k\u00a0nim poveda\u0165 nieko\u013eko slov.\u00a0 A\u00a0naozaj len nieko\u013eko, preto\u017ee ISO 27000 je (a bude) t\u00e9ma na samostatn\u00fd \u010dl\u00e1nok. \u00a0ISO\/IEC 27000 je rad noriem, \u00a0ktor\u00fdm s\u00fa definovan\u00e9 po\u017eiadavky na syst\u00e9m riadenia bezpe\u010dnosti inform\u00e1ci\u00ed.\u00a0 ISO 27001 je samostatn\u00e1 \u0161pecifik\u00e1cia syst\u00e9mu bezpe\u010dnosti inform\u00e1ci\u00ed \u00a0(tzv. Information Security Management System &#8211; ISMS). \u00a0ISO 27002 s\u00fa odpor\u00fa\u010dania pre implement\u00e1ciu ISMS.<\/p>\n<p>Popis ucelen\u00e9ho radu noriem 27k n\u00e1jdete napr\u00edklad na adrese:\u00a0 <a href=\"http:\/\/www.iso27001security.com\/\" target=\"_blank\">www.iso27001security.com<\/a><\/p>\n<p>&nbsp;<\/p>\n<h1><\/h1>\n<h1>ISO 27032 \u2013 kybernetick\u00e1 bezpe\u010dnos\u0165<\/h1>\n<p>ISO\/IEC 27032:2012 Information technology &#8212; Security techniques &#8212; Guidelines for cybersecurity\u00a0 znamen\u00e1 v\u00a0preklade \u00a0\u201eInforma\u010dn\u00e9 technol\u00f3gie &#8212; Bezpe\u010dnostn\u00e9 techniky &#8212; \u00a0N\u00e1vody pre kybernetick\u00fa bezpe\u010dnos\u0165 \u201e<\/p>\n<p style=\"text-align: justify;\">Ako u\u017e z\u00a0n\u00e1zvu vypl\u00fdva,\u00a0 dokument je ur\u010den\u00fd ved\u00facim a riadiacim zamestnancom, \u0161pecialistom a odborn\u00edkom pracuj\u00facim v\u00a0oblasti bezpe\u010dnosti informa\u010dn\u00fdch syst\u00e9mov, ako odborn\u00e1 publik\u00e1cia,\u00a0 obsahuj\u00faca interpret\u00e1ciu pr\u00edstupu k zachovaniu d\u00f4vernosti, integrity a dostupnosti inform\u00e1ci\u00ed v kybernetickom priestore.\u00a0 Pri\u010dom <b>kybernetick\u00fd priestor \u00a0(cyberspace)<\/b> je definovan\u00fd ako\u00a0 komplexn\u00e9 virtu\u00e1lne prostredie, vypl\u00fdvaj\u00face z interakcie \u013eud\u00ed, softv\u00e9ru a slu\u017eieb na internete vykon\u00e1vanej pomocou technol\u00f3gi\u00ed, zariaden\u00ed a siet\u00ed k nemu pripojen\u00fdch, nez\u00e1visle od ich fyzickej formy.<\/p>\n<p style=\"text-align: justify;\">Zd\u00e1 sa V\u00e1m to m\u00e4t\u00face? Nie je to a\u017e tak\u00e9 nepochopite\u013en\u00e9, ak si jednotliv\u00e9 formul\u00e1cie nakresl\u00edte vo forme vz\u00e1jomn\u00e9ho prieniku jednotliv\u00fdch dom\u00e9n informa\u010dnej bezpe\u010dnosti. Nasleduj\u00faci obr\u00e1zok vz\u0165ahu medzi kybernetickou bezpe\u010dnos\u0165ou a\u00a0ostatn\u00fdmi dom\u00e9nami bezpe\u010dnosti je uveden\u00fd aj v\u00a0citovanej norme.<\/p>\n<p>&nbsp;<\/p>\n<p><a href=\"https:\/\/i0.wp.com\/preventista.sk\/info\/wp-content\/uploads\/2013\/10\/kyber_nieco.jpg?ssl=1\"><img data-recalc-dims=\"1\" loading=\"lazy\" decoding=\"async\" data-attachment-id=\"1542\" data-permalink=\"https:\/\/preventista.sk\/info\/kyber-nieco\/kyber_nieco\/\" data-orig-file=\"https:\/\/i0.wp.com\/preventista.sk\/info\/wp-content\/uploads\/2013\/10\/kyber_nieco.jpg?fit=677%2C446&amp;ssl=1\" data-orig-size=\"677,446\" data-comments-opened=\"1\" data-image-meta=\"{&quot;aperture&quot;:&quot;0&quot;,&quot;credit&quot;:&quot;&quot;,&quot;camera&quot;:&quot;&quot;,&quot;caption&quot;:&quot;&quot;,&quot;created_timestamp&quot;:&quot;0&quot;,&quot;copyright&quot;:&quot;&quot;,&quot;focal_length&quot;:&quot;0&quot;,&quot;iso&quot;:&quot;0&quot;,&quot;shutter_speed&quot;:&quot;0&quot;,&quot;title&quot;:&quot;&quot;}\" data-image-title=\"kyber_nieco\" data-image-description=\"\" data-image-caption=\"\" data-large-file=\"https:\/\/i0.wp.com\/preventista.sk\/info\/wp-content\/uploads\/2013\/10\/kyber_nieco.jpg?fit=677%2C446&amp;ssl=1\" class=\"alignnone size-full wp-image-1542\" alt=\"kyber_nieco\" src=\"https:\/\/i0.wp.com\/preventista.sk\/info\/wp-content\/uploads\/2013\/10\/kyber_nieco.jpg?resize=677%2C446&#038;ssl=1\" width=\"677\" height=\"446\" srcset=\"https:\/\/i0.wp.com\/preventista.sk\/info\/wp-content\/uploads\/2013\/10\/kyber_nieco.jpg?w=677&amp;ssl=1 677w, https:\/\/i0.wp.com\/preventista.sk\/info\/wp-content\/uploads\/2013\/10\/kyber_nieco.jpg?resize=150%2C98&amp;ssl=1 150w, https:\/\/i0.wp.com\/preventista.sk\/info\/wp-content\/uploads\/2013\/10\/kyber_nieco.jpg?resize=300%2C197&amp;ssl=1 300w, https:\/\/i0.wp.com\/preventista.sk\/info\/wp-content\/uploads\/2013\/10\/kyber_nieco.jpg?resize=207%2C136&amp;ssl=1 207w, https:\/\/i0.wp.com\/preventista.sk\/info\/wp-content\/uploads\/2013\/10\/kyber_nieco.jpg?resize=260%2C170&amp;ssl=1 260w, https:\/\/i0.wp.com\/preventista.sk\/info\/wp-content\/uploads\/2013\/10\/kyber_nieco.jpg?resize=430%2C283&amp;ssl=1 430w\" sizes=\"auto, (max-width: 677px) 100vw, 677px\" \/><\/a><\/p>\n<p>&nbsp;<\/p>\n<h1>Z\u00e1ver<\/h1>\n<p>Kybernetick\u00e1 bezpe\u010dnos\u0165 je jednou zo \u0161pecifick\u00fdch subdom\u00e9n informa\u010dnej bezpe\u010dnosti.<\/p>\n<p style=\"text-align: justify;\">Odborn\u00e1 discipl\u00edna <b>informa\u010dn\u00e1 bezpe\u010dnos\u0165 sa <\/b>zaober\u00e1 ot\u00e1zkou zaru\u010denia d\u00f4vernosti, integrity, dostupnosti a sledovate\u013enosti informa\u010dn\u00fdch akt\u00edv v\u0161eobecne, zatia\u013e \u010do <b>kybernetick\u00e1 bezpe\u010dnos\u0165 <\/b>\u00a0sa venuje bezpe\u010dnosti iba ur\u010ditej \u010dasti informa\u010dn\u00fdch akt\u00edv, konkr\u00e9tne t\u00fdch, ktor\u00e9 s\u00fa\u00a0 sprac\u00favan\u00e9 vo virtu\u00e1lnom priestore, zvanom <b>kybernetick\u00fd priestor<\/b>.<\/p>\n<p>&nbsp;<\/p>\n<p>Ivan Makat\u00fara<\/p>\n<p>&nbsp;<\/p>\n","protected":false},"excerpt":{"rendered":"<p>\u201ePanta rhei\u201c\u00a0 je Plat\u00f3nova skr\u00e1ten\u00e1 interpret\u00e1cia tvrdenia antick\u00e9ho filozofa Herakleita o\u00a0tom, \u017ee v\u0161etko sa neust\u00e1le men\u00ed. Slovami \u201eEverything counts\u201c nie\u010do podobn\u00e9 kon\u0161tatuje i synthpopov\u00e1 skupina Depeche Mode, na ktorej hudbe sme mnoh\u00ed vyrastali.\u00a0 Ka\u017ed\u00fd odbor postupne prech\u00e1dza zmenami, \u010d\u00edm sa upres\u0148uje aj pou\u017e\u00edvan\u00e9 n\u00e1zvoslovie.\u00a0 A v\u00a0ka\u017edom odvetv\u00ed sa n\u00e1jdu odborn\u00e9 i\u00a0menej odborn\u00e9 vyjadrenia.\u00a0 Bolo by [&hellip;]<\/p>\n","protected":false},"author":8,"featured_media":1981,"comment_status":"open","ping_status":"open","sticky":false,"template":"","format":"standard","meta":{"jetpack_post_was_ever_published":false,"_jetpack_newsletter_access":"","_jetpack_dont_email_post_to_subs":false,"_jetpack_newsletter_tier_id":0,"_jetpack_memberships_contains_paywalled_content":false,"_jetpack_memberships_contains_paid_content":false,"footnotes":""},"categories":[4],"tags":[32,96,98,97],"class_list":["post-1540","post","type-post","status-publish","format-standard","has-post-thumbnail","hentry","category-itbezp","tag-bezpecnost","tag-iso","tag-kybernetika","tag-stn"],"aioseo_notices":[],"jetpack_featured_media_url":"https:\/\/i0.wp.com\/preventista.sk\/info\/wp-content\/uploads\/2013\/10\/zamok.jpg?fit=700%2C400&ssl=1","jetpack_sharing_enabled":true,"jetpack-related-posts":[{"id":4121,"url":"https:\/\/preventista.sk\/info\/top10-autorov-sutaze-informacna-bezpecnost-ja-a-moja-skola-9\/","url_meta":{"origin":1540,"position":0},"title":"TOP10 autorov s\u00fa\u0165a\u017ee Informa\u010dn\u00e1 bezpe\u010dnos\u0165, ja a moja \u0161kola","author":"Redakcia","date":"9. marca 2021","format":false,"excerpt":"Karol\u00edna Pro\u010dkov\u00e1, Z\u0160 s M\u0160 Diviaky nad Nitricou Mobil, po\u010d\u00edta\u010d, telev\u00edzor \u2013 proste veci, ktor\u00e9 minuli n\u00e1\u0161ho predkaa n\u00e1m sa z nich st\u00e1va najpevnej\u0161ia klietka.Bez t\u00fdchto vec\u00ed si dnes nevieme predstavi\u0165, ako \u017ei\u0165.Oni si v\u0161ak aj bez nich dok\u00e1zali poradi\u0165. Ke\u010f nie\u010do chceme vedie\u0165, je n\u00e1m pohodlnej\u0161ie to do mobilu\u2026","rel":"","context":"V &quot;S\u00fa\u0165a\u017ee&quot;","block_context":{"text":"S\u00fa\u0165a\u017ee","link":"https:\/\/preventista.sk\/info\/category\/akcie\/sutaze\/"},"img":{"alt_text":"","src":"https:\/\/i0.wp.com\/preventista.sk\/info\/wp-content\/uploads\/2020\/11\/s%C3%BAta%C5%BE-Report%C3%A9r-mini.png?resize=350%2C200","width":350,"height":200},"classes":[]},{"id":4117,"url":"https:\/\/preventista.sk\/info\/top10-autorov-sutaze-informacna-bezpecnost-ja-a-moja-skola-8\/","url_meta":{"origin":1540,"position":1},"title":"TOP10 autorov s\u00fa\u0165a\u017ee Informa\u010dn\u00e1 bezpe\u010dnos\u0165, ja a moja \u0161kola","author":"Redakcia","date":"2. marca 2021","format":false,"excerpt":"Luk\u00e1\u0161 La\u0161\u0161\u00e1k, Z\u0160 s M\u0160 Diviaky nad Nitricou M\u00f4j \u010dl\u00e1nok k t\u00e9me Informatick\u00e1 bezpe\u010dnos\u0165, ja a moja \u0161kola za\u010dnem slovami zn\u00e1mej a mne ve\u013emi ob\u013e\u00fabenej piesni od Simi Martausovej: \u201eIPhone, smartfony, mufl\u00f3ny, asi sa v tom u\u017e str\u00e1cam, zazvon\u00ed, zazvon\u00ed, zazvon\u00ed je z toho. kuca paca!\u201c. To\u013eko pravdy je v\u2026","rel":"","context":"V &quot;S\u00fa\u0165a\u017ee&quot;","block_context":{"text":"S\u00fa\u0165a\u017ee","link":"https:\/\/preventista.sk\/info\/category\/akcie\/sutaze\/"},"img":{"alt_text":"","src":"https:\/\/i0.wp.com\/preventista.sk\/info\/wp-content\/uploads\/2020\/11\/s%C3%BAta%C5%BE-Report%C3%A9r-mini.png?resize=350%2C200","width":350,"height":200},"classes":[]},{"id":62,"url":"https:\/\/preventista.sk\/info\/sutaze-zamerane-na-prevenciu-it-kriminality\/","url_meta":{"origin":1540,"position":2},"title":"S\u00fa\u0165a\u017ee zameran\u00e9 na prevenciu IT kriminality","author":"J. Oster","date":"20. septembra 2012","format":false,"excerpt":"S\u00fa\u0165a\u017ee zameran\u00e9 na prevenciu IT kriminality, nebezpe\u010denstiev internetu \u00a0a soci\u00e1lnych siet\u00ed \u2013 zmyslupln\u00e9 aktivity alebo len m\u00f3dna vlna bez konkr\u00e9tneho pr\u00ednosu? Autor je \u010dlenom Poradn\u00e9ho v\u00fdboru projektu ZODPOVEDNE.SK Op\u00fdtali sme sa priamo v\u00ed\u0165azov dvoch s\u00fa\u0165a\u017e\u00ed organizovan\u00fdch v\u00a0predch\u00e1dzaj\u00facich obdobiach , ak\u00fd je ich poh\u013ead na d\u00f4vod pre\u010do ich s\u00fa\u0165a\u017e s\u00a0problematikou prevencie\u2026","rel":"","context":"V &quot;IT kriminalita&quot;","block_context":{"text":"IT kriminalita","link":"https:\/\/preventista.sk\/info\/category\/prevencia\/itkrim\/"},"img":{"alt_text":"ide","src":"https:\/\/i0.wp.com\/preventista.sk\/info\/wp-content\/uploads\/2012\/09\/N%C3%A1pad.jpg?fit=700%2C400&ssl=1&resize=350%2C200","width":350,"height":200,"srcset":"https:\/\/i0.wp.com\/preventista.sk\/info\/wp-content\/uploads\/2012\/09\/N%C3%A1pad.jpg?fit=700%2C400&ssl=1&resize=350%2C200 1x, https:\/\/i0.wp.com\/preventista.sk\/info\/wp-content\/uploads\/2012\/09\/N%C3%A1pad.jpg?fit=700%2C400&ssl=1&resize=525%2C300 1.5x, https:\/\/i0.wp.com\/preventista.sk\/info\/wp-content\/uploads\/2012\/09\/N%C3%A1pad.jpg?fit=700%2C400&ssl=1&resize=700%2C400 2x"},"classes":[]},{"id":3968,"url":"https:\/\/preventista.sk\/info\/top10-autorov-sutaze-informacna-bezpecnost-ja-a-moja-skola\/","url_meta":{"origin":1540,"position":3},"title":"TOP10 autorov s\u00fa\u0165a\u017ee Informa\u010dn\u00e1 bezpe\u010dnos\u0165, ja a moja \u0161kola\u00a0","author":"Redakcia","date":"16. decembra 2020","format":false,"excerpt":"Simona Talar\u010d\u00edkov\u00e1\u00a0 Evanjelick\u00e9 gymn\u00e1zium Juraja Tranovsk\u00e9ho Liptovsk\u00fd Mikul\u00e1\u0161 U\u017e od za\u010diatku \u0161t\u00fadia na strednej \u0161kole sa mnoh\u00ed \u0161tudenti vr\u00e1tane m\u0148a za\u010dali stret\u00e1va\u0165 s pojmom ,,informa\u010dn\u00e1 bezpe\u010dnos\u0165\u201c. Av\u0161ak st\u00e1le niektor\u00fdm z n\u00e1s rob\u00ed celkom probl\u00e9m vysvetli\u0165, \u010do to informa\u010dn\u00e1 bezpe\u010dnos\u0165 je a \u010do v\u0161etko zah\u0155\u0148a.\u00a0 V \u00faplnej podstate by sme mali\u2026","rel":"","context":"V &quot;S\u00fa\u0165a\u017ee&quot;","block_context":{"text":"S\u00fa\u0165a\u017ee","link":"https:\/\/preventista.sk\/info\/category\/akcie\/sutaze\/"},"img":{"alt_text":"","src":"https:\/\/i0.wp.com\/preventista.sk\/info\/wp-content\/uploads\/2020\/11\/s%C3%BAta%C5%BE-Report%C3%A9r-mini.png?resize=350%2C200","width":350,"height":200},"classes":[]},{"id":4375,"url":"https:\/\/preventista.sk\/info\/preco-sa-bojime-viacfaktorovej-autentifikacie-ved-ju-pouzivali-nasi-stari-rodicia\/","url_meta":{"origin":1540,"position":4},"title":"Pre\u010do sa boj\u00edme viacfaktorovej autentifik\u00e1cie?, ve\u010f ju pou\u017e\u00edvali  na\u0161i star\u00ed rodi\u010dia!","author":"Marek Zeman","date":"25. marca 2021","format":false,"excerpt":"\u201eSvet okolo n\u00e1s sa zmenil\u201c je jedna z\u00a0prv\u00fdch viet vo filme P\u00e1n prste\u0148ov. Vo filme to bola cesta k\u00a0rastu tmy a\u00a0teda zl\u00e9ho. N\u00e1m sa tak\u00e1to priama interpret\u00e1cia asi nepodar\u00ed. Hoci okolo n\u00e1s z\u00fari pand\u00e9mia a\u00a0neistota, my si u\u017e\u00edvame relat\u00edvny pokoj a\u00a0dostatok zdrojov. Priestor sa v\u0161ak zmenil aj pre n\u00e1s. Obmedzil\u2026","rel":"","context":"V &quot;Bezpe\u010dnos\u0165&quot;","block_context":{"text":"Bezpe\u010dnos\u0165","link":"https:\/\/preventista.sk\/info\/category\/itbezp\/"},"img":{"alt_text":"","src":"https:\/\/i0.wp.com\/preventista.sk\/info\/wp-content\/uploads\/2021\/03\/SafeNet-Authentication-Client-Diagram.jpg?resize=350%2C200&ssl=1","width":350,"height":200,"srcset":"https:\/\/i0.wp.com\/preventista.sk\/info\/wp-content\/uploads\/2021\/03\/SafeNet-Authentication-Client-Diagram.jpg?resize=350%2C200&ssl=1 1x, https:\/\/i0.wp.com\/preventista.sk\/info\/wp-content\/uploads\/2021\/03\/SafeNet-Authentication-Client-Diagram.jpg?resize=525%2C300&ssl=1 1.5x, https:\/\/i0.wp.com\/preventista.sk\/info\/wp-content\/uploads\/2021\/03\/SafeNet-Authentication-Client-Diagram.jpg?resize=700%2C400&ssl=1 2x, https:\/\/i0.wp.com\/preventista.sk\/info\/wp-content\/uploads\/2021\/03\/SafeNet-Authentication-Client-Diagram.jpg?resize=1050%2C600&ssl=1 3x"},"classes":[]},{"id":4123,"url":"https:\/\/preventista.sk\/info\/top10-autorov-sutaze-informacna-bezpecnost-ja-a-moja-skola-46\/","url_meta":{"origin":1540,"position":5},"title":"TOP10 autorov s\u00fa\u0165a\u017ee Informa\u010dn\u00e1 bezpe\u010dnos\u0165, ja a moja \u0161kola","author":"Redakcia","date":"23. febru\u00e1ra 2021","format":false,"excerpt":"Michal Kunkel, Z\u0160 s M\u0160 Diviaky nad Nitricou O v\u00fdhre Janko: \u201e Dnes som na internete videl, \u017ee m\u00f4\u017ee\u0161 vyhra\u0165 tis\u00edc eur. Sta\u010d\u00ed klikn\u00fa\u0165 na odkaz v rohu str\u00e1nky.\u201c Ferko: \u201eA vyhral si?\u201c Janko: \u201eKe\u010f som na odkaz klikol, zobrazila sa mi \u010fal\u0161ia str\u00e1nka s nov\u00fdmi ponukami.\u201c Ferko: \u201eTeda! A\u2026","rel":"","context":"V &quot;S\u00fa\u0165a\u017ee&quot;","block_context":{"text":"S\u00fa\u0165a\u017ee","link":"https:\/\/preventista.sk\/info\/category\/akcie\/sutaze\/"},"img":{"alt_text":"","src":"https:\/\/i0.wp.com\/preventista.sk\/info\/wp-content\/uploads\/2020\/11\/s%C3%BAta%C5%BE-Report%C3%A9r-mini.png?resize=350%2C200","width":350,"height":200},"classes":[]}],"_links":{"self":[{"href":"https:\/\/preventista.sk\/info\/wp-json\/wp\/v2\/posts\/1540","targetHints":{"allow":["GET"]}}],"collection":[{"href":"https:\/\/preventista.sk\/info\/wp-json\/wp\/v2\/posts"}],"about":[{"href":"https:\/\/preventista.sk\/info\/wp-json\/wp\/v2\/types\/post"}],"author":[{"embeddable":true,"href":"https:\/\/preventista.sk\/info\/wp-json\/wp\/v2\/users\/8"}],"replies":[{"embeddable":true,"href":"https:\/\/preventista.sk\/info\/wp-json\/wp\/v2\/comments?post=1540"}],"version-history":[{"count":18,"href":"https:\/\/preventista.sk\/info\/wp-json\/wp\/v2\/posts\/1540\/revisions"}],"predecessor-version":[{"id":2007,"href":"https:\/\/preventista.sk\/info\/wp-json\/wp\/v2\/posts\/1540\/revisions\/2007"}],"wp:featuredmedia":[{"embeddable":true,"href":"https:\/\/preventista.sk\/info\/wp-json\/wp\/v2\/media\/1981"}],"wp:attachment":[{"href":"https:\/\/preventista.sk\/info\/wp-json\/wp\/v2\/media?parent=1540"}],"wp:term":[{"taxonomy":"category","embeddable":true,"href":"https:\/\/preventista.sk\/info\/wp-json\/wp\/v2\/categories?post=1540"},{"taxonomy":"post_tag","embeddable":true,"href":"https:\/\/preventista.sk\/info\/wp-json\/wp\/v2\/tags?post=1540"}],"curies":[{"name":"wp","href":"https:\/\/api.w.org\/{rel}","templated":true}]}}