{"id":1639,"date":"2013-11-22T15:16:56","date_gmt":"2013-11-22T14:16:56","guid":{"rendered":"http:\/\/preventista.sk\/info\/?p=1639"},"modified":"2014-02-04T11:36:24","modified_gmt":"2014-02-04T10:36:24","slug":"europania-pocituju-hrozbu-pocitacovej-kriminality","status":"publish","type":"post","link":"https:\/\/preventista.sk\/info\/europania-pocituju-hrozbu-pocitacovej-kriminality\/","title":{"rendered":"Eur\u00f3pania poci\u0165uj\u00fa hrozbu po\u010d\u00edta\u010dovej kriminality"},"content":{"rendered":"<p><strong>Nov\u00fd Eurobarometer: Eur\u00f3pania poci\u0165uj\u00fa hrozbu po\u010d\u00edta\u010dovej kriminality<\/strong><\/p>\n<p><em>zdroj: \u00a0 \u00a0 \u00a0<\/em><em>Tla\u010dov\u00e1 spr\u00e1va Eur\u00f3pskej komisie, 22.novembra 2013 \u00a0<\/em><\/p>\n<p style=\"text-align: left;\">\u00a0 \u00a0 \u00a0 \u00a0 \u00a0 \u00a0 \u00a0 \u00a0 \u00a0\u00a0<a href=\"http:\/\/europa.eu\/rapid\/press-release_IP-13-1130_sk.htm\">http:\/\/europa.eu\/rapid\/press-release_IP-13-1130_sk.htm<\/a><\/p>\n<p>Pou\u017e\u00edvatelia internetu v E\u00da s\u00fa st\u00e1le ve\u013emi znepokojen\u00ed hrozbou po\u010d\u00edta\u010dovej kriminality. Vypl\u00fdva to z dnes uverejnen\u00e9ho prieskumu Eurobarometer. 76 % respondentov v prieskume uviedlo, \u017ee riziko, \u017ee sa stan\u00fa obe\u0165ami po\u010d\u00edta\u010dovej kriminality, sa za posledn\u00fd rok zv\u00fd\u0161ilo. Oproti podobn\u00e9mu prieskumu z roku 2012 ide o mierny n\u00e1rast.<\/p>\n<p>Zatia\u013e \u010do 70 % pou\u017e\u00edvate\u013eov internetu v celej E\u00da si ver\u00ed, \u017ee dok\u00e1\u017eu internet pou\u017e\u00edva\u0165 na nakupovanie online alebo uskuto\u010d\u0148ovanie internet bankingu, asi len 50 % tak aj skuto\u010dne rob\u00ed. T\u00e1to v\u00fdrazn\u00e1 medzera poukazuje na negat\u00edvny vplyv po\u010d\u00edta\u010dovej kriminality na jednotn\u00fd digit\u00e1lny trh, pri\u010dom dve najv\u00e4\u010d\u0161ie obavy pri uskuto\u010d\u0148ovan\u00ed \u010dinnost\u00ed online sa t\u00fdkaj\u00fa zneu\u017e\u00edvania osobn\u00fdch \u00fadajov (spomenulo ho 37\u00a0% respondentov) a bezpe\u010dnosti internetov\u00fdch platieb (35 %).<\/p>\n<p>\u201ePo\u010d\u00edta\u010dov\u00e9 hrozby sa ka\u017ed\u00fdm d\u0148om vyv\u00edjaj\u00fa, \u010do podkop\u00e1va na\u0161u d\u00f4veru v online prostredie \u2013 objavuj\u00fa sa nov\u00e9 bezpe\u010dnostn\u00e9 diery, nov\u00e9 met\u00f3dy a prostredia p\u00e1chania zlo\u010dinu a ka\u017edodenne po\u010dujeme o nov\u00fdch obetiach. Sme odhodlan\u00ed na\u010falej vyv\u00edja\u0165 nov\u00e9 n\u00e1stroje, nov\u00e9 sp\u00f4soby spolupr\u00e1ce a nov\u00e9 opatrenia, aby sme hrozby zastavili,\u201c vrav\u00ed komis\u00e1rka pre vn\u00fatorn\u00e9 z\u00e1le\u017eitosti Cecilia Malmstr\u00f6mov\u00e1.<\/p>\n<p>Povzbudiv\u00e9 je, \u017ee v porovnan\u00ed s rokom 2012 sa o rizik\u00e1ch po\u010d\u00edta\u010dovej kriminality c\u00edti by\u0165 dobre informovan\u00fdch viac ob\u010danov E\u00da (44 % oproti 38 %). Zd\u00e1 sa v\u0161ak, \u017ee tieto inform\u00e1cie nedok\u00e1\u017eu v\u017edy pretavi\u0165 do potrebn\u00fdch konkr\u00e9tnych krokov. Napr\u00edklad, menej ne\u017e polovica pou\u017e\u00edvate\u013eov internetu si za posledn\u00fd rok zmenila svoje pr\u00edstupov\u00e9 heslo k online slu\u017ebe (48 %, \u010do je len zanedbate\u013ene viac ne\u017e 45 % v roku 2012).<\/p>\n<p>\u201eZ prieskumu vypl\u00fdva, \u017ee po\u010d\u00edta\u010dov\u00e1 kriminalita nane\u0161\u0165astie na\u010falej negat\u00edvne vpl\u00fdva na na\u0161e hospod\u00e1rstvo. Ak m\u00e1me zabezpe\u010di\u0165, aby ob\u010dania a podniky mohli vyu\u017e\u00edva\u0165 v\u0161etky pr\u00edle\u017eitosti, ktor\u00e9 im pon\u00fakaj\u00fa digit\u00e1lne technol\u00f3gie, je pri zabezpe\u010dovan\u00ed \u00fa\u010dinnej reakcie na tento jav potrebn\u00e1 spolupr\u00e1ca medzi v\u0161etk\u00fdmi akt\u00e9rmi. Zabudn\u00fa\u0165 v\u0161ak nesmieme na to, \u017ee mnoh\u00fdm incidentom by sa dalo pred\u00eds\u0165 jednoducho t\u00fdm, \u017ee by pou\u017e\u00edvatelia podnikli \u013eahk\u00e9 a nen\u00e1kladn\u00e9 protiopatrenia,\u201c dod\u00e1va Cecilia Malmstr\u00f6mov\u00e1.<\/p>\n<p>Z prieskumu, v r\u00e1mci ktor\u00e9ho bolo osloven\u00fdch vy\u0161e 27 000 \u013eud\u00ed vo v\u0161etk\u00fdch \u010dlensk\u00fdch \u0161t\u00e1toch, vyplynulo aj to, \u017ee:<\/p>\n<p>87 % respondentov nezverej\u0148uje osobn\u00e9 inform\u00e1cie v online prostred\u00ed (\u010do predstavuje mierny pokles oproti 89 % v roku 2012);<\/p>\n<p>v\u00e4\u010d\u0161ina respondentov sa st\u00e1le nec\u00edti dostato\u010dne informovan\u00e1 o rizik\u00e1ch s\u00favisiacich s po\u010d\u00edta\u010dovou kriminalitou (52 % v porovnan\u00ed s 59 % v roku 2012);<\/p>\n<p>12 % pou\u017e\u00edvate\u013eov internetu u\u017e za\u017eilo situ\u00e1ciu, kedy sa niekto nab\u00faral do ich e-mailov\u00e9ho \u00fa\u010dtu alebo \u00fa\u010dtu na soci\u00e1lnej sieti; 7 % sa stalo obe\u0165ou online podvodu s kreditnou kartou \u010di internetov\u00fdm bankingom;<\/p>\n<p>do\u0161lo k v\u00fdrazn\u00e9mu n\u00e1rastu po\u010dtu pou\u017e\u00edvate\u013eov, ktor\u00ed pristupuj\u00fa do internetu pomocou smartf\u00f3nu (35 % oproti minul\u00fdm 24 %), resp. pomocou tabletu \u010di in\u00e9ho zariadenia s dotykovou obrazovkou (14 % oproti minul\u00fdm 6 %).<\/p>\n<p>S\u00favislosti<\/p>\n<p>Eur\u00f3pska komisia sa sna\u017e\u00ed posilni\u0165 celkov\u00fa reakciu E\u00da na po\u010d\u00edta\u010dov\u00fa kriminalitu a prispie\u0165 k zlep\u0161eniu po\u010d\u00edta\u010dovej bezpe\u010dnosti pre v\u0161etk\u00fdch ob\u010danov.<\/p>\n<p>Spomedzi mnoh\u00fdm pr\u00edkladov mo\u017eno uvies\u0165 Eur\u00f3pske centrum boja proti po\u010d\u00edta\u010dovej kriminalite (<a href=\"https:\/\/www.europol.europa.eu\/ec3\">EC3<\/a>), ktor\u00e9 bolo spusten\u00e9 v janu\u00e1ri a ktor\u00e9 vyv\u00edja \u010dinnos\u0165 smerom ku kolekt\u00edvnej reakcii E\u00da na hrozby poch\u00e1dzaj\u00face z internetov\u00e9ho prostredia (<a href=\"http:\/\/europa.eu\/rapid\/press-release_IP-13-13_sk.htm\">IP\/13\/13<\/a>). Spolupr\u00e1ca s agent\u00farami presadzovania pr\u00e1va a pomoc t\u00fdmto agent\u00faram v \u010dlensk\u00fdch \u0161t\u00e1toch i mimo nich s\u00fa pre EC3 \u00fastrednou prioritou, pri\u010dom EC3 sa s\u00fastre\u010fuje aj na nadv\u00e4zovanie spolupr\u00e1ce so spolo\u010denstvami vr\u00e1tane t\u00edmov reakcie na n\u00fadzov\u00e9 po\u010d\u00edta\u010dov\u00e9 situ\u00e1cie (CERT) a s\u00fakromn\u00e9ho sektora.<\/p>\n<p>Vo febru\u00e1ri Komisia spolu s Eur\u00f3pskou slu\u017ebou pre vonkaj\u0161iu \u010dinnos\u0165 z\u00e1rove\u0148 prijala strat\u00e9giu kybernetickej bezpe\u010dnosti pre Eur\u00f3psku \u00faniu (<a href=\"http:\/\/europa.eu\/rapid\/press-release_IP-13-94_sk.htm\">IP\/13\/94<\/a> a <a href=\"http:\/\/europa.eu\/rapid\/press-release_MEMO-13-71_en.htm\">MEMO\/13\/71<\/a>). Boj proti po\u010d\u00edta\u010dovej kriminalite je neoddelite\u013enou s\u00fa\u010das\u0165ou politickej reakcie, ktor\u00e1 sa uv\u00e1dza v tejto strat\u00e9gii. Priority v tejto oblasti zah\u0155\u0148aj\u00fa pomoc \u010dlensk\u00fdm \u0161t\u00e1tom pri identifikovan\u00ed a rie\u0161en\u00ed nedostatkov v schopnosti bojova\u0165 proti po\u010d\u00edta\u010dovej kriminalite, ako aj podporu spolupr\u00e1ce medzi EC3, \u010dlensk\u00fdmi \u0161t\u00e1tmi a ostatn\u00fdmi akt\u00e9rmi.<\/p>\n<p>E\u00da navy\u0161e v auguste prijala nov\u00e9 pravidl\u00e1, ktor\u00fdmi sa posilnili eur\u00f3pske obrann\u00e9 mechanizmy proti kybernetick\u00fdm \u00fatokom a medzi ktor\u00e9 patr\u00ed napr. aj kriminaliz\u00e1cia tzv. \u201ebotnetov\u201c, t. j. siet\u00ed nakazen\u00fdch po\u010d\u00edta\u010dov, ktor\u00fdch v\u00fdpo\u010dtov\u00e1 sila sa vyu\u017e\u00edva na kybernetick\u00e9 \u00fatoky, a in\u00fdch n\u00e1strojov pou\u017e\u00edvan\u00fdch po\u010d\u00edta\u010dov\u00fdmi zlo\u010dincami (<a href=\"http:\/\/europa.eu\/rapid\/press-release_MEMO-13-661_en.htm\">MEMO\/13\/661<\/a>). Zav\u00e1dzaj\u00fa sa aj nov\u00e9 pri\u0165a\u017euj\u00face okolnosti a vy\u0161\u0161ie trestn\u00e9 sankcie, aby sa \u00fa\u010dinn\u00fdm sp\u00f4sobom mohlo predch\u00e1dza\u0165 \u00fatokom proti informa\u010dn\u00fdm syst\u00e9mom. Smernica navy\u0161e zlep\u0161uje cezhrani\u010dn\u00fa spolupr\u00e1cu medzi s\u00fadnictvom a policajn\u00fdmi zlo\u017ekami \u010dlensk\u00fdch \u0161t\u00e1tov E\u00da.<\/p>\n<p>&nbsp;<\/p>\n","protected":false},"excerpt":{"rendered":"<p>Nov\u00fd Eurobarometer: Eur\u00f3pania poci\u0165uj\u00fa hrozbu po\u010d\u00edta\u010dovej kriminality zdroj: \u00a0 \u00a0 \u00a0Tla\u010dov\u00e1 spr\u00e1va Eur\u00f3pskej komisie, 22.novembra 2013 \u00a0 \u00a0 \u00a0 \u00a0 \u00a0 \u00a0 \u00a0 \u00a0 \u00a0 \u00a0\u00a0http:\/\/europa.eu\/rapid\/press-release_IP-13-1130_sk.htm Pou\u017e\u00edvatelia internetu v E\u00da s\u00fa st\u00e1le ve\u013emi znepokojen\u00ed hrozbou po\u010d\u00edta\u010dovej kriminality. Vypl\u00fdva to z dnes uverejnen\u00e9ho prieskumu Eurobarometer. 76 % respondentov v prieskume uviedlo, \u017ee riziko, \u017ee sa stan\u00fa [&hellip;]<\/p>\n","protected":false},"author":1,"featured_media":1988,"comment_status":"open","ping_status":"open","sticky":false,"template":"","format":"standard","meta":{"jetpack_post_was_ever_published":false,"_jetpack_newsletter_access":"","_jetpack_dont_email_post_to_subs":false,"_jetpack_newsletter_tier_id":0,"_jetpack_memberships_contains_paywalled_content":false,"_jetpack_memberships_contains_paid_content":false,"footnotes":""},"categories":[61],"tags":[32,23,51],"class_list":["post-1639","post","type-post","status-publish","format-standard","has-post-thumbnail","hentry","category-prevencia","tag-bezpecnost","tag-it-kriminalita","tag-prevencia-it-kriminality"],"aioseo_notices":[],"jetpack_featured_media_url":"https:\/\/i0.wp.com\/preventista.sk\/info\/wp-content\/uploads\/2013\/11\/EU.jpg?fit=700%2C400&ssl=1","jetpack_sharing_enabled":true,"jetpack-related-posts":[{"id":3411,"url":"https:\/\/preventista.sk\/info\/pocitacova-internetova-kriminalita-a-jej-prevencia-v-skolskom-prostredi\/","url_meta":{"origin":1639,"position":0},"title":"Po\u010d\u00edta\u010dov\u00e1 (internetov\u00e1) kriminalita a jej prevencia v \u0161kolskom prostred\u00ed","author":"J. Oster","date":"5. marca 2017","format":false,"excerpt":"T\u00e9mu po\u010d\u00edta\u010dovej (internetovej) kriminality mo\u017eno pribl\u00ed\u017ei\u0165 z\u00a0viacer\u00fdch uhlov poh\u013eadu \u2013 technologick\u00e9ho, kriminologick\u00e9ho, mor\u00e1lneho, pr\u00e1vneho \u010di z\u00a0poh\u013eadu prevencie. S\u00a0probl\u00e9mami vyu\u017e\u00edvania po\u010d\u00edta\u010dov\u00fdch technol\u00f3gi\u00ed najm\u00e4 od obdobia mas\u00edvneho n\u00e1rastu vyu\u017e\u00edvania internetu sa stret\u00e1vaj\u00fa v\u00a0princ\u00edpe v\u0161etci, \u0161kolsk\u00fd sektor nevyn\u00edmaj\u00fac. Pr\u00e1ve \u0161kolsk\u00fd sektor sa v\u0161ak pot\u00fdka pri rie\u0161en\u00ed tejto problematiky s\u00a0radom probl\u00e9mov, po\u010d\u00ednaj\u00fac vedomostnou \u00farov\u0148ou,\u2026","rel":"","context":"V &quot;IT kriminalita&quot;","block_context":{"text":"IT kriminalita","link":"https:\/\/preventista.sk\/info\/category\/prevencia\/itkrim\/"},"img":{"alt_text":"pocitacova kriminalita","src":"https:\/\/i0.wp.com\/preventista.sk\/info\/wp-content\/uploads\/2017\/03\/pocitacova-kriminalita.png?fit=800%2C400&ssl=1&resize=350%2C200","width":350,"height":200,"srcset":"https:\/\/i0.wp.com\/preventista.sk\/info\/wp-content\/uploads\/2017\/03\/pocitacova-kriminalita.png?fit=800%2C400&ssl=1&resize=350%2C200 1x, https:\/\/i0.wp.com\/preventista.sk\/info\/wp-content\/uploads\/2017\/03\/pocitacova-kriminalita.png?fit=800%2C400&ssl=1&resize=525%2C300 1.5x, https:\/\/i0.wp.com\/preventista.sk\/info\/wp-content\/uploads\/2017\/03\/pocitacova-kriminalita.png?fit=800%2C400&ssl=1&resize=700%2C400 2x"},"classes":[]},{"id":4403,"url":"https:\/\/preventista.sk\/info\/prevencia-pocitacovej-kriminality-a-jej-vyuzitie-v-praci-s-mladezou\/","url_meta":{"origin":1639,"position":1},"title":"Prevencia po\u010d\u00edta\u010dovej kriminality a jej vyu\u017eitie v pr\u00e1ci s ml\u00e1de\u017eou","author":"Redakcia","date":"6. apr\u00edla 2021","format":false,"excerpt":"Vzdel\u00e1vanie, z\u00e1bava, stret\u00e1vanie sa s\u00a0priate\u013emi, aj pr\u00e1ca, \u010di h\u013eadanie zamestnania, to v\u0161etko sa aj pre deti a\u00a0mlad\u00fdch \u013eud\u00ed presunulo v\u00a0uplynul\u00fdch dvan\u00e1stich mesiacoch do virtu\u00e1lneho prostredia. Ohromn\u00e9 skoky v\u00a0technick\u00fdch aj technologick\u00fdch kompetenci\u00e1ch je nevyhnutn\u00e9 dop\u013a\u0148a\u0165 aj zvy\u0161ovan\u00edm kompetenci\u00ed v\u00a0oblasti prevencie bezpe\u010dnosti v\u00a0online priestore. Vypo\u010duli sme hlas pracovn\u00edkov a\u00a0pracovn\u00ed\u010dok s\u00a0ml\u00e1de\u017eou, \u010di \u010fal\u0161\u00edch\u2026","rel":"","context":"V &quot;Prevencia&quot;","block_context":{"text":"Prevencia","link":"https:\/\/preventista.sk\/info\/category\/prevencia\/"},"img":{"alt_text":"","src":"https:\/\/i0.wp.com\/preventista.sk\/info\/wp-content\/uploads\/2021\/01\/IUVENTA_logo_PNG-e1610132456341.png?resize=350%2C200","width":350,"height":200},"classes":[]},{"id":4694,"url":"https:\/\/preventista.sk\/info\/prieskum-preventista-2022\/","url_meta":{"origin":1639,"position":2},"title":"Prieskum Preventista 2022","author":"Redakcia","date":"22. janu\u00e1ra 2022","format":false,"excerpt":"Zapojte sa do n\u00e1\u0161ho prieskumu zameran\u00e9ho na prevenciu po\u010d\u00edta\u010dovej kriminality Na\u010d\u00edtava sa\u2026","rel":"","context":"V &quot;Prieskumy&quot;","block_context":{"text":"Prieskumy","link":"https:\/\/preventista.sk\/info\/category\/skusenosti\/prieskumy\/"},"img":{"alt_text":"","src":"https:\/\/i0.wp.com\/preventista.sk\/info\/wp-content\/uploads\/2022\/01\/Prieskum-Preventista-2022.png?resize=350%2C200&ssl=1","width":350,"height":200,"srcset":"https:\/\/i0.wp.com\/preventista.sk\/info\/wp-content\/uploads\/2022\/01\/Prieskum-Preventista-2022.png?resize=350%2C200&ssl=1 1x, https:\/\/i0.wp.com\/preventista.sk\/info\/wp-content\/uploads\/2022\/01\/Prieskum-Preventista-2022.png?resize=525%2C300&ssl=1 1.5x, https:\/\/i0.wp.com\/preventista.sk\/info\/wp-content\/uploads\/2022\/01\/Prieskum-Preventista-2022.png?resize=700%2C400&ssl=1 2x"},"classes":[]},{"id":6016,"url":"https:\/\/preventista.sk\/info\/debatky-o-bezpecnosti\/","url_meta":{"origin":1639,"position":3},"title":"Debatky o bezpe\u010dnosti I.","author":"Redakcia","date":"14. augusta 2024","format":false,"excerpt":"Na sklonku \u0161kolsk\u00fdch pr\u00e1zdnin \u0161tartujeme n\u00e1\u0161 nov\u00fd seri\u00e1l rozhovorov na r\u00f4zne bezpe\u010dnostn\u00e9 t\u00e9my pod n\u00e1zvom Debatky o\u00a0bezpe\u010dnosti. Ako prv\u00e9ho sme vyspovedali jedn\u00e9ho zo zakladate\u013eov n\u00e1\u0161ho OZ \u2013 Jaroslava Ostera. Ke\u010f\u017ee je s\u00fadnym znalcom, t\u00e9ma kriminality, jej reality, vy\u0161etrovania a\u00a0prevencie sa vlastne pon\u00fakla sama. Zdroj obr\u00e1zku: AI Microsoft Copilot Designer, 2024\u2026","rel":"","context":"V &quot;Debatky o bezpe\u010dnosti&quot;","block_context":{"text":"Debatky o bezpe\u010dnosti","link":"https:\/\/preventista.sk\/info\/category\/itbezp\/debatky-o-bezpecnosti\/"},"img":{"alt_text":"","src":"https:\/\/i0.wp.com\/preventista.sk\/info\/wp-content\/uploads\/2024\/08\/rozhovor_obr_copilot.jpeg?resize=350%2C200&ssl=1","width":350,"height":200,"srcset":"https:\/\/i0.wp.com\/preventista.sk\/info\/wp-content\/uploads\/2024\/08\/rozhovor_obr_copilot.jpeg?resize=350%2C200&ssl=1 1x, https:\/\/i0.wp.com\/preventista.sk\/info\/wp-content\/uploads\/2024\/08\/rozhovor_obr_copilot.jpeg?resize=525%2C300&ssl=1 1.5x, https:\/\/i0.wp.com\/preventista.sk\/info\/wp-content\/uploads\/2024\/08\/rozhovor_obr_copilot.jpeg?resize=700%2C400&ssl=1 2x"},"classes":[]},{"id":4359,"url":"https:\/\/preventista.sk\/info\/na-gymnaziu-v-sahach-to-myslia-stale-vazne\/","url_meta":{"origin":1639,"position":4},"title":"Na Gymn\u00e1ziu v \u0160ah\u00e1ch to myslia st\u00e1le v\u00e1\u017ene &#8230;..","author":"Redakcia","date":"20. marca 2021","format":false,"excerpt":"\u00daspe\u0161n\u00fd projekt prevencie po\u010d\u00edta\u010dovej kriminality pri realiz\u00e1ci\u00ed ktor\u00e9ho sme st\u00e1li aj my pod n\u00e1zvom Zdie\u013eaj bezpe\u010dne a zodpovedne nepochybne polo\u017eil z\u00e1klady rozvoju prevent\u00edvnych aktiv\u00edt. Jednou z posledn\u00fdch, ktor\u00e1 zaujala aj n\u00e1s je venovanie sa t\u00e9me HOAXov formou s\u00fa\u0165a\u017ee zameranej na n\u00e1vrh plag\u00e1tov. P\u00fdtate sa kde tak\u00fdto zauj\u00edmav\u00fd projekt funguje dlhobodo?\u00a0\u2026","rel":"","context":"V &quot;Zaujalo n\u00e1s&quot;","block_context":{"text":"Zaujalo n\u00e1s","link":"https:\/\/preventista.sk\/info\/category\/skusenosti\/zaujalo\/"},"img":{"alt_text":"","src":"https:\/\/i0.wp.com\/preventista.sk\/info\/wp-content\/uploads\/2021\/03\/Hoax_jessica_horvathova.png?resize=350%2C200&ssl=1","width":350,"height":200},"classes":[]},{"id":3769,"url":"https:\/\/preventista.sk\/info\/webinar-pre-mesta-a-skoly-pocitacova-kriminalita-a-prevencia\/","url_meta":{"origin":1639,"position":5},"title":"WEBIN\u00c1R pre mest\u00e1 a \u0161koly Po\u010d\u00edta\u010dov\u00e1 kriminalita a prevencia","author":"Redakcia","date":"10. septembra 2020","format":false,"excerpt":"....n\u00e1rast po\u010d\u00edta\u010dovej kriminality kladie zv\u00fd\u0161en\u00e9 po\u017eiadavky aj na zmenu prevent\u00edvnych aktiv\u00edt zria\u010fovate\u013eov a \u0161k\u00f4l v ich p\u00f4sobnosti.... \u010do je to po\u010d\u00edta\u010dov\u00e1 kriminalita a ako na prevenciu efekt\u00edvne Lektor: Ing.Jaroslav Oster Kapacita webin\u00e1ra je obmedzen\u00e1, v pr\u00edpade vy\u0161\u0161ieho z\u00e1ujmu webin\u00e1r zopakujeme. \u00a0 Prihlasovanie \ufeffNa\u010d\u00edtava sa\u2026 \u00a0 \u00a0 \u00a0 \u00a0 \u00a0 \u00a0\u2026","rel":"","context":"V &quot;Akcie&quot;","block_context":{"text":"Akcie","link":"https:\/\/preventista.sk\/info\/category\/akcie\/"},"img":{"alt_text":"","src":"https:\/\/i0.wp.com\/preventista.sk\/info\/wp-content\/uploads\/2020\/09\/Po%C4%8D%C3%ADta%C4%8Dov%C3%A1-kriminalita-a-prevencia-v-praxi-samospr%C3%A1vy.png?fit=940%2C788&ssl=1&resize=350%2C200","width":350,"height":200,"srcset":"https:\/\/i0.wp.com\/preventista.sk\/info\/wp-content\/uploads\/2020\/09\/Po%C4%8D%C3%ADta%C4%8Dov%C3%A1-kriminalita-a-prevencia-v-praxi-samospr%C3%A1vy.png?fit=940%2C788&ssl=1&resize=350%2C200 1x, https:\/\/i0.wp.com\/preventista.sk\/info\/wp-content\/uploads\/2020\/09\/Po%C4%8D%C3%ADta%C4%8Dov%C3%A1-kriminalita-a-prevencia-v-praxi-samospr%C3%A1vy.png?fit=940%2C788&ssl=1&resize=525%2C300 1.5x, https:\/\/i0.wp.com\/preventista.sk\/info\/wp-content\/uploads\/2020\/09\/Po%C4%8D%C3%ADta%C4%8Dov%C3%A1-kriminalita-a-prevencia-v-praxi-samospr%C3%A1vy.png?fit=940%2C788&ssl=1&resize=700%2C400 2x"},"classes":[]}],"_links":{"self":[{"href":"https:\/\/preventista.sk\/info\/wp-json\/wp\/v2\/posts\/1639","targetHints":{"allow":["GET"]}}],"collection":[{"href":"https:\/\/preventista.sk\/info\/wp-json\/wp\/v2\/posts"}],"about":[{"href":"https:\/\/preventista.sk\/info\/wp-json\/wp\/v2\/types\/post"}],"author":[{"embeddable":true,"href":"https:\/\/preventista.sk\/info\/wp-json\/wp\/v2\/users\/1"}],"replies":[{"embeddable":true,"href":"https:\/\/preventista.sk\/info\/wp-json\/wp\/v2\/comments?post=1639"}],"version-history":[{"count":16,"href":"https:\/\/preventista.sk\/info\/wp-json\/wp\/v2\/posts\/1639\/revisions"}],"predecessor-version":[{"id":1989,"href":"https:\/\/preventista.sk\/info\/wp-json\/wp\/v2\/posts\/1639\/revisions\/1989"}],"wp:featuredmedia":[{"embeddable":true,"href":"https:\/\/preventista.sk\/info\/wp-json\/wp\/v2\/media\/1988"}],"wp:attachment":[{"href":"https:\/\/preventista.sk\/info\/wp-json\/wp\/v2\/media?parent=1639"}],"wp:term":[{"taxonomy":"category","embeddable":true,"href":"https:\/\/preventista.sk\/info\/wp-json\/wp\/v2\/categories?post=1639"},{"taxonomy":"post_tag","embeddable":true,"href":"https:\/\/preventista.sk\/info\/wp-json\/wp\/v2\/tags?post=1639"}],"curies":[{"name":"wp","href":"https:\/\/api.w.org\/{rel}","templated":true}]}}