{"id":194,"date":"2013-07-22T12:08:55","date_gmt":"2013-07-22T10:08:55","guid":{"rendered":"http:\/\/preventista.sk\/info\/?p=194"},"modified":"2014-02-03T14:18:17","modified_gmt":"2014-02-03T13:18:17","slug":"ochrana-osobnych-udajov-novela-zakona","status":"publish","type":"post","link":"https:\/\/preventista.sk\/info\/ochrana-osobnych-udajov-novela-zakona\/","title":{"rendered":"Osobn\u00e9 \u00fadaje &#8211; novela z\u00e1kona o ochrane osobn\u00fdch \u00fadajov"},"content":{"rendered":"<p><b>Z\u00e1kon o ochrane osobn\u00fdch \u00fadajov<\/b>\u00a0priniesol noveliz\u00e1ciou platnou od 1.7.2013\u00a0rad z\u00e1sadn\u00fdch zmien pre spracovate\u013eov osobn\u00fdch \u00fadajov.<\/p>\n<p>&nbsp;<\/p>\n<p><strong>V \u010dom prin\u00e1\u0161a z\u00e1sadn\u00e9 zmeny?<\/strong><\/p>\n<ul>\n<li>roz\u0161iruje problematiku zodpovednosti za spracovanie osobn\u00fdch \u00fadajov aj na tzv.sprostredkovate\u013eov t.j. subjekty zabezpe\u010duj\u00face extern\u00e9 spracovanie \u00fadajov<\/li>\n<li>z\u00e1sadn\u00fdm sp\u00f4sobom men\u00ed postavenie zodpovednej osoby (osoba zodpovedn\u00e1 za riadenie bezep\u010dnosti spracovania osobn\u00fdch \u00fadajov v r\u00e1mci organiz\u00e1cie<\/li>\n<li>men\u00ed sa doteraz pou\u017e\u00edvan\u00fd k\u013e\u00fa\u010d ur\u010duj\u00faci kedy organiz\u00e1cia mus\u00ed ma\u0165 menovan\u00fa zodpovedn\u00fa osobu<\/li>\n<li>men\u00ed podmienky menovania zodpovednej osoby &#8211; novou podmienkou vymenovania zodpovednej osoby je vykonanie sk\u00fa\u0161ky, ktor\u00fa bude zabezpe\u010dova\u0165 \u00farad pre ochranu osobn\u00fdch \u00fadajov (z\u00e1kon priamo v paragrafovom znen\u00ed stanovuje<\/li>\n<li>zav\u00e1dza nov\u00e9 prvky v \u010dasti bezpe\u010dnostn\u00fdch smern\u00edc\/projektu ako napr\u00edklad:\n<ul>\n<li>povinnos\u0165 zabezpe\u010dovania aktualiz\u00e1ci\u00ed bezpe\u010dnostn\u00fdch opatren\u00ed pri zmen\u00e1ch spracovania osobn\u00fdch \u00fadajov<\/li>\n<li>povinnos\u0165 obozn\u00e1menia opr\u00e1vnen\u00fdch os\u00f4b s obsahom bezpe\u010dnostn\u00fdch smern\u00edc pri ka\u017edej zmene smernice alebo zmene pracovn\u00e9ho zaradenia alebo zmene n\u00e1plne pr\u00e1ce resp.zodpovednosti opr\u00e1vnenej osoby<\/li>\n<li>predp\u00edsan\u00fd obsah z\u00e1znamu pou\u010denia opr\u00e1vnen\u00fdch os\u00f4b<\/li>\n<\/ul>\n<\/li>\n<li>spreh\u013eadnenie pr\u00e1v dotknutej osoby<\/li>\n<li>zmeny v registr\u00e1cii informa\u010dn\u00fdch syst\u00e9mov<\/li>\n<li>mo\u017enos\u0165 podania\u00a0 rozkladu vo\u010di rozhodnutiu \u00daradu pre ochranu osobn\u00fdch \u00fadajov<\/li>\n<li>\u010dasov\u00e9 lehoty zmien, ktor\u00e9 s\u00fa povinn\u00fd prev\u00e1dzkovatelia zrealizova\u0165 v zmysle z\u00e1kona od jeho \u00fa\u010dinnosti<\/li>\n<\/ul>\n<p>&nbsp;<\/p>\n<p>D\u00f4le\u017eit\u00e9 lehoty vypl\u00fdvaj\u00face zo z\u00e1kona pre spracovate\u013eov osobn\u00fdch \u00fadajpv s\u00fa zrejm\u00e9 z nasledovnej sch\u00e9my:<\/p>\n<p><a href=\"https:\/\/i0.wp.com\/preventista.sk\/info\/wp-content\/uploads\/2013\/07\/prechodne.jpg?ssl=1\"><img data-recalc-dims=\"1\" loading=\"lazy\" decoding=\"async\" data-attachment-id=\"195\" data-permalink=\"https:\/\/preventista.sk\/info\/ochrana-osobnych-udajov-novela-zakona\/prechodne\/\" data-orig-file=\"https:\/\/i0.wp.com\/preventista.sk\/info\/wp-content\/uploads\/2013\/07\/prechodne.jpg?fit=1340%2C892&amp;ssl=1\" data-orig-size=\"1340,892\" data-comments-opened=\"1\" data-image-meta=\"{&quot;aperture&quot;:&quot;0&quot;,&quot;credit&quot;:&quot;&quot;,&quot;camera&quot;:&quot;&quot;,&quot;caption&quot;:&quot;&quot;,&quot;created_timestamp&quot;:&quot;0&quot;,&quot;copyright&quot;:&quot;&quot;,&quot;focal_length&quot;:&quot;0&quot;,&quot;iso&quot;:&quot;0&quot;,&quot;shutter_speed&quot;:&quot;0&quot;,&quot;title&quot;:&quot;&quot;}\" data-image-title=\"prechodne\" data-image-description=\"\" data-image-caption=\"\" data-large-file=\"https:\/\/i0.wp.com\/preventista.sk\/info\/wp-content\/uploads\/2013\/07\/prechodne.jpg?fit=1024%2C681&amp;ssl=1\" class=\"alignnone size-medium wp-image-195\" alt=\"prechodne\" src=\"https:\/\/i0.wp.com\/preventista.sk\/info\/wp-content\/uploads\/2013\/07\/prechodne.jpg?resize=300%2C199&#038;ssl=1\" width=\"300\" height=\"199\" srcset=\"https:\/\/i0.wp.com\/preventista.sk\/info\/wp-content\/uploads\/2013\/07\/prechodne.jpg?resize=300%2C199&amp;ssl=1 300w, https:\/\/i0.wp.com\/preventista.sk\/info\/wp-content\/uploads\/2013\/07\/prechodne.jpg?resize=1024%2C681&amp;ssl=1 1024w, https:\/\/i0.wp.com\/preventista.sk\/info\/wp-content\/uploads\/2013\/07\/prechodne.jpg?resize=207%2C136&amp;ssl=1 207w, https:\/\/i0.wp.com\/preventista.sk\/info\/wp-content\/uploads\/2013\/07\/prechodne.jpg?resize=140%2C94&amp;ssl=1 140w, https:\/\/i0.wp.com\/preventista.sk\/info\/wp-content\/uploads\/2013\/07\/prechodne.jpg?w=1340&amp;ssl=1 1340w\" sizes=\"auto, (max-width: 300px) 100vw, 300px\" \/><\/a><\/p>\n<p>&nbsp;<\/p>\n<p>Jaroslav Oster<\/p>\n<p><a href=\"mailto:prevencia@infoconsult.sk\">prevencia@infoconsult.sk<\/a><\/p>\n<p>&nbsp;<\/p>\n","protected":false},"excerpt":{"rendered":"<p>Z\u00e1kon o ochrane osobn\u00fdch \u00fadajov\u00a0priniesol noveliz\u00e1ciou platnou od 1.7.2013\u00a0rad z\u00e1sadn\u00fdch zmien pre spracovate\u013eov osobn\u00fdch \u00fadajov. &nbsp; V \u010dom prin\u00e1\u0161a z\u00e1sadn\u00e9 zmeny? roz\u0161iruje problematiku zodpovednosti za spracovanie osobn\u00fdch \u00fadajov aj na tzv.sprostredkovate\u013eov t.j. subjekty zabezpe\u010duj\u00face extern\u00e9 spracovanie \u00fadajov z\u00e1sadn\u00fdm sp\u00f4sobom men\u00ed postavenie zodpovednej osoby (osoba zodpovedn\u00e1 za riadenie bezep\u010dnosti spracovania osobn\u00fdch \u00fadajov v r\u00e1mci organiz\u00e1cie men\u00ed [&hellip;]<\/p>\n","protected":false},"author":2,"featured_media":1934,"comment_status":"open","ping_status":"open","sticky":false,"template":"","format":"standard","meta":{"jetpack_post_was_ever_published":false,"_jetpack_newsletter_access":"","_jetpack_dont_email_post_to_subs":false,"_jetpack_newsletter_tier_id":0,"_jetpack_memberships_contains_paywalled_content":false,"_jetpack_memberships_contains_paid_content":false,"footnotes":""},"categories":[4],"tags":[50,48],"class_list":["post-194","post","type-post","status-publish","format-standard","has-post-thumbnail","hentry","category-itbezp","tag-ochrana-osobnych-udajov","tag-zamestnanec"],"aioseo_notices":[],"jetpack_featured_media_url":"https:\/\/i0.wp.com\/preventista.sk\/info\/wp-content\/uploads\/2013\/07\/osobne_udaje.jpg?fit=700%2C400&ssl=1","jetpack_sharing_enabled":true,"jetpack-related-posts":[{"id":1691,"url":"https:\/\/preventista.sk\/info\/eu-a-osobne-udaje\/","url_meta":{"origin":194,"position":0},"title":"E\u00da a osobn\u00e9 \u00fadaje","author":"Redakcia","date":"11. decembra 2013","format":false,"excerpt":"Zauj\u00edmav\u00e1 predn\u00e1\u0161ka z ITAPA o pripravovan\u00fdch novink\u00e1ch v oblasti ochrany osobn\u00fdch \u00fadajov. \u00a0 Zuzana Adamov\u00e1 - Ochrana osobn\u00fdch \u00fadajov a bezpe\u010dnos\u0165 \u00a0","rel":"","context":"V &quot;Zaujalo n\u00e1s&quot;","block_context":{"text":"Zaujalo n\u00e1s","link":"https:\/\/preventista.sk\/info\/category\/skusenosti\/zaujalo\/"},"img":{"alt_text":"europska-unia","src":"https:\/\/i0.wp.com\/preventista.sk\/info\/wp-content\/uploads\/2013\/11\/EU.jpg?fit=700%2C400&ssl=1&resize=350%2C200","width":350,"height":200,"srcset":"https:\/\/i0.wp.com\/preventista.sk\/info\/wp-content\/uploads\/2013\/11\/EU.jpg?fit=700%2C400&ssl=1&resize=350%2C200 1x, https:\/\/i0.wp.com\/preventista.sk\/info\/wp-content\/uploads\/2013\/11\/EU.jpg?fit=700%2C400&ssl=1&resize=525%2C300 1.5x, https:\/\/i0.wp.com\/preventista.sk\/info\/wp-content\/uploads\/2013\/11\/EU.jpg?fit=700%2C400&ssl=1&resize=700%2C400 2x"},"classes":[]},{"id":274,"url":"https:\/\/preventista.sk\/info\/kradez-identity\/","url_meta":{"origin":194,"position":1},"title":"Kr\u00e1de\u017e identity","author":"T.Paulus","date":"23. j\u00fala 2013","format":false,"excerpt":"V\u00a0dne\u0161nom \u010dl\u00e1nku sa budeme venova\u0165 problematike kr\u00e1de\u017ee identity \u00a0na soci\u00e1lnych sie\u0165ach. Probl\u00e9m kr\u00e1de\u017ee identity \u00a0je pomerne \u010dast\u00fdm javom a\u00a0jeho najfrekventovanej\u0161\u00edm miestom s\u00fa jednozna\u010dne soci\u00e1lne siete, diskusn\u00e9 port\u00e1ly a\u00a0podobne. O\u00a0\u010do vlastne ide?\u00a0 Predstavte si, \u017ee osoba U (\u00fato\u010dn\u00edk) si vytvor\u00ed profil, ktor\u00fd bude reprezentova\u0165 in\u00fa osobu nazvime ju\u00a0 osoba O (obe\u0165).\u2026","rel":"","context":"V &quot;IT kriminalita&quot;","block_context":{"text":"IT kriminalita","link":"https:\/\/preventista.sk\/info\/category\/prevencia\/itkrim\/"},"img":{"alt_text":"","src":"https:\/\/i0.wp.com\/preventista.sk\/info\/wp-content\/uploads\/2013\/07\/identita.jpg?fit=700%2C400&ssl=1&resize=350%2C200","width":350,"height":200,"srcset":"https:\/\/i0.wp.com\/preventista.sk\/info\/wp-content\/uploads\/2013\/07\/identita.jpg?fit=700%2C400&ssl=1&resize=350%2C200 1x, https:\/\/i0.wp.com\/preventista.sk\/info\/wp-content\/uploads\/2013\/07\/identita.jpg?fit=700%2C400&ssl=1&resize=525%2C300 1.5x, https:\/\/i0.wp.com\/preventista.sk\/info\/wp-content\/uploads\/2013\/07\/identita.jpg?fit=700%2C400&ssl=1&resize=700%2C400 2x"},"classes":[]},{"id":4211,"url":"https:\/\/preventista.sk\/info\/prekonajme-seba-ochranime-system\/","url_meta":{"origin":194,"position":2},"title":"Prekonajme seba, ochr\u00e1nime syst\u00e9m","author":"Marek Zeman","date":"4. febru\u00e1ra 2021","format":false,"excerpt":"Toto je \u010fal\u0161\u00ed diel zo s\u00e9rie \u010dl\u00e1nkov venuj\u00faci sa informa\u010dnej bezpe\u010dnosti. Predch\u00e1dzaj\u00faci \u010dl\u00e1nok sa venoval \u0161peci\u00e1lnym typom \u00fatokov. Tento \u010dl\u00e1nok je nap\u00edsan\u00fd in\u00fdm \u0161t\u00fdlom, venuje sa v\u0161ak opisu najv\u00e4\u010d\u0161ieho nebezpe\u010denstva, ktor\u00e9 sa t\u00fdka informa\u010dnej bezpe\u010dnosti.\u00a0Ver\u00edm, \u017ee pou\u017eit\u00fd \u00a0\u0161t\u00fdl sa na tento typ opisu nebezpe\u010denstva hod\u00ed. U\u017e\u00a0v prvom diele seri\u00e1lu \u010dl\u00e1nkov\u2026","rel":"","context":"V &quot;Bezpe\u010dnos\u0165&quot;","block_context":{"text":"Bezpe\u010dnos\u0165","link":"https:\/\/preventista.sk\/info\/category\/itbezp\/"},"img":{"alt_text":"","src":"https:\/\/i0.wp.com\/preventista.sk\/info\/wp-content\/uploads\/2021\/01\/cyberattack-e1610103949743.png?resize=350%2C200&ssl=1","width":350,"height":200},"classes":[]},{"id":290,"url":"https:\/\/preventista.sk\/info\/aktualny-prieskum\/","url_meta":{"origin":194,"position":3},"title":"Aktu\u00e1lny prieskum","author":"J. Oster","date":"23. j\u00fala 2013","format":false,"excerpt":"V r\u00e1mci pr\u00edprav na jesenn\u00e9 konferencie sme sa rozhodli zrealizova\u0165 prieskum zameran\u00fd na najdiskutovanej\u0161ie ot\u00e1zky z problematiky prevencie na \u0161kol\u00e1ch: \u00a0","rel":"","context":"V &quot;Prieskumy&quot;","block_context":{"text":"Prieskumy","link":"https:\/\/preventista.sk\/info\/category\/skusenosti\/prieskumy\/"},"img":{"alt_text":"prieskum","src":"https:\/\/i0.wp.com\/preventista.sk\/info\/wp-content\/uploads\/2012\/05\/Prieskum.jpg?fit=700%2C400&ssl=1&resize=350%2C200","width":350,"height":200,"srcset":"https:\/\/i0.wp.com\/preventista.sk\/info\/wp-content\/uploads\/2012\/05\/Prieskum.jpg?fit=700%2C400&ssl=1&resize=350%2C200 1x, https:\/\/i0.wp.com\/preventista.sk\/info\/wp-content\/uploads\/2012\/05\/Prieskum.jpg?fit=700%2C400&ssl=1&resize=525%2C300 1.5x, https:\/\/i0.wp.com\/preventista.sk\/info\/wp-content\/uploads\/2012\/05\/Prieskum.jpg?fit=700%2C400&ssl=1&resize=700%2C400 2x"},"classes":[]},{"id":1564,"url":"https:\/\/preventista.sk\/info\/bezpecnost-na-tedx-kosice\/","url_meta":{"origin":194,"position":4},"title":"Bezpe\u010dnos\u0165 na TEDx Ko\u0161ice","author":"Redakcia","date":"17. okt\u00f3bra 2013","format":false,"excerpt":"Ot\u00e1zka bezpe\u010dnosti internetov\u00fdch technol\u00f3gi\u00ed a a polemika\u00a0o 3 principi\u00e1lnych ot\u00e1zkach v 18\u00a0 min\u00fatach\u00a0v z\u00e1zname z predn\u00e1\u0161ky\u00a0na podujat\u00ed TEDx Ko\u0161ice 2013 \u00a0","rel":"","context":"V &quot;Bezpe\u010dnos\u0165&quot;","block_context":{"text":"Bezpe\u010dnos\u0165","link":"https:\/\/preventista.sk\/info\/category\/itbezp\/"},"img":{"alt_text":"","src":"https:\/\/i0.wp.com\/preventista.sk\/info\/wp-content\/uploads\/2013\/10\/tedx.jpg?fit=700%2C400&ssl=1&resize=350%2C200","width":350,"height":200,"srcset":"https:\/\/i0.wp.com\/preventista.sk\/info\/wp-content\/uploads\/2013\/10\/tedx.jpg?fit=700%2C400&ssl=1&resize=350%2C200 1x, https:\/\/i0.wp.com\/preventista.sk\/info\/wp-content\/uploads\/2013\/10\/tedx.jpg?fit=700%2C400&ssl=1&resize=525%2C300 1.5x, https:\/\/i0.wp.com\/preventista.sk\/info\/wp-content\/uploads\/2013\/10\/tedx.jpg?fit=700%2C400&ssl=1&resize=700%2C400 2x"},"classes":[]},{"id":24,"url":"https:\/\/preventista.sk\/info\/p2p-siete-torrenty-su-zasadnym-rizikom\/","url_meta":{"origin":194,"position":5},"title":"P2P siete (torrenty) s\u00fa z\u00e1sadn\u00fdm rizikom","author":"J. Oster","date":"19. j\u00fala 2013","format":false,"excerpt":"Vyu\u017e\u00edvate doma, v\u00a0\u0161kole alebo vo firme tzv.P2P siete alebo tzv.torrentov\u00e9 syst\u00e9my? \u00a0 P2P sie\u0165 - sie\u0165, v\u00a0ktorej jednotliv\u00ed klienti navz\u00e1jom komunikuj\u00fa priamo, bez potreby servera. V\u0161etky zariadenia pripojen\u00e9 k\u00a0sieti s\u00fa si navz\u00e1jom rovnocenn\u00e9. S\u00fa\u010dasne teda vystupuj\u00fa aj ako klienti aj ako servery. Ide o\u00a0pomerne jednoduch\u00e9 aplik\u00e1cie, ktor\u00e9 V\u00e1m po nain\u0161talovan\u00ed\u2026","rel":"","context":"V &quot;IT kriminalita&quot;","block_context":{"text":"IT kriminalita","link":"https:\/\/preventista.sk\/info\/category\/prevencia\/itkrim\/"},"img":{"alt_text":"peer-to-peer","src":"https:\/\/i0.wp.com\/preventista.sk\/info\/wp-content\/uploads\/2013\/07\/p2p.jpg?fit=700%2C400&ssl=1&resize=350%2C200","width":350,"height":200,"srcset":"https:\/\/i0.wp.com\/preventista.sk\/info\/wp-content\/uploads\/2013\/07\/p2p.jpg?fit=700%2C400&ssl=1&resize=350%2C200 1x, https:\/\/i0.wp.com\/preventista.sk\/info\/wp-content\/uploads\/2013\/07\/p2p.jpg?fit=700%2C400&ssl=1&resize=525%2C300 1.5x, https:\/\/i0.wp.com\/preventista.sk\/info\/wp-content\/uploads\/2013\/07\/p2p.jpg?fit=700%2C400&ssl=1&resize=700%2C400 2x"},"classes":[]}],"_links":{"self":[{"href":"https:\/\/preventista.sk\/info\/wp-json\/wp\/v2\/posts\/194","targetHints":{"allow":["GET"]}}],"collection":[{"href":"https:\/\/preventista.sk\/info\/wp-json\/wp\/v2\/posts"}],"about":[{"href":"https:\/\/preventista.sk\/info\/wp-json\/wp\/v2\/types\/post"}],"author":[{"embeddable":true,"href":"https:\/\/preventista.sk\/info\/wp-json\/wp\/v2\/users\/2"}],"replies":[{"embeddable":true,"href":"https:\/\/preventista.sk\/info\/wp-json\/wp\/v2\/comments?post=194"}],"version-history":[{"count":6,"href":"https:\/\/preventista.sk\/info\/wp-json\/wp\/v2\/posts\/194\/revisions"}],"predecessor-version":[{"id":198,"href":"https:\/\/preventista.sk\/info\/wp-json\/wp\/v2\/posts\/194\/revisions\/198"}],"wp:featuredmedia":[{"embeddable":true,"href":"https:\/\/preventista.sk\/info\/wp-json\/wp\/v2\/media\/1934"}],"wp:attachment":[{"href":"https:\/\/preventista.sk\/info\/wp-json\/wp\/v2\/media?parent=194"}],"wp:term":[{"taxonomy":"category","embeddable":true,"href":"https:\/\/preventista.sk\/info\/wp-json\/wp\/v2\/categories?post=194"},{"taxonomy":"post_tag","embeddable":true,"href":"https:\/\/preventista.sk\/info\/wp-json\/wp\/v2\/tags?post=194"}],"curies":[{"name":"wp","href":"https:\/\/api.w.org\/{rel}","templated":true}]}}