{"id":2055,"date":"2014-02-11T15:39:43","date_gmt":"2014-02-11T14:39:43","guid":{"rendered":"http:\/\/preventista.sk\/info\/?p=2055"},"modified":"2014-02-12T12:21:58","modified_gmt":"2014-02-12T11:21:58","slug":"ocenienie-najzodpovednejsi-preventista","status":"publish","type":"post","link":"https:\/\/preventista.sk\/info\/ocenienie-najzodpovednejsi-preventista\/","title":{"rendered":"Ocenenie: Najzodpovednej\u0161\u00ed Preventista"},"content":{"rendered":"<p>Ob\u010dianske zdru\u017eenie <strong>Preventista &#8211; zdru\u017eenie pre bezpe\u010dnos\u0165 a prevenciu<\/strong> z\u00edskalo Zlat\u00e9 ocenenie v kateg\u00f3rii <strong>Preventisti<\/strong><\/p>\n<p><a href=\"https:\/\/i0.wp.com\/preventista.sk\/info\/wp-content\/uploads\/2014\/02\/zodpovedne.jpg?ssl=1\"><img data-recalc-dims=\"1\" loading=\"lazy\" decoding=\"async\" data-attachment-id=\"2002\" data-permalink=\"https:\/\/preventista.sk\/info\/ocenienie-najzodpovednejsi-preventista\/zodpovedne-2\/\" data-orig-file=\"https:\/\/i0.wp.com\/preventista.sk\/info\/wp-content\/uploads\/2014\/02\/zodpovedne.jpg?fit=190%2C47&amp;ssl=1\" data-orig-size=\"190,47\" data-comments-opened=\"1\" data-image-meta=\"{&quot;aperture&quot;:&quot;0&quot;,&quot;credit&quot;:&quot;&quot;,&quot;camera&quot;:&quot;&quot;,&quot;caption&quot;:&quot;&quot;,&quot;created_timestamp&quot;:&quot;0&quot;,&quot;copyright&quot;:&quot;&quot;,&quot;focal_length&quot;:&quot;0&quot;,&quot;iso&quot;:&quot;0&quot;,&quot;shutter_speed&quot;:&quot;0&quot;,&quot;title&quot;:&quot;&quot;}\" data-image-title=\"zodpovedne\" data-image-description=\"\" data-image-caption=\"\" data-large-file=\"https:\/\/i0.wp.com\/preventista.sk\/info\/wp-content\/uploads\/2014\/02\/zodpovedne.jpg?fit=190%2C47&amp;ssl=1\" class=\"alignnone size-full wp-image-2002\" alt=\"zodpovedne\" src=\"https:\/\/i0.wp.com\/preventista.sk\/info\/wp-content\/uploads\/2014\/02\/zodpovedne.jpg?resize=190%2C47&#038;ssl=1\" width=\"190\" height=\"47\" \/><\/a><\/p>\n<p>Ocenenie je ude\u013eovan\u00e9 ka\u017edoro\u010dne v r\u00e1mci projektu <strong>Zodpovedne.sk\u00a0<\/strong>Spomedzi 128 tohoro\u010dn\u00fdch prihl\u00e1sen\u00fdch projektov boli vybran\u00e9 tie najlep\u0161ie, ktor\u00e9 z\u00edskali titul najzodpovednej\u0161\u00ed. Medzi v\u00ed\u0165azmi s\u00fa ocenen\u00ed preventisti, pol\u00edcia, kni\u017enice, mest\u00e1, \u0161koly a \u017eiaci.<\/p>\n<p><a href=\"https:\/\/i0.wp.com\/preventista.sk\/info\/wp-content\/uploads\/2014\/02\/DIPLOMY-ZODPOVEDENE-2014-preventista.jpg?ssl=1\"><img data-recalc-dims=\"1\" loading=\"lazy\" decoding=\"async\" data-attachment-id=\"2058\" data-permalink=\"https:\/\/preventista.sk\/info\/ocenienie-najzodpovednejsi-preventista\/untitled-3\/\" data-orig-file=\"https:\/\/i0.wp.com\/preventista.sk\/info\/wp-content\/uploads\/2014\/02\/DIPLOMY-ZODPOVEDENE-2014-preventista.jpg?fit=3175%2C2148&amp;ssl=1\" data-orig-size=\"3175,2148\" data-comments-opened=\"1\" data-image-meta=\"{&quot;aperture&quot;:&quot;0&quot;,&quot;credit&quot;:&quot;Jakub Fuzak&quot;,&quot;camera&quot;:&quot;&quot;,&quot;caption&quot;:&quot;&quot;,&quot;created_timestamp&quot;:&quot;0&quot;,&quot;copyright&quot;:&quot;&quot;,&quot;focal_length&quot;:&quot;0&quot;,&quot;iso&quot;:&quot;0&quot;,&quot;shutter_speed&quot;:&quot;0&quot;,&quot;title&quot;:&quot;Untitled-3&quot;}\" data-image-title=\"Untitled-3\" data-image-description=\"\" data-image-caption=\"\" data-large-file=\"https:\/\/i0.wp.com\/preventista.sk\/info\/wp-content\/uploads\/2014\/02\/DIPLOMY-ZODPOVEDENE-2014-preventista.jpg?fit=700%2C473&amp;ssl=1\" class=\"aligncenter size-full wp-image-2058\" alt=\"Diplom\" src=\"https:\/\/i0.wp.com\/preventista.sk\/info\/wp-content\/uploads\/2014\/02\/DIPLOMY-ZODPOVEDENE-2014-preventista.jpg?resize=3175%2C2148&#038;ssl=1\" width=\"3175\" height=\"2148\" srcset=\"https:\/\/i0.wp.com\/preventista.sk\/info\/wp-content\/uploads\/2014\/02\/DIPLOMY-ZODPOVEDENE-2014-preventista.jpg?w=3175&amp;ssl=1 3175w, https:\/\/i0.wp.com\/preventista.sk\/info\/wp-content\/uploads\/2014\/02\/DIPLOMY-ZODPOVEDENE-2014-preventista.jpg?resize=320%2C216&amp;ssl=1 320w, https:\/\/i0.wp.com\/preventista.sk\/info\/wp-content\/uploads\/2014\/02\/DIPLOMY-ZODPOVEDENE-2014-preventista.jpg?resize=450%2C304&amp;ssl=1 450w, https:\/\/i0.wp.com\/preventista.sk\/info\/wp-content\/uploads\/2014\/02\/DIPLOMY-ZODPOVEDENE-2014-preventista.jpg?resize=700%2C473&amp;ssl=1 700w, https:\/\/i0.wp.com\/preventista.sk\/info\/wp-content\/uploads\/2014\/02\/DIPLOMY-ZODPOVEDENE-2014-preventista.jpg?w=2000&amp;ssl=1 2000w, https:\/\/i0.wp.com\/preventista.sk\/info\/wp-content\/uploads\/2014\/02\/DIPLOMY-ZODPOVEDENE-2014-preventista.jpg?w=3000&amp;ssl=1 3000w\" sizes=\"auto, (max-width: 1000px) 100vw, 1000px\" \/><\/a><\/p>\n<p>&nbsp;<\/p>\n<p><i>\u201eInternet je neodmyslite\u013enou s\u00fa\u010das\u0165ou dne\u0161n\u00e9ho pracovn\u00e9ho aj s\u00fakromn\u00e9ho \u017eivota v\u00e4\u010d\u0161iny z n\u00e1s. Popri mnoh\u00fdch benefitoch, ale so sebou prin\u00e1\u0161a i rad riz\u00edk, ktor\u00e9 si u\u017e nie v\u0161etci uvedomuj\u00fa. Microsoft sa u\u017e nieko\u013eko rokov venuje iniciat\u00edve \u201cBezpe\u010dne na internete\u201d, ktorej cie\u013eom je \u0161\u00edrenie praktick\u00fdch inform\u00e1cii o pou\u017e\u00edvan\u00ed internetu a upozornen\u00ed na n\u00e1strahy a rizik\u00e1, ktor\u00e9 virtu\u00e1lny svet so sebou prin\u00e1\u0161a. Aspo\u0148 tak\u00fdmto sp\u00f4sobom sa sna\u017e\u00edme reagova\u0165 na rast\u00face rizik\u00e1 spojen\u00e9 s ochranou osobn\u00fdch \u00fadajov a internetovou kriminalitou,\u201c<\/i> hovor\u00ed Lucia Al Zafari zo spolo\u010dnosti Microsoft Slovakia s.r.o., ktor\u00e1 je jedn\u00fdm z\u00a0partnerov projektu a s\u00fa\u0165a\u017ee Zodpovedne.sk.<\/p>\n<p>&nbsp;<\/p>\n","protected":false},"excerpt":{"rendered":"<p>Ob\u010dianske zdru\u017eenie Preventista &#8211; zdru\u017eenie pre bezpe\u010dnos\u0165 a prevenciu z\u00edskalo Zlat\u00e9 ocenenie v kateg\u00f3rii Preventisti Ocenenie je ude\u013eovan\u00e9 ka\u017edoro\u010dne v r\u00e1mci projektu Zodpovedne.sk\u00a0Spomedzi 128 tohoro\u010dn\u00fdch prihl\u00e1sen\u00fdch projektov boli vybran\u00e9 tie najlep\u0161ie, ktor\u00e9 z\u00edskali titul najzodpovednej\u0161\u00ed. Medzi v\u00ed\u0165azmi s\u00fa ocenen\u00ed preventisti, pol\u00edcia, kni\u017enice, mest\u00e1, \u0161koly a \u017eiaci. &nbsp; \u201eInternet je neodmyslite\u013enou s\u00fa\u010das\u0165ou dne\u0161n\u00e9ho pracovn\u00e9ho aj s\u00fakromn\u00e9ho [&hellip;]<\/p>\n","protected":false},"author":2,"featured_media":2059,"comment_status":"open","ping_status":"open","sticky":false,"template":"","format":"standard","meta":{"jetpack_post_was_ever_published":false,"_jetpack_newsletter_access":"","_jetpack_dont_email_post_to_subs":false,"_jetpack_newsletter_tier_id":0,"_jetpack_memberships_contains_paywalled_content":false,"_jetpack_memberships_contains_paid_content":false,"footnotes":""},"categories":[16],"tags":[51,60],"class_list":["post-2055","post","type-post","status-publish","format-standard","has-post-thumbnail","hentry","category-ocenenia","tag-prevencia-it-kriminality","tag-zodpovedne-sk"],"aioseo_notices":[],"jetpack_featured_media_url":"https:\/\/i0.wp.com\/preventista.sk\/info\/wp-content\/uploads\/2014\/02\/Ocenenie2.jpg?fit=700%2C400&ssl=1","jetpack_sharing_enabled":true,"jetpack-related-posts":[{"id":2941,"url":"https:\/\/preventista.sk\/info\/sahanski-mladi-preventisti\/","url_meta":{"origin":2055,"position":0},"title":"\u0160ahansk\u00ed \u201emlad\u00ed preventisti\u201c","author":"Redakcia","date":"10. decembra 2015","format":false,"excerpt":"V\u00a0priebehu mesiacov september a\u017e december 2015 prebiehal \u00a0na \u00a0Gymn\u00e1ziu, Ml\u00e1de\u017en\u00edcka 22, \u0160ahy \u00a0jedine\u010dn\u00fd projekt na Slovensku \u2013 \u201eMlad\u00ed preventisti\u201c- zodpovednou v\u00fdchovou k\u00a0vlastnej bezpe\u010dnosti. Projekt vznikol na z\u00e1klade v\u00fdzvy na prevenciu kriminality pre rok 2015. Finan\u010dne je podporen\u00fd Ministerstvom vn\u00fatra SR, Nitrianskym samospr\u00e1vnym krajom a\u00a0ob\u010dianskym zdru\u017een\u00edm Alma Mater. \u010co je cie\u013eom\u2026","rel":"","context":"V &quot;IT kriminalita&quot;","block_context":{"text":"IT kriminalita","link":"https:\/\/preventista.sk\/info\/category\/prevencia\/itkrim\/"},"img":{"alt_text":"mladi preventisti","src":"https:\/\/i0.wp.com\/preventista.sk\/info\/wp-content\/uploads\/2015\/12\/cover-sahy.jpg?fit=700%2C400&ssl=1&resize=350%2C200","width":350,"height":200,"srcset":"https:\/\/i0.wp.com\/preventista.sk\/info\/wp-content\/uploads\/2015\/12\/cover-sahy.jpg?fit=700%2C400&ssl=1&resize=350%2C200 1x, https:\/\/i0.wp.com\/preventista.sk\/info\/wp-content\/uploads\/2015\/12\/cover-sahy.jpg?fit=700%2C400&ssl=1&resize=525%2C300 1.5x, https:\/\/i0.wp.com\/preventista.sk\/info\/wp-content\/uploads\/2015\/12\/cover-sahy.jpg?fit=700%2C400&ssl=1&resize=700%2C400 2x"},"classes":[]},{"id":3242,"url":"https:\/\/preventista.sk\/info\/preventista-sa-pripoji-ku-kampani-stop-think-connect\/","url_meta":{"origin":2055,"position":1},"title":"Preventista sa pripoj\u00ed ku kampani STOP. THINK. CONNECT","author":"Redakcia","date":"8. j\u00fana 2016","format":false,"excerpt":"Okrem ned\u00e1vno otvorenej spolupr\u00e1ce s Nad\u00e1ciou Slovenskej sporite\u013ene, bolo na\u0161e ob\u010dianske zdru\u017eenie Preventista, osloven\u00e9 s n\u00e1vrhom na dlhodob\u00fa spolupr\u00e1cu s medzin\u00e1rodn\u00fdm odborn\u00fdm zdru\u017een\u00edm Anti Phishing Working Group (APWG). \u00a0 APWG Anti Phishing Working Group sama seba definuje ako koal\u00edciu, ktorej cie\u013eom je zjednoti\u0165, naprie\u010d v\u0161etk\u00fdmi odvetviami, glob\u00e1lne procesy odozvy na\u2026","rel":"","context":"V &quot;Bezpe\u010dnos\u0165&quot;","block_context":{"text":"Bezpe\u010dnos\u0165","link":"https:\/\/preventista.sk\/info\/category\/itbezp\/"},"img":{"alt_text":"","src":"https:\/\/i0.wp.com\/preventista.sk\/info\/wp-content\/uploads\/2016\/06\/preventista-a-apwg.jpg?fit=700%2C400&ssl=1&resize=350%2C200","width":350,"height":200,"srcset":"https:\/\/i0.wp.com\/preventista.sk\/info\/wp-content\/uploads\/2016\/06\/preventista-a-apwg.jpg?fit=700%2C400&ssl=1&resize=350%2C200 1x, https:\/\/i0.wp.com\/preventista.sk\/info\/wp-content\/uploads\/2016\/06\/preventista-a-apwg.jpg?fit=700%2C400&ssl=1&resize=525%2C300 1.5x, https:\/\/i0.wp.com\/preventista.sk\/info\/wp-content\/uploads\/2016\/06\/preventista-a-apwg.jpg?fit=700%2C400&ssl=1&resize=700%2C400 2x"},"classes":[]},{"id":2844,"url":"https:\/\/preventista.sk\/info\/vitazka-sutaze-o-navrh-nasho-maskota-je-z-kosic\/","url_meta":{"origin":2055,"position":2},"title":"V\u00ed\u0165azka s\u00fa\u0165a\u017ee o n\u00e1vrh n\u00e1\u0161ho maskota je z Ko\u0161\u00edc!","author":"Redakcia","date":"23. septembra 2015","format":false,"excerpt":"Ob\u010dianske zdru\u017eenie\u00a0 PREVENTISTA \u2013 zdru\u017eenie pre bezpe\u010dnos\u0165 a\u00a0prevenciu \u00a0v\u00a0r\u00e1mci svojho Programu podpory prevencie IT kriminality a\u00a0zni\u017eovania riz\u00edk spojen\u00fdch s\u00a0vyu\u017e\u00edvan\u00edm informa\u010dn\u00fdch technol\u00f3gi\u00ed vyhl\u00e1sila za akt\u00edvnej pomoci V\u00daB Nad\u00e1cie a\u00a0\u010fal\u0161\u00edch partnerov od 18.j\u00fana do 15.septembra 2015 ve\u013ek\u00fa letn\u00fa pr\u00e1zdninov\u00fa s\u00fa\u0165a\u017e pre deti a\u00a0ml\u00e1de\u017e pod n\u00e1zvom \u201eTvoj n\u00e1pad m\u00f4\u017ee pom\u00f4c\u0165 MASKOT\u201c. \u00dalohou pre\u2026","rel":"","context":"V &quot;S\u00fa\u0165a\u017ee&quot;","block_context":{"text":"S\u00fa\u0165a\u017ee","link":"https:\/\/preventista.sk\/info\/category\/akcie\/sutaze\/"},"img":{"alt_text":"","src":"https:\/\/i0.wp.com\/preventista.sk\/info\/wp-content\/uploads\/2015\/09\/maskot.png?fit=700%2C400&ssl=1&resize=350%2C200","width":350,"height":200,"srcset":"https:\/\/i0.wp.com\/preventista.sk\/info\/wp-content\/uploads\/2015\/09\/maskot.png?fit=700%2C400&ssl=1&resize=350%2C200 1x, https:\/\/i0.wp.com\/preventista.sk\/info\/wp-content\/uploads\/2015\/09\/maskot.png?fit=700%2C400&ssl=1&resize=525%2C300 1.5x, https:\/\/i0.wp.com\/preventista.sk\/info\/wp-content\/uploads\/2015\/09\/maskot.png?fit=700%2C400&ssl=1&resize=700%2C400 2x"},"classes":[]},{"id":4403,"url":"https:\/\/preventista.sk\/info\/prevencia-pocitacovej-kriminality-a-jej-vyuzitie-v-praci-s-mladezou\/","url_meta":{"origin":2055,"position":3},"title":"Prevencia po\u010d\u00edta\u010dovej kriminality a jej vyu\u017eitie v pr\u00e1ci s ml\u00e1de\u017eou","author":"Redakcia","date":"6. apr\u00edla 2021","format":false,"excerpt":"Vzdel\u00e1vanie, z\u00e1bava, stret\u00e1vanie sa s\u00a0priate\u013emi, aj pr\u00e1ca, \u010di h\u013eadanie zamestnania, to v\u0161etko sa aj pre deti a\u00a0mlad\u00fdch \u013eud\u00ed presunulo v\u00a0uplynul\u00fdch dvan\u00e1stich mesiacoch do virtu\u00e1lneho prostredia. Ohromn\u00e9 skoky v\u00a0technick\u00fdch aj technologick\u00fdch kompetenci\u00e1ch je nevyhnutn\u00e9 dop\u013a\u0148a\u0165 aj zvy\u0161ovan\u00edm kompetenci\u00ed v\u00a0oblasti prevencie bezpe\u010dnosti v\u00a0online priestore. Vypo\u010duli sme hlas pracovn\u00edkov a\u00a0pracovn\u00ed\u010dok s\u00a0ml\u00e1de\u017eou, \u010di \u010fal\u0161\u00edch\u2026","rel":"","context":"V &quot;Prevencia&quot;","block_context":{"text":"Prevencia","link":"https:\/\/preventista.sk\/info\/category\/prevencia\/"},"img":{"alt_text":"","src":"https:\/\/i0.wp.com\/preventista.sk\/info\/wp-content\/uploads\/2021\/01\/IUVENTA_logo_PNG-e1610132456341.png?resize=350%2C200","width":350,"height":200},"classes":[]},{"id":5726,"url":"https:\/\/preventista.sk\/info\/novy-projekt-kniznica-pracovnych-listov\/","url_meta":{"origin":2055,"position":4},"title":"Nov\u00fd projekt &#8211; kni\u017enica pracovn\u00fdch listov","author":"Redakcia","date":"5. marca 2024","format":false,"excerpt":"V r\u00e1mci na\u0161ej podpory vzdel\u00e1vania sp\u00fa\u0161tame nov\u00fd neziskov\u00fd projekt ur\u010den\u00fd pre u\u010dite\u013eov z\u00e1kladn\u00fdch a stredn\u00fdch \u0161k\u00f4l sme 6.marca 2024 spustili elektronick\u00fa kni\u017enicu pracovn\u00fdch listov pre t\u00e9my informa\u010dnej bezpe\u010dnosti, kybernetickej bezpe\u010dnosti a prevencie kybernetickej kriminality. Ich autormi s\u00fa u\u010ditelia slovensk\u00fdch \u0161k\u00f4l, ktor\u00ed sa rozhodli dobrovo\u013ene spr\u00edstupni\u0165 svoje know-how \u010fal\u0161\u00edm kolegom a\u2026","rel":"","context":"V &quot;Aktu\u00e1lne&quot;","block_context":{"text":"Aktu\u00e1lne","link":"https:\/\/preventista.sk\/info\/category\/akcie\/aktualne\/"},"img":{"alt_text":"","src":"https:\/\/i0.wp.com\/preventista.sk\/info\/wp-content\/uploads\/2024\/03\/image.png?resize=350%2C200","width":350,"height":200,"srcset":"https:\/\/i0.wp.com\/preventista.sk\/info\/wp-content\/uploads\/2024\/03\/image.png?resize=350%2C200 1x, https:\/\/i0.wp.com\/preventista.sk\/info\/wp-content\/uploads\/2024\/03\/image.png?resize=525%2C300 1.5x, https:\/\/i0.wp.com\/preventista.sk\/info\/wp-content\/uploads\/2024\/03\/image.png?resize=700%2C400 2x"},"classes":[]},{"id":3703,"url":"https:\/\/preventista.sk\/info\/prieskum-2020-vzdelavanie-v-oblasti-bezpecnosti-it-a-prevencia-it-kriminality\/","url_meta":{"origin":2055,"position":5},"title":"PRIESKUM 2020: Vzdel\u00e1vanie v oblasti bezpe\u010dnosti IT a prevencia IT kriminality&#8230;.","author":"Redakcia","date":"4. marca 2020","format":false,"excerpt":"V\u00e1\u017een\u00ed pedag\u00f3govia. V r\u00e1mci na\u0161i aktiv\u00edt a predn\u00e1\u0161ok k t\u00e9mam vzdel\u00e1vanie IT bezpe\u010dnosti a prevencie IT kriminality \u0161tandardne stret\u00e1vate porovn\u00e1vacie prieskumy zameran\u00e9 na identifik\u00e1ciu v\u00fdvoja tejto problematiky z dlhodob\u00e9ho h\u013eadiska. Zistenia prezentovan\u00e9 v r\u00e1mci semin\u00e1rov s\u00fa v\u017edy predmetom zauj\u00edmavej diskusie. \u010cerp\u00e1me zo sk\u00fasenost\u00ed zo spolupr\u00e1ce so \u0161kolami i u\u010dite\u013emi ako\u2026","rel":"","context":"V &quot;Prieskumy&quot;","block_context":{"text":"Prieskumy","link":"https:\/\/preventista.sk\/info\/category\/skusenosti\/prieskumy\/"},"img":{"alt_text":"prieskum","src":"https:\/\/i0.wp.com\/preventista.sk\/info\/wp-content\/uploads\/2012\/05\/Prieskum.jpg?fit=700%2C400&ssl=1&resize=350%2C200","width":350,"height":200,"srcset":"https:\/\/i0.wp.com\/preventista.sk\/info\/wp-content\/uploads\/2012\/05\/Prieskum.jpg?fit=700%2C400&ssl=1&resize=350%2C200 1x, https:\/\/i0.wp.com\/preventista.sk\/info\/wp-content\/uploads\/2012\/05\/Prieskum.jpg?fit=700%2C400&ssl=1&resize=525%2C300 1.5x, https:\/\/i0.wp.com\/preventista.sk\/info\/wp-content\/uploads\/2012\/05\/Prieskum.jpg?fit=700%2C400&ssl=1&resize=700%2C400 2x"},"classes":[]}],"_links":{"self":[{"href":"https:\/\/preventista.sk\/info\/wp-json\/wp\/v2\/posts\/2055","targetHints":{"allow":["GET"]}}],"collection":[{"href":"https:\/\/preventista.sk\/info\/wp-json\/wp\/v2\/posts"}],"about":[{"href":"https:\/\/preventista.sk\/info\/wp-json\/wp\/v2\/types\/post"}],"author":[{"embeddable":true,"href":"https:\/\/preventista.sk\/info\/wp-json\/wp\/v2\/users\/2"}],"replies":[{"embeddable":true,"href":"https:\/\/preventista.sk\/info\/wp-json\/wp\/v2\/comments?post=2055"}],"version-history":[{"count":5,"href":"https:\/\/preventista.sk\/info\/wp-json\/wp\/v2\/posts\/2055\/revisions"}],"predecessor-version":[{"id":2062,"href":"https:\/\/preventista.sk\/info\/wp-json\/wp\/v2\/posts\/2055\/revisions\/2062"}],"wp:featuredmedia":[{"embeddable":true,"href":"https:\/\/preventista.sk\/info\/wp-json\/wp\/v2\/media\/2059"}],"wp:attachment":[{"href":"https:\/\/preventista.sk\/info\/wp-json\/wp\/v2\/media?parent=2055"}],"wp:term":[{"taxonomy":"category","embeddable":true,"href":"https:\/\/preventista.sk\/info\/wp-json\/wp\/v2\/categories?post=2055"},{"taxonomy":"post_tag","embeddable":true,"href":"https:\/\/preventista.sk\/info\/wp-json\/wp\/v2\/tags?post=2055"}],"curies":[{"name":"wp","href":"https:\/\/api.w.org\/{rel}","templated":true}]}}