{"id":2130,"date":"2014-05-02T12:24:08","date_gmt":"2014-05-02T10:24:08","guid":{"rendered":"http:\/\/preventista.sk\/info\/?p=2130"},"modified":"2014-05-02T12:26:06","modified_gmt":"2014-05-02T10:26:06","slug":"boli-sme-pri-tom-eset-security-days-2014","status":"publish","type":"post","link":"https:\/\/preventista.sk\/info\/boli-sme-pri-tom-eset-security-days-2014\/","title":{"rendered":"Boli sme pri tom: ESET Security Days 2014"},"content":{"rendered":"<p>D\u0148a 7.4.2014 sa v Bratislave konala konferencia ESET Security Days 2014. Preventista tam samozrejme nemohol ch\u00fdba\u0165. Rie\u0161ili sa ot\u00e1zky digit\u00e1lnej bezpe\u010dnosti a pr\u00e1va, mohli sme hlb\u0161ie nahliadnu\u0165 do mnoh\u00fdch legislat\u00edvnych zmien\u00a0a tie\u017e sme si osvie\u017eili vedomosti o dvojfaktorovej autentifik\u00e1cii a \u0161ifrovan\u00ed.<\/p>\n<p>V z\u00e1vere konferencie sme boli svedkami panelovej debaty, ktorej sa okrem in\u00fdch z\u00fa\u010dastnil aj Ing. Jaroslav Oster. T\u00fato debatu si m\u00f4\u017eete pozrie\u0165 v nasleduj\u00facom videu.<\/p>\n<p><iframe loading=\"lazy\" src=\"\/\/www.youtube.com\/embed\/-JijpIdwhws?feature=player_embedded\" width=\"640\" height=\"360\" frameborder=\"0\" allowfullscreen=\"allowfullscreen\"><\/iframe><\/p>\n","protected":false},"excerpt":{"rendered":"<p>D\u0148a 7.4.2014 sa v Bratislave konala konferencia ESET Security Days 2014. Preventista tam samozrejme nemohol ch\u00fdba\u0165. Rie\u0161ili sa ot\u00e1zky digit\u00e1lnej bezpe\u010dnosti a pr\u00e1va, mohli sme hlb\u0161ie nahliadnu\u0165 do mnoh\u00fdch legislat\u00edvnych zmien\u00a0a tie\u017e sme si osvie\u017eili vedomosti o dvojfaktorovej autentifik\u00e1cii a \u0161ifrovan\u00ed. V z\u00e1vere konferencie sme boli svedkami panelovej debaty, ktorej sa okrem in\u00fdch z\u00fa\u010dastnil aj [&hellip;]<\/p>\n","protected":false},"author":1,"featured_media":2131,"comment_status":"open","ping_status":"open","sticky":false,"template":"","format":"standard","meta":{"_jetpack_newsletter_access":"","_jetpack_dont_email_post_to_subs":false,"_jetpack_newsletter_tier_id":0,"_jetpack_memberships_contains_paywalled_content":false,"_jetpack_feature_clip_id":0,"_jetpack_memberships_contains_paid_content":false,"footnotes":"","jetpack_post_was_ever_published":false},"categories":[4],"tags":[74,32,43,51],"class_list":["post-2130","post","type-post","status-publish","format-standard","has-post-thumbnail","hentry","category-itbezp","tag-autentizacia","tag-bezpecnost","tag-eset","tag-prevencia-it-kriminality"],"aioseo_notices":[],"aioseo_head":"\n\t\t<!-- All in One SEO 5.0.0.1 - aioseo.com -->\n\t<meta name=\"description\" content=\"D\u0148a 7.4.2014 sa v Bratislave konala konferencia ESET Security Days 2014. Preventista tam samozrejme nemohol ch\u00fdba\u0165. Rie\u0161ili sa ot\u00e1zky digit\u00e1lnej bezpe\u010dnosti a pr\u00e1va, mohli sme hlb\u0161ie nahliadnu\u0165 do mnoh\u00fdch legislat\u00edvnych zmien a tie\u017e sme si osvie\u017eili vedomosti o dvojfaktorovej autentifik\u00e1cii a \u0161ifrovan\u00ed. V z\u00e1vere konferencie sme boli svedkami panelovej debaty, ktorej sa okrem in\u00fdch z\u00fa\u010dastnil aj\" \/>\n\t<meta name=\"robots\" content=\"max-image-preview:large\" \/>\n\t<meta name=\"author\" content=\"Redakcia\"\/>\n\t<meta name=\"keywords\" content=\"autentiz\u00e1cia,bezpe\u010dnos\u0165,eset,prevencia it kriminality\" \/>\n\t<link rel=\"canonical\" href=\"https:\/\/preventista.sk\/info\/boli-sme-pri-tom-eset-security-days-2014\/\" \/>\n\t<meta name=\"generator\" content=\"All in One SEO (AIOSEO) 5.0.0.1\" \/>\n\t\t<script type=\"application\/ld+json\" class=\"aioseo-schema\">\n\t\t\t{\"@context\":\"https:\\\/\\\/schema.org\",\"@graph\":[{\"@type\":\"Article\",\"@id\":\"https:\\\/\\\/preventista.sk\\\/info\\\/boli-sme-pri-tom-eset-security-days-2014\\\/#article\",\"name\":\"Boli sme pri tom: ESET Security Days 2014 | Preventista.sk\",\"headline\":\"Boli sme pri tom: ESET Security Days 2014\",\"author\":{\"@id\":\"https:\\\/\\\/preventista.sk\\\/info\\\/author\\\/admin\\\/#author\"},\"publisher\":{\"@id\":\"https:\\\/\\\/preventista.sk\\\/info\\\/#organization\"},\"image\":{\"@type\":\"ImageObject\",\"url\":\"https:\\\/\\\/i0.wp.com\\\/preventista.sk\\\/info\\\/wp-content\\\/uploads\\\/2014\\\/05\\\/adsf.jpg?fit=690%2C392&ssl=1\",\"width\":690,\"height\":392},\"datePublished\":\"2014-05-02T12:24:08+02:00\",\"dateModified\":\"2014-05-02T12:26:06+02:00\",\"inLanguage\":\"sk-SK\",\"mainEntityOfPage\":{\"@id\":\"https:\\\/\\\/preventista.sk\\\/info\\\/boli-sme-pri-tom-eset-security-days-2014\\\/#webpage\"},\"isPartOf\":{\"@id\":\"https:\\\/\\\/preventista.sk\\\/info\\\/boli-sme-pri-tom-eset-security-days-2014\\\/#webpage\"},\"articleSection\":\"Bezpe\\u010dnos\\u0165, autentiz\\u00e1cia, bezpe\\u010dnos\\u0165, ESET, Prevencia IT kriminality\"},{\"@type\":\"BreadcrumbList\",\"@id\":\"https:\\\/\\\/preventista.sk\\\/info\\\/boli-sme-pri-tom-eset-security-days-2014\\\/#breadcrumblist\",\"itemListElement\":[{\"@type\":\"ListItem\",\"@id\":\"https:\\\/\\\/preventista.sk\\\/info#listItem\",\"position\":1,\"name\":\"Home\",\"item\":\"https:\\\/\\\/preventista.sk\\\/info\",\"nextItem\":{\"@type\":\"ListItem\",\"@id\":\"https:\\\/\\\/preventista.sk\\\/info\\\/category\\\/itbezp\\\/#listItem\",\"name\":\"Bezpe\\u010dnos\\u0165\"}},{\"@type\":\"ListItem\",\"@id\":\"https:\\\/\\\/preventista.sk\\\/info\\\/category\\\/itbezp\\\/#listItem\",\"position\":2,\"name\":\"Bezpe\\u010dnos\\u0165\",\"item\":\"https:\\\/\\\/preventista.sk\\\/info\\\/category\\\/itbezp\\\/\",\"nextItem\":{\"@type\":\"ListItem\",\"@id\":\"https:\\\/\\\/preventista.sk\\\/info\\\/boli-sme-pri-tom-eset-security-days-2014\\\/#listItem\",\"name\":\"Boli sme pri tom: ESET Security Days 2014\"},\"previousItem\":{\"@type\":\"ListItem\",\"@id\":\"https:\\\/\\\/preventista.sk\\\/info#listItem\",\"name\":\"Home\"}},{\"@type\":\"ListItem\",\"@id\":\"https:\\\/\\\/preventista.sk\\\/info\\\/boli-sme-pri-tom-eset-security-days-2014\\\/#listItem\",\"position\":3,\"name\":\"Boli sme pri tom: ESET Security Days 2014\",\"previousItem\":{\"@type\":\"ListItem\",\"@id\":\"https:\\\/\\\/preventista.sk\\\/info\\\/category\\\/itbezp\\\/#listItem\",\"name\":\"Bezpe\\u010dnos\\u0165\"}}]},{\"@type\":\"Organization\",\"@id\":\"https:\\\/\\\/preventista.sk\\\/info\\\/#organization\",\"name\":\"Preventista.sk\",\"description\":\"Spolo\\u010dne proti IT kriminalite\",\"url\":\"https:\\\/\\\/preventista.sk\\\/info\\\/\"},{\"@type\":\"Person\",\"@id\":\"https:\\\/\\\/preventista.sk\\\/info\\\/author\\\/admin\\\/#author\",\"url\":\"https:\\\/\\\/preventista.sk\\\/info\\\/author\\\/admin\\\/\",\"name\":\"Redakcia\",\"image\":{\"@type\":\"ImageObject\",\"@id\":\"https:\\\/\\\/preventista.sk\\\/info\\\/boli-sme-pri-tom-eset-security-days-2014\\\/#authorImage\",\"url\":\"https:\\\/\\\/secure.gravatar.com\\\/avatar\\\/d222534efec362df467fa37b6c25fba93087a463b386c2c18aa73f6dd6e904ab?s=96&d=mm&r=g\",\"width\":96,\"height\":96,\"caption\":\"Redakcia\"}},{\"@type\":\"WebPage\",\"@id\":\"https:\\\/\\\/preventista.sk\\\/info\\\/boli-sme-pri-tom-eset-security-days-2014\\\/#webpage\",\"url\":\"https:\\\/\\\/preventista.sk\\\/info\\\/boli-sme-pri-tom-eset-security-days-2014\\\/\",\"name\":\"Boli sme pri tom: ESET Security Days 2014 | Preventista.sk\",\"description\":\"D\\u0148a 7.4.2014 sa v Bratislave konala konferencia ESET Security Days 2014. Preventista tam samozrejme nemohol ch\\u00fdba\\u0165. Rie\\u0161ili sa ot\\u00e1zky digit\\u00e1lnej bezpe\\u010dnosti a pr\\u00e1va, mohli sme hlb\\u0161ie nahliadnu\\u0165 do mnoh\\u00fdch legislat\\u00edvnych zmien a tie\\u017e sme si osvie\\u017eili vedomosti o dvojfaktorovej autentifik\\u00e1cii a \\u0161ifrovan\\u00ed. V z\\u00e1vere konferencie sme boli svedkami panelovej debaty, ktorej sa okrem in\\u00fdch z\\u00fa\\u010dastnil aj\",\"inLanguage\":\"sk-SK\",\"isPartOf\":{\"@id\":\"https:\\\/\\\/preventista.sk\\\/info\\\/#website\"},\"breadcrumb\":{\"@id\":\"https:\\\/\\\/preventista.sk\\\/info\\\/boli-sme-pri-tom-eset-security-days-2014\\\/#breadcrumblist\"},\"author\":{\"@id\":\"https:\\\/\\\/preventista.sk\\\/info\\\/author\\\/admin\\\/#author\"},\"creator\":{\"@id\":\"https:\\\/\\\/preventista.sk\\\/info\\\/author\\\/admin\\\/#author\"},\"image\":{\"@type\":\"ImageObject\",\"url\":\"https:\\\/\\\/i0.wp.com\\\/preventista.sk\\\/info\\\/wp-content\\\/uploads\\\/2014\\\/05\\\/adsf.jpg?fit=690%2C392&ssl=1\",\"@id\":\"https:\\\/\\\/preventista.sk\\\/info\\\/boli-sme-pri-tom-eset-security-days-2014\\\/#mainImage\",\"width\":690,\"height\":392},\"primaryImageOfPage\":{\"@id\":\"https:\\\/\\\/preventista.sk\\\/info\\\/boli-sme-pri-tom-eset-security-days-2014\\\/#mainImage\"},\"datePublished\":\"2014-05-02T12:24:08+02:00\",\"dateModified\":\"2014-05-02T12:26:06+02:00\"},{\"@type\":\"WebSite\",\"@id\":\"https:\\\/\\\/preventista.sk\\\/info\\\/#website\",\"url\":\"https:\\\/\\\/preventista.sk\\\/info\\\/\",\"name\":\"Preventista.sk\",\"description\":\"Spolo\\u010dne proti IT kriminalite\",\"inLanguage\":\"sk-SK\",\"publisher\":{\"@id\":\"https:\\\/\\\/preventista.sk\\\/info\\\/#organization\"}}]}\n\t\t<\/script>\n\t\t<!-- All in One SEO -->\n\n","aioseo_head_json":{"title":"Boli sme pri tom: ESET Security Days 2014 | Preventista.sk","description":"D\u0148a 7.4.2014 sa v Bratislave konala konferencia ESET Security Days 2014. Preventista tam samozrejme nemohol ch\u00fdba\u0165. Rie\u0161ili sa ot\u00e1zky digit\u00e1lnej bezpe\u010dnosti a pr\u00e1va, mohli sme hlb\u0161ie nahliadnu\u0165 do mnoh\u00fdch legislat\u00edvnych zmien a tie\u017e sme si osvie\u017eili vedomosti o dvojfaktorovej autentifik\u00e1cii a \u0161ifrovan\u00ed. V z\u00e1vere konferencie sme boli svedkami panelovej debaty, ktorej sa okrem in\u00fdch z\u00fa\u010dastnil aj","canonical_url":"https:\/\/preventista.sk\/info\/boli-sme-pri-tom-eset-security-days-2014\/","robots":"max-image-preview:large","keywords":"autentiz\u00e1cia,bezpe\u010dnos\u0165,eset,prevencia it kriminality","webmasterTools":{"miscellaneous":""},"schema":{"@context":"https:\/\/schema.org","@graph":[{"@type":"Article","@id":"https:\/\/preventista.sk\/info\/boli-sme-pri-tom-eset-security-days-2014\/#article","name":"Boli sme pri tom: ESET Security Days 2014 | Preventista.sk","headline":"Boli sme pri tom: ESET Security Days 2014","author":{"@id":"https:\/\/preventista.sk\/info\/author\/admin\/#author"},"publisher":{"@id":"https:\/\/preventista.sk\/info\/#organization"},"image":{"@type":"ImageObject","url":"https:\/\/i0.wp.com\/preventista.sk\/info\/wp-content\/uploads\/2014\/05\/adsf.jpg?fit=690%2C392&ssl=1","width":690,"height":392},"datePublished":"2014-05-02T12:24:08+02:00","dateModified":"2014-05-02T12:26:06+02:00","inLanguage":"sk-SK","mainEntityOfPage":{"@id":"https:\/\/preventista.sk\/info\/boli-sme-pri-tom-eset-security-days-2014\/#webpage"},"isPartOf":{"@id":"https:\/\/preventista.sk\/info\/boli-sme-pri-tom-eset-security-days-2014\/#webpage"},"articleSection":"Bezpe\u010dnos\u0165, autentiz\u00e1cia, bezpe\u010dnos\u0165, ESET, Prevencia IT kriminality"},{"@type":"BreadcrumbList","@id":"https:\/\/preventista.sk\/info\/boli-sme-pri-tom-eset-security-days-2014\/#breadcrumblist","itemListElement":[{"@type":"ListItem","@id":"https:\/\/preventista.sk\/info#listItem","position":1,"name":"Home","item":"https:\/\/preventista.sk\/info","nextItem":{"@type":"ListItem","@id":"https:\/\/preventista.sk\/info\/category\/itbezp\/#listItem","name":"Bezpe\u010dnos\u0165"}},{"@type":"ListItem","@id":"https:\/\/preventista.sk\/info\/category\/itbezp\/#listItem","position":2,"name":"Bezpe\u010dnos\u0165","item":"https:\/\/preventista.sk\/info\/category\/itbezp\/","nextItem":{"@type":"ListItem","@id":"https:\/\/preventista.sk\/info\/boli-sme-pri-tom-eset-security-days-2014\/#listItem","name":"Boli sme pri tom: ESET Security Days 2014"},"previousItem":{"@type":"ListItem","@id":"https:\/\/preventista.sk\/info#listItem","name":"Home"}},{"@type":"ListItem","@id":"https:\/\/preventista.sk\/info\/boli-sme-pri-tom-eset-security-days-2014\/#listItem","position":3,"name":"Boli sme pri tom: ESET Security Days 2014","previousItem":{"@type":"ListItem","@id":"https:\/\/preventista.sk\/info\/category\/itbezp\/#listItem","name":"Bezpe\u010dnos\u0165"}}]},{"@type":"Organization","@id":"https:\/\/preventista.sk\/info\/#organization","name":"Preventista.sk","description":"Spolo\u010dne proti IT kriminalite","url":"https:\/\/preventista.sk\/info\/"},{"@type":"Person","@id":"https:\/\/preventista.sk\/info\/author\/admin\/#author","url":"https:\/\/preventista.sk\/info\/author\/admin\/","name":"Redakcia","image":{"@type":"ImageObject","@id":"https:\/\/preventista.sk\/info\/boli-sme-pri-tom-eset-security-days-2014\/#authorImage","url":"https:\/\/secure.gravatar.com\/avatar\/d222534efec362df467fa37b6c25fba93087a463b386c2c18aa73f6dd6e904ab?s=96&d=mm&r=g","width":96,"height":96,"caption":"Redakcia"}},{"@type":"WebPage","@id":"https:\/\/preventista.sk\/info\/boli-sme-pri-tom-eset-security-days-2014\/#webpage","url":"https:\/\/preventista.sk\/info\/boli-sme-pri-tom-eset-security-days-2014\/","name":"Boli sme pri tom: ESET Security Days 2014 | Preventista.sk","description":"D\u0148a 7.4.2014 sa v Bratislave konala konferencia ESET Security Days 2014. Preventista tam samozrejme nemohol ch\u00fdba\u0165. Rie\u0161ili sa ot\u00e1zky digit\u00e1lnej bezpe\u010dnosti a pr\u00e1va, mohli sme hlb\u0161ie nahliadnu\u0165 do mnoh\u00fdch legislat\u00edvnych zmien a tie\u017e sme si osvie\u017eili vedomosti o dvojfaktorovej autentifik\u00e1cii a \u0161ifrovan\u00ed. V z\u00e1vere konferencie sme boli svedkami panelovej debaty, ktorej sa okrem in\u00fdch z\u00fa\u010dastnil aj","inLanguage":"sk-SK","isPartOf":{"@id":"https:\/\/preventista.sk\/info\/#website"},"breadcrumb":{"@id":"https:\/\/preventista.sk\/info\/boli-sme-pri-tom-eset-security-days-2014\/#breadcrumblist"},"author":{"@id":"https:\/\/preventista.sk\/info\/author\/admin\/#author"},"creator":{"@id":"https:\/\/preventista.sk\/info\/author\/admin\/#author"},"image":{"@type":"ImageObject","url":"https:\/\/i0.wp.com\/preventista.sk\/info\/wp-content\/uploads\/2014\/05\/adsf.jpg?fit=690%2C392&ssl=1","@id":"https:\/\/preventista.sk\/info\/boli-sme-pri-tom-eset-security-days-2014\/#mainImage","width":690,"height":392},"primaryImageOfPage":{"@id":"https:\/\/preventista.sk\/info\/boli-sme-pri-tom-eset-security-days-2014\/#mainImage"},"datePublished":"2014-05-02T12:24:08+02:00","dateModified":"2014-05-02T12:26:06+02:00"},{"@type":"WebSite","@id":"https:\/\/preventista.sk\/info\/#website","url":"https:\/\/preventista.sk\/info\/","name":"Preventista.sk","description":"Spolo\u010dne proti IT kriminalite","inLanguage":"sk-SK","publisher":{"@id":"https:\/\/preventista.sk\/info\/#organization"}}]}},"aioseo_meta_data":{"post_id":"2130","title":null,"description":null,"keywords":null,"keyphrases":null,"primary_term":null,"canonical_url":null,"og_title":null,"og_description":null,"og_object_type":"default","og_image_type":"default","og_image_url":null,"og_image_width":null,"og_image_height":null,"og_image_custom_url":null,"og_image_custom_fields":null,"og_video":null,"og_custom_url":null,"og_article_section":null,"og_article_tags":null,"twitter_use_og":false,"twitter_card":"default","twitter_image_type":"default","twitter_image_url":null,"twitter_image_custom_url":null,"twitter_image_custom_fields":null,"twitter_title":null,"twitter_description":null,"schema":{"blockGraphs":[],"customGraphs":[],"default":{"data":{"Article":[],"Course":[],"Dataset":[],"FAQPage":[],"Movie":[],"Person":[],"Product":[],"ProductReview":[],"Car":[],"Recipe":[],"Service":[],"SoftwareApplication":[],"WebPage":[]},"graphName":"","isEnabled":true},"graphs":[],"defaultGraph":"","defaultPostTypeGraph":""},"schema_type":null,"schema_type_options":null,"pillar_content":false,"robots_default":true,"robots_noindex":false,"robots_noarchive":false,"robots_nosnippet":false,"robots_nofollow":false,"robots_noimageindex":false,"robots_noodp":false,"robots_notranslate":false,"robots_max_snippet":null,"robots_max_videopreview":null,"robots_max_imagepreview":"large","priority":null,"frequency":null,"location":null,"local_seo":null,"breadcrumb_settings":null,"limit_modified_date":false,"ai":null,"created":"2020-12-29 05:34:04","updated":"2025-06-17 20:50:32","seo_analyzer_scan_date":null,"focus_keyword":null,"additional_keywords":null,"truseo_locale":null},"aioseo_breadcrumb":"<div class=\"aioseo-breadcrumbs\"><span class=\"aioseo-breadcrumb\">\n\t\t\t<a href=\"https:\/\/preventista.sk\/info\" title=\"Home\">Home<\/a>\n\t\t<\/span><span class=\"aioseo-breadcrumb-separator\">&raquo;<\/span><span class=\"aioseo-breadcrumb\">\n\t\t\t<a href=\"https:\/\/preventista.sk\/info\/category\/itbezp\/\" title=\"Bezpe\u010dnos\u0165\">Bezpe\u010dnos\u0165<\/a>\n\t\t<\/span><span class=\"aioseo-breadcrumb-separator\">&raquo;<\/span><span class=\"aioseo-breadcrumb\">\n\t\t\tBoli sme pri tom: ESET Security Days 2014\n\t\t<\/span><\/div>","aioseo_breadcrumb_json":[{"label":"Home","link":"https:\/\/preventista.sk\/info"},{"label":"Bezpe\u010dnos\u0165","link":"https:\/\/preventista.sk\/info\/category\/itbezp\/"},{"label":"Boli sme pri tom: ESET Security Days 2014","link":"https:\/\/preventista.sk\/info\/boli-sme-pri-tom-eset-security-days-2014\/"}],"jetpack_sharing_enabled":true,"jetpack-related-posts":[{"id":5816,"url":"https:\/\/preventista.sk\/info\/tretia-cast-ucebnice-pre-stredne-skoly\/","url_meta":{"origin":2130,"position":0},"title":"Tretia \u010das\u0165 u\u010debnice pre stredn\u00e9 \u0161koly","author":"Redakcia","date":"22. apr\u00edla 2024","format":false,"excerpt":"Tretia \u010das\u0165 U\u010debnice informa\u010dnej bezpe\u010dnosti pre stredn\u00e9 odborn\u00e9 \u0161koly a\u00a0gymn\u00e1zi\u00e1 uzrela svetlo sveta a tak sa uzavrela pl\u00e1novan\u00e1 trojica u\u010debn\u00edc, ktor\u00e9 sme mali v OZ Preventista - zdru\u017eenie pre bezpe\u010dnos\u0165 a prevenciu napl\u00e1novan\u00e9. Prv\u00e9 dve u\u010debnice na\u0161li svoje miesto v slovenskom \u0161kolstve - dnes ich vyu\u017e\u00edva viac ako 300 slovensk\u00fdch\u2026","rel":"","context":"V &quot;Aktu\u00e1lne&quot;","block_context":{"text":"Aktu\u00e1lne","link":"https:\/\/preventista.sk\/info\/category\/akcie\/aktualne\/"},"img":{"alt_text":"","src":"https:\/\/i0.wp.com\/preventista.sk\/info\/wp-content\/uploads\/2024\/03\/image-4.png?resize=350%2C200&ssl=1","width":350,"height":200,"srcset":"https:\/\/i0.wp.com\/preventista.sk\/info\/wp-content\/uploads\/2024\/03\/image-4.png?resize=350%2C200&ssl=1 1x, https:\/\/i0.wp.com\/preventista.sk\/info\/wp-content\/uploads\/2024\/03\/image-4.png?resize=525%2C300&ssl=1 1.5x, https:\/\/i0.wp.com\/preventista.sk\/info\/wp-content\/uploads\/2024\/03\/image-4.png?resize=700%2C400&ssl=1 2x"},"classes":[]},{"id":2104,"url":"https:\/\/preventista.sk\/info\/skodliva-operacia-windigo\/","url_meta":{"origin":2130,"position":1},"title":"\u0160kodliv\u00e1 oper\u00e1cia Windigo","author":"Redakcia","date":"28. marca 2014","format":false,"excerpt":"Bezpe\u010dnostn\u00ed v\u00fdskumn\u00edci zo slovenskej antiv\u00edrusovej spolo\u010dnosti ESET objavili spolu so zahrani\u010dn\u00fdm bezpe\u010dnostn\u00fdmi organiz\u00e1ciami rozsiahlu kybernetick\u00fa krimin\u00e1lnu \u010dinnos\u0165, ktor\u00e1 celosvetovo prevzala kontrolu nad viac ne\u017e 25-tis\u00edckami serverov. Nieko\u013eko z nich sa nach\u00e1dza aj na Slovensku a v \u010ceskej republike.","rel":"","context":"V &quot;Bezpe\u010dnos\u0165&quot;","block_context":{"text":"Bezpe\u010dnos\u0165","link":"https:\/\/preventista.sk\/info\/category\/itbezp\/"},"img":{"alt_text":"eset-2","src":"https:\/\/i0.wp.com\/preventista.sk\/info\/wp-content\/uploads\/2013\/08\/eset-2.jpg?fit=700%2C400&ssl=1&resize=350%2C200","width":350,"height":200,"srcset":"https:\/\/i0.wp.com\/preventista.sk\/info\/wp-content\/uploads\/2013\/08\/eset-2.jpg?fit=700%2C400&ssl=1&resize=350%2C200 1x, https:\/\/i0.wp.com\/preventista.sk\/info\/wp-content\/uploads\/2013\/08\/eset-2.jpg?fit=700%2C400&ssl=1&resize=525%2C300 1.5x, https:\/\/i0.wp.com\/preventista.sk\/info\/wp-content\/uploads\/2013\/08\/eset-2.jpg?fit=700%2C400&ssl=1&resize=700%2C400 2x"},"classes":[]},{"id":4045,"url":"https:\/\/preventista.sk\/info\/top10-autorov-sutaze-informacna-bezpecnost-ja-a-moja-skola-5\/","url_meta":{"origin":2130,"position":2},"title":"TOP10 autorov s\u00fa\u0165a\u017ee Informa\u010dn\u00e1 bezpe\u010dnos\u0165, ja a moja \u0161kola","author":"Redakcia","date":"26. janu\u00e1ra 2021","format":false,"excerpt":"Le\u00f3n \u0160ikorsk\u00fd, Evanjelick\u00e9 gymn\u00e1zium J.Tranovsk\u00e9ho, Liptovsk\u00fd Mikul\u00e1\u0161 Informa\u010dn\u00e1 bezpe\u010dnos\u0165 pre m\u0148a ako \u0161tudenta gymn\u00e1zia neznamen\u00e1 ve\u013emi ve\u013ea, alebo aspo\u0148 som sa o \u0148u ve\u013emi nezauj\u00edmal. Ke\u010f\u017ee ale str\u00e1vim pod\u013ea m\u00f4jho m\u00fadreho telef\u00f3nu pri obrazovke v priemere viacej ako tri a pol hodiny denne, a teraz, v dobe ke\u010f mus\u00edme osta\u0165\u2026","rel":"","context":"V &quot;S\u00fa\u0165a\u017ee&quot;","block_context":{"text":"S\u00fa\u0165a\u017ee","link":"https:\/\/preventista.sk\/info\/category\/akcie\/sutaze\/"},"img":{"alt_text":"","src":"https:\/\/i0.wp.com\/preventista.sk\/info\/wp-content\/uploads\/2020\/11\/s%C3%BAta%C5%BE-Report%C3%A9r-mini.png?resize=350%2C200","width":350,"height":200},"classes":[]},{"id":5123,"url":"https:\/\/preventista.sk\/info\/druha-cast-ucebnice-o-bezpecnosti-uzrela-svetlo-sveta\/","url_meta":{"origin":2130,"position":3},"title":"Druh\u00e1 \u010das\u0165 u\u010debnice o bezpe\u010dnosti uzrela svetlo sveta","author":"Redakcia","date":"5. febru\u00e1ra 2023","format":false,"excerpt":"Od posledn\u00e9ho vydania U\u010debnice informa\u010dnej bezpe\u010dnosti pre stredn\u00e9 odborn\u00e9 \u0161koly a\u00a0gymn\u00e1zi\u00e1, prv\u00e1 \u010das\u0165 u\u017e ubehol viac ako rok. OZ Preventista - zdru\u017eenie pre bezpe\u010dnos\u0165 a prevenciu za ten \u010das urobil ve\u013ea vec\u00ed pre vzdel\u00e1vanie na stredn\u00fdch \u0161kol\u00e1ch. Vydal metodick\u00fa pr\u00edru\u010dku k\u00a0u\u010debnici a\u00a0jeho \u010dlenovia urobili s\u00e9riu predn\u00e1\u0161ok o\u00a0informa\u010dnej bezpe\u010dnosti. Knihu v\u00a0s\u00fa\u010dasnosti\u2026","rel":"","context":"V &quot;Bezpe\u010dnos\u0165&quot;","block_context":{"text":"Bezpe\u010dnos\u0165","link":"https:\/\/preventista.sk\/info\/category\/itbezp\/"},"img":{"alt_text":"","src":"https:\/\/i0.wp.com\/preventista.sk\/info\/wp-content\/uploads\/2023\/02\/metodika_2.jpg?resize=350%2C200&ssl=1","width":350,"height":200,"srcset":"https:\/\/i0.wp.com\/preventista.sk\/info\/wp-content\/uploads\/2023\/02\/metodika_2.jpg?resize=350%2C200&ssl=1 1x, https:\/\/i0.wp.com\/preventista.sk\/info\/wp-content\/uploads\/2023\/02\/metodika_2.jpg?resize=525%2C300&ssl=1 1.5x"},"classes":[]},{"id":1469,"url":"https:\/\/preventista.sk\/info\/z-trstenej-do-antalye\/","url_meta":{"origin":2130,"position":4},"title":"Z Trstenej do Ant\u00e1lye","author":"Redakcia","date":"24. septembra 2013","format":false,"excerpt":"Putovanie s\u00a0na\u0161imi rozpr\u00e1vkami s\u00a0t\u00e9mou o\u00a0bezpe\u010dnosti na internete z\u00a0Trstenej na Orave do Tureckej Ant\u00e1lye \u00a0\u00a0\u00a0\u00a0\u00a0\u00a0 N\u00e1\u0161 pr\u00edbeh sa\u00a0 za\u010dal s\u00fa\u0165a\u017eou s\u00a0t\u00e9mou bezpe\u010dnos\u0165 na internete, ktor\u00fa vyhl\u00e1sila spolo\u010dnos\u0165 Info consult, s. r. o. pod n\u00e1zvom Aj Tvoj n\u00e1pad m\u00f4\u017ee pom\u00f4c\u0165. T\u00e1to s\u00fa\u0165a\u017e bola vyhl\u00e1sen\u00e1 pre z\u00e1kladn\u00e9 \u0161koly a\u00a0pre stredn\u00e9 \u0161koly. Ke\u010f som\u2026","rel":"","context":"V &quot;Zaujalo n\u00e1s&quot;","block_context":{"text":"Zaujalo n\u00e1s","link":"https:\/\/preventista.sk\/info\/category\/skusenosti\/zaujalo\/"},"img":{"alt_text":"globe","src":"https:\/\/i0.wp.com\/preventista.sk\/info\/wp-content\/uploads\/2013\/09\/globe.jpg?fit=700%2C400&ssl=1&resize=350%2C200","width":350,"height":200,"srcset":"https:\/\/i0.wp.com\/preventista.sk\/info\/wp-content\/uploads\/2013\/09\/globe.jpg?fit=700%2C400&ssl=1&resize=350%2C200 1x, https:\/\/i0.wp.com\/preventista.sk\/info\/wp-content\/uploads\/2013\/09\/globe.jpg?fit=700%2C400&ssl=1&resize=525%2C300 1.5x, https:\/\/i0.wp.com\/preventista.sk\/info\/wp-content\/uploads\/2013\/09\/globe.jpg?fit=700%2C400&ssl=1&resize=700%2C400 2x"},"classes":[]},{"id":5520,"url":"https:\/\/preventista.sk\/info\/kyberbezpecnost-gymnazium-a-ucebnice\/","url_meta":{"origin":2130,"position":5},"title":"Kyberbezpe\u010dnos\u0165, gymn\u00e1zium a u\u010debnice","author":"Redakcia","date":"24. janu\u00e1ra 2024","format":false,"excerpt":"Pred tromi rokmi sme sa rozhodli v\u00a0r\u00e1mci inov\u00e1ci\u00ed vzdel\u00e1vania na na\u0161om 1. S\u00fakromnom Banskobystrickom gymn\u00e1ziu zavies\u0165 zameranie kybernetick\u00e1 bezpe\u010dnos\u0165. T\u00e1to na\u0161a idea, by sa nikdy nepretavila do reality neby\u0165 faktu, \u017ee v\u00a0r\u00e1mci oslovovania odborn\u00edkov v\u00a0tejto oblasti a\u00a0h\u013eadania mentora, ktor\u00fd by usmernil, ak\u00fdm smerom sa m\u00e1 ubera\u0165 na\u0161a v\u00fduka, sme nenatrafili\u2026","rel":"","context":"V &quot;Bezpe\u010dnos\u0165&quot;","block_context":{"text":"Bezpe\u010dnos\u0165","link":"https:\/\/preventista.sk\/info\/category\/itbezp\/"},"img":{"alt_text":"","src":"https:\/\/i0.wp.com\/preventista.sk\/info\/wp-content\/uploads\/2024\/01\/logo-PNG.png?resize=350%2C200&ssl=1","width":350,"height":200,"srcset":"https:\/\/i0.wp.com\/preventista.sk\/info\/wp-content\/uploads\/2024\/01\/logo-PNG.png?resize=350%2C200&ssl=1 1x, https:\/\/i0.wp.com\/preventista.sk\/info\/wp-content\/uploads\/2024\/01\/logo-PNG.png?resize=525%2C300&ssl=1 1.5x, https:\/\/i0.wp.com\/preventista.sk\/info\/wp-content\/uploads\/2024\/01\/logo-PNG.png?resize=700%2C400&ssl=1 2x, https:\/\/i0.wp.com\/preventista.sk\/info\/wp-content\/uploads\/2024\/01\/logo-PNG.png?resize=1050%2C600&ssl=1 3x, https:\/\/i0.wp.com\/preventista.sk\/info\/wp-content\/uploads\/2024\/01\/logo-PNG.png?resize=1400%2C800&ssl=1 4x"},"classes":[]}],"jetpack_featured_media_url":"https:\/\/i0.wp.com\/preventista.sk\/info\/wp-content\/uploads\/2014\/05\/adsf.jpg?fit=690%2C392&ssl=1","_links":{"self":[{"href":"https:\/\/preventista.sk\/info\/wp-json\/wp\/v2\/posts\/2130","targetHints":{"allow":["GET"]}}],"collection":[{"href":"https:\/\/preventista.sk\/info\/wp-json\/wp\/v2\/posts"}],"about":[{"href":"https:\/\/preventista.sk\/info\/wp-json\/wp\/v2\/types\/post"}],"author":[{"embeddable":true,"href":"https:\/\/preventista.sk\/info\/wp-json\/wp\/v2\/users\/1"}],"replies":[{"embeddable":true,"href":"https:\/\/preventista.sk\/info\/wp-json\/wp\/v2\/comments?post=2130"}],"version-history":[{"count":1,"href":"https:\/\/preventista.sk\/info\/wp-json\/wp\/v2\/posts\/2130\/revisions"}],"predecessor-version":[{"id":2132,"href":"https:\/\/preventista.sk\/info\/wp-json\/wp\/v2\/posts\/2130\/revisions\/2132"}],"wp:featuredmedia":[{"embeddable":true,"href":"https:\/\/preventista.sk\/info\/wp-json\/wp\/v2\/media\/2131"}],"wp:attachment":[{"href":"https:\/\/preventista.sk\/info\/wp-json\/wp\/v2\/media?parent=2130"}],"wp:term":[{"taxonomy":"category","embeddable":true,"href":"https:\/\/preventista.sk\/info\/wp-json\/wp\/v2\/categories?post=2130"},{"taxonomy":"post_tag","embeddable":true,"href":"https:\/\/preventista.sk\/info\/wp-json\/wp\/v2\/tags?post=2130"}],"curies":[{"name":"wp","href":"https:\/\/api.w.org\/{rel}","templated":true}]}}