{"id":2203,"date":"2014-07-31T08:00:41","date_gmt":"2014-07-31T06:00:41","guid":{"rendered":"http:\/\/preventista.sk\/info\/?p=2203"},"modified":"2014-07-31T07:08:44","modified_gmt":"2014-07-31T05:08:44","slug":"leto-i-jesen-budu-opat-o-prevencii","status":"publish","type":"post","link":"https:\/\/preventista.sk\/info\/leto-i-jesen-budu-opat-o-prevencii\/","title":{"rendered":"Leto i jese\u0148 bud\u00fa op\u00e4\u0165 o prevencii"},"content":{"rendered":"<p>Ani po\u010das leta nebudeme ne\u010dinn\u00fd. Okrem \u010dl\u00e1nkov a pr\u00edpravy na jesenn\u00e9 obdobie (o ktorom u\u017e dnes vieme, \u017ee bude n\u00e1ro\u010dn\u00e9) sa z\u00fa\u010dastn\u00edme nieko\u013ek\u00fdch zauj\u00edmav\u00fdch\u00a0aktiv\u00edt. Zameranie ako inak &#8211; bezpe\u010dnos\u0165 IT \u00a0a prevencia IT kriminality. Pritom v plnej miere be\u017eia pr\u00edpravy na semin\u00e1re a konferencie, ktor\u00e9 s\u00fa pred nami.<\/p>\n<p>&nbsp;<\/p>\n<p><span style=\"color: #0000ff;\"><strong>Leto v znamen\u00ed stretnutia so slovensk\u00fdmi a \u010desk\u00fdmi u\u010dite\u013emi<\/strong><\/span><\/p>\n<p><a href=\"https:\/\/i0.wp.com\/preventista.sk\/info\/wp-content\/uploads\/2014\/07\/3133.jpg?ssl=1\"><img data-recalc-dims=\"1\" loading=\"lazy\" decoding=\"async\" data-attachment-id=\"2226\" data-permalink=\"https:\/\/preventista.sk\/info\/leto-i-jesen-budu-opat-o-prevencii\/attachment\/3133\/\" data-orig-file=\"https:\/\/i0.wp.com\/preventista.sk\/info\/wp-content\/uploads\/2014\/07\/3133.jpg?fit=640%2C427&amp;ssl=1\" data-orig-size=\"640,427\" data-comments-opened=\"1\" data-image-meta=\"{&quot;aperture&quot;:&quot;0&quot;,&quot;credit&quot;:&quot;&quot;,&quot;camera&quot;:&quot;&quot;,&quot;caption&quot;:&quot;&quot;,&quot;created_timestamp&quot;:&quot;0&quot;,&quot;copyright&quot;:&quot;&quot;,&quot;focal_length&quot;:&quot;0&quot;,&quot;iso&quot;:&quot;0&quot;,&quot;shutter_speed&quot;:&quot;0&quot;,&quot;title&quot;:&quot;&quot;}\" data-image-title=\"3133\" data-image-description=\"\" data-image-caption=\"\" data-large-file=\"https:\/\/i0.wp.com\/preventista.sk\/info\/wp-content\/uploads\/2014\/07\/3133.jpg?fit=640%2C427&amp;ssl=1\" class=\"margin-right: 10px alignleft wp-image-2226 size-thumbnail\" src=\"https:\/\/i0.wp.com\/preventista.sk\/info\/wp-content\/uploads\/2014\/07\/3133.jpg?resize=150%2C99&#038;ssl=1\" alt=\"3133\" width=\"150\" height=\"99\" srcset=\"https:\/\/i0.wp.com\/preventista.sk\/info\/wp-content\/uploads\/2014\/07\/3133.jpg?resize=320%2C213&amp;ssl=1 320w, https:\/\/i0.wp.com\/preventista.sk\/info\/wp-content\/uploads\/2014\/07\/3133.jpg?resize=450%2C300&amp;ssl=1 450w, https:\/\/i0.wp.com\/preventista.sk\/info\/wp-content\/uploads\/2014\/07\/3133.jpg?w=640&amp;ssl=1 640w\" sizes=\"auto, (max-width: 150px) 100vw, 150px\" \/><\/a>U\u017e druh\u00fdkr\u00e1t n\u00e1s \u010dak\u00e1 pr\u00edjemn\u00e9 pozvanie na <a href=\"http:\/\/www.letni-skola.cz\">Letn\u00fa \u0161kolu modern\u00fdch u\u010dite\u013eov<\/a> pod gesciou spolo\u010dnosti Microsoft v r\u00e1mci projektu Partneri vo vzdel\u00e1van\u00ed . Letn\u00e1 \u0161kola sa kon\u00e1 v malebnom prostred\u00ed \u010desko-slovensk\u00e9ho pomedzia &#8211; na Kopaniciach pri \u017ditkovej. Minul\u00fd ro\u010dn\u00edk s pracovn\u00fdm n\u00e1zvom <a title=\"Kopanice 2013\" href=\"https:\/\/preventista.sk\/info\/kopanice-2013\/\">Kopanice 2013<\/a> bol nesmierne zauj\u00edmav\u00fd, verme \u017ee tento bude zas o level vy\u0161\u0161ie.<\/p>\n<p>&nbsp;<\/p>\n<p>&nbsp;<\/p>\n<p><span style=\"color: #0000ff;\"><strong>Od septembra op\u00e4\u0165 na \u0161kol\u00e1ch<\/strong><\/span><\/p>\n<p>Pokra\u010dujeme v s\u00e9rii predn\u00e1\u0161ok na \u0161kol\u00e1ch, ktor\u00e9 sa nominovali v r\u00e1mci s\u00fa\u0165a\u017ee \u00a0<a title=\"Dobr\u00fd n\u00e1pad m\u00f4\u017ee pom\u00f4c\u0165!\" href=\"https:\/\/preventista.sk\/info\/dobry-napad-moze-pomoct\/\">Dobr\u00fd n\u00e1pad m\u00f4\u017ee pom\u00f4c\u0165<\/a><\/p>\n<p><a href=\"https:\/\/i0.wp.com\/preventista.sk\/info\/wp-content\/uploads\/2014\/01\/dobry_napad_2.jpg?ssl=1\"><img data-recalc-dims=\"1\" loading=\"lazy\" decoding=\"async\" data-attachment-id=\"1867\" data-permalink=\"https:\/\/preventista.sk\/info\/dobry-napad-moze-pomoct\/dobry_napad_2\/\" data-orig-file=\"https:\/\/i0.wp.com\/preventista.sk\/info\/wp-content\/uploads\/2014\/01\/dobry_napad_2.jpg?fit=700%2C300&amp;ssl=1\" data-orig-size=\"700,300\" data-comments-opened=\"1\" data-image-meta=\"{&quot;aperture&quot;:&quot;0&quot;,&quot;credit&quot;:&quot;&quot;,&quot;camera&quot;:&quot;&quot;,&quot;caption&quot;:&quot;&quot;,&quot;created_timestamp&quot;:&quot;0&quot;,&quot;copyright&quot;:&quot;&quot;,&quot;focal_length&quot;:&quot;0&quot;,&quot;iso&quot;:&quot;0&quot;,&quot;shutter_speed&quot;:&quot;0&quot;,&quot;title&quot;:&quot;&quot;}\" data-image-title=\"dobry_napad_2\" data-image-description=\"\" data-image-caption=\"\" data-large-file=\"https:\/\/i0.wp.com\/preventista.sk\/info\/wp-content\/uploads\/2014\/01\/dobry_napad_2.jpg?fit=700%2C300&amp;ssl=1\" class=\"alignnone size-medium wp-image-1867\" src=\"https:\/\/i0.wp.com\/preventista.sk\/info\/wp-content\/uploads\/2014\/01\/dobry_napad_2.jpg?resize=300%2C128&#038;ssl=1\" alt=\"dobry_napad_2\" width=\"300\" height=\"128\" srcset=\"https:\/\/i0.wp.com\/preventista.sk\/info\/wp-content\/uploads\/2014\/01\/dobry_napad_2.jpg?resize=450%2C192&amp;ssl=1 450w, https:\/\/i0.wp.com\/preventista.sk\/info\/wp-content\/uploads\/2014\/01\/dobry_napad_2.jpg?resize=320%2C137&amp;ssl=1 320w, https:\/\/i0.wp.com\/preventista.sk\/info\/wp-content\/uploads\/2014\/01\/dobry_napad_2.jpg?w=700&amp;ssl=1 700w\" sizes=\"auto, (max-width: 300px) 100vw, 300px\" \/><\/a><\/p>\n<p>&nbsp;<\/p>\n<p>&nbsp;<\/p>\n<p><span style=\"color: #0000ff;\"><strong>M\u00e1 to v\u00f4bec zmysel, zmen\u00edme t\u00fdm nie\u010do?<\/strong><\/span><\/p>\n<p>T\u00fato ot\u00e1zku si kladieme dos\u0165 \u010dasto a tak sme sa obzreli sp\u00e4\u0165 a op\u00fdtali na niektor\u00fdch \u0161kol\u00e1ch na ktor\u00fdch sme u\u017e nejak\u00e9 aktivity realizovali. Polo\u017eili sme dve z\u00e1kladn\u00e9 ot\u00e1zky:<\/p>\n<ol>\n<li><em>Ak\u00fd maj\u00fa pod\u013ea V\u00e1\u0161ho n\u00e1zoru pr\u00ednos podobn\u00e9 predn\u00e1\u0161ky resp.\u010di v\u00f4bec nejak\u00fd pr\u00ednos maj\u00fa?<\/em><\/li>\n<li><em>Ak\u00e9 boli sp\u00e4tn\u00e9 odozvy od u\u010dite\u013eov a\u00a0\u017eiakov v\u00a0obdob\u00ed po predn\u00e1\u0161kach?<\/em><\/li>\n<\/ol>\n<p>&nbsp;<\/p>\n<p><strong><em>Monika Szab\u00f3ov\u00e1, preventistka, Z\u0160 L.Novomesk\u00e9ho, Lu\u010denec<\/em><\/strong><\/p>\n<p><em><img data-recalc-dims=\"1\" loading=\"lazy\" decoding=\"async\" data-attachment-id=\"2223\" data-permalink=\"https:\/\/preventista.sk\/info\/leto-i-jesen-budu-opat-o-prevencii\/zs_l-_novomeskeho_-_lucenec\/\" data-orig-file=\"https:\/\/i0.wp.com\/preventista.sk\/info\/wp-content\/uploads\/2014\/07\/Z%C5%A0_L._Novomesk%C3%A9ho_-_Lu%C4%8Denec.jpg?fit=3472%2C2604&amp;ssl=1\" data-orig-size=\"3472,2604\" data-comments-opened=\"1\" data-image-meta=\"{&quot;aperture&quot;:&quot;2.7&quot;,&quot;credit&quot;:&quot;&quot;,&quot;camera&quot;:&quot;KODAK EASYSHARE C913 DIGITAL CAMERA&quot;,&quot;caption&quot;:&quot;&quot;,&quot;created_timestamp&quot;:&quot;1350812843&quot;,&quot;copyright&quot;:&quot;&quot;,&quot;focal_length&quot;:&quot;6&quot;,&quot;iso&quot;:&quot;64&quot;,&quot;shutter_speed&quot;:&quot;0.001563&quot;,&quot;title&quot;:&quot;&quot;}\" data-image-title=\"Z\u0160_L._Novomesk\u00e9ho_-_Lu\u010denec\" data-image-description=\"\" data-image-caption=\"\" data-large-file=\"https:\/\/i0.wp.com\/preventista.sk\/info\/wp-content\/uploads\/2014\/07\/Z%C5%A0_L._Novomesk%C3%A9ho_-_Lu%C4%8Denec.jpg?fit=700%2C525&amp;ssl=1\" class=\" margin-right: 10px; alignleft wp-image-2223 size-thumbnail\" src=\"https:\/\/i0.wp.com\/preventista.sk\/info\/wp-content\/uploads\/2014\/07\/Z%C5%A0_L._Novomesk%C3%A9ho_-_Lu%C4%8Denec.jpg?resize=150%2C112&#038;ssl=1\" alt=\"Z\u0160 Novomesk\u00e9ho\" width=\"150\" height=\"112\" srcset=\"https:\/\/i0.wp.com\/preventista.sk\/info\/wp-content\/uploads\/2014\/07\/Z%C5%A0_L._Novomesk%C3%A9ho_-_Lu%C4%8Denec.jpg?resize=320%2C240&amp;ssl=1 320w, https:\/\/i0.wp.com\/preventista.sk\/info\/wp-content\/uploads\/2014\/07\/Z%C5%A0_L._Novomesk%C3%A9ho_-_Lu%C4%8Denec.jpg?resize=450%2C337&amp;ssl=1 450w, https:\/\/i0.wp.com\/preventista.sk\/info\/wp-content\/uploads\/2014\/07\/Z%C5%A0_L._Novomesk%C3%A9ho_-_Lu%C4%8Denec.jpg?resize=700%2C525&amp;ssl=1 700w, https:\/\/i0.wp.com\/preventista.sk\/info\/wp-content\/uploads\/2014\/07\/Z%C5%A0_L._Novomesk%C3%A9ho_-_Lu%C4%8Denec.jpg?w=2000&amp;ssl=1 2000w, https:\/\/i0.wp.com\/preventista.sk\/info\/wp-content\/uploads\/2014\/07\/Z%C5%A0_L._Novomesk%C3%A9ho_-_Lu%C4%8Denec.jpg?w=3000&amp;ssl=1 3000w\" sizes=\"auto, (max-width: 150px) 100vw, 150px\" \/>Predn\u00e1\u0161ky k tejto problematike maj\u00fa obrovsk\u00fd v\u00fdznam. Pokrok ide dopredu, ale my sme nedozreli na zaobch\u00e1dzanie s niektor\u00fdmi vecami. Deti, ale ani dospel\u00ed, si neuvedomuj\u00fa nebezpe\u010denstvo pou\u017e\u00edvania IT a ve\u013emi potrebuj\u00fa inform\u00e1cie od niekoho, kto je informovanej\u0161\u00ed.<\/em><\/p>\n<p><em>Odozva od \u017eiakov aj u\u010dite\u013eov je pozit\u00edvna. Podobn\u00e9 predn\u00e1\u0161ky uv\u00edtame aj v bud\u00facnosti a \u010fakujeme.<\/em><\/p>\n<p>&nbsp;<\/p>\n<p><strong><em>Ibi Straussov\u00e1, Z\u0160 Ni\u017en\u00fd Kl\u00e1tov<\/em><\/strong><\/p>\n<p><em><a href=\"https:\/\/preventista.sk\/info\/wp-content\/uploads\/2014\/07\/V\u00fdst\u0159i\u017eek.jpg\"><br \/>\n<\/a><img data-recalc-dims=\"1\" loading=\"lazy\" decoding=\"async\" data-attachment-id=\"2225\" data-permalink=\"https:\/\/preventista.sk\/info\/leto-i-jesen-budu-opat-o-prevencii\/vystrizek\/\" data-orig-file=\"https:\/\/i0.wp.com\/preventista.sk\/info\/wp-content\/uploads\/2014\/07\/V%C3%BDst%C5%99i%C5%BEek.jpg?fit=598%2C381&amp;ssl=1\" data-orig-size=\"598,381\" data-comments-opened=\"1\" data-image-meta=\"{&quot;aperture&quot;:&quot;0&quot;,&quot;credit&quot;:&quot;Tom\\u00e1\\u0161 Paulus&quot;,&quot;camera&quot;:&quot;&quot;,&quot;caption&quot;:&quot;&quot;,&quot;created_timestamp&quot;:&quot;1406289825&quot;,&quot;copyright&quot;:&quot;&quot;,&quot;focal_length&quot;:&quot;0&quot;,&quot;iso&quot;:&quot;0&quot;,&quot;shutter_speed&quot;:&quot;0&quot;,&quot;title&quot;:&quot;&quot;}\" data-image-title=\"V\u00fdst\u0159i\u017eek\" data-image-description=\"\" data-image-caption=\"\" data-large-file=\"https:\/\/i0.wp.com\/preventista.sk\/info\/wp-content\/uploads\/2014\/07\/V%C3%BDst%C5%99i%C5%BEek.jpg?fit=598%2C381&amp;ssl=1\" class=\"margin-right: 10px alignleft wp-image-2225 size-thumbnail\" src=\"https:\/\/i0.wp.com\/preventista.sk\/info\/wp-content\/uploads\/2014\/07\/V%C3%BDst%C5%99i%C5%BEek.jpg?resize=150%2C95&#038;ssl=1\" alt=\"V\u00fdst\u0159i\u017eek\" width=\"150\" height=\"95\" srcset=\"https:\/\/i0.wp.com\/preventista.sk\/info\/wp-content\/uploads\/2014\/07\/V%C3%BDst%C5%99i%C5%BEek.jpg?resize=320%2C203&amp;ssl=1 320w, https:\/\/i0.wp.com\/preventista.sk\/info\/wp-content\/uploads\/2014\/07\/V%C3%BDst%C5%99i%C5%BEek.jpg?resize=450%2C286&amp;ssl=1 450w, https:\/\/i0.wp.com\/preventista.sk\/info\/wp-content\/uploads\/2014\/07\/V%C3%BDst%C5%99i%C5%BEek.jpg?w=598&amp;ssl=1 598w\" sizes=\"auto, (max-width: 150px) 100vw, 150px\" \/>Prvotn\u00fd pr\u00ednos, ktor\u00fd mi napadol, je ten, \u017ee sa pomenuj\u00fa veci spr\u00e1vnym menom.\u00a0\u017de \u00fa\u010dastn\u00edci pochopia, \u017ee digit\u00e1lny priestor vie by\u0165 rovnako\u00a0anonymn\u00fdm,\u00a0ak\u00fdm vie by\u0165 verejn\u00fdm.\u00a0V preklade &#8211; mnoh\u00ed si a\u017e tu uvedomili, \u017ee r\u00f4zne veci\/udalosti\/pr\u00edhody, ktor\u00e9 u\u017e \u010dasto aj za\u017eili a ktor\u00e9 sa im nezdali podozriv\u00e9, m\u00f4\u017eu v sebe skr\u00fdva\u0165 nejak\u00e9 to nebezpe\u010denstvo. Bolo to vidie\u0165 hlavne na tv\u00e1rach \u017eiakov z druh\u00e9ho stup\u0148a, ako reagovali, ako ich to n\u00fatilo zamyslie\u0165 sa. Ba u niektor\u00fdch sa zdalo, \u017ee v istej chv\u00edli zbledli a ja som presne vedela, \u017ee to die\u0165a sa tu spoznalo a \u017ee podobn\u00e1 vec sa mu u\u017e istotne stala.\u00a0<\/em><\/p>\n<p><em>U\u010ditelia okam\u017eite zareagovali, \u017ee toto u\u017e d\u00e1vno malo by\u0165. A \u017ee by mala by\u0165 podobn\u00e1 predn\u00e1\u0161ka aj pre nich, lebo si uvedomili, ak\u00e9 maj\u00fa medzery v znalostiach z tejto oblasti. \u00a0Na rodi\u010dovskom zdru\u017een\u00ed, kedy sa rodi\u010dia p\u00fdtali na t\u00fato akciu (pod\u013ea rozpr\u00e1vania det\u00ed doma) dali rodi\u010dia po\u017eiadavku na besedu aj pre nich. (m\u00f4j postreh &#8211; najlep\u0161ie pre rodi\u010dov samostatne, ale aj spolo\u010dne s de\u0165mi). \u00a0<\/em><em>No a medzi \u017eiakmi sa na\u0161li tak\u00ed, ktor\u00ed pri\u0161li po besede za mnou, &#8222;otvorili sa&#8220; a kl\u00e1dli ot\u00e1zky, pr\u00edpadne si pri\u0161li pre radu. A toto je neod\u0161kriepite\u013en\u00fd d\u00f4kaz toho, \u017ee to malo zmysel.\u00a0<\/em><\/p>\n<p>&nbsp;<\/p>\n<p><strong><em>Na\u010fa Mih\u00e1lov\u00e1, preventistka, Gymn\u00e1zium Hn\u00fa\u0161\u0165a<\/em><\/strong><\/p>\n<p><em><a href=\"https:\/\/i0.wp.com\/preventista.sk\/info\/wp-content\/uploads\/2014\/07\/pk-IMG_2817.jpg?ssl=1\"><img data-recalc-dims=\"1\" loading=\"lazy\" decoding=\"async\" data-attachment-id=\"2227\" data-permalink=\"https:\/\/preventista.sk\/info\/leto-i-jesen-budu-opat-o-prevencii\/pk-img_2817\/\" data-orig-file=\"https:\/\/i0.wp.com\/preventista.sk\/info\/wp-content\/uploads\/2014\/07\/pk-IMG_2817.jpg?fit=1024%2C683&amp;ssl=1\" data-orig-size=\"1024,683\" data-comments-opened=\"1\" data-image-meta=\"{&quot;aperture&quot;:&quot;7.1&quot;,&quot;credit&quot;:&quot;&quot;,&quot;camera&quot;:&quot;Canon EOS 450D&quot;,&quot;caption&quot;:&quot;&quot;,&quot;created_timestamp&quot;:&quot;1227345969&quot;,&quot;copyright&quot;:&quot;&quot;,&quot;focal_length&quot;:&quot;51&quot;,&quot;iso&quot;:&quot;200&quot;,&quot;shutter_speed&quot;:&quot;0.01&quot;,&quot;title&quot;:&quot;&quot;}\" data-image-title=\"pk-IMG_2817\" data-image-description=\"\" data-image-caption=\"\" data-large-file=\"https:\/\/i0.wp.com\/preventista.sk\/info\/wp-content\/uploads\/2014\/07\/pk-IMG_2817.jpg?fit=700%2C466&amp;ssl=1\" class=\"margin-right: 10px alignleft wp-image-2227 size-thumbnail\" src=\"https:\/\/i0.wp.com\/preventista.sk\/info\/wp-content\/uploads\/2014\/07\/pk-IMG_2817.jpg?resize=150%2C99&#038;ssl=1\" alt=\"pk-IMG_2817\" width=\"150\" height=\"99\" srcset=\"https:\/\/i0.wp.com\/preventista.sk\/info\/wp-content\/uploads\/2014\/07\/pk-IMG_2817.jpg?resize=320%2C213&amp;ssl=1 320w, https:\/\/i0.wp.com\/preventista.sk\/info\/wp-content\/uploads\/2014\/07\/pk-IMG_2817.jpg?resize=450%2C300&amp;ssl=1 450w, https:\/\/i0.wp.com\/preventista.sk\/info\/wp-content\/uploads\/2014\/07\/pk-IMG_2817.jpg?resize=700%2C466&amp;ssl=1 700w, https:\/\/i0.wp.com\/preventista.sk\/info\/wp-content\/uploads\/2014\/07\/pk-IMG_2817.jpg?w=1024&amp;ssl=1 1024w\" sizes=\"auto, (max-width: 150px) 100vw, 150px\" \/><\/a>V prvom rade si mysl\u00edm, \u017ee predn\u00e1\u0161ky tohto typu maj\u00fa za \u00falohu prebra\u0165 n\u00e1s v\u0161etk\u00fdch z hlbokej naivity a nevedomosti. \u00c1no, sme naivn\u00ed a nevedom\u00ed pri domyslen\u00ed dopadov svojho konania a spr\u00e1vania sa na soci\u00e1lnych sie\u0165ach a internete. Predn\u00e1\u0161ka Ing. Ostera mnoh\u00fdm z n\u00e1s otvorila o\u010di. Rozpr\u00fadila diskusiu a priniesla aj konkr\u00e9tne pr\u00e1vne rie\u0161enie on-line \u00fatoku na \u0161tudentku na\u0161ej \u0161koly. Ur\u010dite odpor\u00fa\u010dam na \u0161kol\u00e1ch predn\u00e1\u0161ky tohto typu, ako aj ich cyklick\u00e9 opakovanie.<\/em><\/p>\n<p>&nbsp;<\/p>\n","protected":false},"excerpt":{"rendered":"<p>Ani po\u010das leta nebudeme ne\u010dinn\u00fd. Okrem \u010dl\u00e1nkov a pr\u00edpravy na jesenn\u00e9 obdobie (o ktorom u\u017e dnes vieme, \u017ee bude n\u00e1ro\u010dn\u00e9) sa z\u00fa\u010dastn\u00edme nieko\u013ek\u00fdch zauj\u00edmav\u00fdch\u00a0aktiv\u00edt. Zameranie ako inak &#8211; bezpe\u010dnos\u0165 IT \u00a0a prevencia IT kriminality. Pritom v plnej miere be\u017eia pr\u00edpravy na semin\u00e1re a konferencie, ktor\u00e9 s\u00fa pred nami. &nbsp; Leto v znamen\u00ed stretnutia so slovensk\u00fdmi [&hellip;]<\/p>\n","protected":false},"author":2,"featured_media":2216,"comment_status":"open","ping_status":"open","sticky":false,"template":"","format":"standard","meta":{"jetpack_post_was_ever_published":false,"_jetpack_newsletter_access":"","_jetpack_dont_email_post_to_subs":false,"_jetpack_newsletter_tier_id":0,"_jetpack_memberships_contains_paywalled_content":false,"_jetpack_memberships_contains_paid_content":false,"footnotes":""},"categories":[61],"tags":[51,52],"class_list":["post-2203","post","type-post","status-publish","format-standard","has-post-thumbnail","hentry","category-prevencia","tag-prevencia-it-kriminality","tag-skola"],"aioseo_notices":[],"jetpack_featured_media_url":"https:\/\/i0.wp.com\/preventista.sk\/info\/wp-content\/uploads\/2014\/07\/jesenprevi.jpg?fit=700%2C400&ssl=1","jetpack_sharing_enabled":true,"jetpack-related-posts":[{"id":7,"url":"https:\/\/preventista.sk\/info\/prevencia-it-kriminality-v-skole\/","url_meta":{"origin":2203,"position":0},"title":"Prevencia IT kriminality a jej miesto v \u0161kole","author":"J. Oster","date":"19. j\u00fala 2013","format":false,"excerpt":"Prevencia IT kriminality? Chym\u00e9ra alebo re\u00e1lna po\u017eiadavka doby.... patr\u00ed do \u0161k\u00f4l ako s\u00fa\u010das\u0165 informatick\u00e9ho vzdel\u00e1vania? V\u00a0ktorom veku by sa mali za\u010da\u0165 deti oboznamova\u0165 so z\u00e1kladn\u00fdmi inform\u00e1ciami s\u00favisiacimi so z\u00e1kladn\u00fdmi poznatkami bezpe\u010dnosti virtu\u00e1lneho sveta? \u00a0 Diskusie o\u00a0tom v\u00a0ktorom veku by sa mali a\u00a0akou formou za\u010da\u0165 oboznamova\u0165 s\u00a0problematikou z\u00e1kladov bezpe\u010dn\u00e9ho spr\u00e1vania pri\u2026","rel":"","context":"V &quot;IT kriminalita&quot;","block_context":{"text":"IT kriminalita","link":"https:\/\/preventista.sk\/info\/category\/prevencia\/itkrim\/"},"img":{"alt_text":"Computers","src":"https:\/\/i0.wp.com\/preventista.sk\/info\/wp-content\/uploads\/2013\/07\/computers.jpg?fit=700%2C400&ssl=1&resize=350%2C200","width":350,"height":200,"srcset":"https:\/\/i0.wp.com\/preventista.sk\/info\/wp-content\/uploads\/2013\/07\/computers.jpg?fit=700%2C400&ssl=1&resize=350%2C200 1x, https:\/\/i0.wp.com\/preventista.sk\/info\/wp-content\/uploads\/2013\/07\/computers.jpg?fit=700%2C400&ssl=1&resize=525%2C300 1.5x, https:\/\/i0.wp.com\/preventista.sk\/info\/wp-content\/uploads\/2013\/07\/computers.jpg?fit=700%2C400&ssl=1&resize=700%2C400 2x"},"classes":[]},{"id":1508,"url":"https:\/\/preventista.sk\/info\/prednaska-kyberneticka-kriminalita\/","url_meta":{"origin":2203,"position":1},"title":"Najpozeranej\u0161ia predn\u00e1\u0161ka na ucimeprezivot.sk","author":"Redakcia","date":"30. decembra 2013","format":false,"excerpt":"Za rok od svojho zverejnenia sa\u00a0t\u00e1to predn\u00e1\u0161ka stala\u00a0najpozeranej\u0161ou predn\u00e1\u0161kou na\u00a0 www.ucimeprezivot.sk \u00a0 Na \u0161kol\u00e1ch za\u010d\u00ednaj\u00fa v tomto obdob\u00ed vznika\u0165 pl\u00e1ny tohtoro\u010dn\u00fdch aktiv\u00edt v oblasti prevencie.\u00a0 P\u00e1r n\u00e1metov mo\u017eno z\u00edskate z predn\u00e1\u0161ky z RoadShow Modern\u00fd u\u010dite\u013e z minul\u00e9ho roka. Na po\u017eiadanie pre u\u010dite\u013eov, riadite\u013eov \u0161k\u00f4l, preventistov\u00a0embedovan\u00e1 prezent\u00e1cia. \u00a0 \u00a0 Kybernetick\u00e1 kriminalita\u2026","rel":"","context":"V &quot;IT kriminalita&quot;","block_context":{"text":"IT kriminalita","link":"https:\/\/preventista.sk\/info\/category\/prevencia\/itkrim\/"},"img":{"alt_text":"klub-ucitelov","src":"https:\/\/i0.wp.com\/preventista.sk\/info\/wp-content\/uploads\/2013\/12\/ucitelia.jpg?fit=700%2C400&ssl=1&resize=350%2C200","width":350,"height":200,"srcset":"https:\/\/i0.wp.com\/preventista.sk\/info\/wp-content\/uploads\/2013\/12\/ucitelia.jpg?fit=700%2C400&ssl=1&resize=350%2C200 1x, https:\/\/i0.wp.com\/preventista.sk\/info\/wp-content\/uploads\/2013\/12\/ucitelia.jpg?fit=700%2C400&ssl=1&resize=525%2C300 1.5x, https:\/\/i0.wp.com\/preventista.sk\/info\/wp-content\/uploads\/2013\/12\/ucitelia.jpg?fit=700%2C400&ssl=1&resize=700%2C400 2x"},"classes":[]},{"id":2687,"url":"https:\/\/preventista.sk\/info\/prevencia-v-oblasti-it-kriminality-skusenosti-zo-skolskeho-prostredia\/","url_meta":{"origin":2203,"position":2},"title":"Prevencia v oblasti IT kriminality \u2013 sk\u00fasenosti zo \u0161kolsk\u00e9ho prostredia","author":"J. Oster","date":"13. j\u00fala 2015","format":false,"excerpt":"Praktick\u00e1 realiz\u00e1cia r\u00f4znych foriem prevencie so zameran\u00edm najm\u00e4 na t\u00e9my informa\u010dnej bezpe\u010dnosti a\u00a0prevencie IT kriminality ur\u010dite nie je jednoduch\u00e1. Nie je jednoduch\u00e1 ani v\u00a0komer\u010dnom sektore, ale v\u00a0sektore \u0161kolstva u\u017e v\u00f4bec nie. Argumenty vzn\u00e1\u0161an\u00e9 po\u010das nez\u00e1visl\u00fdch deb\u00e1t v\u00a0r\u00e1mci aktiv\u00edt na \u0161kol\u00e1ch, \u010di r\u00f4znych vzdel\u00e1vac\u00edch workshopoch pre pedag\u00f3gov potvrdzuj\u00fa nieko\u013eko z\u00e1kladn\u00fdch probl\u00e9mov:\u2026","rel":"","context":"V &quot;IT kriminalita&quot;","block_context":{"text":"IT kriminalita","link":"https:\/\/preventista.sk\/info\/category\/prevencia\/itkrim\/"},"img":{"alt_text":"","src":"https:\/\/i0.wp.com\/preventista.sk\/info\/wp-content\/uploads\/2015\/07\/prevencia-%C5%A1kola1.png?fit=700%2C400&ssl=1&resize=350%2C200","width":350,"height":200,"srcset":"https:\/\/i0.wp.com\/preventista.sk\/info\/wp-content\/uploads\/2015\/07\/prevencia-%C5%A1kola1.png?fit=700%2C400&ssl=1&resize=350%2C200 1x, https:\/\/i0.wp.com\/preventista.sk\/info\/wp-content\/uploads\/2015\/07\/prevencia-%C5%A1kola1.png?fit=700%2C400&ssl=1&resize=525%2C300 1.5x, https:\/\/i0.wp.com\/preventista.sk\/info\/wp-content\/uploads\/2015\/07\/prevencia-%C5%A1kola1.png?fit=700%2C400&ssl=1&resize=700%2C400 2x"},"classes":[]},{"id":1244,"url":"https:\/\/preventista.sk\/info\/prevencia-kam-kracas\/","url_meta":{"origin":2203,"position":3},"title":"Prevencia kam kr\u00e1\u010da\u0161&#8230;?","author":"J. Oster","date":"1. septembra 2013","format":false,"excerpt":"Nieko\u013ekoro\u010dn\u00e9 p\u00f4sobenie v\u00a0oblasti prevencie, predn\u00e1\u0161kov\u00e9 turn\u00e9 medzi u\u010dite\u013emi po celom Slovensku, debaty s\u00a0u\u010dite\u013emi v\u00a0r\u00e1mci predn\u00e1\u0161ok na \u0161kol\u00e1ch a\u00a0workshopov, v\u00fdmeny n\u00e1zorov v\u00a0diskusn\u00fdch skupin\u00e1ch vyprofilovali rad poznatkov z\u00a0oblasti fungovania prevencie a\u00a0zvl\u00e1s\u0165 v\u00a0oblasti prevencie IT kriminality a\u00a0informa\u010dnej bezpe\u010dnosti. \u00a0 Sk\u00fasim \u00a0zhrn\u00fa\u0165 nieko\u013eko z\u00e1kladn\u00fdch probl\u00e9mov o\u00a0ktor\u00fdch sa d\u00e1 rozp\u00fata\u0165 ur\u010dite ve\u013emi dlh\u00e1 diskusia: nedostato\u010dn\u00e1\u2026","rel":"","context":"V &quot;Prevencia&quot;","block_context":{"text":"Prevencia","link":"https:\/\/preventista.sk\/info\/category\/prevencia\/"},"img":{"alt_text":"PreventistaSK","src":"https:\/\/i0.wp.com\/preventista.sk\/info\/wp-content\/uploads\/2013\/03\/PreventistaSK.jpg?fit=700%2C400&ssl=1&resize=350%2C200","width":350,"height":200,"srcset":"https:\/\/i0.wp.com\/preventista.sk\/info\/wp-content\/uploads\/2013\/03\/PreventistaSK.jpg?fit=700%2C400&ssl=1&resize=350%2C200 1x, https:\/\/i0.wp.com\/preventista.sk\/info\/wp-content\/uploads\/2013\/03\/PreventistaSK.jpg?fit=700%2C400&ssl=1&resize=525%2C300 1.5x, https:\/\/i0.wp.com\/preventista.sk\/info\/wp-content\/uploads\/2013\/03\/PreventistaSK.jpg?fit=700%2C400&ssl=1&resize=700%2C400 2x"},"classes":[]},{"id":3024,"url":"https:\/\/preventista.sk\/info\/rozhlasova-relacia-rtvs-radio-regina\/","url_meta":{"origin":2203,"position":4},"title":"Rozhlasov\u00e1 rel\u00e1cia RTVS R\u00e1dio Regina","author":"J. Oster","date":"22. janu\u00e1ra 2016","format":false,"excerpt":"R\u00e1dio Regina, \u0161t\u00fadio Bansk\u00e1 Bystrica, 4.febru\u00e1ra 2016 so za\u010diatkom o 21:05. V \u0161t\u00fadiu budeme diskutova\u0165 o t\u00e9mach ako po\u010d\u00edta\u010dov\u00e1 kriminalita, prevencia IT kriminality, bezpe\u010dnos\u0165 IT, soci\u00e1lne siete a samozrejme odpoveda\u0165 na ot\u00e1zky. Polo\u017ei\u0165 ot\u00e1zku m\u00e1te mo\u017enos\u0165 u\u017e teraz prostredn\u00edctvom tohto formul\u00e1ra. \u00a0 Na\u010d\u00edtava sa...","rel":"","context":"V &quot;Aktu\u00e1lne&quot;","block_context":{"text":"Aktu\u00e1lne","link":"https:\/\/preventista.sk\/info\/category\/akcie\/aktualne\/"},"img":{"alt_text":"","src":"https:\/\/i0.wp.com\/preventista.sk\/info\/wp-content\/uploads\/2016\/01\/radio.jpg?fit=625%2C469&ssl=1&resize=350%2C200","width":350,"height":200,"srcset":"https:\/\/i0.wp.com\/preventista.sk\/info\/wp-content\/uploads\/2016\/01\/radio.jpg?fit=625%2C469&ssl=1&resize=350%2C200 1x, https:\/\/i0.wp.com\/preventista.sk\/info\/wp-content\/uploads\/2016\/01\/radio.jpg?fit=625%2C469&ssl=1&resize=525%2C300 1.5x"},"classes":[]},{"id":726,"url":"https:\/\/preventista.sk\/info\/kolotoc-prevencie\/","url_meta":{"origin":2203,"position":5},"title":"Koloto\u010d prevencie","author":"J. Oster","date":"31. j\u00fala 2013","format":false,"excerpt":"\u00a0 Pilotn\u00fd projekt odsk\u00fa\u0161an\u00fd v m\u00e1ji 2012 - n\u00e1sledne 2013 za spolupr\u00e1ce nieko\u013ek\u00fdch subjektov spolupracuj\u00facich v r\u00e1mci komisie prevencie pri M\u00da Lu\u010denec. Subjekty podie\u013eaj\u00face sa na obsahovej n\u00e1plni: Pol\u00edcia Slovenskej republiky Mestsk\u00e1 pol\u00edcia Lu\u010denec Coln\u00e1 spr\u00e1va Slovenskej republiky CPPaP Lu\u010denec extern\u00ed lektori \u00a0 \u00a0 \u00a0 Vysk\u00fa\u0161ajte vo Va\u0161ich reg\u00f3noch podobne\u2026","rel":"","context":"V &quot;Odpor\u00fa\u010dame&quot;","block_context":{"text":"Odpor\u00fa\u010dame","link":"https:\/\/preventista.sk\/info\/category\/skusenosti\/odporucame\/"},"img":{"alt_text":"kolotoc","src":"https:\/\/i0.wp.com\/preventista.sk\/info\/wp-content\/uploads\/2013\/07\/koloto%C4%8D.jpg?fit=700%2C400&ssl=1&resize=350%2C200","width":350,"height":200,"srcset":"https:\/\/i0.wp.com\/preventista.sk\/info\/wp-content\/uploads\/2013\/07\/koloto%C4%8D.jpg?fit=700%2C400&ssl=1&resize=350%2C200 1x, https:\/\/i0.wp.com\/preventista.sk\/info\/wp-content\/uploads\/2013\/07\/koloto%C4%8D.jpg?fit=700%2C400&ssl=1&resize=525%2C300 1.5x, https:\/\/i0.wp.com\/preventista.sk\/info\/wp-content\/uploads\/2013\/07\/koloto%C4%8D.jpg?fit=700%2C400&ssl=1&resize=700%2C400 2x"},"classes":[]}],"_links":{"self":[{"href":"https:\/\/preventista.sk\/info\/wp-json\/wp\/v2\/posts\/2203","targetHints":{"allow":["GET"]}}],"collection":[{"href":"https:\/\/preventista.sk\/info\/wp-json\/wp\/v2\/posts"}],"about":[{"href":"https:\/\/preventista.sk\/info\/wp-json\/wp\/v2\/types\/post"}],"author":[{"embeddable":true,"href":"https:\/\/preventista.sk\/info\/wp-json\/wp\/v2\/users\/2"}],"replies":[{"embeddable":true,"href":"https:\/\/preventista.sk\/info\/wp-json\/wp\/v2\/comments?post=2203"}],"version-history":[{"count":21,"href":"https:\/\/preventista.sk\/info\/wp-json\/wp\/v2\/posts\/2203\/revisions"}],"predecessor-version":[{"id":2234,"href":"https:\/\/preventista.sk\/info\/wp-json\/wp\/v2\/posts\/2203\/revisions\/2234"}],"wp:featuredmedia":[{"embeddable":true,"href":"https:\/\/preventista.sk\/info\/wp-json\/wp\/v2\/media\/2216"}],"wp:attachment":[{"href":"https:\/\/preventista.sk\/info\/wp-json\/wp\/v2\/media?parent=2203"}],"wp:term":[{"taxonomy":"category","embeddable":true,"href":"https:\/\/preventista.sk\/info\/wp-json\/wp\/v2\/categories?post=2203"},{"taxonomy":"post_tag","embeddable":true,"href":"https:\/\/preventista.sk\/info\/wp-json\/wp\/v2\/tags?post=2203"}],"curies":[{"name":"wp","href":"https:\/\/api.w.org\/{rel}","templated":true}]}}