{"id":2355,"date":"2014-11-24T09:04:43","date_gmt":"2014-11-24T08:04:43","guid":{"rendered":"http:\/\/preventista.sk\/info\/?p=2355"},"modified":"2015-06-01T12:45:42","modified_gmt":"2015-06-01T10:45:42","slug":"prednaska-gymnazium-vranov-nad-toplou-video","status":"publish","type":"post","link":"https:\/\/preventista.sk\/info\/prednaska-gymnazium-vranov-nad-toplou-video\/","title":{"rendered":"Predn\u00e1\u0161ka Gymn\u00e1zium Vranov nad Top\u013eou [video]"},"content":{"rendered":"<p>Predn\u00e1\u0161ka pre \u017eiakov druh\u00e9ho a tretieho ro\u010dn\u00edka na t\u00e9mu soci\u00e1lne siete, prevencia a ochrana pred zneu\u017eit\u00edm, ochrana s\u00fakromia a \u010fal\u0161ie.<br \/>\nPredn\u00e1\u0161aj\u00faci: Ing. Jaroslav Oster<\/p>\n<p><iframe loading=\"lazy\" src=\"\/\/www.youtube.com\/embed\/4YQtXROEJFU\" width=\"560\" height=\"315\" frameborder=\"0\" allowfullscreen=\"allowfullscreen\"><\/iframe><\/p>\n","protected":false},"excerpt":{"rendered":"<p>Predn\u00e1\u0161ka pre \u017eiakov druh\u00e9ho a tretieho ro\u010dn\u00edka na t\u00e9mu soci\u00e1lne siete, prevencia a ochrana pred zneu\u017eit\u00edm, ochrana s\u00fakromia a \u010fal\u0161ie. Predn\u00e1\u0161aj\u00faci: Ing. Jaroslav Oster<\/p>\n","protected":false},"author":1,"featured_media":2360,"comment_status":"open","ping_status":"open","sticky":false,"template":"","format":"standard","meta":{"jetpack_post_was_ever_published":false,"_jetpack_newsletter_access":"","_jetpack_dont_email_post_to_subs":false,"_jetpack_newsletter_tier_id":0,"_jetpack_memberships_contains_paywalled_content":false,"_jetpack_memberships_contains_paid_content":false,"footnotes":""},"categories":[14,9],"tags":[39,51],"class_list":["post-2355","post","type-post","status-publish","format-standard","has-post-thumbnail","hentry","category-napisali","category-onas","tag-prednasky","tag-prevencia-it-kriminality"],"aioseo_notices":[],"jetpack_featured_media_url":"https:\/\/i0.wp.com\/preventista.sk\/info\/wp-content\/uploads\/2014\/11\/gymnazium.jpg?fit=700%2C400&ssl=1","jetpack_sharing_enabled":true,"jetpack-related-posts":[{"id":44,"url":"https:\/\/preventista.sk\/info\/nami-realizovane-aktivity-v-oblasti-prevencie\/","url_meta":{"origin":2355,"position":0},"title":"Nami realizovan\u00e9 aktivity v oblasti prevencie","author":"Redakcia","date":"19. j\u00fala 2013","format":false,"excerpt":"SPOLUPR\u00c1CA NA REALIZ\u00c1CII PRIESKUMU (2011\/2012) prieskum soci\u00e1lno-patologick\u00fdch javov na z\u00e1kladn\u00fdch \u0161kol\u00e1ch mesta Lu\u010denec Komisia prevencie, Lu\u010denec\u00a0\u00a0\u00a0 informat\u00edvny \u010dl\u00e1nok z v\u00fdsledkov prieskumu (scoop.it) Modern\u00e9 komunika\u010dn\u00e9 technol\u00f3gie, rizik\u00e1 ich pou\u017e\u00edvania prevencia IT kriminality (12\/2018) vzdel\u00e1vac\u00ed workshop pre pracovn\u00edkov prevencie \u00darad pr\u00e1ce soci\u00e1lnych vec\u00ed a rodiny Lu\u010denec Modern\u00e9 komunika\u010dn\u00e9 technol\u00f3gie, rizik\u00e1 ich pou\u017e\u00edvania,\u2026","rel":"","context":"V &quot;Hist\u00f3ria&quot;","block_context":{"text":"Hist\u00f3ria","link":"https:\/\/preventista.sk\/info\/category\/akcie\/prehladakc\/"},"img":{"alt_text":"","src":"https:\/\/i0.wp.com\/preventista.sk\/info\/wp-content\/uploads\/2013\/07\/spolocne.jpg?fit=700%2C400&ssl=1&resize=350%2C200","width":350,"height":200,"srcset":"https:\/\/i0.wp.com\/preventista.sk\/info\/wp-content\/uploads\/2013\/07\/spolocne.jpg?fit=700%2C400&ssl=1&resize=350%2C200 1x, https:\/\/i0.wp.com\/preventista.sk\/info\/wp-content\/uploads\/2013\/07\/spolocne.jpg?fit=700%2C400&ssl=1&resize=525%2C300 1.5x, https:\/\/i0.wp.com\/preventista.sk\/info\/wp-content\/uploads\/2013\/07\/spolocne.jpg?fit=700%2C400&ssl=1&resize=700%2C400 2x"},"classes":[]},{"id":628,"url":"https:\/\/preventista.sk\/info\/628\/","url_meta":{"origin":2355,"position":1},"title":"Predn\u00e1\u0161ka: Kybernetick\u00e1 kriminalita","author":"J. Oster","date":"26. j\u00fala 2013","format":false,"excerpt":"Kybernetick\u00e1 kriminalita a prevencia predn\u00e1\u0161ka z RoadShow Modern\u00fd u\u010dite\u013e 2012 (Ind\u00edcia) \u00a0 \u00a0 Kybernetick\u00e1 kriminalita a prevencia from Indicia \u00a0","rel":"","context":"V &quot;Bezpe\u010dnos\u0165&quot;","block_context":{"text":"Bezpe\u010dnos\u0165","link":"https:\/\/preventista.sk\/info\/category\/itbezp\/"},"img":{"alt_text":"prednaska","src":"https:\/\/i0.wp.com\/preventista.sk\/info\/wp-content\/uploads\/2013\/07\/prednaska.jpg?fit=700%2C400&ssl=1&resize=350%2C200","width":350,"height":200,"srcset":"https:\/\/i0.wp.com\/preventista.sk\/info\/wp-content\/uploads\/2013\/07\/prednaska.jpg?fit=700%2C400&ssl=1&resize=350%2C200 1x, https:\/\/i0.wp.com\/preventista.sk\/info\/wp-content\/uploads\/2013\/07\/prednaska.jpg?fit=700%2C400&ssl=1&resize=525%2C300 1.5x, https:\/\/i0.wp.com\/preventista.sk\/info\/wp-content\/uploads\/2013\/07\/prednaska.jpg?fit=700%2C400&ssl=1&resize=700%2C400 2x"},"classes":[]},{"id":1508,"url":"https:\/\/preventista.sk\/info\/prednaska-kyberneticka-kriminalita\/","url_meta":{"origin":2355,"position":2},"title":"Najpozeranej\u0161ia predn\u00e1\u0161ka na ucimeprezivot.sk","author":"Redakcia","date":"30. decembra 2013","format":false,"excerpt":"Za rok od svojho zverejnenia sa\u00a0t\u00e1to predn\u00e1\u0161ka stala\u00a0najpozeranej\u0161ou predn\u00e1\u0161kou na\u00a0 www.ucimeprezivot.sk \u00a0 Na \u0161kol\u00e1ch za\u010d\u00ednaj\u00fa v tomto obdob\u00ed vznika\u0165 pl\u00e1ny tohtoro\u010dn\u00fdch aktiv\u00edt v oblasti prevencie.\u00a0 P\u00e1r n\u00e1metov mo\u017eno z\u00edskate z predn\u00e1\u0161ky z RoadShow Modern\u00fd u\u010dite\u013e z minul\u00e9ho roka. Na po\u017eiadanie pre u\u010dite\u013eov, riadite\u013eov \u0161k\u00f4l, preventistov\u00a0embedovan\u00e1 prezent\u00e1cia. \u00a0 \u00a0 Kybernetick\u00e1 kriminalita\u2026","rel":"","context":"V &quot;IT kriminalita&quot;","block_context":{"text":"IT kriminalita","link":"https:\/\/preventista.sk\/info\/category\/prevencia\/itkrim\/"},"img":{"alt_text":"klub-ucitelov","src":"https:\/\/i0.wp.com\/preventista.sk\/info\/wp-content\/uploads\/2013\/12\/ucitelia.jpg?fit=700%2C400&ssl=1&resize=350%2C200","width":350,"height":200,"srcset":"https:\/\/i0.wp.com\/preventista.sk\/info\/wp-content\/uploads\/2013\/12\/ucitelia.jpg?fit=700%2C400&ssl=1&resize=350%2C200 1x, https:\/\/i0.wp.com\/preventista.sk\/info\/wp-content\/uploads\/2013\/12\/ucitelia.jpg?fit=700%2C400&ssl=1&resize=525%2C300 1.5x, https:\/\/i0.wp.com\/preventista.sk\/info\/wp-content\/uploads\/2013\/12\/ucitelia.jpg?fit=700%2C400&ssl=1&resize=700%2C400 2x"},"classes":[]},{"id":1691,"url":"https:\/\/preventista.sk\/info\/eu-a-osobne-udaje\/","url_meta":{"origin":2355,"position":3},"title":"E\u00da a osobn\u00e9 \u00fadaje","author":"Redakcia","date":"11. decembra 2013","format":false,"excerpt":"Zauj\u00edmav\u00e1 predn\u00e1\u0161ka z ITAPA o pripravovan\u00fdch novink\u00e1ch v oblasti ochrany osobn\u00fdch \u00fadajov. \u00a0 Zuzana Adamov\u00e1 - Ochrana osobn\u00fdch \u00fadajov a bezpe\u010dnos\u0165 \u00a0","rel":"","context":"V &quot;Zaujalo n\u00e1s&quot;","block_context":{"text":"Zaujalo n\u00e1s","link":"https:\/\/preventista.sk\/info\/category\/skusenosti\/zaujalo\/"},"img":{"alt_text":"europska-unia","src":"https:\/\/i0.wp.com\/preventista.sk\/info\/wp-content\/uploads\/2013\/11\/EU.jpg?fit=700%2C400&ssl=1&resize=350%2C200","width":350,"height":200,"srcset":"https:\/\/i0.wp.com\/preventista.sk\/info\/wp-content\/uploads\/2013\/11\/EU.jpg?fit=700%2C400&ssl=1&resize=350%2C200 1x, https:\/\/i0.wp.com\/preventista.sk\/info\/wp-content\/uploads\/2013\/11\/EU.jpg?fit=700%2C400&ssl=1&resize=525%2C300 1.5x, https:\/\/i0.wp.com\/preventista.sk\/info\/wp-content\/uploads\/2013\/11\/EU.jpg?fit=700%2C400&ssl=1&resize=700%2C400 2x"},"classes":[]},{"id":739,"url":"https:\/\/preventista.sk\/info\/pre-samospravy\/","url_meta":{"origin":2355,"position":4},"title":"Pre samospr\u00e1vy","author":"J. Oster","date":"31. j\u00fala 2013","format":false,"excerpt":"Odpor\u00fa\u010dame zriadovate\u013eom - samospr\u00e1vam Odsk\u00fa\u0161an\u00fd pilotn\u00fd projekt cyklick\u00e9ho vzdel\u00e1vania u\u010dite\u013eov \u0161k\u00f4l v zria\u010fovate\u013eskej p\u00f4sobnosti M\u00da, pracovn\u00edkov p\u00f4sobiacich v oblasti prevencie a odborn\u00fa verejnos\u0165. \u00a0 Doteraz odpredn\u00e1\u0161an\u00e9 t\u00e9my: IT kriminalita rizik\u00e1 digit\u00e1lneho sveta a prevencia \u00a0 Pomoc drogovo z\u00e1visl\u00fdm HARM REDUCTION v ter\u00e9nnej pr\u00e1ci, v kontaknt\u00fdch centr\u00e1ch a slu\u017eby pre u\u017e\u00edvate\u013eov\u2026","rel":"","context":"V &quot;Odpor\u00fa\u010dame&quot;","block_context":{"text":"Odpor\u00fa\u010dame","link":"https:\/\/preventista.sk\/info\/category\/skusenosti\/odporucame\/"},"img":{"alt_text":"PreventistaSK","src":"https:\/\/i0.wp.com\/preventista.sk\/info\/wp-content\/uploads\/2013\/03\/PreventistaSK.jpg?fit=700%2C400&ssl=1&resize=350%2C200","width":350,"height":200,"srcset":"https:\/\/i0.wp.com\/preventista.sk\/info\/wp-content\/uploads\/2013\/03\/PreventistaSK.jpg?fit=700%2C400&ssl=1&resize=350%2C200 1x, https:\/\/i0.wp.com\/preventista.sk\/info\/wp-content\/uploads\/2013\/03\/PreventistaSK.jpg?fit=700%2C400&ssl=1&resize=525%2C300 1.5x, https:\/\/i0.wp.com\/preventista.sk\/info\/wp-content\/uploads\/2013\/03\/PreventistaSK.jpg?fit=700%2C400&ssl=1&resize=700%2C400 2x"},"classes":[]},{"id":194,"url":"https:\/\/preventista.sk\/info\/ochrana-osobnych-udajov-novela-zakona\/","url_meta":{"origin":2355,"position":5},"title":"Osobn\u00e9 \u00fadaje &#8211; novela z\u00e1kona o ochrane osobn\u00fdch \u00fadajov","author":"J. Oster","date":"22. j\u00fala 2013","format":false,"excerpt":"Z\u00e1kon o ochrane osobn\u00fdch \u00fadajov\u00a0priniesol noveliz\u00e1ciou platnou od 1.7.2013\u00a0rad z\u00e1sadn\u00fdch zmien pre spracovate\u013eov osobn\u00fdch \u00fadajov. \u00a0 V \u010dom prin\u00e1\u0161a z\u00e1sadn\u00e9 zmeny? roz\u0161iruje problematiku zodpovednosti za spracovanie osobn\u00fdch \u00fadajov aj na tzv.sprostredkovate\u013eov t.j. subjekty zabezpe\u010duj\u00face extern\u00e9 spracovanie \u00fadajov z\u00e1sadn\u00fdm sp\u00f4sobom men\u00ed postavenie zodpovednej osoby (osoba zodpovedn\u00e1 za riadenie bezep\u010dnosti spracovania osobn\u00fdch\u2026","rel":"","context":"V &quot;Bezpe\u010dnos\u0165&quot;","block_context":{"text":"Bezpe\u010dnos\u0165","link":"https:\/\/preventista.sk\/info\/category\/itbezp\/"},"img":{"alt_text":"osobne_udaje","src":"https:\/\/i0.wp.com\/preventista.sk\/info\/wp-content\/uploads\/2013\/07\/osobne_udaje.jpg?fit=700%2C400&ssl=1&resize=350%2C200","width":350,"height":200,"srcset":"https:\/\/i0.wp.com\/preventista.sk\/info\/wp-content\/uploads\/2013\/07\/osobne_udaje.jpg?fit=700%2C400&ssl=1&resize=350%2C200 1x, https:\/\/i0.wp.com\/preventista.sk\/info\/wp-content\/uploads\/2013\/07\/osobne_udaje.jpg?fit=700%2C400&ssl=1&resize=525%2C300 1.5x, https:\/\/i0.wp.com\/preventista.sk\/info\/wp-content\/uploads\/2013\/07\/osobne_udaje.jpg?fit=700%2C400&ssl=1&resize=700%2C400 2x"},"classes":[]}],"_links":{"self":[{"href":"https:\/\/preventista.sk\/info\/wp-json\/wp\/v2\/posts\/2355","targetHints":{"allow":["GET"]}}],"collection":[{"href":"https:\/\/preventista.sk\/info\/wp-json\/wp\/v2\/posts"}],"about":[{"href":"https:\/\/preventista.sk\/info\/wp-json\/wp\/v2\/types\/post"}],"author":[{"embeddable":true,"href":"https:\/\/preventista.sk\/info\/wp-json\/wp\/v2\/users\/1"}],"replies":[{"embeddable":true,"href":"https:\/\/preventista.sk\/info\/wp-json\/wp\/v2\/comments?post=2355"}],"version-history":[{"count":1,"href":"https:\/\/preventista.sk\/info\/wp-json\/wp\/v2\/posts\/2355\/revisions"}],"predecessor-version":[{"id":2357,"href":"https:\/\/preventista.sk\/info\/wp-json\/wp\/v2\/posts\/2355\/revisions\/2357"}],"wp:featuredmedia":[{"embeddable":true,"href":"https:\/\/preventista.sk\/info\/wp-json\/wp\/v2\/media\/2360"}],"wp:attachment":[{"href":"https:\/\/preventista.sk\/info\/wp-json\/wp\/v2\/media?parent=2355"}],"wp:term":[{"taxonomy":"category","embeddable":true,"href":"https:\/\/preventista.sk\/info\/wp-json\/wp\/v2\/categories?post=2355"},{"taxonomy":"post_tag","embeddable":true,"href":"https:\/\/preventista.sk\/info\/wp-json\/wp\/v2\/tags?post=2355"}],"curies":[{"name":"wp","href":"https:\/\/api.w.org\/{rel}","templated":true}]}}