{"id":265,"date":"2013-03-22T14:01:32","date_gmt":"2013-03-22T12:01:32","guid":{"rendered":"http:\/\/preventista.sk\/info\/?p=265"},"modified":"2014-02-03T01:22:37","modified_gmt":"2014-02-03T00:22:37","slug":"zs-nizny-klatov","status":"publish","type":"post","link":"https:\/\/preventista.sk\/info\/zs-nizny-klatov\/","title":{"rendered":"Z\u0160 Ni\u017en\u00fd Kl\u00e1tov"},"content":{"rendered":"<p>Na v\u00edkendovom stretnut\u00ed modern\u00fdch u\u010dite\u013eov v Pribyline , kde sme v r\u00e1mci workshopu pre bud\u00facich mentorov projektov t\u00fd\u017e\u010f\u0148a bezpe\u010dnosti na internete a n\u00e1sledne aj v r\u00e1mci roadshow polo\u017eil z\u00e1kern\u00fa ot\u00e1zku &#8211; spom\u00ednate?<\/p>\n<p>znela nejak takto:\u00a0 <em>&#8222;<span style=\"color: #ff0000;\">na ko\u013ek\u00fdch \u0161kol\u00e1ch m\u00e1 \u0161ancu die\u0165a vidie\u0165 na verejne pr\u00edstupnom mieste kontakty kde m\u00f4\u017ee h\u013eada\u0165 inform\u00e1cie alebo kontakty?<\/span><\/em>&#8220;\u00a0 R\u00fak, ktor\u00e9 sa zdvihli nebolo mnoho a o to pote\u0161uj\u00facej\u0161ie bolo zistenie, \u017ee po stretnut\u00ed sa na\u0161li \u0161koly, kde sa tejto ot\u00e1zky chytili a dok\u00e1zali ju \u010falej rozvin\u00fa\u0165.<\/p>\n<p>&#8230;. nu\u017e a takto nejak sa t\u00e9my zhostili deti na z\u00e1kladnej \u0161kole <strong>Ni\u017en\u00fd Kl\u00e1tov v Ko\u0161ickom okrese<\/strong><\/p>\n<p><a href=\"https:\/\/i0.wp.com\/preventista.sk\/info\/wp-content\/uploads\/2013\/07\/nizny_klatov.jpg?ssl=1\"><img data-recalc-dims=\"1\" loading=\"lazy\" decoding=\"async\" data-attachment-id=\"266\" data-permalink=\"https:\/\/preventista.sk\/info\/zs-nizny-klatov\/nizny_klatov\/\" data-orig-file=\"https:\/\/i0.wp.com\/preventista.sk\/info\/wp-content\/uploads\/2013\/07\/nizny_klatov.jpg?fit=302%2C403&amp;ssl=1\" data-orig-size=\"302,403\" data-comments-opened=\"1\" data-image-meta=\"{&quot;aperture&quot;:&quot;0&quot;,&quot;credit&quot;:&quot;&quot;,&quot;camera&quot;:&quot;&quot;,&quot;caption&quot;:&quot;&quot;,&quot;created_timestamp&quot;:&quot;0&quot;,&quot;copyright&quot;:&quot;&quot;,&quot;focal_length&quot;:&quot;0&quot;,&quot;iso&quot;:&quot;0&quot;,&quot;shutter_speed&quot;:&quot;0&quot;,&quot;title&quot;:&quot;&quot;}\" data-image-title=\"nizny_klatov\" data-image-description=\"\" data-image-caption=\"\" data-large-file=\"https:\/\/i0.wp.com\/preventista.sk\/info\/wp-content\/uploads\/2013\/07\/nizny_klatov.jpg?fit=302%2C403&amp;ssl=1\" class=\"alignnone size-medium wp-image-266\" alt=\"nizny_klatov\" src=\"https:\/\/i0.wp.com\/preventista.sk\/info\/wp-content\/uploads\/2013\/07\/nizny_klatov.jpg?resize=224%2C300&#038;ssl=1\" width=\"224\" height=\"300\" srcset=\"https:\/\/i0.wp.com\/preventista.sk\/info\/wp-content\/uploads\/2013\/07\/nizny_klatov.jpg?resize=224%2C300&amp;ssl=1 224w, https:\/\/i0.wp.com\/preventista.sk\/info\/wp-content\/uploads\/2013\/07\/nizny_klatov.jpg?w=302&amp;ssl=1 302w\" sizes=\"auto, (max-width: 224px) 100vw, 224px\" \/><\/a><\/p>\n<p>&nbsp;<\/p>\n<p><strong>&#8230;. a n\u00e1zor pani u\u010dite\u013eky, ktor\u00e1 t\u00fa my\u0161lienku preniesla bli\u017e\u0161ie k de\u0165om&#8230;<\/strong><\/p>\n<p><em>My\u0161lienka spr\u00edstupni\u0165 de\u0165om inform\u00e1cie nabrala re\u00e1lny rozmer v podobe s\u00fa\u0165a\u017ee o &#8222;naj&#8220; plag\u00e1t k tejto problematike. Deck\u00e1 s\u00fa s\u00fa\u0165a\u017eiv\u00e9, je to neuverite\u013en\u00fd motiva\u010dn\u00fd \u010dinite\u013e &#8211; v\u00ed\u0165azn\u00fd plag\u00e1t bude visie\u0165 v po\u010d\u00edta\u010dke. Bola to tak\u00e1 akcia 2 v 1. Zdokonalili sa v pr\u00e1ci s PowerPointom ( nelogicky robili svoje pr\u00e1ce v tomto prostred\u00ed, ale pr\u00e1ve s n\u00edm prich\u00e1dzaj\u00fa tretiaci a \u0161tvrt\u00e1ci teraz do styku a spozn\u00e1vanie nejak\u00e9ho nov\u00e9ho graf. editora by im odp\u00fatavalo pozornos\u0165 od podstaty ), z\u00e1rove\u0148 sa ka\u017ed\u00fd musel s inform\u00e1ciami &#8222;fyzicky&#8220; zaobera\u0165 &#8211; h\u013eadali si ich na str\u00e1nkach, ktor\u00e9 som im odporu\u010dila, vyhodnocovali sme ich, triedili, a\u017e vybrali to najd\u00f4le\u017eitej\u0161ie. Toto je pre m\u0148a d\u00f4le\u017eit\u00e9, aby deck\u00e1m neboli inform\u00e1cie iba pods\u00favan\u00e9, ale aby ich ony sam\u00e9 na\u0161li a spracovali, je to t\u00e1 najefekt\u00edvnej\u0161ia cesta. Plat\u00ed star\u00e9 ale dobr\u00e9 &#8211; povedz mi a ja zabudnem&#8230;.<\/em><\/p>\n<p><em>A \u010di to malo zmysel? Malo. D\u00f4kazom je \u010fal\u0161ia aktivita, ku ktorej sme sa po plag\u00e1toch vlastne vyprovokovali navz\u00e1jom &#8211; kr\u00e1tky film, ktor\u00fd bol ale zatia\u013e viden\u00fd iba v \u00fazkom kruhu, ale po \u00faprav\u00e1ch ho uvidia mo\u017eno aj in\u00ed.<\/em><\/p>\n<p>&nbsp;<\/p>\n<p>&nbsp;<\/p>\n<p>&nbsp;<\/p>\n<p>&nbsp;<\/p>\n<p>&nbsp;<\/p>\n","protected":false},"excerpt":{"rendered":"<p>Na v\u00edkendovom stretnut\u00ed modern\u00fdch u\u010dite\u013eov v Pribyline , kde sme v r\u00e1mci workshopu pre bud\u00facich mentorov projektov t\u00fd\u017e\u010f\u0148a bezpe\u010dnosti na internete a n\u00e1sledne aj v r\u00e1mci roadshow polo\u017eil z\u00e1kern\u00fa ot\u00e1zku &#8211; spom\u00ednate? znela nejak takto:\u00a0 &#8222;na ko\u013ek\u00fdch \u0161kol\u00e1ch m\u00e1 \u0161ancu die\u0165a vidie\u0165 na verejne pr\u00edstupnom mieste kontakty kde m\u00f4\u017ee h\u013eada\u0165 inform\u00e1cie alebo kontakty?&#8220;\u00a0 R\u00fak, ktor\u00e9 [&hellip;]<\/p>\n","protected":false},"author":1,"featured_media":1917,"comment_status":"open","ping_status":"open","sticky":false,"template":"","format":"standard","meta":{"jetpack_post_was_ever_published":false,"_jetpack_newsletter_access":"","_jetpack_dont_email_post_to_subs":false,"_jetpack_newsletter_tier_id":0,"_jetpack_memberships_contains_paywalled_content":false,"_jetpack_memberships_contains_paid_content":false,"footnotes":""},"categories":[15],"tags":[32,34,23,54,51,52],"class_list":["post-265","post","type-post","status-publish","format-standard","has-post-thumbnail","hentry","category-zaujalo","tag-bezpecnost","tag-diskusia","tag-it-kriminalita","tag-o-nas","tag-prevencia-it-kriminality","tag-skola"],"aioseo_notices":[],"jetpack_featured_media_url":"https:\/\/i0.wp.com\/preventista.sk\/info\/wp-content\/uploads\/2013\/03\/PreventistaSK.jpg?fit=700%2C400&ssl=1","jetpack_sharing_enabled":true,"jetpack-related-posts":[{"id":1866,"url":"https:\/\/preventista.sk\/info\/dobry-napad-moze-pomoct\/","url_meta":{"origin":265,"position":0},"title":"Dobr\u00fd n\u00e1pad m\u00f4\u017ee pom\u00f4c\u0165!","author":"T.Paulus","date":"19. febru\u00e1ra 2014","format":false,"excerpt":"S\u00fa\u0165a\u017e uzavret\u00e1 - pozn\u00e1me \u0161koly s ktor\u00fdmi n\u00e1s \u010dak\u00e1 spolupr\u00e1ca. \u010eakujeme za \u00fa\u010das\u0165. \u00a0 T\u00e9my predn\u00e1\u0161ok Prevencia po\u010d\u00edta\u010dovej kriminality, nebezpe\u010denstv\u00e1 internetu, autorsk\u00e9 pr\u00e1vo na internete, soci\u00e1lne siete a ich rizik\u00e1, kyber\u0161ikana, podvody, zneu\u017e\u00edvanie identitity a \u010fal\u0161ie nebezpe\u010dia s\u00favisiace s vyu\u017e\u00edvan\u00edm po\u010d\u00edta\u010dov. \u00a0 Predn\u00e1\u0161aj\u00faci Ing.Jaroslav Oster, s\u00fadny znalec jeho predn\u00e1\u0161ky pozn\u00e1te\u2026","rel":"","context":"V &quot;S\u00fa\u0165a\u017ee&quot;","block_context":{"text":"S\u00fa\u0165a\u017ee","link":"https:\/\/preventista.sk\/info\/category\/akcie\/sutaze\/"},"img":{"alt_text":"","src":"https:\/\/i0.wp.com\/preventista.sk\/info\/wp-content\/uploads\/2014\/01\/idea_2.jpg?fit=700%2C400&ssl=1&resize=350%2C200","width":350,"height":200,"srcset":"https:\/\/i0.wp.com\/preventista.sk\/info\/wp-content\/uploads\/2014\/01\/idea_2.jpg?fit=700%2C400&ssl=1&resize=350%2C200 1x, https:\/\/i0.wp.com\/preventista.sk\/info\/wp-content\/uploads\/2014\/01\/idea_2.jpg?fit=700%2C400&ssl=1&resize=525%2C300 1.5x, https:\/\/i0.wp.com\/preventista.sk\/info\/wp-content\/uploads\/2014\/01\/idea_2.jpg?fit=700%2C400&ssl=1&resize=700%2C400 2x"},"classes":[]},{"id":2687,"url":"https:\/\/preventista.sk\/info\/prevencia-v-oblasti-it-kriminality-skusenosti-zo-skolskeho-prostredia\/","url_meta":{"origin":265,"position":1},"title":"Prevencia v oblasti IT kriminality \u2013 sk\u00fasenosti zo \u0161kolsk\u00e9ho prostredia","author":"J. Oster","date":"13. j\u00fala 2015","format":false,"excerpt":"Praktick\u00e1 realiz\u00e1cia r\u00f4znych foriem prevencie so zameran\u00edm najm\u00e4 na t\u00e9my informa\u010dnej bezpe\u010dnosti a\u00a0prevencie IT kriminality ur\u010dite nie je jednoduch\u00e1. Nie je jednoduch\u00e1 ani v\u00a0komer\u010dnom sektore, ale v\u00a0sektore \u0161kolstva u\u017e v\u00f4bec nie. Argumenty vzn\u00e1\u0161an\u00e9 po\u010das nez\u00e1visl\u00fdch deb\u00e1t v\u00a0r\u00e1mci aktiv\u00edt na \u0161kol\u00e1ch, \u010di r\u00f4znych vzdel\u00e1vac\u00edch workshopoch pre pedag\u00f3gov potvrdzuj\u00fa nieko\u013eko z\u00e1kladn\u00fdch probl\u00e9mov:\u2026","rel":"","context":"V &quot;IT kriminalita&quot;","block_context":{"text":"IT kriminalita","link":"https:\/\/preventista.sk\/info\/category\/prevencia\/itkrim\/"},"img":{"alt_text":"","src":"https:\/\/i0.wp.com\/preventista.sk\/info\/wp-content\/uploads\/2015\/07\/prevencia-%C5%A1kola1.png?fit=700%2C400&ssl=1&resize=350%2C200","width":350,"height":200,"srcset":"https:\/\/i0.wp.com\/preventista.sk\/info\/wp-content\/uploads\/2015\/07\/prevencia-%C5%A1kola1.png?fit=700%2C400&ssl=1&resize=350%2C200 1x, https:\/\/i0.wp.com\/preventista.sk\/info\/wp-content\/uploads\/2015\/07\/prevencia-%C5%A1kola1.png?fit=700%2C400&ssl=1&resize=525%2C300 1.5x, https:\/\/i0.wp.com\/preventista.sk\/info\/wp-content\/uploads\/2015\/07\/prevencia-%C5%A1kola1.png?fit=700%2C400&ssl=1&resize=700%2C400 2x"},"classes":[]},{"id":6055,"url":"https:\/\/preventista.sk\/info\/kto-je-neo\/","url_meta":{"origin":265,"position":2},"title":"Kto je NEO","author":"Redakcia","date":"25. augusta 2024","format":false,"excerpt":"Na predn\u00e1\u0161kach pre u\u010dite\u013eov i\u00a0\u017eiakov z\u00e1kladn\u00fdch \u0161k\u00f4l pravidelne zaznieva ot\u00e1zka, ako sme pri\u0161li k\u00a0n\u00e1\u0161mu maskotovi \u2013 postavi\u010dke menom NEO. A tak sme sa rozhodli rozpoveda\u0165 jeho pr\u00edbeh. Pr\u00edbeh o tom, kde vznikol, komu \u010fakujeme za t\u00fato mil\u00fa postavi\u010dku. P\u00edsal sa rok 2015, a\u00a0my sme sa v\u00a0r\u00e1mci ob\u010dianskeho zdru\u017eenia u\u017e akosi\u2026","rel":"","context":"V &quot;Hist\u00f3ria&quot;","block_context":{"text":"Hist\u00f3ria","link":"https:\/\/preventista.sk\/info\/category\/akcie\/prehladakc\/"},"img":{"alt_text":"","src":"https:\/\/i0.wp.com\/preventista.sk\/info\/wp-content\/uploads\/2024\/08\/maskot.jpg?resize=350%2C200&ssl=1","width":350,"height":200},"classes":[]},{"id":2203,"url":"https:\/\/preventista.sk\/info\/leto-i-jesen-budu-opat-o-prevencii\/","url_meta":{"origin":265,"position":3},"title":"Leto i jese\u0148 bud\u00fa op\u00e4\u0165 o prevencii","author":"J. Oster","date":"31. j\u00fala 2014","format":false,"excerpt":"Ani po\u010das leta nebudeme ne\u010dinn\u00fd. Okrem \u010dl\u00e1nkov a pr\u00edpravy na jesenn\u00e9 obdobie (o ktorom u\u017e dnes vieme, \u017ee bude n\u00e1ro\u010dn\u00e9) sa z\u00fa\u010dastn\u00edme nieko\u013ek\u00fdch zauj\u00edmav\u00fdch\u00a0aktiv\u00edt. Zameranie ako inak - bezpe\u010dnos\u0165 IT \u00a0a prevencia IT kriminality. Pritom v plnej miere be\u017eia pr\u00edpravy na semin\u00e1re a konferencie, ktor\u00e9 s\u00fa pred nami. \u00a0 Leto\u2026","rel":"","context":"V &quot;Prevencia&quot;","block_context":{"text":"Prevencia","link":"https:\/\/preventista.sk\/info\/category\/prevencia\/"},"img":{"alt_text":"Preventista na jese\u0148","src":"https:\/\/i0.wp.com\/preventista.sk\/info\/wp-content\/uploads\/2014\/07\/jesenprevi.jpg?fit=700%2C400&ssl=1&resize=350%2C200","width":350,"height":200,"srcset":"https:\/\/i0.wp.com\/preventista.sk\/info\/wp-content\/uploads\/2014\/07\/jesenprevi.jpg?fit=700%2C400&ssl=1&resize=350%2C200 1x, https:\/\/i0.wp.com\/preventista.sk\/info\/wp-content\/uploads\/2014\/07\/jesenprevi.jpg?fit=700%2C400&ssl=1&resize=525%2C300 1.5x, https:\/\/i0.wp.com\/preventista.sk\/info\/wp-content\/uploads\/2014\/07\/jesenprevi.jpg?fit=700%2C400&ssl=1&resize=700%2C400 2x"},"classes":[]},{"id":282,"url":"https:\/\/preventista.sk\/info\/roadshow-2012\/","url_meta":{"origin":265,"position":4},"title":"RoadShow 2012","author":"J. Oster","date":"1. janu\u00e1ra 2013","format":false,"excerpt":"V r\u00e1mci RoadShow Ind\u00edcia bol realizovan\u00fd v\u00fdskum zameran\u00fd na identifik\u00e1ciu projektu, ktor\u00fd je vyu\u017e\u00edvan\u00fd pedag\u00f3gmi slovensk\u00fdch \u0161k\u00f4l v najv\u00e4\u010d\u0161ej miere. Prieskum obsahoval dve z\u00e1kladn\u00e9 ot\u00e1zky: Ktor\u00fd z verejne dostupn\u00fdch projektov zameran\u00fdch na prevenciu v t\u00e9me bezpe\u010dnosti det\u00ed na internete pova\u017eujete za najpr\u00ednosnej\u0161\u00ed pre praktick\u00e9 vyu\u017eitie v r\u00e1mci prevencie? Kde by\u2026","rel":"","context":"V &quot;Prieskumy&quot;","block_context":{"text":"Prieskumy","link":"https:\/\/preventista.sk\/info\/category\/skusenosti\/prieskumy\/"},"img":{"alt_text":"Tatry","src":"https:\/\/i0.wp.com\/preventista.sk\/info\/wp-content\/uploads\/2013\/01\/Tatry.jpg?fit=700%2C400&ssl=1&resize=350%2C200","width":350,"height":200,"srcset":"https:\/\/i0.wp.com\/preventista.sk\/info\/wp-content\/uploads\/2013\/01\/Tatry.jpg?fit=700%2C400&ssl=1&resize=350%2C200 1x, https:\/\/i0.wp.com\/preventista.sk\/info\/wp-content\/uploads\/2013\/01\/Tatry.jpg?fit=700%2C400&ssl=1&resize=525%2C300 1.5x, https:\/\/i0.wp.com\/preventista.sk\/info\/wp-content\/uploads\/2013\/01\/Tatry.jpg?fit=700%2C400&ssl=1&resize=700%2C400 2x"},"classes":[]},{"id":4962,"url":"https:\/\/preventista.sk\/info\/rozhovor-s-autorkou-novej-publikacie\/","url_meta":{"origin":265,"position":5},"title":"Rozhovor s autorkou novej publik\u00e1cie","author":"Redakcia","date":"14. septembra 2022","format":false,"excerpt":"Tento t\u00fd\u017ede\u0148 sme do na\u0161ej on-line kni\u017enice pridali \u010fal\u0161iu odborn\u00fa publik\u00e1ciu s n\u00e1zvom 5N Ako reagova\u0165 ke\u010f som svedkom \u0161ikanovania. Pri tejto pr\u00edle\u017eitosti sme vyspovedali autorku, aby n\u00e1m prezradila nie\u010do o sebe, svojej pr\u00e1ci a najm\u00e4 nie\u010do viac o d\u00f4vodoch a n\u00e1metoch vzniku takejto kni\u017eky. Veronika Pol\u00e1kov\u00e1 \u2013 sympatick\u00e1 d\u00e1ma,\u2026","rel":"","context":"V &quot;Predstavujeme&quot;","block_context":{"text":"Predstavujeme","link":"https:\/\/preventista.sk\/info\/category\/onas\/predstavujeme\/"},"img":{"alt_text":"","src":"https:\/\/i0.wp.com\/preventista.sk\/info\/wp-content\/uploads\/2022\/09\/5N-prirucka-titulka.jpg?resize=350%2C200&ssl=1","width":350,"height":200,"srcset":"https:\/\/i0.wp.com\/preventista.sk\/info\/wp-content\/uploads\/2022\/09\/5N-prirucka-titulka.jpg?resize=350%2C200&ssl=1 1x, https:\/\/i0.wp.com\/preventista.sk\/info\/wp-content\/uploads\/2022\/09\/5N-prirucka-titulka.jpg?resize=525%2C300&ssl=1 1.5x, https:\/\/i0.wp.com\/preventista.sk\/info\/wp-content\/uploads\/2022\/09\/5N-prirucka-titulka.jpg?resize=700%2C400&ssl=1 2x, https:\/\/i0.wp.com\/preventista.sk\/info\/wp-content\/uploads\/2022\/09\/5N-prirucka-titulka.jpg?resize=1050%2C600&ssl=1 3x"},"classes":[]}],"_links":{"self":[{"href":"https:\/\/preventista.sk\/info\/wp-json\/wp\/v2\/posts\/265","targetHints":{"allow":["GET"]}}],"collection":[{"href":"https:\/\/preventista.sk\/info\/wp-json\/wp\/v2\/posts"}],"about":[{"href":"https:\/\/preventista.sk\/info\/wp-json\/wp\/v2\/types\/post"}],"author":[{"embeddable":true,"href":"https:\/\/preventista.sk\/info\/wp-json\/wp\/v2\/users\/1"}],"replies":[{"embeddable":true,"href":"https:\/\/preventista.sk\/info\/wp-json\/wp\/v2\/comments?post=265"}],"version-history":[{"count":9,"href":"https:\/\/preventista.sk\/info\/wp-json\/wp\/v2\/posts\/265\/revisions"}],"predecessor-version":[{"id":268,"href":"https:\/\/preventista.sk\/info\/wp-json\/wp\/v2\/posts\/265\/revisions\/268"}],"wp:featuredmedia":[{"embeddable":true,"href":"https:\/\/preventista.sk\/info\/wp-json\/wp\/v2\/media\/1917"}],"wp:attachment":[{"href":"https:\/\/preventista.sk\/info\/wp-json\/wp\/v2\/media?parent=265"}],"wp:term":[{"taxonomy":"category","embeddable":true,"href":"https:\/\/preventista.sk\/info\/wp-json\/wp\/v2\/categories?post=265"},{"taxonomy":"post_tag","embeddable":true,"href":"https:\/\/preventista.sk\/info\/wp-json\/wp\/v2\/tags?post=265"}],"curies":[{"name":"wp","href":"https:\/\/api.w.org\/{rel}","templated":true}]}}