{"id":2678,"date":"2015-07-06T11:00:08","date_gmt":"2015-07-06T09:00:08","guid":{"rendered":"http:\/\/preventista.sk\/info\/?p=2678"},"modified":"2015-06-30T11:23:30","modified_gmt":"2015-06-30T09:23:30","slug":"kybersikanovanie-ako-novodoba-forma-agresie-a-jeho-prevencia-2-cast","status":"publish","type":"post","link":"https:\/\/preventista.sk\/info\/kybersikanovanie-ako-novodoba-forma-agresie-a-jeho-prevencia-2-cast\/","title":{"rendered":"Kyber\u0161ikanovanie ako novodob\u00e1 forma agresie a jeho prevencia &#8211; 2. \u010das\u0165"},"content":{"rendered":"<p><strong>\u00da\u010dastn\u00edci kyber\u0161ikanovania<\/strong><\/p>\n<p>Agresor, obe\u0165, svedok.<\/p>\n<p><strong>Agresor<\/strong><\/p>\n<p>Existuj\u00fa r\u00f4zne typy kyberagresorov. Pod\u013ea pr\u00edru\u010dky pre u\u010dite\u013eov \u201e Kyber\u0161ikana a jej prevencia\u201c, ktor\u00fa vydala Pedagogicko psychologick\u00e1 porad\u0148a v Plzni (2009), mo\u017eno typy agresorov zoradi\u0165 zostupne nasledovne.<\/p>\n<p>\u201e<em>Ba\u017eiaci po moci<\/em>\u201c \u2013 obvykle potrebuj\u00fa pre svoju \u010dinnos\u0165 aspo\u0148 mal\u00e9 publikum. To sa naj\u010dastej\u0161ie zoskupuje z \u013eud\u00ed, ktor\u00ed agresora z nejak\u00e9ho d\u00f4vodu uzn\u00e1vaj\u00fa ako autoritu, \u201ek\u00e1pa\u201c partie. \u013dudia z publika s\u00fa potom spolup\u00e1chatelia, ktor\u00ed by mali by\u0165 taktie\u017e potrestan\u00ed. \u010casto vyu\u017e\u00edva kyber\u0161ikanovanie v zast\u00fapen\u00ed.<\/p>\n<p>\u201e<em>Sprost\u00e9 diev\u010dat\u00e1<\/em>\u201c \u2013 Kyber\u0161ikanovanie obvykle p\u00e1chaj\u00fa v skupine z nudy. Vy\u017eaduj\u00fa publikum \u2013 aby im povedalo, ak\u00e9 s\u00fa ony skvel\u00e9 a obe\u0165 pr\u00ed\u0161ern\u00e1. Rovnako\u00a0\u00a0\u00a0\u00a0 i tu s\u00fa \u013eudia z publika spolup\u00e1chate\u013emi a miernej\u0161iemu trestu by nemali unikn\u00fa\u0165.<\/p>\n<p>\u201e<em>Pomstychtiv\u00fd anjelik<\/em>\u201c \u2013 \u201eZlonapravuj\u00faci\u201c, chce da\u0165 obeti lekciu, vzia\u0165 \u201epr\u00e1vo\u201c do svojich r\u00fak. C\u00edti sa by\u0165 opr\u00e1vnen\u00fd ku svojmu jednaniu (napr. niekto mi zalo\u017e\u00ed posme\u0161n\u00fd profil, zalo\u017e\u00edm mu ho teda tie\u017e na opl\u00e1tku). V tejto kateg\u00f3rii sa \u010dasto vyskytuj\u00fa obete \u0161ikanovania tv\u00e1rou v tv\u00e1r, ktor\u00e9 to chc\u00fa svojim tr\u00fdznite\u013eom \u201evr\u00e1ti\u0165\u201c.<\/p>\n<p>\u201e<em>Ne\u00famyseln\u00fd kyberagresor<\/em>\u201c \u2013 Hra na \u201etvr\u010fasa\u201c \u2013 nie z\u00e1mer, ale obrana proti nen\u00e1vistn\u00fdm \u010di provokat\u00edvnym spr\u00e1vam. Sklon vystupova\u0165 na internete ako niekto in\u00fd.<\/p>\n<p>\u201e<em>Vtipk\u00e1r<\/em>\u201c \u2013 Z humoru zaklad\u00e1 profily svojim kamar\u00e1tom a zn\u00e1mym. Neuvedomuje si, \u017ee tento \u201ehumor\u201c m\u00f4\u017ee niekoho rani\u0165.<\/p>\n<p><strong>Obe\u0165<\/strong><\/p>\n<ol>\n<li>Krej\u010d\u00ed (2010) uv\u00e1dza, \u017ee rovnako ako je tomu u p\u00f4vodcov kyber\u0161ikanovania ani u ich obet\u00ed nez\u00e1le\u017e\u00ed na veku, pohlav\u00ed, fyzickej sile, postaven\u00ed v soci\u00e1lnej skupine, \u010di \u00faspe\u0161nosti v spolo\u010dnosti. V elektronickej komunik\u00e1cii s\u00fa vy\u0161\u0161ie zmienen\u00e9 aspekty potla\u010den\u00e9 a nemaj\u00fa tak\u00fd v\u00fdznam, ako pri komunik\u00e1cii tv\u00e1rou v tv\u00e1r. Zatia\u013e \u010do ob\u013e\u00faben\u00fd spolu\u017eiak sa st\u00e1va obe\u0165ou tradi\u010dn\u00e9ho \u0161ikanovania len zriedka, preto\u017ee m\u00e1 ve\u013ea kamar\u00e1tov, ktor\u00ed ho chr\u00e1nia, vo virtu\u00e1lnom svete ho pred \u00fato\u010dn\u00edkmi neuchr\u00e1nia.<\/li>\n<\/ol>\n<p>Z viktimologick\u00e9ho h\u013eadiska P. Ondrejkovi\u010d (2009) rozli\u0161uje dva typy obet\u00ed n\u00e1silia v\u00a0\u0161kole:<\/p>\n<ol>\n<li>Typick\u00e1 obe\u0165 \u2013 je charakterizovan\u00e1 ako pas\u00edvna a odovzdan\u00e1. Odmieta n\u00e1silie a nikdy nie je agres\u00edvna. Je bojazliv\u00e1, citliv\u00e1 a\u017e precitliven\u00e1, neist\u00e1 a s n\u00edzkym sebavedom\u00edm.<\/li>\n<li>Provokuj\u00faca obe\u0165 \u2013 je charakterizovan\u00e1 kombin\u00e1ciou \u00fazkostn\u00e9ho a agres\u00edvneho spr\u00e1vania \u010casto vyvol\u00e1va vo svojom okol\u00ed nap\u00e4tie a hnev, je hyperakt\u00edvna. Neust\u00e1le provokuje, ale po prekro\u010den\u00ed \u00fanosnej miery sa st\u00e1va obe\u0165ou n\u00e1silia.<\/li>\n<\/ol>\n<p><strong>Svedok<\/strong><\/p>\n<ol>\n<li>Holl\u00e1 (2010) uv\u00e1dza, \u017ee okrem agresorov a obet\u00ed kyber\u0161ikanovania sa do kyber\u0161ikanovania m\u00f4\u017eu zapoji\u0165 aj \u013eudia, ktor\u00ed sa ozna\u010duj\u00fa ako svedkovia kyber\u0161ikanovania. Kyber\u0161ikanovanie sa m\u00f4\u017ee realizova\u0165 vo verejnom kyberpriestore, \u010do m\u00e1 za n\u00e1sledok neobmedzen\u00e9 mno\u017estvo svedkov. Autorka uv\u00e1dza, \u017ee prizeraj\u00faci sa skupine mo\u017eno \u010dleni\u0165 na:<\/li>\n<li>prizeraj\u00facich sa, ktor\u00ed maj\u00fa strach zasiahnu\u0165,<\/li>\n<li>prizeraj\u00facich sa, ktor\u00ed sa na samostatn\u00fdch \u00fatokoch zab\u00e1vaj\u00fa.<\/li>\n<\/ol>\n<p>Pod\u013ea R. V. Barnetta a M. A.\u00a0 Brennana (2009) je svedok rizikom pre \u010fal\u0161ie prenasledovanie a tr\u00fdznenie kv\u00f4li \u00falohe, ktor\u00fa zohr\u00e1va spolu s agresorom a obe\u0165ou. Svedok sa m\u00f4\u017ee sta\u0165:<\/p>\n<ol>\n<li>a) \u201eobrancom\u201c \u2013 berie na seba akt\u00edvnu \u00falohu a nahl\u00e1si kyber\u0161ikanovanie, alebo obe\u0165 ut\u00ed\u0161i a pom\u00f4\u017ee jej,<\/li>\n<li>b) berie na seba z\u00e1porn\u00fa akt\u00edvnu \u00falohu, to znamen\u00e1, \u017ee sa zab\u00e1va na online \u00fatokoch, \u010d\u00edm podporuje spr\u00e1vanie agresora,<\/li>\n<li>c) svedok m\u00f4\u017ee zosta\u0165 pas\u00edvny, do kyber\u0161ikanovania sa nezap\u00e1ja, iba prihliada; tak\u00fdto svedok je ve\u013emi odli\u0161n\u00fd od agresorov a obet\u00ed, preto\u017ee sa rozhodol nevstupova\u0165 do kyber\u0161ikanovania.<\/li>\n<\/ol>\n<p>&nbsp;<\/p>\n<hr \/>\n<p><strong>Charakteristika z\u00e1kladnej \u0161koly<\/strong><\/p>\n<p>Pod\u013ea J. Pr\u016fchu a kol. (2009) pojem \u0161kola m\u00e1 svoj p\u00f4vod v gr\u00e9ckom \u201eschol\u00e9\u201c, \u010do znamen\u00e1 vo\u013enos\u0165, pr\u00edle\u017eitos\u0165, mo\u017enos\u0165, priestor pre aktivity, z\u00edskavanie poznatkov, vzdel\u00e1vanie.<\/p>\n<p>V pedagogickom slovn\u00edku (2008) je \u0161kola definovan\u00e1 ako: spolo\u010densk\u00e1 in\u0161tit\u00facia, ktorej tradi\u010dnou funkciou je poskytova\u0165 vzdelanie \u017eiakom pr\u00edslu\u0161n\u00fdch vekov\u00fdch skup\u00edn v organizovan\u00fdch form\u00e1ch pod\u013ea ur\u010dit\u00fdch vzdel\u00e1vac\u00edch programov.\u00a0 Je to miesto socializ\u00e1cie \u017eiakov, podporuj\u00face ich osobnostn\u00fd a soci\u00e1lny rozvoj a pripravuj\u00face ich na \u017eivot osobn\u00fd, pracovn\u00fd a ob\u010diansky.<\/p>\n<p>&nbsp;<\/p>\n<hr \/>\n<p><strong>\u0160kolsk\u00e1 soci\u00e1lna pr\u00e1ca<\/strong><\/p>\n<p>Pod\u013ea G. \u010c\u00e1sarovej (2010) sa \u0161kola v s\u00fa\u010dasnej dobe st\u00e1va nebezpe\u010dn\u00fdm prostred\u00edm. Soci\u00e1lny pracovn\u00edk tieto rizik\u00e1 m\u00f4\u017ee v\u010faka svojim kompetenci\u00e1m zmierni\u0165 alebo aj odstr\u00e1ni\u0165. Pom\u00e1ha mu pri tom \u0161kolsk\u00e1 soci\u00e1lna pr\u00e1ca, ktor\u00e1 sa v oblasti soci\u00e1lnej pr\u00e1ce na Slovensku stala novou \u0161pecializ\u00e1ciou.<\/p>\n<p>\u0160kolsk\u00fd soci\u00e1lny pracovn\u00edk je ve\u013emi d\u00f4le\u017eit\u00fd na rie\u0161enie a prevenciu soci\u00e1lno\u2013 patologick\u00fdch javov v \u0161kolskom prostred\u00ed. V s\u00fa\u010dasnosti nie je presn\u00e1 defin\u00edcia \u0161kolsk\u00e9ho soci\u00e1lneho pracovn\u00edka uveden\u00e1 v \u017eiadnom z\u00e1kone, preto je mo\u017en\u00e9 vych\u00e1dza\u0165 z defin\u00edcie soci\u00e1lneho pracovn\u00edka, ktor\u00e1 hovor\u00ed, \u017ee: \u201eJe to profesion\u00e1l, ktor\u00fd disponuje osobitn\u00fdmi predpokladmi, vlastnos\u0165ami a schopnos\u0165ami. Prispieva k zlep\u0161eniu situ\u00e1cie a nab\u00e1da jednotlivca, skupinu, komunitu, \u010di spolo\u010dnos\u0165 k spr\u00e1vnym postojom. Sna\u017e\u00ed sa rie\u0161i\u0165, eliminova\u0165 poruchy a demotiva\u010dn\u00e9 faktory v interakcii soci\u00e1lnym prostred\u00edm\u201c\u00a0 (Schavel et. al. 2007 in Laca \u2013 Schavel 2011, s. 374).<\/p>\n<p>&nbsp;<\/p>\n<hr \/>\n<p><strong>Prevencia pred kyber\u0161ikanovan\u00edm na z\u00e1kladn\u00fdch \u0161kol\u00e1ch<\/strong><\/p>\n<p>Ako uv\u00e1dza K. Holl\u00e1 (2013) kyber\u0161ikanovanie sa m\u00f4\u017ee zda\u0165 z\u00e1bavn\u00e9 niektor\u00fdm \u013eu\u010fom, najm\u00e4 de\u0165om a ml\u00e1de\u017ei. D\u00f4le\u017eit\u00e9 je vies\u0165 deti k empatii a\u00a0uvedomeniu si, \u017ee kyber\u0161ikanovanie je ve\u013emi v\u00e1\u017ene a m\u00f4\u017ee ma\u0165 negat\u00edvne d\u00f4sledky. V ka\u017edom programe prevencie je jedn\u00fdm z prv\u00fdch krokov zabezpe\u010di\u0165, aby si \u013eudia boli vedom\u00ed probl\u00e9mu. Pod\u013ea autorky sa informa\u010dn\u00e9 technol\u00f3gie stali be\u017enou realitou a kyber\u0161ikanovanie aktu\u00e1lnym a nebezpe\u010dn\u00fdm spolo\u010densk\u00fdm fenom\u00e9nom. D\u00f4le\u017eitou s\u00fa\u010das\u0165ou vzdel\u00e1vac\u00edch in\u0161tit\u00faci\u00ed je zabezpe\u010denie bezpe\u010dnosti \u017eiakov, ale aj ostatn\u00fdch zamestnancov. V\u0161eobecn\u00e9 pravidl\u00e1 na zaistenie dodr\u017eiavania bezpe\u010dnosti a pr\u00e1vnej zodpovednosti \u017eiakov a u\u010dite\u013eov zabezpe\u010duje \u0161kolsk\u00e1 legislat\u00edva.<\/p>\n<p>S pozit\u00edvami internetov\u00fdch aplik\u00e1cii je potrebn\u00e9 vidie\u0165 aj negat\u00edva, ktor\u00e9 maj\u00fa na deti a ml\u00e1de\u017e nepriazniv\u00fd dopad. Z tohto d\u00f4vodu je nevyhnutn\u00e9, aby mali v\u0161etci inform\u00e1cie o negat\u00edvach a d\u00f4sledkoch svojho spr\u00e1vania na internete (Holl\u00e1 2010).<\/p>\n<p>&nbsp;<\/p>\n<p>S pozit\u00edvami internetov\u00fdch aplik\u00e1cii je potrebn\u00e9 vidie\u0165 aj negat\u00edva, ktor\u00e9 maj\u00fa na deti a ml\u00e1de\u017e nepriazniv\u00fd dopad. Z tohto d\u00f4vodu je nevyhnutn\u00e9, aby mali v\u0161etci inform\u00e1cie o negat\u00edvach a d\u00f4sledkoch svojho spr\u00e1vania na internete (Holl\u00e1 2010).<\/p>\n<p><strong>\u00a0<\/strong><\/p>\n<p><strong>V\u00fdskum<\/strong><\/p>\n<p>Vo v\u00fdskumnej \u010dasti som formou autorsk\u00e9ho dotazn\u00edka sk\u00famal poznatky pedag\u00f3gov z\u00e1kladn\u00fdch \u0161k\u00f4l z\u00a0problematiky kyber\u0161ikanovania. Dotazn\u00edk pozost\u00e1val z piatich oblast\u00ed a to z form\u00e1lneho postupu, prevencie, pr\u00e1ce so \u017eiakmi, postojmi respondentov a vedomostn\u00e9ho bloku o\u00a0kyber\u0161ikanovan\u00ed. Zameral som sa na zis\u0165ovanie \u00farovne prevencie na \u0161kol\u00e1ch. V\u00fdskumu sa z\u00fa\u010dastnilo 66 respondentov \u2013 pedag\u00f3gov zo z\u00e1kladn\u00fdch \u0161k\u00f4l z regi\u00f3nu \u017diar nad Hronom.<\/p>\n<p>&nbsp;<\/p>\n<p><strong>Odpor\u00fa\u010dania pre prax<\/strong><\/p>\n<p>I ke\u010f v\u00fdsledky m\u00f4jho v\u00fdskumu dopadli pod\u013ea mojich o\u010dak\u00e1van\u00ed, teda, \u017ee pedag\u00f3govia maj\u00fa dostatok inform\u00e1ci\u00ed a vedomost\u00ed z problematiky kyber\u0161ikanovania, poklad\u00e1m za d\u00f4le\u017eit\u00e9, aby sa s\u00fa\u010das\u0165ou kolekt\u00edvu z\u00e1kladnej \u0161koly stal aj soci\u00e1lny pracovn\u00edk, ktor\u00fd by sa mohol danej problematike venova\u0165 naplno. \u0164a\u017eisko pr\u00e1ce \u0161kolsk\u00e9ho soci\u00e1lneho pracovn\u00edka by spo\u010d\u00edvalo v realiz\u00e1cii prevencie pred negat\u00edvnymi javmi vyskytuj\u00facimi sa na z\u00e1kladn\u00fdch \u0161kol\u00e1ch, teda aj pred kyber\u0161ikanovan\u00edm, vytvorenie priazniv\u00e9ho soci\u00e1lneho prostredia a zlep\u0161ovanie vz\u0165ahov v tomto prostred\u00ed.<\/p>\n<p>\u010eal\u0161\u00edm odpor\u00fa\u010dan\u00edm je priamo na \u0161kol\u00e1ch zefekt\u00edvni\u0165 neust\u00e1lu informovanos\u0165 o negat\u00edvnych d\u00f4sledkoch vyu\u017e\u00edvania po\u010d\u00edta\u010dov, internetu a \u010fal\u0161\u00edch \u201ehi-tech\u201c vec\u00ed prostredn\u00edctvom r\u00f4znych n\u00e1steniek, vyu\u017eit\u00edm dostupn\u00fdch m\u00e9di\u00ed, ale aj o mo\u017enostiach nahlasovania tak\u00fdchto javov. Informovanos\u0165 prisp\u00f4sobi\u0165 vekov\u00fdm osobitostiam \u017eiakov v jednotliv\u00fdch ro\u010dn\u00edkoch.<\/p>\n<p>Odpor\u00fa\u010dam z\u00e1kladn\u00fdm \u0161kol\u00e1m spolupracova\u0165 s ob\u010dianskymi zdru\u017eeniami a \u010fal\u0161\u00edmi in\u0161tit\u00faciami, ktor\u00e9 svoju \u010dinnos\u0165 zameriavaj\u00fa na t\u00fato problematiku. Napr\u00edklad na pr\u00e1cu s Ob\u010dianskym zdru\u017een\u00edm Preventista, ktor\u00e9 sa zameriava na prevenciu kyber\u0161ikanovania a \u010fal\u0161\u00edch negat\u00edvnych javov sp\u00e1jan\u00fdch s \u201ehi-tech\u201c technol\u00f3giami. Toto ob\u010dianske zdru\u017eenie rob\u00ed predn\u00e1\u0161ky, semin\u00e1re, workshopy o tejto problematike. T\u00fdchto vzdel\u00e1van\u00ed by sa z\u00fa\u010dast\u0148ovali pedag\u00f3govia, \u017eiaci a \u010fal\u0161\u00ed odborn\u00ed pracovn\u00edci pracuj\u00faci na z\u00e1kladnej \u0161kole, aby mali v\u00e4\u010d\u0161ie znalosti o\u00a0problematike, ale aj kv\u00f4li prevent\u00edvnym programom, ktor\u00e9 m\u00f4\u017eu potom uplat\u0148ova\u0165 na z\u00e1kladn\u00fdch \u0161kol\u00e1ch.<\/p>\n<p>&nbsp;<\/p>\n<p><strong>Z\u00e1ver<\/strong><\/p>\n<p>Kyber\u0161ikanovanie a \u0161ikanovanie patr\u00ed medzi soci\u00e1lno-patologick\u00e9 javy, ktor\u00e9 negat\u00edvne ovplyv\u0148uj\u00fa spolo\u010dnos\u0165. Na to, aby bolo mo\u017en\u00e9 \u00faspe\u0161ne \u010deli\u0165 tomuto probl\u00e9mu je nevyhnutn\u00e9, aby mala \u0161irok\u00e1 verejnos\u0165 dostatok inform\u00e1ci\u00ed o jestvuj\u00facom fenom\u00e9ne kyber\u0161ikanovania. Je ve\u013emi d\u00f4le\u017eit\u00e9 pristupova\u0165 k danej problematike \u010do najzodpovednej\u0161ie, preto\u017ee kyber\u0161ikanovanie nezost\u00e1va bez n\u00e1sledkov, dokonca vo viacer\u00fdch pr\u00edpadoch s\u00fa dopady tragick\u00e9. S kyber\u0161ikanovan\u00edm sa \u010doraz \u010dastej\u0161ie re\u00e1lne stret\u00e1vame u\u017e na z\u00e1kladn\u00fdch \u0161kol\u00e1ch.<\/p>\n<p>Sme toho n\u00e1zoru, \u017ee je potrebn\u00e9 hovori\u0165 otvorene o tomto probl\u00e9me, poskytn\u00fa\u0165 inform\u00e1cie a rady v\u0161etk\u00fdm u\u017e\u00edvate\u013eom elektronickej komunik\u00e1cie prostredn\u00edctvom elektronick\u00fdch m\u00e9di\u00ed a pri intervencii neposkytova\u0165 pomoc len obetiam kyber\u0161ikanovania, ale aj agresorom a v\u0161etk\u00fdm zainteresovan\u00fdm.<\/p>\n<p>&nbsp;<\/p>\n<p>Bc. Juraj \u017diak<\/p>\n<p>Juroo174@gmail.com<\/p>\n<p>&nbsp;<\/p>\n<p><strong>Bibliografia<\/strong><\/p>\n<p>BARNETT, R. V. a M. A. BRENNAN, 2009. Aggressors, Victims and Bystanders: Preventing Bullying in the Middle School Enviroment. Journal of Youth Development, 4 (2),1-2.<\/p>\n<p>\u010c\u00c1SAROV\u00c1, G., 2010. \u0160kolsk\u00e1 soci\u00e1lna pr\u00e1ca v USA a na Slovensku. In Rizika socialn\u00ed pr\u00e1ce. Hradec Kr\u00e1lov\u00e9 : Gaudeamus, Univerzita Hradec Kr\u00e1lov\u00e9. ISBN 97880- 7435-086-3.<\/p>\n<p>\u010cERN\u00c1, A. a kol., 2013. Kyber\u0161ikana Pr\u016fvodce nov\u00fdm fenom\u00e9nem. Grada Publishing a.s. ISBN 978-80-210-6374-7.<\/p>\n<p>DULOVICS, M., 2013. Kyber\u0161ikanovanie ako prejav agresie v syst\u00e9me virtu\u00e1lnej komunik\u00e1cie a mo\u017enosti jeho prevencie. In Vychov\u00e1vate\u013e. ISSN 0139-6919, \u010d. 910, s. 18-21.<\/p>\n<p>HOLL\u00c1, K., 2010. Elektronick\u00e9 \u0161ikanovanie \u2013 nov\u00e1 forma agresie. Bratislava : Iris. ISBN 978-80-89256-58-7.<\/p>\n<p>HOLL\u00c1, K., 2013. Kyber\u0161ikana. Bratislava : IRIS. ISBN 978-80-8153-011-1.<\/p>\n<p>JUSKO, P., 2009. Soci\u00e1lna pr\u00e1ca s ml\u00e1de\u017eou a soci\u00e1lnopatologick\u00e9 javy. Bansk\u00e1 Bystrica : Pedagogick\u00e1 fakulta UMB, OZ Pedag\u00f3g. ISBN 978-80-8083-705-1.<\/p>\n<p>KREJ\u010c\u00cd, V., 2010. Kyber\u0161ikana. Kybernetick\u00e1 \u0161ikana. Olomouc : Pedagogick\u00e1 fakulta. ISBN 97880-254-7791-5.<\/p>\n<p>Kyber\u0161ikana a jej\u00ed prevence \u2013 p\u0159\u00edru\u010dka pro u\u010ditele. 2009. Plze\u0148 : \u010clov\u011bk v t\u00edsni, o.p.s. ISBN 978-80-86961-78-1.<\/p>\n<p>LACA, S. a M. SCHAVEL, 2011. Opodstatnenos\u0165 soci\u00e1lnej pr\u00e1ce v \u0161kolskom prostred\u00ed v prevencii soci\u00e1lno-patologick\u00fdch. In Soci\u00e1lna patol\u00f3gia a intervencia soci\u00e1lnej pr\u00e1ce. Zborn\u00edk z medzin\u00e1rodnej vedeckej konferencie. Bratislava : Vysok\u00e1 \u0161kola zdravotn\u00edctva a soci\u00e1lnej pr\u00e1ce sv. Al\u017ebety v Bratislave,\u00a0 366-380 s. ISBN 978-80-8132-018-7.<\/p>\n<p>ONDREJKOVI\u010c, P. et al.,\u00a0 2009. Soci\u00e1lna patol\u00f3gia. Bratislava : VEDA. ISBN 97880-224-1074-8.<\/p>\n<p>PR\u016eCHA, J., WALTEROV\u00c1, E., MARE\u0160. J. 2008. Pedagogick\u00fd slovn\u00edk. Praha : Port\u00e1l. ISBN 978-80-73674168.<\/p>\n<p>ROGERS, V.,\u00a0 2011. Kyber\u0161ikana : pracovn\u00ed materi\u00e1ly pro u\u010ditele a \u017e\u00e1ky i studenty. 1. vyd. Praha : Port\u00e1l,\u00a0 104s. ISBN 978-80-7367-984-2<\/p>\n<p>&nbsp;<\/p>\n","protected":false},"excerpt":{"rendered":"<p>\u00da\u010dastn\u00edci kyber\u0161ikanovania Agresor, obe\u0165, svedok. Agresor Existuj\u00fa r\u00f4zne typy kyberagresorov. Pod\u013ea pr\u00edru\u010dky pre u\u010dite\u013eov \u201e Kyber\u0161ikana a jej prevencia\u201c, ktor\u00fa vydala Pedagogicko psychologick\u00e1 porad\u0148a v Plzni (2009), mo\u017eno typy agresorov zoradi\u0165 zostupne nasledovne. \u201eBa\u017eiaci po moci\u201c \u2013 obvykle potrebuj\u00fa pre svoju \u010dinnos\u0165 aspo\u0148 mal\u00e9 publikum. To sa naj\u010dastej\u0161ie zoskupuje z \u013eud\u00ed, ktor\u00ed agresora z nejak\u00e9ho [&hellip;]<\/p>\n","protected":false},"author":1,"featured_media":2684,"comment_status":"open","ping_status":"open","sticky":false,"template":"","format":"standard","meta":{"jetpack_post_was_ever_published":false,"_jetpack_newsletter_access":"","_jetpack_dont_email_post_to_subs":false,"_jetpack_newsletter_tier_id":0,"_jetpack_memberships_contains_paywalled_content":false,"_jetpack_memberships_contains_paid_content":false,"footnotes":""},"categories":[61],"tags":[23,45,50,51,88,38,22],"class_list":["post-2678","post","type-post","status-publish","format-standard","has-post-thumbnail","hentry","category-prevencia","tag-it-kriminalita","tag-navod","tag-ochrana-osobnych-udajov","tag-prevencia-it-kriminality","tag-socialne-inzinierstvo","tag-socialne-siete","tag-sukromie"],"aioseo_notices":[],"jetpack_featured_media_url":"https:\/\/i0.wp.com\/preventista.sk\/info\/wp-content\/uploads\/2015\/06\/cover-2.png?fit=700%2C400&ssl=1","jetpack_sharing_enabled":true,"jetpack-related-posts":[{"id":2673,"url":"https:\/\/preventista.sk\/info\/kybersikanovanie-ako-novodoba-forma-agresie-a-jeho-prevencia-1-cast\/","url_meta":{"origin":2678,"position":0},"title":"Kyber\u0161ikanovanie ako novodob\u00e1 forma agresie a jeho prevencia &#8211; 1. \u010das\u0165","author":"Redakcia","date":"30. j\u00fana 2015","format":false,"excerpt":"V\u00a0nasleduj\u00facom \u010dl\u00e1nku som spracov\u00e1val problematiku kyber\u0161ikanovania ako novodobej formy agresie a jeho prevencie v prostred\u00ed z\u00e1kladn\u00fdch \u0161k\u00f4l. \u010cl\u00e1nok sa sklad\u00e1 z dvoch \u010dasti. V\u00a0prvej \u010dasti \u010dl\u00e1nku, ktor\u00fa si predstav\u00edme dnes, \u00a0popisujem a bli\u017e\u0161ie analyzujem kyber\u0161ikanovanie, jeho r\u00f4zne formy, prostriedky, pr\u00ed\u010diny tohto fenom\u00e9nu a mo\u017en\u00e9 n\u00e1sledky. Predstavujem \u00fa\u010dastn\u00edkov kyber\u0161ikanovania. Zaober\u00e1m sa\u2026","rel":"","context":"V &quot;Prevencia&quot;","block_context":{"text":"Prevencia","link":"https:\/\/preventista.sk\/info\/category\/prevencia\/"},"img":{"alt_text":"","src":"https:\/\/i0.wp.com\/preventista.sk\/info\/wp-content\/uploads\/2015\/06\/cover-1.png?fit=700%2C400&ssl=1&resize=350%2C200","width":350,"height":200,"srcset":"https:\/\/i0.wp.com\/preventista.sk\/info\/wp-content\/uploads\/2015\/06\/cover-1.png?fit=700%2C400&ssl=1&resize=350%2C200 1x, https:\/\/i0.wp.com\/preventista.sk\/info\/wp-content\/uploads\/2015\/06\/cover-1.png?fit=700%2C400&ssl=1&resize=525%2C300 1.5x, https:\/\/i0.wp.com\/preventista.sk\/info\/wp-content\/uploads\/2015\/06\/cover-1.png?fit=700%2C400&ssl=1&resize=700%2C400 2x"},"classes":[]},{"id":3652,"url":"https:\/\/preventista.sk\/info\/prieskum-lucenec-2019\/","url_meta":{"origin":2678,"position":1},"title":"Prieskum Lu\u010denec 2019","author":"Redakcia","date":"24. septembra 2019","format":false,"excerpt":"Prieskum zrealizovan\u00fd na z\u00e1kladn\u00fdch \u0161kol\u00e1ch okresu Lu\u010denec zameran\u00fd na zmapovanie ne\u017eiad\u00facich javov na z\u00e1kladn\u00fdch \u0161kol\u00e1ch. Realiz\u00e1tori: CENTRUM PEDAGOGICKO-PSYCHOLOGICK\u00c9HO PORADENSTVA A PREVENCIE V LU\u010cENCI OZ Preventista \u2013 zdru\u017eenie pre bezpe\u010dnos\u0165 a prevenciu Po\u010det zapojen\u00fdch \u0161k\u00f4l: 11 Po\u010det zapojen\u00fdch respondentov: 1.495 K\u013e\u00fa\u010dov\u00e9 zistenia prieskumu Realiz\u00e1cia prevencie je st\u00e1ly, aktu\u00e1lny a nevyhnutn\u00fd proces,\u2026","rel":"","context":"V &quot;Prieskumy&quot;","block_context":{"text":"Prieskumy","link":"https:\/\/preventista.sk\/info\/category\/skusenosti\/prieskumy\/"},"img":{"alt_text":"prieskum","src":"https:\/\/i0.wp.com\/preventista.sk\/info\/wp-content\/uploads\/2012\/05\/Prieskum.jpg?fit=700%2C400&ssl=1&resize=350%2C200","width":350,"height":200,"srcset":"https:\/\/i0.wp.com\/preventista.sk\/info\/wp-content\/uploads\/2012\/05\/Prieskum.jpg?fit=700%2C400&ssl=1&resize=350%2C200 1x, https:\/\/i0.wp.com\/preventista.sk\/info\/wp-content\/uploads\/2012\/05\/Prieskum.jpg?fit=700%2C400&ssl=1&resize=525%2C300 1.5x, https:\/\/i0.wp.com\/preventista.sk\/info\/wp-content\/uploads\/2012\/05\/Prieskum.jpg?fit=700%2C400&ssl=1&resize=700%2C400 2x"},"classes":[]},{"id":3128,"url":"https:\/\/preventista.sk\/info\/podvody-na-senioroch-ako-sa-im-branit\/","url_meta":{"origin":2678,"position":2},"title":"Podvody na senioroch: Ako sa im br\u00e1ni\u0165?","author":"Redakcia","date":"23. febru\u00e1ra 2016","format":false,"excerpt":"Poskytnut\u00fd rozhovor pre redaktorku\u00a0redakcie novohrad.sme.sk\u00a0\u00a0 sa pretavil do \u010dl\u00e1nku - cel\u00fd \u010dl\u00e1nok preber\u00e1me v plnom znen\u00ed bez redak\u010dn\u00fdch \u00faprav. \u00a0 V\u00a0poslednom obdob\u00ed sa akoby st\u00e1le \u010dastej\u0161ie, dost\u00e1vaj\u00fa do m\u00e9di\u00ed spr\u00e1vy o\u00a0podvodoch na senioroch. Pod\u013ea odborn\u00edkov s\u00fa pr\u00e1ve oni skupinou, ktor\u00e1 je naj\u013eah\u0161ie ovplyvnite\u013en\u00e1, to znamen\u00e1, \u017ee p\u00e1chatelia u\u00a0nej nepredpokladaj\u00fa odpor\u2026","rel":"","context":"V &quot;Prevencia&quot;","block_context":{"text":"Prevencia","link":"https:\/\/preventista.sk\/info\/category\/prevencia\/"},"img":{"alt_text":"podvodynasenioroch","src":"https:\/\/i0.wp.com\/preventista.sk\/info\/wp-content\/uploads\/2016\/02\/podvodynasenioroch.jpg?fit=700%2C400&ssl=1&resize=350%2C200","width":350,"height":200,"srcset":"https:\/\/i0.wp.com\/preventista.sk\/info\/wp-content\/uploads\/2016\/02\/podvodynasenioroch.jpg?fit=700%2C400&ssl=1&resize=350%2C200 1x, https:\/\/i0.wp.com\/preventista.sk\/info\/wp-content\/uploads\/2016\/02\/podvodynasenioroch.jpg?fit=700%2C400&ssl=1&resize=525%2C300 1.5x, https:\/\/i0.wp.com\/preventista.sk\/info\/wp-content\/uploads\/2016\/02\/podvodynasenioroch.jpg?fit=700%2C400&ssl=1&resize=700%2C400 2x"},"classes":[]},{"id":4420,"url":"https:\/\/preventista.sk\/info\/prevencia-kybersikanovania-a-co-s-tym-ma-volny-cas-mladeze\/","url_meta":{"origin":2678,"position":3},"title":"Prevencia kyber\u0161ikanovania a \u010do s t\u00fdm m\u00e1 vo\u013en\u00fd \u010das ml\u00e1de\u017ee","author":"Redakcia","date":"14. apr\u00edla 2021","format":false,"excerpt":"V\u00a0roku 2021 sa spolo\u010dnos\u0165 ocitla v\u00a0situ\u00e1cii, kedy u\u017e nie je relevantn\u00e1 ot\u00e1zka, \u010di chceme v digit\u00e1lnom priestore tr\u00e1vi\u0165 ve\u013ea \u010dasu, ale ako v\u00a0digit\u00e1lnom priestore netr\u00e1vi\u0165 ve\u013ea \u010dasu a\u00a0pritom zosta\u0165 v\u00a0spojen\u00ed s\u00a0ostatn\u00fdmi bez mo\u017enost\u00ed fyzick\u00e9ho kontaktu. Pand\u00e9mia COVID-19 sp\u00f4sobila to, \u017ee mlad\u00ed \u013eudia, ktor\u00fdm bolo nadmern\u00e9 pou\u017e\u00edvanie digit\u00e1lnych technol\u00f3gii vy\u010d\u00edtan\u00e9, teraz\u2026","rel":"","context":"V &quot;Prevencia&quot;","block_context":{"text":"Prevencia","link":"https:\/\/preventista.sk\/info\/category\/prevencia\/"},"img":{"alt_text":"","src":"https:\/\/i0.wp.com\/preventista.sk\/info\/wp-content\/uploads\/2021\/04\/kybersikana.png?resize=350%2C200&ssl=1","width":350,"height":200,"srcset":"https:\/\/i0.wp.com\/preventista.sk\/info\/wp-content\/uploads\/2021\/04\/kybersikana.png?resize=350%2C200&ssl=1 1x, https:\/\/i0.wp.com\/preventista.sk\/info\/wp-content\/uploads\/2021\/04\/kybersikana.png?resize=525%2C300&ssl=1 1.5x, https:\/\/i0.wp.com\/preventista.sk\/info\/wp-content\/uploads\/2021\/04\/kybersikana.png?resize=700%2C400&ssl=1 2x, https:\/\/i0.wp.com\/preventista.sk\/info\/wp-content\/uploads\/2021\/04\/kybersikana.png?resize=1050%2C600&ssl=1 3x"},"classes":[]},{"id":3624,"url":"https:\/\/preventista.sk\/info\/prevencia-je-ta-spravna-cesta\/","url_meta":{"origin":2678,"position":4},"title":"Prevencia je t\u00e1 spr\u00e1vna cesta","author":"Redakcia","date":"4. marca 2019","format":false,"excerpt":"Prevencia je t\u00e1 spr\u00e1vna cesta N\u00e1u\u010dn\u00fd workshop pre \u017eiakov Z\u0160 Kloko\u010dov. \u00a0 \u010casto zvykneme kritizova\u0165 ml\u00e1de\u017e za to ak\u00e1 je \u013eahostajn\u00e1, nev\u0161\u00edmav\u00e1 a\u00a0ne\u010dinn\u00e1. To v\u0161ak neplat\u00ed o\u00a0na\u0161ich skvel\u00fdch \u017eiakoch 9.A triedy Z\u0160 Kor\u0148a, ktor\u00fdm nie je \u013eahostajn\u00e1 boles\u0165 a\u00a0tr\u00e1penie rovesn\u00edkov. Z\u00a0vlastnej iniciat\u00edvy sa pod veden\u00edm Mgr. Pady\u0161\u00e1kovej rozhodli zu\u017eitkova\u0165 svoje\u2026","rel":"","context":"V &quot;Zaujalo n\u00e1s&quot;","block_context":{"text":"Zaujalo n\u00e1s","link":"https:\/\/preventista.sk\/info\/category\/skusenosti\/zaujalo\/"},"img":{"alt_text":"","src":"https:\/\/i0.wp.com\/preventista.sk\/info\/wp-content\/uploads\/2019\/03\/Korna_3.jpg?fit=715%2C508&ssl=1&resize=350%2C200","width":350,"height":200,"srcset":"https:\/\/i0.wp.com\/preventista.sk\/info\/wp-content\/uploads\/2019\/03\/Korna_3.jpg?fit=715%2C508&ssl=1&resize=350%2C200 1x, https:\/\/i0.wp.com\/preventista.sk\/info\/wp-content\/uploads\/2019\/03\/Korna_3.jpg?fit=715%2C508&ssl=1&resize=525%2C300 1.5x, https:\/\/i0.wp.com\/preventista.sk\/info\/wp-content\/uploads\/2019\/03\/Korna_3.jpg?fit=715%2C508&ssl=1&resize=700%2C400 2x"},"classes":[]},{"id":2846,"url":"https:\/\/preventista.sk\/info\/virtualny-svet-a-realne-nebezepecenstva\/","url_meta":{"origin":2678,"position":5},"title":"VIRTU\u00c1LNY SVET A RE\u00c1LNE NEBEZEPE\u010cENSTV\u00c1","author":"Redakcia","date":"24. septembra 2015","format":false,"excerpt":"V spolupr\u00e1ci ob\u010dianskeho zdru\u017eenia PREVENTISTA \u2013 zdru\u017eenie pre bezpe\u010dnos\u0165 a\u00a0prevenciu, Finan\u010dnej spr\u00e1vy SR, Ministerstva vn\u00fatra SR, CPPPaP Lu\u010denec a\u00a0\u010fal\u0161\u00edch partnerov sa d\u0148a 16.9.2015\u00a0 v\u00a0Lu\u010denci uskuto\u010dnil pracovn\u00fd workshop pre preventistov, pedag\u00f3gov a\u00a0odborn\u00fa verejnos\u0165 s\u00a0n\u00e1zvom \u201eVirtu\u00e1lny svet a\u00a0re\u00e1lne nebezpe\u010denstv\u00e1\u201c. Obsah workshopu bol zameran\u00fd na spektrum t\u00e9m z\u00a0oblasti riz\u00edk internetov\u00e9ho sveta a\u00a0soci\u00e1lnych siet\u00ed.\u2026","rel":"","context":"V &quot;Aktu\u00e1lne&quot;","block_context":{"text":"Aktu\u00e1lne","link":"https:\/\/preventista.sk\/info\/category\/akcie\/aktualne\/"},"img":{"alt_text":"","src":"https:\/\/i0.wp.com\/preventista.sk\/info\/wp-content\/uploads\/2015\/09\/workshop.png?fit=700%2C400&ssl=1&resize=350%2C200","width":350,"height":200,"srcset":"https:\/\/i0.wp.com\/preventista.sk\/info\/wp-content\/uploads\/2015\/09\/workshop.png?fit=700%2C400&ssl=1&resize=350%2C200 1x, https:\/\/i0.wp.com\/preventista.sk\/info\/wp-content\/uploads\/2015\/09\/workshop.png?fit=700%2C400&ssl=1&resize=525%2C300 1.5x, https:\/\/i0.wp.com\/preventista.sk\/info\/wp-content\/uploads\/2015\/09\/workshop.png?fit=700%2C400&ssl=1&resize=700%2C400 2x"},"classes":[]}],"_links":{"self":[{"href":"https:\/\/preventista.sk\/info\/wp-json\/wp\/v2\/posts\/2678","targetHints":{"allow":["GET"]}}],"collection":[{"href":"https:\/\/preventista.sk\/info\/wp-json\/wp\/v2\/posts"}],"about":[{"href":"https:\/\/preventista.sk\/info\/wp-json\/wp\/v2\/types\/post"}],"author":[{"embeddable":true,"href":"https:\/\/preventista.sk\/info\/wp-json\/wp\/v2\/users\/1"}],"replies":[{"embeddable":true,"href":"https:\/\/preventista.sk\/info\/wp-json\/wp\/v2\/comments?post=2678"}],"version-history":[{"count":2,"href":"https:\/\/preventista.sk\/info\/wp-json\/wp\/v2\/posts\/2678\/revisions"}],"predecessor-version":[{"id":2685,"href":"https:\/\/preventista.sk\/info\/wp-json\/wp\/v2\/posts\/2678\/revisions\/2685"}],"wp:featuredmedia":[{"embeddable":true,"href":"https:\/\/preventista.sk\/info\/wp-json\/wp\/v2\/media\/2684"}],"wp:attachment":[{"href":"https:\/\/preventista.sk\/info\/wp-json\/wp\/v2\/media?parent=2678"}],"wp:term":[{"taxonomy":"category","embeddable":true,"href":"https:\/\/preventista.sk\/info\/wp-json\/wp\/v2\/categories?post=2678"},{"taxonomy":"post_tag","embeddable":true,"href":"https:\/\/preventista.sk\/info\/wp-json\/wp\/v2\/tags?post=2678"}],"curies":[{"name":"wp","href":"https:\/\/api.w.org\/{rel}","templated":true}]}}