{"id":2687,"date":"2015-07-13T06:00:34","date_gmt":"2015-07-13T04:00:34","guid":{"rendered":"http:\/\/preventista.sk\/info\/?p=2687"},"modified":"2015-07-22T18:10:48","modified_gmt":"2015-07-22T16:10:48","slug":"prevencia-v-oblasti-it-kriminality-skusenosti-zo-skolskeho-prostredia","status":"publish","type":"post","link":"https:\/\/preventista.sk\/info\/prevencia-v-oblasti-it-kriminality-skusenosti-zo-skolskeho-prostredia\/","title":{"rendered":"Prevencia v oblasti IT kriminality \u2013 sk\u00fasenosti zo \u0161kolsk\u00e9ho prostredia"},"content":{"rendered":"<p>Praktick\u00e1 realiz\u00e1cia r\u00f4znych foriem prevencie so zameran\u00edm najm\u00e4 na t\u00e9my informa\u010dnej bezpe\u010dnosti a\u00a0prevencie IT kriminality ur\u010dite nie je jednoduch\u00e1. Nie je jednoduch\u00e1 ani v\u00a0komer\u010dnom sektore, ale v\u00a0sektore \u0161kolstva u\u017e v\u00f4bec nie. Argumenty vzn\u00e1\u0161an\u00e9 po\u010das nez\u00e1visl\u00fdch deb\u00e1t v\u00a0r\u00e1mci aktiv\u00edt na \u0161kol\u00e1ch, \u010di r\u00f4znych vzdel\u00e1vac\u00edch workshopoch pre pedag\u00f3gov potvrdzuj\u00fa nieko\u013eko z\u00e1kladn\u00fdch probl\u00e9mov:<\/p>\n<ul>\n<li>nedostato\u010dn\u00e1 vedomostn\u00e1 \u00farove\u0148 zo strany pedag\u00f3gov<\/li>\n<li>nedostato\u010dn\u00e1 vedomostn\u00e1 \u00farove\u0148 zo strany rodi\u010dov<\/li>\n<li>nedostato\u010dn\u00e9 finan\u010dn\u00e9 z\u00e1zemie pre podobn\u00e9 aktivity<\/li>\n<li>neexistuj\u00face koncep\u010dn\u00e9 materi\u00e1ly pou\u017eite\u013en\u00e9 v\u00a0r\u00e1mci vyu\u010dovacieho procesu<\/li>\n<li>slab\u00e1 metodick\u00e1 podpora<\/li>\n<li>nesystematickos\u0165 v\u00a0prevencii<\/li>\n<li>nedostatok kvalifikovan\u00fdch u\u010dite\u013eov na I. a\u00a0II.stupni Z\u0160<\/li>\n<\/ul>\n<p>&nbsp;<\/p>\n<p><strong>Interne alebo externe?<\/strong><\/p>\n<p>\u0160koly na v\u0161etk\u00fdch \u00farovniach h\u013eadaj\u00fa r\u00f4zne formy presadzovania z\u00e1kladn\u00fdch my\u0161lienok ved\u00facich k\u00a0zvy\u0161ovaniu bezpe\u010dnosti v\u00a0digit\u00e1lnom svete \u2013 po\u010dn\u00fac v\u010dle\u0148ovan\u00edm s\u00favisiacich t\u00e9m do vyu\u010dovac\u00edch hod\u00edn, cez realiz\u00e1ciu r\u00f4znych z\u00e1\u017eitkov\u00fdch foriem zvy\u0161ovania povedomia a\u017e po diskusie s\u00a0odborn\u00edkmi z\u00a0praxe. Poznatky zo \u0161kolskej praxe poukazuj\u00fa, \u017ee naj\u00fa\u010dinnej\u0161ou sa jav\u00ed extern\u00e1 forma predn\u00e1\u0161ok\/ workshopov realizovan\u00fdch predn\u00e1\u0161aj\u00facimi z\u00a0extern\u00e9ho prostredia priamo na \u0161kol\u00e1ch \u2013 expertmi, ktor\u00ed s\u00a0problematikou profesijne s\u00favisia.<\/p>\n<p style=\"padding-left: 30px;\"><strong>\u00a0<\/strong><em>\u201ePredn\u00e1\u0161ky realizovan\u00e9 odborn\u00edkom p\u00f4sobiacim mimo \u0161kolsk\u00e9ho prostredia s\u00fa v\u017edy \u00fa\u010dinnej\u0161ie, preto\u017ee poz\u00edcia u\u010dite\u013ea v \u0161kole je \u00faplne in\u00e1 a nech by bol akoko\u013evek fundovan\u00fd v danej problematike, \u0165a\u017eko presved\u010d\u00ed svojich \u017eiakov, \u017ee jeden de\u0148 je expert na biol\u00f3giu a \u010fal\u0161\u00ed de\u0148 na IT. Hovori\u0165 o problematike IT je ve\u013emi d\u00f4le\u017eit\u00e9, ani \u017eiaci a ani ich rodi\u010dia nie s\u00fa pripraven\u00ed na tak\u00e9 vyu\u017e\u00edvanie IT, k ak\u00e9mu v s\u00fa\u010dasnosti doch\u00e1dza.\u201c\u00a0 <\/em>PaedDr.Monika Szab\u00f3ov\u00e1, Z\u0160 L. Novomesk\u00e9ho, Lu\u010denec<\/p>\n<p><em>\u00a0<\/em><\/p>\n<p>Prevencia zameran\u00e1 na problematiku zvy\u0161ovania bezpe\u010dnostn\u00e9ho povedomia pri vyu\u017e\u00edvan\u00ed digit\u00e1lnych technol\u00f3gi\u00ed je pomernou novou t\u00e9mou. Besedy s\u00a0odborn\u00edkmi z\u00a0in\u00fdch oblast\u00ed realizovan\u00e9 v\u00a0r\u00e1mci vyu\u010dovania s\u00fa u\u017e dnes celkom be\u017en\u00e9. Je v\u0161ak mo\u017en\u00e9 kon\u0161tatova\u0165 \u017ee predn\u00e1\u0161ky\/workshopy \u010di besedy v\u00a0problematike IT bezpe\u010dnosti a\u00a0kriminality s\u00fa\u00a0 pedag\u00f3gmi vn\u00edman\u00e9 ako inovat\u00edvny prvok posledn\u00fdch nieko\u013ek\u00fdch rokov v\u00a0prevencii.<\/p>\n<p style=\"padding-left: 30px;\"><em>\u00a0<\/em><em>\u201eJe to ve\u013emi dobr\u00e9 a potrebn\u00e9. Pre \u0161kolu je to obrovsk\u00e1 \u00faspora \u010dasu a takto sa jej m\u00f4\u017eu z\u00fa\u010dastni\u0165 aj v\u0161etci pedag\u00f3govia.\u201c<\/em>\u00a0 vyjadrila sa k ot\u00e1zke pr\u00ednosu pre \u0161kolu Ibolya Straussov\u00e1, Z\u0160 Ni\u017en\u00fd Kl\u00e1tov<\/p>\n<p style=\"padding-left: 30px;\"><strong>\u00a0<\/strong><em>\u201eTieto predn\u00e1\u0161ky s\u00fa pre n\u00e1s nevyhnutnos\u0165ou. Aj pre u\u010dite\u013eov, pre \u017eiakov, rodi\u010dov.\u201c <\/em>poh\u013ead\u00a0riadite\u013eky Z\u0160 M.R.\u0160tef\u00e1nika v\u00a0Lu\u010denci, Gabriela Al\u00e1\u010dov\u00e1<\/p>\n<p><strong>\u00a0<\/strong><\/p>\n<p><strong>Rodi\u010d ako najslab\u0161\u00ed \u010dl\u00e1nok prevencie?<\/strong><\/p>\n<p>Sk\u00fasenosti s\u00fa jednozna\u010dn\u00e9 \u2013 rodi\u010d je vn\u00edman\u00fd ako problematick\u00fd prvok prevent\u00edvneho p\u00f4sobenia najm\u00e4 v\u00a0tak citlivej oblasti ako je problematika informa\u010dnej bezpe\u010dnosti a\u00a0IT kriminality. Odhliadnuc od ot\u00e1zky pracovnej zanepr\u00e1zdnenosti rodi\u010da je nutn\u00e9 pripusti\u0165, \u017ee nie zanedbate\u013en\u00fdm d\u00f4vodom je aj pr\u00e1vna a\u00a0po\u010d\u00edta\u010dov\u00e1 gramotnos\u0165 rodi\u010dov. Mnohokr\u00e1t stret\u00e1vame v\u00a0praxi argument\u00e1ciu \u201e<em>ja tomu v\u00f4bec nerozumiem\u201c. <\/em>T\u00fdm nechcem ospravedl\u0148ova\u0165 \u010dasto laxn\u00fd postoj rodi\u010dov k\u00a0rizik\u00e1m s\u00a0ktor\u00fdmi sa ich deti v\u00a0digit\u00e1lnom svete stret\u00e1vaj\u00fa, len nazna\u010di\u0165 ktor\u00fdm smerom by sa prevencia mala zameriava\u0165 v\u00a0nasleduj\u00facich rokoch.<\/p>\n<p style=\"padding-left: 30px;\">\u00a0<em>\u201e&#8230; oni sami nemaj\u00fa jasno a \u010dasto poru\u0161uj\u00fa pravidl\u00e1 pri pr\u00e1ci s internetom, nevedia pom\u00f4c\u0165 svojim de\u0165om, vysvetli\u0165 d\u00f4vody&#8230;\u201c\u00a0 <\/em>hodnot\u00ed s\u00fa\u010dasn\u00fd stav pripravenosti rodi\u010dov na dan\u00fa problematiku spoluorganiz\u00e1torka prevent\u00edvnych predn\u00e1\u0161ok v\u00a0\u017diari nad Hronom, So\u0148a Sedl\u00e1kov\u00e1<\/p>\n<p>&nbsp;<\/p>\n<p>Polo\u017eme si ot\u00e1zku, \u010di je tento stav prekvapuj\u00faci a zamyslime sa nad t\u00e9mou z\u00a0nasledovn\u00fdch v\u00fdchod\u00edsk:<\/p>\n<ul>\n<li>zna\u010dn\u00e1 \u010das\u0165 rodi\u010dov disponuje zru\u010dnos\u0165ami na \u00farovni be\u017en\u00e9ho pou\u017e\u00edvate\u013ea IT<\/li>\n<li>za posledn\u00fdch nieko\u013eko rokov sa podstatn\u00e9 percento aktiv\u00edt zameran\u00fdch na zvy\u0161ovanie bezpe\u010dnostn\u00e9ho povedomia s\u00fastredilo na dve cie\u013eov\u00e9 skupiny:<\/li>\n<li>\u017eiakov a\u00a0\u0161tudentov<\/li>\n<li>okrajovo na pedag\u00f3gov<\/li>\n<\/ul>\n<p style=\"padding-left: 60px;\">\u00a0<em>\u201eZ m\u00e9ho pohledu velmi n\u00edzk\u00e1 \u00farove\u0148 znalost\u00ed. V\u011bt\u0161ina rodi\u010d\u016f m\u00e1 n\u011bjak\u00e9 IT kompetence, ale sp\u00ed\u0161e v rozsahu vyu\u017e\u00edv\u00e1n\u00ed aplikac\u00ed, kter\u00e9 maj\u00ed v pracovn\u00edm po\u010d\u00edta\u010di. Nicm\u00e9n\u011b m\u00e1lo z nich m\u00e1 zku\u0161enosti ze soci\u00e1ln\u00edch s\u00edt\u00ed, a dal\u0161\u00edch mo\u017enost\u00ed vyu\u017eit\u00ed IT. Z toho pak plyne, ze deti &#8222;v\u011bd\u00ed&#8220; v\u00edce ne\u017e rodi\u010de. Jen\u017ee d\u011bti v\u011bt\u0161inou pochyt\u00ed spoustu dovednost\u00ed samostudiem a mnohdy jim chyb\u00ed jak\u00fdkoliv vzor (a\u0165 ji\u017e ve \u0161kole, tak doma), jen\u017e stanov\u00ed etalon toho, co je ji\u017e v oblasti rizik.\u00a0 <\/em>Jaroslav \u0160indler, Microsoft \u010cR<\/p>\n<p>&nbsp;<\/p>\n<p>Pr\u00e1ve n\u00edzka \u00farove\u0148 po\u010d\u00edta\u010dovej a\u00a0\u010diasto\u010dne aj pr\u00e1vnej gramotnosti vedie u\u00a0rodi\u010dov k\u00a0tendencii bagateliz\u00e1cie probl\u00e9mu. \u00daplne presne tento stav vystihuje n\u00e1zor riadite\u013eky Z\u0160 M.R.\u0160tef\u00e1nika v\u00a0Lu\u010denci, Gabriely Al\u00e1\u010dovej\u00a0 <em>\u201e<\/em><em>E\u0161te v\u017edy n\u00e1m neveria, \u017ee sa to t\u00fdka aj ich, \u017ee sa to deje aj tu a\u00a0\u017ee obe\u0165ou alebo p\u00f4vodcom ka\u017ed\u00e9ho prezentovan\u00e9ho probl\u00e9mu m\u00f4\u017ee by\u0165 aj ich die\u0165a.\u201c<\/em><\/p>\n<p><em>\u00a0<\/em><em>\u00a0<\/em><\/p>\n<p><strong>Dan\u00fd stav generuje \u010dasto paranoidn\u00fd pr\u00edstup<\/strong><\/p>\n<p>N\u00edzka po\u010d\u00edta\u010dov\u00e1 gramotnos\u0165, nedostatok \u010dasu, nekritick\u00e9 vn\u00edmanie bulv\u00e1rnych inform\u00e1ci\u00ed k\u00a0danej problematike m\u00f4\u017ee v\u00a0ist\u00fdch situ\u00e1ci\u00e1ch u\u00a0rodi\u010da vytvori\u0165 ak\u00e9si podhubie na paranoidn\u00e9 vn\u00edmanie reality \u2013 ved\u00face \u010dasto k\u00a0\u00faplne iracion\u00e1lnemu rozhodnutiu \u2013 absol\u00fatnemu a\u00a0dlhodob\u00e9mu z\u00e1kazu pou\u017e\u00edvania soci\u00e1lnych siet\u00ed \u010di dokonca v\u0161etk\u00fdch internetov\u00fdch slu\u017eieb.<\/p>\n<p>Je v\u0161ak nutn\u00e9 podotkn\u00fa\u0165, \u017ee ono nekritick\u00e9 vyhodnotenie stavu v\u00a0mnoh\u00fdch pr\u00edpadoch vedie aj k\u00a0opa\u010dnej reakcii \u2013 extr\u00e9mnej benevolencii. Asi najexponovanej\u0161\u00edmi pr\u00edkladmi z\u00a0tohto spektra postojov je situ\u00e1cia kedy rodi\u010dia vytv\u00e1raj\u00fa kont\u00e1 na soci\u00e1lnej sieti svojim ratolestiam vo veku 8-10 rokov \u017eij\u00fac v\u00a0akejsi il\u00fazii, \u017ee t\u00fdmto z\u00edskavaj\u00fa kontrolu na digit\u00e1lnym \u017eivotom ich die\u0165a\u0165a. Len okrajovo je nutn\u00e9 podotkn\u00fa\u0165, \u017ee pr\u00e1vnou podmienkou vyu\u017e\u00edvania slu\u017eieb v\u00e4\u010d\u0161iny soci\u00e1lnych siet\u00ed je vek od 13 rokov vy\u0161\u0161ie, \u010do automaticky vyvol\u00e1va zamyslenie sa nad zodpovednos\u0165ou konania tak\u00e9hoto rodi\u010da.<\/p>\n<p>&nbsp;<\/p>\n<p><strong>Za\u010darovan\u00fd kruh a\u00a0cesta z\u00a0neho?<\/strong><\/p>\n<p>Nesporne nosn\u00e1 \u010das\u0165 prevent\u00edvneho p\u00f4sobenia mus\u00ed by\u0165 smerovan\u00e1 vo\u010di de\u0165om a\u00a0\u0161tuduj\u00facej ml\u00e1de\u017ei. Len vtedy je mo\u017en\u00e9 predpoklada\u0165, \u017ee pr\u00e1ve z\u00a0t\u00fdchto prij\u00edmate\u013eov prevencie vyrastie gener\u00e1cia disponuj\u00faca z\u00e1kladn\u00fdmi poznatkami riz\u00edk a\u00a0aspo\u0148 z\u00e1kladn\u00fdmi bezpe\u010dnostn\u00fdmi n\u00e1vykmi.<\/p>\n<p>H\u013eadanie sp\u00f4sobu ako \u201evtiahnu\u0165\u201c rodi\u010da s\u00fa r\u00f4zne. V\u00a0r\u00e1mci n\u00e1\u0161ho OZ sme sa po dlhotrvaj\u00facich diskusi\u00e1ch pok\u00fasili o\u00a0experiment. Vyhl\u00e1sili sme celopr\u00e1zdninov\u00fa s\u00fa\u0165a\u017e ktorej podstatou je za odmenu vo forme tabletu nakresli\u0165 n\u00e1vrh maskota pre na\u0161e zdru\u017eenie. Leto sme zvolili pr\u00e1ve pre to, \u017ee v\u00a0tomto obdob\u00ed maj\u00fa rodi\u010dia viac mo\u017enost\u00ed venova\u0165 \u010das rozhovorom aj na t\u00e9my ako je bezpe\u010dn\u00e9 spr\u00e1vanie a\u00a0rizik\u00e1 na internete a\u00a0t\u00e9ma maskot-tablet m\u00f4\u017ee by\u0165 zauj\u00edmav\u00fdm motiv\u00e1torom pre die\u0165a. Ako tento experiment dopadne zist\u00edme v septembri.<\/p>\n<p><a title=\"Tvoj n\u00e1pad m\u00f4\u017ee pom\u00f4c\u0165 MASKOT\" href=\"https:\/\/preventista.sk\/info\/tvoj-napad-moze-pomoct-maskot\/\"><img data-recalc-dims=\"1\" loading=\"lazy\" decoding=\"async\" data-attachment-id=\"2663\" data-permalink=\"https:\/\/preventista.sk\/info\/tvoj-napad-moze-pomoct-maskot\/maskot\/\" data-orig-file=\"https:\/\/i0.wp.com\/preventista.sk\/info\/wp-content\/uploads\/2015\/06\/maskot.jpg?fit=3508%2C2480&amp;ssl=1\" data-orig-size=\"3508,2480\" data-comments-opened=\"1\" data-image-meta=\"{&quot;aperture&quot;:&quot;0&quot;,&quot;credit&quot;:&quot;&quot;,&quot;camera&quot;:&quot;&quot;,&quot;caption&quot;:&quot;&quot;,&quot;created_timestamp&quot;:&quot;0&quot;,&quot;copyright&quot;:&quot;&quot;,&quot;focal_length&quot;:&quot;0&quot;,&quot;iso&quot;:&quot;0&quot;,&quot;shutter_speed&quot;:&quot;0&quot;,&quot;title&quot;:&quot;&quot;,&quot;orientation&quot;:&quot;1&quot;}\" data-image-title=\"maskot\" data-image-description=\"\" data-image-caption=\"\" data-large-file=\"https:\/\/i0.wp.com\/preventista.sk\/info\/wp-content\/uploads\/2015\/06\/maskot.jpg?fit=700%2C495&amp;ssl=1\" class=\"alignnone size-medium wp-image-2663\" src=\"https:\/\/i0.wp.com\/preventista.sk\/info\/wp-content\/uploads\/2015\/06\/maskot.jpg?resize=300%2C212&#038;ssl=1\" alt=\"maskot\" width=\"300\" height=\"212\" srcset=\"https:\/\/i0.wp.com\/preventista.sk\/info\/wp-content\/uploads\/2015\/06\/maskot.jpg?resize=450%2C318&amp;ssl=1 450w, https:\/\/i0.wp.com\/preventista.sk\/info\/wp-content\/uploads\/2015\/06\/maskot.jpg?resize=320%2C226&amp;ssl=1 320w, https:\/\/i0.wp.com\/preventista.sk\/info\/wp-content\/uploads\/2015\/06\/maskot.jpg?resize=700%2C495&amp;ssl=1 700w, https:\/\/i0.wp.com\/preventista.sk\/info\/wp-content\/uploads\/2015\/06\/maskot.jpg?w=2000&amp;ssl=1 2000w, https:\/\/i0.wp.com\/preventista.sk\/info\/wp-content\/uploads\/2015\/06\/maskot.jpg?w=3000&amp;ssl=1 3000w\" sizes=\"auto, (max-width: 300px) 100vw, 300px\" \/><\/a><\/p>\n<p>&nbsp;<\/p>\n<p><strong>\u00daloha a mo\u017enosti samospr\u00e1vy?<\/strong><\/p>\n<p>Pr\u00edstup samospr\u00e1vy ako zria\u010fovate\u013ea \u0161k\u00f4l sa l\u00ed\u0161i a sk\u00fasenosti sa nedaj\u00fa pau\u0161alizova\u0165. V preva\u017enej miere v\u0161ak prevl\u00e1da n\u00e1zor a praktick\u00e9 sk\u00fasenosti, \u017ee aktivity v tomto smere s\u00fa diskutovate\u013en\u00e9, ale v \u017eiadnom pr\u00edpade nie uspokojiv\u00e9. \u00a0Napriek skuto\u010dnosti, \u017ee v zmysle platn\u00e9ho programov\u00e9ho vyhl\u00e1senia vl\u00e1dy o prevencii kriminality m\u00e1 samospr\u00e1va v\u00fdznamn\u00fa\u00a0\u00falohu pri riaden\u00ed prevencie pr\u00e1ve v ot\u00e1zke IT kriminality s\u00fa rezervy zna\u010dn\u00e9.<\/p>\n<p>&nbsp;<\/p>\n<p>\u010c\u00edm by mohli samospr\u00e1vy re\u00e1lne prispie\u0165 k rozvoju prevencie v tejto oblasti? \u00a0Aspo\u0148 nieko\u013eko praktick\u00fdch n\u00e1metov, pri\u010dom niektor\u00e9 s\u00fa overen\u00e9 v praxi.<\/p>\n<ul>\n<li>zvy\u0161ova\u0165 informovanos\u0165 \u017eiakov, pedag\u00f3gov a\u00a0rodi\u010dov o\u00a0mo\u017enostiach h\u013eadania odbornej pomoci pri rie\u0161en\u00ed probl\u00e9mov (zamera\u0165 sa najm\u00e4 na vyjasnenie obmedzen\u00fdch mo\u017enost\u00ed pri rie\u0161en\u00ed z\u00e1va\u017en\u00fdch probl\u00e9mov cestou kamar\u00e1tov a\u00a0svojpomoci) a to najm\u00e4 cestou komunika\u010dn\u00fdch m\u00e9di\u00ed \u0161tandardne vyu\u017e\u00edvan\u00fdch samospr\u00e1vou<\/li>\n<li>zvy\u0161ova\u0165\u00a0informovanos\u0165 \u0161irokej verejnosti o\u00a0t\u00e9mach s\u00favisiacich s\u00a0prevenciou vyu\u017eit\u00edm komunika\u010dn\u00fdch prostriedkov mesta\n<ul>\n<li>zriadenie trvalej periodickej rubriky v region\u00e1lnych m\u00e9di\u00e1ch\u00a0ako platformu pre zverej\u0148ovanie \u010dl\u00e1nkov profesion\u00e1lov v\u00a0problematike prevencie<\/li>\n<li>zriadenie st\u00e1lej sekcie s\u00favisiacej s\u00a0prevenciou na WEB str\u00e1nke mesta resp. zriadenie individu\u00e1lnej str\u00e1nky zameranej komplexne na prevenciu kriminality<\/li>\n<li>vytvori\u0165 materi\u00e1lov\u00fa z\u00e1klad\u0148u pre organizovanie periodick\u00fdch predn\u00e1\u0161ok ur\u010den\u00fdch pre \u0161irok\u00fa odborn\u00fa i\u00a0laick\u00fa verejnos\u0165 \u2013 informa\u010dn\u00e9 materi\u00e1ly, let\u00e1ky, motiva\u010dn\u00e9 predmety, \u0161tudijn\u00e9 materi\u00e1ly<\/li>\n<\/ul>\n<\/li>\n<li>vhodnou formou v\u00a0priestoroch \u0161k\u00f4l a in\u00fdch verejne dostupn\u00fdch miest spravovan\u00fdch samospr\u00e1vou\u00a0\u00a0zverej\u0148ova\u0165 kontakty na odborn\u00edkov v\u00a0oblasti prevencie a\u00a0poradenstva<\/li>\n<li>h\u013eadanie vhodnej formy zvy\u0161ovania informovanosti rodi\u010dov so z\u00e1merom vysvet\u013eovania potreby zv\u00fd\u0161enej komunik\u00e1cie rodi\u010d-die\u0165a-u\u010dite\u013e\n<ul>\n<li>organizovan\u00edm odborn\u00fdch bezplatn\u00fdch predn\u00e1\u0161ok pre rodi\u010dov a\u00a0stretnut\u00ed s\u00a0odborn\u00fdmi konzultantmi &#8211; najm\u00e4 finan\u010dnou a materi\u00e1lovou podporou<\/li>\n<li>organizovan\u00edm spolo\u010dn\u00fdch vo\u013eno\u010dasov\u00fdch aktiv\u00edt pre rodi\u010dov a\u00a0deti tematicky orientovan\u00fdch na problematiku prevencie a spoluzodpovednosti<\/li>\n<\/ul>\n<\/li>\n<li>sie\u0165ova\u0165 a koordinova\u0165 aktivity ostatn\u00fdch zdru\u017een\u00ed a organiz\u00e1ci\u00ed &#8211; ide\u00e1lnym org\u00e1nom pre tento \u00fa\u010del je zriadenie komisie mesta zameranej pr\u00e1ve na problemtiku prevencie kriminality a protispolo\u010densk\u00fdch \u010dinnost\u00ed (Komisie prevencie)<\/li>\n<li>preverova\u0165 extern\u00e9 ponuky na realiz\u00e1ciu prevent\u00edvnych aktiv\u00edt z\u00a0h\u013eadiska odbornosti a\u00a0referenci\u00ed napr\u00edklad cestou Komisie prevencie<\/li>\n<li>vytv\u00e1ra\u0165 v\u00a0p\u00f4sobnosti samospr\u00e1vy\u00a0\u00a0finan\u010dn\u00e9 z\u00e1zemie pre realiz\u00e1ciu koordinovan\u00fdch aktiv\u00edt prevencie na \u00fazem\u00ed\u00a0samospr\u00e1vy\n<ul>\n<li>z\u00a0rozpo\u010dtov\u00fdch zdrojov<\/li>\n<li>zo\u00a0sponzorsk\u00fdch prostriedkov \u2013 finan\u010dn\u00e1 aj vecn\u00e1 podpora preven\u010dn\u00fdch aktiv\u00edt (poskytnutie vecn\u00fdch darov do s\u00fa\u0165a\u017e\u00ed, podpornej slu\u017eby pri realizovan\u00ed aktiv\u00edt&#8230;)<\/li>\n<\/ul>\n<\/li>\n<\/ul>\n<p>&nbsp;<\/p>\n<p>&nbsp;<\/p>\n<p><em>Ak\u00fd je V\u00e1\u0161 n\u00e1zor a\u00a0sk\u00fasenosti?\u00a0 Nap\u00ed\u0161te n\u00e1m., radi do \u010dl\u00e1nku dopln\u00edme Va\u0161e n\u00e1zory a sk\u00fasenosti.<\/em><\/p>\n<p>&nbsp;<\/p>\n<p><a href=\"https:\/\/i0.wp.com\/preventista.sk\/info\/wp-content\/uploads\/2013\/08\/podpis.png?ssl=1\"><img data-recalc-dims=\"1\" loading=\"lazy\" decoding=\"async\" data-attachment-id=\"1031\" data-permalink=\"https:\/\/preventista.sk\/info\/3-najcastejsie-otazky\/podpis\/\" data-orig-file=\"https:\/\/i0.wp.com\/preventista.sk\/info\/wp-content\/uploads\/2013\/08\/podpis.png?fit=1170%2C860&amp;ssl=1\" data-orig-size=\"1170,860\" data-comments-opened=\"1\" data-image-meta=\"{&quot;aperture&quot;:&quot;0&quot;,&quot;credit&quot;:&quot;&quot;,&quot;camera&quot;:&quot;&quot;,&quot;caption&quot;:&quot;&quot;,&quot;created_timestamp&quot;:&quot;0&quot;,&quot;copyright&quot;:&quot;&quot;,&quot;focal_length&quot;:&quot;0&quot;,&quot;iso&quot;:&quot;0&quot;,&quot;shutter_speed&quot;:&quot;0&quot;,&quot;title&quot;:&quot;&quot;}\" data-image-title=\"podpis\" data-image-description=\"\" data-image-caption=\"\" data-large-file=\"https:\/\/i0.wp.com\/preventista.sk\/info\/wp-content\/uploads\/2013\/08\/podpis.png?fit=1024%2C752&amp;ssl=1\" class=\"alignnone size-medium wp-image-1031\" src=\"https:\/\/i0.wp.com\/preventista.sk\/info\/wp-content\/uploads\/2013\/08\/podpis.png?resize=300%2C220&#038;ssl=1\" alt=\"podpis\" width=\"300\" height=\"220\" srcset=\"https:\/\/i0.wp.com\/preventista.sk\/info\/wp-content\/uploads\/2013\/08\/podpis.png?resize=300%2C220&amp;ssl=1 300w, https:\/\/i0.wp.com\/preventista.sk\/info\/wp-content\/uploads\/2013\/08\/podpis.png?resize=150%2C110&amp;ssl=1 150w, https:\/\/i0.wp.com\/preventista.sk\/info\/wp-content\/uploads\/2013\/08\/podpis.png?resize=1024%2C752&amp;ssl=1 1024w, https:\/\/i0.wp.com\/preventista.sk\/info\/wp-content\/uploads\/2013\/08\/podpis.png?w=1170&amp;ssl=1 1170w\" sizes=\"auto, (max-width: 300px) 100vw, 300px\" \/><\/a><\/p>\n","protected":false},"excerpt":{"rendered":"<p>Praktick\u00e1 realiz\u00e1cia r\u00f4znych foriem prevencie so zameran\u00edm najm\u00e4 na t\u00e9my informa\u010dnej bezpe\u010dnosti a\u00a0prevencie IT kriminality ur\u010dite nie je jednoduch\u00e1. Nie je jednoduch\u00e1 ani v\u00a0komer\u010dnom sektore, ale v\u00a0sektore \u0161kolstva u\u017e v\u00f4bec nie. Argumenty vzn\u00e1\u0161an\u00e9 po\u010das nez\u00e1visl\u00fdch deb\u00e1t v\u00a0r\u00e1mci aktiv\u00edt na \u0161kol\u00e1ch, \u010di r\u00f4znych vzdel\u00e1vac\u00edch workshopoch pre pedag\u00f3gov potvrdzuj\u00fa nieko\u013eko z\u00e1kladn\u00fdch probl\u00e9mov: nedostato\u010dn\u00e1 vedomostn\u00e1 \u00farove\u0148 zo strany [&hellip;]<\/p>\n","protected":false},"author":2,"featured_media":2703,"comment_status":"open","ping_status":"open","sticky":false,"template":"","format":"standard","meta":{"jetpack_post_was_ever_published":false,"_jetpack_newsletter_access":"","_jetpack_dont_email_post_to_subs":false,"_jetpack_newsletter_tier_id":0,"_jetpack_memberships_contains_paywalled_content":false,"_jetpack_memberships_contains_paid_content":false,"footnotes":""},"categories":[2,61],"tags":[32,51,52],"class_list":["post-2687","post","type-post","status-publish","format-standard","has-post-thumbnail","hentry","category-itkrim","category-prevencia","tag-bezpecnost","tag-prevencia-it-kriminality","tag-skola"],"aioseo_notices":[],"jetpack_featured_media_url":"https:\/\/i0.wp.com\/preventista.sk\/info\/wp-content\/uploads\/2015\/07\/prevencia-%C5%A1kola1.png?fit=700%2C400&ssl=1","jetpack_sharing_enabled":true,"jetpack-related-posts":[{"id":1244,"url":"https:\/\/preventista.sk\/info\/prevencia-kam-kracas\/","url_meta":{"origin":2687,"position":0},"title":"Prevencia kam kr\u00e1\u010da\u0161&#8230;?","author":"J. Oster","date":"1. septembra 2013","format":false,"excerpt":"Nieko\u013ekoro\u010dn\u00e9 p\u00f4sobenie v\u00a0oblasti prevencie, predn\u00e1\u0161kov\u00e9 turn\u00e9 medzi u\u010dite\u013emi po celom Slovensku, debaty s\u00a0u\u010dite\u013emi v\u00a0r\u00e1mci predn\u00e1\u0161ok na \u0161kol\u00e1ch a\u00a0workshopov, v\u00fdmeny n\u00e1zorov v\u00a0diskusn\u00fdch skupin\u00e1ch vyprofilovali rad poznatkov z\u00a0oblasti fungovania prevencie a\u00a0zvl\u00e1s\u0165 v\u00a0oblasti prevencie IT kriminality a\u00a0informa\u010dnej bezpe\u010dnosti. \u00a0 Sk\u00fasim \u00a0zhrn\u00fa\u0165 nieko\u013eko z\u00e1kladn\u00fdch probl\u00e9mov o\u00a0ktor\u00fdch sa d\u00e1 rozp\u00fata\u0165 ur\u010dite ve\u013emi dlh\u00e1 diskusia: nedostato\u010dn\u00e1\u2026","rel":"","context":"V &quot;Prevencia&quot;","block_context":{"text":"Prevencia","link":"https:\/\/preventista.sk\/info\/category\/prevencia\/"},"img":{"alt_text":"PreventistaSK","src":"https:\/\/i0.wp.com\/preventista.sk\/info\/wp-content\/uploads\/2013\/03\/PreventistaSK.jpg?fit=700%2C400&ssl=1&resize=350%2C200","width":350,"height":200,"srcset":"https:\/\/i0.wp.com\/preventista.sk\/info\/wp-content\/uploads\/2013\/03\/PreventistaSK.jpg?fit=700%2C400&ssl=1&resize=350%2C200 1x, https:\/\/i0.wp.com\/preventista.sk\/info\/wp-content\/uploads\/2013\/03\/PreventistaSK.jpg?fit=700%2C400&ssl=1&resize=525%2C300 1.5x, https:\/\/i0.wp.com\/preventista.sk\/info\/wp-content\/uploads\/2013\/03\/PreventistaSK.jpg?fit=700%2C400&ssl=1&resize=700%2C400 2x"},"classes":[]},{"id":3411,"url":"https:\/\/preventista.sk\/info\/pocitacova-internetova-kriminalita-a-jej-prevencia-v-skolskom-prostredi\/","url_meta":{"origin":2687,"position":1},"title":"Po\u010d\u00edta\u010dov\u00e1 (internetov\u00e1) kriminalita a jej prevencia v \u0161kolskom prostred\u00ed","author":"J. Oster","date":"5. marca 2017","format":false,"excerpt":"T\u00e9mu po\u010d\u00edta\u010dovej (internetovej) kriminality mo\u017eno pribl\u00ed\u017ei\u0165 z\u00a0viacer\u00fdch uhlov poh\u013eadu \u2013 technologick\u00e9ho, kriminologick\u00e9ho, mor\u00e1lneho, pr\u00e1vneho \u010di z\u00a0poh\u013eadu prevencie. S\u00a0probl\u00e9mami vyu\u017e\u00edvania po\u010d\u00edta\u010dov\u00fdch technol\u00f3gi\u00ed najm\u00e4 od obdobia mas\u00edvneho n\u00e1rastu vyu\u017e\u00edvania internetu sa stret\u00e1vaj\u00fa v\u00a0princ\u00edpe v\u0161etci, \u0161kolsk\u00fd sektor nevyn\u00edmaj\u00fac. Pr\u00e1ve \u0161kolsk\u00fd sektor sa v\u0161ak pot\u00fdka pri rie\u0161en\u00ed tejto problematiky s\u00a0radom probl\u00e9mov, po\u010d\u00ednaj\u00fac vedomostnou \u00farov\u0148ou,\u2026","rel":"","context":"V &quot;IT kriminalita&quot;","block_context":{"text":"IT kriminalita","link":"https:\/\/preventista.sk\/info\/category\/prevencia\/itkrim\/"},"img":{"alt_text":"pocitacova kriminalita","src":"https:\/\/i0.wp.com\/preventista.sk\/info\/wp-content\/uploads\/2017\/03\/pocitacova-kriminalita.png?fit=800%2C400&ssl=1&resize=350%2C200","width":350,"height":200,"srcset":"https:\/\/i0.wp.com\/preventista.sk\/info\/wp-content\/uploads\/2017\/03\/pocitacova-kriminalita.png?fit=800%2C400&ssl=1&resize=350%2C200 1x, https:\/\/i0.wp.com\/preventista.sk\/info\/wp-content\/uploads\/2017\/03\/pocitacova-kriminalita.png?fit=800%2C400&ssl=1&resize=525%2C300 1.5x, https:\/\/i0.wp.com\/preventista.sk\/info\/wp-content\/uploads\/2017\/03\/pocitacova-kriminalita.png?fit=800%2C400&ssl=1&resize=700%2C400 2x"},"classes":[]},{"id":7,"url":"https:\/\/preventista.sk\/info\/prevencia-it-kriminality-v-skole\/","url_meta":{"origin":2687,"position":2},"title":"Prevencia IT kriminality a jej miesto v \u0161kole","author":"J. Oster","date":"19. j\u00fala 2013","format":false,"excerpt":"Prevencia IT kriminality? Chym\u00e9ra alebo re\u00e1lna po\u017eiadavka doby.... patr\u00ed do \u0161k\u00f4l ako s\u00fa\u010das\u0165 informatick\u00e9ho vzdel\u00e1vania? V\u00a0ktorom veku by sa mali za\u010da\u0165 deti oboznamova\u0165 so z\u00e1kladn\u00fdmi inform\u00e1ciami s\u00favisiacimi so z\u00e1kladn\u00fdmi poznatkami bezpe\u010dnosti virtu\u00e1lneho sveta? \u00a0 Diskusie o\u00a0tom v\u00a0ktorom veku by sa mali a\u00a0akou formou za\u010da\u0165 oboznamova\u0165 s\u00a0problematikou z\u00e1kladov bezpe\u010dn\u00e9ho spr\u00e1vania pri\u2026","rel":"","context":"V &quot;IT kriminalita&quot;","block_context":{"text":"IT kriminalita","link":"https:\/\/preventista.sk\/info\/category\/prevencia\/itkrim\/"},"img":{"alt_text":"Computers","src":"https:\/\/i0.wp.com\/preventista.sk\/info\/wp-content\/uploads\/2013\/07\/computers.jpg?fit=700%2C400&ssl=1&resize=350%2C200","width":350,"height":200,"srcset":"https:\/\/i0.wp.com\/preventista.sk\/info\/wp-content\/uploads\/2013\/07\/computers.jpg?fit=700%2C400&ssl=1&resize=350%2C200 1x, https:\/\/i0.wp.com\/preventista.sk\/info\/wp-content\/uploads\/2013\/07\/computers.jpg?fit=700%2C400&ssl=1&resize=525%2C300 1.5x, https:\/\/i0.wp.com\/preventista.sk\/info\/wp-content\/uploads\/2013\/07\/computers.jpg?fit=700%2C400&ssl=1&resize=700%2C400 2x"},"classes":[]},{"id":121,"url":"https:\/\/preventista.sk\/info\/prevencia-mestu-nie-je-lahostajna\/","url_meta":{"origin":2687,"position":3},"title":"Prevencia mestu nie je \u013eahostajn\u00e1","author":"Redakcia","date":"21. m\u00e1ja 2013","format":false,"excerpt":"Nov\u00e9 technol\u00f3gie nie s\u00fa len u\u017eito\u010dn\u00e9, ale nespr\u00e1vnym pou\u017e\u00edvan\u00ed m\u00f4\u017eu skr\u00fdva\u0165 mnoho ohrozen\u00ed, najm\u00e4 pre na\u0161e deti a \u017eiakov. Mesto \u017diar nad Hronom sa preto rozhodlo v r\u00e1mci Kalend\u00e1ra aktiv\u00edt zameran\u00fdch na prevenciu drogov\u00fdch z\u00e1vislost\u00ed a in\u00fdch soci\u00e1lne patologick\u00fdch javov na rok 2013 zabezpe\u010di\u0165 vzdel\u00e1vanie v tejto oblasti v\u0161etk\u00fdm pedagogick\u00fdm\u2026","rel":"","context":"V &quot;Zaujalo n\u00e1s&quot;","block_context":{"text":"Zaujalo n\u00e1s","link":"https:\/\/preventista.sk\/info\/category\/skusenosti\/zaujalo\/"},"img":{"alt_text":"Ziar nad hronom","src":"https:\/\/i0.wp.com\/preventista.sk\/info\/wp-content\/uploads\/2013\/05\/Ziar.jpg?fit=700%2C400&ssl=1&resize=350%2C200","width":350,"height":200,"srcset":"https:\/\/i0.wp.com\/preventista.sk\/info\/wp-content\/uploads\/2013\/05\/Ziar.jpg?fit=700%2C400&ssl=1&resize=350%2C200 1x, https:\/\/i0.wp.com\/preventista.sk\/info\/wp-content\/uploads\/2013\/05\/Ziar.jpg?fit=700%2C400&ssl=1&resize=525%2C300 1.5x, https:\/\/i0.wp.com\/preventista.sk\/info\/wp-content\/uploads\/2013\/05\/Ziar.jpg?fit=700%2C400&ssl=1&resize=700%2C400 2x"},"classes":[]},{"id":44,"url":"https:\/\/preventista.sk\/info\/nami-realizovane-aktivity-v-oblasti-prevencie\/","url_meta":{"origin":2687,"position":4},"title":"Nami realizovan\u00e9 aktivity v oblasti prevencie","author":"Redakcia","date":"19. j\u00fala 2013","format":false,"excerpt":"SPOLUPR\u00c1CA NA REALIZ\u00c1CII PRIESKUMU (2011\/2012) prieskum soci\u00e1lno-patologick\u00fdch javov na z\u00e1kladn\u00fdch \u0161kol\u00e1ch mesta Lu\u010denec Komisia prevencie, Lu\u010denec\u00a0\u00a0\u00a0 informat\u00edvny \u010dl\u00e1nok z v\u00fdsledkov prieskumu (scoop.it) Modern\u00e9 komunika\u010dn\u00e9 technol\u00f3gie, rizik\u00e1 ich pou\u017e\u00edvania prevencia IT kriminality (12\/2018) vzdel\u00e1vac\u00ed workshop pre pracovn\u00edkov prevencie \u00darad pr\u00e1ce soci\u00e1lnych vec\u00ed a rodiny Lu\u010denec Modern\u00e9 komunika\u010dn\u00e9 technol\u00f3gie, rizik\u00e1 ich pou\u017e\u00edvania,\u2026","rel":"","context":"V &quot;Hist\u00f3ria&quot;","block_context":{"text":"Hist\u00f3ria","link":"https:\/\/preventista.sk\/info\/category\/akcie\/prehladakc\/"},"img":{"alt_text":"","src":"https:\/\/i0.wp.com\/preventista.sk\/info\/wp-content\/uploads\/2013\/07\/spolocne.jpg?fit=700%2C400&ssl=1&resize=350%2C200","width":350,"height":200,"srcset":"https:\/\/i0.wp.com\/preventista.sk\/info\/wp-content\/uploads\/2013\/07\/spolocne.jpg?fit=700%2C400&ssl=1&resize=350%2C200 1x, https:\/\/i0.wp.com\/preventista.sk\/info\/wp-content\/uploads\/2013\/07\/spolocne.jpg?fit=700%2C400&ssl=1&resize=525%2C300 1.5x, https:\/\/i0.wp.com\/preventista.sk\/info\/wp-content\/uploads\/2013\/07\/spolocne.jpg?fit=700%2C400&ssl=1&resize=700%2C400 2x"},"classes":[]},{"id":3703,"url":"https:\/\/preventista.sk\/info\/prieskum-2020-vzdelavanie-v-oblasti-bezpecnosti-it-a-prevencia-it-kriminality\/","url_meta":{"origin":2687,"position":5},"title":"PRIESKUM 2020: Vzdel\u00e1vanie v oblasti bezpe\u010dnosti IT a prevencia IT kriminality&#8230;.","author":"Redakcia","date":"4. marca 2020","format":false,"excerpt":"V\u00e1\u017een\u00ed pedag\u00f3govia. V r\u00e1mci na\u0161i aktiv\u00edt a predn\u00e1\u0161ok k t\u00e9mam vzdel\u00e1vanie IT bezpe\u010dnosti a prevencie IT kriminality \u0161tandardne stret\u00e1vate porovn\u00e1vacie prieskumy zameran\u00e9 na identifik\u00e1ciu v\u00fdvoja tejto problematiky z dlhodob\u00e9ho h\u013eadiska. Zistenia prezentovan\u00e9 v r\u00e1mci semin\u00e1rov s\u00fa v\u017edy predmetom zauj\u00edmavej diskusie. \u010cerp\u00e1me zo sk\u00fasenost\u00ed zo spolupr\u00e1ce so \u0161kolami i u\u010dite\u013emi ako\u2026","rel":"","context":"V &quot;Prieskumy&quot;","block_context":{"text":"Prieskumy","link":"https:\/\/preventista.sk\/info\/category\/skusenosti\/prieskumy\/"},"img":{"alt_text":"prieskum","src":"https:\/\/i0.wp.com\/preventista.sk\/info\/wp-content\/uploads\/2012\/05\/Prieskum.jpg?fit=700%2C400&ssl=1&resize=350%2C200","width":350,"height":200,"srcset":"https:\/\/i0.wp.com\/preventista.sk\/info\/wp-content\/uploads\/2012\/05\/Prieskum.jpg?fit=700%2C400&ssl=1&resize=350%2C200 1x, https:\/\/i0.wp.com\/preventista.sk\/info\/wp-content\/uploads\/2012\/05\/Prieskum.jpg?fit=700%2C400&ssl=1&resize=525%2C300 1.5x, https:\/\/i0.wp.com\/preventista.sk\/info\/wp-content\/uploads\/2012\/05\/Prieskum.jpg?fit=700%2C400&ssl=1&resize=700%2C400 2x"},"classes":[]}],"_links":{"self":[{"href":"https:\/\/preventista.sk\/info\/wp-json\/wp\/v2\/posts\/2687","targetHints":{"allow":["GET"]}}],"collection":[{"href":"https:\/\/preventista.sk\/info\/wp-json\/wp\/v2\/posts"}],"about":[{"href":"https:\/\/preventista.sk\/info\/wp-json\/wp\/v2\/types\/post"}],"author":[{"embeddable":true,"href":"https:\/\/preventista.sk\/info\/wp-json\/wp\/v2\/users\/2"}],"replies":[{"embeddable":true,"href":"https:\/\/preventista.sk\/info\/wp-json\/wp\/v2\/comments?post=2687"}],"version-history":[{"count":14,"href":"https:\/\/preventista.sk\/info\/wp-json\/wp\/v2\/posts\/2687\/revisions"}],"predecessor-version":[{"id":2756,"href":"https:\/\/preventista.sk\/info\/wp-json\/wp\/v2\/posts\/2687\/revisions\/2756"}],"wp:featuredmedia":[{"embeddable":true,"href":"https:\/\/preventista.sk\/info\/wp-json\/wp\/v2\/media\/2703"}],"wp:attachment":[{"href":"https:\/\/preventista.sk\/info\/wp-json\/wp\/v2\/media?parent=2687"}],"wp:term":[{"taxonomy":"category","embeddable":true,"href":"https:\/\/preventista.sk\/info\/wp-json\/wp\/v2\/categories?post=2687"},{"taxonomy":"post_tag","embeddable":true,"href":"https:\/\/preventista.sk\/info\/wp-json\/wp\/v2\/tags?post=2687"}],"curies":[{"name":"wp","href":"https:\/\/api.w.org\/{rel}","templated":true}]}}