{"id":290,"date":"2013-07-23T07:43:45","date_gmt":"2013-07-23T05:43:45","guid":{"rendered":"http:\/\/preventista.sk\/info\/?p=290"},"modified":"2014-02-03T01:11:23","modified_gmt":"2014-02-03T00:11:23","slug":"aktualny-prieskum","status":"publish","type":"post","link":"https:\/\/preventista.sk\/info\/aktualny-prieskum\/","title":{"rendered":"Aktu\u00e1lny prieskum"},"content":{"rendered":"<p>V r\u00e1mci pr\u00edprav na jesenn\u00e9 konferencie sme sa rozhodli zrealizova\u0165 prieskum zameran\u00fd na najdiskutovanej\u0161ie ot\u00e1zky z problematiky prevencie na \u0161kol\u00e1ch:<\/p>\n<p>&nbsp;<\/p>\n<p><iframe loading=\"lazy\" src=\"https:\/\/docs.google.com\/forms\/d\/1VsGv1Rt4YcYRqu4C5JQtFpjOjjk_E26uwL9yURQb-Lc\/viewform?embedded=true\" height=\"500\" width=\"600\" frameborder=\"0\" marginwidth=\"0\" marginheight=\"0\"><\/iframe><\/p>\n","protected":false},"excerpt":{"rendered":"<p>V r\u00e1mci pr\u00edprav na jesenn\u00e9 konferencie sme sa rozhodli zrealizova\u0165 prieskum zameran\u00fd na najdiskutovanej\u0161ie ot\u00e1zky z problematiky prevencie na \u0161kol\u00e1ch: &nbsp;<\/p>\n","protected":false},"author":2,"featured_media":1909,"comment_status":"open","ping_status":"open","sticky":false,"template":"","format":"standard","meta":{"jetpack_post_was_ever_published":false,"_jetpack_newsletter_access":"","_jetpack_dont_email_post_to_subs":false,"_jetpack_newsletter_tier_id":0,"_jetpack_memberships_contains_paywalled_content":false,"_jetpack_memberships_contains_paid_content":false,"footnotes":""},"categories":[13],"tags":[34,23,50,39,36],"class_list":["post-290","post","type-post","status-publish","format-standard","has-post-thumbnail","hentry","category-prieskumy","tag-diskusia","tag-it-kriminalita","tag-ochrana-osobnych-udajov","tag-prednasky","tag-prieskum"],"aioseo_notices":[],"jetpack_featured_media_url":"https:\/\/i0.wp.com\/preventista.sk\/info\/wp-content\/uploads\/2012\/05\/Prieskum.jpg?fit=700%2C400&ssl=1","jetpack_sharing_enabled":true,"jetpack-related-posts":[{"id":5604,"url":"https:\/\/preventista.sk\/info\/prieskum-edu-2024\/","url_meta":{"origin":290,"position":0},"title":"Prieskum EDU 2024 &#8211; 2025","author":"Redakcia","date":"10. apr\u00edla 2025","format":false,"excerpt":"Pokra\u010dujeme v na\u0161om ka\u017edoro\u010dnom prieskume na z\u00e1kladn\u00fdch a stredn\u00fdch \u0161kol\u00e1ch zameran\u00fd na z\u00e1kladn\u00e9 ot\u00e1zky, ktor\u00e9 vznikli v r\u00e1mci minuloro\u010dn\u00fdch aktiv\u00edt. Sme V\u00e1m zaviazan\u00ed, \u017ee sa ich ka\u017edoro\u010dne vo ve\u013ekom po\u010dte zap\u00e1jate a vyplnen\u00edm formul\u00e1ru n\u00e1m pom\u00e1hate smerova\u0165 na\u0161e aktivity. Do prieskumu sa m\u00f4\u017eete zapoji\u0165 prostredn\u00edctvom ni\u017e\u0161ie uveden\u00e9ho formul\u00e1ru alebo cez\u2026","rel":"","context":"V &quot;Prieskumy&quot;","block_context":{"text":"Prieskumy","link":"https:\/\/preventista.sk\/info\/category\/skusenosti\/prieskumy\/"},"img":{"alt_text":"","src":"https:\/\/i0.wp.com\/preventista.sk\/info\/wp-content\/uploads\/2024\/01\/EDU-2024.png?resize=350%2C200&ssl=1","width":350,"height":200,"srcset":"https:\/\/i0.wp.com\/preventista.sk\/info\/wp-content\/uploads\/2024\/01\/EDU-2024.png?resize=350%2C200&ssl=1 1x, https:\/\/i0.wp.com\/preventista.sk\/info\/wp-content\/uploads\/2024\/01\/EDU-2024.png?resize=525%2C300&ssl=1 1.5x, https:\/\/i0.wp.com\/preventista.sk\/info\/wp-content\/uploads\/2024\/01\/EDU-2024.png?resize=700%2C400&ssl=1 2x"},"classes":[]},{"id":4694,"url":"https:\/\/preventista.sk\/info\/prieskum-preventista-2022\/","url_meta":{"origin":290,"position":1},"title":"Prieskum Preventista 2022","author":"Redakcia","date":"22. janu\u00e1ra 2022","format":false,"excerpt":"Zapojte sa do n\u00e1\u0161ho prieskumu zameran\u00e9ho na prevenciu po\u010d\u00edta\u010dovej kriminality Na\u010d\u00edtava sa\u2026","rel":"","context":"V &quot;Prieskumy&quot;","block_context":{"text":"Prieskumy","link":"https:\/\/preventista.sk\/info\/category\/skusenosti\/prieskumy\/"},"img":{"alt_text":"","src":"https:\/\/i0.wp.com\/preventista.sk\/info\/wp-content\/uploads\/2022\/01\/Prieskum-Preventista-2022.png?resize=350%2C200&ssl=1","width":350,"height":200,"srcset":"https:\/\/i0.wp.com\/preventista.sk\/info\/wp-content\/uploads\/2022\/01\/Prieskum-Preventista-2022.png?resize=350%2C200&ssl=1 1x, https:\/\/i0.wp.com\/preventista.sk\/info\/wp-content\/uploads\/2022\/01\/Prieskum-Preventista-2022.png?resize=525%2C300&ssl=1 1.5x, https:\/\/i0.wp.com\/preventista.sk\/info\/wp-content\/uploads\/2022\/01\/Prieskum-Preventista-2022.png?resize=700%2C400&ssl=1 2x"},"classes":[]},{"id":3703,"url":"https:\/\/preventista.sk\/info\/prieskum-2020-vzdelavanie-v-oblasti-bezpecnosti-it-a-prevencia-it-kriminality\/","url_meta":{"origin":290,"position":2},"title":"PRIESKUM 2020: Vzdel\u00e1vanie v oblasti bezpe\u010dnosti IT a prevencia IT kriminality&#8230;.","author":"Redakcia","date":"4. marca 2020","format":false,"excerpt":"V\u00e1\u017een\u00ed pedag\u00f3govia. V r\u00e1mci na\u0161i aktiv\u00edt a predn\u00e1\u0161ok k t\u00e9mam vzdel\u00e1vanie IT bezpe\u010dnosti a prevencie IT kriminality \u0161tandardne stret\u00e1vate porovn\u00e1vacie prieskumy zameran\u00e9 na identifik\u00e1ciu v\u00fdvoja tejto problematiky z dlhodob\u00e9ho h\u013eadiska. Zistenia prezentovan\u00e9 v r\u00e1mci semin\u00e1rov s\u00fa v\u017edy predmetom zauj\u00edmavej diskusie. \u010cerp\u00e1me zo sk\u00fasenost\u00ed zo spolupr\u00e1ce so \u0161kolami i u\u010dite\u013emi ako\u2026","rel":"","context":"V &quot;Prieskumy&quot;","block_context":{"text":"Prieskumy","link":"https:\/\/preventista.sk\/info\/category\/skusenosti\/prieskumy\/"},"img":{"alt_text":"prieskum","src":"https:\/\/i0.wp.com\/preventista.sk\/info\/wp-content\/uploads\/2012\/05\/Prieskum.jpg?fit=700%2C400&ssl=1&resize=350%2C200","width":350,"height":200,"srcset":"https:\/\/i0.wp.com\/preventista.sk\/info\/wp-content\/uploads\/2012\/05\/Prieskum.jpg?fit=700%2C400&ssl=1&resize=350%2C200 1x, https:\/\/i0.wp.com\/preventista.sk\/info\/wp-content\/uploads\/2012\/05\/Prieskum.jpg?fit=700%2C400&ssl=1&resize=525%2C300 1.5x, https:\/\/i0.wp.com\/preventista.sk\/info\/wp-content\/uploads\/2012\/05\/Prieskum.jpg?fit=700%2C400&ssl=1&resize=700%2C400 2x"},"classes":[]},{"id":86,"url":"https:\/\/preventista.sk\/info\/prieskum-na-zakladnych-skolach-mesta-lucenec\/","url_meta":{"origin":290,"position":3},"title":"Prieskum Lu\u010denec 2011","author":"J. Oster","date":"20. m\u00e1ja 2012","format":false,"excerpt":"Prieskum na z\u00e1kladn\u00fdch \u0161kol\u00e1ch mesta Lu\u010denec Situ\u00e1cia v na\u0161ich \u0161kol\u00e1ch je v posledn\u00fdch rokoch mimoriadne kr\u00edzov\u00e1. Signalizuje pre odborn\u00edkov, u\u010dite\u013eov, psychol\u00f3gov, pedag\u00f3gov, ale aj pre cel\u00fa verejnos\u0165, \u017ee je v na\u0161ej spolo\u010dnosti zjavn\u00e1 kr\u00edza rodiny, kr\u00edza v\u00fdchovy det\u00ed, kr\u00edza mor\u00e1lnych a duchovn\u00fdch hodn\u00f4t u mladistv\u00fdch. \u00a0 V s\u00fa\u010dasnej \u0161kole, ako\u2026","rel":"","context":"V &quot;Prieskumy&quot;","block_context":{"text":"Prieskumy","link":"https:\/\/preventista.sk\/info\/category\/skusenosti\/prieskumy\/"},"img":{"alt_text":"prieskum","src":"https:\/\/i0.wp.com\/preventista.sk\/info\/wp-content\/uploads\/2012\/05\/Prieskum.jpg?fit=700%2C400&ssl=1&resize=350%2C200","width":350,"height":200,"srcset":"https:\/\/i0.wp.com\/preventista.sk\/info\/wp-content\/uploads\/2012\/05\/Prieskum.jpg?fit=700%2C400&ssl=1&resize=350%2C200 1x, https:\/\/i0.wp.com\/preventista.sk\/info\/wp-content\/uploads\/2012\/05\/Prieskum.jpg?fit=700%2C400&ssl=1&resize=525%2C300 1.5x, https:\/\/i0.wp.com\/preventista.sk\/info\/wp-content\/uploads\/2012\/05\/Prieskum.jpg?fit=700%2C400&ssl=1&resize=700%2C400 2x"},"classes":[]},{"id":3652,"url":"https:\/\/preventista.sk\/info\/prieskum-lucenec-2019\/","url_meta":{"origin":290,"position":4},"title":"Prieskum Lu\u010denec 2019","author":"Redakcia","date":"24. septembra 2019","format":false,"excerpt":"Prieskum zrealizovan\u00fd na z\u00e1kladn\u00fdch \u0161kol\u00e1ch okresu Lu\u010denec zameran\u00fd na zmapovanie ne\u017eiad\u00facich javov na z\u00e1kladn\u00fdch \u0161kol\u00e1ch. Realiz\u00e1tori: CENTRUM PEDAGOGICKO-PSYCHOLOGICK\u00c9HO PORADENSTVA A PREVENCIE V LU\u010cENCI OZ Preventista \u2013 zdru\u017eenie pre bezpe\u010dnos\u0165 a prevenciu Po\u010det zapojen\u00fdch \u0161k\u00f4l: 11 Po\u010det zapojen\u00fdch respondentov: 1.495 K\u013e\u00fa\u010dov\u00e9 zistenia prieskumu Realiz\u00e1cia prevencie je st\u00e1ly, aktu\u00e1lny a nevyhnutn\u00fd proces,\u2026","rel":"","context":"V &quot;Prieskumy&quot;","block_context":{"text":"Prieskumy","link":"https:\/\/preventista.sk\/info\/category\/skusenosti\/prieskumy\/"},"img":{"alt_text":"prieskum","src":"https:\/\/i0.wp.com\/preventista.sk\/info\/wp-content\/uploads\/2012\/05\/Prieskum.jpg?fit=700%2C400&ssl=1&resize=350%2C200","width":350,"height":200,"srcset":"https:\/\/i0.wp.com\/preventista.sk\/info\/wp-content\/uploads\/2012\/05\/Prieskum.jpg?fit=700%2C400&ssl=1&resize=350%2C200 1x, https:\/\/i0.wp.com\/preventista.sk\/info\/wp-content\/uploads\/2012\/05\/Prieskum.jpg?fit=700%2C400&ssl=1&resize=525%2C300 1.5x, https:\/\/i0.wp.com\/preventista.sk\/info\/wp-content\/uploads\/2012\/05\/Prieskum.jpg?fit=700%2C400&ssl=1&resize=700%2C400 2x"},"classes":[]},{"id":282,"url":"https:\/\/preventista.sk\/info\/roadshow-2012\/","url_meta":{"origin":290,"position":5},"title":"RoadShow 2012","author":"J. Oster","date":"1. janu\u00e1ra 2013","format":false,"excerpt":"V r\u00e1mci RoadShow Ind\u00edcia bol realizovan\u00fd v\u00fdskum zameran\u00fd na identifik\u00e1ciu projektu, ktor\u00fd je vyu\u017e\u00edvan\u00fd pedag\u00f3gmi slovensk\u00fdch \u0161k\u00f4l v najv\u00e4\u010d\u0161ej miere. Prieskum obsahoval dve z\u00e1kladn\u00e9 ot\u00e1zky: Ktor\u00fd z verejne dostupn\u00fdch projektov zameran\u00fdch na prevenciu v t\u00e9me bezpe\u010dnosti det\u00ed na internete pova\u017eujete za najpr\u00ednosnej\u0161\u00ed pre praktick\u00e9 vyu\u017eitie v r\u00e1mci prevencie? Kde by\u2026","rel":"","context":"V &quot;Prieskumy&quot;","block_context":{"text":"Prieskumy","link":"https:\/\/preventista.sk\/info\/category\/skusenosti\/prieskumy\/"},"img":{"alt_text":"Tatry","src":"https:\/\/i0.wp.com\/preventista.sk\/info\/wp-content\/uploads\/2013\/01\/Tatry.jpg?fit=700%2C400&ssl=1&resize=350%2C200","width":350,"height":200,"srcset":"https:\/\/i0.wp.com\/preventista.sk\/info\/wp-content\/uploads\/2013\/01\/Tatry.jpg?fit=700%2C400&ssl=1&resize=350%2C200 1x, https:\/\/i0.wp.com\/preventista.sk\/info\/wp-content\/uploads\/2013\/01\/Tatry.jpg?fit=700%2C400&ssl=1&resize=525%2C300 1.5x, https:\/\/i0.wp.com\/preventista.sk\/info\/wp-content\/uploads\/2013\/01\/Tatry.jpg?fit=700%2C400&ssl=1&resize=700%2C400 2x"},"classes":[]}],"_links":{"self":[{"href":"https:\/\/preventista.sk\/info\/wp-json\/wp\/v2\/posts\/290","targetHints":{"allow":["GET"]}}],"collection":[{"href":"https:\/\/preventista.sk\/info\/wp-json\/wp\/v2\/posts"}],"about":[{"href":"https:\/\/preventista.sk\/info\/wp-json\/wp\/v2\/types\/post"}],"author":[{"embeddable":true,"href":"https:\/\/preventista.sk\/info\/wp-json\/wp\/v2\/users\/2"}],"replies":[{"embeddable":true,"href":"https:\/\/preventista.sk\/info\/wp-json\/wp\/v2\/comments?post=290"}],"version-history":[{"count":11,"href":"https:\/\/preventista.sk\/info\/wp-json\/wp\/v2\/posts\/290\/revisions"}],"predecessor-version":[{"id":345,"href":"https:\/\/preventista.sk\/info\/wp-json\/wp\/v2\/posts\/290\/revisions\/345"}],"wp:featuredmedia":[{"embeddable":true,"href":"https:\/\/preventista.sk\/info\/wp-json\/wp\/v2\/media\/1909"}],"wp:attachment":[{"href":"https:\/\/preventista.sk\/info\/wp-json\/wp\/v2\/media?parent=290"}],"wp:term":[{"taxonomy":"category","embeddable":true,"href":"https:\/\/preventista.sk\/info\/wp-json\/wp\/v2\/categories?post=290"},{"taxonomy":"post_tag","embeddable":true,"href":"https:\/\/preventista.sk\/info\/wp-json\/wp\/v2\/tags?post=290"}],"curies":[{"name":"wp","href":"https:\/\/api.w.org\/{rel}","templated":true}]}}