{"id":2953,"date":"2015-12-09T14:10:57","date_gmt":"2015-12-09T13:10:57","guid":{"rendered":"http:\/\/preventista.sk\/info\/?p=2953"},"modified":"2015-12-09T14:19:17","modified_gmt":"2015-12-09T13:19:17","slug":"konecne-volna-zaujem","status":"publish","type":"post","link":"https:\/\/preventista.sk\/info\/konecne-volna-zaujem\/","title":{"rendered":"Kone\u010dne vo\u013en\u00e1, z\u00e1ujem?"},"content":{"rendered":"<p><em>Dali by ste si na krk bublinu s\u00a0touto vetou a\u00a0chodili s\u00a0\u0148ou cel\u00fd de\u0148 po \u0161kole pred v\u0161etk\u00fdmi spolu\u017eiakmi a\u00a0u\u010dite\u013emi? \u017de ur\u010dite nie? To by urobil iba bl\u00e1zon?<\/em><\/p>\n<p>Tak potom sme sa zbl\u00e1znili J!<a href=\"https:\/\/i0.wp.com\/preventista.sk\/info\/wp-content\/uploads\/2015\/12\/20151204_094950.jpg?ssl=1\"><img data-recalc-dims=\"1\" loading=\"lazy\" decoding=\"async\" data-attachment-id=\"2956\" data-permalink=\"https:\/\/preventista.sk\/info\/konecne-volna-zaujem\/20151204_094950\/\" data-orig-file=\"https:\/\/i0.wp.com\/preventista.sk\/info\/wp-content\/uploads\/2015\/12\/20151204_094950-e1449666334630.jpg?fit=1920%2C2560&amp;ssl=1\" data-orig-size=\"1920,2560\" data-comments-opened=\"1\" data-image-meta=\"{&quot;aperture&quot;:&quot;2.7&quot;,&quot;credit&quot;:&quot;&quot;,&quot;camera&quot;:&quot;GT-N8010&quot;,&quot;caption&quot;:&quot;&quot;,&quot;created_timestamp&quot;:&quot;1449222590&quot;,&quot;copyright&quot;:&quot;&quot;,&quot;focal_length&quot;:&quot;3.43&quot;,&quot;iso&quot;:&quot;100&quot;,&quot;shutter_speed&quot;:&quot;0.0526315789474&quot;,&quot;title&quot;:&quot;&quot;,&quot;orientation&quot;:&quot;6&quot;}\" data-image-title=\"20151204_094950\" data-image-description=\"\" data-image-caption=\"\" data-large-file=\"https:\/\/i0.wp.com\/preventista.sk\/info\/wp-content\/uploads\/2015\/12\/20151204_094950-e1449666334630.jpg?fit=700%2C933&amp;ssl=1\" class=\" wp-image-2956 alignright\" src=\"https:\/\/i0.wp.com\/preventista.sk\/info\/wp-content\/uploads\/2015\/12\/20151204_094950-e1449666334630-450x600.jpg?resize=191%2C255&#038;ssl=1\" alt=\"20151204_094950\" width=\"191\" height=\"255\" srcset=\"https:\/\/i0.wp.com\/preventista.sk\/info\/wp-content\/uploads\/2015\/12\/20151204_094950-e1449666334630.jpg?resize=450%2C600&amp;ssl=1 450w, https:\/\/i0.wp.com\/preventista.sk\/info\/wp-content\/uploads\/2015\/12\/20151204_094950-e1449666334630.jpg?resize=320%2C427&amp;ssl=1 320w, https:\/\/i0.wp.com\/preventista.sk\/info\/wp-content\/uploads\/2015\/12\/20151204_094950-e1449666334630.jpg?resize=700%2C933&amp;ssl=1 700w, https:\/\/i0.wp.com\/preventista.sk\/info\/wp-content\/uploads\/2015\/12\/20151204_094950-e1449666334630.jpg?w=1920&amp;ssl=1 1920w\" sizes=\"auto, (max-width: 191px) 100vw, 191px\" \/><\/a><\/p>\n<p>\u0160tudenti Gymn\u00e1zia Mateja Hrebendu v\u00a0Hn\u00fa\u0161ti si vysk\u00fa\u0161ali na vlastnej ko\u017ei nosi\u0165 na krku cel\u00fd de\u0148 vety, ktor\u00e9 sa be\u017ene objavuj\u00fa v statusoch na soci\u00e1lnej sieti a\u00a0mus\u00edme prizna\u0165, \u017ee niektor\u00e9 boli viac ako kontroverzn\u00e9 a \u0161okuj\u00face. Zhodou okolnost\u00ed bola v\u00a0\u0161kole pr\u00e1ve mikul\u00e1\u0161ska besiedka, a\u00a0tak im neostalo ni\u010d in\u00e9, ako s\u00a0n\u00e1pismi vystupova\u0165 aj pri speve viano\u010dn\u00fdch kolied, \u010di sc\u00e9nkach pred v\u0161etk\u00fdmi spolu\u017eiakmi. Za\u017ei\u0165 pocit, ke\u010f so svoj\u00edm v\u00fdrokom stoj\u00edte zo\u010di vo\u010di riadite\u013eke \u0161koly, profesorom, spolu\u017eiakom, ktor\u00fdch bolo mimochodom \u201elen\u201c okolo 180, bol z\u00e1\u017eitok. Akcia mala za cie\u013e pouk\u00e1za\u0165 na to, \u017ee na soci\u00e1lnej sieti status vid\u00ed a\u00a0m\u00f4\u017ee komentova\u0165 nieko\u013ekon\u00e1sobne viac \u013eud\u00ed, \u010do si m\u00e1lokto z n\u00e1s uvedomuje. Z\u00a0prieskumu, ktor\u00fd urobili na\u0161i \u0161tudenti, vy\u0161lo, \u017ee je to \u010dastokr\u00e1t od 300 do 600 \u013eud\u00ed. Medzi priate\u013emi na soci\u00e1lnej sieti maj\u00fa mimochodom \u0161tudenti aj svojich pedag\u00f3gov a aj \u00faplne nezn\u00e1mych \u013eud\u00ed.<\/p>\n<p>Tak sa sk\u00faste pred t\u00fdm, ako nie\u010do nap\u00ed\u0161ete do statusu na soci\u00e1lnej sieti, zamyslie\u0165 nad t\u00fdm, \u017ee stoj\u00edte na mikul\u00e1\u0161skej p\u00e1rty celej va\u0161ej \u0161koly a\u00a0pred v\u0161etk\u00fdmi kri\u010d\u00edte: <strong>\u201eKone\u010dne vo\u013en\u00e1, z\u00e1ujem?\u201c<\/strong><\/p>\n<p><a href=\"https:\/\/i0.wp.com\/preventista.sk\/info\/wp-content\/uploads\/2015\/12\/20151207_111520.jpg?ssl=1\"><img data-recalc-dims=\"1\" loading=\"lazy\" decoding=\"async\" data-attachment-id=\"2958\" data-permalink=\"https:\/\/preventista.sk\/info\/konecne-volna-zaujem\/20151207_111520\/\" data-orig-file=\"https:\/\/i0.wp.com\/preventista.sk\/info\/wp-content\/uploads\/2015\/12\/20151207_111520.jpg?fit=2560%2C1920&amp;ssl=1\" data-orig-size=\"2560,1920\" data-comments-opened=\"1\" data-image-meta=\"{&quot;aperture&quot;:&quot;2.7&quot;,&quot;credit&quot;:&quot;&quot;,&quot;camera&quot;:&quot;GT-N8010&quot;,&quot;caption&quot;:&quot;&quot;,&quot;created_timestamp&quot;:&quot;1449486920&quot;,&quot;copyright&quot;:&quot;&quot;,&quot;focal_length&quot;:&quot;3.43&quot;,&quot;iso&quot;:&quot;125&quot;,&quot;shutter_speed&quot;:&quot;0.0833333333333&quot;,&quot;title&quot;:&quot;&quot;,&quot;orientation&quot;:&quot;1&quot;}\" data-image-title=\"20151207_111520\" data-image-description=\"\" data-image-caption=\"\" data-large-file=\"https:\/\/i0.wp.com\/preventista.sk\/info\/wp-content\/uploads\/2015\/12\/20151207_111520.jpg?fit=700%2C525&amp;ssl=1\" class=\"alignnone size-large wp-image-2958\" src=\"https:\/\/i0.wp.com\/preventista.sk\/info\/wp-content\/uploads\/2015\/12\/20151207_111520.jpg?resize=700%2C525&#038;ssl=1\" alt=\"20151207_111520\" width=\"700\" height=\"525\" srcset=\"https:\/\/i0.wp.com\/preventista.sk\/info\/wp-content\/uploads\/2015\/12\/20151207_111520.jpg?resize=700%2C525&amp;ssl=1 700w, https:\/\/i0.wp.com\/preventista.sk\/info\/wp-content\/uploads\/2015\/12\/20151207_111520.jpg?resize=320%2C240&amp;ssl=1 320w, https:\/\/i0.wp.com\/preventista.sk\/info\/wp-content\/uploads\/2015\/12\/20151207_111520.jpg?resize=450%2C338&amp;ssl=1 450w, https:\/\/i0.wp.com\/preventista.sk\/info\/wp-content\/uploads\/2015\/12\/20151207_111520.jpg?w=2000&amp;ssl=1 2000w\" sizes=\"auto, (max-width: 700px) 100vw, 700px\" \/><\/a><\/p>\n<p>&nbsp;<\/p>\n<p>Akcia bola s\u00fa\u010das\u0165ou prebiehaj\u00faceho projektu <em>\u201eAby ste si v\u00a0roku 2030 nemuseli zmeni\u0165 meno!\u201c<\/em> , ktor\u00fd od decembra 2015 prebieha na na\u0161ej \u0161kole. \u010cak\u00e1 n\u00e1s v\u00a0\u0148om e\u0161te mnoho zauj\u00edmav\u00fdch aktiv\u00edt ako beseda so s\u00fadnym znalcom Ing. Jaroslavom Osterom, ePrezenti\u00e1da na t\u00e9mu: De\u0148, ke\u010f padol Facebook.\u00a0 \u0160tudent STC Microsoft Praha n\u00e1s nau\u010d\u00ed naprogramova\u0165 Raspberry pi a\u00a0uk\u00e1\u017ee vlastn\u00fa aplik\u00e1ciu na generovanie bezpe\u010dn\u00e9ho hesla. To v\u0161etko preto, aby sme si v\u00a0roku 2030 nemuseli od hanby zmeni\u0165 meno&#8230;<\/p>\n<p><em>Mgr. Nade\u017eda Mih\u00e1\u013eov\u00e1, <\/em><em>Gymn\u00e1zium Mateja Hrebendu Hn\u00fa\u0161\u0165a<\/em><\/p>\n","protected":false},"excerpt":{"rendered":"<p>Dali by ste si na krk bublinu s\u00a0touto vetou a\u00a0chodili s\u00a0\u0148ou cel\u00fd de\u0148 po \u0161kole pred v\u0161etk\u00fdmi spolu\u017eiakmi a\u00a0u\u010dite\u013emi? \u017de ur\u010dite nie? To by urobil iba bl\u00e1zon? Tak potom sme sa zbl\u00e1znili J! \u0160tudenti Gymn\u00e1zia Mateja Hrebendu v\u00a0Hn\u00fa\u0161ti si vysk\u00fa\u0161ali na vlastnej ko\u017ei nosi\u0165 na krku cel\u00fd de\u0148 vety, ktor\u00e9 sa be\u017ene objavuj\u00fa v statusoch [&hellip;]<\/p>\n","protected":false},"author":1,"featured_media":2955,"comment_status":"open","ping_status":"open","sticky":false,"template":"","format":"standard","meta":{"jetpack_post_was_ever_published":false,"_jetpack_newsletter_access":"","_jetpack_dont_email_post_to_subs":false,"_jetpack_newsletter_tier_id":0,"_jetpack_memberships_contains_paywalled_content":false,"_jetpack_memberships_contains_paid_content":false,"footnotes":""},"categories":[61],"tags":[31,50,38,22],"class_list":["post-2953","post","type-post","status-publish","format-standard","has-post-thumbnail","hentry","category-prevencia","tag-facebook-socialne-siete","tag-ochrana-osobnych-udajov","tag-socialne-siete","tag-sukromie"],"aioseo_notices":[],"jetpack_featured_media_url":"https:\/\/i0.wp.com\/preventista.sk\/info\/wp-content\/uploads\/2015\/12\/received_746048438862561.jpeg?fit=732%2C607&ssl=1","jetpack_sharing_enabled":true,"jetpack-related-posts":[{"id":1405,"url":"https:\/\/preventista.sk\/info\/spolahlive-mazanie-dat-vs-presunutie-do-kosa\/","url_meta":{"origin":2953,"position":0},"title":"Spo\u013eahliv\u00e9 mazanie d\u00e1t VS. presunutie do ko\u0161a","author":"T.Paulus","date":"11. septembra 2013","format":false,"excerpt":"Mnoho u\u017e\u00edvate\u013eov \u017eije v\u00a0klamnej predstave, \u017ee oby\u010dajn\u00e9 presunutie s\u00faborov do ko\u0161a, pr\u00edpadne kliknutie v\u00a0kontextovom menu na VYMAZA\u0164 sta\u010d\u00ed. Opak je v\u0161ak pravdou. Pre\u010do to tak je a\u00a0ako tak\u00e9to s\u00fabory skuto\u010dne zmaza\u0165 si m\u00f4\u017eete pre\u010d\u00edta\u0165 v\u00a0nasleduj\u00facom \u010dl\u00e1nku. \u00a0 \u00a0 Stru\u010dne o\u00a0logickej \u0161trukt\u00fare disku... Nov\u00fd disk je potrebn\u00e9 pred jeho pou\u017eit\u00edm magneticky\u2026","rel":"","context":"V &quot;N\u00e1vody&quot;","block_context":{"text":"N\u00e1vody","link":"https:\/\/preventista.sk\/info\/category\/navody\/"},"img":{"alt_text":"kos","src":"https:\/\/i0.wp.com\/preventista.sk\/info\/wp-content\/uploads\/2013\/09\/ko%C5%A1.jpg?fit=700%2C400&ssl=1&resize=350%2C200","width":350,"height":200,"srcset":"https:\/\/i0.wp.com\/preventista.sk\/info\/wp-content\/uploads\/2013\/09\/ko%C5%A1.jpg?fit=700%2C400&ssl=1&resize=350%2C200 1x, https:\/\/i0.wp.com\/preventista.sk\/info\/wp-content\/uploads\/2013\/09\/ko%C5%A1.jpg?fit=700%2C400&ssl=1&resize=525%2C300 1.5x, https:\/\/i0.wp.com\/preventista.sk\/info\/wp-content\/uploads\/2013\/09\/ko%C5%A1.jpg?fit=700%2C400&ssl=1&resize=700%2C400 2x"},"classes":[]},{"id":4268,"url":"https:\/\/preventista.sk\/info\/proti-ransomveru-krok-za-krokom\/","url_meta":{"origin":2953,"position":1},"title":"Proti ransomv\u00e9ru krok za krokom","author":"Viliam Kali\u0148\u00e1k","date":"28. febru\u00e1ra 2021","format":false,"excerpt":"Foto: flickr.com\/Christiaan Colen Ryuk, Djvu, Maze, DoppelPaymer, CryptoLocker, Avaddon, Sodinokibi, GandCrab... v\u00a0posledn\u00fdch rokoch sa ako keby s\u00a0t\u00fdmito \u0161kodliv\u00fdm programami roztrhlo vrece. Najprv v\u00e1m za\u0161ifruj\u00fa s\u00fabory na disku a n\u00e1sledne od v\u00e1s \u017eiadaj\u00fa peniaze. Pre prev\u00e1dzkovate\u013eov t\u00fdchto ransomv\u00e9rov je samozrejme ove\u013ea v\u00fdhodnej\u0161ie za\u00fato\u010di\u0165 na s\u00fakromn\u00e9 firmy, ktor\u00e9 si m\u00f4\u017eu v\u00a0krajnom pr\u00edpade\u2026","rel":"","context":"V &quot;Bezpe\u010dnos\u0165&quot;","block_context":{"text":"Bezpe\u010dnos\u0165","link":"https:\/\/preventista.sk\/info\/category\/itbezp\/"},"img":{"alt_text":"","src":"https:\/\/i0.wp.com\/preventista.sk\/info\/wp-content\/uploads\/2021\/02\/image-1.png?resize=350%2C200&ssl=1","width":350,"height":200,"srcset":"https:\/\/i0.wp.com\/preventista.sk\/info\/wp-content\/uploads\/2021\/02\/image-1.png?resize=350%2C200&ssl=1 1x, https:\/\/i0.wp.com\/preventista.sk\/info\/wp-content\/uploads\/2021\/02\/image-1.png?resize=525%2C300&ssl=1 1.5x"},"classes":[]},{"id":2369,"url":"https:\/\/preventista.sk\/info\/vitaz-tvoj-clanok-moze-pomoct-2014\/","url_meta":{"origin":2953,"position":2},"title":"V\u00cd\u0164AZ: Tvoj \u010dl\u00e1nok m\u00f4\u017ee pom\u00f4c\u0165 2014","author":"Redakcia","date":"8. decembra 2014","format":false,"excerpt":"S\u00fa\u0165a\u017e Tvoj \u010dl\u00e1nok m\u00f4\u017ee pom\u00f4c\u0165 2014 je uko\u010den\u00e1 a my m\u00e1me n\u00e1\u0161ho v\u00ed\u0165aza. Je n\u00edm Nata\u0161a B\u00f4\u017eikov\u00e1 z SO\u0160 Levice. Ako sme s\u013e\u00fabili, \u010dl\u00e1nok uverej\u0148ujeme a v\u00ed\u0165azke gralujeme.\u00a0 \u00a0 Internet v\u00a0na\u0161om \u017eivote Nata\u0161a B\u00f4\u017eikov\u00e1, II.H, SO\u0160 Levice Svet u\u017e d\u00e1vno nie je bezpe\u010dn\u00e9 miesto. Neuvedomujeme si to, ale technol\u00f3gie, ktor\u00e9\u2026","rel":"","context":"V &quot;S\u00fa\u0165a\u017ee&quot;","block_context":{"text":"S\u00fa\u0165a\u017ee","link":"https:\/\/preventista.sk\/info\/category\/akcie\/sutaze\/"},"img":{"alt_text":"","src":"https:\/\/i0.wp.com\/preventista.sk\/info\/wp-content\/uploads\/2014\/12\/cover.jpg?fit=700%2C400&ssl=1&resize=350%2C200","width":350,"height":200,"srcset":"https:\/\/i0.wp.com\/preventista.sk\/info\/wp-content\/uploads\/2014\/12\/cover.jpg?fit=700%2C400&ssl=1&resize=350%2C200 1x, https:\/\/i0.wp.com\/preventista.sk\/info\/wp-content\/uploads\/2014\/12\/cover.jpg?fit=700%2C400&ssl=1&resize=525%2C300 1.5x, https:\/\/i0.wp.com\/preventista.sk\/info\/wp-content\/uploads\/2014\/12\/cover.jpg?fit=700%2C400&ssl=1&resize=700%2C400 2x"},"classes":[]},{"id":4097,"url":"https:\/\/preventista.sk\/info\/top10-autorov-sutaze-informacna-bezpecnost-ja-a-moja-skola-6\/","url_meta":{"origin":2953,"position":3},"title":"TOP10 autorov s\u00fa\u0165a\u017ee Informa\u010dn\u00e1 bezpe\u010dnos\u0165, ja a moja \u0161kola","author":"Redakcia","date":"2. febru\u00e1ra 2021","format":false,"excerpt":"Simona Talar\u010d\u00edkov\u00e1, Evanjelick\u00e9 gymn\u00e1zium J.Tranovsk\u00e9ho, Liptovsk\u00fd Mikul\u00e1\u0161 Vedomos\u0165 a uvedomelos\u0165 o existencii informa\u010dnej bezpe\u010dnosti by dnes rozhodne nemala nikomu ch\u00fdba\u0165. V\u00e4\u010d\u0161inou ani nech\u00fdba, av\u0161ak na ne\u0161\u0165astie nie ka\u017ed\u00fd jej plnohodnotne ch\u00e1pe, ke\u010f\u017ee pochopite\u013ene aj tento pojem sa formuje s prich\u00e1dzaj\u00facimi nov\u00fdmi IT technol\u00f3giami. Ako iste vieme, informa\u010dn\u00e1 bezpe\u010dnos\u0165 je ve\u013emi\u2026","rel":"","context":"V &quot;S\u00fa\u0165a\u017ee&quot;","block_context":{"text":"S\u00fa\u0165a\u017ee","link":"https:\/\/preventista.sk\/info\/category\/akcie\/sutaze\/"},"img":{"alt_text":"","src":"https:\/\/i0.wp.com\/preventista.sk\/info\/wp-content\/uploads\/2021\/01\/image-2.png?resize=350%2C200&ssl=1","width":350,"height":200},"classes":[]},{"id":79,"url":"https:\/\/preventista.sk\/info\/je-tu-zas-dovolenkova-sezona-zvazujte-co-zverejnite-na-socialnych-sietach\/","url_meta":{"origin":2953,"position":4},"title":"Zas s\u00fa tu dovolenky  &#8211; zva\u017eujte \u010do zverejn\u00edte na soci\u00e1lnych sie\u0165ach a nie len to&#8230;","author":"J. Oster","date":"9. j\u00fana 2016","format":false,"excerpt":"A op\u00e4\u0165 tu m\u00e1me dovolenkov\u00fa sez\u00f3nu - cesty do zahrani\u010dia,\u00a0more, voda, slnko, koktailov\u00e9 poh\u00e1re s\u00a0d\u00e1\u017edni\u010dkami, rados\u0165 oddych.... a\u00a0k\u00a0tomu mobiln\u00e9 telef\u00f3ny, tablety, notebooky. Niekto aby mohol pracova\u0165 k\u00fdm, niekto pre z\u00e1bavu, niekto len tak aby nestratil spojenie so svetom.... rozhodli sme sa aktualizova\u0165 a roz\u0161\u00edri\u0165 \u010dl\u00e1nok publikovan\u00fd pred dvomi rokmi. \u00a0\u2026","rel":"","context":"V &quot;Bezpe\u010dnos\u0165&quot;","block_context":{"text":"Bezpe\u010dnos\u0165","link":"https:\/\/preventista.sk\/info\/category\/itbezp\/"},"img":{"alt_text":"zas su tu dovolenky","src":"https:\/\/i0.wp.com\/preventista.sk\/info\/wp-content\/uploads\/2015\/06\/zas-su-tu-dovolenky.jpg?fit=700%2C400&ssl=1&resize=350%2C200","width":350,"height":200,"srcset":"https:\/\/i0.wp.com\/preventista.sk\/info\/wp-content\/uploads\/2015\/06\/zas-su-tu-dovolenky.jpg?fit=700%2C400&ssl=1&resize=350%2C200 1x, https:\/\/i0.wp.com\/preventista.sk\/info\/wp-content\/uploads\/2015\/06\/zas-su-tu-dovolenky.jpg?fit=700%2C400&ssl=1&resize=525%2C300 1.5x, https:\/\/i0.wp.com\/preventista.sk\/info\/wp-content\/uploads\/2015\/06\/zas-su-tu-dovolenky.jpg?fit=700%2C400&ssl=1&resize=700%2C400 2x"},"classes":[]},{"id":3197,"url":"https:\/\/preventista.sk\/info\/nevinna-fotka-na-socialnej-sieti-sa-moze-zmenit-na-vazny-problem\/","url_meta":{"origin":2953,"position":5},"title":"Nevinn\u00e1 fotka na soci\u00e1lnej sieti sa m\u00f4\u017ee zmeni\u0165 na v\u00e1\u017eny probl\u00e9m","author":"Redakcia","date":"21. marca 2016","format":false,"excerpt":"...\u010fal\u0161\u00ed rozhovor pre redakciu novohrad.sme.sk\u00a0\u00a0 - cel\u00fd \u010dl\u00e1nok preber\u00e1me v plnom znen\u00ed bez redak\u010dn\u00fdch \u00faprav. \u00a0 Gener\u00e1ciu s\u00fa\u010dasnej ml\u00e1de\u017ee naz\u00fdvaj\u00fa odborn\u00edci\u00a0 digit\u00e1lnymi domorodcami. \u201eJe to gener\u00e1cia, ktor\u00e1 od \u00fatleho veku ovl\u00e1da techniku na takej \u00farovni, o\u00a0akej sa jej rodi\u010dom a\u00a0u\u017e v\u00f4bec star\u00fdm rodi\u010dom ani nesn\u00edva,\u201c vysvet\u013euje bezpe\u010dnostn\u00fd \u0161pecialista\u00a0Jaroslav Oster.U\u017e v\u00a0materskej\u2026","rel":"","context":"V &quot;Bezpe\u010dnos\u0165&quot;","block_context":{"text":"Bezpe\u010dnos\u0165","link":"https:\/\/preventista.sk\/info\/category\/itbezp\/"},"img":{"alt_text":"soci fotky","src":"https:\/\/i0.wp.com\/preventista.sk\/info\/wp-content\/uploads\/2016\/03\/soci-fotky.jpg?fit=700%2C400&ssl=1&resize=350%2C200","width":350,"height":200,"srcset":"https:\/\/i0.wp.com\/preventista.sk\/info\/wp-content\/uploads\/2016\/03\/soci-fotky.jpg?fit=700%2C400&ssl=1&resize=350%2C200 1x, https:\/\/i0.wp.com\/preventista.sk\/info\/wp-content\/uploads\/2016\/03\/soci-fotky.jpg?fit=700%2C400&ssl=1&resize=525%2C300 1.5x, https:\/\/i0.wp.com\/preventista.sk\/info\/wp-content\/uploads\/2016\/03\/soci-fotky.jpg?fit=700%2C400&ssl=1&resize=700%2C400 2x"},"classes":[]}],"_links":{"self":[{"href":"https:\/\/preventista.sk\/info\/wp-json\/wp\/v2\/posts\/2953","targetHints":{"allow":["GET"]}}],"collection":[{"href":"https:\/\/preventista.sk\/info\/wp-json\/wp\/v2\/posts"}],"about":[{"href":"https:\/\/preventista.sk\/info\/wp-json\/wp\/v2\/types\/post"}],"author":[{"embeddable":true,"href":"https:\/\/preventista.sk\/info\/wp-json\/wp\/v2\/users\/1"}],"replies":[{"embeddable":true,"href":"https:\/\/preventista.sk\/info\/wp-json\/wp\/v2\/comments?post=2953"}],"version-history":[{"count":5,"href":"https:\/\/preventista.sk\/info\/wp-json\/wp\/v2\/posts\/2953\/revisions"}],"predecessor-version":[{"id":2961,"href":"https:\/\/preventista.sk\/info\/wp-json\/wp\/v2\/posts\/2953\/revisions\/2961"}],"wp:featuredmedia":[{"embeddable":true,"href":"https:\/\/preventista.sk\/info\/wp-json\/wp\/v2\/media\/2955"}],"wp:attachment":[{"href":"https:\/\/preventista.sk\/info\/wp-json\/wp\/v2\/media?parent=2953"}],"wp:term":[{"taxonomy":"category","embeddable":true,"href":"https:\/\/preventista.sk\/info\/wp-json\/wp\/v2\/categories?post=2953"},{"taxonomy":"post_tag","embeddable":true,"href":"https:\/\/preventista.sk\/info\/wp-json\/wp\/v2\/tags?post=2953"}],"curies":[{"name":"wp","href":"https:\/\/api.w.org\/{rel}","templated":true}]}}