{"id":3072,"date":"2016-02-05T08:50:03","date_gmt":"2016-02-05T07:50:03","guid":{"rendered":"http:\/\/preventista.sk\/info\/?p=3072"},"modified":"2016-02-22T09:48:04","modified_gmt":"2016-02-22T08:48:04","slug":"otazky-z-relacie-radio-regina-4-2-2016","status":"publish","type":"post","link":"https:\/\/preventista.sk\/info\/otazky-z-relacie-radio-regina-4-2-2016\/","title":{"rendered":"Ot\u00e1zky z rel\u00e1cie R\u00e1dio Regina 4.2.2016"},"content":{"rendered":"<p>\u010eakujeme za ot\u00e1zky, ktor\u00e9 ste n\u00e1m poslali do rozhlasovej rel\u00e1cie <em>Porad\u00edme vysvetl\u00edme<\/em> vysielanej 4.2.2016 z banskobystrick\u00e9ho \u0161t\u00fadia\u00a0r\u00e1dia Regina. Niektor\u00e9 ot\u00e1zky boli \u010diasto\u010dne zodpovedan\u00e9 priamo v rel\u00e1ci\u00ed, niektor\u00e9 sme nestihli. Aby sme vyhoveli v\u0161etk\u00fdm, hos\u0165 rel\u00e1cie<em> Ing.Jaroslav Oster<\/em> poskytol odpovede na jednotliv\u00e9 ot\u00e1zky aj v p\u00edsomnej forme. \u010eal\u0161ie ot\u00e1zky budeme prid\u00e1va\u0165 postupne ako ich spracujeme.<\/p>\n<p>&nbsp;<\/p>\n<p>z\u00e1znam rel\u00e1cie spr\u00edstupnilo R\u00e1dio Regina na nasledovnom linku:\u00a0\u00a0 <a href=\"https:\/\/www.rtvs.sk\/radio\/archiv\/11223\/377541\">https:\/\/www.rtvs.sk\/radio\/archiv\/11223\/377541<\/a><\/p>\n<p>&nbsp;<\/p>\n<hr \/>\n<p><em>Mysl\u00edte si \u017ee je v \u00fa\u010dastn\u00fdch osnov\u00e1ch predmetu informatika na z\u00e1kladn\u00fdch \u0161kol\u00e1ch dostato\u010dne zahrnut\u00e1 ot\u00e1zka kriminality a prevencie v r\u00e1mci po\u010d\u00edta\u010dovej bezpe\u010dnosti? Nemala by v\u00fduka smerova\u0165 sk\u00f4r k n\u00e1zorn\u00fdm situ\u00e1ci\u00e1m ako sa dan\u00fdm n\u00e1strah\u00e1m internetu tipu Phishing vyhn\u00fa\u0165 a nie ich len definova\u0165?\u00a0\u00a0 <\/em>Marek<\/p>\n<hr \/>\n<p>&nbsp;<\/p>\n<p>S\u00fa\u010dasn\u00e9 zast\u00fapenie t\u00e9m informa\u010dnej bezpe\u010dnosti a rovnako aj nadv\u00e4zuj\u00facich t\u00e9m prevencie IT kriminality pod\u013ea m\u00f4jho n\u00e1zoru nie je dostato\u010dne obsiahnut\u00e9 s obsahu predmetov vyu\u010dovan\u00fdch na z\u00e1kladn\u00fdch, stredn\u00fdch \u0161kol\u00e1ch, gymn\u00e1zi\u00e1ch. Ur\u010dite je v\u0161ak namieste aj polemika o zast\u00fapen\u00ed t\u00fdchto t\u00e9m v obsahu vzdel\u00e1vania na vysok\u00fdch \u0161kol\u00e1ch. Plne s\u00fahlas\u00edm, \u017ee \u00fa\u010dinn\u00e1 forma rozv\u00edjania bezpe\u010dnostn\u00e9ho povedomia by mala by\u0165 spojen\u00e1 aj so z\u00edskavan\u00edm praktick\u00fdch bezpe\u010dnostn\u00fdch n\u00e1vykov a nemala by by\u0165 postaven\u00e1 na v\u00fdhradne na te\u00f3ri\u00ed.<\/p>\n<p>&nbsp;<\/p>\n<p>&nbsp;<\/p>\n<hr \/>\n<p><em>Pod\u013ea mojej skromnej mienky, by bolo treba za\u010da\u0165 s reformou u\u010diva, v tomto pr\u00edpade hlavne na hodin\u00e1ch informatiky. Bohu\u017eial m\u00e1m tak\u00e9 sk\u00fasenosti, \u017ee ludia \u010di u\u017e z\u00edskaj\u00fa maturitu alebo diplom, maj\u00fa nulov\u00e9 znalosti o z\u00e1kladoch IT bezpe\u010dnosti alebo o n\u00e1strah\u00e1ch internetu. Hodiny informatiky patria medzi menej d\u00f4le\u017eit\u00e9 predmety, pritom ve\u013ek\u00e1 \u010das\u0165 lud\u00ed rob\u00ed s internetom a s produktmi IT denno denne. \u0160koly by mali nau\u010di\u0165 deti hlavne na veci ktor\u00e9 v \u017eivote potrebuj\u00fa, \u010di u\u017e je to informa\u010dn\u00e1 bezpe\u010dnost alebo finan\u010dn\u00e1 \u010di pr\u00e1vna gramotnos\u0165. \u010co si o tom mysl\u00edte?\u00a0 <\/em>Patrik<\/p>\n<hr \/>\n<p>&nbsp;<\/p>\n<p>\u00darove\u0148 bezpe\u010dnostn\u00e9ho povedomia rovnako ako aj finan\u010dn\u00e1 \u010di pr\u00e1vna gramotnos\u0165 je \u017eia\u013e na zna\u010dne n\u00edzkej \u00farovni.\u00a0 Dynamick\u00e1 informatiz\u00e1cia, ktorej s\u00fa\u010das\u0165ou bolo aj r\u00fdchle zvy\u0161ovanie tzv.po\u010d\u00edta\u010dovej gramotnosti, dynamick\u00e9 zav\u00e1dzanie nov\u00fdch technol\u00f3gi\u00ed so sebou prinieslo aj rad negat\u00edv a riz\u00edk. Zvy\u0161ovanie informovanosti v oblasti riz\u00edk, met\u00f3d ochrany a \u010fal\u0161\u00edch faktorov raden\u00fdch do spolo\u010dnej t\u00e9my nazvanej informa\u010dn\u00e1 bezpe\u010dnos\u0165 ale v t\u00fdchto procesoch ostalo pozadu. S\u00fahlas\u00edm s n\u00e1zorom, \u017ee je nutn\u00e9 za\u010da\u0165 s reformou cel\u00e9ho syst\u00e9mu vzdel\u00e1vania informatiky s oh\u013eadom na ot\u00e1zky bezpe\u010dnosti. Pri tvorbe koncepcie je v\u0161ak nutn\u00e9 upusti\u0165 od predstavy, \u017ee t\u00e9ma bezpe\u010dnostnej gramotnosti m\u00e1\u00a0 by\u0165 n\u00e1pl\u0148ou v\u00fdhradne informatick\u00fdch predmetov.<\/p>\n<p>&nbsp;<\/p>\n<hr \/>\n<p><em>Od akeho veku je podla Vas vhodna registracia na socialnej sieti napriklad facebook pre deti. Aby sa stali jej aktivnymi uzivatelmi. A je vhodne podla Vas aby dieta do 15 rokov chodilo na pokec. Dakujem<\/em>\u00a0\u00a0 Andrea<\/p>\n<hr \/>\n<p>Registr\u00e1cie na r\u00f4zne soci\u00e1lne siete vzh\u013eadom na vek \u00fa\u010dastn\u00edka s\u00fa vo v\u00e4\u010d\u0161ine pr\u00edpadov ur\u010dovan\u00e9 legislat\u00edvou kraj\u00edn pod\u013ea ktor\u00fdch je dan\u00e1 sie\u0165 prev\u00e1dzkovan\u00e1 (obvykle \u0161t\u00e1t kde s\u00eddli spolo\u010dnos\u0165 prev\u00e1dzkuj\u00faca konkr\u00e9tnu slu\u017ebu). Naj\u010dastej\u0161ie je doln\u00e1 vekov\u00e1 hranica podmie\u0148uj\u00faca registr\u00e1ciu v priamej s\u00favislosti s vekom trestnopr\u00e1vnej zodpovednosti.<\/p>\n<p>Druhou rovinou je ot\u00e1zka akt\u00edvnej \u00fa\u010dasti na platforme, kde sa m\u00f4\u017ee die\u0165a stretn\u00fa\u0165 s radom riz\u00edk, ktor\u00e9 nedok\u00e1\u017ee korektne spracova\u0165 a o\u0161etri\u0165. Nech sa jedn\u00e1 o ak\u00fako\u013evek soci\u00e1lnu sie\u0165, ur\u010dite m\u00e1te aj vlastn\u00fa sk\u00fasenos\u0165, ak\u00e9 diskusie a s ak\u00fdm obsahom s\u00fa tam \u010dasto k videniu.<\/p>\n<p>&nbsp;<\/p>\n<p>&nbsp;<\/p>\n<hr \/>\n<p><em>V poslednej dobe sa mno\u017eia bezpe\u010dnostn\u00e9 incidenty v r\u00f4znych produktoch od webov\u00fdch slu\u017eieb cez routre, aut\u00e1, mobily a webkamery az po peacemakery. Pre \u013eudstvo ako keby bezpecnos\u0165 bola druhorad\u00e1 ke\u010f\u017ee \u010dasto tie chyby s\u00fa ban\u00e1lne a st\u00e1le sa opakuj\u00fa. Lieky a potraviny sa neust\u00e1le kontroluj\u00fa, pod\u013ea v\u00e1s by bola re\u00e1lna podobn\u00e1 kontrola aj pri elektronick\u00fdch produktoch? Ja by som zaviedol aj povinnos\u0165 v r\u00e1mci z\u00e1ru\u010dnej lehoty poskytn\u00fa\u0165 na produkt aj z\u00e1ruku opravy bezpe\u010dnostn\u00fdch ch\u00fdb.\u00a0 <\/em>Patrik<\/p>\n<hr \/>\n<p>Ve\u013emi zauj\u00edmav\u00e1 a zlo\u017eit\u00e1 ot\u00e1zka, ktorej sa v r\u00e1mci \u010fal\u0161ieho v\u00fdvoja legislat\u00edvy ochrany spotrebite\u013ea nevyhneme. S\u00fa\u010dasn\u00fd stav legislat\u00edvy vo v\u00e4\u010d\u0161ine eur\u00f3pskych kraj\u00edn sa zameriava na garanciu prev\u00e1dzkovej spo\u013eahlivosti a garancie technick\u00fdch bezpe\u010dnostn\u00fdch po\u017eiadaviek. Zjednodu\u0161ene povedan\u00e9 ak zariadenie funguje (pln\u00ed deklarovan\u00fd \u00fa\u010del) a nepredstavuje pre \u010dloveka alebo okolie priamy zdroj nebezpe\u010dia je pova\u017eovan\u00e9 za funk\u010dn\u00e9.<\/p>\n<p>Ak v\u0161ak Va\u0161u ot\u00e1zku nasmerujeme na t\u00e9mu informa\u010dnej bezpe\u010dnosti, pos\u00fava sa problematika do \u00faplne inej a zlo\u017eitej\u0161ej roviny najm\u00e4 z poh\u013eadu laick\u00e9ho pou\u017e\u00edvate\u013ea a to najm\u00e4 v rovine preukazovania. Predpoklad\u00e1m, \u017ee v s\u00fa\u010dasnej praxi by podobn\u00fd pr\u00edklad kon\u010dil zamietnut\u00edm reklam\u00e1cie s od\u00f4vodnen\u00edm, \u017ee v\u00fdrobok pln\u00ed funckie s ktor\u00fdmi bol pred\u00e1van\u00fd a popisovan\u00e1 z\u00e1vada sa neprejavila. Obvykl\u00fd slogan v reklama\u010dn\u00fdch konaniach.<\/p>\n<p>&nbsp;<\/p>\n<hr \/>\n<p><em>Je vyu\u017e\u00edvanie free wifi na platby cez internet nebezpe\u010dn\u00e9?\u00a0 <\/em>Anonym<\/p>\n<hr \/>\n<p>&nbsp;<\/p>\n<p>Wifi pripojenie prostredn\u00edctvom nezabezpe\u010den\u00fdch siet\u00ed je v\u017edy rizikov\u00fdm. Nezabezpe\u010den\u00e9 pripojenie m\u00f4\u017ee predstavova\u0165 riziko, \u017ee s\u00fa\u010dasne s Vami je k sieti pripojen\u00fd niekto so z\u00e1merom &#8222;odpo\u010d\u00fava\u0165&#8220; prebiehaj\u00facu komunik\u00e1ciu a tak sa \u00fato\u010dn\u00edk m\u00f4\u017ee dosta\u0165 k ve\u013emi citliv\u00fdm inform\u00e1ci\u00e1m. Napr\u00edklad to m\u00f4\u017ee by\u0165 Va\u0161a komunik\u00e1cia s bankou, \u010di posielanie osobn\u00fdch \u00fadajov, fotografi\u00ed a podobne. Preto vyu\u017e\u00edvanie free wifi pripojen\u00ed na verejn\u00fdch miestach ur\u010dite neodpor\u00fa\u010dame vyu\u017e\u00edva\u0165 na citliv\u00e9 oper\u00e1cie &#8211; ur\u010dite nie na pripojenie k V\u00e1\u0161mu homebankingu.<\/p>\n<p>Viac o t\u00e9me n\u00e1jdete aj v \u010dl\u00e1nkoch:<\/p>\n<p><a href=\"https:\/\/preventista.sk\/info\/je-tu-zas-dovolenkova-sezona-zvazujte-co-zverejnite-na-socialnych-sietach\/\">Zas s\u00fa tu dovolenky, zva\u017eujte \u010do zverejn\u00edte na soci\u00e1lnych sie\u0165ach a nie len to&#8230;.<\/a><\/p>\n<p><a href=\"https:\/\/preventista.sk\/info\/bezpecna-siet-wi-fi\/\">Bezpe\u010dn\u00e1 sie\u0165 WIFI<\/a><\/p>\n<p>&nbsp;<\/p>\n<hr \/>\n<p><em>Posielanie s\u00fakromnej po\u0161ty z pracovn\u00e9ho po\u010d\u00edta\u010da?\u00a0 Odpor\u00fa\u010date?<\/em><\/p>\n<hr \/>\n<p>Tento probl\u00e9m\u00a0 m\u00e1 nieko\u013eko rov\u00edn. V prvom rade si mus\u00edme pripusti\u0165, \u017ee sa jedn\u00e1 o akt\u00edva (po\u010d\u00edta\u010de, softv\u00e9r, energie, pripojenie do internetu), ktor\u00e9 patria a s\u00fa hraden\u00e9 zamestn\u00e1vate\u013eom. Teda on ur\u010duje pravidl\u00e1 ako a na ak\u00e9 \u00fa\u010dely je mo\u017en\u00e9 vyu\u017e\u00edva\u0165 jeho technick\u00e9 vybavenie.<\/p>\n<p>Druhou rovinou je vyu\u017e\u00edvanie slu\u017eobn\u00e9ho e-mailu na s\u00fakromn\u00e9 \u00fa\u010dely. Ak vyu\u017eijete svoj svoju slu\u017eobn\u00fa e-mail adresu v r\u00e1mci r\u00f4znych diskusi\u00ed (\u010do neb\u00fdva ojedinel\u00fd pr\u00edpad) je n\u00e1zor v tejto diskusii V\u00e1\u0161 osobn\u00fd alebo je to ofici\u00e1lny n\u00e1zor V\u00e1s ako zamestnanca t.j. prenesen\u00fd postoj V\u00e1\u0161ho zamestn\u00e1vate\u013ea k t\u00e9me?<\/p>\n<p>Tre\u0165ou rovinou je s\u00fakromie. Zamestn\u00e1vate\u013e pod\u013ea pomerne nov\u00e9ho rozhodnutia Eur\u00f3pskeho s\u00fadu pre \u013eudsk\u00e9 pr\u00e1va zo d\u0148a 12.1.2016 v pr\u00edpade Barbulescu vs.Rumunsko m\u00e1 pr\u00e1vo oboznamova\u0165 sa s komunik\u00e1cou svojich zamestnancov po\u010das pracovn\u00e9ho d\u0148a.\u00a0Toto rozhodnutie vnieslo nov\u00fd rozmer do diskusi\u00ed o pr\u00e1ve kontrolovania komunik\u00e1cie zamestnanca zo strany zamestn\u00e1vate\u013ea.<\/p>\n<p>&nbsp;<\/p>\n<p>&nbsp;<\/p>\n<p>Ak m\u00e1te \u010fal\u0161ie ot\u00e1zky m\u00f4\u017eete vyu\u017ei\u0165 aj na\u0161u porad\u0148u na na tomto <a href=\"https:\/\/preventista.sk\/info\/poradna-2\/\">odkaze<\/a><\/p>\n","protected":false},"excerpt":{"rendered":"<p>\u010eakujeme za ot\u00e1zky, ktor\u00e9 ste n\u00e1m poslali do rozhlasovej rel\u00e1cie Porad\u00edme vysvetl\u00edme vysielanej 4.2.2016 z banskobystrick\u00e9ho \u0161t\u00fadia\u00a0r\u00e1dia Regina. Niektor\u00e9 ot\u00e1zky boli \u010diasto\u010dne zodpovedan\u00e9 priamo v rel\u00e1ci\u00ed, niektor\u00e9 sme nestihli. Aby sme vyhoveli v\u0161etk\u00fdm, hos\u0165 rel\u00e1cie Ing.Jaroslav Oster poskytol odpovede na jednotliv\u00e9 ot\u00e1zky aj v p\u00edsomnej forme. \u010eal\u0161ie ot\u00e1zky budeme prid\u00e1va\u0165 postupne ako ich spracujeme. &nbsp; [&hellip;]<\/p>\n","protected":false},"author":1,"featured_media":3026,"comment_status":"open","ping_status":"open","sticky":false,"template":"","format":"standard","meta":{"jetpack_post_was_ever_published":false,"_jetpack_newsletter_access":"","_jetpack_dont_email_post_to_subs":false,"_jetpack_newsletter_tier_id":0,"_jetpack_memberships_contains_paywalled_content":false,"_jetpack_memberships_contains_paid_content":false,"footnotes":""},"categories":[4],"tags":[32,31,51],"class_list":["post-3072","post","type-post","status-publish","format-standard","has-post-thumbnail","hentry","category-itbezp","tag-bezpecnost","tag-facebook-socialne-siete","tag-prevencia-it-kriminality"],"aioseo_notices":[],"jetpack_featured_media_url":"https:\/\/i0.wp.com\/preventista.sk\/info\/wp-content\/uploads\/2016\/01\/radio.jpg?fit=625%2C469&ssl=1","jetpack_sharing_enabled":true,"jetpack-related-posts":[{"id":3024,"url":"https:\/\/preventista.sk\/info\/rozhlasova-relacia-rtvs-radio-regina\/","url_meta":{"origin":3072,"position":0},"title":"Rozhlasov\u00e1 rel\u00e1cia RTVS R\u00e1dio Regina","author":"J. Oster","date":"22. janu\u00e1ra 2016","format":false,"excerpt":"R\u00e1dio Regina, \u0161t\u00fadio Bansk\u00e1 Bystrica, 4.febru\u00e1ra 2016 so za\u010diatkom o 21:05. V \u0161t\u00fadiu budeme diskutova\u0165 o t\u00e9mach ako po\u010d\u00edta\u010dov\u00e1 kriminalita, prevencia IT kriminality, bezpe\u010dnos\u0165 IT, soci\u00e1lne siete a samozrejme odpoveda\u0165 na ot\u00e1zky. Polo\u017ei\u0165 ot\u00e1zku m\u00e1te mo\u017enos\u0165 u\u017e teraz prostredn\u00edctvom tohto formul\u00e1ra. \u00a0 Na\u010d\u00edtava sa...","rel":"","context":"V &quot;Aktu\u00e1lne&quot;","block_context":{"text":"Aktu\u00e1lne","link":"https:\/\/preventista.sk\/info\/category\/akcie\/aktualne\/"},"img":{"alt_text":"","src":"https:\/\/i0.wp.com\/preventista.sk\/info\/wp-content\/uploads\/2016\/01\/radio.jpg?fit=625%2C469&ssl=1&resize=350%2C200","width":350,"height":200,"srcset":"https:\/\/i0.wp.com\/preventista.sk\/info\/wp-content\/uploads\/2016\/01\/radio.jpg?fit=625%2C469&ssl=1&resize=350%2C200 1x, https:\/\/i0.wp.com\/preventista.sk\/info\/wp-content\/uploads\/2016\/01\/radio.jpg?fit=625%2C469&ssl=1&resize=525%2C300 1.5x"},"classes":[]},{"id":2130,"url":"https:\/\/preventista.sk\/info\/boli-sme-pri-tom-eset-security-days-2014\/","url_meta":{"origin":3072,"position":1},"title":"Boli sme pri tom: ESET Security Days 2014","author":"Redakcia","date":"2. m\u00e1ja 2014","format":false,"excerpt":"D\u0148a 7.4.2014 sa v Bratislave konala konferencia ESET Security Days 2014. Preventista tam samozrejme nemohol ch\u00fdba\u0165. Rie\u0161ili sa ot\u00e1zky digit\u00e1lnej bezpe\u010dnosti a pr\u00e1va, mohli sme hlb\u0161ie nahliadnu\u0165 do mnoh\u00fdch legislat\u00edvnych zmien\u00a0a tie\u017e sme si osvie\u017eili vedomosti o dvojfaktorovej autentifik\u00e1cii a \u0161ifrovan\u00ed. V z\u00e1vere konferencie sme boli svedkami panelovej debaty, ktorej\u2026","rel":"","context":"V &quot;Bezpe\u010dnos\u0165&quot;","block_context":{"text":"Bezpe\u010dnos\u0165","link":"https:\/\/preventista.sk\/info\/category\/itbezp\/"},"img":{"alt_text":"","src":"https:\/\/i0.wp.com\/preventista.sk\/info\/wp-content\/uploads\/2014\/05\/adsf.jpg?fit=690%2C392&ssl=1&resize=350%2C200","width":350,"height":200,"srcset":"https:\/\/i0.wp.com\/preventista.sk\/info\/wp-content\/uploads\/2014\/05\/adsf.jpg?fit=690%2C392&ssl=1&resize=350%2C200 1x, https:\/\/i0.wp.com\/preventista.sk\/info\/wp-content\/uploads\/2014\/05\/adsf.jpg?fit=690%2C392&ssl=1&resize=525%2C300 1.5x"},"classes":[]},{"id":2203,"url":"https:\/\/preventista.sk\/info\/leto-i-jesen-budu-opat-o-prevencii\/","url_meta":{"origin":3072,"position":2},"title":"Leto i jese\u0148 bud\u00fa op\u00e4\u0165 o prevencii","author":"J. Oster","date":"31. j\u00fala 2014","format":false,"excerpt":"Ani po\u010das leta nebudeme ne\u010dinn\u00fd. Okrem \u010dl\u00e1nkov a pr\u00edpravy na jesenn\u00e9 obdobie (o ktorom u\u017e dnes vieme, \u017ee bude n\u00e1ro\u010dn\u00e9) sa z\u00fa\u010dastn\u00edme nieko\u013ek\u00fdch zauj\u00edmav\u00fdch\u00a0aktiv\u00edt. Zameranie ako inak - bezpe\u010dnos\u0165 IT \u00a0a prevencia IT kriminality. Pritom v plnej miere be\u017eia pr\u00edpravy na semin\u00e1re a konferencie, ktor\u00e9 s\u00fa pred nami. \u00a0 Leto\u2026","rel":"","context":"V &quot;Prevencia&quot;","block_context":{"text":"Prevencia","link":"https:\/\/preventista.sk\/info\/category\/prevencia\/"},"img":{"alt_text":"Preventista na jese\u0148","src":"https:\/\/i0.wp.com\/preventista.sk\/info\/wp-content\/uploads\/2014\/07\/jesenprevi.jpg?fit=700%2C400&ssl=1&resize=350%2C200","width":350,"height":200,"srcset":"https:\/\/i0.wp.com\/preventista.sk\/info\/wp-content\/uploads\/2014\/07\/jesenprevi.jpg?fit=700%2C400&ssl=1&resize=350%2C200 1x, https:\/\/i0.wp.com\/preventista.sk\/info\/wp-content\/uploads\/2014\/07\/jesenprevi.jpg?fit=700%2C400&ssl=1&resize=525%2C300 1.5x, https:\/\/i0.wp.com\/preventista.sk\/info\/wp-content\/uploads\/2014\/07\/jesenprevi.jpg?fit=700%2C400&ssl=1&resize=700%2C400 2x"},"classes":[]},{"id":3968,"url":"https:\/\/preventista.sk\/info\/top10-autorov-sutaze-informacna-bezpecnost-ja-a-moja-skola\/","url_meta":{"origin":3072,"position":3},"title":"TOP10 autorov s\u00fa\u0165a\u017ee Informa\u010dn\u00e1 bezpe\u010dnos\u0165, ja a moja \u0161kola\u00a0","author":"Redakcia","date":"16. decembra 2020","format":false,"excerpt":"Simona Talar\u010d\u00edkov\u00e1\u00a0 Evanjelick\u00e9 gymn\u00e1zium Juraja Tranovsk\u00e9ho Liptovsk\u00fd Mikul\u00e1\u0161 U\u017e od za\u010diatku \u0161t\u00fadia na strednej \u0161kole sa mnoh\u00ed \u0161tudenti vr\u00e1tane m\u0148a za\u010dali stret\u00e1va\u0165 s pojmom ,,informa\u010dn\u00e1 bezpe\u010dnos\u0165\u201c. Av\u0161ak st\u00e1le niektor\u00fdm z n\u00e1s rob\u00ed celkom probl\u00e9m vysvetli\u0165, \u010do to informa\u010dn\u00e1 bezpe\u010dnos\u0165 je a \u010do v\u0161etko zah\u0155\u0148a.\u00a0 V \u00faplnej podstate by sme mali\u2026","rel":"","context":"V &quot;S\u00fa\u0165a\u017ee&quot;","block_context":{"text":"S\u00fa\u0165a\u017ee","link":"https:\/\/preventista.sk\/info\/category\/akcie\/sutaze\/"},"img":{"alt_text":"","src":"https:\/\/i0.wp.com\/preventista.sk\/info\/wp-content\/uploads\/2020\/11\/s%C3%BAta%C5%BE-Report%C3%A9r-mini.png?resize=350%2C200","width":350,"height":200},"classes":[]},{"id":1027,"url":"https:\/\/preventista.sk\/info\/3-najcastejsie-otazky\/","url_meta":{"origin":3072,"position":4},"title":"3 naj\u010dastej\u0161ie ?","author":"J. Oster","date":"7. augusta 2013","format":false,"excerpt":"K t\u00e9me soci\u00e1lnych siet\u00ed a ich zneu\u017e\u00edvania na r\u00f4zne \u010dinnosti, ktor\u00e9 s\u00fa kvalifikovate\u013en\u00e9 ako protispolo\u010densk\u00e9, nemor\u00e1lne, \u010di dokonca trestn\u00e9 odznelo p\u00e1r zauj\u00edmav\u00fdch my\u0161lienok a ot\u00e1zok v r\u00e1mci besied realizovan\u00fdch v\u00a0predo\u0161lom odbob\u00ed na \u0161kol\u00e1ch - a to nie len od \u0161tudentov, ale aj z radov pedag\u00f3gov. Soci\u00e1lne siete s\u00fa dnes vyu\u017e\u00edvan\u00e9\u2026","rel":"","context":"V &quot;IT kriminalita&quot;","block_context":{"text":"IT kriminalita","link":"https:\/\/preventista.sk\/info\/category\/prevencia\/itkrim\/"},"img":{"alt_text":"question","src":"https:\/\/i0.wp.com\/preventista.sk\/info\/wp-content\/uploads\/2013\/08\/otazka.jpg?fit=700%2C400&ssl=1&resize=350%2C200","width":350,"height":200,"srcset":"https:\/\/i0.wp.com\/preventista.sk\/info\/wp-content\/uploads\/2013\/08\/otazka.jpg?fit=700%2C400&ssl=1&resize=350%2C200 1x, https:\/\/i0.wp.com\/preventista.sk\/info\/wp-content\/uploads\/2013\/08\/otazka.jpg?fit=700%2C400&ssl=1&resize=525%2C300 1.5x, https:\/\/i0.wp.com\/preventista.sk\/info\/wp-content\/uploads\/2013\/08\/otazka.jpg?fit=700%2C400&ssl=1&resize=700%2C400 2x"},"classes":[]},{"id":5816,"url":"https:\/\/preventista.sk\/info\/tretia-cast-ucebnice-pre-stredne-skoly\/","url_meta":{"origin":3072,"position":5},"title":"Tretia \u010das\u0165 u\u010debnice pre stredn\u00e9 \u0161koly","author":"Redakcia","date":"22. apr\u00edla 2024","format":false,"excerpt":"Tretia \u010das\u0165 U\u010debnice informa\u010dnej bezpe\u010dnosti pre stredn\u00e9 odborn\u00e9 \u0161koly a\u00a0gymn\u00e1zi\u00e1 uzrela svetlo sveta a tak sa uzavrela pl\u00e1novan\u00e1 trojica u\u010debn\u00edc, ktor\u00e9 sme mali v OZ Preventista - zdru\u017eenie pre bezpe\u010dnos\u0165 a prevenciu napl\u00e1novan\u00e9. Prv\u00e9 dve u\u010debnice na\u0161li svoje miesto v slovenskom \u0161kolstve - dnes ich vyu\u017e\u00edva viac ako 300 slovensk\u00fdch\u2026","rel":"","context":"V &quot;Aktu\u00e1lne&quot;","block_context":{"text":"Aktu\u00e1lne","link":"https:\/\/preventista.sk\/info\/category\/akcie\/aktualne\/"},"img":{"alt_text":"","src":"https:\/\/i0.wp.com\/preventista.sk\/info\/wp-content\/uploads\/2024\/03\/image-4.png?resize=350%2C200&ssl=1","width":350,"height":200,"srcset":"https:\/\/i0.wp.com\/preventista.sk\/info\/wp-content\/uploads\/2024\/03\/image-4.png?resize=350%2C200&ssl=1 1x, https:\/\/i0.wp.com\/preventista.sk\/info\/wp-content\/uploads\/2024\/03\/image-4.png?resize=525%2C300&ssl=1 1.5x, https:\/\/i0.wp.com\/preventista.sk\/info\/wp-content\/uploads\/2024\/03\/image-4.png?resize=700%2C400&ssl=1 2x"},"classes":[]}],"_links":{"self":[{"href":"https:\/\/preventista.sk\/info\/wp-json\/wp\/v2\/posts\/3072","targetHints":{"allow":["GET"]}}],"collection":[{"href":"https:\/\/preventista.sk\/info\/wp-json\/wp\/v2\/posts"}],"about":[{"href":"https:\/\/preventista.sk\/info\/wp-json\/wp\/v2\/types\/post"}],"author":[{"embeddable":true,"href":"https:\/\/preventista.sk\/info\/wp-json\/wp\/v2\/users\/1"}],"replies":[{"embeddable":true,"href":"https:\/\/preventista.sk\/info\/wp-json\/wp\/v2\/comments?post=3072"}],"version-history":[{"count":13,"href":"https:\/\/preventista.sk\/info\/wp-json\/wp\/v2\/posts\/3072\/revisions"}],"predecessor-version":[{"id":3135,"href":"https:\/\/preventista.sk\/info\/wp-json\/wp\/v2\/posts\/3072\/revisions\/3135"}],"wp:featuredmedia":[{"embeddable":true,"href":"https:\/\/preventista.sk\/info\/wp-json\/wp\/v2\/media\/3026"}],"wp:attachment":[{"href":"https:\/\/preventista.sk\/info\/wp-json\/wp\/v2\/media?parent=3072"}],"wp:term":[{"taxonomy":"category","embeddable":true,"href":"https:\/\/preventista.sk\/info\/wp-json\/wp\/v2\/categories?post=3072"},{"taxonomy":"post_tag","embeddable":true,"href":"https:\/\/preventista.sk\/info\/wp-json\/wp\/v2\/tags?post=3072"}],"curies":[{"name":"wp","href":"https:\/\/api.w.org\/{rel}","templated":true}]}}