{"id":3139,"date":"2016-03-02T11:19:52","date_gmt":"2016-03-02T10:19:52","guid":{"rendered":"http:\/\/preventista.sk\/info\/?p=3139"},"modified":"2016-03-12T15:35:59","modified_gmt":"2016-03-12T14:35:59","slug":"nespravajme-sa-v-digitalnom-svete-inak-ako-v-tom-realnom","status":"publish","type":"post","link":"https:\/\/preventista.sk\/info\/nespravajme-sa-v-digitalnom-svete-inak-ako-v-tom-realnom\/","title":{"rendered":"Nespr\u00e1vajme sa v digit\u00e1lnom svete inak, ako v tom re\u00e1lnom"},"content":{"rendered":"<p>&#8230; \u010fal\u0161\u00ed rozhovor tentokr\u00e1t pre redakciu elektronick\u00e9ho port\u00e1lu LC<strong>info.sk<\/strong>, cel\u00fd \u010dl\u00e1nok preber\u00e1me v plnom znen\u00ed bez redak\u010dn\u00fdch \u00faprav<\/p>\n<hr \/>\n<p>&nbsp;<\/p>\n<p>U\u017e dva a\u00a0pol roka v\u00a0Lu\u010denci funguje ob\u010dianske zdru\u017eenie <em>(OZ) Preventista \u2013 zdru\u017eenie pre bezpe\u010dnos\u0165 a\u00a0prevenciu<\/em>, ktor\u00e9 za\u010diatkom febru\u00e1ra dosiahlo \u010fal\u0161\u00ed v\u00fdznamn\u00fd \u00faspech.<strong> Rada vl\u00e1dy Slovenskej republiky pre prevenciu kriminality ocenila zdru\u017eenie druh\u00fdm miestom v\u00a0n\u00e1rodnom kole s\u00fa\u0165a\u017ee EUCPN (Eur\u00f3pska sie\u0165 na predch\u00e1dzanie trestnej \u010dinnosti) v\u00a0oblasti prevencie po\u010d\u00edta\u010dovej kriminality.<\/strong><\/p>\n<p>\u010clenovia OZ sa zameriavaj\u00fa najm\u00e4 na zvy\u0161ovanie bezpe\u010dnostn\u00e9ho povedomia \u0161tudentov, pedag\u00f3gov ale aj \u0161irokej laickej i\u00a0odbornej verejnosti. Vydali\u00a0dve publik\u00e1cie, ktor\u00e9 dnes u\u017e patria k odpor\u00fa\u010danej literat\u00fare niektor\u00fdch vysok\u00fdch \u0161k\u00f4l.<\/p>\n<p>Po\u010das nasleduj\u00facich t\u00fd\u017ed\u0148ov v\u00e1m prinesieme zauj\u00edmav\u00e9 a\u00a0u\u017eito\u010dn\u00e9 inform\u00e1cie t\u00fdkaj\u00face sa digit\u00e1lneho sveta. V\u00a0prvom \u010dl\u00e1nku sme sa s predsedom OZ\u00a0Jaroslavom Osterom, ktor\u00fd spolupracuje s\u00a0pol\u00edciou ako s\u00fadny znalec, porozpr\u00e1vali na t\u00e9mu, ktor\u00e1 sa t\u00fdka v\u00e4\u010d\u0161iny \u013eud\u00ed \u2013 soci\u00e1lna sie\u0165 Facebook.<\/p>\n<p><strong>Facebook je v\u00a0s\u00fa\u010dasnosti najroz\u0161\u00edrenej\u0161ia a\u00a0najpou\u017e\u00edvanej\u0161ia soci\u00e1lna sie\u0165, ktor\u00e1 sa pre mnoh\u00fdch stala centrom ich digit\u00e1lneho \u017eivota. Ako je to s\u00a0bezpe\u010dnos\u0165ou na Facebooku?<\/strong><\/p>\n<p><em>\u201eV\u00e4\u010d\u0161ina soci\u00e1lnych siet\u00ed, medzi nimi aj Facebook, od svojho vzniku pre\u0161la nieko\u013ek\u00fdmi z\u00e1sadn\u00fdmi zmenami. V\u00a0prvej etape neboli akceptovan\u00e9 \u017eiadne z\u00e1kladn\u00e9 princ\u00edpy bezpe\u010dnosti, tie prib\u00fadali len postupne \u010dasto pod tlakom verejnej mienky. \u010eal\u0161ie etapy znamenali posun k\u00a0bezpe\u010dnosti postupn\u00fdm zav\u00e1dzan\u00edm r\u00f4znych mechanizmov a princ\u00edpov. Technick\u00e9 opatrenia ale nerie\u0161ia ten najd\u00f4le\u017eitej\u0161\u00ed a najproblematickej\u0161\u00ed prvok \u2013 vlastn\u00fa zodpovednos\u0165 pou\u017e\u00edvate\u013eov.\u201c<\/em><\/p>\n<p><strong>\u010co to znamen\u00e1?<\/strong><\/p>\n<p><em>\u201e\u013dudia sa v\u00a0digit\u00e1lnom svete oproti tomu re\u00e1lnemu \u010dasto spr\u00e1vaj\u00fa iracion\u00e1lne. Jedn\u00fdm z\u00a0nosn\u00fdch atrib\u00fatov tohto spr\u00e1vania je pocit anonymity. Po\u017e\u00edvatelia cielene manipuluj\u00fa a zneu\u017e\u00edvaj\u00fa tento pocit. Pritom si\u00a0neuvedomuj\u00fa si, \u017ee anonymita na internete je len il\u00fazia.\u201c<\/em><\/p>\n<p><strong>S\u00a0t\u00fdm s\u00favis\u00ed jeden z\u00a0najz\u00e1va\u017enej\u0161\u00edch probl\u00e9mov Faceboku a\u00a0in\u00fdch soci\u00e1lnych siet\u00ed. Zverej\u0148ovanie osobn\u00fdch \u00fadajov.<\/strong><\/p>\n<p><em>\u201e\u00c1no. Zverej\u0148ovanie osobn\u00fdch \u00fadajov je riziko a\u00a0to najm\u00e4 v\u00a0pr\u00edpade, ak s\u00fa inform\u00e1cie verejne pr\u00edstupn\u00e9. Tieto d\u00e1ta sa m\u00f4\u017eu pou\u017ei\u0165 na zalo\u017eenie falo\u0161n\u00e9ho profilu za \u00fa\u010delom u\u0161kodi\u0165 alebo manipulova\u0165. Probl\u00e9mom je aj takzvan\u00e9 zverej\u0148ovanie zvyklost\u00ed.\u201c<\/em><\/p>\n<p><strong>O\u00a0\u010do ide?<\/strong><\/p>\n<p><em>\u201e\u013dudia informuj\u00fa o\u00a0tom, \u010do v\u00a0danom \u010dase robia. Ak na verejnom profile uverejn\u00edm, \u017ee sa budem niekde nach\u00e1dza\u0165, je to riziko. Polo\u017eme si ot\u00e1zku, kto\u00a0re\u00e1lnom svete chod\u00ed po ulici s\u00a0n\u00e1pisom na chrbte, \u017ee v pondelok cestuje do Chorv\u00e1tska? Ak\u00e1ko\u013evek inform\u00e1cia, \u010di ide o\u00a0status alebo\u00a0fotku, za\u010dne po uverejnen\u00ed na internete \u017ei\u0165 vlastn\u00fdm \u017eivotom. Nedok\u00e1\u017eeme monitorova\u0165, kto inform\u00e1ciu pou\u017eije alebo posunie. T\u00ed, ktor\u00ed oponuj\u00fa, \u017ee informuj\u00fa len uzavret\u00fd kruh priate\u013eov si neuvedomuj\u00fa, \u017ee niekto z ich priate\u013eov m\u00f4\u017ee inou cestou, napr\u00edklad prostredn\u00edctvom verejne pr\u00edstupn\u00e9ho profilu, t\u00fato inform\u00e1ciu roz\u0161\u00edri\u0165 jednoduch\u00fdm oznamom \u201eakcia pad\u00e1, lebo \u010euro Ve\u013ek\u00fd ide v\u00a0pondelok na dovolenku do Chorv\u00e1tska\u201c. Potenci\u00e1lny p\u00e1chate\u013e tak z\u00edskava inform\u00e1ciu, kedy bude v\u00e1\u0161 byt pr\u00e1zdny a\u00a0ke\u010f uverejn\u00edte fotografie z\u00a0miesta dovolenky, m\u00e1 istotu, \u017ee ste mimo.\u201c<\/em><\/p>\n<p><strong>Ako bezpe\u010dnostn\u00fd konzultant ste museli rie\u0161i\u0165 aj konkr\u00e9tne pr\u00edpady. \u010coho sa t\u00fdkali najviac?<\/strong><\/p>\n<p><em>\u201eVe\u013emi \u010dast\u00e9 s\u00fa pr\u00edpady zneu\u017e\u00edvania internetu na r\u00f4zne formy takzvanej kyber\u0161ikany. Od ohov\u00e1rania v\u00a0statusoch, cez \u00fapravu fotografi\u00ed, a\u017e po vyhr\u00e1\u017eanie a zverej\u0148ovanie int\u00edmnych fotografi\u00ed. Treba pripomen\u00fa\u0165, \u017ee to nie je len z\u00e1le\u017eitos\u0165 ml\u00e1de\u017ee. K\u00fdm probl\u00e9my t\u00fdkaj\u00face sa det\u00ed \u010dasto r\u00fdchlo vy\u0161umia, vo svete dospel\u00fdch som bol svedkom v\u00e1\u017enych soci\u00e1lnych dopadov ako napr\u00edklad straty zamestnania \u010di vydierania v\u00a0d\u00f4sledku zverejnenia int\u00edmnych fotografi\u00ed.\u201c<\/em><\/p>\n<p><strong>D\u00e1 sa za nebezpe\u010dn\u00fd pova\u017eova\u0165 aj oby\u010dajn\u00fd status na Facebooku?<\/strong><\/p>\n<p><em>\u201ePokia\u013e ide o\u00a0nie\u010do citliv\u00e9, tak svoj\u00edm sp\u00f4sobom \u00e1no. Jedn\u00fdm z\u00a0pr\u00edkladov riz\u00edk je obsah statusu mlad\u00fdch absolventov \u0161k\u00f4l, ktor\u00ed si h\u013eadaj\u00fa pr\u00e1cu. Viac ako 70 percent personalistov v\u00a0r\u00f4znych eur\u00f3pskych prieskumoch priznalo, \u017ee sleduj\u00fa digit\u00e1lnu stopu uch\u00e1dza\u010dov o zamestnanie. Ako sa asi rozhodne personalista, ke\u010f sa pozrie na profil pln\u00fd vulgarizmov, obsc\u00e9nnost\u00ed, rasistick\u00fdch n\u00e1zorov \u010di mno\u017estva opileck\u00fdch fotiek?\u201c<\/em><\/p>\n<p><strong>Je tak\u00fdto prechod do re\u00e1lneho sveta be\u017en\u00fd?<\/strong><\/p>\n<p><em>\u201ePrepojenos\u0165 digit\u00e1lneho a\u00a0re\u00e1lneho sveta je dnes samozrejmos\u0165ou. Stretol som sa s\u00a0mnoh\u00fdmi pr\u00edpadmi, kedy ohrdnut\u00fd priate\u013e zverejnil int\u00edmne fotky s\u00a0kontaktn\u00fdmi \u00fadajmi ako inzer\u00e1t so sexu\u00e1lnym podt\u00f3nom. V\u00fdsledkom bol dennodenn\u00fd \u00fatok telefon\u00e1tov a\u00a0SMS spr\u00e1v zo strany z\u00e1ujemcov o\u00a0tak\u00e9 slu\u017eby. Predstavte si, \u017ee v\u00e1m denne zavol\u00e1 30 \u013eud\u00ed a\u00a0\u017eiadaj\u00fa od v\u00e1s sexu\u00e1lne slu\u017eby. Ob\u0165a\u017eovanie je pritom ten lep\u0161\u00ed pr\u00edpad. Akon\u00e1hle sa t\u00e1to inform\u00e1cia dostane do bl\u00edzkeho okolia, nesk\u00fasen\u00ed \u013eudia ju m\u00f4\u017eu pova\u017eova\u0165 za pravdiv\u00fa. V\u00fdsledok takejto diskusie m\u00f4\u017ee negat\u00edvne pozna\u010di\u0165 s\u00fakromn\u00fd \u017eivot.\u201c<\/em><\/p>\n<p><strong>V\u00a0diskusi\u00e1ch sa \u013eudia zvykn\u00fa oh\u00e1\u0148a\u0165 slovami \u201em\u00e1m tvoju IP adresu a\u00a0zist\u00edm, kde b\u00fdva\u0161\u201c. Je mo\u017en\u00e9 vystopova\u0165 \u010dloveka pod\u013ea IP adresy?<\/strong><\/p>\n<p><em>\u201eLaik nem\u00e1 mo\u017enosti najm\u00e4 pr\u00e1vne z\u00edska\u0165 dostato\u010dn\u00e9 spektrum inform\u00e1ci\u00ed pre jednozna\u010dn\u00fa identifik\u00e1ciu, no to neznamen\u00e1, \u017ee je to nemo\u017en\u00e9. Soci\u00e1lne siete nech\u00e1vaj\u00fa priestor na slobodu slova. Ak v\u0161ak u\u017e\u00edvate\u013e prekro\u010d\u00ed hranice z\u00e1kona, jedn\u00fdm z\u00a0mo\u017en\u00fdch d\u00f4sledkov je likvid\u00e1cia profilu. V\u00a0pr\u00edpade v\u00fdrazn\u00e9ho poru\u0161enia m\u00f4\u017ee prev\u00e1dzkovate\u013e siete poskytn\u00fa\u0165 s\u00fa\u010dinnos\u0165 pri vy\u0161etrovan\u00ed a IP adresa je jeden z\u00a0nosn\u00fdch prvkov, ktor\u00e9 sa pou\u017e\u00edvaj\u00fa pri identifik\u00e1cii.\u201c<\/em><\/p>\n<p><strong>\u010cas\u0165ou t\u00e9mou v\u00a0s\u00favislosti s\u00a0Facebookom je aj zhroma\u017e\u010fovanie \u00fadajov. M\u00e1m sa ako u\u017e\u00edvate\u013e ob\u00e1va\u0165, \u017ee moje s\u00fakromie m\u00f4\u017ee niekto zneu\u017ei\u0165?<\/strong><\/p>\n<p><em>\u201eModely soci\u00e1lneho spr\u00e1vania u\u017e\u00edvate\u013eov sa pou\u017e\u00edvaj\u00fa najm\u00e4 na marketingov\u00e9 \u00fa\u010dely. Ur\u010dite ste sa s\u00a0t\u00fdm u\u017e stretli. Na chalupe v\u00e1s tr\u00e1pi stojat\u00e1 voda a tak\u00a0nav\u0161t\u00edvite nieko\u013eko str\u00e1nok s\u00a0\u010derpadlami.\u00a0Ke\u010f potom nav\u0161t\u00edvite in\u00e9 str\u00e1nky, za\u010dne sa v\u00e1m pods\u00fava\u0165 kontextov\u00e1 reklama na \u010derpadl\u00e1.\u201c<\/em><\/p>\n<p><strong>M\u00f4\u017ee sa sta\u0165, \u017ee sa osobn\u00e9 inform\u00e1cie zneu\u017eij\u00fa aj na nie\u010do in\u00e9 ako marketing? V niektor\u00fdch \u010dl\u00e1nkoch na internete sa tvrd\u00ed, \u017ee Facebook uchov\u00e1va aj s\u00fakromn\u00e9 konverz\u00e1cie.<\/strong><\/p>\n<p><em>\u201eV\u00e4\u010d\u0161inou je to predmetom kon\u0161pira\u010dn\u00fdch te\u00f3ri\u00ed, av\u0161ak \u010do plat\u00ed dnes, nemus\u00ed plati\u0165 zajtra. Nevieme predpoveda\u0165, ako sa vyvinie vyu\u017e\u00edvanie d\u00e1t, ktor\u00e9 pou\u017e\u00edvatelia, podot\u00fdkam dobrovo\u013ene, poskytli. Prev\u00e1dzkovatelia soci\u00e1lnych siet\u00ed maj\u00fa tendenciu h\u013eada\u0165 kompromisy medzi svojimi komer\u010dn\u00fdmi po\u017eiadavkami a\u00a0legislat\u00edvou. Nechcem, aby to vyznelo ako obhajoba, no ka\u017ed\u00fd u\u017e\u00edvate\u013e sa m\u00f4\u017ee rozhodn\u00fa\u0165. Ak nes\u00fahlas\u00edte s\u00a0podmienkami siete, m\u00e1te mo\u017enos\u0165 ju opusti\u0165. Probl\u00e9mom v\u0161ak je, \u017ee mnoh\u00ed obchodn\u00e9 podmienky pri registr\u00e1cii ne\u010d\u00edtaj\u00fa.\u201c<\/em><\/p>\n<p><strong>\u010co by ste u\u017e\u00edvate\u013eom Facebooku odporu\u010dili?<\/strong><\/p>\n<p><em>\u201eRiadim sa z\u00e1kladnou my\u0161lienkou \u2013 nespr\u00e1vajme sa v\u00a0digit\u00e1lnom svete inak, ako v\u00a0tom re\u00e1lnom. Asi nikto z\u00a0n\u00e1s by si pred dom nevyvesil inform\u00e1cie \u010di fotky, ktor\u00e9 dnes mnoh\u00ed zverej\u0148uj\u00fa na soci\u00e1lnej sieti. Ka\u017ed\u00fd krok v\u00a0digit\u00e1lnom svete treba dobre zv\u00e1\u017ei\u0165, lebo je principi\u00e1lne nevratn\u00fd.\u201c<\/em><\/p>\n<p>&nbsp;<\/p>\n<p><strong>Zdroj:<\/strong>\u00a0\u00a0 <a href=\"http:\/\/lcinfo.sk\/8411-2\/\">http:\/\/lcinfo.sk\/8411-2\/<\/a><\/p>\n<p><b>Rozhovor pre redakciu LCinfo.sk poskytol<\/b>:<\/p>\n<p>Jaroslav Oster, predseda spr\u00e1vnej rady <em>OZ Preventista &#8211; zdru\u017eenie pre bezpe\u010dnos\u0165 a prevenciu<\/em><\/p>\n<p>&nbsp;<\/p>\n","protected":false},"excerpt":{"rendered":"<p>&#8230; \u010fal\u0161\u00ed rozhovor tentokr\u00e1t pre redakciu elektronick\u00e9ho port\u00e1lu LCinfo.sk, cel\u00fd \u010dl\u00e1nok preber\u00e1me v plnom znen\u00ed bez redak\u010dn\u00fdch \u00faprav &nbsp; U\u017e dva a\u00a0pol roka v\u00a0Lu\u010denci funguje ob\u010dianske zdru\u017eenie (OZ) Preventista \u2013 zdru\u017eenie pre bezpe\u010dnos\u0165 a\u00a0prevenciu, ktor\u00e9 za\u010diatkom febru\u00e1ra dosiahlo \u010fal\u0161\u00ed v\u00fdznamn\u00fd \u00faspech. Rada vl\u00e1dy Slovenskej republiky pre prevenciu kriminality ocenila zdru\u017eenie druh\u00fdm miestom v\u00a0n\u00e1rodnom kole s\u00fa\u0165a\u017ee [&hellip;]<\/p>\n","protected":false},"author":1,"featured_media":3152,"comment_status":"open","ping_status":"open","sticky":false,"template":"","format":"standard","meta":{"jetpack_post_was_ever_published":false,"_jetpack_newsletter_access":"","_jetpack_dont_email_post_to_subs":false,"_jetpack_newsletter_tier_id":0,"_jetpack_memberships_contains_paywalled_content":false,"_jetpack_memberships_contains_paid_content":false,"footnotes":""},"categories":[4],"tags":[32,31,38],"class_list":["post-3139","post","type-post","status-publish","format-standard","has-post-thumbnail","hentry","category-itbezp","tag-bezpecnost","tag-facebook-socialne-siete","tag-socialne-siete"],"aioseo_notices":[],"jetpack_featured_media_url":"https:\/\/i0.wp.com\/preventista.sk\/info\/wp-content\/uploads\/2016\/02\/ako-je-to-s-bezpecnostou-na-facebooku.jpg?fit=700%2C400&ssl=1","jetpack_sharing_enabled":true,"jetpack-related-posts":[{"id":2055,"url":"https:\/\/preventista.sk\/info\/ocenienie-najzodpovednejsi-preventista\/","url_meta":{"origin":3139,"position":0},"title":"Ocenenie: Najzodpovednej\u0161\u00ed Preventista","author":"J. Oster","date":"11. febru\u00e1ra 2014","format":false,"excerpt":"Ob\u010dianske zdru\u017eenie Preventista - zdru\u017eenie pre bezpe\u010dnos\u0165 a prevenciu z\u00edskalo Zlat\u00e9 ocenenie v kateg\u00f3rii Preventisti Ocenenie je ude\u013eovan\u00e9 ka\u017edoro\u010dne v r\u00e1mci projektu Zodpovedne.sk\u00a0Spomedzi 128 tohoro\u010dn\u00fdch prihl\u00e1sen\u00fdch projektov boli vybran\u00e9 tie najlep\u0161ie, ktor\u00e9 z\u00edskali titul najzodpovednej\u0161\u00ed. Medzi v\u00ed\u0165azmi s\u00fa ocenen\u00ed preventisti, pol\u00edcia, kni\u017enice, mest\u00e1, \u0161koly a \u017eiaci. \u00a0 \u201eInternet je neodmyslite\u013enou\u2026","rel":"","context":"V &quot;Ocenenia&quot;","block_context":{"text":"Ocenenia","link":"https:\/\/preventista.sk\/info\/category\/onas\/ocenenia\/"},"img":{"alt_text":"","src":"https:\/\/i0.wp.com\/preventista.sk\/info\/wp-content\/uploads\/2014\/02\/Ocenenie2.jpg?fit=700%2C400&ssl=1&resize=350%2C200","width":350,"height":200,"srcset":"https:\/\/i0.wp.com\/preventista.sk\/info\/wp-content\/uploads\/2014\/02\/Ocenenie2.jpg?fit=700%2C400&ssl=1&resize=350%2C200 1x, https:\/\/i0.wp.com\/preventista.sk\/info\/wp-content\/uploads\/2014\/02\/Ocenenie2.jpg?fit=700%2C400&ssl=1&resize=525%2C300 1.5x, https:\/\/i0.wp.com\/preventista.sk\/info\/wp-content\/uploads\/2014\/02\/Ocenenie2.jpg?fit=700%2C400&ssl=1&resize=700%2C400 2x"},"classes":[]},{"id":3703,"url":"https:\/\/preventista.sk\/info\/prieskum-2020-vzdelavanie-v-oblasti-bezpecnosti-it-a-prevencia-it-kriminality\/","url_meta":{"origin":3139,"position":1},"title":"PRIESKUM 2020: Vzdel\u00e1vanie v oblasti bezpe\u010dnosti IT a prevencia IT kriminality&#8230;.","author":"Redakcia","date":"4. marca 2020","format":false,"excerpt":"V\u00e1\u017een\u00ed pedag\u00f3govia. V r\u00e1mci na\u0161i aktiv\u00edt a predn\u00e1\u0161ok k t\u00e9mam vzdel\u00e1vanie IT bezpe\u010dnosti a prevencie IT kriminality \u0161tandardne stret\u00e1vate porovn\u00e1vacie prieskumy zameran\u00e9 na identifik\u00e1ciu v\u00fdvoja tejto problematiky z dlhodob\u00e9ho h\u013eadiska. Zistenia prezentovan\u00e9 v r\u00e1mci semin\u00e1rov s\u00fa v\u017edy predmetom zauj\u00edmavej diskusie. \u010cerp\u00e1me zo sk\u00fasenost\u00ed zo spolupr\u00e1ce so \u0161kolami i u\u010dite\u013emi ako\u2026","rel":"","context":"V &quot;Prieskumy&quot;","block_context":{"text":"Prieskumy","link":"https:\/\/preventista.sk\/info\/category\/skusenosti\/prieskumy\/"},"img":{"alt_text":"prieskum","src":"https:\/\/i0.wp.com\/preventista.sk\/info\/wp-content\/uploads\/2012\/05\/Prieskum.jpg?fit=700%2C400&ssl=1&resize=350%2C200","width":350,"height":200,"srcset":"https:\/\/i0.wp.com\/preventista.sk\/info\/wp-content\/uploads\/2012\/05\/Prieskum.jpg?fit=700%2C400&ssl=1&resize=350%2C200 1x, https:\/\/i0.wp.com\/preventista.sk\/info\/wp-content\/uploads\/2012\/05\/Prieskum.jpg?fit=700%2C400&ssl=1&resize=525%2C300 1.5x, https:\/\/i0.wp.com\/preventista.sk\/info\/wp-content\/uploads\/2012\/05\/Prieskum.jpg?fit=700%2C400&ssl=1&resize=700%2C400 2x"},"classes":[]},{"id":5726,"url":"https:\/\/preventista.sk\/info\/novy-projekt-kniznica-pracovnych-listov\/","url_meta":{"origin":3139,"position":2},"title":"Nov\u00fd projekt &#8211; kni\u017enica pracovn\u00fdch listov","author":"Redakcia","date":"5. marca 2024","format":false,"excerpt":"V r\u00e1mci na\u0161ej podpory vzdel\u00e1vania sp\u00fa\u0161tame nov\u00fd neziskov\u00fd projekt ur\u010den\u00fd pre u\u010dite\u013eov z\u00e1kladn\u00fdch a stredn\u00fdch \u0161k\u00f4l sme 6.marca 2024 spustili elektronick\u00fa kni\u017enicu pracovn\u00fdch listov pre t\u00e9my informa\u010dnej bezpe\u010dnosti, kybernetickej bezpe\u010dnosti a prevencie kybernetickej kriminality. Ich autormi s\u00fa u\u010ditelia slovensk\u00fdch \u0161k\u00f4l, ktor\u00ed sa rozhodli dobrovo\u013ene spr\u00edstupni\u0165 svoje know-how \u010fal\u0161\u00edm kolegom a\u2026","rel":"","context":"V &quot;Aktu\u00e1lne&quot;","block_context":{"text":"Aktu\u00e1lne","link":"https:\/\/preventista.sk\/info\/category\/akcie\/aktualne\/"},"img":{"alt_text":"","src":"https:\/\/i0.wp.com\/preventista.sk\/info\/wp-content\/uploads\/2024\/03\/image.png?resize=350%2C200","width":350,"height":200,"srcset":"https:\/\/i0.wp.com\/preventista.sk\/info\/wp-content\/uploads\/2024\/03\/image.png?resize=350%2C200 1x, https:\/\/i0.wp.com\/preventista.sk\/info\/wp-content\/uploads\/2024\/03\/image.png?resize=525%2C300 1.5x, https:\/\/i0.wp.com\/preventista.sk\/info\/wp-content\/uploads\/2024\/03\/image.png?resize=700%2C400 2x"},"classes":[]},{"id":5507,"url":"https:\/\/preventista.sk\/info\/sutaz-pre-ucitelov\/","url_meta":{"origin":3139,"position":3},"title":"S\u00fa\u0165a\u017e pre u\u010dite\u013eov","author":"Redakcia","date":"11. janu\u00e1ra 2024","format":false,"excerpt":"Po \u00faspe\u0161nej s\u00fa\u0165a\u017ei pre \u017eiakov a \u0161tudentov vyhlasujeme tvoriv\u00fa s\u00fa\u0165a\u017e tentokr\u00e1t pre u\u010dite\u013eov z\u00e1kladn\u00fdch a stredn\u00fdch \u0161k\u00f4l. Prispejte k zlep\u0161ovaniu vzdel\u00e1vania bezpe\u010dnosti a e\u0161te k tomu z\u00edskate pr\u00ednosn\u00fd a pr\u00edjemn\u00fd benefit. ZADANIE S\u00fa\u0165a\u017eiaci vypracuje jeden pracovn\u00fd list k aktivite s\u00favisiacej s v\u00fdukou zvolenej t\u00e9my informa\u010dnej alebo kybernetickej bezpe\u010dnosti v \u0161kole\u2026","rel":"","context":"V &quot;Aktu\u00e1lne&quot;","block_context":{"text":"Aktu\u00e1lne","link":"https:\/\/preventista.sk\/info\/category\/akcie\/aktualne\/"},"img":{"alt_text":"","src":"https:\/\/i0.wp.com\/preventista.sk\/info\/wp-content\/uploads\/2023\/12\/banner_sutaz_ucitel.png?resize=350%2C200&ssl=1","width":350,"height":200,"srcset":"https:\/\/i0.wp.com\/preventista.sk\/info\/wp-content\/uploads\/2023\/12\/banner_sutaz_ucitel.png?resize=350%2C200&ssl=1 1x, https:\/\/i0.wp.com\/preventista.sk\/info\/wp-content\/uploads\/2023\/12\/banner_sutaz_ucitel.png?resize=525%2C300&ssl=1 1.5x, https:\/\/i0.wp.com\/preventista.sk\/info\/wp-content\/uploads\/2023\/12\/banner_sutaz_ucitel.png?resize=700%2C400&ssl=1 2x"},"classes":[]},{"id":2844,"url":"https:\/\/preventista.sk\/info\/vitazka-sutaze-o-navrh-nasho-maskota-je-z-kosic\/","url_meta":{"origin":3139,"position":4},"title":"V\u00ed\u0165azka s\u00fa\u0165a\u017ee o n\u00e1vrh n\u00e1\u0161ho maskota je z Ko\u0161\u00edc!","author":"Redakcia","date":"23. septembra 2015","format":false,"excerpt":"Ob\u010dianske zdru\u017eenie\u00a0 PREVENTISTA \u2013 zdru\u017eenie pre bezpe\u010dnos\u0165 a\u00a0prevenciu \u00a0v\u00a0r\u00e1mci svojho Programu podpory prevencie IT kriminality a\u00a0zni\u017eovania riz\u00edk spojen\u00fdch s\u00a0vyu\u017e\u00edvan\u00edm informa\u010dn\u00fdch technol\u00f3gi\u00ed vyhl\u00e1sila za akt\u00edvnej pomoci V\u00daB Nad\u00e1cie a\u00a0\u010fal\u0161\u00edch partnerov od 18.j\u00fana do 15.septembra 2015 ve\u013ek\u00fa letn\u00fa pr\u00e1zdninov\u00fa s\u00fa\u0165a\u017e pre deti a\u00a0ml\u00e1de\u017e pod n\u00e1zvom \u201eTvoj n\u00e1pad m\u00f4\u017ee pom\u00f4c\u0165 MASKOT\u201c. \u00dalohou pre\u2026","rel":"","context":"V &quot;S\u00fa\u0165a\u017ee&quot;","block_context":{"text":"S\u00fa\u0165a\u017ee","link":"https:\/\/preventista.sk\/info\/category\/akcie\/sutaze\/"},"img":{"alt_text":"","src":"https:\/\/i0.wp.com\/preventista.sk\/info\/wp-content\/uploads\/2015\/09\/maskot.png?fit=700%2C400&ssl=1&resize=350%2C200","width":350,"height":200,"srcset":"https:\/\/i0.wp.com\/preventista.sk\/info\/wp-content\/uploads\/2015\/09\/maskot.png?fit=700%2C400&ssl=1&resize=350%2C200 1x, https:\/\/i0.wp.com\/preventista.sk\/info\/wp-content\/uploads\/2015\/09\/maskot.png?fit=700%2C400&ssl=1&resize=525%2C300 1.5x, https:\/\/i0.wp.com\/preventista.sk\/info\/wp-content\/uploads\/2015\/09\/maskot.png?fit=700%2C400&ssl=1&resize=700%2C400 2x"},"classes":[]},{"id":4403,"url":"https:\/\/preventista.sk\/info\/prevencia-pocitacovej-kriminality-a-jej-vyuzitie-v-praci-s-mladezou\/","url_meta":{"origin":3139,"position":5},"title":"Prevencia po\u010d\u00edta\u010dovej kriminality a jej vyu\u017eitie v pr\u00e1ci s ml\u00e1de\u017eou","author":"Redakcia","date":"6. apr\u00edla 2021","format":false,"excerpt":"Vzdel\u00e1vanie, z\u00e1bava, stret\u00e1vanie sa s\u00a0priate\u013emi, aj pr\u00e1ca, \u010di h\u013eadanie zamestnania, to v\u0161etko sa aj pre deti a\u00a0mlad\u00fdch \u013eud\u00ed presunulo v\u00a0uplynul\u00fdch dvan\u00e1stich mesiacoch do virtu\u00e1lneho prostredia. Ohromn\u00e9 skoky v\u00a0technick\u00fdch aj technologick\u00fdch kompetenci\u00e1ch je nevyhnutn\u00e9 dop\u013a\u0148a\u0165 aj zvy\u0161ovan\u00edm kompetenci\u00ed v\u00a0oblasti prevencie bezpe\u010dnosti v\u00a0online priestore. Vypo\u010duli sme hlas pracovn\u00edkov a\u00a0pracovn\u00ed\u010dok s\u00a0ml\u00e1de\u017eou, \u010di \u010fal\u0161\u00edch\u2026","rel":"","context":"V &quot;Prevencia&quot;","block_context":{"text":"Prevencia","link":"https:\/\/preventista.sk\/info\/category\/prevencia\/"},"img":{"alt_text":"","src":"https:\/\/i0.wp.com\/preventista.sk\/info\/wp-content\/uploads\/2021\/01\/IUVENTA_logo_PNG-e1610132456341.png?resize=350%2C200","width":350,"height":200},"classes":[]}],"_links":{"self":[{"href":"https:\/\/preventista.sk\/info\/wp-json\/wp\/v2\/posts\/3139","targetHints":{"allow":["GET"]}}],"collection":[{"href":"https:\/\/preventista.sk\/info\/wp-json\/wp\/v2\/posts"}],"about":[{"href":"https:\/\/preventista.sk\/info\/wp-json\/wp\/v2\/types\/post"}],"author":[{"embeddable":true,"href":"https:\/\/preventista.sk\/info\/wp-json\/wp\/v2\/users\/1"}],"replies":[{"embeddable":true,"href":"https:\/\/preventista.sk\/info\/wp-json\/wp\/v2\/comments?post=3139"}],"version-history":[{"count":7,"href":"https:\/\/preventista.sk\/info\/wp-json\/wp\/v2\/posts\/3139\/revisions"}],"predecessor-version":[{"id":3196,"href":"https:\/\/preventista.sk\/info\/wp-json\/wp\/v2\/posts\/3139\/revisions\/3196"}],"wp:featuredmedia":[{"embeddable":true,"href":"https:\/\/preventista.sk\/info\/wp-json\/wp\/v2\/media\/3152"}],"wp:attachment":[{"href":"https:\/\/preventista.sk\/info\/wp-json\/wp\/v2\/media?parent=3139"}],"wp:term":[{"taxonomy":"category","embeddable":true,"href":"https:\/\/preventista.sk\/info\/wp-json\/wp\/v2\/categories?post=3139"},{"taxonomy":"post_tag","embeddable":true,"href":"https:\/\/preventista.sk\/info\/wp-json\/wp\/v2\/tags?post=3139"}],"curies":[{"name":"wp","href":"https:\/\/api.w.org\/{rel}","templated":true}]}}