{"id":3477,"date":"2018-01-24T14:53:24","date_gmt":"2018-01-24T13:53:24","guid":{"rendered":"http:\/\/preventista.sk\/info\/?p=3477"},"modified":"2018-01-24T14:54:02","modified_gmt":"2018-01-24T13:54:02","slug":"zdielaj-bezpecne-a-zodpovedne-ohliadnutie-za-najuspesnejsim-projektom-prevencie-roka-2017","status":"publish","type":"post","link":"https:\/\/preventista.sk\/info\/zdielaj-bezpecne-a-zodpovedne-ohliadnutie-za-najuspesnejsim-projektom-prevencie-roka-2017\/","title":{"rendered":"Zdie\u013eaj bezpe\u010dne a zodpovedne &#8211; ohliadnutie za naj\u00faspe\u0161nej\u0161\u00edm projektom prevencie roka 2017"},"content":{"rendered":"<h1><strong>\u0160ahansk\u00ed \u201e mlad\u00ed preventisti\u201c \u00a0st\u00e1le akt\u00edvni<\/strong><\/h1>\n<p>Rok 2017 za\u010dal pre preventistov Gymn\u00e1zia v \u0160ah\u00e1ch \u00faspe\u0161ne, ke\u010f\u017ee bola ich pr\u00e1ca v\u00a0predch\u00e1dzaj\u00facom roku OZ Prevenstista pozit\u00edvne ohodnoten\u00e1 a\u00a0za snahu v oblasti prevencie kriminality z\u00edskala \u0161kola ocenenie Najakt\u00edvnej\u0161ia \u0161kola v oblasti prevencie IT kriminality za rok 2016.<\/p>\n<p>Projekt prevencie kriminality mohol pokra\u010dova\u0165 aj v\u00a0roku 2017 v\u010faka finan\u010dnej podpore <strong>Ministerstva vn\u00fatra SR a\u00a0Nitrianskeho samospr\u00e1vneho kraja<\/strong>. Nov\u00fd projekt pod n\u00e1zvom \u201eZdie\u013eaj\u201c \u2013 bezpe\u010dne a\u00a0zodpovedne organiza\u010dne a\u00a0realiza\u010dne zabezpe\u010doval t\u00edm certifikovan\u00fdch preventistov na \u0161kole, \u010d\u00edm do\u0161lo k\u00a0priamemu pokra\u010dovaniu predch\u00e1dzaj\u00faceho projektu. \u00a0V marci sa konalo prv\u00e9 pr\u00edpravn\u00e9 stretnutie projektu, ktor\u00fd bol tento kr\u00e1t zameran\u00fd na prevenciu po\u010d\u00edta\u010dovej kriminality. Hlavn\u00fdm cie\u013eom bolo, aby sa \u017eiaci ale aj rodi\u010dia dozvedeli, ako sa chr\u00e1ni\u0165 pred n\u00e1strahami virtu\u00e1lneho sveta a\u00a0ako by\u0165 na internete v\u00a0bezpe\u010d\u00ed.<\/p>\n<p>T\u00edm mlad\u00fdch prevetnistov n\u00e1\u0161ho gymn\u00e1zia bol op\u00e4\u0165 mana\u017eovan\u00fd odborn\u00fdm garantom projektu Jaroslavov Osterom \u2013 expertom v\u00a0oblasti po\u010d\u00edta\u010dovej bezpe\u010dnosti a\u00a0pracoval takmer profesion\u00e1lne. Mana\u017e\u00e9rske zru\u010dnosti z\u00fa\u010dastnen\u00fdch \u017eiakov prostredn\u00edctvom aplik\u00e1cie Trello boli na vysokej \u00farovni a\u00a0za pomerne kr\u00e1tky \u010das sa podarilo nap\u013a\u0148a\u0165 jednotliv\u00e9 aktivity. Prv\u00fdm krokom bolo vyhotovenie prezenta\u010dn\u00e9ho materi\u00e1lu, tzv. bezpe\u010dnostn\u00e9ho bedekru, obsahuj\u00faceho z\u00e1kladn\u00e9 inform\u00e1cie o\u00a0bezpe\u010dnom spr\u00e1van\u00ed sa vo virtu\u00e1lnom svete.<\/p>\n<p>Okrem tvorby metodick\u00fdch materi\u00e1lov pre u\u010dite\u013eov pokra\u010doval t\u00edm preventistov v\u00a0pr\u00edprav\u00e1ch region\u00e1lneho Metodick\u00e9ho d\u0148a pre u\u010dite\u013eov Levick\u00e9ho okresu. Metodick\u00fd de\u0148 sa konal 7. j\u00fana 2017, z\u00fa\u010dastnili sa ho u\u010ditelia z\u00e1kladn\u00fdch a\u00a0stredn\u00fdch \u0161k\u00f4l n\u00e1\u0161ho regi\u00f3nu. \u00da\u010dastn\u00edci metodick\u00e9ho d\u0148a sa mali mo\u017enos\u0165 dozvedie\u0165 viac o\u00a0aktivit\u00e1ch projektu na gymn\u00e1ziu, bol im poskytnut\u00fd metodick\u00fd materi\u00e1l vytvoren\u00fd preventistami. Okrem toho sa mali mo\u017enos\u0165 z\u00fa\u010dastni\u0165 predn\u00e1\u0161ok \u00a0odborn\u00edkov z\u00a0oblasti prevencie kriminality, medzi ktor\u00fdch dozaista patr\u00ed Jozef Halcin \u2013 riadite\u013e odboru prevencie kriminality Kancel\u00e1rie ministra vn\u00fatra SR, Tatiana Hajd\u00fakov\u00e1 \u2013 vysoko\u0161kolsk\u00fd pedag\u00f3g z\u00a0Akad\u00e9mie PZ v\u00a0Bratislave \u010di Jaroslav Oster \u2013 \u0161pecialista informa\u010dnej bezpe\u010dnosti z\u00a0OZ Preventista.<\/p>\n<p>Aktivity \u0161ahansk\u00fdch preventistov pokra\u010dovali prevenciou kriminality prostredn\u00edctvom rovesn\u00edckeho vzdel\u00e1vania na okolit\u00fdch \u0161kol\u00e1ch. My\u0161lienky projektu sa n\u00e1m tak podarilo posun\u00fa\u0165 \u010falej a\u00a0roz\u0161\u00edri\u0165 obzor na z\u00e1kladn\u00fdch \u0161kol\u00e1ch v\u00a0Dudinciach, B\u00e1tovciach, \u0160ah\u00e1ch, Neninciach i\u00a0v\u00a0Leviciach.<\/p>\n<p>Z\u00e1vere\u010dnou aktivitou projektu bol tradi\u010dn\u00fd hudobn\u00fd koncert v\u00a0decembri 2017 pod n\u00e1zvom ANTIKRIMI. My\u0161lienku n\u00e1\u0161ho projektu tento rok podporili spev\u00e1k kapely Gladi\u00e1tor Miko Hladk\u00fd, skupina El\u00e1n Forever a \u0161kolsk\u00e1 kapela J4U. \u0160kolsk\u00e1 kapela J4U vznikla na \u0161kole priamo na podnet projektu prevencie kriminality a\u00a0my sme pr\u00e1vom hrd\u00ed na to, \u010do v\u00a0prevencii kriminality rob\u00edme.<\/p>\n<div class=\"tiled-gallery type-rectangular tiled-gallery-unresized\" data-original-width=\"500\" data-carousel-extra='{&quot;blog_id&quot;:1,&quot;permalink&quot;:&quot;https:\\\/\\\/preventista.sk\\\/info\\\/zdielaj-bezpecne-a-zodpovedne-ohliadnutie-za-najuspesnejsim-projektom-prevencie-roka-2017\\\/&quot;,&quot;likes_blog_id&quot;:56081334}' itemscope itemtype=\"http:\/\/schema.org\/ImageGallery\" > <div class=\"gallery-row\" style=\"width: 500px; height: 234px;\" data-original-width=\"500\" data-original-height=\"234\" > <div class=\"gallery-group images-1\" style=\"width: 349px; height: 234px;\" data-original-width=\"349\" data-original-height=\"234\" > <div class=\"tiled-gallery-item tiled-gallery-item-large\" itemprop=\"associatedMedia\" itemscope itemtype=\"http:\/\/schema.org\/ImageObject\"> <a href=\"https:\/\/preventista.sk\/info\/zdielaj-bezpecne-a-zodpovedne-ohliadnutie-za-najuspesnejsim-projektom-prevencie-roka-2017\/interpreti_1\/\" border=\"0\" itemprop=\"url\"> <meta itemprop=\"width\" content=\"345\"> <meta itemprop=\"height\" content=\"230\"> <img decoding=\"async\" class=\"\" data-attachment-id=\"3480\" data-orig-file=\"https:\/\/preventista.sk\/info\/wp-content\/uploads\/2018\/01\/Interpreti_1.jpg\" data-orig-size=\"1024,683\" data-comments-opened=\"1\" data-image-meta=\"{&quot;aperture&quot;:&quot;2.8&quot;,&quot;credit&quot;:&quot;&quot;,&quot;camera&quot;:&quot;NIKON D7200&quot;,&quot;caption&quot;:&quot;&quot;,&quot;created_timestamp&quot;:&quot;1513773341&quot;,&quot;copyright&quot;:&quot;&quot;,&quot;focal_length&quot;:&quot;24&quot;,&quot;iso&quot;:&quot;2500&quot;,&quot;shutter_speed&quot;:&quot;0.005&quot;,&quot;title&quot;:&quot;&quot;,&quot;orientation&quot;:&quot;0&quot;}\" data-image-title=\"Interpreti_1\" data-image-description=\"\" data-medium-file=\"https:\/\/i0.wp.com\/preventista.sk\/info\/wp-content\/uploads\/2018\/01\/Interpreti_1.jpg?fit=300%2C200&#038;ssl=1\" data-large-file=\"https:\/\/i0.wp.com\/preventista.sk\/info\/wp-content\/uploads\/2018\/01\/Interpreti_1.jpg?fit=700%2C467&#038;ssl=1\" src=\"https:\/\/i0.wp.com\/preventista.sk\/info\/wp-content\/uploads\/2018\/01\/Interpreti_1.jpg?w=345&#038;h=230&#038;ssl=1\" srcset=\"https:\/\/i0.wp.com\/preventista.sk\/info\/wp-content\/uploads\/2018\/01\/Interpreti_1.jpg?w=1024&amp;ssl=1 1024w, https:\/\/i0.wp.com\/preventista.sk\/info\/wp-content\/uploads\/2018\/01\/Interpreti_1.jpg?resize=320%2C213&amp;ssl=1 320w, https:\/\/i0.wp.com\/preventista.sk\/info\/wp-content\/uploads\/2018\/01\/Interpreti_1.jpg?resize=450%2C300&amp;ssl=1 450w, https:\/\/i0.wp.com\/preventista.sk\/info\/wp-content\/uploads\/2018\/01\/Interpreti_1.jpg?resize=768%2C512&amp;ssl=1 768w, https:\/\/i0.wp.com\/preventista.sk\/info\/wp-content\/uploads\/2018\/01\/Interpreti_1.jpg?resize=700%2C467&amp;ssl=1 700w\" width=\"345\" height=\"230\" loading=\"lazy\" data-original-width=\"345\" data-original-height=\"230\" itemprop=\"http:\/\/schema.org\/image\" title=\"Interpreti_1\" alt=\"Interpreti_1\" style=\"width: 345px; height: 230px;\" \/> <\/a> <\/div> <\/div> <!-- close group --> <div class=\"gallery-group images-2\" style=\"width: 151px; height: 234px;\" data-original-width=\"151\" data-original-height=\"234\" > <div class=\"tiled-gallery-item tiled-gallery-item-small\" itemprop=\"associatedMedia\" itemscope itemtype=\"http:\/\/schema.org\/ImageObject\"> <a href=\"https:\/\/preventista.sk\/info\/zdielaj-bezpecne-a-zodpovedne-ohliadnutie-za-najuspesnejsim-projektom-prevencie-roka-2017\/metodicky-den\/\" border=\"0\" itemprop=\"url\"> <meta itemprop=\"width\" content=\"147\"> <meta itemprop=\"height\" content=\"83\"> <img decoding=\"async\" class=\"\" data-attachment-id=\"3481\" data-orig-file=\"https:\/\/preventista.sk\/info\/wp-content\/uploads\/2018\/01\/Metodicky\u0301-den\u030c.jpg\" data-orig-size=\"1960,1106\" data-comments-opened=\"1\" data-image-meta=\"{&quot;aperture&quot;:&quot;0&quot;,&quot;credit&quot;:&quot;&quot;,&quot;camera&quot;:&quot;&quot;,&quot;caption&quot;:&quot;&quot;,&quot;created_timestamp&quot;:&quot;0&quot;,&quot;copyright&quot;:&quot;&quot;,&quot;focal_length&quot;:&quot;0&quot;,&quot;iso&quot;:&quot;0&quot;,&quot;shutter_speed&quot;:&quot;0&quot;,&quot;title&quot;:&quot;&quot;,&quot;orientation&quot;:&quot;0&quot;}\" data-image-title=\"Metodicky\u0301 den\u030c\" data-image-description=\"\" data-medium-file=\"https:\/\/i0.wp.com\/preventista.sk\/info\/wp-content\/uploads\/2018\/01\/Metodicky%CC%81-den%CC%8C.jpg?fit=300%2C169&#038;ssl=1\" data-large-file=\"https:\/\/i0.wp.com\/preventista.sk\/info\/wp-content\/uploads\/2018\/01\/Metodicky%CC%81-den%CC%8C.jpg?fit=700%2C395&#038;ssl=1\" src=\"https:\/\/i0.wp.com\/preventista.sk\/info\/wp-content\/uploads\/2018\/01\/Metodicky%CC%81-den%CC%8C.jpg?w=147&#038;h=83&#038;ssl=1\" width=\"147\" height=\"83\" loading=\"lazy\" data-original-width=\"147\" data-original-height=\"83\" itemprop=\"http:\/\/schema.org\/image\" title=\"Metodicky\u0301 den\u030c\" alt=\"Metodicky\u0301 den\u030c\" style=\"width: 147px; height: 83px;\" \/> <\/a> <\/div> <div class=\"tiled-gallery-item tiled-gallery-item-small\" itemprop=\"associatedMedia\" itemscope itemtype=\"http:\/\/schema.org\/ImageObject\"> <a href=\"https:\/\/preventista.sk\/info\/zdielaj-bezpecne-a-zodpovedne-ohliadnutie-za-najuspesnejsim-projektom-prevencie-roka-2017\/projektovy-tim\/\" border=\"0\" itemprop=\"url\"> <meta itemprop=\"width\" content=\"147\"> <meta itemprop=\"height\" content=\"143\"> <img decoding=\"async\" class=\"\" data-attachment-id=\"3482\" data-orig-file=\"https:\/\/preventista.sk\/info\/wp-content\/uploads\/2018\/01\/Projektovy\u0301-ti\u0301m.jpg\" data-orig-size=\"1067,1035\" data-comments-opened=\"1\" data-image-meta=\"{&quot;aperture&quot;:&quot;0&quot;,&quot;credit&quot;:&quot;&quot;,&quot;camera&quot;:&quot;&quot;,&quot;caption&quot;:&quot;&quot;,&quot;created_timestamp&quot;:&quot;0&quot;,&quot;copyright&quot;:&quot;&quot;,&quot;focal_length&quot;:&quot;0&quot;,&quot;iso&quot;:&quot;0&quot;,&quot;shutter_speed&quot;:&quot;0&quot;,&quot;title&quot;:&quot;&quot;,&quot;orientation&quot;:&quot;0&quot;}\" data-image-title=\"Projektovy\u0301 ti\u0301m\" data-image-description=\"\" data-medium-file=\"https:\/\/i0.wp.com\/preventista.sk\/info\/wp-content\/uploads\/2018\/01\/Projektovy%CC%81-ti%CC%81m.jpg?fit=300%2C291&#038;ssl=1\" data-large-file=\"https:\/\/i0.wp.com\/preventista.sk\/info\/wp-content\/uploads\/2018\/01\/Projektovy%CC%81-ti%CC%81m.jpg?fit=700%2C679&#038;ssl=1\" src=\"https:\/\/i0.wp.com\/preventista.sk\/info\/wp-content\/uploads\/2018\/01\/Projektovy%CC%81-ti%CC%81m.jpg?w=147&#038;h=143&#038;ssl=1\" width=\"147\" height=\"143\" loading=\"lazy\" data-original-width=\"147\" data-original-height=\"143\" itemprop=\"http:\/\/schema.org\/image\" title=\"Projektovy\u0301 ti\u0301m\" alt=\"Projektovy\u0301 ti\u0301m\" style=\"width: 147px; height: 143px;\" \/> <\/a> <\/div> <\/div> <!-- close group --> <\/div> <!-- close row --> <\/div>\n<p>Veronika Belicov\u00e1,S\u00e1ra M\u00e1ria Bar\u00e1nkov\u00e1 \u2013 preventistky Gymn\u00e1zia v \u0160ah\u00e1ch<\/p>\n","protected":false},"excerpt":{"rendered":"<p>\u0160ahansk\u00ed \u201e mlad\u00ed preventisti\u201c \u00a0st\u00e1le akt\u00edvni Rok 2017 za\u010dal pre preventistov Gymn\u00e1zia v \u0160ah\u00e1ch \u00faspe\u0161ne, ke\u010f\u017ee bola ich pr\u00e1ca v\u00a0predch\u00e1dzaj\u00facom roku OZ Prevenstista pozit\u00edvne ohodnoten\u00e1 a\u00a0za snahu v oblasti prevencie kriminality z\u00edskala \u0161kola ocenenie Najakt\u00edvnej\u0161ia \u0161kola v oblasti prevencie IT kriminality za rok 2016. Projekt prevencie kriminality mohol pokra\u010dova\u0165 aj v\u00a0roku 2017 v\u010faka finan\u010dnej podpore [&hellip;]<\/p>\n","protected":false},"author":1,"featured_media":3479,"comment_status":"open","ping_status":"open","sticky":false,"template":"","format":"standard","meta":{"jetpack_post_was_ever_published":false,"_jetpack_newsletter_access":"","_jetpack_dont_email_post_to_subs":false,"_jetpack_newsletter_tier_id":0,"_jetpack_memberships_contains_paywalled_content":false,"_jetpack_memberships_contains_paid_content":false,"footnotes":""},"categories":[2],"tags":[],"class_list":["post-3477","post","type-post","status-publish","format-standard","has-post-thumbnail","hentry","category-itkrim"],"aioseo_notices":[],"jetpack_featured_media_url":"https:\/\/i0.wp.com\/preventista.sk\/info\/wp-content\/uploads\/2018\/01\/3.jpg?fit=800%2C400&ssl=1","jetpack_sharing_enabled":true,"jetpack-related-posts":[{"id":2941,"url":"https:\/\/preventista.sk\/info\/sahanski-mladi-preventisti\/","url_meta":{"origin":3477,"position":0},"title":"\u0160ahansk\u00ed \u201emlad\u00ed preventisti\u201c","author":"Redakcia","date":"10. decembra 2015","format":false,"excerpt":"V\u00a0priebehu mesiacov september a\u017e december 2015 prebiehal \u00a0na \u00a0Gymn\u00e1ziu, Ml\u00e1de\u017en\u00edcka 22, \u0160ahy \u00a0jedine\u010dn\u00fd projekt na Slovensku \u2013 \u201eMlad\u00ed preventisti\u201c- zodpovednou v\u00fdchovou k\u00a0vlastnej bezpe\u010dnosti. Projekt vznikol na z\u00e1klade v\u00fdzvy na prevenciu kriminality pre rok 2015. Finan\u010dne je podporen\u00fd Ministerstvom vn\u00fatra SR, Nitrianskym samospr\u00e1vnym krajom a\u00a0ob\u010dianskym zdru\u017een\u00edm Alma Mater. \u010co je cie\u013eom\u2026","rel":"","context":"V &quot;IT kriminalita&quot;","block_context":{"text":"IT kriminalita","link":"https:\/\/preventista.sk\/info\/category\/prevencia\/itkrim\/"},"img":{"alt_text":"mladi preventisti","src":"https:\/\/i0.wp.com\/preventista.sk\/info\/wp-content\/uploads\/2015\/12\/cover-sahy.jpg?fit=700%2C400&ssl=1&resize=350%2C200","width":350,"height":200,"srcset":"https:\/\/i0.wp.com\/preventista.sk\/info\/wp-content\/uploads\/2015\/12\/cover-sahy.jpg?fit=700%2C400&ssl=1&resize=350%2C200 1x, https:\/\/i0.wp.com\/preventista.sk\/info\/wp-content\/uploads\/2015\/12\/cover-sahy.jpg?fit=700%2C400&ssl=1&resize=525%2C300 1.5x, https:\/\/i0.wp.com\/preventista.sk\/info\/wp-content\/uploads\/2015\/12\/cover-sahy.jpg?fit=700%2C400&ssl=1&resize=700%2C400 2x"},"classes":[]},{"id":1508,"url":"https:\/\/preventista.sk\/info\/prednaska-kyberneticka-kriminalita\/","url_meta":{"origin":3477,"position":1},"title":"Najpozeranej\u0161ia predn\u00e1\u0161ka na ucimeprezivot.sk","author":"Redakcia","date":"30. decembra 2013","format":false,"excerpt":"Za rok od svojho zverejnenia sa\u00a0t\u00e1to predn\u00e1\u0161ka stala\u00a0najpozeranej\u0161ou predn\u00e1\u0161kou na\u00a0 www.ucimeprezivot.sk \u00a0 Na \u0161kol\u00e1ch za\u010d\u00ednaj\u00fa v tomto obdob\u00ed vznika\u0165 pl\u00e1ny tohtoro\u010dn\u00fdch aktiv\u00edt v oblasti prevencie.\u00a0 P\u00e1r n\u00e1metov mo\u017eno z\u00edskate z predn\u00e1\u0161ky z RoadShow Modern\u00fd u\u010dite\u013e z minul\u00e9ho roka. Na po\u017eiadanie pre u\u010dite\u013eov, riadite\u013eov \u0161k\u00f4l, preventistov\u00a0embedovan\u00e1 prezent\u00e1cia. \u00a0 \u00a0 Kybernetick\u00e1 kriminalita\u2026","rel":"","context":"V &quot;IT kriminalita&quot;","block_context":{"text":"IT kriminalita","link":"https:\/\/preventista.sk\/info\/category\/prevencia\/itkrim\/"},"img":{"alt_text":"klub-ucitelov","src":"https:\/\/i0.wp.com\/preventista.sk\/info\/wp-content\/uploads\/2013\/12\/ucitelia.jpg?fit=700%2C400&ssl=1&resize=350%2C200","width":350,"height":200,"srcset":"https:\/\/i0.wp.com\/preventista.sk\/info\/wp-content\/uploads\/2013\/12\/ucitelia.jpg?fit=700%2C400&ssl=1&resize=350%2C200 1x, https:\/\/i0.wp.com\/preventista.sk\/info\/wp-content\/uploads\/2013\/12\/ucitelia.jpg?fit=700%2C400&ssl=1&resize=525%2C300 1.5x, https:\/\/i0.wp.com\/preventista.sk\/info\/wp-content\/uploads\/2013\/12\/ucitelia.jpg?fit=700%2C400&ssl=1&resize=700%2C400 2x"},"classes":[]},{"id":44,"url":"https:\/\/preventista.sk\/info\/nami-realizovane-aktivity-v-oblasti-prevencie\/","url_meta":{"origin":3477,"position":2},"title":"Nami realizovan\u00e9 aktivity v oblasti prevencie","author":"Redakcia","date":"19. j\u00fala 2013","format":false,"excerpt":"SPOLUPR\u00c1CA NA REALIZ\u00c1CII PRIESKUMU (2011\/2012) prieskum soci\u00e1lno-patologick\u00fdch javov na z\u00e1kladn\u00fdch \u0161kol\u00e1ch mesta Lu\u010denec Komisia prevencie, Lu\u010denec\u00a0\u00a0\u00a0 informat\u00edvny \u010dl\u00e1nok z v\u00fdsledkov prieskumu (scoop.it) Modern\u00e9 komunika\u010dn\u00e9 technol\u00f3gie, rizik\u00e1 ich pou\u017e\u00edvania prevencia IT kriminality (12\/2018) vzdel\u00e1vac\u00ed workshop pre pracovn\u00edkov prevencie \u00darad pr\u00e1ce soci\u00e1lnych vec\u00ed a rodiny Lu\u010denec Modern\u00e9 komunika\u010dn\u00e9 technol\u00f3gie, rizik\u00e1 ich pou\u017e\u00edvania,\u2026","rel":"","context":"V &quot;Hist\u00f3ria&quot;","block_context":{"text":"Hist\u00f3ria","link":"https:\/\/preventista.sk\/info\/category\/akcie\/prehladakc\/"},"img":{"alt_text":"","src":"https:\/\/i0.wp.com\/preventista.sk\/info\/wp-content\/uploads\/2013\/07\/spolocne.jpg?fit=700%2C400&ssl=1&resize=350%2C200","width":350,"height":200,"srcset":"https:\/\/i0.wp.com\/preventista.sk\/info\/wp-content\/uploads\/2013\/07\/spolocne.jpg?fit=700%2C400&ssl=1&resize=350%2C200 1x, https:\/\/i0.wp.com\/preventista.sk\/info\/wp-content\/uploads\/2013\/07\/spolocne.jpg?fit=700%2C400&ssl=1&resize=525%2C300 1.5x, https:\/\/i0.wp.com\/preventista.sk\/info\/wp-content\/uploads\/2013\/07\/spolocne.jpg?fit=700%2C400&ssl=1&resize=700%2C400 2x"},"classes":[]},{"id":4359,"url":"https:\/\/preventista.sk\/info\/na-gymnaziu-v-sahach-to-myslia-stale-vazne\/","url_meta":{"origin":3477,"position":3},"title":"Na Gymn\u00e1ziu v \u0160ah\u00e1ch to myslia st\u00e1le v\u00e1\u017ene &#8230;..","author":"Redakcia","date":"20. marca 2021","format":false,"excerpt":"\u00daspe\u0161n\u00fd projekt prevencie po\u010d\u00edta\u010dovej kriminality pri realiz\u00e1ci\u00ed ktor\u00e9ho sme st\u00e1li aj my pod n\u00e1zvom Zdie\u013eaj bezpe\u010dne a zodpovedne nepochybne polo\u017eil z\u00e1klady rozvoju prevent\u00edvnych aktiv\u00edt. Jednou z posledn\u00fdch, ktor\u00e1 zaujala aj n\u00e1s je venovanie sa t\u00e9me HOAXov formou s\u00fa\u0165a\u017ee zameranej na n\u00e1vrh plag\u00e1tov. P\u00fdtate sa kde tak\u00fdto zauj\u00edmav\u00fd projekt funguje dlhobodo?\u00a0\u2026","rel":"","context":"V &quot;Zaujalo n\u00e1s&quot;","block_context":{"text":"Zaujalo n\u00e1s","link":"https:\/\/preventista.sk\/info\/category\/skusenosti\/zaujalo\/"},"img":{"alt_text":"","src":"https:\/\/i0.wp.com\/preventista.sk\/info\/wp-content\/uploads\/2021\/03\/Hoax_jessica_horvathova.png?resize=350%2C200&ssl=1","width":350,"height":200},"classes":[]},{"id":3097,"url":"https:\/\/preventista.sk\/info\/2-najlepsi-projekt-prevencie-za-rok-2015\/","url_meta":{"origin":3477,"position":4},"title":"2.najlep\u0161\u00ed projekt prevencie za rok 2015","author":"Redakcia","date":"13. febru\u00e1ra 2016","format":false,"excerpt":"Stali sme sa druh\u00fdm naj\u00faspe\u0161nej\u0161\u00edm projektom prevencie kriminality v Slovenskej republike za rok 2015. \u010eakujeme spolupracovn\u00edkom, fan\u00fa\u0161ikom, partnerom. \u00a0","rel":"","context":"V &quot;Ocenenia&quot;","block_context":{"text":"Ocenenia","link":"https:\/\/preventista.sk\/info\/category\/onas\/ocenenia\/"},"img":{"alt_text":"diplom","src":"https:\/\/i0.wp.com\/preventista.sk\/info\/wp-content\/uploads\/2016\/02\/diplom-700x990.jpg?resize=350%2C200","width":350,"height":200,"srcset":"https:\/\/i0.wp.com\/preventista.sk\/info\/wp-content\/uploads\/2016\/02\/diplom-700x990.jpg?resize=350%2C200 1x, https:\/\/i0.wp.com\/preventista.sk\/info\/wp-content\/uploads\/2016\/02\/diplom-700x990.jpg?resize=525%2C300 1.5x, https:\/\/i0.wp.com\/preventista.sk\/info\/wp-content\/uploads\/2016\/02\/diplom-700x990.jpg?resize=700%2C400 2x"},"classes":[]},{"id":1244,"url":"https:\/\/preventista.sk\/info\/prevencia-kam-kracas\/","url_meta":{"origin":3477,"position":5},"title":"Prevencia kam kr\u00e1\u010da\u0161&#8230;?","author":"J. Oster","date":"1. septembra 2013","format":false,"excerpt":"Nieko\u013ekoro\u010dn\u00e9 p\u00f4sobenie v\u00a0oblasti prevencie, predn\u00e1\u0161kov\u00e9 turn\u00e9 medzi u\u010dite\u013emi po celom Slovensku, debaty s\u00a0u\u010dite\u013emi v\u00a0r\u00e1mci predn\u00e1\u0161ok na \u0161kol\u00e1ch a\u00a0workshopov, v\u00fdmeny n\u00e1zorov v\u00a0diskusn\u00fdch skupin\u00e1ch vyprofilovali rad poznatkov z\u00a0oblasti fungovania prevencie a\u00a0zvl\u00e1s\u0165 v\u00a0oblasti prevencie IT kriminality a\u00a0informa\u010dnej bezpe\u010dnosti. \u00a0 Sk\u00fasim \u00a0zhrn\u00fa\u0165 nieko\u013eko z\u00e1kladn\u00fdch probl\u00e9mov o\u00a0ktor\u00fdch sa d\u00e1 rozp\u00fata\u0165 ur\u010dite ve\u013emi dlh\u00e1 diskusia: nedostato\u010dn\u00e1\u2026","rel":"","context":"V &quot;Prevencia&quot;","block_context":{"text":"Prevencia","link":"https:\/\/preventista.sk\/info\/category\/prevencia\/"},"img":{"alt_text":"PreventistaSK","src":"https:\/\/i0.wp.com\/preventista.sk\/info\/wp-content\/uploads\/2013\/03\/PreventistaSK.jpg?fit=700%2C400&ssl=1&resize=350%2C200","width":350,"height":200,"srcset":"https:\/\/i0.wp.com\/preventista.sk\/info\/wp-content\/uploads\/2013\/03\/PreventistaSK.jpg?fit=700%2C400&ssl=1&resize=350%2C200 1x, https:\/\/i0.wp.com\/preventista.sk\/info\/wp-content\/uploads\/2013\/03\/PreventistaSK.jpg?fit=700%2C400&ssl=1&resize=525%2C300 1.5x, https:\/\/i0.wp.com\/preventista.sk\/info\/wp-content\/uploads\/2013\/03\/PreventistaSK.jpg?fit=700%2C400&ssl=1&resize=700%2C400 2x"},"classes":[]}],"_links":{"self":[{"href":"https:\/\/preventista.sk\/info\/wp-json\/wp\/v2\/posts\/3477","targetHints":{"allow":["GET"]}}],"collection":[{"href":"https:\/\/preventista.sk\/info\/wp-json\/wp\/v2\/posts"}],"about":[{"href":"https:\/\/preventista.sk\/info\/wp-json\/wp\/v2\/types\/post"}],"author":[{"embeddable":true,"href":"https:\/\/preventista.sk\/info\/wp-json\/wp\/v2\/users\/1"}],"replies":[{"embeddable":true,"href":"https:\/\/preventista.sk\/info\/wp-json\/wp\/v2\/comments?post=3477"}],"version-history":[{"count":2,"href":"https:\/\/preventista.sk\/info\/wp-json\/wp\/v2\/posts\/3477\/revisions"}],"predecessor-version":[{"id":3483,"href":"https:\/\/preventista.sk\/info\/wp-json\/wp\/v2\/posts\/3477\/revisions\/3483"}],"wp:featuredmedia":[{"embeddable":true,"href":"https:\/\/preventista.sk\/info\/wp-json\/wp\/v2\/media\/3479"}],"wp:attachment":[{"href":"https:\/\/preventista.sk\/info\/wp-json\/wp\/v2\/media?parent=3477"}],"wp:term":[{"taxonomy":"category","embeddable":true,"href":"https:\/\/preventista.sk\/info\/wp-json\/wp\/v2\/categories?post=3477"},{"taxonomy":"post_tag","embeddable":true,"href":"https:\/\/preventista.sk\/info\/wp-json\/wp\/v2\/tags?post=3477"}],"curies":[{"name":"wp","href":"https:\/\/api.w.org\/{rel}","templated":true}]}}