{"id":3529,"date":"2018-02-19T11:05:58","date_gmt":"2018-02-19T10:05:58","guid":{"rendered":"http:\/\/preventista.sk\/info\/?p=3529"},"modified":"2018-02-20T12:59:08","modified_gmt":"2018-02-20T11:59:08","slug":"pedagogovia-pomozte-s-vyskumom","status":"publish","type":"post","link":"https:\/\/preventista.sk\/info\/pedagogovia-pomozte-s-vyskumom\/","title":{"rendered":"Pedag\u00f3govia, pom\u00f4\u017ete s v\u00fdskumom&#8230;"},"content":{"rendered":"<p>V r\u00e1mci podpory prevencie spolupracujeme aj s radom \u0161tudentov r\u00f4znymi formami. Jednou z nich je aj autorka naj\u010d\u00edtanej\u0161\u00edch \u010dl\u00e1nkov na na\u0161ej web str\u00e1nke, ktorej v\u00fdskum sme sa rozhodli podpori\u0165 a to sprostredkovan\u00edm formul\u00e1ru pre zber d\u00e1t.<\/p>\n<p>Pedag\u00f3govia, pom\u00f4\u017ete s v\u00fdskumom a zdie\u013eajte ho medzi va\u0161imi \u017eiakmi.<\/p>\n<p>&nbsp;<\/p>\n<p>Dotazn\u00edk n\u00e1jdete <a href=\"https:\/\/www.survio.com\/survey\/d\/M4I1U1E5Y7S9A5P0U\">TU<\/a>.<\/p>\n<p>&nbsp;<\/p>\n<p>\u010eakujeme!<\/p>\n<p><span style=\"font-size: 10px;\">Pokia\u013e by link v texte nefungoval, skop\u00edrujte ho do va\u0161eho prehliada\u010da:<br \/>\nhttps:\/\/www.survio.com\/survey\/d\/M4I1U1E5Y7S9A5P0U<\/span><\/p>\n","protected":false},"excerpt":{"rendered":"<p>V r\u00e1mci podpory prevencie spolupracujeme aj s radom \u0161tudentov r\u00f4znymi formami. Jednou z nich je aj autorka naj\u010d\u00edtanej\u0161\u00edch \u010dl\u00e1nkov na na\u0161ej web str\u00e1nke, ktorej v\u00fdskum sme sa rozhodli podpori\u0165 a to sprostredkovan\u00edm formul\u00e1ru pre zber d\u00e1t. Pedag\u00f3govia, pom\u00f4\u017ete s v\u00fdskumom a zdie\u013eajte ho medzi va\u0161imi \u017eiakmi. &nbsp; Dotazn\u00edk n\u00e1jdete TU. &nbsp; \u010eakujeme! Pokia\u013e by link [&hellip;]<\/p>\n","protected":false},"author":3,"featured_media":3537,"comment_status":"open","ping_status":"open","sticky":false,"template":"","format":"standard","meta":{"jetpack_post_was_ever_published":false,"_jetpack_newsletter_access":"","_jetpack_dont_email_post_to_subs":false,"_jetpack_newsletter_tier_id":0,"_jetpack_memberships_contains_paywalled_content":false,"_jetpack_memberships_contains_paid_content":false,"footnotes":""},"categories":[11],"tags":[],"class_list":["post-3529","post","type-post","status-publish","format-standard","has-post-thumbnail","hentry","category-aktualne"],"aioseo_notices":[],"jetpack_featured_media_url":"https:\/\/i0.wp.com\/preventista.sk\/info\/wp-content\/uploads\/2018\/02\/vyskum.jpg?fit=800%2C400&ssl=1","jetpack_sharing_enabled":true,"jetpack-related-posts":[{"id":7,"url":"https:\/\/preventista.sk\/info\/prevencia-it-kriminality-v-skole\/","url_meta":{"origin":3529,"position":0},"title":"Prevencia IT kriminality a jej miesto v \u0161kole","author":"J. Oster","date":"19. j\u00fala 2013","format":false,"excerpt":"Prevencia IT kriminality? Chym\u00e9ra alebo re\u00e1lna po\u017eiadavka doby.... patr\u00ed do \u0161k\u00f4l ako s\u00fa\u010das\u0165 informatick\u00e9ho vzdel\u00e1vania? V\u00a0ktorom veku by sa mali za\u010da\u0165 deti oboznamova\u0165 so z\u00e1kladn\u00fdmi inform\u00e1ciami s\u00favisiacimi so z\u00e1kladn\u00fdmi poznatkami bezpe\u010dnosti virtu\u00e1lneho sveta? \u00a0 Diskusie o\u00a0tom v\u00a0ktorom veku by sa mali a\u00a0akou formou za\u010da\u0165 oboznamova\u0165 s\u00a0problematikou z\u00e1kladov bezpe\u010dn\u00e9ho spr\u00e1vania pri\u2026","rel":"","context":"V &quot;IT kriminalita&quot;","block_context":{"text":"IT kriminalita","link":"https:\/\/preventista.sk\/info\/category\/prevencia\/itkrim\/"},"img":{"alt_text":"Computers","src":"https:\/\/i0.wp.com\/preventista.sk\/info\/wp-content\/uploads\/2013\/07\/computers.jpg?fit=700%2C400&ssl=1&resize=350%2C200","width":350,"height":200,"srcset":"https:\/\/i0.wp.com\/preventista.sk\/info\/wp-content\/uploads\/2013\/07\/computers.jpg?fit=700%2C400&ssl=1&resize=350%2C200 1x, https:\/\/i0.wp.com\/preventista.sk\/info\/wp-content\/uploads\/2013\/07\/computers.jpg?fit=700%2C400&ssl=1&resize=525%2C300 1.5x, https:\/\/i0.wp.com\/preventista.sk\/info\/wp-content\/uploads\/2013\/07\/computers.jpg?fit=700%2C400&ssl=1&resize=700%2C400 2x"},"classes":[]},{"id":5816,"url":"https:\/\/preventista.sk\/info\/tretia-cast-ucebnice-pre-stredne-skoly\/","url_meta":{"origin":3529,"position":1},"title":"Tretia \u010das\u0165 u\u010debnice pre stredn\u00e9 \u0161koly","author":"Redakcia","date":"22. apr\u00edla 2024","format":false,"excerpt":"Tretia \u010das\u0165 U\u010debnice informa\u010dnej bezpe\u010dnosti pre stredn\u00e9 odborn\u00e9 \u0161koly a\u00a0gymn\u00e1zi\u00e1 uzrela svetlo sveta a tak sa uzavrela pl\u00e1novan\u00e1 trojica u\u010debn\u00edc, ktor\u00e9 sme mali v OZ Preventista - zdru\u017eenie pre bezpe\u010dnos\u0165 a prevenciu napl\u00e1novan\u00e9. Prv\u00e9 dve u\u010debnice na\u0161li svoje miesto v slovenskom \u0161kolstve - dnes ich vyu\u017e\u00edva viac ako 300 slovensk\u00fdch\u2026","rel":"","context":"V &quot;Aktu\u00e1lne&quot;","block_context":{"text":"Aktu\u00e1lne","link":"https:\/\/preventista.sk\/info\/category\/akcie\/aktualne\/"},"img":{"alt_text":"","src":"https:\/\/i0.wp.com\/preventista.sk\/info\/wp-content\/uploads\/2024\/03\/image-4.png?resize=350%2C200&ssl=1","width":350,"height":200,"srcset":"https:\/\/i0.wp.com\/preventista.sk\/info\/wp-content\/uploads\/2024\/03\/image-4.png?resize=350%2C200&ssl=1 1x, https:\/\/i0.wp.com\/preventista.sk\/info\/wp-content\/uploads\/2024\/03\/image-4.png?resize=525%2C300&ssl=1 1.5x, https:\/\/i0.wp.com\/preventista.sk\/info\/wp-content\/uploads\/2024\/03\/image-4.png?resize=700%2C400&ssl=1 2x"},"classes":[]},{"id":2678,"url":"https:\/\/preventista.sk\/info\/kybersikanovanie-ako-novodoba-forma-agresie-a-jeho-prevencia-2-cast\/","url_meta":{"origin":3529,"position":2},"title":"Kyber\u0161ikanovanie ako novodob\u00e1 forma agresie a jeho prevencia &#8211; 2. \u010das\u0165","author":"Redakcia","date":"6. j\u00fala 2015","format":false,"excerpt":"\u00da\u010dastn\u00edci kyber\u0161ikanovania Agresor, obe\u0165, svedok. Agresor Existuj\u00fa r\u00f4zne typy kyberagresorov. Pod\u013ea pr\u00edru\u010dky pre u\u010dite\u013eov \u201e Kyber\u0161ikana a jej prevencia\u201c, ktor\u00fa vydala Pedagogicko psychologick\u00e1 porad\u0148a v Plzni (2009), mo\u017eno typy agresorov zoradi\u0165 zostupne nasledovne. \u201eBa\u017eiaci po moci\u201c \u2013 obvykle potrebuj\u00fa pre svoju \u010dinnos\u0165 aspo\u0148 mal\u00e9 publikum. To sa naj\u010dastej\u0161ie zoskupuje z\u2026","rel":"","context":"V &quot;Prevencia&quot;","block_context":{"text":"Prevencia","link":"https:\/\/preventista.sk\/info\/category\/prevencia\/"},"img":{"alt_text":"","src":"https:\/\/i0.wp.com\/preventista.sk\/info\/wp-content\/uploads\/2015\/06\/cover-2.png?fit=700%2C400&ssl=1&resize=350%2C200","width":350,"height":200,"srcset":"https:\/\/i0.wp.com\/preventista.sk\/info\/wp-content\/uploads\/2015\/06\/cover-2.png?fit=700%2C400&ssl=1&resize=350%2C200 1x, https:\/\/i0.wp.com\/preventista.sk\/info\/wp-content\/uploads\/2015\/06\/cover-2.png?fit=700%2C400&ssl=1&resize=525%2C300 1.5x, https:\/\/i0.wp.com\/preventista.sk\/info\/wp-content\/uploads\/2015\/06\/cover-2.png?fit=700%2C400&ssl=1&resize=700%2C400 2x"},"classes":[]},{"id":3703,"url":"https:\/\/preventista.sk\/info\/prieskum-2020-vzdelavanie-v-oblasti-bezpecnosti-it-a-prevencia-it-kriminality\/","url_meta":{"origin":3529,"position":3},"title":"PRIESKUM 2020: Vzdel\u00e1vanie v oblasti bezpe\u010dnosti IT a prevencia IT kriminality&#8230;.","author":"Redakcia","date":"4. marca 2020","format":false,"excerpt":"V\u00e1\u017een\u00ed pedag\u00f3govia. V r\u00e1mci na\u0161i aktiv\u00edt a predn\u00e1\u0161ok k t\u00e9mam vzdel\u00e1vanie IT bezpe\u010dnosti a prevencie IT kriminality \u0161tandardne stret\u00e1vate porovn\u00e1vacie prieskumy zameran\u00e9 na identifik\u00e1ciu v\u00fdvoja tejto problematiky z dlhodob\u00e9ho h\u013eadiska. Zistenia prezentovan\u00e9 v r\u00e1mci semin\u00e1rov s\u00fa v\u017edy predmetom zauj\u00edmavej diskusie. \u010cerp\u00e1me zo sk\u00fasenost\u00ed zo spolupr\u00e1ce so \u0161kolami i u\u010dite\u013emi ako\u2026","rel":"","context":"V &quot;Prieskumy&quot;","block_context":{"text":"Prieskumy","link":"https:\/\/preventista.sk\/info\/category\/skusenosti\/prieskumy\/"},"img":{"alt_text":"prieskum","src":"https:\/\/i0.wp.com\/preventista.sk\/info\/wp-content\/uploads\/2012\/05\/Prieskum.jpg?fit=700%2C400&ssl=1&resize=350%2C200","width":350,"height":200,"srcset":"https:\/\/i0.wp.com\/preventista.sk\/info\/wp-content\/uploads\/2012\/05\/Prieskum.jpg?fit=700%2C400&ssl=1&resize=350%2C200 1x, https:\/\/i0.wp.com\/preventista.sk\/info\/wp-content\/uploads\/2012\/05\/Prieskum.jpg?fit=700%2C400&ssl=1&resize=525%2C300 1.5x, https:\/\/i0.wp.com\/preventista.sk\/info\/wp-content\/uploads\/2012\/05\/Prieskum.jpg?fit=700%2C400&ssl=1&resize=700%2C400 2x"},"classes":[]},{"id":4977,"url":"https:\/\/preventista.sk\/info\/bud-aktivny-v-bezpecnosti-a-pomoz-ostatnym\/","url_meta":{"origin":3529,"position":4},"title":"Bu\u010f akt\u00edvny v bezpe\u010dnosti a pom\u00f4\u017e ostatn\u00fdm","author":"Redakcia","date":"29. septembra 2022","format":false,"excerpt":"Viete \u010do sa odborne naz\u00fdva peer aktivizmus? Je to aktivita v ktorej sa sk\u00fasenej\u0161\u00ed rozhodn\u00fa nezi\u0161tne vhodnou formou pom\u00e1ha\u0165 ostatn\u00fdm. My sme r\u00e1mci \u0161tartu mesiaca kybernetickej bezpe\u010dnosti sp\u00fa\u0161\u0165ame aktivitu do ktorej chceme zapoji\u0165 ka\u017ed\u00e9ho kto m\u00e1 sk\u00fasenos\u0165 s podvodn\u00edkmi o ktor\u00fa sa chce podeli\u0165 s \u010fal\u0161\u00edmi. Tak\u017ee ak patr\u00ed\u0161 k\u2026","rel":"","context":"V &quot;Akcie&quot;","block_context":{"text":"Akcie","link":"https:\/\/preventista.sk\/info\/category\/akcie\/"},"img":{"alt_text":"","src":"https:\/\/i0.wp.com\/preventista.sk\/info\/wp-content\/uploads\/2022\/09\/PODVOD-1.png?resize=350%2C200&ssl=1","width":350,"height":200,"srcset":"https:\/\/i0.wp.com\/preventista.sk\/info\/wp-content\/uploads\/2022\/09\/PODVOD-1.png?resize=350%2C200&ssl=1 1x, https:\/\/i0.wp.com\/preventista.sk\/info\/wp-content\/uploads\/2022\/09\/PODVOD-1.png?resize=525%2C300&ssl=1 1.5x, https:\/\/i0.wp.com\/preventista.sk\/info\/wp-content\/uploads\/2022\/09\/PODVOD-1.png?resize=700%2C400&ssl=1 2x, https:\/\/i0.wp.com\/preventista.sk\/info\/wp-content\/uploads\/2022\/09\/PODVOD-1.png?resize=1050%2C600&ssl=1 3x, https:\/\/i0.wp.com\/preventista.sk\/info\/wp-content\/uploads\/2022\/09\/PODVOD-1.png?resize=1400%2C800&ssl=1 4x"},"classes":[]},{"id":86,"url":"https:\/\/preventista.sk\/info\/prieskum-na-zakladnych-skolach-mesta-lucenec\/","url_meta":{"origin":3529,"position":5},"title":"Prieskum Lu\u010denec 2011","author":"J. Oster","date":"20. m\u00e1ja 2012","format":false,"excerpt":"Prieskum na z\u00e1kladn\u00fdch \u0161kol\u00e1ch mesta Lu\u010denec Situ\u00e1cia v na\u0161ich \u0161kol\u00e1ch je v posledn\u00fdch rokoch mimoriadne kr\u00edzov\u00e1. Signalizuje pre odborn\u00edkov, u\u010dite\u013eov, psychol\u00f3gov, pedag\u00f3gov, ale aj pre cel\u00fa verejnos\u0165, \u017ee je v na\u0161ej spolo\u010dnosti zjavn\u00e1 kr\u00edza rodiny, kr\u00edza v\u00fdchovy det\u00ed, kr\u00edza mor\u00e1lnych a duchovn\u00fdch hodn\u00f4t u mladistv\u00fdch. \u00a0 V s\u00fa\u010dasnej \u0161kole, ako\u2026","rel":"","context":"V &quot;Prieskumy&quot;","block_context":{"text":"Prieskumy","link":"https:\/\/preventista.sk\/info\/category\/skusenosti\/prieskumy\/"},"img":{"alt_text":"prieskum","src":"https:\/\/i0.wp.com\/preventista.sk\/info\/wp-content\/uploads\/2012\/05\/Prieskum.jpg?fit=700%2C400&ssl=1&resize=350%2C200","width":350,"height":200,"srcset":"https:\/\/i0.wp.com\/preventista.sk\/info\/wp-content\/uploads\/2012\/05\/Prieskum.jpg?fit=700%2C400&ssl=1&resize=350%2C200 1x, https:\/\/i0.wp.com\/preventista.sk\/info\/wp-content\/uploads\/2012\/05\/Prieskum.jpg?fit=700%2C400&ssl=1&resize=525%2C300 1.5x, https:\/\/i0.wp.com\/preventista.sk\/info\/wp-content\/uploads\/2012\/05\/Prieskum.jpg?fit=700%2C400&ssl=1&resize=700%2C400 2x"},"classes":[]}],"_links":{"self":[{"href":"https:\/\/preventista.sk\/info\/wp-json\/wp\/v2\/posts\/3529","targetHints":{"allow":["GET"]}}],"collection":[{"href":"https:\/\/preventista.sk\/info\/wp-json\/wp\/v2\/posts"}],"about":[{"href":"https:\/\/preventista.sk\/info\/wp-json\/wp\/v2\/types\/post"}],"author":[{"embeddable":true,"href":"https:\/\/preventista.sk\/info\/wp-json\/wp\/v2\/users\/3"}],"replies":[{"embeddable":true,"href":"https:\/\/preventista.sk\/info\/wp-json\/wp\/v2\/comments?post=3529"}],"version-history":[{"count":5,"href":"https:\/\/preventista.sk\/info\/wp-json\/wp\/v2\/posts\/3529\/revisions"}],"predecessor-version":[{"id":3538,"href":"https:\/\/preventista.sk\/info\/wp-json\/wp\/v2\/posts\/3529\/revisions\/3538"}],"wp:featuredmedia":[{"embeddable":true,"href":"https:\/\/preventista.sk\/info\/wp-json\/wp\/v2\/media\/3537"}],"wp:attachment":[{"href":"https:\/\/preventista.sk\/info\/wp-json\/wp\/v2\/media?parent=3529"}],"wp:term":[{"taxonomy":"category","embeddable":true,"href":"https:\/\/preventista.sk\/info\/wp-json\/wp\/v2\/categories?post=3529"},{"taxonomy":"post_tag","embeddable":true,"href":"https:\/\/preventista.sk\/info\/wp-json\/wp\/v2\/tags?post=3529"}],"curies":[{"name":"wp","href":"https:\/\/api.w.org\/{rel}","templated":true}]}}