{"id":389,"date":"2013-07-23T13:38:59","date_gmt":"2013-07-23T11:38:59","guid":{"rendered":"http:\/\/preventista.sk\/info\/?p=389"},"modified":"2014-02-03T14:23:19","modified_gmt":"2014-02-03T13:23:19","slug":"referencie","status":"publish","type":"post","link":"https:\/\/preventista.sk\/info\/referencie\/","title":{"rendered":"Referencie"},"content":{"rendered":"<hr \/>\n<p style=\"text-align: justify; margin: 20px 0px;\"><em><a href=\"https:\/\/i0.wp.com\/preventista.sk\/info\/wp-content\/uploads\/2013\/07\/logo_sg_lc.jpg?ssl=1\"><img data-recalc-dims=\"1\" loading=\"lazy\" decoding=\"async\" data-attachment-id=\"393\" data-permalink=\"https:\/\/preventista.sk\/info\/referencie\/logo_sg_lc\/\" data-orig-file=\"https:\/\/i0.wp.com\/preventista.sk\/info\/wp-content\/uploads\/2013\/07\/logo_sg_lc.jpg?fit=159%2C159&amp;ssl=1\" data-orig-size=\"159,159\" data-comments-opened=\"1\" data-image-meta=\"{&quot;aperture&quot;:&quot;0&quot;,&quot;credit&quot;:&quot;&quot;,&quot;camera&quot;:&quot;&quot;,&quot;caption&quot;:&quot;&quot;,&quot;created_timestamp&quot;:&quot;0&quot;,&quot;copyright&quot;:&quot;&quot;,&quot;focal_length&quot;:&quot;0&quot;,&quot;iso&quot;:&quot;0&quot;,&quot;shutter_speed&quot;:&quot;0&quot;,&quot;title&quot;:&quot;&quot;}\" data-image-title=\"logo_sg_lc\" data-image-description=\"\" data-image-caption=\"\" data-large-file=\"https:\/\/i0.wp.com\/preventista.sk\/info\/wp-content\/uploads\/2013\/07\/logo_sg_lc.jpg?fit=159%2C159&amp;ssl=1\" class=\"alignleft  wp-image-393\" alt=\"logo_sg_lc\" src=\"https:\/\/i0.wp.com\/preventista.sk\/info\/wp-content\/uploads\/2013\/07\/logo_sg_lc.jpg?resize=86%2C86&#038;ssl=1\" width=\"86\" height=\"86\" srcset=\"https:\/\/i0.wp.com\/preventista.sk\/info\/wp-content\/uploads\/2013\/07\/logo_sg_lc.jpg?w=159&amp;ssl=1 159w, https:\/\/i0.wp.com\/preventista.sk\/info\/wp-content\/uploads\/2013\/07\/logo_sg_lc.jpg?resize=150%2C150&amp;ssl=1 150w, https:\/\/i0.wp.com\/preventista.sk\/info\/wp-content\/uploads\/2013\/07\/logo_sg_lc.jpg?resize=38%2C38&amp;ssl=1 38w\" sizes=\"auto, (max-width: 86px) 100vw, 86px\" \/><\/a>&#8222;Vysok\u00e1 odbornos\u0165, zanietenie \u017eiakov v n\u00e1sledn\u00fdch diskusi\u00e1ch k jednotliv\u00fdm t\u00e9mam a rad nadv\u00e4zuj\u00facich aktiv\u00edt k danej problematike, ako aj pokra\u010duj\u00faca spolupr\u00e1ca jasne pouk\u00e1zali spr\u00e1vnos\u0165 rozhodnutia vedenia \u0161koly opakovane pozva\u0165 predn\u00e1\u0161aj\u00faceho na p\u00f4du na\u0161ej \u0161koly. V tejto tendencii hodl\u00e1me po prvotn\u00fdch sk\u00fasenostiach pokra\u010dova\u0165 a na z\u00e1klade vlastnej sk\u00fasenosti odpor\u00fa\u010dame.&#8220;\u00a0\u00a0 RNDr.Vladim\u00edr <\/em><em>Fekia\u010d<\/em><\/p>\n<p style=\"text-align: right;\">\u00a0\u00a0<a href=\"http:\/\/www.infoconsult.sk\/domain\/icinfo\/files\/ref_SGLC.pdf\" target=\"_blank\"><img data-recalc-dims=\"1\" decoding=\"async\" style=\"height: 17px; width: 15px; border: 0px solid;\" alt=\"\" src=\"https:\/\/i0.wp.com\/preventista.sk\/info\/wp-content\/uploads\/2013\/07\/ACP_PDF-2_file_document.png?ssl=1\" \/><\/a> <a href=\"http:\/\/www.infoconsult.sk\/domain\/icinfo\/files\/ref_SGLC.pdf\" target=\"_blank\">referen\u010dn\u00fd list<\/a><\/p>\n<hr \/>\n<p style=\"margin: 20px 0px;\">\u00a0<a href=\"https:\/\/i0.wp.com\/preventista.sk\/info\/wp-content\/uploads\/2013\/07\/logo_GBSTLC.jpg?ssl=1\"><img data-recalc-dims=\"1\" loading=\"lazy\" decoding=\"async\" data-attachment-id=\"392\" data-permalink=\"https:\/\/preventista.sk\/info\/referencie\/logo_gbstlc\/\" data-orig-file=\"https:\/\/i0.wp.com\/preventista.sk\/info\/wp-content\/uploads\/2013\/07\/logo_GBSTLC.jpg?fit=614%2C170&amp;ssl=1\" data-orig-size=\"614,170\" data-comments-opened=\"1\" data-image-meta=\"{&quot;aperture&quot;:&quot;0&quot;,&quot;credit&quot;:&quot;&quot;,&quot;camera&quot;:&quot;&quot;,&quot;caption&quot;:&quot;&quot;,&quot;created_timestamp&quot;:&quot;0&quot;,&quot;copyright&quot;:&quot;&quot;,&quot;focal_length&quot;:&quot;0&quot;,&quot;iso&quot;:&quot;0&quot;,&quot;shutter_speed&quot;:&quot;0&quot;,&quot;title&quot;:&quot;&quot;}\" data-image-title=\"logo_GBSTLC\" data-image-description=\"\" data-image-caption=\"\" data-large-file=\"https:\/\/i0.wp.com\/preventista.sk\/info\/wp-content\/uploads\/2013\/07\/logo_GBSTLC.jpg?fit=614%2C170&amp;ssl=1\" class=\"alignnone  wp-image-392\" alt=\"logo_GBSTLC\" src=\"https:\/\/i0.wp.com\/preventista.sk\/info\/wp-content\/uploads\/2013\/07\/logo_GBSTLC.jpg?resize=368%2C102&#038;ssl=1\" width=\"368\" height=\"102\" srcset=\"https:\/\/i0.wp.com\/preventista.sk\/info\/wp-content\/uploads\/2013\/07\/logo_GBSTLC.jpg?w=614&amp;ssl=1 614w, https:\/\/i0.wp.com\/preventista.sk\/info\/wp-content\/uploads\/2013\/07\/logo_GBSTLC.jpg?resize=300%2C83&amp;ssl=1 300w\" sizes=\"auto, (max-width: 368px) 100vw, 368px\" \/><\/a><\/p>\n<p style=\"text-align: justify; margin: 20px 0px;\"><em>&#8222;D\u00f4vodom spokojnosti je vysok\u00e1 fundovanos\u0165 a profesionalita v oblasti vzdel\u00e1vania na\u0161ich \u017eiakov a prevencie IT kriminality .&#8220;\u00a0\u00a0<\/em><\/p>\n<p style=\"text-align: justify; margin: 20px 0px;\">\u00a0<em>PaedDr. Elena Melicherov\u00e1, riadite\u013eka \u0161koly\u00a0<\/em><\/p>\n<p style=\"text-align: right;\">\u00a0\u00a0<a href=\"\/domain\/icinfo\/files\/ref_GBSTLC.pdf\" target=\"_blank\"><img data-recalc-dims=\"1\" decoding=\"async\" style=\"height: 17px; width: 15px; border: 0px solid;\" alt=\"\" src=\"https:\/\/i0.wp.com\/preventista.sk\/info\/wp-content\/uploads\/2013\/07\/ACP_PDF-2_file_document.png?ssl=1\" \/><\/a> <a href=\"http:\/\/www.infoconsult.sk\/domain\/icinfo\/files\/ref_GBSTLC.pdf\" target=\"_blank\">referen\u010dn\u00fd list<\/a><\/p>\n<hr \/>\n<p style=\"margin: 20px 0px;\"><strong>v\u017edy usmiaty Milo\u0161 B\u00e9lik, u\u010dite\u013e matematiky, Bratislava, osobnos\u0165 zn\u00e1ma z telev\u00edznej\u00a0rel\u00e1cie 9.A<\/strong><\/p>\n<p style=\"margin: 20px 0px;\"><em>&#8220; Po\u010d\u00favate\u013en\u00fd, zauj\u00edmav\u00fd, chyt\u013eav\u00fd&#8230;ak by som musel charakterizova\u0165 moju sk\u00fasenos\u0165 s p\u00e1nom Osterom a jeho prejavom, napadli by ma tieto slov\u00e1.<\/em><\/p>\n<p style=\"margin: 20px 0px;\"><em>M\u00e1lokedy si rob\u00edm pozn\u00e1mky z predn\u00e1\u0161ok. Ujo Jaro mi ani \u0161ancu nedal. Od prv\u00fdch min\u00fat som sa ponoril do pr\u00edbehu, z ktor\u00e9ho som sa nechtiac musel prebra\u0165 po takmer dvoch hodin\u00e1ch. Bol som nato\u013eko o\u010daren\u00fd sp\u00f4sobom prednesu a zamysleniahodn\u00fdmi vedomos\u0165ami, \u017ee po n\u00e1vrate na &#8222;kme\u0148ov\u00fa \u0161kolu&#8220; som sa hral na chlap\u00edka, \u010do sa rozumie IT hrozb\u00e1m a kriminalite ako on. A deti to brali. Ale ja viem, \u017ee som to len hral. Ten skuto\u010dn\u00fd m\u00e1g, ver\u00edm, k na\u0161im de\u0165om e\u0161te len zabl\u00fadi. Te\u0161\u00edme sa.\u00a0 Jarko, v\u010faka.&#8220;<\/em><\/p>\n<hr \/>\n<p style=\"margin: 20px 0px;\">\u00a0<strong>Jaroslav \u0160indler, koordin\u00e1tor\u00a0 Pil CoE\u00a0 <\/strong><a href=\"http:\/\/www.jardasindler.cz\/\">http:\/\/www.jardasindler.cz\/<\/a><\/p>\n<p style=\"margin: 20px 0px;\"><a href=\"https:\/\/i0.wp.com\/preventista.sk\/info\/wp-content\/uploads\/2013\/07\/microsoft.jpg?ssl=1\"><img data-recalc-dims=\"1\" loading=\"lazy\" decoding=\"async\" data-attachment-id=\"394\" data-permalink=\"https:\/\/preventista.sk\/info\/referencie\/microsoft\/\" data-orig-file=\"https:\/\/i0.wp.com\/preventista.sk\/info\/wp-content\/uploads\/2013\/07\/microsoft.jpg?fit=110%2C24&amp;ssl=1\" data-orig-size=\"110,24\" data-comments-opened=\"1\" data-image-meta=\"{&quot;aperture&quot;:&quot;0&quot;,&quot;credit&quot;:&quot;&quot;,&quot;camera&quot;:&quot;&quot;,&quot;caption&quot;:&quot;&quot;,&quot;created_timestamp&quot;:&quot;0&quot;,&quot;copyright&quot;:&quot;&quot;,&quot;focal_length&quot;:&quot;0&quot;,&quot;iso&quot;:&quot;0&quot;,&quot;shutter_speed&quot;:&quot;0&quot;,&quot;title&quot;:&quot;&quot;}\" data-image-title=\"microsoft\" data-image-description=\"\" data-image-caption=\"\" data-large-file=\"https:\/\/i0.wp.com\/preventista.sk\/info\/wp-content\/uploads\/2013\/07\/microsoft.jpg?fit=110%2C24&amp;ssl=1\" class=\"alignnone size-full wp-image-394\" alt=\"microsoft\" src=\"https:\/\/i0.wp.com\/preventista.sk\/info\/wp-content\/uploads\/2013\/07\/microsoft.jpg?resize=110%2C24&#038;ssl=1\" width=\"110\" height=\"24\" \/><\/a><\/p>\n<p style=\"text-align: justify; margin: 20px 0px;\"><em>&#8222;U\u010d\u00edme d\u011bti, \u017e\u00e1ky i kolegy pou\u017e\u00edvat spousty novinek z oblasti informa\u010dn\u00edch a telekomunika\u010dn\u00edch technologi\u00ed. Seznamujeme se denn\u011b s nov\u00fdmi aplikacemi, technick\u00fdmi vymo\u017eenostmi a funkcionalitami soci\u00e1ln\u00edch s\u00edt\u00ed. M\u00e1lokdy v\u0161ak mysl\u00edme i na druhou stranu v\u011bci.<\/em><\/p>\n<p style=\"text-align: justify; margin: 20px 0px;\"><em>Technologie nejsou jen u\u017eite\u010dn\u00e9, ale p\u0159i nespr\u00e1vn\u00e9m pou\u017e\u00edv\u00e1n\u00ed mohou skr\u00fdvat mnoh\u00e1 nebezpe\u010d\u00ed. Zejm\u00e9na na\u0161i \u017e\u00e1ci a studenti maj\u00ed k technick\u00fdm vymo\u017eenostem bl\u00edzko a jsou jim p\u0159irozenost\u00ed. Nau\u010d\u00ed se je velmi rychle ovl\u00e1dat. Ale neznaj\u00ed a nevn\u00edmaj\u00ed potenci\u00e1ln\u00ed rizika v t\u00e9to oblasti. <\/em><\/p>\n<p style=\"text-align: justify; margin: 20px 0px;\"><em>C\u00edlem s\u00e9rie p\u0159edn\u00e1\u0161ek Jaroslava Ostera s tematikou prevence bezpe\u010dnostn\u00edch rizik, kriminality na internetu a \u0159e\u0161en\u00ed probl\u00e9m\u016f p\u0159i pou\u017e\u00edv\u00e1n\u00ed technologi\u00ed, je sezn\u00e1mit pedagogy s touto oblast\u00ed. Na jednoduch\u00fdch a hlavn\u011b re\u00e1ln\u00fdch p\u0159\u00edkladech ze \u017eivota bezpe\u010dnostn\u00edho experta demonstruje, jak z\u00e1ludn\u00e9 mohou b\u00fdt technologie a jak snadno se m\u016f\u017eeme p\u0159i jejich vyu\u017e\u00edv\u00e1n\u00ed dostat do nesn\u00e1z\u00ed.<\/em><\/p>\n<p style=\"text-align: justify; margin: 20px 0px;\"><em>Zaj\u00edmav\u00e9 a d\u016fle\u017eit\u00e9 informace m\u016f\u017eete z\u00edskat s\u00edti Facebook ve skupin\u011b Prevence IT kriminality, bezpe\u010dnost (<\/em><a href=\"https:\/\/www.facebook.com\/groups\/199934966792706\/\">https:\/\/www.facebook.com\/groups\/199934966792706\/<\/a> <em>).\u00a0 <\/em><em>Nezapom\u00ednejte sv\u00e9 \u017e\u00e1ky u\u010dit pou\u017e\u00edvat ICT (IKT) technologie bezpe\u010dn\u011b a v intenc\u00edch z\u00e1konn\u00fdch i spole\u010densk\u00fdch norem.&#8220;<\/em><\/p>\n<hr \/>\n<p style=\"margin: 20px 0px;\">\u00a0<strong>Z\u00e1kladn\u00e1 \u0161kola Ni\u017en\u00fd Kl\u00e1tov<\/strong><\/p>\n<p style=\"text-align: justify; margin: 20px 0px;\"><em>&#8222;&#8230;. V r\u00e1mci prevencie IT kriminality budeme Va\u0161u \u010dinnos\u0165 propagova\u0165 a odpor\u00fa\u010da\u0165 aj do bud\u00facnosti a preto V\u00e1s znova radi u n\u00e1s priv\u00edtame, d\u00fafame v\u0161ak, \u017ee aj za pr\u00edtomnosti rodi\u010dov. M\u00f4\u017eete teda tento \u010fakovn\u00fd list pova\u017eova\u0165 aj za pozvanie na \u010fal\u0161iu besedu. &#8222;<\/em><\/p>\n<p style=\"text-align: justify; margin: 20px 0px;\"><em>Mgr.Anna Hud\u00e1kov\u00e1, riadite\u013eka Z\u0160<\/em><\/p>\n<p style=\"text-align: right;\">\u00a0\u00a0<a href=\"\/domain\/icinfo\/files\/ref_NKlatov.pdf\" target=\"_blank\"><img data-recalc-dims=\"1\" decoding=\"async\" style=\"height: 17px; width: 15px; border: 0px solid;\" alt=\"\" src=\"https:\/\/i0.wp.com\/preventista.sk\/info\/wp-content\/uploads\/2013\/07\/ACP_PDF-2_file_document.png?ssl=1\" \/><\/a> <a href=\"http:\/\/www.infoconsult.sk\/domain\/icinfo\/files\/ref_NKlatov.pdf\" target=\"_blank\">referen\u010dn\u00fd list<\/a><\/p>\n<hr \/>\n<p style=\"margin: 20px 0px;\">\u00a0<strong>Z\u00e1kladn\u00e1 \u0161kola Ladislava Novomesk\u00e9ho Lu\u010denec<\/strong><\/p>\n<p style=\"text-align: justify; margin: 20px 0px;\"><em>&#8222;&#8230;. \u010dinnos\u0165 sa u\u017e zap\u00edsala do povedomia \u0161k\u00f4l, obyvate\u013eov mesta ako aj r\u00f4znych spolo\u010densk\u00fdch organiz\u00e1ci\u00ed a zdru\u017een\u00ed.&#8220;<\/em><\/p>\n<p style=\"text-align: justify; margin: 20px 0px;\"><em>Mgr.Jana Dud\u00e1\u0161ov\u00e1, riadite\u013eka Z\u0160<\/em><\/p>\n<p style=\"text-align: right;\">\u00a0\u00a0<a href=\"\/domain\/icinfo\/files\/ref_ZSLNLC.pdf\" target=\"_blank\"><img data-recalc-dims=\"1\" decoding=\"async\" style=\"height: 17px; width: 15px; border: 0px solid;\" alt=\"\" src=\"https:\/\/i0.wp.com\/preventista.sk\/info\/wp-content\/uploads\/2013\/07\/ACP_PDF-2_file_document.png?ssl=1\" \/><\/a> <a href=\"http:\/\/www.infoconsult.sk\/domain\/icinfo\/files\/ref_ZSLNLC.pdf\" target=\"_blank\">referen\u010dn\u00fd list<\/a><\/p>\n<hr \/>\n<p style=\"margin: 20px 0px;\">\u00a0<strong>Klub modern\u00fdch u\u010dite\u013eov PRIMAKLUB Ko\u0161ice<\/strong><\/p>\n<p style=\"text-align: justify; margin: 20px 0px;\"><em>&#8222;&#8230;. odborn\u00e9, aktualizovan\u00e9 a vhodne doplnen\u00e9 pr\u00edkladmi z re\u00e1lneho \u017eivota, rozhodne patria do \u0161kolsk\u00e9ho prostredia. Mali by by\u0165 povinn\u00e9. Ako pre pedag\u00f3gov, ktor\u00fdm samovzdel\u00e1vanie je zd\u00e1 sa jedinou cestou k z\u00edskaniu aktu\u00e1lnych inform\u00e1ci\u00ed v danej oblasti, tak aj pre deti.&#8220;<\/em><\/p>\n<p style=\"text-align: justify; margin: 20px 0px;\"><em>Ibolya Straussov\u00e1, ved\u00faca PRIMAklubu<\/em><\/p>\n<p style=\"text-align: right;\">\u00a0\u00a0<a href=\"\/domain\/icinfo\/files\/ref_primaklub.pdf\" target=\"_blank\"><img data-recalc-dims=\"1\" decoding=\"async\" style=\"height: 17px; width: 15px; border: 0px solid;\" alt=\"\" src=\"https:\/\/i0.wp.com\/preventista.sk\/info\/wp-content\/uploads\/2013\/07\/ACP_PDF-2_file_document.png?ssl=1\" \/><\/a> <a href=\"http:\/\/www.infoconsult.sk\/domain\/icinfo\/files\/ref_primaklub.pdf\" target=\"_blank\">referen\u010dn\u00fd list<\/a><\/p>\n<hr \/>\n<p style=\"margin: 20px 0px;\"><strong>\u00a0Gymn\u00e1zium Tom\u00e1\u0161a Akvinsk\u00e9ho Ko\u0161ice<\/strong><\/p>\n<p style=\"text-align: justify; margin: 20px 0px;\"><em>&#8222;Odozvy na predn\u00e1\u0161ku od \u00fa\u010dastn\u00edkov boli ve\u013emi priazniv\u00e9. Ve\u013ea u\u010dite\u013eov prejavilo z\u00e1ujem o predn\u00e1\u0161ky Ing. Ostera a v bud\u00facnosti pl\u00e1nuj\u00fa pozva\u0165 tohto odborn\u00edka na svoje \u0161koly&#8220;<\/em><\/p>\n<p style=\"text-align: justify; margin: 20px 0px;\"><em>Ing.Kvetoslava Dankov\u00e1, ved\u00faca KMU pri GTA Ko\u0161ice<\/em><\/p>\n<p style=\"text-align: right;\">\u00a0\u00a0<a href=\"\/domain\/icinfo\/files\/ref_gtake.pdf\" target=\"_blank\"><img data-recalc-dims=\"1\" decoding=\"async\" style=\"height: 17px; width: 15px; border: 0px solid;\" alt=\"\" src=\"https:\/\/i0.wp.com\/preventista.sk\/info\/wp-content\/uploads\/2013\/07\/ACP_PDF-2_file_document.png?ssl=1\" \/><\/a> <a href=\"http:\/\/www.infoconsult.sk\/domain\/icinfo\/files\/ref_gtake.pdf\" target=\"_blank\">referen\u010dn\u00fd list<\/a><\/p>\n<hr \/>\n<p style=\"margin: 20px 0px;\"><img data-recalc-dims=\"1\" decoding=\"async\" style=\"float: right;\" alt=\"\" src=\"https:\/\/i0.wp.com\/www.infoconsult.sk\/resize\/domain\/icinfo\/files\/images\/logo_ndubn.jpg\" \/><\/p>\n<p><em>&#8222;\u0160kolenie Bezpe\u010dnostn\u00e9 minimum pou\u017e\u00edvate\u013ea IT (Kriminalita v IT) bolo vykonan\u00e9 pre deti z\u00e1kladn\u00fdch \u0161k\u00f4l, s kladn\u00fdm ohlasom ako u det\u00ed, tak i u pedag\u00f3gov \u0161k\u00f4l.&#8220;<\/em><\/p>\n<p style=\"text-align: right;\">\u00a0<em><strong>BESEDA &#8211; PO\u010c\u00cdTA\u010cOV\u00c1 KRIMINALITA<\/strong><\/em><\/p>\n<p style=\"font-style: italic; text-align: justify; margin-top: 10px;\">Po\u010d\u00edta\u010dov\u00e1 kriminalita a trestno-pr\u00e1vna zodpovednos\u0165 &#8211; aktu\u00e1lna t\u00e9ma, ktor\u00e1 oslovila aj novodubnick\u00fdch \u017eiakov. 23. j\u00fana mestsk\u00e1 pol\u00edcia v spolupr\u00e1ci s firmou Info consult, s.r.o. Lu\u010denec usporiadala besedu na t\u00fato t\u00e9mu. Pre ve\u013ek\u00fd z\u00e1ujem sa vytvorili dve skupiny po 250 \u017eiakov 6. &#8211; 9. ro\u010dn\u00edka zo v\u0161etk\u00fdch z\u00e1kladn\u00fdch \u0161k\u00f4l v meste. Predn\u00e1\u0161aj\u00faci Ing. Oster &#8211; s\u00fadny znalec v oblasti v\u00fdpo\u010dtovej techniky \u017eiakom jednoduch\u00fdm a p\u00fatav\u00fdm sp\u00f4sobom op\u00edsal rizik\u00e1, ktor\u00e9 \u010d\u00edhaj\u00fa na n\u00e1s u\u017e\u00edvate\u013eov internetu a v\u00fdpo\u010dtovej techniky. Z mno\u017estva ot\u00e1zok, ktor\u00e9 \u017eiaci d\u00e1vali predn\u00e1\u0161aj\u00facemu m\u00f4\u017eme us\u00fadi\u0165, \u017ee predn\u00e1\u0161ka mala pozit\u00edvny ohlas. Pol\u00edcia zaznamenala u\u017e aj prv\u00fd pr\u00edpad vydierania cez internet.<\/p>\n<p style=\"font-style: italic; text-align: right; margin-top: 10px;\">R\u00f3bert Brezina, z\u00e1stupca n\u00e1\u010deln\u00edka MsP<\/p>\n<hr \/>\n<p>&nbsp;<\/p>\n","protected":false},"excerpt":{"rendered":"<p>&#8222;Vysok\u00e1 odbornos\u0165, zanietenie \u017eiakov v n\u00e1sledn\u00fdch diskusi\u00e1ch k jednotliv\u00fdm t\u00e9mam a rad nadv\u00e4zuj\u00facich aktiv\u00edt k danej problematike, ako aj pokra\u010duj\u00faca spolupr\u00e1ca jasne pouk\u00e1zali spr\u00e1vnos\u0165 rozhodnutia vedenia \u0161koly opakovane pozva\u0165 predn\u00e1\u0161aj\u00faceho na p\u00f4du na\u0161ej \u0161koly. V tejto tendencii hodl\u00e1me po prvotn\u00fdch sk\u00fasenostiach pokra\u010dova\u0165 a na z\u00e1klade vlastnej sk\u00fasenosti odpor\u00fa\u010dame.&#8220;\u00a0\u00a0 RNDr.Vladim\u00edr Fekia\u010d \u00a0\u00a0 referen\u010dn\u00fd list \u00a0 &#8222;D\u00f4vodom [&hellip;]<\/p>\n","protected":false},"author":1,"featured_media":1917,"comment_status":"open","ping_status":"open","sticky":false,"template":"","format":"standard","meta":{"jetpack_post_was_ever_published":false,"_jetpack_newsletter_access":"","_jetpack_dont_email_post_to_subs":false,"_jetpack_newsletter_tier_id":0,"_jetpack_memberships_contains_paywalled_content":false,"_jetpack_memberships_contains_paid_content":false,"footnotes":""},"categories":[15],"tags":[54,55],"class_list":["post-389","post","type-post","status-publish","format-standard","has-post-thumbnail","hentry","category-zaujalo","tag-o-nas","tag-referencie"],"aioseo_notices":[],"jetpack_featured_media_url":"https:\/\/i0.wp.com\/preventista.sk\/info\/wp-content\/uploads\/2013\/03\/PreventistaSK.jpg?fit=700%2C400&ssl=1","jetpack_sharing_enabled":true,"jetpack-related-posts":[{"id":5445,"url":"https:\/\/preventista.sk\/info\/sutaz-pre-zakladne-a-stredne-skoly\/","url_meta":{"origin":389,"position":0},"title":"S\u00fa\u0165a\u017e pre z\u00e1kladn\u00e9 a stredn\u00e9 \u0161koly","author":"Redakcia","date":"30. novembra 2023","format":false,"excerpt":"PREDL\u017dUJEME REGISTR\u00c1CIU DO PRACOVN\u00c9HO T\u00dd\u017dD\u0147A- UZ\u00c1VIERKA: 13.12.2023 r\u00e1no 10:00 Ke\u010f\u017ee 30. november je od roku 1988 vyhl\u00e1sen\u00fd ako De\u0148 po\u010d\u00edta\u010dovej bezpe\u010dnosti, rozhodli sme sa na oslavu tohto kyberbezpe\u010dnostn\u00e9ho \u201csviatku\u201d zorganizova\u0165 s\u00fa\u0165a\u017e pre stredn\u00e9 \u0161koly\/gymn\u00e1zi\u00e1 a z\u00e1kladn\u00e9 \u0161koly. S\u00fa\u0165a\u017e vyhlasujeme za \u00fa\u010delom zvy\u0161ovania bezpe\u010dnostn\u00e9ho povedomia jednej z najkritickej\u0161\u00edch skup\u00edn - seniorov.\u2026","rel":"","context":"V &quot;Aktu\u00e1lne&quot;","block_context":{"text":"Aktu\u00e1lne","link":"https:\/\/preventista.sk\/info\/category\/akcie\/aktualne\/"},"img":{"alt_text":"","src":"https:\/\/i0.wp.com\/preventista.sk\/info\/wp-content\/uploads\/2023\/11\/nauc-babicku-1.png?resize=350%2C200&ssl=1","width":350,"height":200,"srcset":"https:\/\/i0.wp.com\/preventista.sk\/info\/wp-content\/uploads\/2023\/11\/nauc-babicku-1.png?resize=350%2C200&ssl=1 1x, https:\/\/i0.wp.com\/preventista.sk\/info\/wp-content\/uploads\/2023\/11\/nauc-babicku-1.png?resize=525%2C300&ssl=1 1.5x, https:\/\/i0.wp.com\/preventista.sk\/info\/wp-content\/uploads\/2023\/11\/nauc-babicku-1.png?resize=700%2C400&ssl=1 2x"},"classes":[]},{"id":5235,"url":"https:\/\/preventista.sk\/info\/pripravujete-do-noveho-skolskeho-roka-vyuku-tem-it-bezpecnosti-na-vasej-skole\/","url_meta":{"origin":389,"position":1},"title":"Pripravujete do nov\u00e9ho \u0161kolsk\u00e9ho roka v\u00fduku t\u00e9m IT bezpe\u010dnosti na Va\u0161ej \u0161kole?","author":"Redakcia","date":"9. j\u00fana 2023","format":false,"excerpt":"Pl\u00e1nujete vyu\u017ei\u0165 pr\u00e1zdniny na pr\u00edpravu vzdel\u00e1vania informa\u010dnej a kybernetickej bezpe\u010dnosti na Va\u0161ej \u0161kole? H\u013ead\u00e1te vhodn\u00e9 u\u010debnice? Pripravili sme pre V\u00e1s jednoduch\u00fd s\u00fahrn, \u010do kde m\u00f4\u017eete n\u00e1js\u0165\/ z\u00edska\u0165. Z\u00e1kladn\u00e9 \u0161koly B\u00e1jky pre kyber-hrdinov a detekt\u00edvov elektronick\u00e1 verzia na vo\u013en\u00e9 stiahnutie B\u00e1jky pre kyber-hrdinov a detekt\u00edvov - 1 (preventista.sk) U\u010debnica informa\u010dnej bezpe\u010dnosti\u2026","rel":"","context":"V &quot;Bezpe\u010dnos\u0165&quot;","block_context":{"text":"Bezpe\u010dnos\u0165","link":"https:\/\/preventista.sk\/info\/category\/itbezp\/"},"img":{"alt_text":"","src":"https:\/\/i0.wp.com\/preventista.sk\/info\/wp-content\/uploads\/2023\/06\/skola2023.png?resize=350%2C200&ssl=1","width":350,"height":200,"srcset":"https:\/\/i0.wp.com\/preventista.sk\/info\/wp-content\/uploads\/2023\/06\/skola2023.png?resize=350%2C200&ssl=1 1x, https:\/\/i0.wp.com\/preventista.sk\/info\/wp-content\/uploads\/2023\/06\/skola2023.png?resize=525%2C300&ssl=1 1.5x, https:\/\/i0.wp.com\/preventista.sk\/info\/wp-content\/uploads\/2023\/06\/skola2023.png?resize=700%2C400&ssl=1 2x"},"classes":[]},{"id":5928,"url":"https:\/\/preventista.sk\/info\/daruj-ucebnice-o-informacnej-bezpecnosti-skole\/","url_meta":{"origin":389,"position":2},"title":"Daruj u\u010debnice o informa\u010dnej bezpe\u010dnosti \u0161kole","author":"Redakcia","date":"31. marca 2025","format":false,"excerpt":"My\u0161lienka vytvori\u0165 koncept, ktor\u00fd umo\u017en\u00ed profesion\u00e1lom z oblasti informa\u010dnej a kybernetickej bezpe\u010dnosti podpori\u0165 slovensk\u00e9 stredn\u00e9 \u0161koly a gymn\u00e1zi\u00e1 dozrievala takmer rok a \u010dakali sme na okamih kedy bude n\u00e1\u0161 pl\u00e1novan\u00fd set pozost\u00e1vaj\u00faci z troch \u010dast\u00ed U\u010debnice informa\u010dnej bezpe\u010dnosti pre stredn\u00e9 odborn\u00e9 \u0161koly a gymn\u00e1zi\u00e1 kompletn\u00fd. A ten okamih nastal. A\u2026","rel":"","context":"V &quot;Aktu\u00e1lne&quot;","block_context":{"text":"Aktu\u00e1lne","link":"https:\/\/preventista.sk\/info\/category\/akcie\/aktualne\/"},"img":{"alt_text":"","src":"https:\/\/i0.wp.com\/preventista.sk\/info\/wp-content\/uploads\/2024\/05\/daruj_skole.png?resize=350%2C200&ssl=1","width":350,"height":200,"srcset":"https:\/\/i0.wp.com\/preventista.sk\/info\/wp-content\/uploads\/2024\/05\/daruj_skole.png?resize=350%2C200&ssl=1 1x, https:\/\/i0.wp.com\/preventista.sk\/info\/wp-content\/uploads\/2024\/05\/daruj_skole.png?resize=525%2C300&ssl=1 1.5x, https:\/\/i0.wp.com\/preventista.sk\/info\/wp-content\/uploads\/2024\/05\/daruj_skole.png?resize=700%2C400&ssl=1 2x"},"classes":[]},{"id":5088,"url":"https:\/\/preventista.sk\/info\/bezpecnost-skol-z-pohladu-rodicov\/","url_meta":{"origin":389,"position":3},"title":"Bezpe\u010dnos\u0165 \u0161k\u00f4l (z poh\u013eadu rodi\u010dov)","author":"Veronika Pol\u00e1kov\u00e1","date":"16. janu\u00e1ra 2023","format":false,"excerpt":"Na z\u00e1klade medializovan\u00fdch pr\u00edpadov o\u00a0agres\u00edvnych \u00fatokoch na \u0161kol\u00e1ch sme sa rozhodli v obdob\u00ed okt\u00f3ber a\u017e december 2022 formou online dotazn\u00edka zrealizova\u0165 prieskum na t\u00e9mu bezpe\u010dnosti \u0161k\u00f4l. Osloven\u00e9 boli 4 v\u00e4\u010d\u0161ie rodi\u010dovsk\u00e9 skupiny na jednej zo soci\u00e1lnych siet\u00ed. P\u00fdtali sme do akej miery rodi\u010dia pova\u017euj\u00fa \u0161kolu, ktor\u00fa ich die\u0165a nav\u0161tevuje za\u2026","rel":"","context":"V &quot;Bezpe\u010dnos\u0165&quot;","block_context":{"text":"Bezpe\u010dnos\u0165","link":"https:\/\/preventista.sk\/info\/category\/itbezp\/"},"img":{"alt_text":"","src":"https:\/\/i0.wp.com\/preventista.sk\/info\/wp-content\/uploads\/2023\/01\/image.png?resize=350%2C200&ssl=1","width":350,"height":200,"srcset":"https:\/\/i0.wp.com\/preventista.sk\/info\/wp-content\/uploads\/2023\/01\/image.png?resize=350%2C200&ssl=1 1x, https:\/\/i0.wp.com\/preventista.sk\/info\/wp-content\/uploads\/2023\/01\/image.png?resize=525%2C300&ssl=1 1.5x, https:\/\/i0.wp.com\/preventista.sk\/info\/wp-content\/uploads\/2023\/01\/image.png?resize=700%2C400&ssl=1 2x"},"classes":[]},{"id":6204,"url":"https:\/\/preventista.sk\/info\/a-prisiel-mikulas-s-plnym-kosom\/","url_meta":{"origin":389,"position":4},"title":"&#8230; a pri\u0161iel Mikul\u00e1\u0161 s pln\u00fdm ko\u0161om","author":"Redakcia","date":"5. decembra 2024","format":false,"excerpt":"Mikul\u00e1\u0161 tento rok neobi\u0161iel ani slovensk\u00e9 \u0161koly a ten n\u00e1\u0161 im priniesol dar\u010dek k vzdel\u00e1vaniu kybernetickej a informa\u010dnej bezpe\u010dnosti. Vo svojom ve\u013ekom ko\u0161i priniesol nov\u00fd set infograf\u00edk k t\u00e9me rizikovosti zdie\u013eania fotografi\u00ed a k t\u00e9me kyber\u0161ikanovania. \u0160tyri nov\u00e9 infografiky m\u00f4\u017eete stiahnu\u0165 v tla\u010dovej kvalite v na\u0161ej digit\u00e1lnej kni\u017enici Kni\u017enica |\u2026","rel":"","context":"V &quot;Bezpe\u010dnos\u0165&quot;","block_context":{"text":"Bezpe\u010dnos\u0165","link":"https:\/\/preventista.sk\/info\/category\/itbezp\/"},"img":{"alt_text":"","src":"https:\/\/i0.wp.com\/preventista.sk\/info\/wp-content\/uploads\/2024\/12\/sikana_1.png?resize=350%2C200","width":350,"height":200,"srcset":"https:\/\/i0.wp.com\/preventista.sk\/info\/wp-content\/uploads\/2024\/12\/sikana_1.png?resize=350%2C200 1x, https:\/\/i0.wp.com\/preventista.sk\/info\/wp-content\/uploads\/2024\/12\/sikana_1.png?resize=525%2C300 1.5x, https:\/\/i0.wp.com\/preventista.sk\/info\/wp-content\/uploads\/2024\/12\/sikana_1.png?resize=700%2C400 2x, https:\/\/i0.wp.com\/preventista.sk\/info\/wp-content\/uploads\/2024\/12\/sikana_1.png?resize=1050%2C600 3x, https:\/\/i0.wp.com\/preventista.sk\/info\/wp-content\/uploads\/2024\/12\/sikana_1.png?resize=1400%2C800 4x"},"classes":[]},{"id":1866,"url":"https:\/\/preventista.sk\/info\/dobry-napad-moze-pomoct\/","url_meta":{"origin":389,"position":5},"title":"Dobr\u00fd n\u00e1pad m\u00f4\u017ee pom\u00f4c\u0165!","author":"T.Paulus","date":"19. febru\u00e1ra 2014","format":false,"excerpt":"S\u00fa\u0165a\u017e uzavret\u00e1 - pozn\u00e1me \u0161koly s ktor\u00fdmi n\u00e1s \u010dak\u00e1 spolupr\u00e1ca. \u010eakujeme za \u00fa\u010das\u0165. \u00a0 T\u00e9my predn\u00e1\u0161ok Prevencia po\u010d\u00edta\u010dovej kriminality, nebezpe\u010denstv\u00e1 internetu, autorsk\u00e9 pr\u00e1vo na internete, soci\u00e1lne siete a ich rizik\u00e1, kyber\u0161ikana, podvody, zneu\u017e\u00edvanie identitity a \u010fal\u0161ie nebezpe\u010dia s\u00favisiace s vyu\u017e\u00edvan\u00edm po\u010d\u00edta\u010dov. \u00a0 Predn\u00e1\u0161aj\u00faci Ing.Jaroslav Oster, s\u00fadny znalec jeho predn\u00e1\u0161ky pozn\u00e1te\u2026","rel":"","context":"V &quot;S\u00fa\u0165a\u017ee&quot;","block_context":{"text":"S\u00fa\u0165a\u017ee","link":"https:\/\/preventista.sk\/info\/category\/akcie\/sutaze\/"},"img":{"alt_text":"","src":"https:\/\/i0.wp.com\/preventista.sk\/info\/wp-content\/uploads\/2014\/01\/idea_2.jpg?fit=700%2C400&ssl=1&resize=350%2C200","width":350,"height":200,"srcset":"https:\/\/i0.wp.com\/preventista.sk\/info\/wp-content\/uploads\/2014\/01\/idea_2.jpg?fit=700%2C400&ssl=1&resize=350%2C200 1x, https:\/\/i0.wp.com\/preventista.sk\/info\/wp-content\/uploads\/2014\/01\/idea_2.jpg?fit=700%2C400&ssl=1&resize=525%2C300 1.5x, https:\/\/i0.wp.com\/preventista.sk\/info\/wp-content\/uploads\/2014\/01\/idea_2.jpg?fit=700%2C400&ssl=1&resize=700%2C400 2x"},"classes":[]}],"_links":{"self":[{"href":"https:\/\/preventista.sk\/info\/wp-json\/wp\/v2\/posts\/389","targetHints":{"allow":["GET"]}}],"collection":[{"href":"https:\/\/preventista.sk\/info\/wp-json\/wp\/v2\/posts"}],"about":[{"href":"https:\/\/preventista.sk\/info\/wp-json\/wp\/v2\/types\/post"}],"author":[{"embeddable":true,"href":"https:\/\/preventista.sk\/info\/wp-json\/wp\/v2\/users\/1"}],"replies":[{"embeddable":true,"href":"https:\/\/preventista.sk\/info\/wp-json\/wp\/v2\/comments?post=389"}],"version-history":[{"count":11,"href":"https:\/\/preventista.sk\/info\/wp-json\/wp\/v2\/posts\/389\/revisions"}],"predecessor-version":[{"id":1853,"href":"https:\/\/preventista.sk\/info\/wp-json\/wp\/v2\/posts\/389\/revisions\/1853"}],"wp:featuredmedia":[{"embeddable":true,"href":"https:\/\/preventista.sk\/info\/wp-json\/wp\/v2\/media\/1917"}],"wp:attachment":[{"href":"https:\/\/preventista.sk\/info\/wp-json\/wp\/v2\/media?parent=389"}],"wp:term":[{"taxonomy":"category","embeddable":true,"href":"https:\/\/preventista.sk\/info\/wp-json\/wp\/v2\/categories?post=389"},{"taxonomy":"post_tag","embeddable":true,"href":"https:\/\/preventista.sk\/info\/wp-json\/wp\/v2\/tags?post=389"}],"curies":[{"name":"wp","href":"https:\/\/api.w.org\/{rel}","templated":true}]}}