{"id":4000,"date":"2021-01-05T08:02:00","date_gmt":"2021-01-05T07:02:00","guid":{"rendered":"http:\/\/preventista.sk\/info\/?p=4000"},"modified":"2021-01-04T22:40:39","modified_gmt":"2021-01-04T21:40:39","slug":"top10-autorov-sutaze-informacna-bezpecnost-ja-a-moja-skola-2","status":"publish","type":"post","link":"https:\/\/preventista.sk\/info\/top10-autorov-sutaze-informacna-bezpecnost-ja-a-moja-skola-2\/","title":{"rendered":"TOP10 autorov s\u00fa\u0165a\u017ee Informa\u010dn\u00e1 bezpe\u010dnos\u0165, ja a moja \u0161kola"},"content":{"rendered":"\n<p class=\"has-text-align-left\"><img data-recalc-dims=\"1\" loading=\"lazy\" decoding=\"async\" width=\"300\" height=\"493\" data-attachment-id=\"3858\" data-permalink=\"https:\/\/preventista.sk\/info\/sutaz-pre-studentov-zakladnych-a-strednych-skol\/sutaz-reporter-mini\/\" data-orig-file=\"https:\/\/i0.wp.com\/preventista.sk\/info\/wp-content\/uploads\/2020\/11\/s%C3%BAta%C5%BE-Report%C3%A9r-mini.png?fit=417%2C685&amp;ssl=1\" data-orig-size=\"417,685\" data-comments-opened=\"1\" data-image-meta=\"{&quot;aperture&quot;:&quot;0&quot;,&quot;credit&quot;:&quot;&quot;,&quot;camera&quot;:&quot;&quot;,&quot;caption&quot;:&quot;&quot;,&quot;created_timestamp&quot;:&quot;0&quot;,&quot;copyright&quot;:&quot;&quot;,&quot;focal_length&quot;:&quot;0&quot;,&quot;iso&quot;:&quot;0&quot;,&quot;shutter_speed&quot;:&quot;0&quot;,&quot;title&quot;:&quot;&quot;,&quot;orientation&quot;:&quot;0&quot;}\" data-image-title=\"s\u00fata\u017e Report\u00e9r mini\" data-image-description=\"\" data-image-caption=\"\" data-large-file=\"https:\/\/i0.wp.com\/preventista.sk\/info\/wp-content\/uploads\/2020\/11\/s%C3%BAta%C5%BE-Report%C3%A9r-mini.png?fit=417%2C685&amp;ssl=1\" class=\"wp-image-3858 alignright\" src=\"https:\/\/i0.wp.com\/preventista.sk\/info\/wp-content\/uploads\/2020\/11\/s%C3%BAta%C5%BE-Report%C3%A9r-mini.png?resize=300%2C493&#038;ssl=1\" alt=\"\" style=\"width: 300px;\" srcset=\"https:\/\/i0.wp.com\/preventista.sk\/info\/wp-content\/uploads\/2020\/11\/s%C3%BAta%C5%BE-Report%C3%A9r-mini.png?w=417&amp;ssl=1 417w, https:\/\/i0.wp.com\/preventista.sk\/info\/wp-content\/uploads\/2020\/11\/s%C3%BAta%C5%BE-Report%C3%A9r-mini.png?resize=320%2C526&amp;ssl=1 320w\" sizes=\"auto, (max-width: 300px) 100vw, 300px\" \/><b><span class=\"has-inline-color has-vivid-cyan-blue-color\">Simona Kraj\u0148\u00e1kov\u00e1, Gymn\u00e1zium Jana Raymana Pre\u0161ov<\/span><\/b><\/p>\n\n\n\n<p class=\"has-text-align-left\"><strong>Inform\u00e1cie a bezpe\u010dnos\u0165<\/strong>. Tieto dva pojmy s\u00fa sklo\u0148ovan\u00e9 pomerne \u010dasto. \u010ci u\u017e osobitne alebo ako jeden pojem ,<strong>INFORMA\u010cN\u00c1 BEZPE\u010cNOS\u0164<\/strong>, v s\u00fa\u010dasnosti d\u00f4le\u017eitej\u0161\u00ed ako kedyko\u013evek predt\u00fdm<\/p>\n\n\n\n<p><strong>Pre\u010do je informa\u010dn\u00e1 bezpe\u010dnos\u0165 tak d\u00f4le\u017eit\u00e1 ?<\/strong><br>T\u00fato ot\u00e1zku si klad\u00fa \u017eiaci a \u0161tudenti, predov\u0161etk\u00fdm v dobe, ke\u010f sme zahlcovan\u00ed upozorneniami a inform\u00e1ciami o tejto problematike. Pravdepodobne, u\u017e ka\u017ed\u00fd z n\u00e1s sa stretol s nebezpe\u010denstvom v<br>internetovom prostred\u00ed v r\u00f4znych podob\u00e1ch. \u010ci u\u017e sme boli ohrozen\u00ed stratou , odcudzen\u00edm alebo dokonca a\u017e zneu\u017eit\u00edm na\u0161ich d\u00e1t, \u010di inform\u00e1ci\u00ed. Kritick\u00e9 myslenie ve\u013emi ovplyv\u0148uje ako sa v tejto situ\u00e1ci\u00ed zachov\u00e1m a najd\u00f4le\u017eitej\u0161ie, \u010di sa zachov\u00e1m spr\u00e1vne? <em>Benjamin Franklin <\/em>raz vyslovil ve\u013emi m\u00fadru vetu, ktor\u00fa by mali pr\u00e1ve mlad\u00ed \u013eudia pri pou\u017e\u00edvan\u00ed internetu ma\u0165 na pam\u00e4ti: \u201c<em>Ned\u00f4vera a opatrnos\u0165 s\u00fa rodi\u010dia bezpe\u010dnosti<\/em>.\u201c Pr\u00e1ve preto je ve\u013emi podstatn\u00e9, aby \u017eiaci rozumeli tomuto pojmu nielen vo v\u0161eobecnosti, ale aj v oblasti bezpe\u010dnostn\u00fdch opatren\u00ed a vyu\u017eitia t\u00fdchto poznatkov v praxi.<br><\/p>\n\n\n\n<p><strong>Ako sa k tejto problematike stavia moja \u0161kola?<\/strong><br>Ke\u010f\u017ee moja \u0161kola ovplyv\u0148uje m\u0148a a mno\u017estvo \u010fal\u0161\u00edch mlad\u00fdch \u013eud\u00ed, ako jeden z najz\u00e1sadnej\u0161\u00edch faktorov v \u017eivote, je ve\u013emi d\u00f4le\u017eit\u00e9, aby sa k tomu dan\u00e1 in\u0161tit\u00facia st\u00e1vala so zodpovednos\u0165ou. \u0160tudenti vyu\u017e\u00edvaj\u00fa mno\u017estvo webov\u00fdch str\u00e1nok a soci\u00e1lnych m\u00e9di\u00ed, ktor\u00e9 ohrozuj\u00fa \u013eud\u00ed z r\u00f4znych str\u00e1n. Je \u0165a\u017eko presne ur\u010di\u0165 ak\u00fd rozsah v\u00fdu\u010dby \u0161tudentov v tejto oblasti je  dostato\u010dn\u00fd. Ka\u017ed\u00e1 \u0161kola si m\u00f4\u017ee zvoli\u0165 svoj sp\u00f4sob ako \u017eiakov pred t\u00fdmto typom nebezpe\u010denstva chr\u00e1ni\u0165. Z m\u00f4jho subjekt\u00edvneho poh\u013eadu n\u00e1m na\u0161e gymn\u00e1zium d\u00e1va naozaj ve\u013ek\u00e9 mno\u017estvo inform\u00e1cii a mo\u017enosti ako sa chr\u00e1ni\u0165 pred t\u00fdmto relat\u00edvne nov\u00fdm ohrozen\u00edm. Aj v s\u00fa\u010dasnosti, ke\u010f nenav\u0161tevujeme budovu \u0161koly fyzicky, n\u00e1m \u0161kola d\u00e1va alternat\u00edvy r\u00f4znych webin\u00e1rov, predn\u00e1\u0161ok a in\u00fdch foriem ako z\u00edskava\u0165 inform\u00e1cie, aj pomocou internetu z pohodlia domova. Di\u0161tan\u010dn\u00e1 forma vzdel\u00e1vania n\u00e1s don\u00fatila vyu\u017e\u00edva\u0165 po\u010d\u00edta\u010de a internet e\u0161te vo v\u00e4\u010d\u0161om mno\u017estve ako p\u00f4vodne. Preto sa aj pr\u00e1ve \u0161tudenti moment\u00e1lne st\u00e1vaj\u00fa jednou z najohrozenej\u0161\u00edch skup\u00edn na internete. Alfou a omegou vzdel\u00e1vania det\u00ed je uvedomi\u0165 si, \u017ee obrovsk\u00e9 probl\u00e9my \u0161k\u00f4l ako napr\u00edklad \u0161ikana, s\u00fa v dne\u0161nej dobe prekr\u00fdvan\u00e9 nov\u0161\u00edmi sp\u00f4sobmi. M\u00e1me st\u00e1le nov\u00e9 a \u0161ikovnej\u0161ie gener\u00e1cie \u017eiakov v IT oblasti.  tak\u017ee v praxi m\u00f4\u017eeme poveda\u0165, \u017ee ak \u0161kola nevn\u00edma \u0161ikanu na chodb\u00e1ch, tak je st\u00e1le riziko nov\u0161ej formy, kyber\u0161ikany. Tak\u00fdchto pr\u00edkladov by sme mohli vymenova\u0165 nieko\u013eko. Ot\u00e1zkou u\u017e len ost\u00e1va, ak\u00e9 mo\u017enosti maj\u00fa \u0161koly spr\u00edstupnen\u00e9. Aj moja \u0161kola vyu\u017e\u00edva program, ktor\u00fd vo v\u00fdraznej miere pom\u00e1ha lep\u0161ie zvl\u00e1da\u0165 t\u00fato problematiku. Program umo\u017e\u0148uje \u017eiakom vyu\u017e\u00edva\u0165 mno\u017estvo prostriedkov, ktor\u00e9 \u0161\u00edria inform\u00e1cie o opatreniach, ochrane a aj rie\u0161eniach v pr\u00edpade, ak sme informa\u010dn\u00fa bezpe\u010dnos\u0165 podcenili a bohu\u017eia\u013e sa stali obe\u0165ou r\u00f4znych v\u00edrusov, malwarov, phishingu alebo u\u017e spom\u00ednanej kyber\u0161ikany. Okrem programu <strong>\u0160KOLA BEZ NEN\u00c1VIST\u00cd<\/strong>, som si ako \u017eia\u010dka druh\u00e9ho ro\u010dn\u00edka v\u0161imla, \u017ee aj na predmete informatika je relat\u00edvne ve\u013ea hod\u00edn venovan\u00fdch tejto t\u00e9me. Vyu\u017e\u00edvame aj r\u00f4zn\u00e9 vide\u00e1 alebo podcasty, ktor\u00e9 s\u00fa pr\u00e1ve na\u0161ej gener\u00e1ci\u00ed o nie\u010do bli\u017e\u0161ie a sympatickej\u0161ie ako str\u00e1nky u\u010debn\u00edc.<\/p>\n\n\n\n<p>St\u00e1le v\u00e4\u010d\u0161ie mno\u017estvo \u010dasu a mo\u017enost\u00ed sa d\u00e1 venova\u0165 informa\u010dnej bezpe\u010dnosti a vzdel\u00e1vania \u017eiakov. Je u\u017e iba na danej \u0161kole ako sa k t\u00fdmto pr\u00edle\u017eitostiam postav\u00ed, ale jedno m\u00f4\u017eeme s ur\u010ditos\u0165ou poveda\u0165. V s\u00fa\u010dasnosti je to st\u00e1le viac a viac potrebn\u00e9 a\u017e nevyhnutn\u00e9. <\/p>\n\n\n\n<p>Pr\u00e1ve tieto z\u00e1kladn\u00e9 poznatky sa st\u00e1vaj\u00fa s\u00fa\u010das\u0165ou v\u0161eobecnej inteligencie det\u00ed, \u017eiakov a \u0161tudentov 21.storo\u010dia.<\/p>\n","protected":false},"excerpt":{"rendered":"<p>Simona Kraj\u0148\u00e1kov\u00e1, Gymn\u00e1zium Jana Raymana Pre\u0161ov Inform\u00e1cie a bezpe\u010dnos\u0165. Tieto dva pojmy s\u00fa sklo\u0148ovan\u00e9 pomerne \u010dasto. \u010ci u\u017e osobitne alebo ako jeden pojem ,INFORMA\u010cN\u00c1 BEZPE\u010cNOS\u0164, v s\u00fa\u010dasnosti d\u00f4le\u017eitej\u0161\u00ed ako kedyko\u013evek predt\u00fdm Pre\u010do je informa\u010dn\u00e1 bezpe\u010dnos\u0165 tak d\u00f4le\u017eit\u00e1 ?T\u00fato ot\u00e1zku si klad\u00fa \u017eiaci a \u0161tudenti, predov\u0161etk\u00fdm v dobe, ke\u010f sme zahlcovan\u00ed upozorneniami a inform\u00e1ciami o tejto [&hellip;]<\/p>\n","protected":false},"author":1,"featured_media":0,"comment_status":"open","ping_status":"open","sticky":false,"template":"","format":"standard","meta":{"jetpack_post_was_ever_published":false,"_jetpack_newsletter_access":"","_jetpack_dont_email_post_to_subs":false,"_jetpack_newsletter_tier_id":0,"_jetpack_memberships_contains_paywalled_content":false,"_jetpack_memberships_contains_paid_content":false,"footnotes":""},"categories":[64],"tags":[32,52],"class_list":["post-4000","post","type-post","status-publish","format-standard","hentry","category-sutaze","tag-bezpecnost","tag-skola"],"aioseo_notices":[],"jetpack_featured_media_url":"","jetpack_sharing_enabled":true,"jetpack-related-posts":[{"id":4045,"url":"https:\/\/preventista.sk\/info\/top10-autorov-sutaze-informacna-bezpecnost-ja-a-moja-skola-5\/","url_meta":{"origin":4000,"position":0},"title":"TOP10 autorov s\u00fa\u0165a\u017ee Informa\u010dn\u00e1 bezpe\u010dnos\u0165, ja a moja \u0161kola","author":"Redakcia","date":"26. janu\u00e1ra 2021","format":false,"excerpt":"Le\u00f3n \u0160ikorsk\u00fd, Evanjelick\u00e9 gymn\u00e1zium J.Tranovsk\u00e9ho, Liptovsk\u00fd Mikul\u00e1\u0161 Informa\u010dn\u00e1 bezpe\u010dnos\u0165 pre m\u0148a ako \u0161tudenta gymn\u00e1zia neznamen\u00e1 ve\u013emi ve\u013ea, alebo aspo\u0148 som sa o \u0148u ve\u013emi nezauj\u00edmal. Ke\u010f\u017ee ale str\u00e1vim pod\u013ea m\u00f4jho m\u00fadreho telef\u00f3nu pri obrazovke v priemere viacej ako tri a pol hodiny denne, a teraz, v dobe ke\u010f mus\u00edme osta\u0165\u2026","rel":"","context":"V &quot;S\u00fa\u0165a\u017ee&quot;","block_context":{"text":"S\u00fa\u0165a\u017ee","link":"https:\/\/preventista.sk\/info\/category\/akcie\/sutaze\/"},"img":{"alt_text":"","src":"https:\/\/i0.wp.com\/preventista.sk\/info\/wp-content\/uploads\/2020\/11\/s%C3%BAta%C5%BE-Report%C3%A9r-mini.png?resize=350%2C200","width":350,"height":200},"classes":[]},{"id":4053,"url":"https:\/\/preventista.sk\/info\/top10-autorov-sutaze-informacna-bezpecnost-ja-a-moja-skola-4\/","url_meta":{"origin":4000,"position":1},"title":"TOP10 autorov s\u00fa\u0165a\u017ee Informa\u010dn\u00e1 bezpe\u010dnos\u0165, ja a moja \u0161kola","author":"Redakcia","date":"19. janu\u00e1ra 2021","format":false,"excerpt":"Luk\u00e1\u0161 L\u00ed\u0161ka, Evanjelick\u00e9 kolegi\u00e1lne gymn\u00e1zium, Pre\u0161ov \u017dijeme v dobe internetovej. Mnoh\u00ed z n\u00e1s si nevedia ani len predstavi\u0165, ak\u00fd by bol \u017eivot bez na\u0161ich smartf\u00f3nov, tabletov alebo po\u010d\u00edta\u010dov. Prin\u00e1\u0161aj\u00fa n\u00e1m obrovsk\u00e9 pohodlie a slobodu. Z\u00e1rove\u0148 v\u0161ak s t\u00fdmito v\u00fdhodami, prich\u00e1dzaj\u00fa aj ve\u013ek\u00e9 nev\u00fdhody, preto si spome\u0148me niektor\u00e9 rizik\u00e1, ktor\u00e9 n\u00e1m\u2026","rel":"","context":"V &quot;S\u00fa\u0165a\u017ee&quot;","block_context":{"text":"S\u00fa\u0165a\u017ee","link":"https:\/\/preventista.sk\/info\/category\/akcie\/sutaze\/"},"img":{"alt_text":"","src":"https:\/\/i0.wp.com\/preventista.sk\/info\/wp-content\/uploads\/2020\/11\/s%C3%BAta%C5%BE-Report%C3%A9r-mini.png?resize=350%2C200","width":350,"height":200},"classes":[]},{"id":3968,"url":"https:\/\/preventista.sk\/info\/top10-autorov-sutaze-informacna-bezpecnost-ja-a-moja-skola\/","url_meta":{"origin":4000,"position":2},"title":"TOP10 autorov s\u00fa\u0165a\u017ee Informa\u010dn\u00e1 bezpe\u010dnos\u0165, ja a moja \u0161kola\u00a0","author":"Redakcia","date":"16. decembra 2020","format":false,"excerpt":"Simona Talar\u010d\u00edkov\u00e1\u00a0 Evanjelick\u00e9 gymn\u00e1zium Juraja Tranovsk\u00e9ho Liptovsk\u00fd Mikul\u00e1\u0161 U\u017e od za\u010diatku \u0161t\u00fadia na strednej \u0161kole sa mnoh\u00ed \u0161tudenti vr\u00e1tane m\u0148a za\u010dali stret\u00e1va\u0165 s pojmom ,,informa\u010dn\u00e1 bezpe\u010dnos\u0165\u201c. Av\u0161ak st\u00e1le niektor\u00fdm z n\u00e1s rob\u00ed celkom probl\u00e9m vysvetli\u0165, \u010do to informa\u010dn\u00e1 bezpe\u010dnos\u0165 je a \u010do v\u0161etko zah\u0155\u0148a.\u00a0 V \u00faplnej podstate by sme mali\u2026","rel":"","context":"V &quot;S\u00fa\u0165a\u017ee&quot;","block_context":{"text":"S\u00fa\u0165a\u017ee","link":"https:\/\/preventista.sk\/info\/category\/akcie\/sutaze\/"},"img":{"alt_text":"","src":"https:\/\/i0.wp.com\/preventista.sk\/info\/wp-content\/uploads\/2020\/11\/s%C3%BAta%C5%BE-Report%C3%A9r-mini.png?resize=350%2C200","width":350,"height":200},"classes":[]},{"id":4097,"url":"https:\/\/preventista.sk\/info\/top10-autorov-sutaze-informacna-bezpecnost-ja-a-moja-skola-6\/","url_meta":{"origin":4000,"position":3},"title":"TOP10 autorov s\u00fa\u0165a\u017ee Informa\u010dn\u00e1 bezpe\u010dnos\u0165, ja a moja \u0161kola","author":"Redakcia","date":"2. febru\u00e1ra 2021","format":false,"excerpt":"Simona Talar\u010d\u00edkov\u00e1, Evanjelick\u00e9 gymn\u00e1zium J.Tranovsk\u00e9ho, Liptovsk\u00fd Mikul\u00e1\u0161 Vedomos\u0165 a uvedomelos\u0165 o existencii informa\u010dnej bezpe\u010dnosti by dnes rozhodne nemala nikomu ch\u00fdba\u0165. V\u00e4\u010d\u0161inou ani nech\u00fdba, av\u0161ak na ne\u0161\u0165astie nie ka\u017ed\u00fd jej plnohodnotne ch\u00e1pe, ke\u010f\u017ee pochopite\u013ene aj tento pojem sa formuje s prich\u00e1dzaj\u00facimi nov\u00fdmi IT technol\u00f3giami. Ako iste vieme, informa\u010dn\u00e1 bezpe\u010dnos\u0165 je ve\u013emi\u2026","rel":"","context":"V &quot;S\u00fa\u0165a\u017ee&quot;","block_context":{"text":"S\u00fa\u0165a\u017ee","link":"https:\/\/preventista.sk\/info\/category\/akcie\/sutaze\/"},"img":{"alt_text":"","src":"https:\/\/i0.wp.com\/preventista.sk\/info\/wp-content\/uploads\/2021\/01\/image-2.png?resize=350%2C200&ssl=1","width":350,"height":200},"classes":[]},{"id":4119,"url":"https:\/\/preventista.sk\/info\/top10-autorov-sutaze-informacna-bezpecnost-ja-a-moja-skola-35\/","url_meta":{"origin":4000,"position":4},"title":"TOP10 autorov s\u00fa\u0165a\u017ee Informa\u010dn\u00e1 bezpe\u010dnos\u0165, ja a moja \u0161kola","author":"Redakcia","date":"16. febru\u00e1ra 2021","format":false,"excerpt":"Emily Budayov\u00e1, Z\u0160 \u010co vlastne znamen\u00e1 Informa\u010dn\u00e1 bezpe\u010dnos\u0165 ? Instagram, Facebook, Messenger\u2026to s\u00fa soci\u00e1lne siete ktor\u00e9 pozn\u00e1 ur\u010dite ka\u017ed\u00fd, ale nie ka\u017ed\u00fd vie do ak\u00e9ho rizika sa dost\u00e1va, ak si ned\u00e1 pozor! Na internete je ve\u013ea \u0161kodliv\u00fdch a nebezpe\u010dn\u00fdch str\u00e1nok, ktor\u00e9 m\u00f4\u017eu by\u0165 napadnut\u00e9 r\u00f4znymi v\u00edrusmi, o ktor\u00fdch spo\u010diatku ani\u2026","rel":"","context":"V &quot;S\u00fa\u0165a\u017ee&quot;","block_context":{"text":"S\u00fa\u0165a\u017ee","link":"https:\/\/preventista.sk\/info\/category\/akcie\/sutaze\/"},"img":{"alt_text":"","src":"https:\/\/i0.wp.com\/preventista.sk\/info\/wp-content\/uploads\/2020\/11\/s%C3%BAta%C5%BE-Report%C3%A9r-mini.png?resize=350%2C200","width":350,"height":200},"classes":[]},{"id":4007,"url":"https:\/\/preventista.sk\/info\/top10-autorov-sutaze-informacna-bezpecnost-ja-a-moja-skola-3\/","url_meta":{"origin":4000,"position":5},"title":"TOP10 autorov s\u00fa\u0165a\u017ee Informa\u010dn\u00e1 bezpe\u010dnos\u0165, ja a moja \u0161kola","author":"Redakcia","date":"12. janu\u00e1ra 2021","format":false,"excerpt":"Tamara Zigov\u00e1, Evanjelick\u00e9 gymn\u00e1zium J. Tranovsk\u00e9ho, Liptovsk\u00fd Mikul\u00e1\u0161 Od druhej polovice dvadsiateho storo\u010dia na\u0161e \u013eudstvo poc\u00edtilo ve\u013ek\u00fa, mo\u017eno a\u017e signifikantn\u00fa zmenu, ke\u010f na\u0161a spolo\u010dnos\u0165 pracovala s pomyslami ako je internet. Prv\u00e9 po\u010diatky tohto markantn\u00e9ho objavu sa uskuto\u010dnili v Spojen\u00fdch \u0161t\u00e1toch americk\u00fdch, ke\u010f hlavn\u00fdm cie\u013eom bolo prepoji\u0165 jednotliv\u00e9 po\u010d\u00edta\u010dov\u00e9 syst\u00e9my univerz\u00edt\u2026","rel":"","context":"V &quot;S\u00fa\u0165a\u017ee&quot;","block_context":{"text":"S\u00fa\u0165a\u017ee","link":"https:\/\/preventista.sk\/info\/category\/akcie\/sutaze\/"},"img":{"alt_text":"","src":"https:\/\/i0.wp.com\/preventista.sk\/info\/wp-content\/uploads\/2020\/11\/s%C3%BAta%C5%BE-Report%C3%A9r-mini.png?resize=350%2C200","width":350,"height":200},"classes":[]}],"_links":{"self":[{"href":"https:\/\/preventista.sk\/info\/wp-json\/wp\/v2\/posts\/4000","targetHints":{"allow":["GET"]}}],"collection":[{"href":"https:\/\/preventista.sk\/info\/wp-json\/wp\/v2\/posts"}],"about":[{"href":"https:\/\/preventista.sk\/info\/wp-json\/wp\/v2\/types\/post"}],"author":[{"embeddable":true,"href":"https:\/\/preventista.sk\/info\/wp-json\/wp\/v2\/users\/1"}],"replies":[{"embeddable":true,"href":"https:\/\/preventista.sk\/info\/wp-json\/wp\/v2\/comments?post=4000"}],"version-history":[{"count":18,"href":"https:\/\/preventista.sk\/info\/wp-json\/wp\/v2\/posts\/4000\/revisions"}],"predecessor-version":[{"id":4035,"href":"https:\/\/preventista.sk\/info\/wp-json\/wp\/v2\/posts\/4000\/revisions\/4035"}],"wp:attachment":[{"href":"https:\/\/preventista.sk\/info\/wp-json\/wp\/v2\/media?parent=4000"}],"wp:term":[{"taxonomy":"category","embeddable":true,"href":"https:\/\/preventista.sk\/info\/wp-json\/wp\/v2\/categories?post=4000"},{"taxonomy":"post_tag","embeddable":true,"href":"https:\/\/preventista.sk\/info\/wp-json\/wp\/v2\/tags?post=4000"}],"curies":[{"name":"wp","href":"https:\/\/api.w.org\/{rel}","templated":true}]}}