{"id":4119,"date":"2021-02-16T08:02:00","date_gmt":"2021-02-16T07:02:00","guid":{"rendered":"http:\/\/preventista.sk\/info\/?p=4119"},"modified":"2021-02-09T11:53:56","modified_gmt":"2021-02-09T10:53:56","slug":"top10-autorov-sutaze-informacna-bezpecnost-ja-a-moja-skola-35","status":"publish","type":"post","link":"https:\/\/preventista.sk\/info\/top10-autorov-sutaze-informacna-bezpecnost-ja-a-moja-skola-35\/","title":{"rendered":"TOP10 autorov s\u00fa\u0165a\u017ee Informa\u010dn\u00e1 bezpe\u010dnos\u0165, ja a moja \u0161kola"},"content":{"rendered":"\n<p class=\"has-text-align-left\"><img data-recalc-dims=\"1\" loading=\"lazy\" decoding=\"async\" width=\"300\" height=\"493\" data-attachment-id=\"3858\" data-permalink=\"https:\/\/preventista.sk\/info\/sutaz-pre-studentov-zakladnych-a-strednych-skol\/sutaz-reporter-mini\/\" data-orig-file=\"https:\/\/i0.wp.com\/preventista.sk\/info\/wp-content\/uploads\/2020\/11\/s%C3%BAta%C5%BE-Report%C3%A9r-mini.png?fit=417%2C685&amp;ssl=1\" data-orig-size=\"417,685\" data-comments-opened=\"1\" data-image-meta=\"{&quot;aperture&quot;:&quot;0&quot;,&quot;credit&quot;:&quot;&quot;,&quot;camera&quot;:&quot;&quot;,&quot;caption&quot;:&quot;&quot;,&quot;created_timestamp&quot;:&quot;0&quot;,&quot;copyright&quot;:&quot;&quot;,&quot;focal_length&quot;:&quot;0&quot;,&quot;iso&quot;:&quot;0&quot;,&quot;shutter_speed&quot;:&quot;0&quot;,&quot;title&quot;:&quot;&quot;,&quot;orientation&quot;:&quot;0&quot;}\" data-image-title=\"s\u00fata\u017e Report\u00e9r mini\" data-image-description=\"\" data-image-caption=\"\" data-large-file=\"https:\/\/i0.wp.com\/preventista.sk\/info\/wp-content\/uploads\/2020\/11\/s%C3%BAta%C5%BE-Report%C3%A9r-mini.png?fit=417%2C685&amp;ssl=1\" class=\"wp-image-3858 alignright\" src=\"https:\/\/i0.wp.com\/preventista.sk\/info\/wp-content\/uploads\/2020\/11\/s%C3%BAta%C5%BE-Report%C3%A9r-mini.png?resize=300%2C493&#038;ssl=1\" alt=\"\" style=\"width: 300px;\" srcset=\"https:\/\/i0.wp.com\/preventista.sk\/info\/wp-content\/uploads\/2020\/11\/s%C3%BAta%C5%BE-Report%C3%A9r-mini.png?w=417&amp;ssl=1 417w, https:\/\/i0.wp.com\/preventista.sk\/info\/wp-content\/uploads\/2020\/11\/s%C3%BAta%C5%BE-Report%C3%A9r-mini.png?resize=320%2C526&amp;ssl=1 320w\" sizes=\"auto, (max-width: 300px) 100vw, 300px\" \/><b><span class=\"has-inline-color has-vivid-cyan-blue-color\">Emily Budayov\u00e1, <strong>Z\u0160<\/strong><\/span><\/b><\/p>\n\n\n\n<p><br><strong>\u010co vlastne znamen\u00e1 Informa\u010dn\u00e1 bezpe\u010dnos\u0165 ? <\/strong><\/p>\n\n\n\n<p><em>Instagram, Facebook, Messenger<\/em>\u2026<br>to s\u00fa soci\u00e1lne siete ktor\u00e9 pozn\u00e1 ur\u010dite ka\u017ed\u00fd, ale nie ka\u017ed\u00fd vie do ak\u00e9ho rizika sa dost\u00e1va, ak si ned\u00e1 pozor!<br><\/p>\n\n\n\n<p>Na internete je ve\u013ea \u0161kodliv\u00fdch a nebezpe\u010dn\u00fdch str\u00e1nok, ktor\u00e9 m\u00f4\u017eu by\u0165 napadnut\u00e9 r\u00f4znymi v\u00edrusmi, o ktor\u00fdch spo\u010diatku ani nemus\u00edme vedie\u0165. Existuj\u00fa r\u00f4zne programy, ktor\u00e9 vedia zachyti\u0165 tieto v\u00edrusy. V\u00edrus ale nie je jedin\u00e1 hrozba! Kyber\u0161ikanou trp\u00ed ve\u013ea det\u00ed.<br><\/p>\n\n\n\n<p><strong><span class=\"has-inline-color has-vivid-cyan-blue-color\">\u010co je to kyber\u0161ikana?<\/span><\/strong><br>Je to forma \u0161ikanovania, pri ktorej sa pou\u017e\u00edvaj\u00fa nov\u00e9 technol\u00f3gie ( po\u010d\u00edta\u010d, internet, mobiln\u00fd telef\u00f3n). Prebieha vo virtu\u00e1lnom priestore. Ve\u013eakr\u00e1t m\u00f4\u017ee by\u0165 obe\u0165 poni\u017eovan\u00e1 .<br><\/p>\n\n\n\n<p class=\"has-text-align-center\"><strong><span class=\"has-inline-color has-pale-cyan-blue-color\">Ob\u0165a\u017eovanie, nad\u00e1vanie, ohov\u00e1ranie\u2026. <\/span><\/strong><\/p>\n\n\n\n<p class=\"has-text-align-center\"><strong><span class=\"has-inline-color has-pale-cyan-blue-color\">patria k \u00fatokom<br>kyber\u0161ikany<\/span><\/strong><\/p>\n\n\n\n<p><br>Ak sa na soci\u00e1lnych sie\u0165ach chceme c\u00edti\u0165 bezpe\u010dne, mali<br>by sme ma\u0165 vytvoren\u00e9 siln\u00e9 heslo! Je to ve\u013emi d\u00f4le\u017eit\u00e9,<br>lebo niekto m\u00f4\u017ee zneu\u017ei\u0165 n\u00e1\u0161 \u00fa\u010det !<br><\/p>\n\n\n\n<p><strong><span class=\"has-inline-color has-vivid-cyan-blue-color\">Ako sa m\u00f4\u017eem chr\u00e1ni\u0165 pred hrozbami soci\u00e1lnych siet\u00ed?<\/span><\/strong><\/p>\n\n\n\n<ul class=\"wp-block-list\"><li>vytvor\u00edm si siln\u00e9 heslo- &nbsp;svoje heslo nikomu nezver\u00edm<\/li><li>zalo\u017e\u00edm si s\u00fakromn\u00fd \u00fa\u010det a nie verejn\u00fd<\/li><li>akon\u00e1hle budem ma\u0165 pocit, \u017ee ma nikto \u0161ikanuje, informujem o tom rodi\u010dov<\/li><li>s\u00fakromn\u00e9 fotografie nebudem zdie\u013ea\u0165 ( niekto by ich mohol zneu\u017ei\u0165 )<\/li><\/ul>\n\n\n\n<p>Ak by m\u0148a alebo niekoho in\u00e9ho ( o ktorom by som vedela )<br>za\u010dali \u0161ikanova\u0165, <strong>povedala by som to \u010d\u00edm sk\u00f4r rodi\u010dom <\/strong>!<br><\/p>\n\n\n\n<p><strong><span class=\"has-inline-color has-vivid-cyan-blue-color\">\u010co m\u00f4\u017ee pre to spravi\u0165 moja \u0161kola?<br><\/span><\/strong>Na\u0161a \u0161kola m\u00e1 raz za rok \u0160portov\u00fd de\u0148 . V ten de\u0148 iba \u0161porujeme a rob\u00edme aktivity na t\u00fa t\u00e9mu. Podobn\u00fd program by sme mohli ma\u0165 v <strong>De\u0148 informa\u010dnej bezpe\u010dnost<\/strong>i. \u017diaci by sa viac zozn\u00e1mili so soci\u00e1lnymi sie\u0165ami, ich hrozb\u00e1ch, v\u00edrusoch\u2026. <\/p>\n\n\n\n<p>V na\u0161ej \u0161kole na\u0161\u0165astie nie je zaznamenan\u00e1 kyber\u0161ikana. Ak by bola, tak by to rie\u0161ila pani riadite\u013eka\u2026.<\/p>\n\n\n\n<p>Ja si mysl\u00edm, \u017ee by sa u\u010ditelia mali viac o tom rozpr\u00e1va\u0165 so \u017eiakmi. Napr\u00edklad by im mohli porozpr\u00e1va\u0165 pr\u00edbeh osoby, ktor\u00e1 bola \u0161ikanovan\u00e1. Ak by ju osobne poznali mohla by pr\u00eds\u0165 do \u0161koly\u2026<br><\/p>\n","protected":false},"excerpt":{"rendered":"<p>Emily Budayov\u00e1, Z\u0160 \u010co vlastne znamen\u00e1 Informa\u010dn\u00e1 bezpe\u010dnos\u0165 ? Instagram, Facebook, Messenger\u2026to s\u00fa soci\u00e1lne siete ktor\u00e9 pozn\u00e1 ur\u010dite ka\u017ed\u00fd, ale nie ka\u017ed\u00fd vie do ak\u00e9ho rizika sa dost\u00e1va, ak si ned\u00e1 pozor! Na internete je ve\u013ea \u0161kodliv\u00fdch a nebezpe\u010dn\u00fdch str\u00e1nok, ktor\u00e9 m\u00f4\u017eu by\u0165 napadnut\u00e9 r\u00f4znymi v\u00edrusmi, o ktor\u00fdch spo\u010diatku ani nemus\u00edme vedie\u0165. Existuj\u00fa r\u00f4zne programy, [&hellip;]<\/p>\n","protected":false},"author":1,"featured_media":0,"comment_status":"open","ping_status":"open","sticky":false,"template":"","format":"standard","meta":{"jetpack_post_was_ever_published":false,"_jetpack_newsletter_access":"","_jetpack_dont_email_post_to_subs":false,"_jetpack_newsletter_tier_id":0,"_jetpack_memberships_contains_paywalled_content":false,"_jetpack_memberships_contains_paid_content":false,"footnotes":""},"categories":[64],"tags":[32,52],"class_list":["post-4119","post","type-post","status-publish","format-standard","hentry","category-sutaze","tag-bezpecnost","tag-skola"],"aioseo_notices":[],"jetpack_featured_media_url":"","jetpack_sharing_enabled":true,"jetpack-related-posts":[{"id":4053,"url":"https:\/\/preventista.sk\/info\/top10-autorov-sutaze-informacna-bezpecnost-ja-a-moja-skola-4\/","url_meta":{"origin":4119,"position":0},"title":"TOP10 autorov s\u00fa\u0165a\u017ee Informa\u010dn\u00e1 bezpe\u010dnos\u0165, ja a moja \u0161kola","author":"Redakcia","date":"19. janu\u00e1ra 2021","format":false,"excerpt":"Luk\u00e1\u0161 L\u00ed\u0161ka, Evanjelick\u00e9 kolegi\u00e1lne gymn\u00e1zium, Pre\u0161ov \u017dijeme v dobe internetovej. Mnoh\u00ed z n\u00e1s si nevedia ani len predstavi\u0165, ak\u00fd by bol \u017eivot bez na\u0161ich smartf\u00f3nov, tabletov alebo po\u010d\u00edta\u010dov. Prin\u00e1\u0161aj\u00fa n\u00e1m obrovsk\u00e9 pohodlie a slobodu. Z\u00e1rove\u0148 v\u0161ak s t\u00fdmito v\u00fdhodami, prich\u00e1dzaj\u00fa aj ve\u013ek\u00e9 nev\u00fdhody, preto si spome\u0148me niektor\u00e9 rizik\u00e1, ktor\u00e9 n\u00e1m\u2026","rel":"","context":"V &quot;S\u00fa\u0165a\u017ee&quot;","block_context":{"text":"S\u00fa\u0165a\u017ee","link":"https:\/\/preventista.sk\/info\/category\/akcie\/sutaze\/"},"img":{"alt_text":"","src":"https:\/\/i0.wp.com\/preventista.sk\/info\/wp-content\/uploads\/2020\/11\/s%C3%BAta%C5%BE-Report%C3%A9r-mini.png?resize=350%2C200","width":350,"height":200},"classes":[]},{"id":4000,"url":"https:\/\/preventista.sk\/info\/top10-autorov-sutaze-informacna-bezpecnost-ja-a-moja-skola-2\/","url_meta":{"origin":4119,"position":1},"title":"TOP10 autorov s\u00fa\u0165a\u017ee Informa\u010dn\u00e1 bezpe\u010dnos\u0165, ja a moja \u0161kola","author":"Redakcia","date":"5. janu\u00e1ra 2021","format":false,"excerpt":"Simona Kraj\u0148\u00e1kov\u00e1, Gymn\u00e1zium Jana Raymana Pre\u0161ov Inform\u00e1cie a bezpe\u010dnos\u0165. Tieto dva pojmy s\u00fa sklo\u0148ovan\u00e9 pomerne \u010dasto. \u010ci u\u017e osobitne alebo ako jeden pojem ,INFORMA\u010cN\u00c1 BEZPE\u010cNOS\u0164, v s\u00fa\u010dasnosti d\u00f4le\u017eitej\u0161\u00ed ako kedyko\u013evek predt\u00fdm Pre\u010do je informa\u010dn\u00e1 bezpe\u010dnos\u0165 tak d\u00f4le\u017eit\u00e1 ?T\u00fato ot\u00e1zku si klad\u00fa \u017eiaci a \u0161tudenti, predov\u0161etk\u00fdm v dobe, ke\u010f sme zahlcovan\u00ed\u2026","rel":"","context":"V &quot;S\u00fa\u0165a\u017ee&quot;","block_context":{"text":"S\u00fa\u0165a\u017ee","link":"https:\/\/preventista.sk\/info\/category\/akcie\/sutaze\/"},"img":{"alt_text":"","src":"https:\/\/i0.wp.com\/preventista.sk\/info\/wp-content\/uploads\/2020\/11\/s%C3%BAta%C5%BE-Report%C3%A9r-mini.png?resize=350%2C200","width":350,"height":200},"classes":[]},{"id":4121,"url":"https:\/\/preventista.sk\/info\/top10-autorov-sutaze-informacna-bezpecnost-ja-a-moja-skola-9\/","url_meta":{"origin":4119,"position":2},"title":"TOP10 autorov s\u00fa\u0165a\u017ee Informa\u010dn\u00e1 bezpe\u010dnos\u0165, ja a moja \u0161kola","author":"Redakcia","date":"9. marca 2021","format":false,"excerpt":"Karol\u00edna Pro\u010dkov\u00e1, Z\u0160 s M\u0160 Diviaky nad Nitricou Mobil, po\u010d\u00edta\u010d, telev\u00edzor \u2013 proste veci, ktor\u00e9 minuli n\u00e1\u0161ho predkaa n\u00e1m sa z nich st\u00e1va najpevnej\u0161ia klietka.Bez t\u00fdchto vec\u00ed si dnes nevieme predstavi\u0165, ako \u017ei\u0165.Oni si v\u0161ak aj bez nich dok\u00e1zali poradi\u0165. Ke\u010f nie\u010do chceme vedie\u0165, je n\u00e1m pohodlnej\u0161ie to do mobilu\u2026","rel":"","context":"V &quot;S\u00fa\u0165a\u017ee&quot;","block_context":{"text":"S\u00fa\u0165a\u017ee","link":"https:\/\/preventista.sk\/info\/category\/akcie\/sutaze\/"},"img":{"alt_text":"","src":"https:\/\/i0.wp.com\/preventista.sk\/info\/wp-content\/uploads\/2020\/11\/s%C3%BAta%C5%BE-Report%C3%A9r-mini.png?resize=350%2C200","width":350,"height":200},"classes":[]},{"id":4097,"url":"https:\/\/preventista.sk\/info\/top10-autorov-sutaze-informacna-bezpecnost-ja-a-moja-skola-6\/","url_meta":{"origin":4119,"position":3},"title":"TOP10 autorov s\u00fa\u0165a\u017ee Informa\u010dn\u00e1 bezpe\u010dnos\u0165, ja a moja \u0161kola","author":"Redakcia","date":"2. febru\u00e1ra 2021","format":false,"excerpt":"Simona Talar\u010d\u00edkov\u00e1, Evanjelick\u00e9 gymn\u00e1zium J.Tranovsk\u00e9ho, Liptovsk\u00fd Mikul\u00e1\u0161 Vedomos\u0165 a uvedomelos\u0165 o existencii informa\u010dnej bezpe\u010dnosti by dnes rozhodne nemala nikomu ch\u00fdba\u0165. V\u00e4\u010d\u0161inou ani nech\u00fdba, av\u0161ak na ne\u0161\u0165astie nie ka\u017ed\u00fd jej plnohodnotne ch\u00e1pe, ke\u010f\u017ee pochopite\u013ene aj tento pojem sa formuje s prich\u00e1dzaj\u00facimi nov\u00fdmi IT technol\u00f3giami. Ako iste vieme, informa\u010dn\u00e1 bezpe\u010dnos\u0165 je ve\u013emi\u2026","rel":"","context":"V &quot;S\u00fa\u0165a\u017ee&quot;","block_context":{"text":"S\u00fa\u0165a\u017ee","link":"https:\/\/preventista.sk\/info\/category\/akcie\/sutaze\/"},"img":{"alt_text":"","src":"https:\/\/i0.wp.com\/preventista.sk\/info\/wp-content\/uploads\/2021\/01\/image-2.png?resize=350%2C200&ssl=1","width":350,"height":200},"classes":[]},{"id":4115,"url":"https:\/\/preventista.sk\/info\/top10-autorov-sutaze-informacna-bezpecnost-ja-a-moja-skola-7\/","url_meta":{"origin":4119,"position":4},"title":"TOP10 autorov s\u00fa\u0165a\u017ee Informa\u010dn\u00e1 bezpe\u010dnos\u0165, ja a moja \u0161kola","author":"Redakcia","date":"9. febru\u00e1ra 2021","format":false,"excerpt":"Lucia Hanusov\u00e1, Z\u0160 s M\u0160 Diviaky nad Nitricou De\u0148 po\u010d\u00edta\u010dovej bezpe\u010dnosti m\u00e1 prispie\u0165 k ochrane po\u010d\u00edta\u010dov Rozhovor spolu\u017eiakov Janka a Marienky (rozhlasov\u00e1 rel\u00e1cia) M: Ahoj, Janko, v\u0161imla som si, \u017ee ka\u017ed\u00fd t\u00fd\u017ede\u0148 sa v na\u0161om rozhlasovom okienku dozved\u00e1me, \u017ee mnoh\u00e9 dni v kalend\u00e1ri maj\u00fa pr\u00edvlastok aj pam\u00e4tn\u00e9 dni.J: Dobre sleduje\u0161\u2026","rel":"","context":"V &quot;S\u00fa\u0165a\u017ee&quot;","block_context":{"text":"S\u00fa\u0165a\u017ee","link":"https:\/\/preventista.sk\/info\/category\/akcie\/sutaze\/"},"img":{"alt_text":"","src":"https:\/\/i0.wp.com\/preventista.sk\/info\/wp-content\/uploads\/2020\/11\/s%C3%BAta%C5%BE-Report%C3%A9r-mini.png?resize=350%2C200","width":350,"height":200},"classes":[]},{"id":4007,"url":"https:\/\/preventista.sk\/info\/top10-autorov-sutaze-informacna-bezpecnost-ja-a-moja-skola-3\/","url_meta":{"origin":4119,"position":5},"title":"TOP10 autorov s\u00fa\u0165a\u017ee Informa\u010dn\u00e1 bezpe\u010dnos\u0165, ja a moja \u0161kola","author":"Redakcia","date":"12. janu\u00e1ra 2021","format":false,"excerpt":"Tamara Zigov\u00e1, Evanjelick\u00e9 gymn\u00e1zium J. Tranovsk\u00e9ho, Liptovsk\u00fd Mikul\u00e1\u0161 Od druhej polovice dvadsiateho storo\u010dia na\u0161e \u013eudstvo poc\u00edtilo ve\u013ek\u00fa, mo\u017eno a\u017e signifikantn\u00fa zmenu, ke\u010f na\u0161a spolo\u010dnos\u0165 pracovala s pomyslami ako je internet. Prv\u00e9 po\u010diatky tohto markantn\u00e9ho objavu sa uskuto\u010dnili v Spojen\u00fdch \u0161t\u00e1toch americk\u00fdch, ke\u010f hlavn\u00fdm cie\u013eom bolo prepoji\u0165 jednotliv\u00e9 po\u010d\u00edta\u010dov\u00e9 syst\u00e9my univerz\u00edt\u2026","rel":"","context":"V &quot;S\u00fa\u0165a\u017ee&quot;","block_context":{"text":"S\u00fa\u0165a\u017ee","link":"https:\/\/preventista.sk\/info\/category\/akcie\/sutaze\/"},"img":{"alt_text":"","src":"https:\/\/i0.wp.com\/preventista.sk\/info\/wp-content\/uploads\/2020\/11\/s%C3%BAta%C5%BE-Report%C3%A9r-mini.png?resize=350%2C200","width":350,"height":200},"classes":[]}],"_links":{"self":[{"href":"https:\/\/preventista.sk\/info\/wp-json\/wp\/v2\/posts\/4119","targetHints":{"allow":["GET"]}}],"collection":[{"href":"https:\/\/preventista.sk\/info\/wp-json\/wp\/v2\/posts"}],"about":[{"href":"https:\/\/preventista.sk\/info\/wp-json\/wp\/v2\/types\/post"}],"author":[{"embeddable":true,"href":"https:\/\/preventista.sk\/info\/wp-json\/wp\/v2\/users\/1"}],"replies":[{"embeddable":true,"href":"https:\/\/preventista.sk\/info\/wp-json\/wp\/v2\/comments?post=4119"}],"version-history":[{"count":7,"href":"https:\/\/preventista.sk\/info\/wp-json\/wp\/v2\/posts\/4119\/revisions"}],"predecessor-version":[{"id":4239,"href":"https:\/\/preventista.sk\/info\/wp-json\/wp\/v2\/posts\/4119\/revisions\/4239"}],"wp:attachment":[{"href":"https:\/\/preventista.sk\/info\/wp-json\/wp\/v2\/media?parent=4119"}],"wp:term":[{"taxonomy":"category","embeddable":true,"href":"https:\/\/preventista.sk\/info\/wp-json\/wp\/v2\/categories?post=4119"},{"taxonomy":"post_tag","embeddable":true,"href":"https:\/\/preventista.sk\/info\/wp-json\/wp\/v2\/tags?post=4119"}],"curies":[{"name":"wp","href":"https:\/\/api.w.org\/{rel}","templated":true}]}}