{"id":4303,"date":"2021-05-13T06:15:15","date_gmt":"2021-05-13T04:15:15","guid":{"rendered":"https:\/\/preventista.sk\/info\/?p=4303"},"modified":"2021-05-31T11:28:50","modified_gmt":"2021-05-31T09:28:50","slug":"dialogy-o-vzdelavani-na-clubhouse","status":"publish","type":"post","link":"https:\/\/preventista.sk\/info\/dialogy-o-vzdelavani-na-clubhouse\/","title":{"rendered":"Dial\u00f3gy o vzdel\u00e1van\u00ed IT bezpe\u010dnosti na ClubHouse"},"content":{"rendered":"\n<p>Ak u\u017e vyu\u017e\u00edvate nov\u00fa internetov\u00fa slu\u017ebu <em>ClubHouse <\/em>tak sa pridajte ku klubu do ktor\u00e9ho boli pozvan\u00ed aj z\u00e1stupcovia n\u00e1\u0161ho OZ &#8211; t\u00e9mou bud\u00fa diskusie o problematike zvy\u0161ovania bezpe\u010dnostn\u00e9ho povedomia v IT bezpe\u010dnosti a prevencii po\u010d\u00edta\u010dovej kriminality.<\/p>\n\n\n\n<p><strong><span class=\"has-inline-color has-vivid-cyan-blue-color\">Z\u00e1kladn\u00e9 my\u0161lienky<\/span><\/strong><\/p>\n\n\n\n<ul class=\"wp-block-list\"><li>Zdie\u013eame inform\u00e1cie<\/li><li>H\u013ead\u00e1me rie\u0161enia<\/li><li>Vytv\u00e1rame bud\u00facnos\u0165<\/li><\/ul>\n\n\n\n<p><strong><span class=\"has-inline-color has-vivid-cyan-blue-color\">Aktu\u00e1lna t\u00e9ma<\/span><\/strong><\/p>\n\n\n\n<h3 class=\"wp-block-heading\"><span class=\"has-inline-color has-vivid-green-cyan-color\"><strong>11  Vzdel\u00e1vanie policajtov II s roz\u0161\u00edren\u00edm t\u00e9m na potreby s\u00fadnictva a prokurat\u00fary <\/strong><\/span>  <span class=\"has-inline-color has-vivid-green-cyan-color\"><strong>(2.6.2021, 19:00<\/strong>)<\/span><\/h3>\n\n\n\n<p>Je potrebn\u00e9 zvy\u0161ovanie kompetenci\u00ed v oblasti kybernetickej a informa\u010dnej bezoe\u010dnosti a pr\u00edbuzn\u00fdm t\u00e9mam aj v radoch pol\u00edcie resp. \u010fal\u0161\u00edch zlo\u017eiek ako je just\u00edcia a prokurat\u00fara:<\/p>\n\n\n\n<p><\/p>\n\n\n\n<p><strong><span class=\"has-inline-color has-vivid-cyan-blue-color\">T\u00e9my predch\u00e1dzaj\u00facich stretnut\u00ed<\/span><\/strong><\/p>\n\n\n\n<ul class=\"wp-block-list\"><li>01 Modern\u00e9 pr\u00edstupy ku vzdel\u00e1vaniu<\/li><li>02 Ako rozdeli\u0165 skupiny vzdel\u00e1vania Z\u0160?<\/li><li>03 Ako rozdeli\u0165 skupiny vzdel\u00e1vania S\u0160?<ul><li>z\u00e1ver diskusie <em>&#8222;Informa\u010dn\u00e1 bezpe\u010dnos\u0165 je vyu\u010dovan\u00e1 ako mal\u00e1 s\u00fa\u010das\u0165 informatiky. Ch\u00fdba medziodborov\u00e9 vzdel\u00e1vanie a medziodborov\u00e1 podpora a aj u\u010debnice. Existuj\u00fa aktivity, kde s\u00fa vytv\u00e1ran\u00e9 predmety a ku n\u00edm u\u010debnice pre S\u0160,   ktor\u00e9 je potrebn\u00e9 podporova\u0165. Jedin\u00e1 cesta je vytvori\u0165 tlak a podklady a to vy\u017eaduje zmeny \u0161t\u00e1tneho vzdel\u00e1vacieho syst\u00e9mu a ve\u013ek\u00fa podporu ministerstva \u0161kolstva.&#8220;<\/em><\/li><\/ul><\/li><\/ul>\n\n\n\n<ul class=\"wp-block-list\"><li>04 Ako rozdeli\u0165 skupiny vzdel\u00e1vania V\u0160?<ul><li>z\u00e1ver diskusie: <em> &#8222;IS bezpe\u010dnos\u0165 sa v s\u00fa\u010dasnej dobe u\u010d\u00ed na technick\u00fdch vysok\u00fdch \u0161kol\u00e1ch roztrie\u0161nen\u00e9, nie je to jednotn\u00e9 a dostato\u010dn\u00e9. Existuj\u00fa prv\u00e9 lastovi\u010dky medziodborov\u00e9ho pr\u00edstupu. Odpor\u00fa\u010dame u\u010di\u0165 z\u00e1klady a kritick\u00e9 myslenie v sf\u00e9re informa\u010dnej bezpe\u010dnosti na v\u0161etk\u00fdch typoch vysok\u00fdch \u0161k\u00f4l&#8220;<\/em><\/li><\/ul><\/li><\/ul>\n\n\n\n<ul class=\"wp-block-list\"><li>05 Na \u010do v\u0161etko nezabudn\u00fa\u0165 pri vzdel\u00e1van\u00ed vo firm\u00e1ch?<ul><li>z\u00e1ver diskusie: <em>&#8222;Najviac podce\u0148ovan\u00fdm je v systematickom vzdel\u00e1van\u00ed informa\u010dnej bezpe\u010dnosti a koncep\u010dnom budovan\u00ed bezpe\u010dnostn\u00e9ho povedomia zamestnancov SMB sektor, samospr\u00e1va a zdravotn\u00edctvo. N\u00e1stroje pre efektiviz\u00e1ciu vzdel\u00e1vania ako s\u00fa e-learning aplik\u00e1cie, gamifika\u010dn\u00e9 met\u00f3dy, testovacie platformy s\u00fa dostupn\u00e9, ale aktu\u00e1lne vyu\u017e\u00edvan\u00e9 m\u00e1lo.&#8220;<\/em><\/li><\/ul><\/li><\/ul>\n\n\n\n<ul class=\"wp-block-list\"><li>06 Existuje minim\u00e1lna \u00farove\u0148 bezpe\u010dnostn\u00e9ho povedomia &#8211; vzdelania<ul><li>z\u00e1ver diskusie: <em>&#8222;Minim\u00e1lna \u00farove\u0148 pre stredn\u00e9 \u0161koly m\u00e1 by\u0165 prirodzen\u00fdm pokra\u010dovan\u00edm zo z\u00e1kladnej a mus\u00ed reflektova\u0165 na nov\u00e9 prvky s ktor\u00fdmi sa ml\u00e1de\u017e stret\u00e1va v tomto veku  &#8211; ochrana financi\u00ed, person\u00e1lna bezpe\u010dnos\u0165 pri vyu\u017e\u00edvan\u00ed internetov\u00fdch slu\u017eieb, pr\u00e1ca vo virtu\u00e1lnom priestore, pr\u00e1ca s&nbsp;rizikami vo virtu\u00e1lnom priestore. Tak aby po skon\u010den\u00ed S\u0160 mali \u017eiaci nieko\u013eko z\u00e1kladn\u00fdch, ale nemenn\u00fdch a v\u0161tepen\u00fdch n\u00e1vykov. \u0160koly potrebuj\u00fa n\u00e1stroje nielen na u\u010denie, ale aj na u\u010denie v r\u00e1mci medzipredmetov\u00fdch vz\u0165ahov. Preto\u017ee to je z\u00e1klad na upev\u0148ovanie vedomost\u00ed. V neposlednom rade na \u00farovni strednej \u0161koly potrebn\u00e9 venova\u0165 pozornos\u0165 u\u017e aj legislat\u00edvnym po\u017eiadavk\u00e1m s\u00favisiacim s informa\u010dnou bezpe\u010dnos\u0165ou.&#8220;<\/em><\/li><\/ul><\/li><\/ul>\n\n\n\n<ul class=\"wp-block-list\"><li>07 N\u00e1pady pre udr\u017eiavanie povedomia <ul><li>z\u00e1ver diskusie: &#8222;<em>Udr\u017eiavanie povedomia &#8211; pomocou diskusie a h\u013eada\u0165, ako prepoji\u0165 s be\u017en\u00fdm \u017eivotom. (potrebujeme hry pre deti, vzdel\u00e1vacie). Nevyhnutn\u00e1 podmienka pre \u00farove\u0148 strednej \u0161koly s\u00fa rodi\u010dia, ktor\u00ed s\u00fa orientovan\u00ed na porozumenie, podporu, neust\u00e1ly pr\u00edklad implementovania pravidiel IS bezpe\u010dnosti. U\u010ditel mus\u00ed ma\u0165 nadh\u013ead nad t\u00e9mou a mus\u00ed pom\u00e1ha\u0165 de\u0165om, aby ich dok\u00e1zal motivova\u0165 aj na \u00falohy, ktor\u00e9 nie s\u00fa prioritn\u00e9. Udr\u017eiavanie vzdel\u00e1vanie povedomia u dospel\u00fdch je ide\u00e1lne&nbsp; cez \u017eiakov, rodinn\u00fdch pr\u00edslu\u0161n\u00edkov, zn\u00e1me osobnosti, k\u0148azov<\/em>.&#8220;<\/li><\/ul><\/li><\/ul>\n\n\n\n<ul class=\"wp-block-list\"><li>08 Vzdel\u00e1vanie informa\u010dnej bezpe\u010dnosti je cesta k prevencii<ul><li>z\u00e1ver diskusie: &#8222;<em>Efekt\u00edvne zvy\u0161ovanie prevent\u00edvneho p\u00f4sobenia v oblasti po\u010d\u00edta\u010dovej (kybernetickej) kriminality je \u00fazko sp\u00e4t\u00e9 s t\u00e9mami informa\u010dnej bezpe\u010dnosti. Zvy\u0161ovan\u00edm bezpe\u010dnostn\u00e9ho povedomia pou\u017e\u00edvate\u013eov internetov\u00fdch slu\u017eieb a IKT v\u0161eobecne doch\u00e1dza \u00faplne prirodzene k n\u00e1rastu odolnosti vo\u010di rizik\u00e1m prerastaj\u00facim za hranicu trestn\u00e9ho pr\u00e1va<\/em> <em>a teda aj k ich dopadom<\/em>&#8222;<\/li><\/ul><\/li><\/ul>\n\n\n\n<ul class=\"wp-block-list\"><li>09 Ako ur\u010di\u0165  Vzdel\u00e1vanie informa\u010dnej bezpe\u010dnosti je cesta k prevencii<ul><li>z\u00e1ver diskusie:  &#8220; <em>Identifikovali sme si \u0161peci\u00e1lne situ\u00e1cie a h\u013eadali sme rie\u0161enie ako sa spr\u00e1va\u0165, resp. ako rozozna\u0165 spr\u00e1vne inform\u00e1cie od nespr\u00e1vnych. Povedali sme si zdroje inform\u00e1cii, ak potrebujete h\u013eada\u0165 v strese, ke\u010f pr\u00e1ve nastala zl\u00e1 situ\u00e1cia&nbsp; alebo pre v\u00e1s nov\u00e1 (napr. va\u0161e die\u0165a ne\u010dakane muselo dosta\u0165 mobil).  Prirodzenou formou prevencie je  zachovanie skeptick\u00e9ho postoja, potreby kritick\u00e9ho myslenia a vytvorenie varovania v mysli v pr\u00edpade \u010dasov\u00e9ho stresu vytvoren\u00e9ho inform\u00e1ciou.&nbsp; Vysvetlili sme si d\u00f4vody, pre\u010do \u013eudia \u013eahko pod\u013eahn\u00fa soci\u00e1lnemu in\u017einierstvu, napr. lebo \u013eudia s vysok\u00fdm poznan\u00edm robia rovnak\u00e9 mno\u017estvo ch\u00fdb ako \u013eudia s n\u00edzkym poznan\u00edm, naviac je chyba viazan\u00e1 aj na poz\u00edcie, ktor\u00e9 zast\u00e1vaj\u00fa \u013eudia.<\/em>&nbsp;<\/li><li><em>Odpor\u00fa\u010dan\u00e9 zdroje pre rodi\u010dov, pedag\u00f3gov aj \u017eiakov<\/em> ktor\u00e9 vyplynuli z diskusie<ul><li>www.e-bezpeci.cz<\/li><li>preventista.sk<\/li><li>bezpecnenanete.eset.com\/sk\/<\/li><li>detinanete.sk<\/li><li>digiq.sk<\/li><li>ipcko.sk<\/li><li>ovce.sk<\/li><\/ul><\/li><\/ul><\/li><\/ul>\n\n\n\n<ul class=\"wp-block-list\"><li>10 Vzdel\u00e1vanie dospel\u00fdch<ul><li>z\u00e1ver diskusie: &#8220; <em>Asi najzlo\u017eitej\u0161ia t\u00e9ma nako\u013eko zahr\u0148uje nieko\u013eko r\u00f4znych skup\u00edn ktor\u00e9 ur\u010duj\u00fa pr\u00edstup k jednotliv\u00fdm skupin\u00e1m &#8211; od ekonomicky akt\u00edvneho obyvate\u013estva, nezamestnan\u00fdch, rodi\u010dov a\u017e po seniorov<\/em>&#8222;<\/li><\/ul><\/li><\/ul>\n\n\n\n<ul class=\"wp-block-list\" id=\"block-3304f1a6-7d9c-4317-939e-2933777fca0f\"><li>11 Vzdel\u00e1vanie zlo\u017eiek PZ SR<ul><li>z\u00e1ver diskusie: &#8220; <em>\u0160irokospektr\u00e1lna problematika nako\u013eko zahr\u0148uje v sebe  nie len \u0161tandardn\u00e9 zvy\u0161ovanie bezpe\u010dnostn\u00e9ho povedomia \u0161irok\u00e9ho spektra profesi\u00ed v PZ SR, ale zasahuje aj do t\u00e9m \u00fazko \u0161pecializovan\u00e9ho vzdel\u00e1vania ak\u00fdmi s\u00fa digit\u00e1lna stopa, anal\u00fdza digit\u00e1lnej stopy a rad \u010fal\u0161\u00edch<\/em>. <em>V s\u00fa\u010dasnej dobe je stav rovnako ako v in\u00fdch sektoroch nedostato\u010dn\u00fd a je potrebn\u00e1 akceler\u00e1cia aktiv\u00edt zameran\u00fdch na dan\u00fa problematiku.<\/em> <em>V predch\u00e1dzaj\u00facom obdob\u00ed boli realizovan\u00e9 r\u00f4zne projekty zvy\u0161ovania kompetenci\u00ed na ktor\u00e9 je mo\u017en\u00e9 obsahovo nadviaza\u0165. V technickej pr\u00edprave je na Akad\u00e9mi\u00ed PZ pripravovan\u00fd predmet zameran\u00fd na t\u00e9mu informa\u010dnej bezpe\u010dnosti, ktor\u00fd by mal okrem vzdel\u00e1vania \u0161tudentov zasiahnu\u0165 aj do celo\u017eivotn\u00e9ho vzdel\u00e1vania policajtov.&#8220;<\/em><\/li><\/ul><\/li><\/ul>\n\n\n\n<p><em><span class=\"has-inline-color has-vivid-cyan-blue-color\">Pl\u00e1novan\u00e9 t\u00e9my<\/span><\/em><\/p>\n\n\n\n<p>Vzdel\u00e1vanie na z\u00e1kladn\u00fdch \u0161kol\u00e1ch Stredn\u00e9 \u0161koly &#8211; v\u0161eobecn\u00e9 a \u0161pecializovan\u00e9 vzdel\u00e1vanie<\/p>\n\n\n\n<p>Vysok\u00e9 \u0161kolstvo &#8211; d\u00e1 sa lep\u0161ie?<\/p>\n\n\n\n<p>Ako m\u00e1 \u0161kolstvo u\u010di\u0165? M\u00e1 tvori\u0165 \u00fazko zameran\u00fdch profesion\u00e1lov alebo nau\u010di\u0165 len v\u0161eobecn\u00e9 z\u00e1klady?<\/p>\n\n\n\n<p>Kto bude vzdel\u00e1va\u0165? Ako vytvori\u0165 kvalitn\u00fdch tr\u00e9nerov\/u\u010dite\u013eov?<\/p>\n\n\n\n<p>Zdie\u013eanie kolegov z praxe so \u0161kolami pos\u00fava vzdel\u00e1vanie rap\u00eddne dopredu<\/p>\n\n\n\n<p><\/p>\n\n\n\n<p>Stretnutia bud\u00fa ka\u017ed\u00fa stredu od 19:00 na pribli\u017ene hodinu, t\u00e9ma po t\u00e9me. Z\u00e1rove\u0148 budeme spolu h\u013eada\u0165 a prij\u00edma\u0165 v\u00fdzvy na \u010fal\u0161ie t\u00e9my, na debaty o praktick\u00fdch sk\u00fasenostiach so vzdel\u00e1van\u00edm na v\u0161etk\u00fdch \u00farovniach od mal\u00fdch det\u00ed, cez \u0161kol\u00e1kov, \u0161tudentov stredn\u00fdch \u0161k\u00f4l a vysok\u00fdch \u0161k\u00f4l a\u017e po celo\u017eivotn\u00e9 vzdel\u00e1vanie.<\/p>\n\n\n\n<p>Vzdel\u00e1vanie v informa\u010dnej a kybernetickej bezpe\u010dnosti je pre n\u00e1s mimoriadne d\u00f4le\u017eit\u00e1 a zanedb\u00e1van\u00e1 t\u00e9ma. Pr\u00ed\u010fte a zapojte sa do debaty o tom, ako ho robi\u0165, pre koho ho robi\u0165 a pre\u010do vlastne je to d\u00f4le\u017eit\u00e9&#8230;<\/p>\n\n\n\n<p><a href=\"https:\/\/www.joinclubhouse.com\/club\/it-bezpe%C4%8Dnost-sk?fbclid=IwAR0UtgovDzYVlJw-_sD4hY32-g6g6GeUMopF5kEALrx825DjuvdjMY4m-Bc\">IT bezpe\u010dnost SK &#8211; Clubhouse (joinclubhouse.com)<\/a><\/p>\n\n\n\n<figure class=\"wp-block-image size-large\"><img data-recalc-dims=\"1\" loading=\"lazy\" decoding=\"async\" width=\"700\" height=\"443\" data-attachment-id=\"4304\" data-permalink=\"https:\/\/preventista.sk\/info\/dialogy-o-vzdelavani-na-clubhouse\/image-7\/\" data-orig-file=\"https:\/\/i0.wp.com\/preventista.sk\/info\/wp-content\/uploads\/2021\/03\/image.png?fit=742%2C470&amp;ssl=1\" data-orig-size=\"742,470\" data-comments-opened=\"1\" data-image-meta=\"{&quot;aperture&quot;:&quot;0&quot;,&quot;credit&quot;:&quot;&quot;,&quot;camera&quot;:&quot;&quot;,&quot;caption&quot;:&quot;&quot;,&quot;created_timestamp&quot;:&quot;0&quot;,&quot;copyright&quot;:&quot;&quot;,&quot;focal_length&quot;:&quot;0&quot;,&quot;iso&quot;:&quot;0&quot;,&quot;shutter_speed&quot;:&quot;0&quot;,&quot;title&quot;:&quot;&quot;,&quot;orientation&quot;:&quot;0&quot;}\" data-image-title=\"image\" data-image-description=\"\" data-image-caption=\"\" data-large-file=\"https:\/\/i0.wp.com\/preventista.sk\/info\/wp-content\/uploads\/2021\/03\/image.png?fit=700%2C443&amp;ssl=1\" src=\"https:\/\/i0.wp.com\/preventista.sk\/info\/wp-content\/uploads\/2021\/03\/image.png?resize=700%2C443&#038;ssl=1\" alt=\"\" class=\"wp-image-4304\" srcset=\"https:\/\/i0.wp.com\/preventista.sk\/info\/wp-content\/uploads\/2021\/03\/image.png?resize=700%2C443&amp;ssl=1 700w, https:\/\/i0.wp.com\/preventista.sk\/info\/wp-content\/uploads\/2021\/03\/image.png?resize=450%2C285&amp;ssl=1 450w, https:\/\/i0.wp.com\/preventista.sk\/info\/wp-content\/uploads\/2021\/03\/image.png?resize=320%2C203&amp;ssl=1 320w, https:\/\/i0.wp.com\/preventista.sk\/info\/wp-content\/uploads\/2021\/03\/image.png?w=742&amp;ssl=1 742w\" sizes=\"auto, (max-width: 700px) 100vw, 700px\" \/><\/figure>\n\n\n\n<p><\/p>\n","protected":false},"excerpt":{"rendered":"<p>Ak u\u017e vyu\u017e\u00edvate nov\u00fa internetov\u00fa slu\u017ebu ClubHouse tak sa pridajte ku klubu do ktor\u00e9ho boli pozvan\u00ed aj z\u00e1stupcovia n\u00e1\u0161ho OZ &#8211; t\u00e9mou bud\u00fa diskusie o problematike zvy\u0161ovania bezpe\u010dnostn\u00e9ho povedomia v IT bezpe\u010dnosti a prevencii po\u010d\u00edta\u010dovej kriminality. Z\u00e1kladn\u00e9 my\u0161lienky Zdie\u013eame inform\u00e1cie H\u013ead\u00e1me rie\u0161enia Vytv\u00e1rame bud\u00facnos\u0165 Aktu\u00e1lna t\u00e9ma 11 Vzdel\u00e1vanie policajtov II s roz\u0161\u00edren\u00edm t\u00e9m na potreby [&hellip;]<\/p>\n","protected":false},"author":1,"featured_media":0,"comment_status":"open","ping_status":"open","sticky":true,"template":"","format":"standard","meta":{"jetpack_post_was_ever_published":false,"_jetpack_newsletter_access":"","_jetpack_dont_email_post_to_subs":false,"_jetpack_newsletter_tier_id":0,"_jetpack_memberships_contains_paywalled_content":false,"_jetpack_memberships_contains_paid_content":false,"footnotes":""},"categories":[4],"tags":[],"class_list":["post-4303","post","type-post","status-publish","format-standard","hentry","category-itbezp"],"aioseo_notices":[],"jetpack_featured_media_url":"","jetpack_sharing_enabled":true,"jetpack-related-posts":[{"id":5890,"url":"https:\/\/preventista.sk\/info\/ucebnice-informacnej-bezpecnosti-suhrn\/","url_meta":{"origin":4303,"position":0},"title":"U\u010debnice informa\u010dnej bezpe\u010dnosti &#8211; s\u00fahrn","author":"Redakcia","date":"22. novembra 2025","format":false,"excerpt":"Pripravili sme pre V\u00e1s aktualizovan\u00fd s\u00fahrn z\u00e1kladn\u00fdch inform\u00e1ci\u00ed o jednotliv\u00fdch dieloch U\u010debnice informa\u010dnej bezpe\u010dnosti pre stredn\u00e9 odborn\u00e9 \u0161koly a gymn\u00e1zi\u00e1 v ucelenej forme a na jednom mieste. T\u00fdmto krokom zjednocujeme inform\u00e1cie uveden\u00e9 v r\u00f4znych \u010dl\u00e1nkoch a tie\u017e proces objedn\u00e1vania tla\u010den\u00fdch u\u010debn\u00edc. U\u010debnice a metodiky boli vytvoren\u00e9 prim\u00e1rne pre vytvorenie predmetu\u2026","rel":"","context":"V &quot;Aktu\u00e1lne&quot;","block_context":{"text":"Aktu\u00e1lne","link":"https:\/\/preventista.sk\/info\/category\/akcie\/aktualne\/"},"img":{"alt_text":"","src":"https:\/\/i0.wp.com\/preventista.sk\/info\/wp-content\/uploads\/2024\/03\/image.png?resize=350%2C200&ssl=1","width":350,"height":200,"srcset":"https:\/\/i0.wp.com\/preventista.sk\/info\/wp-content\/uploads\/2024\/03\/image.png?resize=350%2C200&ssl=1 1x, https:\/\/i0.wp.com\/preventista.sk\/info\/wp-content\/uploads\/2024\/03\/image.png?resize=525%2C300&ssl=1 1.5x, https:\/\/i0.wp.com\/preventista.sk\/info\/wp-content\/uploads\/2024\/03\/image.png?resize=700%2C400&ssl=1 2x"},"classes":[]},{"id":5525,"url":"https:\/\/preventista.sk\/info\/cluster-kybernetickej-bezpecnosti\/","url_meta":{"origin":4303,"position":1},"title":"Cluster Kybernetickej Bezpe\u010dnosti","author":"Redakcia","date":"17. janu\u00e1ra 2024","format":false,"excerpt":"Jednou z organiz\u00e1ci\u00ed, ktor\u00e1 sa na Slovensku intenz\u00edvne venuje podpore slovensk\u00fdch \u0161k\u00f4l pre zvy\u0161ovan\u00ed kompetenci\u00ed v oblasti technickej str\u00e1nky kybernetickej bezpe\u010dnosti je Cluster Kybernetickej Bezpe\u010dnosti z Liptovsk\u00e9ho Mikul\u00e1\u0161a. Vyspovedali sme J\u00e1na Lichv\u00e1ra, predsedu tohto zdru\u017eenia a polo\u017eili sme mu p\u00e1r ot\u00e1zok. Cluster kybernetickej bezpe\u010dnosti, m\u00f4\u017eete n\u00e1m p\u00e1r slovami pribl\u00ed\u017ei\u0165 \u010do\u2026","rel":"","context":"V &quot;Bezpe\u010dnos\u0165&quot;","block_context":{"text":"Bezpe\u010dnos\u0165","link":"https:\/\/preventista.sk\/info\/category\/itbezp\/"},"img":{"alt_text":"","src":"https:\/\/i0.wp.com\/preventista.sk\/info\/wp-content\/uploads\/2023\/12\/ckb-logo-02.jpg?resize=350%2C200&ssl=1","width":350,"height":200},"classes":[]},{"id":6315,"url":"https:\/\/preventista.sk\/info\/debatky-o-bezpecnosti-iv\/","url_meta":{"origin":4303,"position":2},"title":"Debatky o bezpe\u010dnosti IV","author":"Redakcia","date":"15. janu\u00e1ra 2025","format":false,"excerpt":"V \u0161tvrtej \u010dasti sme vyspovedali odborn\u00edka z trochu inej oblasti bezpe\u010dnosti a to z pr\u00e1vnej sf\u00e9ry. Meno Miroslav Chl\u00edpala je \u0161irokej odbornej i laickej verejnosti zn\u00e1me z mnoh\u00fdch konferenci\u00ed, vzdel\u00e1vac\u00edch semin\u00e1rov, ale zn\u00e1me s\u00fa aj jeho publik\u00e1cie. Zdroj obr\u00e1zku: AI Microsoft Copilot Designer, 2024 Na \u00favod jednoduch\u0161ia ot\u00e1zka. \u010co motivuje\u2026","rel":"","context":"V &quot;Debatky o bezpe\u010dnosti&quot;","block_context":{"text":"Debatky o bezpe\u010dnosti","link":"https:\/\/preventista.sk\/info\/category\/itbezp\/debatky-o-bezpecnosti\/"},"img":{"alt_text":"","src":"https:\/\/i0.wp.com\/preventista.sk\/info\/wp-content\/uploads\/2024\/08\/image.png?resize=350%2C200&ssl=1","width":350,"height":200,"srcset":"https:\/\/i0.wp.com\/preventista.sk\/info\/wp-content\/uploads\/2024\/08\/image.png?resize=350%2C200&ssl=1 1x, https:\/\/i0.wp.com\/preventista.sk\/info\/wp-content\/uploads\/2024\/08\/image.png?resize=525%2C300&ssl=1 1.5x, https:\/\/i0.wp.com\/preventista.sk\/info\/wp-content\/uploads\/2024\/08\/image.png?resize=700%2C400&ssl=1 2x"},"classes":[]},{"id":5158,"url":"https:\/\/preventista.sk\/info\/co-motivuje-autorov-k-pisaniu-ucebnic-o-bezpecnosti\/","url_meta":{"origin":4303,"position":3},"title":"\u010co motivuje autorov k p\u00edsaniu u\u010debn\u00edc o bezpe\u010dnosti?","author":"Redakcia","date":"15. febru\u00e1ra 2023","format":false,"excerpt":"Knihy o ktor\u00fdch sa v odborn\u00fdch kruhoch mnoho hovor\u00ed, dva diely \u00faspe\u0161n\u00fdch U\u010debn\u00edc informa\u010dnej bezpe\u010dnosti pre stredn\u00e9 \u0161koly a gymn\u00e1zi\u00e1. Vyspovedali sme t\u00edm autorov Mareka Zemana, Daniela Chromeka, Miroslava Bl\u0161\u00e1ka a Jaroslava Ostera. P\u00e4\u0165 ot\u00e1zok a p\u00e4\u0165 zauj\u00edmav\u00fdch odpoved\u00ed. \u010co \u0164a motivovalo obetova\u0165 svoj vo\u013en\u00fd \u010das nap\u00edsaniu u\u017e druhej \u010dasti\u2026","rel":"","context":"V &quot;Bezpe\u010dnos\u0165&quot;","block_context":{"text":"Bezpe\u010dnos\u0165","link":"https:\/\/preventista.sk\/info\/category\/itbezp\/"},"img":{"alt_text":"","src":"https:\/\/i0.wp.com\/preventista.sk\/info\/wp-content\/uploads\/2023\/02\/Ucebnice.png?resize=350%2C200&ssl=1","width":350,"height":200,"srcset":"https:\/\/i0.wp.com\/preventista.sk\/info\/wp-content\/uploads\/2023\/02\/Ucebnice.png?resize=350%2C200&ssl=1 1x, https:\/\/i0.wp.com\/preventista.sk\/info\/wp-content\/uploads\/2023\/02\/Ucebnice.png?resize=525%2C300&ssl=1 1.5x, https:\/\/i0.wp.com\/preventista.sk\/info\/wp-content\/uploads\/2023\/02\/Ucebnice.png?resize=700%2C400&ssl=1 2x"},"classes":[]},{"id":5179,"url":"https:\/\/preventista.sk\/info\/o-kybernetickej-bezpecnosti-nestaci-len-rozpravat-alias-krst-nasej-ucebnice\/","url_meta":{"origin":4303,"position":4},"title":"O kybernetickej bezpe\u010dnosti nesta\u010d\u00ed len rozpr\u00e1va\u0165  alias krst na\u0161ej u\u010debnice","author":"Redakcia","date":"22. marca 2023","format":false,"excerpt":"O kybernetickej bezpe\u010dnosti nesta\u010d\u00ed len rozpr\u00e1va\u0165 OZ Preventista a\u00a0spolo\u010dnos\u0165 ESET \u00a0spolo\u010dn\u00fdmi silami pripravili\u00a0krst druhej \u010dasti \u00faspe\u0161nej U\u010debnice informa\u010dnej bezpe\u010dnosti pre stredn\u00e9 \u0161koly a gymn\u00e1zi\u00e1, ktorej cie\u013eom je poskytn\u00fa\u0165 kvalitn\u00fd \u0161tudijn\u00fd materi\u00e1l pre vyu\u010dovania informa\u010dnej bezpe\u010dnosti ako ucelen\u00e9ho predmetu na stredn\u00fdch \u0161kol\u00e1ch. U\u010debnicu pokrst\u00ed COO spolo\u010dnosti ESET, Pavel Luka, za pr\u00edtomnosti\u2026","rel":"","context":"V &quot;Akcie&quot;","block_context":{"text":"Akcie","link":"https:\/\/preventista.sk\/info\/category\/akcie\/"},"img":{"alt_text":"","src":"https:\/\/i0.wp.com\/preventista.sk\/info\/wp-content\/uploads\/2023\/01\/NovaKniha_kniha.png?resize=350%2C200&ssl=1","width":350,"height":200},"classes":[]},{"id":5235,"url":"https:\/\/preventista.sk\/info\/pripravujete-do-noveho-skolskeho-roka-vyuku-tem-it-bezpecnosti-na-vasej-skole\/","url_meta":{"origin":4303,"position":5},"title":"Pripravujete do nov\u00e9ho \u0161kolsk\u00e9ho roka v\u00fduku t\u00e9m IT bezpe\u010dnosti na Va\u0161ej \u0161kole?","author":"Redakcia","date":"9. j\u00fana 2023","format":false,"excerpt":"Pl\u00e1nujete vyu\u017ei\u0165 pr\u00e1zdniny na pr\u00edpravu vzdel\u00e1vania informa\u010dnej a kybernetickej bezpe\u010dnosti na Va\u0161ej \u0161kole? H\u013ead\u00e1te vhodn\u00e9 u\u010debnice? Pripravili sme pre V\u00e1s jednoduch\u00fd s\u00fahrn, \u010do kde m\u00f4\u017eete n\u00e1js\u0165\/ z\u00edska\u0165. Z\u00e1kladn\u00e9 \u0161koly B\u00e1jky pre kyber-hrdinov a detekt\u00edvov elektronick\u00e1 verzia na vo\u013en\u00e9 stiahnutie B\u00e1jky pre kyber-hrdinov a detekt\u00edvov - 1 (preventista.sk) U\u010debnica informa\u010dnej bezpe\u010dnosti\u2026","rel":"","context":"V &quot;Bezpe\u010dnos\u0165&quot;","block_context":{"text":"Bezpe\u010dnos\u0165","link":"https:\/\/preventista.sk\/info\/category\/itbezp\/"},"img":{"alt_text":"","src":"https:\/\/i0.wp.com\/preventista.sk\/info\/wp-content\/uploads\/2023\/06\/skola2023.png?resize=350%2C200&ssl=1","width":350,"height":200,"srcset":"https:\/\/i0.wp.com\/preventista.sk\/info\/wp-content\/uploads\/2023\/06\/skola2023.png?resize=350%2C200&ssl=1 1x, https:\/\/i0.wp.com\/preventista.sk\/info\/wp-content\/uploads\/2023\/06\/skola2023.png?resize=525%2C300&ssl=1 1.5x, https:\/\/i0.wp.com\/preventista.sk\/info\/wp-content\/uploads\/2023\/06\/skola2023.png?resize=700%2C400&ssl=1 2x"},"classes":[]}],"_links":{"self":[{"href":"https:\/\/preventista.sk\/info\/wp-json\/wp\/v2\/posts\/4303","targetHints":{"allow":["GET"]}}],"collection":[{"href":"https:\/\/preventista.sk\/info\/wp-json\/wp\/v2\/posts"}],"about":[{"href":"https:\/\/preventista.sk\/info\/wp-json\/wp\/v2\/types\/post"}],"author":[{"embeddable":true,"href":"https:\/\/preventista.sk\/info\/wp-json\/wp\/v2\/users\/1"}],"replies":[{"embeddable":true,"href":"https:\/\/preventista.sk\/info\/wp-json\/wp\/v2\/comments?post=4303"}],"version-history":[{"count":24,"href":"https:\/\/preventista.sk\/info\/wp-json\/wp\/v2\/posts\/4303\/revisions"}],"predecessor-version":[{"id":4458,"href":"https:\/\/preventista.sk\/info\/wp-json\/wp\/v2\/posts\/4303\/revisions\/4458"}],"wp:attachment":[{"href":"https:\/\/preventista.sk\/info\/wp-json\/wp\/v2\/media?parent=4303"}],"wp:term":[{"taxonomy":"category","embeddable":true,"href":"https:\/\/preventista.sk\/info\/wp-json\/wp\/v2\/categories?post=4303"},{"taxonomy":"post_tag","embeddable":true,"href":"https:\/\/preventista.sk\/info\/wp-json\/wp\/v2\/tags?post=4303"}],"curies":[{"name":"wp","href":"https:\/\/api.w.org\/{rel}","templated":true}]}}