{"id":44,"date":"2013-07-19T14:06:10","date_gmt":"2013-07-19T12:06:10","guid":{"rendered":"http:\/\/preventista.sk\/info\/?p=44"},"modified":"2019-03-05T10:07:24","modified_gmt":"2019-03-05T09:07:24","slug":"nami-realizovane-aktivity-v-oblasti-prevencie","status":"publish","type":"post","link":"https:\/\/preventista.sk\/info\/nami-realizovane-aktivity-v-oblasti-prevencie\/","title":{"rendered":"Nami realizovan\u00e9 aktivity v oblasti prevencie"},"content":{"rendered":"<h2 style=\"color: #000066;\"><\/h2>\n<p><strong>SPOLUPR\u00c1CA NA REALIZ\u00c1CII PRIESKUMU<\/strong> (2011\/2012)<\/p>\n<p>prieskum soci\u00e1lno-patologick\u00fdch javov na z\u00e1kladn\u00fdch \u0161kol\u00e1ch mesta Lu\u010denec<\/p>\n<p><strong><span style=\"font-size: 11px; color: #888888;\">Komisia prevencie, Lu\u010denec\u00a0\u00a0\u00a0 <\/span><\/strong><em><span style=\"font-size: 11px; color: #888888;\"><a href=\"http:\/\/www.scoop.it\/t\/icsecclub\/p\/1802296348\/prieskum-na-zakladnych-skolach-mesta-lucenec\" target=\"_blank\" rel=\"noopener\">informat\u00edvny \u010dl\u00e1nok z v\u00fdsledkov prieskumu (scoop.it)<\/a><\/span><\/em><\/p>\n<p><strong>Modern\u00e9 komunika\u010dn\u00e9 technol\u00f3gie, rizik\u00e1 ich pou\u017e\u00edvania prevencia IT kriminality <\/strong>(12\/2018)<\/p>\n<p>vzdel\u00e1vac\u00ed workshop pre pracovn\u00edkov prevencie<\/p>\n<p><strong><strong><span style=\"color: #888888; font-size: 11px;\">\u00darad pr\u00e1ce soci\u00e1lnych vec\u00ed a rodiny Lu\u010denec<br \/>\n<\/span><\/strong><\/strong><\/p>\n<p><strong>Modern\u00e9 komunika\u010dn\u00e9 technol\u00f3gie, rizik\u00e1 ich pou\u017e\u00edvania, prevencia IT kriminality <\/strong>(11\/2018)<\/p>\n<p>vzdel\u00e1vac\u00ed workshop pre pracovn\u00edkov prevencie<\/p>\n<p><strong><strong><span style=\"color: #888888; font-size: 11px;\">\u00darad pr\u00e1ce soci\u00e1lnych vec\u00ed a rodiny Rimavsk\u00e1 Sobota<br \/>\n<\/span><\/strong><\/strong><\/p>\n<p><strong>IT kriminalita a prevencia z poh\u013eadu informa\u010dnej bezpe\u010dnosti <\/strong>(5\/2018)<\/p>\n<p>konferencia <a href=\"https:\/\/www.pdf.umb.sk\/app\/cmsSiteAttachment.php?ID=3967\" target=\"_blank\" rel=\"noopener\">Kyber V4<\/a><\/p>\n<p><strong><strong><span style=\"color: #888888; font-size: 11px;\">UMB Bansk\u00e1 Bystrica<\/span><\/strong><\/strong><\/p>\n<p><strong>Nebezpe\u010denstv\u00e1 on-line priestoru <\/strong>(11\/2017)<\/p>\n<p>celodenn\u00fd semin\u00e1r <a href=\"http:\/\/www.tnos.sk\/aktuality\/v-trencine-si-posvietili-na-it-kriminalitu.html?page_id=12265&amp;month=12&amp;year=2018\" target=\"_blank\" rel=\"noopener\">Spolo\u010dne proti IT kriminalite<\/a> pre pracovn\u00edkov prevencie a pedag\u00f3gov<br \/>\n<strong><strong><span style=\"color: #888888; font-size: 11px;\">TOS Tren\u010d\u00edn<br \/>\n<\/span><\/strong><\/strong><\/p>\n<p><strong>Prevencia po\u010d\u00edta\u010dovej kriminality <\/strong>(10\/2017)<\/p>\n<p>metodick\u00fd de\u0148 pre pr\u00edslu\u0161n\u00edkov PZ<br \/>\n<strong><strong><span style=\"color: #888888; font-size: 11px;\">Liptovsk\u00fd J\u00e1n<br \/>\n<\/span><\/strong><\/strong><\/p>\n<p><strong>Po\u010d\u00edta\u010dov\u00e1 kriminalita a prevencia, sk\u00fasenosti z praxe <\/strong>(6\/2017)<\/p>\n<p>metodick\u00fd de\u0148 pre u\u010dite\u013eov regi\u00f3nu \u0160ahy<br \/>\n<strong><strong><span style=\"color: #888888; font-size: 11px;\">Gymn\u00e1zium \u0160ahy<br \/>\n<\/span><\/strong><\/strong><\/p>\n<p><strong>Modern\u00e9 komunika\u010dn\u00e9 technol\u00f3gie, rizik\u00e1 ich pou\u017e\u00edvania a prevencia <\/strong>(4\/2017)<\/p>\n<p>konferencia Didinfo 2017<br \/>\n<strong><strong><span style=\"color: #888888; font-size: 11px;\">UMB Bansk\u00e1 Bystrica<br \/>\n<\/span><\/strong><\/strong><\/p>\n<p><strong>Bezpe\u010dnos\u0165, ochrana osobn\u00fdch \u00fadajov, cloud, po\u010d\u00edta\u010dov\u00e1 kriminalita <\/strong>(4\/2017)<\/p>\n<p>webin\u00e1re pre modern\u00fdch u\u010dite\u013eov<\/p>\n<p><strong><strong><span style=\"color: #888888; font-size: 11px;\">Microsoft<br \/>\n<\/span><\/strong><\/strong><\/p>\n<p><strong>Po\u010d\u00edta\u010dov\u00e1 kriminalita <\/strong>(3\/2017)<\/p>\n<p>workshopy pre \u0161tudentov a pedag\u00f3gov<\/p>\n<p><strong><strong><span style=\"color: #888888; font-size: 11px;\">Obchodn\u00e1 akad\u00e9mia Levice<br \/>\n<\/span><\/strong><\/strong><\/p>\n<p><strong>Antikrimi II <\/strong>(3\/2017)<\/p>\n<p>P2P projekt prevencie<\/p>\n<p><strong><strong><span style=\"color: #888888; font-size: 11px;\">Gymn\u00e1zium \u0160ahy<br \/>\n<\/span><\/strong><\/strong><\/p>\n<p><strong>Modern\u00e9 komunika\u010dn\u00e9 technol\u00f3gie, rizik\u00e1 ich pou\u017e\u00edvania <\/strong>(2\/2017)<\/p>\n<p>metodick\u00fd de\u0148 pre pedag\u00f3gov<\/p>\n<p><strong><strong><span style=\"color: #888888; font-size: 11px;\">Ko\u0161ice<br \/>\n<\/span><\/strong><\/strong><\/p>\n<p><strong>Kriminalita v internetovom prostred\u00ed <\/strong>(2\/2017)<\/p>\n<p>beseda pre rodi\u010dov a pedag\u00f3gov<\/p>\n<p><strong><strong><span style=\"color: #888888; font-size: 11px;\">II.Z\u0160, Lu\u010denec<br \/>\n<\/span><\/strong><\/strong><\/p>\n<p><strong>Bezpe\u010dnos\u0165 v IT svete <\/strong>(2\/2017)<\/p>\n<p>v\u00edkendov\u00e9 s\u00fastredie modern\u00fdch u\u010dite\u013eov v spolupr\u00e1ci s Microsoft<\/p>\n<p><strong><strong><span style=\"color: #888888; font-size: 11px;\">Pie\u0161\u0165any<br \/>\n<\/span><\/strong><\/strong><\/p>\n<p>&nbsp;<br \/>\n<strong>Podvody v internetovom svete, ochrama osobn\u00fdch \u00fadajov <\/strong>(11\/2016)<\/p>\n<p>workshop pre pracovn\u00edkov \u0161kolstva<br \/>\n<strong><strong><span style=\"color: #888888; font-size: 11px;\">Gymn\u00e1zium \u0160ahy<br \/>\n<\/span><\/strong><\/strong><br \/>\n&nbsp;<\/p>\n<p><strong>Prevencia v oblasti po\u010d\u00edta\u010dovej kriminality <\/strong>(11\/2015)<\/p>\n<p>predn\u00e1\u0161ka pre \u0161tudentov pedagogiky<\/p>\n<p><strong><strong><span style=\"color: #888888; font-size: 11px;\">Univerzita Mateja Bela, Bansk\u00e1 Bystrica <\/span><\/strong><\/strong><\/p>\n<p>&nbsp;<\/p>\n<p><strong>Antikrimi <\/strong>(11\/2015)<\/p>\n<p>vzdel\u00e1vac\u00ed workshop v r\u00e1mci projektu mlad\u00fdch preventistov<\/p>\n<p><strong><strong><span style=\"color: #888888; font-size: 11px;\">Gymn\u00e1zium \u0160ahy<\/span><\/strong><\/strong><\/p>\n<p>&nbsp;<\/p>\n<p><strong>Rizik\u00e1 internetov\u00e9ho sveta <\/strong>(11\/2015)<\/p>\n<p>predn\u00e1\u0161ka pre rodi\u010dov SP\u0160 Snina<\/p>\n<p><strong><strong><span style=\"color: #888888; font-size: 11px;\">Snina<\/span><\/strong><\/strong><\/p>\n<p>&nbsp;<\/p>\n<p><strong>Semin\u00e1r Finan\u010dn\u00e1 gramotnos\u0165 <\/strong>(11\/2015)<\/p>\n<p>predn\u00e1\u0161kov\u00fd workshop pre pedag\u00f3gov na t\u00e9mu bezpe\u010dnos\u0165 a peniaze<\/p>\n<p><strong><strong><span style=\"color: #888888; font-size: 11px;\">Humenn\u00e9<\/span><\/strong><\/strong><\/p>\n<p>&nbsp;<\/p>\n<p><strong>Po\u010d\u00edta\u010dov\u00e1 kriminalita <\/strong>(10\/2015)<\/p>\n<p>predn\u00e1\u0161kov\u00fd workshop pre \u0161tudentov gymn\u00e1zia<\/p>\n<p><strong><strong><span style=\"color: #888888; font-size: 11px;\">Gymn\u00e1zium Trnava<\/span><\/strong><\/strong><\/p>\n<p>&nbsp;<\/p>\n<p><strong>Microsoft roadshow Vzdel\u00e1vame pre bud\u00facnos\u0165 <\/strong>(10\/2015)<\/p>\n<p>predn\u00e1\u0161ky v r\u00e1mci roadshow pre u\u010dite\u013eov<\/p>\n<p><strong><strong><span style=\"color: #888888; font-size: 11px;\">Ko\u0161ice, \u017dilina<\/span><\/strong><\/strong><\/p>\n<p>&nbsp;<\/p>\n<p><strong>Konferencia Virtu\u00e1lny svet a re\u00e1lne nebezpe\u010denstv\u00e1 <\/strong>(9\/2015)<\/p>\n<p>konferencia pre pracovn\u00edkov prevencie<\/p>\n<p><strong><strong><span style=\"color: #888888; font-size: 11px;\">Lu\u010denec<\/span><\/strong><\/strong><\/p>\n<p>&nbsp;<\/p>\n<p><strong>Po\u010d\u00edta\u010dov\u00e1 kriminalita <\/strong>(6\/2015)<\/p>\n<p>predn\u00e1\u0161kov\u00fd workshop pre \u0161tudentov gymn\u00e1zia<\/p>\n<p><strong><strong><span style=\"color: #888888; font-size: 11px;\">Gymn\u00e1zium Rev\u00faca<\/span><\/strong><\/strong><\/p>\n<p>&nbsp;<\/p>\n<p><strong>(Ne)bezpe\u010dn\u00fd internet<\/strong> (5\/2015)<\/p>\n<p>predn\u00e1\u0161ka pre \u017eiakov druh\u00e9ho stup\u0148a<\/p>\n<p><strong><strong><span style=\"color: #888888; font-size: 11px;\">Z\u0160 Apo\u0161tola Pavla, Liptovsk\u00fd Mikul\u00e1\u0161<\/span><\/strong><\/strong><\/p>\n<p>&nbsp;<\/p>\n<p><strong>Rizik\u00e1 internetu\u00a0\u00a0<\/strong>(5\/2015)<\/p>\n<p>predn\u00e1\u0161ka pre \u0161tudentov<\/p>\n<p><strong><strong><span style=\"color: #888888; font-size: 11px;\">Obchodn\u00e1 akad\u00e9mia Lu\u010denec<\/span><\/strong><\/strong><\/p>\n<p>&nbsp;<\/p>\n<p><strong>Po\u010d\u00edta\u010dov\u00e1 kriminalita a prevencia<\/strong>\u00a0(3\/2015)<\/p>\n<p>predn\u00e1\u0161ka pre riadite\u013eov \u0161t\u00e1tnych gymn\u00e1zi\u00ed<\/p>\n<p><strong><strong><span style=\"color: #888888; font-size: 11px;\">Asoci\u00e1cia riadite\u013eov \u0161t\u00e1tnych gymn\u00e1zi\u00ed SR<\/span><\/strong><\/strong><\/p>\n<p>&nbsp;<\/p>\n<p><strong>Metodick\u00fd de\u0148 pre u\u010dite\u013eov<\/strong> (3\/2015)<\/p>\n<p>metodick\u00fd de\u0148 pedag\u00f3gov okresu Doln\u00fd Kub\u00edn<\/p>\n<p><strong><strong><span style=\"color: #888888; font-size: 11px;\">Doln\u00fd Kub\u00edn<\/span><\/strong><\/strong><\/p>\n<p>&nbsp;<\/p>\n<p><strong>Noc na gymn\u00e1ziu <\/strong>(3\/2015)<\/p>\n<p>semin\u00e1r pre \u0161tudentov gymn\u00e1zia<\/p>\n<p><strong><strong><span style=\"color: #888888; font-size: 11px;\">Gymn\u00e1zium BST Lu\u010denec<\/span><\/strong><\/strong><\/p>\n<p>&nbsp;<\/p>\n<p><strong>Metodick\u00fd de\u0148 pre u\u010dite\u013eov<\/strong> (2\/2015)<\/p>\n<p>metodick\u00fd de\u0148 pre pedag\u00f3gov okresu Bratislava<\/p>\n<p><strong><strong><span style=\"font-size: 11px; color: #888888;\">MPC Bratislava &#8211; mesto<\/span><\/strong><\/strong><\/p>\n<p>&nbsp;<\/p>\n<p><strong>Po\u010d\u00edta\u010dov\u00e1 kriminalita <\/strong>(2\/2015)<\/p>\n<p>predn\u00e1\u0161kov\u00fd workshop pre \u0161tudentov gymn\u00e1zia<\/p>\n<p><strong><strong><span style=\"font-size: 11px; color: #888888;\">Gymn\u00e1zium \u0160amor\u00edn\u00a0<\/span><\/strong><\/strong><\/p>\n<p>&nbsp;<\/p>\n<p><strong>Metodick\u00fd de\u0148 &#8222;T@blety v \u0161kol\u00e1ch&#8220;<\/strong> (2\/2015)<\/p>\n<p>metodick\u00fd de\u0148 pedag\u00f3gov<\/p>\n<p><strong><strong><span style=\"font-size: 11px; color: #888888;\">Ko\u0161ice-mesto\u00a0<a href=\"https:\/\/www.facebook.com\/ibolya.straussova\/media_set?set=a.10205914518607271&amp;type=1&amp;pnref=story\">fotogal\u00e9ria<\/a><\/span><\/strong><\/strong><\/p>\n<p>&nbsp;<\/p>\n<p><strong>Rizik\u00e1 internetu<\/strong> (12\/2014)<\/p>\n<p>beseda s rodi\u010dmi a pedag\u00f3gmi<\/p>\n<p><strong><strong><span style=\"font-size: 11px; color: #888888;\">Z\u0160 M.R.\u0160tef\u00e1nika Lu\u010denec \u00a0<a href=\"https:\/\/plus.google.com\/photos\/104624935255016838193\/albums\/6092296265228842785\">fotogal\u00e9ria<\/a><\/span><\/strong><\/strong><\/p>\n<p>&nbsp;<\/p>\n<p><strong>(Ne)bezpe\u010dn\u00fd internet<\/strong> (11\/2014)<\/p>\n<p>predn\u00e1\u0161ka pre \u017eiakov druh\u00e9ho stup\u0148a<\/p>\n<p><strong><strong><span style=\"font-size: 11px; color: #888888;\">Evanjelick\u00e1 spojen\u00e1 \u0161kola Martin<\/span><\/strong><\/strong><\/p>\n<p>&nbsp;<\/p>\n<p><strong>(Ne)bezpe\u010dn\u00fd internet<\/strong> (11\/2014)<\/p>\n<p>predn\u00e1\u0161ka pre \u017eiakov druh\u00e9ho stup\u0148a<\/p>\n<p><strong><strong><span style=\"font-size: 11px; color: #888888;\">Z\u0160 M.R.\u0160tef\u00e1nika Lu\u010denec \u00a0<a href=\"https:\/\/plus.google.com\/photos\/104624935255016838193\/albums\/6084515789220126641\">fotogal\u00e9ria<\/a><\/span><\/strong><\/strong><\/p>\n<p>&nbsp;<\/p>\n<p><strong>Rizikov\u00e9 spr\u00e1vanie na soci\u00e1lnych sie\u0165ach<\/strong> (11\/2014)<\/p>\n<p>predn\u00e1\u0161ka pre \u0161tudentov v r\u00e1mci D\u0148a prevencie<\/p>\n<p><strong><strong><span style=\"font-size: 11px; color: #888888;\">SP\u0160 Dopravn\u00e1 Ko\u0161ice<\/span><\/strong><\/strong><\/p>\n<p>&nbsp;<\/p>\n<p><strong>Kriminalita v IT a prevencia<\/strong> (11\/2014)<\/p>\n<p>metodick\u00e9 popoludnie pre pedag\u00f3gov Sninsk\u00e9ho regi\u00f3nu<\/p>\n<p><strong><strong><span style=\"font-size: 11px; color: #888888;\">Snina \u00a0\u00a0<\/span><\/strong><\/strong><\/p>\n<p><iframe loading=\"lazy\" src=\"\/\/www.youtube.com\/embed\/NommuO6MzT0\" width=\"374\" height=\"210\" frameborder=\"0\" align=\"left\" allowfullscreen=\"allowfullscreen\"><\/iframe><\/p>\n<p>&nbsp;<\/p>\n<p>&nbsp;<\/p>\n<p>&nbsp;<\/p>\n<p>&nbsp;<\/p>\n<p>&nbsp;<\/p>\n<p>&nbsp;<\/p>\n<p>&nbsp;<\/p>\n<p><strong>Po\u010d\u00edta\u010dov\u00e1 kriminalita<\/strong> (11\/2014<span style=\"text-decoration: underline;\">)<\/span><\/p>\n<p>predn\u00e1\u0161ka pre \u017eiakov SP\u0160<\/p>\n<p><strong><strong><span style=\"font-size: 11px; color: #888888;\">Stredn\u00e1 priemyseln\u00e1 \u0161kola Snina \u00a0 <a href=\"https:\/\/www.youtube.com\/watch?v=NommuO6MzT0\">spr\u00e1vy Zempl\u00ednske noviny (minuta 17:15)<\/a><\/span><\/strong><\/strong><\/p>\n<p>&nbsp;<\/p>\n<p><strong>Soci\u00e1lne siete a kriminalita<\/strong> (11\/2014)<\/p>\n<p>predn\u00e1\u0161ky pre \u0161tudentov gymn\u00e1zia spojen\u00e9 s besedou<\/p>\n<p><strong><strong><span style=\"font-size: 11px; color: #888888;\">Gymn\u00e1zium Vranov nad Top\u013eou \u00a0<\/span><\/strong><\/strong><\/p>\n<p><iframe loading=\"lazy\" src=\"\/\/www.youtube.com\/embed\/4YQtXROEJFU\" width=\"374\" height=\"210\" frameborder=\"0\" align=\"left\" allowfullscreen=\"allowfullscreen\"><\/iframe><\/p>\n<p>&nbsp;<\/p>\n<p>&nbsp;<\/p>\n<p>&nbsp;<\/p>\n<p>&nbsp;<\/p>\n<p>&nbsp;<\/p>\n<p>&nbsp;<\/p>\n<p>&nbsp;<\/p>\n<p><strong>\u010co je to bezpe\u010dnos\u0165 v IT svete<\/strong> (11\/2014)<\/p>\n<p>predn\u00e1\u0161ky pre \u017eiakov, pedag\u00f3gov a rodi\u010dov Z\u0160 spojen\u00e9 s besedou<\/p>\n<p><strong><strong><span style=\"font-size: 11px; color: #888888;\">Z\u00e1kladn\u00e1 \u0161kola Ni\u017en\u00fd Kl\u00e1tov \u00a0<a href=\"http:\/\/zsnklatov.edupage.org\/photos\/?photo=album&amp;gallery=28#gallery\/28\">fotogal\u00e9ria<\/a><\/span><\/strong><\/strong><\/p>\n<p>&nbsp;<\/p>\n<p><strong>Nezab\u00fadajte na bezpe\u010dnos\u0165 v \u010dase online technol\u00f3gi\u00ed<\/strong> (10\/2014)<\/p>\n<p>Roadshow Modern\u00fd u\u010dite\u013e v spolupr\u00e1ci so spolo\u010dnos\u0165ou Microsoft<\/p>\n<p><strong><strong><span style=\"font-size: 11px; color: #888888;\">Ko\u0161ice, \u017dilina, Bratislava<\/span><\/strong><\/strong><\/p>\n<p>&nbsp;<\/p>\n<p><strong>\u010co je to bezpe\u010dnos\u0165 v IT svete<\/strong> (10\/2014)<\/p>\n<p>predn\u00e1\u0161ka pre \u017eiakov 1. a 2. stup\u0148a Z\u0160<\/p>\n<p><strong><strong><span style=\"font-size: 11px; color: #888888;\">Z\u0160 M.R.\u0160tef\u00e1nika, \u017diar nad Hronom<\/span><\/strong><\/strong><\/p>\n<p>&nbsp;<\/p>\n<p><strong>Prevencia a vzdel\u00e1vanie v oblasti bezpe\u010dnosti IT<\/strong> (8\/2014)<\/p>\n<p>predn\u00e1\u0161ka pre u\u010dite\u013eov v r\u00e1mci Letnej \u0161koly modern\u00fdch u\u010dite\u013eov<\/p>\n<p><strong><strong><span style=\"font-size: 11px; color: #888888;\">Microsoft, Kopanice \u017ditkov\u00e1<\/span><\/strong><\/strong><\/p>\n<p>&nbsp;<\/p>\n<p><strong>Soci\u00e1lne siete a rizik\u00e1, zverej\u0148ovanie fotografi\u00ed a osobn\u00fdch \u00fadajov<\/strong> (6\/2014)<\/p>\n<p>predn\u00e1\u0161ka v spolupr\u00e1ci s firmou ESET &#8211; beseda so \u017eiakmi Z\u0160<\/p>\n<p><strong><strong><span style=\"font-size: 11px; color: #888888;\">Z\u0160 \u0160enkvice \u00a0 \u00a0\u00a0<a href=\"http:\/\/zssenkvice.edupage.org\/album\/?#gallery\/23\" target=\"_blank\" rel=\"noopener\"><strong><strong>fotogal\u00e9ria<\/strong><\/strong><\/a><\/span><\/strong><\/strong><\/p>\n<p>&nbsp;<\/p>\n<p><strong>Autorsk\u00e9 pr\u00e1vo a prevencia<\/strong> (4\/2014)<\/p>\n<p>semin\u00e1r pre u\u010dite\u013eov a preventistov okresu Lu\u010denec<\/p>\n<p><strong><strong><span style=\"font-size: 11px; color: #888888;\">Komisia prevencie pri Ms\u00da Lu\u010denec<\/span><\/strong><\/strong><\/p>\n<p>&nbsp;<\/p>\n<p><strong>Bezpe\u010dnos\u0165 IT, soci\u00e1lne siete, rizik\u00e1 a prevencia<\/strong> (4\/2014)<\/p>\n<p>semin\u00e1r pre u\u010dite\u013eov a preventistov okresu Rimavsk\u00e1 Sobota<\/p>\n<p><strong><strong><span style=\"font-size: 11px; color: #888888;\">CPPaP Rimavsk\u00e1 Sobota<\/span><\/strong><\/strong><\/p>\n<p>&nbsp;<\/p>\n<p><strong>Soci\u00e1lne siete, IT kriminalita, n\u00e1zory a sk\u00fasenosti<\/strong> (2\/2014)<\/p>\n<p>predn\u00e1\u0161ka pre \u0161tudentov gymn\u00e1zia<\/p>\n<p><strong><strong><span style=\"font-size: 11px; color: #888888;\">Gymn\u00e1zium Hn\u00fa\u0161ta<\/span><\/strong><\/strong><\/p>\n<p>&nbsp;<\/p>\n<p><strong>Po\u010d\u00edta\u010dov\u00e1 kriminalita a internet<\/strong> (10\/2013)<\/p>\n<p>predn\u00e1\u0161ky pre \u017eiakov Z\u0160<\/p>\n<p><strong><strong><span style=\"font-size: 11px; color: #888888;\">Z\u0160 Hali\u010dsk\u00e1, Lu\u010denec<\/span><\/strong><\/strong><\/p>\n<p>&nbsp;<\/p>\n<p><strong>Soci\u00e1lne siete a rizik\u00e1, zverej\u0148ovanie fotografi\u00ed a osobn\u00fdch \u00fadajov<\/strong> (5\/2013)<\/p>\n<p>beseda so \u017eiakmi 7. ro\u010dn\u00edkov<\/p>\n<p><strong><strong><span style=\"font-size: 11px; color: #888888;\">Z\u0160 Ladislava Novomesk\u00e9ho, Lu\u010denec<\/span><\/strong><\/strong><\/p>\n<p>&nbsp;<\/p>\n<p><strong>IT kriminalita, rizik\u00e1 internetov\u00fdch technol\u00f3gi\u00ed, sk\u00fasenosti v prevencii<\/strong> (5\/2013)<\/p>\n<p>workshop s pedag\u00f3gmi z\u00e1kladn\u00fdch \u0161k\u00f4l v r\u00e1mci prevent\u00edvnych aktiv\u00edt M\u00da \u017dIar nad Hronom<\/p>\n<p><strong><strong><span style=\"font-size: 11px; color: #888888;\">Mestsk\u00fd \u00farad, \u017diar nad Hronom<\/span><\/strong><\/strong><\/p>\n<p>&nbsp;<\/p>\n<p><strong>Soci\u00e1lne siete, IT kriminalita, zverej\u0148ovanie osobn\u00fdch \u00fadajov<\/strong> (5\/2013)<\/p>\n<p>predn\u00e1\u0161ka k t\u00e9me IT technol\u00f3gie a trestn\u00e9 pr\u00e1vo<\/p>\n<p><strong><strong><span style=\"font-size: 11px; color: #888888;\">SOU Technick\u00e9 Lu\u010denec<\/span><\/strong><\/strong><\/p>\n<p>&nbsp;<\/p>\n<p><strong>Cyklus predn\u00e1\u0161ok prevencie &#8211; IT bezpe\u010dnos\u0165 a IT kriminalita<\/strong> (3\/2013)<\/p>\n<p>predn\u00e1\u0161ka o problematike po\u010d\u00edta\u010dovej kriminality a prevencie v r\u00e1mci s\u00e9rie cyklick\u00fdch predn\u00e1\u0161ok Komisie prevencie pre MU Lu\u010denec pre pedag\u00f3gov a pracovn\u00edkov prevencie z\u00e1kladn\u00fdch a stredn\u00fdch \u0161k\u00f4l\u00a0\u00a0 <strong><strong><span style=\"font-size: 11px; color: #888888;\">Lu\u010denec<\/span><\/strong><\/strong><\/p>\n<p>&nbsp;<\/p>\n<p><strong>KOLOTO\u010c PREVENCIE<\/strong> (3\/2013)<\/p>\n<p>predn\u00e1\u0161ky o po\u010d\u00edta\u010dovej kriminalite a rizik\u00e1ch soci\u00e1lnych siet\u00ed pre \u0161tudentov gymn\u00e1zia v r\u00e1mci s\u00e9rie predn\u00e1\u0161ok zameran\u00fdch na r\u00f4zne oblasti prevencie<\/p>\n<p><strong><strong><span style=\"font-size: 11px; color: #888888;\">Gymn\u00e1zium BST, Lu\u010denec<\/span><\/strong><\/strong><\/p>\n<p>&nbsp;<\/p>\n<p><strong>NEBEZPE\u010cN\u00dd INTERNET<\/strong> (2\/2013)<\/p>\n<p>predn\u00e1\u0161ka pre \u017eiakov Z\u0160<\/p>\n<p><strong><strong><span style=\"font-size: 11px; color: #888888;\">Z\u00e1kladn\u00e1 \u0161kola, Ni\u017en\u00fd Kl\u00e1tov<\/span><\/strong><\/strong><\/p>\n<p>&nbsp;<\/p>\n<p><strong>IT kriminalita, rizik\u00e1 internetov\u00fdch technol\u00f3gi\u00ed, sk\u00fasenosti v prevencii<\/strong> (2\/2013)<\/p>\n<p>workshop s pedag\u00f3gmi Klubov modern\u00fdch u\u010dite\u013eov<\/p>\n<p><strong><strong><span style=\"font-size: 11px; color: #888888;\">Ko\u0161ice<\/span><\/strong><\/strong><\/p>\n<p>&nbsp;<\/p>\n<p><strong>Kybernetick\u00e1 kriminalita a rizik\u00e1<\/strong> (2\/2013)<\/p>\n<p>predn\u00e1\u0161ka pre \u0161tudentov gymn\u00e1zia<\/p>\n<p><strong><strong><span style=\"font-size: 11px; color: #888888;\">Gymn\u00e1zium Tom\u00e1\u0161a Akvinsk\u00e9ho, Ko\u0161ice<\/span><\/strong><\/strong><\/p>\n<p>&nbsp;<\/p>\n<p><strong>IT kriminalita a prevencia<\/strong> (11\/2012)<\/p>\n<p>motiva\u010dn\u00e9 predn\u00e1\u0161ky v r\u00e1mci RoadShow Modern\u00fd U\u010dite\u013e 2012 INDICIA<\/p>\n<p><strong><strong><span style=\"font-size: 11px; color: #888888;\">Trsten\u00e1 <\/span><\/strong><\/strong><span style=\"font-size: 11px; color: #888888;\"><em><a href=\"http:\/\/www.youtube.com\/watch?v=KKh2eHPkD_o\" target=\"_blank\" rel=\"noopener\"><span style=\"color: #808080;\">foto<\/span><\/a>\u00a0<\/em><\/span><span style=\"color: #d3d3d3;\"><span style=\"font-size: 11px;\"><em><a href=\"http:\/\/www.youtube.com\/watch?v=7UwyZ41zauo&amp;feature=related\" target=\"_blank\" rel=\"noopener\">video<\/a><\/em><\/span><\/span><strong><strong><span style=\"font-size: 11px; color: #888888;\">, Ko\u0161ice <\/span><\/strong><\/strong><strong><strong><span style=\"font-size: 11px; color: #888888;\">, Vranov nad Top\u013eou <\/span><\/strong><\/strong><span style=\"font-size: 11px; color: #888888;\"><em><a href=\"http:\/\/www.facebook.com\/#!\/media\/set\/?set=a.469074436476056.117989.231086090274893&amp;type=1&amp;comment_id=4960033&amp;notif_t=like\" target=\"_blank\" rel=\"noopener\"><span style=\"color: #808080;\">foto<\/span><\/a><\/em><\/span><strong><strong><span style=\"font-size: 11px; color: #888888;\">, Lu\u010denec, Kom\u00e1rno, <\/span><\/strong><\/strong><\/p>\n<p><strong><strong><span style=\"font-size: 11px; color: #888888;\">Nov\u00e9 Mesto nad V\u00e1hom, Ru\u017eomberok <\/span><\/strong><\/strong><span style=\"font-size: 11px; color: #888888;\"><em><a href=\"http:\/\/www.youtube.com\/watch?v=76itQje1HG8&amp;feature=youtu.be\" target=\"_blank\" rel=\"noopener\"><span style=\"color: #808080;\">video<\/span><\/a><\/em><\/span><strong><strong><span style=\"font-size: 11px; color: #888888;\">, \u017diar nad Hronom, Nov\u00e1ky<\/span><\/strong><\/strong><\/p>\n<p>&nbsp;<\/p>\n<p><strong>SOCI\u00c1LNE SIETE A RIZIK\u00c1<\/strong> (11\/2012)<\/p>\n<p>predn\u00e1\u0161ka pre \u017eiakov 7. a 8.ro\u010dn\u00edka<\/p>\n<p><strong><strong><span style=\"font-size: 11px; color: #888888;\">Z\u0160 Slobody, Polt\u00e1r<\/span><\/strong><\/strong><\/p>\n<p>&nbsp;<\/p>\n<p><strong>BEZPE\u010cN\u00dd INTERNET<\/strong> (11\/2012)<\/p>\n<p>predn\u00e1\u0161ka pre \u017eiakov 9.ro\u010dn\u00edkov\u00a0z\u00e1kladn\u00fdch \u0161k\u00f4l\u00a0Lu\u010denec<\/p>\n<p><strong><strong><span style=\"font-size: 11px; color: #888888;\">Kino Apollo, Lu\u010denec<\/span><\/strong><\/strong><\/p>\n<p>&nbsp;<\/p>\n<p><strong>APLIKOVAN\u00c1 BEZPE\u010cNOS\u0164 &#8211; SOCI\u00c1LNY HACKING A IT<\/strong> (10\/2012)<\/p>\n<p>konferencia Nemocni\u010dn\u00e9 informa\u010dn\u00e9 syst\u00e9my 2012<\/p>\n<p><strong><strong><span style=\"font-size: 11px; color: #888888;\">Hotel Magura, Vysok\u00e9 Tatry\u00a0 <a href=\"http:\/\/int.vhagy.sk\/nis2012\/foto\/fotonis2012x.htm\" target=\"_blank\" rel=\"noopener\">fotogal\u00e9ria<\/a>\u00a0\u00a0 <a href=\"http:\/\/int.vhagy.sk\/nis2012\/prez\/1den\/09oster.pptx\" target=\"_blank\" rel=\"noopener\">predn\u00e1\u0161ka<\/a><\/span><\/strong><\/strong><\/p>\n<p>&nbsp;<\/p>\n<p><strong>IT BEZPE\u010cNOS\u0164 A PREVENCIA<\/strong> (10\/2012)<\/p>\n<p>predn\u00e1\u0161ka pre pedagogick\u00fdch pracovn\u00edkov<\/p>\n<p><strong><strong><span style=\"font-size: 11px; color: #888888;\">SPV, Rimavsk\u00e1 Sobota<\/span><\/strong><\/strong><\/p>\n<p>&nbsp;<\/p>\n<p><strong>BEZPE\u010cN\u00dd INTERNET V PRAXI MATERSKEJ \u0160KOLY<\/strong> (10\/2012)<\/p>\n<p>konferencia Nov\u00fd Svet vo vzdel\u00e1van\u00ed<\/p>\n<p><strong><strong><span style=\"font-size: 11px; color: #888888;\">Pie\u0161\u0165any<\/span><\/strong><\/strong><\/p>\n<p>&nbsp;<\/p>\n<p><strong>PREVENCIA A SAMOSPR\u00c1VA<\/strong> (10\/2012)<\/p>\n<p>konferencia Asoci\u00e1cie prednostov samospr\u00e1v SR<\/p>\n<p><strong><strong><span style=\"font-size: 11px; color: #888888;\">Hotel Permon, Podbansk\u00e9<\/span><\/strong><\/strong><\/p>\n<p>&nbsp;<\/p>\n<p><strong>BEZPE\u010cN\u00dd INTERNET V PREVENCII Z\u0160 A M\u0160<\/strong> (10\/2012)<\/p>\n<p>pracovn\u00fd semin\u00e1r na t\u00e9mu prevencia v oblasti IT bezpe\u010dnosti pod gesciou Spolo\u010dnosti pre pred\u0161kolsk\u00fa v\u00fdchovu<\/p>\n<p><strong><strong><span style=\"font-size: 11px; color: #888888;\">Mestsk\u00fd \u00farad P\u00fachov <\/span><\/strong><\/strong><\/p>\n<p>&nbsp;<\/p>\n<p><strong>V\u00cdKENDOV\u00c9 STRETNUTIE MODERN\u00ddCH U\u010cITE\u013dOV IND\u00cdCIA<\/strong> (9\/2012)<\/p>\n<p>predn\u00e1\u0161ky prevencia, bezpe\u010dnos\u0165 informa\u010dn\u00fdch technol\u00f3gi\u00ed, riz\u00edk soci\u00e1lnych siet\u00ed<\/p>\n<p><strong><strong><span style=\"font-size: 11px; color: #888888;\">Pribylina, <\/span><\/strong><\/strong><em><a href=\"http:\/\/www.ucimeprezivot.sk\/video\/it-kriminalita-a-internet\/\" target=\"_blank\" rel=\"noopener\">z\u00e1znam predn\u00e1\u0161ky IT kriminalita a internet<\/a><\/em><\/p>\n<p>&nbsp;<\/p>\n<p><strong>PO\u010c\u00cdTA\u010cOV\u00c1 KRIMINALITA A PREVENCIA<\/strong> (9\/2012)<\/p>\n<p>predn\u00e1\u0161ka na t\u00e9mu po\u010d\u00edta\u010dov\u00e1 kriminalita, rizik\u00e1 soci\u00e1lnych siet\u00ed a prevencia pre \u0161tudentov gymn\u00e1zia<\/p>\n<p><strong><strong><span style=\"font-size: 11px; color: #888888;\">Gymn\u00e1zium M.M.Hod\u017eu, Liptovsk\u00fd Mikul\u00e1\u0161, <\/span><\/strong><\/strong><em><span style=\"font-size: 11px; color: #888888;\"><a href=\"http:\/\/www.facebook.com\/#!\/media\/set\/?set=a.10151467523113849.591668.402654188848&amp;type=1\" target=\"_blank\" rel=\"noopener\">foto<\/a><\/span><\/em><\/p>\n<p>&nbsp;<\/p>\n<p><strong>PO\u010c\u00cdTA\u010cOV\u00c1 KRIMINALITA A PREVENCIA<\/strong> (6\/2012)<\/p>\n<p>predn\u00e1\u0161ka na t\u00e9mu po\u010d\u00edta\u010dov\u00e1 kriminalita, rizik\u00e1 soci\u00e1lnych siet\u00ed a prevencia pre \u0161tudentov gymn\u00e1zia<\/p>\n<p><strong><strong><span style=\"font-size: 11px; color: #888888;\">Spojen\u00e1 \u0161kola de La Salle, Bratislava<\/span><\/strong><\/strong><\/p>\n<p>&nbsp;<\/p>\n<p><strong>BEZPE\u010cN\u00dd INTERNET V PRAXI MATERSKEJ \u0160KOLY<\/strong> (6\/2012)<\/p>\n<p>pracovn\u00fd workshop na t\u00e9mu bezpe\u010dnos\u0165 IT a prevencia v r\u00e1mci M\u0160<\/p>\n<p><strong><strong><span style=\"font-size: 11px; color: #888888;\">pracovn\u00e9 stretnutie Rady Spolo\u010dnosti pre pred\u0161kolsk\u00fa v\u00fdchovu, Senec<\/span><\/strong><\/strong><\/p>\n<p>&nbsp;<\/p>\n<p><strong>DNI PREVENCIE<\/strong> (5\/2012)<\/p>\n<p>workshopy so \u0161pecialistami na prevenciu<\/p>\n<p><em>organizovan\u00e9 v spolupr\u00e1ci s Komisiou prevencie protispolo\u010densk\u00fdch \u010dinnost\u00ed mesta Lu\u010denec, PZ SR Lu\u010denec, Colnou spr\u00e1vou Lu\u010denec<\/em><\/p>\n<p>&#8211; rizik\u00e1 soci\u00e1lnych siet\u00ed<\/p>\n<p>&#8211; kriminalita, \u0161ikanovanie, drogy, sekty<\/p>\n<p><strong><strong><span style=\"font-size: 11px; color: #888888;\">Gymn\u00e1zium Bo\u017eeny Slan\u010d\u00edkovej Timravy, Lu\u010denec<\/span><\/strong><\/strong><\/p>\n<p>&nbsp;<\/p>\n<p><span style=\"color: #000080;\"><strong>S\u00da\u0164A\u017d Tvoj n\u00e1pad m\u00f4\u017ee pom\u00f4c\u0165<\/strong> (2012)<\/span><\/p>\n<p>s\u00fa\u0165a\u017e pre \u017eiakov 2.stup\u0148a z\u00e1kladn\u00fdch \u0161k\u00f4l a stredn\u00fdch \u0161k\u00f4l zameran\u00e1 na kreat\u00edvnu pr\u00edpravu prevent\u00edvneho obsahu<strong>\u00a0\u00a0\u00a0\u00a0\u00a0\u00a0\u00a0\u00a0\u00a0\u00a0 <\/strong><em><a href=\"https:\/\/preventista.sk\/info\/tvoj-napad-moze-pomoct-2011\">v\u00fdsledky s\u00fa\u0165a\u017ee<\/a><\/em><\/p>\n<p><img data-recalc-dims=\"1\" loading=\"lazy\" decoding=\"async\" style=\"margin-left: 0px; margin-right: 0px; border: 0px solid;\" src=\"https:\/\/i0.wp.com\/www.infoconsult.sk\/domain\/icinfo\/files\/images\/obr_tvoj_napad.jpg?resize=329%2C141\" alt=\"\" width=\"329\" height=\"141\" \/><\/p>\n<p>&nbsp;<\/p>\n<p><strong>NOC NA \u0160KOLE<\/strong> (4\/2012)<\/p>\n<p>beseda &#8211; workshop<\/p>\n<p>&#8211; internet, soci\u00e1lna manipul\u00e1cia v digit\u00e1lnom svete<\/p>\n<p>&#8211; IT kriminalita<\/p>\n<p><strong><strong><span style=\"font-size: 11px; color: #888888;\">Gymn\u00e1zium Bo\u017eeny Slan\u010d\u00edkovej Timravy, Lu\u010denec<\/span><\/strong><\/strong><\/p>\n<p><a href=\"https:\/\/i0.wp.com\/preventista.sk\/info\/wp-content\/uploads\/2013\/07\/noc.jpg?ssl=1\"><img data-recalc-dims=\"1\" loading=\"lazy\" decoding=\"async\" data-attachment-id=\"59\" data-permalink=\"https:\/\/preventista.sk\/info\/nami-realizovane-aktivity-v-oblasti-prevencie\/noc\/\" data-orig-file=\"https:\/\/i0.wp.com\/preventista.sk\/info\/wp-content\/uploads\/2013\/07\/noc.jpg?fit=660%2C253&amp;ssl=1\" data-orig-size=\"660,253\" data-comments-opened=\"1\" data-image-meta=\"{&quot;aperture&quot;:&quot;0&quot;,&quot;credit&quot;:&quot;&quot;,&quot;camera&quot;:&quot;&quot;,&quot;caption&quot;:&quot;&quot;,&quot;created_timestamp&quot;:&quot;0&quot;,&quot;copyright&quot;:&quot;&quot;,&quot;focal_length&quot;:&quot;0&quot;,&quot;iso&quot;:&quot;0&quot;,&quot;shutter_speed&quot;:&quot;0&quot;,&quot;title&quot;:&quot;&quot;}\" data-image-title=\"noc\" data-image-description=\"\" data-image-caption=\"\" data-large-file=\"https:\/\/i0.wp.com\/preventista.sk\/info\/wp-content\/uploads\/2013\/07\/noc.jpg?fit=660%2C253&amp;ssl=1\" class=\"alignnone size-medium wp-image-59\" src=\"https:\/\/i0.wp.com\/preventista.sk\/info\/wp-content\/uploads\/2013\/07\/noc.jpg?resize=300%2C115&#038;ssl=1\" alt=\"noc\" width=\"300\" height=\"115\" srcset=\"https:\/\/i0.wp.com\/preventista.sk\/info\/wp-content\/uploads\/2013\/07\/noc.jpg?resize=300%2C115&amp;ssl=1 300w, https:\/\/i0.wp.com\/preventista.sk\/info\/wp-content\/uploads\/2013\/07\/noc.jpg?resize=466%2C180&amp;ssl=1 466w, https:\/\/i0.wp.com\/preventista.sk\/info\/wp-content\/uploads\/2013\/07\/noc.jpg?w=660&amp;ssl=1 660w\" sizes=\"auto, (max-width: 300px) 100vw, 300px\" \/><\/a><\/p>\n<p style=\"margin: 20px 0px;\"><strong>DE\u0147 BEZPE\u010cN\u00c9HO INTERNETU 2012<\/strong> (7.febru\u00e1ra 2012)<\/p>\n<p>s spolupr\u00e1cii s <em>CPPaP\u00a0 v Lu\u010denci <\/em>a <em>Komisiou prevencie kriminalit<\/em>y <em>Mestsk\u00e9ho \u00faradu v Lu\u010denci <\/em>pod z\u00e1\u0161titou <em>SAV <\/em>prebehla akcia pre 1. a 2.stupe\u0148 z\u00e1kladn\u00fdch \u0161k\u00f4l spojen\u00e1 s vyhodnoten\u00edm s\u00fa\u0165a\u017ee\u00a0&#8222;<em>Prav\u00e1 tv\u00e1r po\u010d\u00edta\u010da a \u017eivot bez neho<\/em>&#8222;. Celkom sa jej z\u00fa\u010dastnilo 971 det\u00ed.<\/p>\n<p><strong><span style=\"font-size: 11px; color: #888888;\">Kino Apollo, Lu\u010denec\u00a0\u00a0\u00a0\u00a0\u00a0<a href=\"http:\/\/www.rtvs.sk\/televizia\/program\/detail\/89\/regionalny-dennik\/archiv?date=07.02.2012\">\u00a0TV &#8211; Region\u00e1lny denn\u00edk 7.2.2012 \u00a0(min 11:30)<\/a><\/span><\/strong><\/p>\n<p style=\"margin: 20px 0px;\"><a href=\"https:\/\/i0.wp.com\/preventista.sk\/info\/wp-content\/uploads\/2013\/07\/safer_lc.jpg?ssl=1\"><img data-recalc-dims=\"1\" loading=\"lazy\" decoding=\"async\" data-attachment-id=\"60\" data-permalink=\"https:\/\/preventista.sk\/info\/nami-realizovane-aktivity-v-oblasti-prevencie\/safer_lc\/\" data-orig-file=\"https:\/\/i0.wp.com\/preventista.sk\/info\/wp-content\/uploads\/2013\/07\/safer_lc.jpg?fit=220%2C233&amp;ssl=1\" data-orig-size=\"220,233\" data-comments-opened=\"1\" data-image-meta=\"{&quot;aperture&quot;:&quot;0&quot;,&quot;credit&quot;:&quot;&quot;,&quot;camera&quot;:&quot;&quot;,&quot;caption&quot;:&quot;&quot;,&quot;created_timestamp&quot;:&quot;0&quot;,&quot;copyright&quot;:&quot;&quot;,&quot;focal_length&quot;:&quot;0&quot;,&quot;iso&quot;:&quot;0&quot;,&quot;shutter_speed&quot;:&quot;0&quot;,&quot;title&quot;:&quot;&quot;}\" data-image-title=\"safer_lc\" data-image-description=\"\" data-image-caption=\"\" data-large-file=\"https:\/\/i0.wp.com\/preventista.sk\/info\/wp-content\/uploads\/2013\/07\/safer_lc.jpg?fit=220%2C233&amp;ssl=1\" class=\"alignnone size-full wp-image-60\" src=\"https:\/\/i0.wp.com\/preventista.sk\/info\/wp-content\/uploads\/2013\/07\/safer_lc.jpg?resize=220%2C233&#038;ssl=1\" alt=\"safer_lc\" width=\"220\" height=\"233\" \/><\/a><\/p>\n<p style=\"margin: 20px 0px;\"><strong>BESEDA NA T\u00c9MU PO\u010c\u00cdTA\u010cE, INTERNET a KRIMINALITA<\/strong> (11\/2011)<\/p>\n<p>beseda s prevent\u00edvnym zameran\u00edm\u00a0na t\u00e9mu nebezpe\u010dn\u00fd internet<\/p>\n<p><strong><span style=\"font-size: 11px; color: #888888;\">Z\u0160 K.SUPA, Lu\u010denec<\/span><\/strong><\/p>\n<p>&nbsp;<\/p>\n<p style=\"margin: 20px 0px;\"><strong>BESEDA O SOCI\u00c1LNYCH SIE\u0164ACH A RIZIK\u00c1CH<\/strong> (11\/2011)<\/p>\n<p>beseda so \u017eiakmi 9.ro\u010dn\u00edka v r\u00e1mci aktiv\u00edt t\u00fd\u017ed\u0148a boja proti drog\u00e1m<\/p>\n<p><strong><span style=\"font-size: 11px; color: #888888;\">Z\u0160 Vajansk\u00e9ho, Lu\u010denec<\/span><\/strong><\/p>\n<p>&nbsp;<\/p>\n<p style=\"margin: 20px 0px;\"><strong>IT SECURITY FORUM\u00a0 Fi\u013eakovo<\/strong> (10\/2011)<\/p>\n<p>semin\u00e1r s prevent\u00edvnym zameran\u00edm pre \u0161tudentov a verejnos\u0165<\/p>\n<p><strong><span style=\"font-size: 11px; color: #888888;\">Regiotel a Info consult, Fi\u013eakovo \u00a0 <a href=\"http:\/\/www.locall.rimava.sk\/archiv.php?pid=tyzdennik\/2011-40\" target=\"_blank\" rel=\"noopener\">\u00a0report\u00e1\u017e TV LocAll<\/a>\u00a0\u00a0(min.05:20)<\/span><\/strong><\/p>\n<p>&nbsp;<\/p>\n<p style=\"margin: 20px 0px;\"><strong>PO\u010c\u00cdTA\u010cOV\u00c1 KRIMINALITA A INTERNET V PRAXI<\/strong> (9\/2011)<\/p>\n<p>s\u00e9ria predn\u00e1\u0161ok pre \u0161tudentov gymn\u00e1zia v r\u00e1mci O\u010cAP<\/p>\n<p>&#8211; autorsk\u00e9 pr\u00e1vo a internet<\/p>\n<p>&#8211; kyber\u0161ikana a soci\u00e1lne siete<\/p>\n<p>&#8211; IT kriminalita<\/p>\n<p><strong><strong><span style=\"font-size: 11px; color: #888888;\">S\u00fakromn\u00e9 gymn\u00e1zium, Lu\u010denec<\/span><\/strong><\/strong><\/p>\n<p>&nbsp;<\/p>\n<p style=\"margin: 20px 0px;\"><strong>KYBERKRIMINALITA A ML\u00c1DE\u017d<\/strong> (9\/2011)<\/p>\n<p>Predn\u00e1\u0161ky pre \u017eiakov 5. a\u017e 8. ro\u010dn\u00edka Z\u0160<\/p>\n<p><strong><strong><span style=\"font-size: 11px; color: #888888;\">S\u00fakromn\u00e1 z\u00e1kladn\u00e1 \u0161kola, Lu\u010denec<\/span><\/strong><\/strong><\/p>\n<p>&nbsp;<\/p>\n<p style=\"margin: 20px 0px;\"><strong>IT KRIMINALITA A ML\u00c1DE\u017d<\/strong> (6\/2011)<\/p>\n<p>Predn\u00e1\u0161ky pre \u017eiakov 7. a 8. ro\u010dn\u00edka Z\u0160<\/p>\n<p><strong><strong><span style=\"font-size: 11px; color: #888888;\">Z\u0160 Novomesk\u00e9ho, Lu\u010denec<\/span><\/strong><\/strong><\/p>\n<p>&nbsp;<\/p>\n<p style=\"margin-top: 20px;\"><strong>EMOTIKONY<\/strong> (5\/2011)<\/p>\n<p>Podujatie pre 1.,2. a 3. ro\u010dn\u00edk S\u0160<\/p>\n<p><strong><strong><span style=\"font-size: 11px; color: #888888;\">\u0160tudentsk\u00fd parlament Lu\u010denec<\/span><\/strong><\/strong><\/p>\n<p><strong><strong>\u00a0<\/strong><\/strong><\/p>\n<p style=\"margin-top: 20px;\"><strong>NA INTERNETE BEZPE\u010cNE A ZODPOVEDNE<\/strong> (5\/2011)<\/p>\n<p>Semin\u00e1r pre pracovn\u00edkov \u0161kolstva a samospr\u00e1vy<\/p>\n<p><strong><strong><span style=\"font-size: 11px; color: #888888;\">Region\u00e1lne zdru\u017eenie miest a obc\u00ed novoz\u00e1mockej, \u0161t\u00farovskej a \u0161urianskej oblasti<\/span><\/strong><\/strong><\/p>\n<p><strong><strong>\u00a0<\/strong><\/strong><\/p>\n<p style=\"margin: 20px 0px;\"><strong>JA A PO\u010c\u00cdTA\u010c<\/strong> (5\/2010)<\/p>\n<p>Semin\u00e1r pre \u017eiakov 8. a 9. ro\u010dn\u00edka Z\u0160<\/p>\n<p><strong><strong><span style=\"font-size: 11px; color: #888888;\">Odbor \u0161kolstva, M\u00da Lu\u010denec, MsP &#8211; Lu\u010denec<\/span><\/strong><\/strong><\/p>\n<p>&nbsp;<\/p>\n<p style=\"margin: 20px 0px;\"><strong>BESEDA PO\u010c\u00cdTA\u010cOV\u00c1 KRIMINALITA<\/strong> (6\/2009)<\/p>\n<p>Beseda so \u017eiakmi 6. &#8211; 9. ro\u010dn\u00edka Z\u0160<\/p>\n<p><strong><strong><span style=\"font-size: 11px; color: #888888;\">Mesto Nov\u00e1 Dubnica<\/span><\/strong><\/strong><\/p>\n<p>&nbsp;<\/p>\n","protected":false},"excerpt":{"rendered":"<p>SPOLUPR\u00c1CA NA REALIZ\u00c1CII PRIESKUMU (2011\/2012) prieskum soci\u00e1lno-patologick\u00fdch javov na z\u00e1kladn\u00fdch \u0161kol\u00e1ch mesta Lu\u010denec Komisia prevencie, Lu\u010denec\u00a0\u00a0\u00a0 informat\u00edvny \u010dl\u00e1nok z v\u00fdsledkov prieskumu (scoop.it) Modern\u00e9 komunika\u010dn\u00e9 technol\u00f3gie, rizik\u00e1 ich pou\u017e\u00edvania prevencia IT kriminality (12\/2018) vzdel\u00e1vac\u00ed workshop pre pracovn\u00edkov prevencie \u00darad pr\u00e1ce soci\u00e1lnych vec\u00ed a rodiny Lu\u010denec Modern\u00e9 komunika\u010dn\u00e9 technol\u00f3gie, rizik\u00e1 ich pou\u017e\u00edvania, prevencia IT kriminality (11\/2018) vzdel\u00e1vac\u00ed [&hellip;]<\/p>\n","protected":false},"author":1,"featured_media":1926,"comment_status":"open","ping_status":"open","sticky":false,"template":"","format":"standard","meta":{"jetpack_post_was_ever_published":false,"_jetpack_newsletter_access":"","_jetpack_dont_email_post_to_subs":false,"_jetpack_newsletter_tier_id":0,"_jetpack_memberships_contains_paywalled_content":false,"_jetpack_memberships_contains_paid_content":false,"footnotes":""},"categories":[10],"tags":[23,39,36,38],"class_list":["post-44","post","type-post","status-publish","format-standard","has-post-thumbnail","hentry","category-prehladakc","tag-it-kriminalita","tag-prednasky","tag-prieskum","tag-socialne-siete"],"aioseo_notices":[],"jetpack_featured_media_url":"https:\/\/i0.wp.com\/preventista.sk\/info\/wp-content\/uploads\/2013\/07\/spolocne.jpg?fit=700%2C400&ssl=1","jetpack_sharing_enabled":true,"jetpack-related-posts":[{"id":4830,"url":"https:\/\/preventista.sk\/info\/skusenosti-s-prevenciou-kriminality-na-urovni-samospravy\/","url_meta":{"origin":44,"position":0},"title":"Sk\u00fasenosti s prevenciou kriminality na \u00farovni samospr\u00e1vy","author":"J. Oster","date":"29. apr\u00edla 2022","format":false,"excerpt":"... m\u00f4\u017ee samospr\u00e1va efekt\u00edvne p\u00f4sobi\u0165 v oblasti prevencie kriminality a by\u0165 dobr\u00fdm partnerom \u0161kol\u00e1m v ich prevent\u00edvnom p\u00f4soben\u00ed? \u00c1no m\u00f4\u017ee, dokonca efekt\u00edvne. zdroj: canva.com Pre sk\u00fasenosti sa obzrime cca. 10 - 11 rokov kedy to za\u010dalo .... vtedy prv\u00fdkr\u00e1t koordinovane v lokalite, kde nesk\u00f4r vzniklo aj na\u0161e ob\u010dianske zdru\u017eenie Preventista\u2026","rel":"","context":"V &quot;Prevencia&quot;","block_context":{"text":"Prevencia","link":"https:\/\/preventista.sk\/info\/category\/prevencia\/"},"img":{"alt_text":"","src":"https:\/\/i0.wp.com\/preventista.sk\/info\/wp-content\/uploads\/2022\/04\/prevencia-2022.png?resize=350%2C200&ssl=1","width":350,"height":200,"srcset":"https:\/\/i0.wp.com\/preventista.sk\/info\/wp-content\/uploads\/2022\/04\/prevencia-2022.png?resize=350%2C200&ssl=1 1x, https:\/\/i0.wp.com\/preventista.sk\/info\/wp-content\/uploads\/2022\/04\/prevencia-2022.png?resize=525%2C300&ssl=1 1.5x, https:\/\/i0.wp.com\/preventista.sk\/info\/wp-content\/uploads\/2022\/04\/prevencia-2022.png?resize=700%2C400&ssl=1 2x"},"classes":[]},{"id":86,"url":"https:\/\/preventista.sk\/info\/prieskum-na-zakladnych-skolach-mesta-lucenec\/","url_meta":{"origin":44,"position":1},"title":"Prieskum Lu\u010denec 2011","author":"J. Oster","date":"20. m\u00e1ja 2012","format":false,"excerpt":"Prieskum na z\u00e1kladn\u00fdch \u0161kol\u00e1ch mesta Lu\u010denec Situ\u00e1cia v na\u0161ich \u0161kol\u00e1ch je v posledn\u00fdch rokoch mimoriadne kr\u00edzov\u00e1. Signalizuje pre odborn\u00edkov, u\u010dite\u013eov, psychol\u00f3gov, pedag\u00f3gov, ale aj pre cel\u00fa verejnos\u0165, \u017ee je v na\u0161ej spolo\u010dnosti zjavn\u00e1 kr\u00edza rodiny, kr\u00edza v\u00fdchovy det\u00ed, kr\u00edza mor\u00e1lnych a duchovn\u00fdch hodn\u00f4t u mladistv\u00fdch. \u00a0 V s\u00fa\u010dasnej \u0161kole, ako\u2026","rel":"","context":"V &quot;Prieskumy&quot;","block_context":{"text":"Prieskumy","link":"https:\/\/preventista.sk\/info\/category\/skusenosti\/prieskumy\/"},"img":{"alt_text":"prieskum","src":"https:\/\/i0.wp.com\/preventista.sk\/info\/wp-content\/uploads\/2012\/05\/Prieskum.jpg?fit=700%2C400&ssl=1&resize=350%2C200","width":350,"height":200,"srcset":"https:\/\/i0.wp.com\/preventista.sk\/info\/wp-content\/uploads\/2012\/05\/Prieskum.jpg?fit=700%2C400&ssl=1&resize=350%2C200 1x, https:\/\/i0.wp.com\/preventista.sk\/info\/wp-content\/uploads\/2012\/05\/Prieskum.jpg?fit=700%2C400&ssl=1&resize=525%2C300 1.5x, https:\/\/i0.wp.com\/preventista.sk\/info\/wp-content\/uploads\/2012\/05\/Prieskum.jpg?fit=700%2C400&ssl=1&resize=700%2C400 2x"},"classes":[]},{"id":3652,"url":"https:\/\/preventista.sk\/info\/prieskum-lucenec-2019\/","url_meta":{"origin":44,"position":2},"title":"Prieskum Lu\u010denec 2019","author":"Redakcia","date":"24. septembra 2019","format":false,"excerpt":"Prieskum zrealizovan\u00fd na z\u00e1kladn\u00fdch \u0161kol\u00e1ch okresu Lu\u010denec zameran\u00fd na zmapovanie ne\u017eiad\u00facich javov na z\u00e1kladn\u00fdch \u0161kol\u00e1ch. Realiz\u00e1tori: CENTRUM PEDAGOGICKO-PSYCHOLOGICK\u00c9HO PORADENSTVA A PREVENCIE V LU\u010cENCI OZ Preventista \u2013 zdru\u017eenie pre bezpe\u010dnos\u0165 a prevenciu Po\u010det zapojen\u00fdch \u0161k\u00f4l: 11 Po\u010det zapojen\u00fdch respondentov: 1.495 K\u013e\u00fa\u010dov\u00e9 zistenia prieskumu Realiz\u00e1cia prevencie je st\u00e1ly, aktu\u00e1lny a nevyhnutn\u00fd proces,\u2026","rel":"","context":"V &quot;Prieskumy&quot;","block_context":{"text":"Prieskumy","link":"https:\/\/preventista.sk\/info\/category\/skusenosti\/prieskumy\/"},"img":{"alt_text":"prieskum","src":"https:\/\/i0.wp.com\/preventista.sk\/info\/wp-content\/uploads\/2012\/05\/Prieskum.jpg?fit=700%2C400&ssl=1&resize=350%2C200","width":350,"height":200,"srcset":"https:\/\/i0.wp.com\/preventista.sk\/info\/wp-content\/uploads\/2012\/05\/Prieskum.jpg?fit=700%2C400&ssl=1&resize=350%2C200 1x, https:\/\/i0.wp.com\/preventista.sk\/info\/wp-content\/uploads\/2012\/05\/Prieskum.jpg?fit=700%2C400&ssl=1&resize=525%2C300 1.5x, https:\/\/i0.wp.com\/preventista.sk\/info\/wp-content\/uploads\/2012\/05\/Prieskum.jpg?fit=700%2C400&ssl=1&resize=700%2C400 2x"},"classes":[]},{"id":3411,"url":"https:\/\/preventista.sk\/info\/pocitacova-internetova-kriminalita-a-jej-prevencia-v-skolskom-prostredi\/","url_meta":{"origin":44,"position":3},"title":"Po\u010d\u00edta\u010dov\u00e1 (internetov\u00e1) kriminalita a jej prevencia v \u0161kolskom prostred\u00ed","author":"J. Oster","date":"5. marca 2017","format":false,"excerpt":"T\u00e9mu po\u010d\u00edta\u010dovej (internetovej) kriminality mo\u017eno pribl\u00ed\u017ei\u0165 z\u00a0viacer\u00fdch uhlov poh\u013eadu \u2013 technologick\u00e9ho, kriminologick\u00e9ho, mor\u00e1lneho, pr\u00e1vneho \u010di z\u00a0poh\u013eadu prevencie. S\u00a0probl\u00e9mami vyu\u017e\u00edvania po\u010d\u00edta\u010dov\u00fdch technol\u00f3gi\u00ed najm\u00e4 od obdobia mas\u00edvneho n\u00e1rastu vyu\u017e\u00edvania internetu sa stret\u00e1vaj\u00fa v\u00a0princ\u00edpe v\u0161etci, \u0161kolsk\u00fd sektor nevyn\u00edmaj\u00fac. Pr\u00e1ve \u0161kolsk\u00fd sektor sa v\u0161ak pot\u00fdka pri rie\u0161en\u00ed tejto problematiky s\u00a0radom probl\u00e9mov, po\u010d\u00ednaj\u00fac vedomostnou \u00farov\u0148ou,\u2026","rel":"","context":"V &quot;IT kriminalita&quot;","block_context":{"text":"IT kriminalita","link":"https:\/\/preventista.sk\/info\/category\/prevencia\/itkrim\/"},"img":{"alt_text":"pocitacova kriminalita","src":"https:\/\/i0.wp.com\/preventista.sk\/info\/wp-content\/uploads\/2017\/03\/pocitacova-kriminalita.png?fit=800%2C400&ssl=1&resize=350%2C200","width":350,"height":200,"srcset":"https:\/\/i0.wp.com\/preventista.sk\/info\/wp-content\/uploads\/2017\/03\/pocitacova-kriminalita.png?fit=800%2C400&ssl=1&resize=350%2C200 1x, https:\/\/i0.wp.com\/preventista.sk\/info\/wp-content\/uploads\/2017\/03\/pocitacova-kriminalita.png?fit=800%2C400&ssl=1&resize=525%2C300 1.5x, https:\/\/i0.wp.com\/preventista.sk\/info\/wp-content\/uploads\/2017\/03\/pocitacova-kriminalita.png?fit=800%2C400&ssl=1&resize=700%2C400 2x"},"classes":[]},{"id":7,"url":"https:\/\/preventista.sk\/info\/prevencia-it-kriminality-v-skole\/","url_meta":{"origin":44,"position":4},"title":"Prevencia IT kriminality a jej miesto v \u0161kole","author":"J. Oster","date":"19. j\u00fala 2013","format":false,"excerpt":"Prevencia IT kriminality? Chym\u00e9ra alebo re\u00e1lna po\u017eiadavka doby.... patr\u00ed do \u0161k\u00f4l ako s\u00fa\u010das\u0165 informatick\u00e9ho vzdel\u00e1vania? V\u00a0ktorom veku by sa mali za\u010da\u0165 deti oboznamova\u0165 so z\u00e1kladn\u00fdmi inform\u00e1ciami s\u00favisiacimi so z\u00e1kladn\u00fdmi poznatkami bezpe\u010dnosti virtu\u00e1lneho sveta? \u00a0 Diskusie o\u00a0tom v\u00a0ktorom veku by sa mali a\u00a0akou formou za\u010da\u0165 oboznamova\u0165 s\u00a0problematikou z\u00e1kladov bezpe\u010dn\u00e9ho spr\u00e1vania pri\u2026","rel":"","context":"V &quot;IT kriminalita&quot;","block_context":{"text":"IT kriminalita","link":"https:\/\/preventista.sk\/info\/category\/prevencia\/itkrim\/"},"img":{"alt_text":"Computers","src":"https:\/\/i0.wp.com\/preventista.sk\/info\/wp-content\/uploads\/2013\/07\/computers.jpg?fit=700%2C400&ssl=1&resize=350%2C200","width":350,"height":200,"srcset":"https:\/\/i0.wp.com\/preventista.sk\/info\/wp-content\/uploads\/2013\/07\/computers.jpg?fit=700%2C400&ssl=1&resize=350%2C200 1x, https:\/\/i0.wp.com\/preventista.sk\/info\/wp-content\/uploads\/2013\/07\/computers.jpg?fit=700%2C400&ssl=1&resize=525%2C300 1.5x, https:\/\/i0.wp.com\/preventista.sk\/info\/wp-content\/uploads\/2013\/07\/computers.jpg?fit=700%2C400&ssl=1&resize=700%2C400 2x"},"classes":[]},{"id":121,"url":"https:\/\/preventista.sk\/info\/prevencia-mestu-nie-je-lahostajna\/","url_meta":{"origin":44,"position":5},"title":"Prevencia mestu nie je \u013eahostajn\u00e1","author":"Redakcia","date":"21. m\u00e1ja 2013","format":false,"excerpt":"Nov\u00e9 technol\u00f3gie nie s\u00fa len u\u017eito\u010dn\u00e9, ale nespr\u00e1vnym pou\u017e\u00edvan\u00ed m\u00f4\u017eu skr\u00fdva\u0165 mnoho ohrozen\u00ed, najm\u00e4 pre na\u0161e deti a \u017eiakov. Mesto \u017diar nad Hronom sa preto rozhodlo v r\u00e1mci Kalend\u00e1ra aktiv\u00edt zameran\u00fdch na prevenciu drogov\u00fdch z\u00e1vislost\u00ed a in\u00fdch soci\u00e1lne patologick\u00fdch javov na rok 2013 zabezpe\u010di\u0165 vzdel\u00e1vanie v tejto oblasti v\u0161etk\u00fdm pedagogick\u00fdm\u2026","rel":"","context":"V &quot;Zaujalo n\u00e1s&quot;","block_context":{"text":"Zaujalo n\u00e1s","link":"https:\/\/preventista.sk\/info\/category\/skusenosti\/zaujalo\/"},"img":{"alt_text":"Ziar nad hronom","src":"https:\/\/i0.wp.com\/preventista.sk\/info\/wp-content\/uploads\/2013\/05\/Ziar.jpg?fit=700%2C400&ssl=1&resize=350%2C200","width":350,"height":200,"srcset":"https:\/\/i0.wp.com\/preventista.sk\/info\/wp-content\/uploads\/2013\/05\/Ziar.jpg?fit=700%2C400&ssl=1&resize=350%2C200 1x, https:\/\/i0.wp.com\/preventista.sk\/info\/wp-content\/uploads\/2013\/05\/Ziar.jpg?fit=700%2C400&ssl=1&resize=525%2C300 1.5x, https:\/\/i0.wp.com\/preventista.sk\/info\/wp-content\/uploads\/2013\/05\/Ziar.jpg?fit=700%2C400&ssl=1&resize=700%2C400 2x"},"classes":[]}],"_links":{"self":[{"href":"https:\/\/preventista.sk\/info\/wp-json\/wp\/v2\/posts\/44","targetHints":{"allow":["GET"]}}],"collection":[{"href":"https:\/\/preventista.sk\/info\/wp-json\/wp\/v2\/posts"}],"about":[{"href":"https:\/\/preventista.sk\/info\/wp-json\/wp\/v2\/types\/post"}],"author":[{"embeddable":true,"href":"https:\/\/preventista.sk\/info\/wp-json\/wp\/v2\/users\/1"}],"replies":[{"embeddable":true,"href":"https:\/\/preventista.sk\/info\/wp-json\/wp\/v2\/comments?post=44"}],"version-history":[{"count":90,"href":"https:\/\/preventista.sk\/info\/wp-json\/wp\/v2\/posts\/44\/revisions"}],"predecessor-version":[{"id":3636,"href":"https:\/\/preventista.sk\/info\/wp-json\/wp\/v2\/posts\/44\/revisions\/3636"}],"wp:featuredmedia":[{"embeddable":true,"href":"https:\/\/preventista.sk\/info\/wp-json\/wp\/v2\/media\/1926"}],"wp:attachment":[{"href":"https:\/\/preventista.sk\/info\/wp-json\/wp\/v2\/media?parent=44"}],"wp:term":[{"taxonomy":"category","embeddable":true,"href":"https:\/\/preventista.sk\/info\/wp-json\/wp\/v2\/categories?post=44"},{"taxonomy":"post_tag","embeddable":true,"href":"https:\/\/preventista.sk\/info\/wp-json\/wp\/v2\/tags?post=44"}],"curies":[{"name":"wp","href":"https:\/\/api.w.org\/{rel}","templated":true}]}}