{"id":4403,"date":"2021-04-06T22:50:28","date_gmt":"2021-04-06T20:50:28","guid":{"rendered":"https:\/\/preventista.sk\/info\/?p=4403"},"modified":"2021-04-06T23:03:04","modified_gmt":"2021-04-06T21:03:04","slug":"prevencia-pocitacovej-kriminality-a-jej-vyuzitie-v-praci-s-mladezou","status":"publish","type":"post","link":"https:\/\/preventista.sk\/info\/prevencia-pocitacovej-kriminality-a-jej-vyuzitie-v-praci-s-mladezou\/","title":{"rendered":"Prevencia po\u010d\u00edta\u010dovej kriminality a jej vyu\u017eitie v pr\u00e1ci s ml\u00e1de\u017eou"},"content":{"rendered":"\n<div class=\"wp-block-image\"><figure class=\"alignright size-large\"><img data-recalc-dims=\"1\" loading=\"lazy\" decoding=\"async\" width=\"91\" height=\"70\" data-attachment-id=\"4085\" data-permalink=\"https:\/\/preventista.sk\/info\/iuventa_logo_png\/\" data-orig-file=\"https:\/\/i0.wp.com\/preventista.sk\/info\/wp-content\/uploads\/2021\/01\/IUVENTA_logo_PNG-e1610132456341.png?fit=91%2C70&amp;ssl=1\" data-orig-size=\"91,70\" data-comments-opened=\"1\" data-image-meta=\"{&quot;aperture&quot;:&quot;0&quot;,&quot;credit&quot;:&quot;&quot;,&quot;camera&quot;:&quot;&quot;,&quot;caption&quot;:&quot;&quot;,&quot;created_timestamp&quot;:&quot;0&quot;,&quot;copyright&quot;:&quot;&quot;,&quot;focal_length&quot;:&quot;0&quot;,&quot;iso&quot;:&quot;0&quot;,&quot;shutter_speed&quot;:&quot;0&quot;,&quot;title&quot;:&quot;&quot;,&quot;orientation&quot;:&quot;0&quot;}\" data-image-title=\"IUVENTA_logo_PNG\" data-image-description=\"\" data-image-caption=\"\" data-large-file=\"https:\/\/i0.wp.com\/preventista.sk\/info\/wp-content\/uploads\/2021\/01\/IUVENTA_logo_PNG-e1610132456341.png?fit=91%2C70&amp;ssl=1\" src=\"https:\/\/i0.wp.com\/preventista.sk\/info\/wp-content\/uploads\/2021\/01\/IUVENTA_logo_PNG-e1610132456341.png?resize=91%2C70&#038;ssl=1\" alt=\"\" class=\"wp-image-4085\"\/><\/figure><\/div>\n\n\n\n<p><em>Vzdel\u00e1vanie, z\u00e1bava, stret\u00e1vanie sa s&nbsp;priate\u013emi, aj pr\u00e1ca, \u010di h\u013eadanie zamestnania, to v\u0161etko sa aj pre deti a&nbsp;mlad\u00fdch \u013eud\u00ed presunulo v&nbsp;uplynul\u00fdch dvan\u00e1stich mesiacoch do virtu\u00e1lneho prostredia. Ohromn\u00e9 skoky v&nbsp;technick\u00fdch aj technologick\u00fdch kompetenci\u00e1ch je nevyhnutn\u00e9 dop\u013a\u0148a\u0165 aj zvy\u0161ovan\u00edm kompetenci\u00ed v&nbsp;oblasti prevencie bezpe\u010dnosti v&nbsp;online priestore.<\/em><\/p>\n\n\n\n<p>Vypo\u010duli sme hlas pracovn\u00edkov a&nbsp;pracovn\u00ed\u010dok s&nbsp;ml\u00e1de\u017eou, \u010di \u010fal\u0161\u00edch d\u00f4le\u017eit\u00fdch dospel\u00fdch v&nbsp;\u017eivote det\u00ed a&nbsp;ml\u00e1de\u017ee a&nbsp;v&nbsp;spolupr\u00e1ci s&nbsp;ob\u010dianskym zdru\u017een\u00edm <strong>OZ PREVENTISTA \u2013 zdru\u017eenie pre bezpe\u010dnos\u0165 a prevenciu<\/strong> sme zrealizovali seri\u00e1l \u0161iestich kvalitn\u00fdch webin\u00e1rov v&nbsp;oblasti prevencie po\u010d\u00edta\u010dovej kriminality s&nbsp;aplik\u00e1ciou v&nbsp;pr\u00e1ci s&nbsp;ml\u00e1de\u017eou.<\/p>\n\n\n\n<p>V&nbsp;kr\u00e1tkom \u010dase vy\u0161e 300 prihl\u00e1sen\u00fdch z\u00e1ujemcov a&nbsp;z\u00e1ujemk\u00fd\u0148 n\u00e1s nenechalo na pochyb\u00e1ch, \u017ee t\u00e9ma je aktu\u00e1lna a&nbsp;potrebn\u00e1 a&nbsp;spolupr\u00e1ca s&nbsp;expertom v&nbsp;oblasti po\u010d\u00edta\u010dovej bezpe\u010dnosti a&nbsp;s\u00fadnym znalcom <em>Jaroslavom Osterom<\/em> z&nbsp;<strong>OZ PREVENTISTA<\/strong> po\u010das 90-min\u00fatov\u00fdch webin\u00e1rov viedla k&nbsp;zv\u00fd\u0161eniu n\u00e1slednej kvality aj kvantity prevent\u00edvnych aktiv\u00edt v&nbsp;pr\u00e1ci s&nbsp;ml\u00e1de\u017eou.<\/p>\n\n\n\n<p>Obsah webin\u00e1rov sa venoval objasneniu, \u010do je po\u010d\u00edta\u010dov\u00e1 kriminalita, ako sa t\u00fdka det\u00ed a&nbsp;ml\u00e1de\u017ee, \u010falej, \u010do je soci\u00e1lna manipul\u00e1cia v&nbsp;online priestore a&nbsp;ako sa jej br\u00e1ni\u0165. Pozornos\u0165 sme venovali vysvetleniu kyber\u0161ikany a&nbsp;efekt\u00edvnym prevent\u00edvnym krokom, neobi\u0161li sme ani \u00falohu samospr\u00e1v v&nbsp;oblasti prevencie po\u010d\u00edta\u010dovej kriminality so zameran\u00edm na deti a&nbsp;ml\u00e1de\u017e. Pridali sme bonusov\u00fd webin\u00e1r, ktor\u00fd hutne sumarizoval predo\u0161l\u00e9 \u0161tyri \u010dasti a&nbsp;upozornil aj na v\u00fdsledky pravideln\u00fdch prieskumov, ktor\u00e9 realizuje ob\u010dianske zdru\u017eenie <strong>OZ PREVENTISTA<\/strong> v&nbsp;spolupr\u00e1ci s&nbsp;region\u00e1lnym<strong> CPPPaP<\/strong>.<\/p>\n\n\n\n<p>\u00daplnou novinkou v&nbsp;r\u00e1mci Slovenska bol \u0161pecializovan\u00fd 2-hodinov\u00fd webin\u00e1r, na ktorom participovala aj expertka na inkl\u00faziu <em>Viera Hincov\u00e1<\/em> z&nbsp;ob\u010dianskeho zdru\u017eenia <strong>A&nbsp;Centrum<\/strong>. Po\u010das tohto webin\u00e1ra bola v\u0161etka pozornos\u0165 venovan\u00e1 prevencii po\u010d\u00edta\u010dovej kriminality v&nbsp;s\u00favislosti s&nbsp;de\u0165mi a&nbsp;ml\u00e1de\u017eou so znev\u00fdhodnen\u00edm a&nbsp;zo znev\u00fdhodnen\u00e9ho prostredia.<\/p>\n\n\n\n<p>Absolventi a&nbsp;absolventky webin\u00e1rov si po ka\u017edom webin\u00e1ri zvolili jednu z\u00e1le\u017eitos\u0165, ktor\u00fa aplikuj\u00fa v&nbsp;praxi. Takto by v&nbsp;nasleduj\u00facom obdob\u00ed napr\u00edklad mali vznika\u0165 desiatky \u0161kolsk\u00fdch online schr\u00e1nok d\u00f4very, zdie\u013ean\u00e9 workshopy a&nbsp;prezent\u00e1cie v&nbsp;kolegi\u00e1lnych t\u00edmoch, inovat\u00edvne infografiky o&nbsp;prevencii pre deti a&nbsp;ml\u00e1de\u017e s&nbsp;r\u00f4znymi znev\u00fdhodneniami, \u010di zrozumite\u013en\u00e9 dotazn\u00edky na mapovanie potrieb mlad\u00fdch \u013eud\u00ed v&nbsp;oblasti bezpe\u010dnosti na internete. Zo strany pracovn\u00edkov a&nbsp;pracovn\u00ed\u010dok s&nbsp;ml\u00e1de\u017eou nech\u00fdbali ani rozhodnutia na prevent\u00edvne kroky na ich vlastn\u00e9 zv\u00fd\u0161enie bezpe\u010dnosti v&nbsp;online priestore.<\/p>\n\n\n\n<p>V&nbsp;pribli\u017ene dvesto sp\u00e4tn\u00fdch v\u00e4zb\u00e1ch \u010d\u00edtame od nov\u00e1\u010dikov, aj od sk\u00fasen\u00fdch preventistov a&nbsp;preventistiek vyjadrenia: \u201e<em>Dne\u0161n\u00fd webin\u00e1r bol ve\u013emi dobre spracovan\u00fd, aktu\u00e1lna t\u00e9ma, dobr\u00e9 vsuvky z praxe. Podujatie hodnot\u00edm ve\u013emi pozit\u00edvne, na vysokej odbornej \u00farovni a s bohat\u00fdmi sk\u00fasenos\u0165ami z praxe. M\u00e1 to sp\u00e1d, je to z\u00e1\u017eivn\u00e9, nako\u013eko sa pou\u017e\u00edva ve\u013ea pr\u00edkladov z praxe, za m\u0148a ve\u013ek\u00e1 v\u010faka. Tento webin\u00e1r je po dlhej dobe nie\u010do, \u010do naozaj re\u00e1lne pom\u00e1ha a VZDEL\u00c1VA. Po prv\u00fdkr\u00e1t pre m\u0148a ak\u00fdsi ucelen\u00fd poh\u013ead na to, \u010do to t\u00e1 kyber\u0161ikana, rozmenen\u00e1 na drobn\u00e9, vlastne je. Perfektn\u00e1 d\u00e1vka sk\u00fasenost\u00ed, inform\u00e1ci\u00ed od odborn\u00edka k t\u00e9me, ve\u013ek\u00e1 v\u010faka. Ve\u013emi in\u0161pirat\u00edvne a pou\u010dn\u00e9. Ve\u013emi zauj\u00edmav\u00e1, aktu\u00e1lna a v\u00fdborne spracovan\u00e1 t\u00e9ma. Ve\u013emi si cen\u00edm aj to, \u017ee to bolo takto inkluz\u00edvne a multidisciplin\u00e1rne po\u0148at\u00e9<\/em>.\u201c<\/p>\n\n\n\n<p>S\u00e9ria \u0161iestich spomenut\u00fdch webin\u00e1rov zav\u0155\u0161ila prv\u00fd rok intenz\u00edvnej spolupr\u00e1ce <strong>IUVENTY <\/strong>a\u00a0<strong>OZ PREVENTISTA<\/strong>, ktor\u00e1 je potvrden\u00e1 aj <strong>Memorandom o\u00a0spolupr\u00e1ci<\/strong>. V\u00e1\u017eime si dlhodob\u00fa pro bono pr\u00e1cu, ktor\u00fa rob\u00ed ob\u010dianske zdru\u017eenie pre ochranu det\u00ed a\u00a0ml\u00e1de\u017ee prostredn\u00edctvom neform\u00e1lneho vzdel\u00e1vania, prieskumov a poradenstva. Viac inform\u00e1ci\u00ed a\u00a0mo\u017enost\u00ed pre spolupr\u00e1cu n\u00e1jdete na webstr\u00e1nke:\u00a0<a href=\"http:\/\/www.preventista.sk\/\">www.preventista.sk<\/a><\/p>\n\n\n\n<p><\/p>\n\n\n\n<p><em>Prevzat\u00e9 6.<\/em>4.2021  <em>z port\u00e1lu IUVENTY  <a href=\"https:\/\/www.pracasmladezou.sk\/\" target=\"_blank\" rel=\"noreferrer noopener\" title=\"https:\/\/www.pracasmladezou.sk\/\">https:\/\/www.pracasmladezou.sk\/  <\/a>  <\/em><\/p>\n","protected":false},"excerpt":{"rendered":"<p>Vzdel\u00e1vanie, z\u00e1bava, stret\u00e1vanie sa s&nbsp;priate\u013emi, aj pr\u00e1ca, \u010di h\u013eadanie zamestnania, to v\u0161etko sa aj pre deti a&nbsp;mlad\u00fdch \u013eud\u00ed presunulo v&nbsp;uplynul\u00fdch dvan\u00e1stich mesiacoch do virtu\u00e1lneho prostredia. Ohromn\u00e9 skoky v&nbsp;technick\u00fdch aj technologick\u00fdch kompetenci\u00e1ch je nevyhnutn\u00e9 dop\u013a\u0148a\u0165 aj zvy\u0161ovan\u00edm kompetenci\u00ed v&nbsp;oblasti prevencie bezpe\u010dnosti v&nbsp;online priestore. Vypo\u010duli sme hlas pracovn\u00edkov a&nbsp;pracovn\u00ed\u010dok s&nbsp;ml\u00e1de\u017eou, \u010di \u010fal\u0161\u00edch d\u00f4le\u017eit\u00fdch dospel\u00fdch v&nbsp;\u017eivote det\u00ed a&nbsp;ml\u00e1de\u017ee [&hellip;]<\/p>\n","protected":false},"author":1,"featured_media":0,"comment_status":"open","ping_status":"open","sticky":false,"template":"","format":"standard","meta":{"jetpack_post_was_ever_published":false,"_jetpack_newsletter_access":"","_jetpack_dont_email_post_to_subs":false,"_jetpack_newsletter_tier_id":0,"_jetpack_memberships_contains_paywalled_content":false,"_jetpack_memberships_contains_paid_content":false,"footnotes":""},"categories":[61],"tags":[133,51],"class_list":["post-4403","post","type-post","status-publish","format-standard","hentry","category-prevencia","tag-iuventa","tag-prevencia-it-kriminality"],"aioseo_notices":[],"jetpack_featured_media_url":"","jetpack_sharing_enabled":true,"jetpack-related-posts":[{"id":4420,"url":"https:\/\/preventista.sk\/info\/prevencia-kybersikanovania-a-co-s-tym-ma-volny-cas-mladeze\/","url_meta":{"origin":4403,"position":0},"title":"Prevencia kyber\u0161ikanovania a \u010do s t\u00fdm m\u00e1 vo\u013en\u00fd \u010das ml\u00e1de\u017ee","author":"Redakcia","date":"14. apr\u00edla 2021","format":false,"excerpt":"V\u00a0roku 2021 sa spolo\u010dnos\u0165 ocitla v\u00a0situ\u00e1cii, kedy u\u017e nie je relevantn\u00e1 ot\u00e1zka, \u010di chceme v digit\u00e1lnom priestore tr\u00e1vi\u0165 ve\u013ea \u010dasu, ale ako v\u00a0digit\u00e1lnom priestore netr\u00e1vi\u0165 ve\u013ea \u010dasu a\u00a0pritom zosta\u0165 v\u00a0spojen\u00ed s\u00a0ostatn\u00fdmi bez mo\u017enost\u00ed fyzick\u00e9ho kontaktu. Pand\u00e9mia COVID-19 sp\u00f4sobila to, \u017ee mlad\u00ed \u013eudia, ktor\u00fdm bolo nadmern\u00e9 pou\u017e\u00edvanie digit\u00e1lnych technol\u00f3gii vy\u010d\u00edtan\u00e9, teraz\u2026","rel":"","context":"V &quot;Prevencia&quot;","block_context":{"text":"Prevencia","link":"https:\/\/preventista.sk\/info\/category\/prevencia\/"},"img":{"alt_text":"","src":"https:\/\/i0.wp.com\/preventista.sk\/info\/wp-content\/uploads\/2021\/04\/kybersikana.png?resize=350%2C200&ssl=1","width":350,"height":200,"srcset":"https:\/\/i0.wp.com\/preventista.sk\/info\/wp-content\/uploads\/2021\/04\/kybersikana.png?resize=350%2C200&ssl=1 1x, https:\/\/i0.wp.com\/preventista.sk\/info\/wp-content\/uploads\/2021\/04\/kybersikana.png?resize=525%2C300&ssl=1 1.5x, https:\/\/i0.wp.com\/preventista.sk\/info\/wp-content\/uploads\/2021\/04\/kybersikana.png?resize=700%2C400&ssl=1 2x, https:\/\/i0.wp.com\/preventista.sk\/info\/wp-content\/uploads\/2021\/04\/kybersikana.png?resize=1050%2C600&ssl=1 3x"},"classes":[]},{"id":7,"url":"https:\/\/preventista.sk\/info\/prevencia-it-kriminality-v-skole\/","url_meta":{"origin":4403,"position":1},"title":"Prevencia IT kriminality a jej miesto v \u0161kole","author":"J. Oster","date":"19. j\u00fala 2013","format":false,"excerpt":"Prevencia IT kriminality? Chym\u00e9ra alebo re\u00e1lna po\u017eiadavka doby.... patr\u00ed do \u0161k\u00f4l ako s\u00fa\u010das\u0165 informatick\u00e9ho vzdel\u00e1vania? V\u00a0ktorom veku by sa mali za\u010da\u0165 deti oboznamova\u0165 so z\u00e1kladn\u00fdmi inform\u00e1ciami s\u00favisiacimi so z\u00e1kladn\u00fdmi poznatkami bezpe\u010dnosti virtu\u00e1lneho sveta? \u00a0 Diskusie o\u00a0tom v\u00a0ktorom veku by sa mali a\u00a0akou formou za\u010da\u0165 oboznamova\u0165 s\u00a0problematikou z\u00e1kladov bezpe\u010dn\u00e9ho spr\u00e1vania pri\u2026","rel":"","context":"V &quot;IT kriminalita&quot;","block_context":{"text":"IT kriminalita","link":"https:\/\/preventista.sk\/info\/category\/prevencia\/itkrim\/"},"img":{"alt_text":"Computers","src":"https:\/\/i0.wp.com\/preventista.sk\/info\/wp-content\/uploads\/2013\/07\/computers.jpg?fit=700%2C400&ssl=1&resize=350%2C200","width":350,"height":200,"srcset":"https:\/\/i0.wp.com\/preventista.sk\/info\/wp-content\/uploads\/2013\/07\/computers.jpg?fit=700%2C400&ssl=1&resize=350%2C200 1x, https:\/\/i0.wp.com\/preventista.sk\/info\/wp-content\/uploads\/2013\/07\/computers.jpg?fit=700%2C400&ssl=1&resize=525%2C300 1.5x, https:\/\/i0.wp.com\/preventista.sk\/info\/wp-content\/uploads\/2013\/07\/computers.jpg?fit=700%2C400&ssl=1&resize=700%2C400 2x"},"classes":[]},{"id":121,"url":"https:\/\/preventista.sk\/info\/prevencia-mestu-nie-je-lahostajna\/","url_meta":{"origin":4403,"position":2},"title":"Prevencia mestu nie je \u013eahostajn\u00e1","author":"Redakcia","date":"21. m\u00e1ja 2013","format":false,"excerpt":"Nov\u00e9 technol\u00f3gie nie s\u00fa len u\u017eito\u010dn\u00e9, ale nespr\u00e1vnym pou\u017e\u00edvan\u00ed m\u00f4\u017eu skr\u00fdva\u0165 mnoho ohrozen\u00ed, najm\u00e4 pre na\u0161e deti a \u017eiakov. Mesto \u017diar nad Hronom sa preto rozhodlo v r\u00e1mci Kalend\u00e1ra aktiv\u00edt zameran\u00fdch na prevenciu drogov\u00fdch z\u00e1vislost\u00ed a in\u00fdch soci\u00e1lne patologick\u00fdch javov na rok 2013 zabezpe\u010di\u0165 vzdel\u00e1vanie v tejto oblasti v\u0161etk\u00fdm pedagogick\u00fdm\u2026","rel":"","context":"V &quot;Zaujalo n\u00e1s&quot;","block_context":{"text":"Zaujalo n\u00e1s","link":"https:\/\/preventista.sk\/info\/category\/skusenosti\/zaujalo\/"},"img":{"alt_text":"Ziar nad hronom","src":"https:\/\/i0.wp.com\/preventista.sk\/info\/wp-content\/uploads\/2013\/05\/Ziar.jpg?fit=700%2C400&ssl=1&resize=350%2C200","width":350,"height":200,"srcset":"https:\/\/i0.wp.com\/preventista.sk\/info\/wp-content\/uploads\/2013\/05\/Ziar.jpg?fit=700%2C400&ssl=1&resize=350%2C200 1x, https:\/\/i0.wp.com\/preventista.sk\/info\/wp-content\/uploads\/2013\/05\/Ziar.jpg?fit=700%2C400&ssl=1&resize=525%2C300 1.5x, https:\/\/i0.wp.com\/preventista.sk\/info\/wp-content\/uploads\/2013\/05\/Ziar.jpg?fit=700%2C400&ssl=1&resize=700%2C400 2x"},"classes":[]},{"id":2687,"url":"https:\/\/preventista.sk\/info\/prevencia-v-oblasti-it-kriminality-skusenosti-zo-skolskeho-prostredia\/","url_meta":{"origin":4403,"position":3},"title":"Prevencia v oblasti IT kriminality \u2013 sk\u00fasenosti zo \u0161kolsk\u00e9ho prostredia","author":"J. Oster","date":"13. j\u00fala 2015","format":false,"excerpt":"Praktick\u00e1 realiz\u00e1cia r\u00f4znych foriem prevencie so zameran\u00edm najm\u00e4 na t\u00e9my informa\u010dnej bezpe\u010dnosti a\u00a0prevencie IT kriminality ur\u010dite nie je jednoduch\u00e1. Nie je jednoduch\u00e1 ani v\u00a0komer\u010dnom sektore, ale v\u00a0sektore \u0161kolstva u\u017e v\u00f4bec nie. Argumenty vzn\u00e1\u0161an\u00e9 po\u010das nez\u00e1visl\u00fdch deb\u00e1t v\u00a0r\u00e1mci aktiv\u00edt na \u0161kol\u00e1ch, \u010di r\u00f4znych vzdel\u00e1vac\u00edch workshopoch pre pedag\u00f3gov potvrdzuj\u00fa nieko\u013eko z\u00e1kladn\u00fdch probl\u00e9mov:\u2026","rel":"","context":"V &quot;IT kriminalita&quot;","block_context":{"text":"IT kriminalita","link":"https:\/\/preventista.sk\/info\/category\/prevencia\/itkrim\/"},"img":{"alt_text":"","src":"https:\/\/i0.wp.com\/preventista.sk\/info\/wp-content\/uploads\/2015\/07\/prevencia-%C5%A1kola1.png?fit=700%2C400&ssl=1&resize=350%2C200","width":350,"height":200,"srcset":"https:\/\/i0.wp.com\/preventista.sk\/info\/wp-content\/uploads\/2015\/07\/prevencia-%C5%A1kola1.png?fit=700%2C400&ssl=1&resize=350%2C200 1x, https:\/\/i0.wp.com\/preventista.sk\/info\/wp-content\/uploads\/2015\/07\/prevencia-%C5%A1kola1.png?fit=700%2C400&ssl=1&resize=525%2C300 1.5x, https:\/\/i0.wp.com\/preventista.sk\/info\/wp-content\/uploads\/2015\/07\/prevencia-%C5%A1kola1.png?fit=700%2C400&ssl=1&resize=700%2C400 2x"},"classes":[]},{"id":1244,"url":"https:\/\/preventista.sk\/info\/prevencia-kam-kracas\/","url_meta":{"origin":4403,"position":4},"title":"Prevencia kam kr\u00e1\u010da\u0161&#8230;?","author":"J. Oster","date":"1. septembra 2013","format":false,"excerpt":"Nieko\u013ekoro\u010dn\u00e9 p\u00f4sobenie v\u00a0oblasti prevencie, predn\u00e1\u0161kov\u00e9 turn\u00e9 medzi u\u010dite\u013emi po celom Slovensku, debaty s\u00a0u\u010dite\u013emi v\u00a0r\u00e1mci predn\u00e1\u0161ok na \u0161kol\u00e1ch a\u00a0workshopov, v\u00fdmeny n\u00e1zorov v\u00a0diskusn\u00fdch skupin\u00e1ch vyprofilovali rad poznatkov z\u00a0oblasti fungovania prevencie a\u00a0zvl\u00e1s\u0165 v\u00a0oblasti prevencie IT kriminality a\u00a0informa\u010dnej bezpe\u010dnosti. \u00a0 Sk\u00fasim \u00a0zhrn\u00fa\u0165 nieko\u013eko z\u00e1kladn\u00fdch probl\u00e9mov o\u00a0ktor\u00fdch sa d\u00e1 rozp\u00fata\u0165 ur\u010dite ve\u013emi dlh\u00e1 diskusia: nedostato\u010dn\u00e1\u2026","rel":"","context":"V &quot;Prevencia&quot;","block_context":{"text":"Prevencia","link":"https:\/\/preventista.sk\/info\/category\/prevencia\/"},"img":{"alt_text":"PreventistaSK","src":"https:\/\/i0.wp.com\/preventista.sk\/info\/wp-content\/uploads\/2013\/03\/PreventistaSK.jpg?fit=700%2C400&ssl=1&resize=350%2C200","width":350,"height":200,"srcset":"https:\/\/i0.wp.com\/preventista.sk\/info\/wp-content\/uploads\/2013\/03\/PreventistaSK.jpg?fit=700%2C400&ssl=1&resize=350%2C200 1x, https:\/\/i0.wp.com\/preventista.sk\/info\/wp-content\/uploads\/2013\/03\/PreventistaSK.jpg?fit=700%2C400&ssl=1&resize=525%2C300 1.5x, https:\/\/i0.wp.com\/preventista.sk\/info\/wp-content\/uploads\/2013\/03\/PreventistaSK.jpg?fit=700%2C400&ssl=1&resize=700%2C400 2x"},"classes":[]},{"id":2203,"url":"https:\/\/preventista.sk\/info\/leto-i-jesen-budu-opat-o-prevencii\/","url_meta":{"origin":4403,"position":5},"title":"Leto i jese\u0148 bud\u00fa op\u00e4\u0165 o prevencii","author":"J. Oster","date":"31. j\u00fala 2014","format":false,"excerpt":"Ani po\u010das leta nebudeme ne\u010dinn\u00fd. Okrem \u010dl\u00e1nkov a pr\u00edpravy na jesenn\u00e9 obdobie (o ktorom u\u017e dnes vieme, \u017ee bude n\u00e1ro\u010dn\u00e9) sa z\u00fa\u010dastn\u00edme nieko\u013ek\u00fdch zauj\u00edmav\u00fdch\u00a0aktiv\u00edt. Zameranie ako inak - bezpe\u010dnos\u0165 IT \u00a0a prevencia IT kriminality. Pritom v plnej miere be\u017eia pr\u00edpravy na semin\u00e1re a konferencie, ktor\u00e9 s\u00fa pred nami. \u00a0 Leto\u2026","rel":"","context":"V &quot;Prevencia&quot;","block_context":{"text":"Prevencia","link":"https:\/\/preventista.sk\/info\/category\/prevencia\/"},"img":{"alt_text":"Preventista na jese\u0148","src":"https:\/\/i0.wp.com\/preventista.sk\/info\/wp-content\/uploads\/2014\/07\/jesenprevi.jpg?fit=700%2C400&ssl=1&resize=350%2C200","width":350,"height":200,"srcset":"https:\/\/i0.wp.com\/preventista.sk\/info\/wp-content\/uploads\/2014\/07\/jesenprevi.jpg?fit=700%2C400&ssl=1&resize=350%2C200 1x, https:\/\/i0.wp.com\/preventista.sk\/info\/wp-content\/uploads\/2014\/07\/jesenprevi.jpg?fit=700%2C400&ssl=1&resize=525%2C300 1.5x, https:\/\/i0.wp.com\/preventista.sk\/info\/wp-content\/uploads\/2014\/07\/jesenprevi.jpg?fit=700%2C400&ssl=1&resize=700%2C400 2x"},"classes":[]}],"_links":{"self":[{"href":"https:\/\/preventista.sk\/info\/wp-json\/wp\/v2\/posts\/4403","targetHints":{"allow":["GET"]}}],"collection":[{"href":"https:\/\/preventista.sk\/info\/wp-json\/wp\/v2\/posts"}],"about":[{"href":"https:\/\/preventista.sk\/info\/wp-json\/wp\/v2\/types\/post"}],"author":[{"embeddable":true,"href":"https:\/\/preventista.sk\/info\/wp-json\/wp\/v2\/users\/1"}],"replies":[{"embeddable":true,"href":"https:\/\/preventista.sk\/info\/wp-json\/wp\/v2\/comments?post=4403"}],"version-history":[{"count":8,"href":"https:\/\/preventista.sk\/info\/wp-json\/wp\/v2\/posts\/4403\/revisions"}],"predecessor-version":[{"id":4416,"href":"https:\/\/preventista.sk\/info\/wp-json\/wp\/v2\/posts\/4403\/revisions\/4416"}],"wp:attachment":[{"href":"https:\/\/preventista.sk\/info\/wp-json\/wp\/v2\/media?parent=4403"}],"wp:term":[{"taxonomy":"category","embeddable":true,"href":"https:\/\/preventista.sk\/info\/wp-json\/wp\/v2\/categories?post=4403"},{"taxonomy":"post_tag","embeddable":true,"href":"https:\/\/preventista.sk\/info\/wp-json\/wp\/v2\/tags?post=4403"}],"curies":[{"name":"wp","href":"https:\/\/api.w.org\/{rel}","templated":true}]}}