{"id":4420,"date":"2021-04-14T07:24:00","date_gmt":"2021-04-14T05:24:00","guid":{"rendered":"https:\/\/preventista.sk\/info\/?p=4420"},"modified":"2021-04-12T23:10:19","modified_gmt":"2021-04-12T21:10:19","slug":"prevencia-kybersikanovania-a-co-s-tym-ma-volny-cas-mladeze","status":"publish","type":"post","link":"https:\/\/preventista.sk\/info\/prevencia-kybersikanovania-a-co-s-tym-ma-volny-cas-mladeze\/","title":{"rendered":"Prevencia kyber\u0161ikanovania a \u010do s t\u00fdm m\u00e1 vo\u013en\u00fd \u010das ml\u00e1de\u017ee"},"content":{"rendered":"\n<p><strong>V&nbsp;roku 2021 sa spolo\u010dnos\u0165 ocitla v&nbsp;situ\u00e1cii, kedy u\u017e nie je relevantn\u00e1 ot\u00e1zka, \u010di chceme v digit\u00e1lnom priestore tr\u00e1vi\u0165 ve\u013ea \u010dasu, ale ako v&nbsp;digit\u00e1lnom priestore netr\u00e1vi\u0165 ve\u013ea \u010dasu a&nbsp;pritom zosta\u0165 v&nbsp;spojen\u00ed s&nbsp;ostatn\u00fdmi bez mo\u017enost\u00ed fyzick\u00e9ho kontaktu. Pand\u00e9mia COVID-19 sp\u00f4sobila to, \u017ee mlad\u00ed \u013eudia, ktor\u00fdm bolo nadmern\u00e9 pou\u017e\u00edvanie digit\u00e1lnych technol\u00f3gii vy\u010d\u00edtan\u00e9, teraz nemaj\u00fa in\u00fa mo\u017enos\u0165. <\/strong>Ak rodi\u010dia chc\u00fa, aby sa det\u00ed vzdel\u00e1vali a&nbsp;ak sa det\u00ed chc\u00fa vzdel\u00e1va\u0165, musia by\u0165 on-line. V&nbsp;pr\u00edpade, \u017ee by pand\u00e9mia svet zasiahla v&nbsp;roku 1950, kedy internet e\u0161te ani neexistoval, mlad\u00ed \u013eudia by mali minim\u00e1lny styk zo svojimi rovesn\u00edkmi a&nbsp;u\u010dite\u013emi a&nbsp;preto m\u00f4\u017eeme digit\u00e1lne technol\u00f3gie pova\u017eova\u0165 za pr\u00ednosom dne\u0161nej doby. Ak sa v\u0161ak na to pozer\u00e1me z h\u013eadiska, \u017ee sme dnes e\u0161te v&nbsp;procese h\u013eadania naozaj \u00fa\u010dinn\u00fdch prostriedkov ochrany ml\u00e1de\u017ee pred ne\u017eiad\u00facimi d\u00f4sledkami (nadmern\u00e9ho) pou\u017e\u00edvania digit\u00e1lnych technol\u00f3gi\u00ed, v&nbsp;tom pr\u00edpade je aktu\u00e1lna situ\u00e1cia probl\u00e9mov\u00e1. Napr\u00edklad <a href=\"https:\/\/l1ght.com\/Toxicity_during_coronavirus_Report-L1ght.pdf?fbclid=IwAR12yPh-GIi1Ur1qwwZoCuu4nP2zG5dLxs590Exli5UXYORQCWp3w_ko1MQ\">\u0161t\u00fadia<\/a>, ktor\u00fa realizovala start-up organiz\u00e1cia L1ght od decembra 2019 do polovice 2020 potvrdila 70-percentn\u00fd n\u00e1rast \u0161ikanovania a&nbsp;tzv. hate speech-u medzi de\u0165mi a&nbsp;dospievaj\u00facimi na soci\u00e1lnych sie\u0165ach a&nbsp;diskusn\u00fdch f\u00f3rach v&nbsp;digit\u00e1lnom prostred\u00ed, ako aj 40-percentn\u00fd n\u00e1rast nezn\u00e1\u0161anliv\u00e9ho obsahu na hern\u00fdch platform\u00e1ch a&nbsp;tie\u017e&nbsp; 200-percentn\u00fd n\u00e1rast n\u00e1v\u0161tevnosti str\u00e1nok obsahuj\u00facich nen\u00e1vistn\u00fd obsah.<\/p>\n\n\n\n<figure class=\"wp-block-image size-large\"><img data-recalc-dims=\"1\" loading=\"lazy\" decoding=\"async\" width=\"700\" height=\"366\" data-attachment-id=\"4426\" data-permalink=\"https:\/\/preventista.sk\/info\/prevencia-kybersikanovania-a-co-s-tym-ma-volny-cas-mladeze\/kybersikana-2\/\" data-orig-file=\"https:\/\/i0.wp.com\/preventista.sk\/info\/wp-content\/uploads\/2021\/04\/kybersikana.png?fit=1200%2C628&amp;ssl=1\" data-orig-size=\"1200,628\" data-comments-opened=\"1\" data-image-meta=\"{&quot;aperture&quot;:&quot;0&quot;,&quot;credit&quot;:&quot;&quot;,&quot;camera&quot;:&quot;&quot;,&quot;caption&quot;:&quot;&quot;,&quot;created_timestamp&quot;:&quot;0&quot;,&quot;copyright&quot;:&quot;&quot;,&quot;focal_length&quot;:&quot;0&quot;,&quot;iso&quot;:&quot;0&quot;,&quot;shutter_speed&quot;:&quot;0&quot;,&quot;title&quot;:&quot;&quot;,&quot;orientation&quot;:&quot;0&quot;}\" data-image-title=\"kybersikana\" data-image-description=\"\" data-image-caption=\"\" data-large-file=\"https:\/\/i0.wp.com\/preventista.sk\/info\/wp-content\/uploads\/2021\/04\/kybersikana.png?fit=700%2C366&amp;ssl=1\" src=\"https:\/\/i0.wp.com\/preventista.sk\/info\/wp-content\/uploads\/2021\/04\/kybersikana.png?resize=700%2C366&#038;ssl=1\" alt=\"\" class=\"wp-image-4426\" srcset=\"https:\/\/i0.wp.com\/preventista.sk\/info\/wp-content\/uploads\/2021\/04\/kybersikana.png?resize=700%2C366&amp;ssl=1 700w, https:\/\/i0.wp.com\/preventista.sk\/info\/wp-content\/uploads\/2021\/04\/kybersikana.png?resize=450%2C236&amp;ssl=1 450w, https:\/\/i0.wp.com\/preventista.sk\/info\/wp-content\/uploads\/2021\/04\/kybersikana.png?resize=320%2C167&amp;ssl=1 320w, https:\/\/i0.wp.com\/preventista.sk\/info\/wp-content\/uploads\/2021\/04\/kybersikana.png?resize=768%2C402&amp;ssl=1 768w, https:\/\/i0.wp.com\/preventista.sk\/info\/wp-content\/uploads\/2021\/04\/kybersikana.png?w=1200&amp;ssl=1 1200w\" sizes=\"auto, (max-width: 700px) 100vw, 700px\" \/><figcaption>Zdroj: Canva.com<\/figcaption><\/figure>\n\n\n\n<p>O&nbsp;tom, \u017ee je dnes nevyhnutn\u00e9 <strong>zavadza\u0165 mechanizmy zameran\u00e9 na ochranu ml\u00e1de\u017ee pred negat\u00edvnymi sk\u00fasenos\u0165ami v&nbsp;digit\u00e1lnom priestore<\/strong>, sved\u010d\u00ed aj tvorba r\u00f4znych strategick\u00fdch dokumentov, ako napr\u00edklad N\u00e1rodnej koncepcie ochrany deti v&nbsp;digit\u00e1lnom priestore do roku 2025.<\/p>\n\n\n\n<p>V&nbsp;tomto pr\u00edspevku sa preto pozrieme na to, \u010do zo sebou prin\u00e1\u0161a pohyb mlad\u00fdch \u013eud\u00ed v&nbsp;digit\u00e1lnom priestore a&nbsp;\u010do s&nbsp;t\u00fdm maj\u00fa osoby pracuj\u00face s&nbsp;ml\u00e1de\u017eou. Z\u00e1rove\u0148 sa pozrieme na mo\u017enost\u00ed a&nbsp;obmedzenia pri v\u00fdchovnom p\u00f4soben\u00ed na ml\u00e1de\u017e v digit\u00e1lnom priestore a&nbsp;na funkciu vo\u013en\u00e9ho \u010dasu pri prevencii kyber\u0161ikanovania.<\/p>\n\n\n\n<p><strong>Internet \u2013<\/strong> glob\u00e1lny syst\u00e9m po\u010d\u00edta\u010dov\u00fdch siet\u00ed ur\u010den\u00fdch na komunik\u00e1ciu bol vyn\u00e1jden\u00fd v&nbsp;60-t\u00fdch rokoch 20. storo\u010dia. Svoj rozmach za\u017eil v&nbsp;90-t\u00fdch rokoch a&nbsp;s&nbsp;t\u00fdm bola identifikovan\u00e1 nov\u00e1 forma \u0161ikanovania \u2013 <strong>kyber\u0161ikanovanie<\/strong>. &nbsp;Smernica \u010d. 36\/2018 k prevencii a rie\u0161eniu \u0161ikanovania det\u00ed a \u017eiakov v \u0161kol\u00e1ch a \u0161kolsk\u00fdch zariadeniach definuje kyber\u0161ikanovanie ako <em>\u201epriamu formu \u0161ikanovania, pri ktorej ide o zneu\u017eitie informa\u010dno-komunika\u010dn\u00fdch technol\u00f3gi\u00ed (najm\u00e4 telef\u00f3nu, tabletu, internetu a soci\u00e1lnych siet\u00ed) na \u00famyseln\u00e9 ohrozenie, ubl\u00ed\u017eenie alebo zastra\u0161ovanie, pri\u010dom sa \u010dasto vyskytuje v spojen\u00ed s in\u00fdmi formami \u0161ikanovania\u201c. <\/em>Napr\u00edklad v&nbsp;USA je jedn\u00fdm z&nbsp;prv\u00fdch zaznamenan\u00fdch <a href=\"https:\/\/www.bark.us\/blog\/the-history-of-cyberbullying\/\">pr\u00edpadov<\/a> kyber\u0161ikanovania pr\u00edpad z&nbsp;roku 2007, kedy 13-ro\u010dn\u00e1 Megan Meier sp\u00e1chala samovra\u017edu po tom, \u010do jej susedia vytvorili falo\u0161n\u00fd profil na soci\u00e1lnej sieti <em>Myspace<\/em>, aby ju ob\u0165a\u017eovali. Fenom\u00e9n kyber\u0161ikanovania sa e\u0161te viac roz\u0161\u00edril v&nbsp;polovici 2000-t\u00fdch rokoch, kedy sa smartf\u00f3n stal nevyhnutnou v\u00fdbavou ka\u017ed\u00e9ho jednotlivca. Od tohto momentu rodi\u010dia, pedagogick\u00ed a&nbsp;odborn\u00ed zamestnanci \u0161k\u00f4l bojuj\u00fa s&nbsp;negat\u00edvnym vplyvom digit\u00e1lnych technol\u00f3gi\u00ed na v\u00fdvoj mlad\u00fdch \u013eud\u00ed, pri\u010dom <strong>dospel\u00ed <em>sami<\/em> bojuj\u00fa s&nbsp;rovnov\u00e1hou medzi pou\u017e\u00edvan\u00edm a&nbsp;obmedzen\u00edm pou\u017e\u00edvania informa\u010dno-komunika\u010dn\u00fdch technol\u00f3gi\u00ed.<\/strong><\/p>\n\n\n\n<p>\u010ci u\u017e ide o&nbsp;negat\u00edvne dopady v&nbsp;podobe z\u00e1vislosti na uveden\u00fdch technol\u00f3gi\u00e1ch, alebo n\u00e1silia na internete, ani jedna vekov\u00e1 kateg\u00f3ria nie je nedotknute\u013en\u00e1. <strong>Soci\u00e1lne siete maj\u00fa v s\u00fa\u010dasnosti mili\u00f3ny pou\u017e\u00edvate\u013eov a siete ako Facebook, Instagram a YouTube sa presadili ako glob\u00e1lne fenom\u00e9ny.<\/strong> \u010coraz mas\u00edvnej\u0161ie vyu\u017e\u00edvanie verejne pr\u00edstupn\u00fdch soci\u00e1lnych siet\u00ed kyberagresormi znamen\u00e1, \u017ee vidite\u013enos\u0165 n\u00e1silnej komunik\u00e1cie sa teraz d\u00e1 \u013eahko roz\u0161\u00edri\u0165 na obrovsk\u00e9 potenci\u00e1lne publikum a ka\u017ed\u00fd pr\u00edspevok sa d\u00e1 opakovane zobrazi\u0165. D\u00f4sledky pre obete m\u00f4\u017eu by\u0165 ve\u013emi v\u00e1\u017ene a zah\u0155\u0148aj\u00fa nespavos\u0165, depresiu, z\u00e1chvaty paniky alebo dokonca pokusy o&nbsp;samovra\u017edu (Bauman a&nbsp;kol., 2013).<\/p>\n\n\n\n<p>Odborn\u00edci v&nbsp;spojitosti so \u0161ikanou a&nbsp;kyber\u0161ikanou spom\u00ednaj\u00fa tzv. <strong><em>mor\u00e1lny disengagement<\/em><\/strong>, ktor\u00fd mo\u017eno prelo\u017ei\u0165 ako mor\u00e1lne odpojenie sa. Odborn\u00edci tento term\u00edn definuj\u00fa ako kognit\u00edvny mechanizmus, na z\u00e1klade ktor\u00e9ho jednotlivec presved\u010d\u00ed s\u00e1m seba, \u017ee spr\u00e1vanie, ktor\u00e9 je v rozpore s jeho osobn\u00fdmi mor\u00e1lnymi normami, je prijate\u013en\u00e9 (Meter, D.J., Bauman, S., 2018). Tento mechanizmus funguje na z\u00e1klade oslabenia prosoci\u00e1lnych hodn\u00f4t a&nbsp;empatie k&nbsp;inej osobe. V\u00fdskumy uk\u00e1zuj\u00fa, \u017ee je mor\u00e1lny disengagement silnej\u0161\u00ed v&nbsp;pr\u00edpade kyber\u0161ikanovania, ne\u017e pri tradi\u010dnej forme \u0161ikanovania, \u010do znamen\u00e1, \u017ee agresor c\u00edti e\u0161te ni\u017e\u0161iu mieru empatie vo\u010di obeti.<\/p>\n\n\n\n<p>Slovensk\u00e9 n\u00e1rodn\u00e9 stredisko pre \u013eudsk\u00e9 pr\u00e1va vydalo v&nbsp;roku 2018 <a href=\"https:\/\/snslp.foxili.sk\/wp-content\/uploads\/Sikana-a-kybersikana-na-skolach-2018.pdf\">spr\u00e1vu<\/a> o&nbsp;\u0161ikane a&nbsp;kyber\u0161ikane na \u0161kol\u00e1ch. V\u00fdskumn\u00fa vzorku tvorilo 2 996 \u017eiakov z\u00e1kladn\u00fdch a&nbsp;stredn\u00fdch \u0161k\u00f4l. Celkovo sa pod\u013ea v\u00fdskumu s&nbsp;ur\u010ditou formou kybe\u0161ikany stretlo 44,3 % respondentov. V\u00fdsledky v\u00fdskumu uk\u00e1zali, \u017ee <strong>sa diev\u010dat\u00e1 st\u00e1vaj\u00fa obe\u0165ami kyber\u0161ikany \u010dastej\u0161ie, ne\u017e chlapci.<\/strong> A\u017e 24,2 % diev\u010dat a&nbsp;15,3 % chlapcov sa pod\u013ea uveden\u00e9ho v\u00fdskumu stretlo <strong>s&nbsp;ohov\u00e1ran\u00edm, zosmie\u0161\u0148ovan\u00edm \u010di poni\u017eovan\u00edm na soci\u00e1lnych sie\u0165ach. <\/strong>Pod\u013ea <a href=\"https:\/\/www.ku.sk\/images\/dokumenty\/ff\/Sprava_z_vyskumu__EU_Kids_Online_Slovensko_2018_-_2020.pdf\">spr\u00e1vy<\/a> z&nbsp;v\u00fdskumu EU KIDS ONLINE za rok 2020 za Slovensko, diev\u010dat\u00e1 a mlad\u0161ie deti \u0165a\u017e\u0161ie zn\u00e1\u0161aj\u00fa sk\u00fasenos\u0165 s kyber\u0161ikanovan\u00edm ako chlapci a star\u0161ie deti a dospievaj\u00faci. V\u00fdskum z\u00e1rove\u0148 uk\u00e1zal, \u017ee sa <strong>o&nbsp;sk\u00fasenostiach so \u0161ikanovan\u00edm ml\u00e1de\u017e naj\u010dastej\u0161ie zver\u00ed rovesn\u00edkom<\/strong> (26%) a&nbsp;rodi\u010dom (20%). D\u00f4le\u017eit\u00fdm zisten\u00edm je, \u017ee a\u017e 26 % respondentov o&nbsp;sk\u00fasenostiach so \u0161ikanovan\u00edm nepovie nikomu.<\/p>\n\n\n\n<p>Ako uv\u00e1dzaj\u00fa K. Holl\u00e1 a&nbsp;kol. (2017), deti sa \u010dasto nechc\u00fa rodi\u010dom prizna\u0165, \u017ee sa stali obe\u0165ou kyber\u0161ikanovania a&nbsp;to kv\u00f4li obave, \u017ee stratia pr\u00edstup k&nbsp;po\u010d\u00edta\u010du \u010di k&nbsp;smartf\u00f3nu. Z&nbsp;tohto d\u00f4vodu \u00fa\u010dinn\u00e1 prevencia kyber\u0161ikanovania mus\u00ed zasiahnu\u0165 v\u0161etky prostredia, v&nbsp;ktor\u00fdch sa die\u0165a pohybuje a&nbsp;to <strong>rodinn\u00e9, \u0161kolsk\u00e9 a&nbsp;tie\u017e prostredie, v&nbsp;ktorom die\u0165a tr\u00e1vi svoj vo\u013en\u00fd \u010das.<\/strong> Zodpovednos\u0165 rodi\u010dov \u010di z\u00e1konn\u00fdch z\u00e1stupcov die\u0165a\u0165a spo\u010d\u00edva vo vytvoren\u00ed bezpe\u010dn\u00e9ho prostredia pre die\u0165a, aby vedelo komunikova\u0165 svoje obavy a&nbsp;vn\u00edmalo, \u017ee m\u00e1 mo\u017enos\u0165 zd\u00f4veri\u0165 sa rodi\u010dom. Ke\u010f\u017ee die\u0165a v\u00e4\u010d\u0161inu svojho \u010dasu tr\u00e1vi v&nbsp;\u0161kole, \u0161kola mus\u00ed ma\u0165 zaveden\u00e9 funk\u010dn\u00e9 mechanizmy ochrany deti pred n\u00e1sil\u00edm, \u010di u\u017e priamo v&nbsp;\u0161kole alebo v&nbsp;digit\u00e1lnom prostred\u00ed po\u010das pobytu die\u0165a\u0165a v&nbsp;\u0161kole. Pokia\u013e ide o&nbsp;vo\u013en\u00fd \u010das die\u0165a\u0165a, existuje viacero mo\u017enost\u00ed, ako vies\u0165 deti k&nbsp;budovaniu odolnosti vo\u010di n\u00e1strah\u00e1m digit\u00e1lneho sveta. Pracovn\u00edci s&nbsp;ml\u00e1de\u017eou v&nbsp;ml\u00e1de\u017en\u00edckych organiz\u00e1ci\u00e1ch, ml\u00e1de\u017en\u00edckych kluboch a&nbsp;n\u00edzkoprahov\u00fdch zariadeniach by sa mali zamera\u0165 na <strong>vedenie mlad\u00fdch \u013eud\u00ed k&nbsp;zmyslupln\u00e9mu a&nbsp;efekt\u00edvnemu vyu\u017e\u00edvaniu vo\u013en\u00e9ho \u010dasu.<\/strong> Vzh\u013eadom na to, \u017ee aktu\u00e1lne ml\u00e1de\u017e svoj vo\u013en\u00fd \u010das tr\u00e1vi vo ve\u013ekej miere v&nbsp;digit\u00e1lnom prostred\u00ed, jednou z&nbsp;\u00faloh pracovn\u00edkov s&nbsp;ml\u00e1de\u017eou je nau\u010di\u0165 ich, ako sa v&nbsp;digit\u00e1lnom prostred\u00ed bezpe\u010dne pohybova\u0165 a&nbsp;<strong>ako z&nbsp;digit\u00e1lnych technol\u00f3gi\u00ed vy\u0165a\u017ei\u0165 \u010dim najviac pre ich pohodu a&nbsp;osobn\u00fd rozvoj. <\/strong>\u010eal\u0161ou d\u00f4le\u017eitou \u00falohou s\u00favisiacou s&nbsp;prevenciou kyber\u0161ikanovania je <strong>rozvoj digit\u00e1lnej gramotnosti<\/strong> ml\u00e1de\u017ee. Deti a mlad\u00ed \u013eudia s\u00fa pr\u00edli\u0161 \u010dasto pova\u017eovan\u00ed za pokro\u010dil\u00fdch pou\u017e\u00edvate\u013eov digit\u00e1lnych technol\u00f3gi\u00ed, ale mnoh\u00ed nemaj\u00fa zvl\u00e1dnut\u00fa cel\u00fa \u0161k\u00e1lu digit\u00e1lnych zru\u010dnost\u00ed. Pr\u00edstup det\u00ed k digit\u00e1lnym technol\u00f3gi\u00e1m a sk\u00fasenos\u0165 s nimi sa l\u00ed\u0161i pod\u013ea demografick\u00fdch alebo in\u00fdch faktorov (napr\u00edklad soci\u00e1lno-ekonomick\u00fd status, pohlavie a sexu\u00e1lna identita, etnick\u00fd p\u00f4vod, n\u00e1bo\u017eenstvo alebo vzdelanie). Je d\u00f4le\u017eit\u00e9 uzna\u0165 tieto rozdielnosti, aby sa zabezpe\u010dilo, \u017ee \u0161kolsk\u00e9 a&nbsp;mimo\u0161kolsk\u00e9 aktivity zameran\u00e9 na budovanie digit\u00e1lnej gramotnosti s\u00fa \u0161it\u00e9 na mieru r\u00f4znorod\u00fdm potreb\u00e1m det\u00ed a s\u00fa schopn\u00e9 podporova\u0165 najzranite\u013enej\u0161\u00edch mlad\u00fdch \u013eud\u00ed. D\u00f4le\u017eitou \u00falohou pracovn\u00edka s&nbsp;ml\u00e1de\u017eou je aj vies\u0165 mlad\u00fdch \u013eud\u00ed k&nbsp;tolerancii vo\u010di ostatn\u00fdm a&nbsp;k&nbsp;<strong>rozvoju empatick\u00e9ho c\u00edtenia<\/strong>. K&nbsp;tomu pracovn\u00edk s&nbsp;ml\u00e1de\u017eou potrebuje vybudova\u0165 s&nbsp;mlad\u00fdm \u010dlovekom vz\u0165ah zalo\u017een\u00fd na d\u00f4vere, podpore a&nbsp;re\u0161pekte. \u010cinnosti, ktor\u00e9 pritom m\u00f4\u017ee vykon\u00e1va\u0165 s\u00fa mentorstvo, z\u00e1kladn\u00e9 poradenstvo a&nbsp;realiz\u00e1cia aktiv\u00edt zameran\u00fdch <strong>na rozvoj soci\u00e1lnych zru\u010dnost\u00ed mlad\u00e9ho \u010dloveka.<\/strong> Pracovn\u00edk s&nbsp;ml\u00e1de\u017eou pritom m\u00f4\u017ee spolupracova\u0165 s&nbsp;rodi\u010dmi, \u010di so \u0161kolou, ktor\u00fa die\u0165a nav\u0161tevuje.<\/p>\n\n\n\n<p>\u010eal\u0161\u00edm d\u00f4le\u017eit\u00fdm aspektom je <strong>budovanie odolnosti vo\u010di n\u00e1tlaku rovesn\u00edkov<\/strong> (tzv. peer pressure) zapoji\u0165 sa do antisoci\u00e1lneho spr\u00e1vania, ako je napr\u00edklad kyber\u0161ikana. Pracovn\u00edk s&nbsp;ml\u00e1de\u017eou m\u00f4\u017ee s&nbsp;mlad\u00fdmi \u013eu\u010fmi vies\u0165 diskusie o&nbsp;kyber\u0161ikane a&nbsp;jej d\u00f4sledkoch. Diskusia m\u00f4\u017ee zah\u0155\u0148a\u0165 aj pochopenie mot\u00edvov a&nbsp;tie\u017e pre\u010do je pre obete \u0165a\u017ek\u00e9 h\u013eada\u0165 pomoc.<\/p>\n\n\n\n<p>Na to, aby pracovn\u00edci s&nbsp;ml\u00e1de\u017eou mohli vykon\u00e1va\u0165 uveden\u00e9 \u010dinnosti, potrebuj\u00fa adekv\u00e1tnu pr\u00edpravu a&nbsp;d\u00f4veryhodn\u00e9 inform\u00e1cie. S&nbsp;n\u00e1stupom pand\u00e9mie ochorenia sp\u00f4soben\u00e9ho koronav\u00edrusom COVID-19 sa IUVENTA spojila s&nbsp;<strong>ob\u010dianskym zdru\u017een\u00edm Preventista \u2013 zdru\u017eenie pre bezpe\u010dnos\u0165 a&nbsp;prevenciu, ktor\u00e9 prev\u00e1dzkuje <a href=\"https:\/\/preventista.sk\/info\/\" target=\"_blank\" rel=\"noreferrer noopener\">port\u00e1l Preventista.sk<\/a>. <\/strong>OZ Preventista pre IUVENTU od novembra 2020 do marca 2021 zrealizovalo aktivity pre pracovn\u00edkov s&nbsp;ml\u00e1de\u017eou v&nbsp;t\u00fdchto t\u00e9mach:<\/p>\n\n\n\n<ul class=\"wp-block-list\"><li>Po\u010d\u00edta\u010dov\u00e1 kriminalita<\/li><li>Manipulat\u00edvne techniky a in\u00e9 rizik\u00e1 internetu<\/li><li>Kyber\u0161ikana a obrana proti nej&nbsp;<\/li><li>Samospr\u00e1vy a ich \u00faloha v prevencii aj po\u010d\u00edta\u010dovej kriminality&nbsp;<\/li><li>Prevencia kyber\u0161ikany ml\u00e1de\u017ee so znev\u00fdhodnen\u00edm<\/li><\/ul>\n\n\n\n<p>Streamovan\u00e9 webin\u00e1re na facebookovej str\u00e1nke IUVENTY videlo nieko\u013eko tis\u00edc z\u00e1ujemcov a&nbsp;seri\u00e1lu 6 roz\u0161\u00edren\u00fdch webin\u00e1rov spojen\u00fdch s&nbsp;diskusiou sa k&nbsp;31. marcu 2021 z\u00fa\u010dastnilo takmer 300 os\u00f4b pracuj\u00facich s&nbsp;ml\u00e1de\u017eou.<\/p>\n\n\n\n<p>Ver\u00edme, \u017ee spolupr\u00e1ca IUVENTY s&nbsp;OZ Preventista bude pokra\u010dova\u0165 aj v&nbsp;nasleduj\u00facom obdob\u00ed.<\/p>\n\n\n\n<p><em>Izabela Lara Kurtek,  Odbor podpory pr\u00e1ce s&nbsp;ml\u00e1de\u017eou ,  IUVENTA \u2013 Slovensk\u00fd in\u0161tit\u00fat ml\u00e1de\u017ee <\/em><\/p>\n\n\n\n<p><\/p>\n\n\n\n<hr class=\"wp-block-separator\"\/>\n\n\n\n<p>BAUMAN, S., TOOMEY, R. B.,&nbsp; WALKER, J. L. (2013). <em>Associations among bullying, cyberbullying, and suicide in high school students, <\/em>Journal of Adolescence, 36(2), 341-350.<\/p>\n\n\n\n<p><a href=\"http:\/\/dx.doi.org\/10.1016\/j.adolescence.2012.12.001\">http:\/\/dx.doi.org\/10.1016\/j.adolescence.2012.12.001<\/a><\/p>\n\n\n\n<p>BAUMAN, S., METER, J.D. 2018. <em>Moral Disengagement About Cyberbullying and Parental Monitoring: Effects on Traditional Bullying and Victimization via Cyberbullying Involvement<\/em>. In:&nbsp; Journal of Early Adolescence 2018, Vol. 38(3) 303\u2013326<\/p>\n\n\n\n<p><a href=\"https:\/\/doi.org\/10.1177%2F0272431616670752\">https:\/\/doi.org\/10.1177%2F0272431616670752<\/a><\/p>\n\n\n\n<p>European Commision, 2019.<em> Flash Eurobarometer 478. How do we build a stronger, more united Europe? <\/em>The views of young people. doi:10.2766\/62603<\/p>\n\n\n\n<p><a href=\"https:\/\/ec.europa.eu\/commfrontoffice\/publicopinion\/index.cfm\/survey\/getsurveydetail\/instruments\/flash\/surveyky\/2224\">https:\/\/ec.europa.eu\/commfrontoffice\/publicopinion\/index.cfm\/survey\/getsurveydetail\/instruments\/flash\/surveyky\/2224<\/a><\/p>\n\n\n\n<p>HOLLA, K. A&nbsp;KOL. 2017. <em>Prevencia kyberagresie a&nbsp;kyber\u0161ikanovania<\/em>. Nitra: Univerzita Kon\u0161tant\u00edna Filozofa v Nitre, 2017. 178 s. 1. vyd. ISBN:<br>978-80-558-1210-6.<\/p>\n\n\n\n<p>IZRAEL, P., HOLDO\u0160, J., \u010eURKA, R., HAS\u00c1K, M. (2020). <em>Spr\u00e1va z&nbsp;v\u00fdskumu EU Kids Online IV na Slovensku \u2013 Slovensk\u00e9 deti a dospievaj\u00faci na internete.<\/em> Ru\u017eomberok: Katol\u00edcka univerzita v Ru\u017eomberku. Dostupn\u00e9 na:<\/p>\n\n\n\n<figure class=\"wp-block-embed is-type-rich is-provider-vlozit-handler wp-block-embed-vlozit-handler\"><div class=\"wp-block-embed__wrapper\">\n<p><a href=\"https:\/\/www.ku.sk\/images\/dokumenty\/ff\/Sprava_z_vyskumu__EU_Kids_Online_Slovensko_2018_-_2020.pdf\" target=\"_blank\" rel=\"noopener noreferrer nofollow\">Click to access Sprava_z_vyskumu__EU_Kids_Online_Slovensko_2018_-_2020.pdf<\/a><\/p>\n<\/div><\/figure>\n\n\n\n<p>Smernica \u010d. 36\/2018 k prevencii a rie\u0161eniu \u0161ikanovania det\u00ed a \u017eiakov v \u0161kol\u00e1ch a \u0161kolsk\u00fdch zariadeniach. Dostupn\u00e9 na: <a href=\"https:\/\/www.minedu.sk\/20471-sk\/smernica-c-362018-k-prevencii-a-rieseniu-sikanovania-deti-a-ziakov-v-skolach-a-skolskych-zariadeniach\/\">https:\/\/www.minedu.sk\/20471-sk\/smernica-c-362018-k-prevencii-a-rieseniu-sikanovania-deti-a-ziakov-v-skolach-a-skolskych-zariadeniach\/<\/a><\/p>\n\n\n\n<p>Slovensk\u00e9 n\u00e1rodn\u00e9 stredisko pre \u013eudsk\u00e9 pr\u00e1va, 2018<em>. \u0160ikana a&nbsp;kyber\u0161ikana na \u0161kol\u00e1ch<\/em>. Bratislava, 2018: Slovensk\u00e9 n\u00e1rodn\u00e9 stredisko pre \u013eudsk\u00e9 pr\u00e1va. 129s. ISBN: 978-80-89016-99-0 Dostupn\u00e9 na: <a href=\"https:\/\/snslp.foxili.sk\/wp-content\/uploads\/Sikana-a-kybersikana-na-skolach-2018.pdf\">https:\/\/snslp.foxili.sk\/wp-content\/uploads\/Sikana-a-kybersikana-na-skolach-2018.pdf<\/a><\/p>\n\n\n\n<p>The Bark Team, 2017. The history of cyberbullying. Dostupn\u00e9 na: <a href=\"https:\/\/www.bark.us\/blog\/the-history-of-cyberbullying\/\">https:\/\/www.bark.us\/blog\/the-history-of-cyberbullying\/<\/a><\/p>\n\n\n\n<p><\/p>\n\n\n\n<p><\/p>\n","protected":false},"excerpt":{"rendered":"<p>V&nbsp;roku 2021 sa spolo\u010dnos\u0165 ocitla v&nbsp;situ\u00e1cii, kedy u\u017e nie je relevantn\u00e1 ot\u00e1zka, \u010di chceme v digit\u00e1lnom priestore tr\u00e1vi\u0165 ve\u013ea \u010dasu, ale ako v&nbsp;digit\u00e1lnom priestore netr\u00e1vi\u0165 ve\u013ea \u010dasu a&nbsp;pritom zosta\u0165 v&nbsp;spojen\u00ed s&nbsp;ostatn\u00fdmi bez mo\u017enost\u00ed fyzick\u00e9ho kontaktu. Pand\u00e9mia COVID-19 sp\u00f4sobila to, \u017ee mlad\u00ed \u013eudia, ktor\u00fdm bolo nadmern\u00e9 pou\u017e\u00edvanie digit\u00e1lnych technol\u00f3gii vy\u010d\u00edtan\u00e9, teraz nemaj\u00fa in\u00fa mo\u017enos\u0165. Ak rodi\u010dia [&hellip;]<\/p>\n","protected":false},"author":1,"featured_media":0,"comment_status":"open","ping_status":"open","sticky":false,"template":"","format":"standard","meta":{"jetpack_post_was_ever_published":false,"_jetpack_newsletter_access":"","_jetpack_dont_email_post_to_subs":false,"_jetpack_newsletter_tier_id":0,"_jetpack_memberships_contains_paywalled_content":false,"_jetpack_memberships_contains_paid_content":false,"footnotes":""},"categories":[61],"tags":[133,134,51],"class_list":["post-4420","post","type-post","status-publish","format-standard","hentry","category-prevencia","tag-iuventa","tag-kybersiakana","tag-prevencia-it-kriminality"],"aioseo_notices":[],"jetpack_featured_media_url":"","jetpack_sharing_enabled":true,"jetpack-related-posts":[{"id":3192,"url":"https:\/\/preventista.sk\/info\/kybersikanovanie-sa-moze-skoncit-zapisom-v-registri-trestov\/","url_meta":{"origin":4420,"position":0},"title":"Kyber\u0161ikanovanie sa m\u00f4\u017ee skon\u010di\u0165 z\u00e1pisom v registri trestov","author":"Redakcia","date":"12. marca 2016","format":false,"excerpt":"... \u010fal\u0161\u00ed zo s\u00e9rie pripravovan\u00fdch rozhovorov pre redakciu elektronick\u00e9ho port\u00e1lu LCinfo.sk, cel\u00fd \u010dl\u00e1nok preber\u00e1me v plnom znen\u00ed bez redak\u010dn\u00fdch \u00faprav Pred dvomi t\u00fd\u017ed\u0148ami sme \u010ditate\u013eom port\u00e1lu LCinfo.sk priniesli rozhovor s predsedom OZ Preventista \u2013 zdru\u017eenie pre bezpe\u010dnos\u0165 a\u00a0prevenciu a s\u00fadnym znalcom Jaroslavom Osterom, s ktor\u00fdm sme debatovali na t\u00e9mu Facebook.\u2026","rel":"","context":"V &quot;Bezpe\u010dnos\u0165&quot;","block_context":{"text":"Bezpe\u010dnos\u0165","link":"https:\/\/preventista.sk\/info\/category\/itbezp\/"},"img":{"alt_text":"kybersikana","src":"https:\/\/i0.wp.com\/preventista.sk\/info\/wp-content\/uploads\/2016\/03\/kybersikana.jpg?fit=700%2C400&ssl=1&resize=350%2C200","width":350,"height":200,"srcset":"https:\/\/i0.wp.com\/preventista.sk\/info\/wp-content\/uploads\/2016\/03\/kybersikana.jpg?fit=700%2C400&ssl=1&resize=350%2C200 1x, https:\/\/i0.wp.com\/preventista.sk\/info\/wp-content\/uploads\/2016\/03\/kybersikana.jpg?fit=700%2C400&ssl=1&resize=525%2C300 1.5x, https:\/\/i0.wp.com\/preventista.sk\/info\/wp-content\/uploads\/2016\/03\/kybersikana.jpg?fit=700%2C400&ssl=1&resize=700%2C400 2x"},"classes":[]},{"id":5088,"url":"https:\/\/preventista.sk\/info\/bezpecnost-skol-z-pohladu-rodicov\/","url_meta":{"origin":4420,"position":1},"title":"Bezpe\u010dnos\u0165 \u0161k\u00f4l (z poh\u013eadu rodi\u010dov)","author":"Veronika Pol\u00e1kov\u00e1","date":"16. janu\u00e1ra 2023","format":false,"excerpt":"Na z\u00e1klade medializovan\u00fdch pr\u00edpadov o\u00a0agres\u00edvnych \u00fatokoch na \u0161kol\u00e1ch sme sa rozhodli v obdob\u00ed okt\u00f3ber a\u017e december 2022 formou online dotazn\u00edka zrealizova\u0165 prieskum na t\u00e9mu bezpe\u010dnosti \u0161k\u00f4l. Osloven\u00e9 boli 4 v\u00e4\u010d\u0161ie rodi\u010dovsk\u00e9 skupiny na jednej zo soci\u00e1lnych siet\u00ed. P\u00fdtali sme do akej miery rodi\u010dia pova\u017euj\u00fa \u0161kolu, ktor\u00fa ich die\u0165a nav\u0161tevuje za\u2026","rel":"","context":"V &quot;Bezpe\u010dnos\u0165&quot;","block_context":{"text":"Bezpe\u010dnos\u0165","link":"https:\/\/preventista.sk\/info\/category\/itbezp\/"},"img":{"alt_text":"","src":"https:\/\/i0.wp.com\/preventista.sk\/info\/wp-content\/uploads\/2023\/01\/image.png?resize=350%2C200&ssl=1","width":350,"height":200,"srcset":"https:\/\/i0.wp.com\/preventista.sk\/info\/wp-content\/uploads\/2023\/01\/image.png?resize=350%2C200&ssl=1 1x, https:\/\/i0.wp.com\/preventista.sk\/info\/wp-content\/uploads\/2023\/01\/image.png?resize=525%2C300&ssl=1 1.5x, https:\/\/i0.wp.com\/preventista.sk\/info\/wp-content\/uploads\/2023\/01\/image.png?resize=700%2C400&ssl=1 2x"},"classes":[]},{"id":4403,"url":"https:\/\/preventista.sk\/info\/prevencia-pocitacovej-kriminality-a-jej-vyuzitie-v-praci-s-mladezou\/","url_meta":{"origin":4420,"position":2},"title":"Prevencia po\u010d\u00edta\u010dovej kriminality a jej vyu\u017eitie v pr\u00e1ci s ml\u00e1de\u017eou","author":"Redakcia","date":"6. apr\u00edla 2021","format":false,"excerpt":"Vzdel\u00e1vanie, z\u00e1bava, stret\u00e1vanie sa s\u00a0priate\u013emi, aj pr\u00e1ca, \u010di h\u013eadanie zamestnania, to v\u0161etko sa aj pre deti a\u00a0mlad\u00fdch \u013eud\u00ed presunulo v\u00a0uplynul\u00fdch dvan\u00e1stich mesiacoch do virtu\u00e1lneho prostredia. Ohromn\u00e9 skoky v\u00a0technick\u00fdch aj technologick\u00fdch kompetenci\u00e1ch je nevyhnutn\u00e9 dop\u013a\u0148a\u0165 aj zvy\u0161ovan\u00edm kompetenci\u00ed v\u00a0oblasti prevencie bezpe\u010dnosti v\u00a0online priestore. Vypo\u010duli sme hlas pracovn\u00edkov a\u00a0pracovn\u00ed\u010dok s\u00a0ml\u00e1de\u017eou, \u010di \u010fal\u0161\u00edch\u2026","rel":"","context":"V &quot;Prevencia&quot;","block_context":{"text":"Prevencia","link":"https:\/\/preventista.sk\/info\/category\/prevencia\/"},"img":{"alt_text":"","src":"https:\/\/i0.wp.com\/preventista.sk\/info\/wp-content\/uploads\/2021\/01\/IUVENTA_logo_PNG-e1610132456341.png?resize=350%2C200","width":350,"height":200},"classes":[]},{"id":2846,"url":"https:\/\/preventista.sk\/info\/virtualny-svet-a-realne-nebezepecenstva\/","url_meta":{"origin":4420,"position":3},"title":"VIRTU\u00c1LNY SVET A RE\u00c1LNE NEBEZEPE\u010cENSTV\u00c1","author":"Redakcia","date":"24. septembra 2015","format":false,"excerpt":"V spolupr\u00e1ci ob\u010dianskeho zdru\u017eenia PREVENTISTA \u2013 zdru\u017eenie pre bezpe\u010dnos\u0165 a\u00a0prevenciu, Finan\u010dnej spr\u00e1vy SR, Ministerstva vn\u00fatra SR, CPPPaP Lu\u010denec a\u00a0\u010fal\u0161\u00edch partnerov sa d\u0148a 16.9.2015\u00a0 v\u00a0Lu\u010denci uskuto\u010dnil pracovn\u00fd workshop pre preventistov, pedag\u00f3gov a\u00a0odborn\u00fa verejnos\u0165 s\u00a0n\u00e1zvom \u201eVirtu\u00e1lny svet a\u00a0re\u00e1lne nebezpe\u010denstv\u00e1\u201c. Obsah workshopu bol zameran\u00fd na spektrum t\u00e9m z\u00a0oblasti riz\u00edk internetov\u00e9ho sveta a\u00a0soci\u00e1lnych siet\u00ed.\u2026","rel":"","context":"V &quot;Aktu\u00e1lne&quot;","block_context":{"text":"Aktu\u00e1lne","link":"https:\/\/preventista.sk\/info\/category\/akcie\/aktualne\/"},"img":{"alt_text":"","src":"https:\/\/i0.wp.com\/preventista.sk\/info\/wp-content\/uploads\/2015\/09\/workshop.png?fit=700%2C400&ssl=1&resize=350%2C200","width":350,"height":200,"srcset":"https:\/\/i0.wp.com\/preventista.sk\/info\/wp-content\/uploads\/2015\/09\/workshop.png?fit=700%2C400&ssl=1&resize=350%2C200 1x, https:\/\/i0.wp.com\/preventista.sk\/info\/wp-content\/uploads\/2015\/09\/workshop.png?fit=700%2C400&ssl=1&resize=525%2C300 1.5x, https:\/\/i0.wp.com\/preventista.sk\/info\/wp-content\/uploads\/2015\/09\/workshop.png?fit=700%2C400&ssl=1&resize=700%2C400 2x"},"classes":[]},{"id":4809,"url":"https:\/\/preventista.sk\/info\/bezpecnost-na-internete-z-pohladu-rodicov\/","url_meta":{"origin":4420,"position":4},"title":"Bezpe\u010dnos\u0165 na internete z\u00a0poh\u013eadu rodi\u010dov","author":"Veronika Pol\u00e1kov\u00e1","date":"26. marca 2022","format":false,"excerpt":"V\u00a0obdob\u00ed janu\u00e1r \u2013 febru\u00e1r 2022 sme realizovali men\u0161\u00ed prieskum oh\u013eadom bezpe\u010dnosti na internete. Osloven\u00fa skupinu respondentov tvorili rodi\u010dia \u0161kolopovinn\u00fdch det\u00ed. Osloven\u00e9 boli\u00a0 \u0161tyri rodi\u010dovsk\u00e9 skupiny na soci\u00e1lnej sieti prostredn\u00edctvom online dotazn\u00edku. Vyplnen\u00fdch bolo 82 dotazn\u00edkov. Rozdelenie v\u00fdskumnej vzorky pod\u013ea po\u010dtu det\u00ed bolo nasledovn\u00e9: Najpo\u010detnej\u0161iu skupinu tvorili rodi\u010dia det\u00ed vo veku\u2026","rel":"","context":"V &quot;Prieskumy&quot;","block_context":{"text":"Prieskumy","link":"https:\/\/preventista.sk\/info\/category\/skusenosti\/prieskumy\/"},"img":{"alt_text":"","src":"https:\/\/i0.wp.com\/preventista.sk\/info\/wp-content\/uploads\/2022\/03\/image.png?resize=350%2C200&ssl=1","width":350,"height":200,"srcset":"https:\/\/i0.wp.com\/preventista.sk\/info\/wp-content\/uploads\/2022\/03\/image.png?resize=350%2C200&ssl=1 1x, https:\/\/i0.wp.com\/preventista.sk\/info\/wp-content\/uploads\/2022\/03\/image.png?resize=525%2C300&ssl=1 1.5x, https:\/\/i0.wp.com\/preventista.sk\/info\/wp-content\/uploads\/2022\/03\/image.png?resize=700%2C400&ssl=1 2x"},"classes":[]},{"id":68,"url":"https:\/\/preventista.sk\/info\/bezpecnost-na-internete\/","url_meta":{"origin":4420,"position":5},"title":"Bezpe\u010dnos\u0165 na internete","author":"J. Oster","date":"20. janu\u00e1ra 2013","format":false,"excerpt":"Stret\u00e1va sa t\u00fdmito javmi aj na\u0161a ml\u00e1de\u017e? Je v\u00fdhradne \u00falohou \u0161koly pom\u00e1ha\u0165 im orientova\u0165 sa, spozn\u00e1va\u0165 \u00faskalia vyu\u017e\u00edvania modern\u00fdch technol\u00f3gi\u00ed alebo je to len m\u00fdtus ignoruj\u00faci \u00falohu rodi\u010da v\u00a0prevencii?\u00a0\u00a0 Kedy za\u010da\u0165?\u00a0 Pomerne \u010dast\u00e9 ot\u00e1zky ku ktor\u00fdm zauj\u00edmav\u00fd poh\u013ead priniesli dva celoslovensk\u00e9 prieskumy realizovan\u00e9 v\u00a0roku 2011 \u201ePrieskum miery zabezpe\u010denia po\u010d\u00edta\u010dov\u00fdch u\u010debn\u00ed\u2026","rel":"","context":"V &quot;IT kriminalita&quot;","block_context":{"text":"IT kriminalita","link":"https:\/\/preventista.sk\/info\/category\/prevencia\/itkrim\/"},"img":{"alt_text":"marketing","src":"https:\/\/i0.wp.com\/preventista.sk\/info\/wp-content\/uploads\/2013\/01\/Internet.jpg?fit=700%2C400&ssl=1&resize=350%2C200","width":350,"height":200,"srcset":"https:\/\/i0.wp.com\/preventista.sk\/info\/wp-content\/uploads\/2013\/01\/Internet.jpg?fit=700%2C400&ssl=1&resize=350%2C200 1x, https:\/\/i0.wp.com\/preventista.sk\/info\/wp-content\/uploads\/2013\/01\/Internet.jpg?fit=700%2C400&ssl=1&resize=525%2C300 1.5x, https:\/\/i0.wp.com\/preventista.sk\/info\/wp-content\/uploads\/2013\/01\/Internet.jpg?fit=700%2C400&ssl=1&resize=700%2C400 2x"},"classes":[]}],"_links":{"self":[{"href":"https:\/\/preventista.sk\/info\/wp-json\/wp\/v2\/posts\/4420","targetHints":{"allow":["GET"]}}],"collection":[{"href":"https:\/\/preventista.sk\/info\/wp-json\/wp\/v2\/posts"}],"about":[{"href":"https:\/\/preventista.sk\/info\/wp-json\/wp\/v2\/types\/post"}],"author":[{"embeddable":true,"href":"https:\/\/preventista.sk\/info\/wp-json\/wp\/v2\/users\/1"}],"replies":[{"embeddable":true,"href":"https:\/\/preventista.sk\/info\/wp-json\/wp\/v2\/comments?post=4420"}],"version-history":[{"count":6,"href":"https:\/\/preventista.sk\/info\/wp-json\/wp\/v2\/posts\/4420\/revisions"}],"predecessor-version":[{"id":4431,"href":"https:\/\/preventista.sk\/info\/wp-json\/wp\/v2\/posts\/4420\/revisions\/4431"}],"wp:attachment":[{"href":"https:\/\/preventista.sk\/info\/wp-json\/wp\/v2\/media?parent=4420"}],"wp:term":[{"taxonomy":"category","embeddable":true,"href":"https:\/\/preventista.sk\/info\/wp-json\/wp\/v2\/categories?post=4420"},{"taxonomy":"post_tag","embeddable":true,"href":"https:\/\/preventista.sk\/info\/wp-json\/wp\/v2\/tags?post=4420"}],"curies":[{"name":"wp","href":"https:\/\/api.w.org\/{rel}","templated":true}]}}