{"id":4512,"date":"2021-09-21T09:15:00","date_gmt":"2021-09-21T07:15:00","guid":{"rendered":"https:\/\/preventista.sk\/info\/?p=4512"},"modified":"2021-09-27T07:17:03","modified_gmt":"2021-09-27T05:17:03","slug":"preco-je-tema-ochrany-pocitaca-pocitaca-sucastou-ucebnice-informacnej-bezpecnosti","status":"publish","type":"post","link":"https:\/\/preventista.sk\/info\/preco-je-tema-ochrany-pocitaca-pocitaca-sucastou-ucebnice-informacnej-bezpecnosti\/","title":{"rendered":"Pre\u010do je t\u00e9ma ochrany po\u010d\u00edta\u010da s\u00fa\u010das\u0165ou u\u010debnice informa\u010dnej bezpe\u010dnosti?"},"content":{"rendered":"\n<p>Do pr\u00e1c na u\u010debnici \u201e<em><a href=\"https:\/\/preventista.sk\/info\/vzdelavanie-informacnej-bezpecnosti-na-strednych-skolach-ma-sancu\/\" target=\"_blank\" rel=\"noreferrer noopener\" title=\"https:\/\/preventista.sk\/info\/vzdelavanie-informacnej-bezpecnosti-na-strednych-skolach-ma-sancu\/\">U\u010debnica informa\u010dnej bezpe\u010dnosti pre stredn\u00e9 \u0161koly a\u00a0gymn\u00e1zi\u00e1, prv\u00e1 \u010das\u0165<\/a><\/em>\u201c som nast\u00fapil po debate s inici\u00e1torom projektu Marekom Zemanom, ako do rozbehnut\u00e9ho vlaku. Idea ma\u0165 u\u010debnicu, ktor\u00e1 kombinuje teoretick\u00e9 aj praktick\u00e9 oblasti informa\u010dnej bezpe\u010dnosti bola pr\u00ed\u0165a\u017eliv\u00e1 a som ve\u013emi r\u00e1d, \u017ee v u\u010debnici sa nach\u00e1dzaj\u00fa \u010dasti venovan\u00e9 ochrane po\u010d\u00edta\u010da a ochrane mobiln\u00e9ho telef\u00f3nu. Cie\u013eom t\u00fdchto kapitol je zrozumite\u013en\u00fdm jazykom pribl\u00ed\u017ei\u0165 z\u00e1klady bezpe\u010dnosti, ktor\u00e9 m\u00f4\u017ee aplikova\u0165 ktoko\u013evek, a to aj v dom\u00e1com prostred\u00ed. Po\u010fme sa spolu bli\u017e\u0161ie pozrie\u0165 na kapitolu <em>Ochrana po\u010d\u00edta\u010da<\/em>.<\/p>\n\n\n\n<p><\/p>\n\n\n\n<div class=\"wp-block-image\"><figure class=\"aligncenter size-large\"><img data-recalc-dims=\"1\" loading=\"lazy\" decoding=\"async\" width=\"700\" height=\"351\" data-attachment-id=\"4524\" data-permalink=\"https:\/\/preventista.sk\/info\/preco-je-tema-ochrany-pocitaca-pocitaca-sucastou-ucebnice-informacnej-bezpecnosti\/03preventista_ss_kniha_ochranapocitaca\/\" data-orig-file=\"https:\/\/i0.wp.com\/preventista.sk\/info\/wp-content\/uploads\/2021\/09\/03Preventista_SS_kniha_OchranaPocitaca.png?fit=1096%2C549&amp;ssl=1\" data-orig-size=\"1096,549\" data-comments-opened=\"1\" data-image-meta=\"{&quot;aperture&quot;:&quot;0&quot;,&quot;credit&quot;:&quot;&quot;,&quot;camera&quot;:&quot;&quot;,&quot;caption&quot;:&quot;&quot;,&quot;created_timestamp&quot;:&quot;0&quot;,&quot;copyright&quot;:&quot;&quot;,&quot;focal_length&quot;:&quot;0&quot;,&quot;iso&quot;:&quot;0&quot;,&quot;shutter_speed&quot;:&quot;0&quot;,&quot;title&quot;:&quot;&quot;,&quot;orientation&quot;:&quot;0&quot;}\" data-image-title=\"03Preventista_SS_kniha_OchranaPocitaca\" data-image-description=\"\" data-image-caption=\"\" data-large-file=\"https:\/\/i0.wp.com\/preventista.sk\/info\/wp-content\/uploads\/2021\/09\/03Preventista_SS_kniha_OchranaPocitaca.png?fit=700%2C351&amp;ssl=1\" src=\"https:\/\/i0.wp.com\/preventista.sk\/info\/wp-content\/uploads\/2021\/09\/03Preventista_SS_kniha_OchranaPocitaca.png?resize=700%2C351&#038;ssl=1\" alt=\"\" class=\"wp-image-4524\" srcset=\"https:\/\/i0.wp.com\/preventista.sk\/info\/wp-content\/uploads\/2021\/09\/03Preventista_SS_kniha_OchranaPocitaca.png?resize=700%2C351&amp;ssl=1 700w, https:\/\/i0.wp.com\/preventista.sk\/info\/wp-content\/uploads\/2021\/09\/03Preventista_SS_kniha_OchranaPocitaca.png?resize=450%2C225&amp;ssl=1 450w, https:\/\/i0.wp.com\/preventista.sk\/info\/wp-content\/uploads\/2021\/09\/03Preventista_SS_kniha_OchranaPocitaca.png?resize=320%2C160&amp;ssl=1 320w, https:\/\/i0.wp.com\/preventista.sk\/info\/wp-content\/uploads\/2021\/09\/03Preventista_SS_kniha_OchranaPocitaca.png?resize=768%2C385&amp;ssl=1 768w, https:\/\/i0.wp.com\/preventista.sk\/info\/wp-content\/uploads\/2021\/09\/03Preventista_SS_kniha_OchranaPocitaca.png?w=1096&amp;ssl=1 1096w\" sizes=\"auto, (max-width: 700px) 100vw, 700px\" \/><\/figure><\/div>\n\n\n\n<p>Kapitola<em> Ochrana po\u010d\u00edta\u010da<\/em> je pop\u00edsan\u00e1 \u201cod podlahy\u201d, t.j. od hardv\u00e9ru a \u00fatokov na hardv\u00e9r. T\u00e1to \u010das\u0165 je v\u0161ak sk\u00f4r \u0161pecialitkou, s ktorou sa bud\u00fa m\u00f4c\u0165 \u0161tudenti stretn\u00fa\u0165 vo svojom \u010fal\u0161om p\u00f4soben\u00ed napr. pri ochrane fyzicky izolovan\u00fdch (air-gapped) zariaden\u00ed.<\/p>\n\n\n\n<p>Hlavn\u00e1 \u010das\u0165 ochrany po\u010d\u00edta\u010da je preto zameran\u00e1 na obvykl\u00fdch podozriv\u00fdch, t.j. \u0161kodliv\u00fd softv\u00e9r, (ch\u00fdbaj\u00face) z\u00e1platy, web\/webov\u00fd prehliada\u010d a email. D\u00f4vodom je, \u017ee drviv\u00e1 v\u00e4\u010d\u0161ina \u00fatokov je realizovan\u00e1 prostredn\u00edctvom viacer\u00fdch z t\u00fdchto \u201cobvykl\u00fdch podozriv\u00fdch\u201d. Napr. pou\u017e\u00edvate\u013e dostane phishingov\u00fd email a klikne na odkaz v \u0148om. Odkaz smeruje smeruje na webov\u00fa str\u00e1nku, ktor\u00e1 vyu\u017eit\u00edm zranite\u013enosti prehliada\u010da (ch\u00fdbaj\u00face z\u00e1platy!) nain\u0161taluje do po\u010d\u00edta\u010da \u0161kodliv\u00fd softv\u00e9r.<\/p>\n\n\n\n<p>Preto v kapitole najsk\u00f4r prevedieme \u010ditate\u013ea z\u00e1kladn\u00fdm rozdelen\u00edm \u0161kodliv\u00e9ho softv\u00e9ru a sp\u00f4sobmi jeho detekcie. Na detekcii \u0161kodliv\u00e9ho softv\u00e9ru si uk\u00e1\u017eeme, pre\u010do v informa\u010dnej bezpe\u010dnosti nie je 100%-n\u00e1 istota spr\u00e1vneho ur\u010denia \u0161kodliv\u00e9ho softv\u00e9ru. N\u00e1sledne sa venujeme zranite\u013enostiam a vz\u0165ahu medzi zranite\u013enos\u0165ou a z\u00e1platou, pri\u010dom jednou z \u00faloh je preverenie, \u017ee \u010ditate\u013e m\u00e1 plne zapl\u00e1tan\u00fd opera\u010dn\u00fd syst\u00e9m. Op\u00e4\u0165 vec, ktor\u00fa vie vyu\u017ei\u0165 aj v dom\u00e1com prostred\u00ed.<\/p>\n\n\n\n<p>\u00datoky a podvodn\u00e9 odkazy nie je mo\u017en\u00e9 vysvetli\u0165 bez z\u00e1kladn\u00e9ho pochopenia syst\u00e9mu dom\u00e9nov\u00fdch mien a toho, ako je mo\u017en\u00e9 vyu\u017ei\u0165 dom\u00e9ny tak, aby vhodne predstierali pr\u00edslu\u0161nos\u0165 k nejakej in\u0161tit\u00facii (napr. moja.bamka.sk \ud83d\ude42 ). N\u00e1sledne sa posunieme na vy\u0161\u0161ie vrstvy sie\u0165ov\u00e9ho modelu a vysvetl\u00edme fungovanie \u0161ifrovania, podpisovania a \u00falohu certifik\u00e1tov verejn\u00e9ho k\u013e\u00fa\u010da. V\u0161etko op\u00e4\u0165 aj s praktick\u00fdmi pr\u00edkladmi, ako to vyzer\u00e1, ke\u010f veci funguj\u00fa aj, ke\u010f sa veci pokazia. Na z\u00e1ver si povieme nie\u010do o \u0161kodlivom alebo nevhodnom obsahu webov\u00fdch str\u00e1nok.<\/p>\n\n\n\n<p>Slu\u017eba email je rovnako pop\u00edsan\u00e1 od transportnej vrstvy a \u00fatokov na \u0148u, aby bolo jasn\u00e9, ak\u00e9 jednoduch\u00e9 je vytvori\u0165 emailov\u00fa spr\u00e1vu v mene kohoko\u013evek. N\u00e1sledne sa pozrieme na spam, hoaxy a phishingov\u00e9 emaily. Na praktick\u00fdch pr\u00edkladoch su uk\u00e1\u017eeme typick\u00e9 znaky t\u00fdchto emailov tak, aby ich vedeli \u010ditatelia rozpozn\u00e1va\u0165 v bud\u00facnosti.<\/p>\n\n\n\n<p>U\u010debnica prech\u00e1dza jemne nad r\u00e1mec informa\u010dnej bezpe\u010dnosti do sf\u00e9ry ochrany s\u00fakromia aj s uveden\u00edm pr\u00edkladov monetiz\u00e1cie s\u00fakromia na internetov\u00fa reklamu. Pop\u00ed\u0161eme preto techniky sledovania pou\u017e\u00edvate\u013eov a ak\u00fdm sp\u00f4sobom chr\u00e1ni\u0165 s\u00fakromie na webe \u2013 vhodn\u00fdm spr\u00e1van\u00edm a napr. vhodn\u00fdmi doplnkami prehliada\u010da. V \u010dase, kedy nielen mlad\u00ed \u013eudia nemaj\u00fa probl\u00e9m zverejni\u0165 o sebe najint\u00edmnej\u0161ie detaily na soci\u00e1lnych sie\u0165ach je t\u00e9ma s\u00fakromia na internete viac ne\u017e aktu\u00e1lna.<\/p>\n\n\n\n<p>Cie\u013eom u\u010debnice bolo poskytn\u00fa\u0165 nie len teoretick\u00fd z\u00e1klad, ale aj praktick\u00e9 vedomosti, ktor\u00e9 m\u00f4\u017ee&nbsp; aplikova\u0165 ktoko\u013evek v be\u017enom \u017eivote. Ver\u00edm preto, \u017ee zaujme nielen \u0161tudentov, ale aj ich rodi\u010dov.<\/p>\n\n\n\n<p>U\u010debnica je k&nbsp;dispoz\u00edcii cez&nbsp;OZ Preventista. Info o dostupnosti a form\u00e1ch ditrib\u00facie do slovensk\u00fdch \u0161k\u00f4l z\u00edskate na adrese <a href=\"mailto:info@preventista.sk\">info@preventista.sk<\/a><\/p>\n\n\n\n<div class=\"wp-block-image\"><figure class=\"aligncenter size-large\"><img data-recalc-dims=\"1\" loading=\"lazy\" decoding=\"async\" width=\"700\" height=\"1102\" data-attachment-id=\"4475\" data-permalink=\"https:\/\/preventista.sk\/info\/vzdelavanie-informacnej-bezpecnosti-na-strednych-skolach-ma-sancu\/kniha-2021\/\" data-orig-file=\"https:\/\/i0.wp.com\/preventista.sk\/info\/wp-content\/uploads\/2021\/09\/kniha-2021.png?fit=804%2C1266&amp;ssl=1\" data-orig-size=\"804,1266\" data-comments-opened=\"1\" data-image-meta=\"{&quot;aperture&quot;:&quot;0&quot;,&quot;credit&quot;:&quot;&quot;,&quot;camera&quot;:&quot;&quot;,&quot;caption&quot;:&quot;&quot;,&quot;created_timestamp&quot;:&quot;0&quot;,&quot;copyright&quot;:&quot;&quot;,&quot;focal_length&quot;:&quot;0&quot;,&quot;iso&quot;:&quot;0&quot;,&quot;shutter_speed&quot;:&quot;0&quot;,&quot;title&quot;:&quot;&quot;,&quot;orientation&quot;:&quot;0&quot;}\" data-image-title=\"kniha-2021\" data-image-description=\"\" data-image-caption=\"\" data-large-file=\"https:\/\/i0.wp.com\/preventista.sk\/info\/wp-content\/uploads\/2021\/09\/kniha-2021.png?fit=650%2C1024&amp;ssl=1\" src=\"https:\/\/i0.wp.com\/preventista.sk\/info\/wp-content\/uploads\/2021\/09\/kniha-2021.png?resize=700%2C1102&#038;ssl=1\" alt=\"\" class=\"wp-image-4475\" srcset=\"https:\/\/i0.wp.com\/preventista.sk\/info\/wp-content\/uploads\/2021\/09\/kniha-2021.png?resize=700%2C1102&amp;ssl=1 700w, https:\/\/i0.wp.com\/preventista.sk\/info\/wp-content\/uploads\/2021\/09\/kniha-2021.png?resize=450%2C709&amp;ssl=1 450w, https:\/\/i0.wp.com\/preventista.sk\/info\/wp-content\/uploads\/2021\/09\/kniha-2021.png?resize=320%2C504&amp;ssl=1 320w, https:\/\/i0.wp.com\/preventista.sk\/info\/wp-content\/uploads\/2021\/09\/kniha-2021.png?resize=768%2C1209&amp;ssl=1 768w, https:\/\/i0.wp.com\/preventista.sk\/info\/wp-content\/uploads\/2021\/09\/kniha-2021.png?w=804&amp;ssl=1 804w\" sizes=\"auto, (max-width: 700px) 100vw, 700px\" \/><\/figure><\/div>\n","protected":false},"excerpt":{"rendered":"<p>Do pr\u00e1c na u\u010debnici \u201eU\u010debnica informa\u010dnej bezpe\u010dnosti pre stredn\u00e9 \u0161koly a\u00a0gymn\u00e1zi\u00e1, prv\u00e1 \u010das\u0165\u201c som nast\u00fapil po debate s inici\u00e1torom projektu Marekom Zemanom, ako do rozbehnut\u00e9ho vlaku. Idea ma\u0165 u\u010debnicu, ktor\u00e1 kombinuje teoretick\u00e9 aj praktick\u00e9 oblasti informa\u010dnej bezpe\u010dnosti bola pr\u00ed\u0165a\u017eliv\u00e1 a som ve\u013emi r\u00e1d, \u017ee v u\u010debnici sa nach\u00e1dzaj\u00fa \u010dasti venovan\u00e9 ochrane po\u010d\u00edta\u010da a ochrane mobiln\u00e9ho [&hellip;]<\/p>\n","protected":false},"author":16,"featured_media":4499,"comment_status":"open","ping_status":"open","sticky":false,"template":"","format":"standard","meta":{"jetpack_post_was_ever_published":false,"_jetpack_newsletter_access":"","_jetpack_dont_email_post_to_subs":false,"_jetpack_newsletter_tier_id":0,"_jetpack_memberships_contains_paywalled_content":false,"_jetpack_memberships_contains_paid_content":false,"footnotes":""},"categories":[4],"tags":[32,21,129],"class_list":["post-4512","post","type-post","status-publish","format-standard","has-post-thumbnail","hentry","category-itbezp","tag-bezpecnost","tag-ochrana","tag-phishing"],"aioseo_notices":[],"jetpack_featured_media_url":"https:\/\/i0.wp.com\/preventista.sk\/info\/wp-content\/uploads\/2021\/09\/Logo_Vzdelavanie.png?fit=450%2C381&ssl=1","jetpack_sharing_enabled":true,"jetpack-related-posts":[{"id":5158,"url":"https:\/\/preventista.sk\/info\/co-motivuje-autorov-k-pisaniu-ucebnic-o-bezpecnosti\/","url_meta":{"origin":4512,"position":0},"title":"\u010co motivuje autorov k p\u00edsaniu u\u010debn\u00edc o bezpe\u010dnosti?","author":"Redakcia","date":"15. febru\u00e1ra 2023","format":false,"excerpt":"Knihy o ktor\u00fdch sa v odborn\u00fdch kruhoch mnoho hovor\u00ed, dva diely \u00faspe\u0161n\u00fdch U\u010debn\u00edc informa\u010dnej bezpe\u010dnosti pre stredn\u00e9 \u0161koly a gymn\u00e1zi\u00e1. Vyspovedali sme t\u00edm autorov Mareka Zemana, Daniela Chromeka, Miroslava Bl\u0161\u00e1ka a Jaroslava Ostera. P\u00e4\u0165 ot\u00e1zok a p\u00e4\u0165 zauj\u00edmav\u00fdch odpoved\u00ed. \u010co \u0164a motivovalo obetova\u0165 svoj vo\u013en\u00fd \u010das nap\u00edsaniu u\u017e druhej \u010dasti\u2026","rel":"","context":"V &quot;Bezpe\u010dnos\u0165&quot;","block_context":{"text":"Bezpe\u010dnos\u0165","link":"https:\/\/preventista.sk\/info\/category\/itbezp\/"},"img":{"alt_text":"","src":"https:\/\/i0.wp.com\/preventista.sk\/info\/wp-content\/uploads\/2023\/02\/Ucebnice.png?resize=350%2C200&ssl=1","width":350,"height":200,"srcset":"https:\/\/i0.wp.com\/preventista.sk\/info\/wp-content\/uploads\/2023\/02\/Ucebnice.png?resize=350%2C200&ssl=1 1x, https:\/\/i0.wp.com\/preventista.sk\/info\/wp-content\/uploads\/2023\/02\/Ucebnice.png?resize=525%2C300&ssl=1 1.5x, https:\/\/i0.wp.com\/preventista.sk\/info\/wp-content\/uploads\/2023\/02\/Ucebnice.png?resize=700%2C400&ssl=1 2x"},"classes":[]},{"id":4482,"url":"https:\/\/preventista.sk\/info\/uspesne-vzdelavanie-informacnej-bezpecnosti-na-strednych-skolach-zavisi-na-miere-zosobnenia-temy-ziakmi\/","url_meta":{"origin":4512,"position":1},"title":"\u00daspe\u0161n\u00e9 vzdel\u00e1vanie Informa\u010dnej bezpe\u010dnosti na stredn\u00fdch \u0161kol\u00e1ch z\u00e1vis\u00ed na miere zosobnenia t\u00e9my \u017eiakmi","author":"Marek Zeman","date":"12. septembra 2021","format":false,"excerpt":"Vzdel\u00e1vanie v\u00a0r\u00e1mci stredn\u00fdch \u0161k\u00f4l v\u00a0s\u00fa\u010dasnosti sa stret\u00e1va s\u00a0viacer\u00fdmi \u00faskaliami. Be\u017enou praxou na \u0161kol\u00e1ch je ch\u00fdbaj\u00faci materi\u00e1l, z\u00a0ktor\u00e9ho sa \u0161tudenti m\u00f4\u017eu kvalitne vzdel\u00e1va\u0165. U\u010debnice s\u00fa \u010dasto star\u00e9 alebo pr\u00edstupom nemodern\u00e9, celkovo nezauj\u00edmav\u00e9. Prostredie, triedy a\u00a0pom\u00f4cky ur\u010den\u00e9 na vzdel\u00e1vanie nie s\u00fa moderne vybaven\u00e9 a\u00a0nepodporuj\u00fa samotn\u00e9 vzdel\u00e1vanie. To je v\u00a0kontraste s\u00a0modernou technikou, s\u00a0ktorou\u2026","rel":"","context":"V &quot;Bezpe\u010dnos\u0165&quot;","block_context":{"text":"Bezpe\u010dnos\u0165","link":"https:\/\/preventista.sk\/info\/category\/itbezp\/"},"img":{"alt_text":"","src":"https:\/\/i0.wp.com\/preventista.sk\/info\/wp-content\/uploads\/2021\/09\/Logo_Vzdelavanie.png?fit=450%2C381&ssl=1&resize=350%2C200","width":350,"height":200},"classes":[]},{"id":4472,"url":"https:\/\/preventista.sk\/info\/vzdelavanie-informacnej-bezpecnosti-na-strednych-skolach-ma-sancu\/","url_meta":{"origin":4512,"position":2},"title":"Vzdel\u00e1vanie informa\u010dnej bezpe\u010dnosti na stredn\u00fdch \u0161kol\u00e1ch m\u00e1 \u0161ancu!","author":"Marek Zeman","date":"14. septembra 2021","format":false,"excerpt":"S\u00a0ve\u013ekou rados\u0165ou v\u00e1m oznamujeme, \u017ee svetlo sveta uzrela \u201eU\u010debnica informa\u010dnej bezpe\u010dnosti pre stredn\u00e9 \u0161koly a\u00a0gymn\u00e1zi\u00e1, prv\u00e1 \u010das\u0165\u201c. Je to u\u010debnica, ktor\u00e1 je v\u00a0na\u0161ich kon\u010din\u00e1ch prelomov\u00e1. Pomocou u\u010debnice je mo\u017en\u00e9 vytvori\u0165 pevn\u00e9 z\u00e1klady osobnej bezpe\u010dnosti a\u00a0z\u00e1rove\u0148 si osvoji\u0165 vedomosti, ktor\u00e9 tvoria jadro te\u00f3rie informa\u010dnej bezpe\u010dnosti. Za\u010diatkom roka 2020 vznikla po\u017eiadavka 1.\u2026","rel":"","context":"V &quot;Bezpe\u010dnos\u0165&quot;","block_context":{"text":"Bezpe\u010dnos\u0165","link":"https:\/\/preventista.sk\/info\/category\/itbezp\/"},"img":{"alt_text":"","src":"https:\/\/i0.wp.com\/preventista.sk\/info\/wp-content\/uploads\/2021\/09\/kniha-2021.png?fit=762%2C1200&ssl=1&resize=350%2C200","width":350,"height":200,"srcset":"https:\/\/i0.wp.com\/preventista.sk\/info\/wp-content\/uploads\/2021\/09\/kniha-2021.png?fit=762%2C1200&ssl=1&resize=350%2C200 1x, https:\/\/i0.wp.com\/preventista.sk\/info\/wp-content\/uploads\/2021\/09\/kniha-2021.png?fit=762%2C1200&ssl=1&resize=525%2C300 1.5x, https:\/\/i0.wp.com\/preventista.sk\/info\/wp-content\/uploads\/2021\/09\/kniha-2021.png?fit=762%2C1200&ssl=1&resize=700%2C400 2x"},"classes":[]},{"id":4531,"url":"https:\/\/preventista.sk\/info\/ucebnica-informacnej-bezpecnosti-z-pohladu-ucitela-a-zaroven-spoluautora\/","url_meta":{"origin":4512,"position":3},"title":"U\u010debnica informa\u010dnej bezpe\u010dnosti z poh\u013eadu u\u010dite\u013ea a z\u00e1rove\u0148 spoluautora","author":"Miroslav Bl\u0161\u00e1k","date":"26. septembra 2021","format":false,"excerpt":"U\u010debnica vo v\u0161eobecnosti nesl\u00fa\u017ei len pre \u017eiakov, ale pom\u00e1ha aj u\u010dite\u013eovi vo v\u00fdchovno-vzdel\u00e1vacom procese. Pravdou je, \u017ee je z\u00e1kladnou pom\u00f4ckou pre pedag\u00f3ga, v\u00a0ktorej by sa mali nach\u00e1dza\u0165 okrem teoretick\u00fdch poznatkov aj \u00falohy zameran\u00e9 na rozvoj myslenia, respekt\u00edve \u00falohy zameran\u00e9 na osvojovanie, precvi\u010dovanie a aplikovanie preberan\u00e9ho u\u010diva. Pr\u00e1ve to obsahuje \u201eU\u010debnica\u2026","rel":"","context":"V &quot;Bezpe\u010dnos\u0165&quot;","block_context":{"text":"Bezpe\u010dnos\u0165","link":"https:\/\/preventista.sk\/info\/category\/itbezp\/"},"img":{"alt_text":"","src":"https:\/\/i0.wp.com\/preventista.sk\/info\/wp-content\/uploads\/2021\/09\/knihy.jpg?resize=350%2C200&ssl=1","width":350,"height":200,"srcset":"https:\/\/i0.wp.com\/preventista.sk\/info\/wp-content\/uploads\/2021\/09\/knihy.jpg?resize=350%2C200&ssl=1 1x, https:\/\/i0.wp.com\/preventista.sk\/info\/wp-content\/uploads\/2021\/09\/knihy.jpg?resize=525%2C300&ssl=1 1.5x, https:\/\/i0.wp.com\/preventista.sk\/info\/wp-content\/uploads\/2021\/09\/knihy.jpg?resize=700%2C400&ssl=1 2x, https:\/\/i0.wp.com\/preventista.sk\/info\/wp-content\/uploads\/2021\/09\/knihy.jpg?resize=1050%2C600&ssl=1 3x"},"classes":[]},{"id":4865,"url":"https:\/\/preventista.sk\/info\/regionalne-workshopy-k-ucebnici-informacnej-bezpecnosti\/","url_meta":{"origin":4512,"position":4},"title":"Region\u00e1lne workshopy k U\u010debnici informa\u010dnej bezpe\u010dnosti","author":"Redakcia","date":"29. m\u00e1ja 2022","format":false,"excerpt":"Po dohode autorsk\u00e9ho t\u00edmu za\u010d\u00edname pripravova\u0165 region\u00e1lne workshopy k na\u0161ej u\u010debnici\/ metodike informa\u010dnej bezpe\u010dnosti pre stredn\u00e9 \u0161koly a gymn\u00e1zi\u00e1. V r\u00e1mci pl\u00e1novania \u010dasu a kapac\u00edt, ako aj organizovania jednotliv\u00fdch lok\u00e1ci\u00ed mapujeme z\u00e1ujem. Ak m\u00e1te z\u00e1ujem z\u00fa\u010dastni\u0165 sa podobn\u00e9ho workshopu - sta\u010d\u00ed ak n\u00e1m prostredn\u00edctvom ni\u017e\u0161ie uveden\u00e9ho formul\u00e1ru zanech\u00e1te kontakt kam\u2026","rel":"","context":"V &quot;Akcie&quot;","block_context":{"text":"Akcie","link":"https:\/\/preventista.sk\/info\/category\/akcie\/"},"img":{"alt_text":"","src":"https:\/\/i0.wp.com\/preventista.sk\/info\/wp-content\/uploads\/2022\/05\/workshopy-k-ucebnici.png?resize=350%2C200&ssl=1","width":350,"height":200,"srcset":"https:\/\/i0.wp.com\/preventista.sk\/info\/wp-content\/uploads\/2022\/05\/workshopy-k-ucebnici.png?resize=350%2C200&ssl=1 1x, https:\/\/i0.wp.com\/preventista.sk\/info\/wp-content\/uploads\/2022\/05\/workshopy-k-ucebnici.png?resize=525%2C300&ssl=1 1.5x, https:\/\/i0.wp.com\/preventista.sk\/info\/wp-content\/uploads\/2022\/05\/workshopy-k-ucebnici.png?resize=700%2C400&ssl=1 2x"},"classes":[]},{"id":5284,"url":"https:\/\/preventista.sk\/info\/nebojte-sa-informacnej-bezpecnosti-ucebnica-pre-3-rocnik-zs\/","url_meta":{"origin":4512,"position":5},"title":"Nebojte sa informa\u010dnej bezpe\u010dnosti, u\u010debnica pre 3.ro\u010dn\u00edk Z\u0160","author":"Redakcia","date":"6. decembra 2023","format":false,"excerpt":"Vzdel\u00e1vanie v\u00a0oblasti informa\u010dnej bezpe\u010dnosti je v\u00a0s\u00fa\u010dasnosti viac ne\u017e potrebn\u00e9. \u017diaci pou\u017e\u00edvaj\u00fa r\u00f4zne zariadenia, ktor\u00fdch ovl\u00e1danie je intuit\u00edvne, a\u00a0len ob\u010das sa stane, \u017ee si malolet\u00ed nevedia poradi\u0165 s\u00a0technikou. Intuit\u00edvne ovl\u00e1danie v\u0161ak neznamen\u00e1 automaticky bezpe\u010dnos\u0165 pre pou\u017e\u00edvate\u013ea. Ako kolekt\u00edv autorov u\u017e nieko\u013eko rokov pracujeme na spr\u00edstupnen\u00ed t\u00e9m z\u00a0oblasti informa\u010dnej bezpe\u010dnosti. V\u00fdberom t\u00e9m\u2026","rel":"","context":"V &quot;Bezpe\u010dnos\u0165&quot;","block_context":{"text":"Bezpe\u010dnos\u0165","link":"https:\/\/preventista.sk\/info\/category\/itbezp\/"},"img":{"alt_text":"","src":"https:\/\/i0.wp.com\/preventista.sk\/info\/wp-content\/uploads\/2023\/12\/Mikulas-Ucebnica3.png?resize=350%2C200&ssl=1","width":350,"height":200,"srcset":"https:\/\/i0.wp.com\/preventista.sk\/info\/wp-content\/uploads\/2023\/12\/Mikulas-Ucebnica3.png?resize=350%2C200&ssl=1 1x, https:\/\/i0.wp.com\/preventista.sk\/info\/wp-content\/uploads\/2023\/12\/Mikulas-Ucebnica3.png?resize=525%2C300&ssl=1 1.5x, https:\/\/i0.wp.com\/preventista.sk\/info\/wp-content\/uploads\/2023\/12\/Mikulas-Ucebnica3.png?resize=700%2C400&ssl=1 2x"},"classes":[]}],"_links":{"self":[{"href":"https:\/\/preventista.sk\/info\/wp-json\/wp\/v2\/posts\/4512","targetHints":{"allow":["GET"]}}],"collection":[{"href":"https:\/\/preventista.sk\/info\/wp-json\/wp\/v2\/posts"}],"about":[{"href":"https:\/\/preventista.sk\/info\/wp-json\/wp\/v2\/types\/post"}],"author":[{"embeddable":true,"href":"https:\/\/preventista.sk\/info\/wp-json\/wp\/v2\/users\/16"}],"replies":[{"embeddable":true,"href":"https:\/\/preventista.sk\/info\/wp-json\/wp\/v2\/comments?post=4512"}],"version-history":[{"count":8,"href":"https:\/\/preventista.sk\/info\/wp-json\/wp\/v2\/posts\/4512\/revisions"}],"predecessor-version":[{"id":4545,"href":"https:\/\/preventista.sk\/info\/wp-json\/wp\/v2\/posts\/4512\/revisions\/4545"}],"wp:featuredmedia":[{"embeddable":true,"href":"https:\/\/preventista.sk\/info\/wp-json\/wp\/v2\/media\/4499"}],"wp:attachment":[{"href":"https:\/\/preventista.sk\/info\/wp-json\/wp\/v2\/media?parent=4512"}],"wp:term":[{"taxonomy":"category","embeddable":true,"href":"https:\/\/preventista.sk\/info\/wp-json\/wp\/v2\/categories?post=4512"},{"taxonomy":"post_tag","embeddable":true,"href":"https:\/\/preventista.sk\/info\/wp-json\/wp\/v2\/tags?post=4512"}],"curies":[{"name":"wp","href":"https:\/\/api.w.org\/{rel}","templated":true}]}}