{"id":4531,"date":"2021-09-26T18:49:17","date_gmt":"2021-09-26T16:49:17","guid":{"rendered":"https:\/\/preventista.sk\/info\/?p=4531"},"modified":"2021-09-27T07:15:43","modified_gmt":"2021-09-27T05:15:43","slug":"ucebnica-informacnej-bezpecnosti-z-pohladu-ucitela-a-zaroven-spoluautora","status":"publish","type":"post","link":"https:\/\/preventista.sk\/info\/ucebnica-informacnej-bezpecnosti-z-pohladu-ucitela-a-zaroven-spoluautora\/","title":{"rendered":"U\u010debnica informa\u010dnej bezpe\u010dnosti z poh\u013eadu u\u010dite\u013ea a z\u00e1rove\u0148 spoluautora"},"content":{"rendered":"\n<p>U\u010debnica vo v\u0161eobecnosti nesl\u00fa\u017ei len pre \u017eiakov, ale pom\u00e1ha aj u\u010dite\u013eovi vo v\u00fdchovno-vzdel\u00e1vacom procese. Pravdou je, \u017ee je z\u00e1kladnou pom\u00f4ckou pre pedag\u00f3ga, v\u00a0ktorej by sa mali nach\u00e1dza\u0165 okrem teoretick\u00fdch poznatkov aj \u00falohy zameran\u00e9 na rozvoj myslenia, respekt\u00edve \u00falohy zameran\u00e9 na osvojovanie, precvi\u010dovanie a aplikovanie preberan\u00e9ho u\u010diva. Pr\u00e1ve to obsahuje \u201e<strong><a href=\"https:\/\/preventista.sk\/info\/vzdelavanie-informacnej-bezpecnosti-na-strednych-skolach-ma-sancu\/\" target=\"_blank\" rel=\"noreferrer noopener\" title=\"https:\/\/preventista.sk\/info\/vzdelavanie-informacnej-bezpecnosti-na-strednych-skolach-ma-sancu\/\">U\u010debnica informa\u010dnej bezpe\u010dnosti pre stredn\u00e9 \u0161koly a gymn\u00e1zi\u00e1, prv\u00e1 \u010das\u0165<\/a><\/strong>\u201c, pri tvorbe ktorej som bol s\u00fa\u010das\u0165ou autorsk\u00e9ho t\u00edmu.<\/p>\n\n\n\n<p><\/p>\n\n\n\n<div class=\"wp-block-image\"><figure class=\"aligncenter size-large\"><img data-recalc-dims=\"1\" loading=\"lazy\" decoding=\"async\" width=\"700\" height=\"525\" data-attachment-id=\"4535\" data-permalink=\"https:\/\/preventista.sk\/info\/ucebnica-informacnej-bezpecnosti-z-pohladu-ucitela-a-zaroven-spoluautora\/knihy-4\/\" data-orig-file=\"https:\/\/i0.wp.com\/preventista.sk\/info\/wp-content\/uploads\/2021\/09\/knihy.jpg?fit=1080%2C810&amp;ssl=1\" data-orig-size=\"1080,810\" data-comments-opened=\"1\" data-image-meta=\"{&quot;aperture&quot;:&quot;0&quot;,&quot;credit&quot;:&quot;&quot;,&quot;camera&quot;:&quot;&quot;,&quot;caption&quot;:&quot;&quot;,&quot;created_timestamp&quot;:&quot;0&quot;,&quot;copyright&quot;:&quot;&quot;,&quot;focal_length&quot;:&quot;0&quot;,&quot;iso&quot;:&quot;0&quot;,&quot;shutter_speed&quot;:&quot;0&quot;,&quot;title&quot;:&quot;&quot;,&quot;orientation&quot;:&quot;0&quot;}\" data-image-title=\"knihy\" data-image-description=\"\" data-image-caption=\"\" data-large-file=\"https:\/\/i0.wp.com\/preventista.sk\/info\/wp-content\/uploads\/2021\/09\/knihy.jpg?fit=700%2C525&amp;ssl=1\" src=\"https:\/\/i0.wp.com\/preventista.sk\/info\/wp-content\/uploads\/2021\/09\/knihy.jpg?resize=700%2C525&#038;ssl=1\" alt=\"\" class=\"wp-image-4535\" srcset=\"https:\/\/i0.wp.com\/preventista.sk\/info\/wp-content\/uploads\/2021\/09\/knihy.jpg?resize=700%2C525&amp;ssl=1 700w, https:\/\/i0.wp.com\/preventista.sk\/info\/wp-content\/uploads\/2021\/09\/knihy.jpg?resize=450%2C338&amp;ssl=1 450w, https:\/\/i0.wp.com\/preventista.sk\/info\/wp-content\/uploads\/2021\/09\/knihy.jpg?resize=320%2C240&amp;ssl=1 320w, https:\/\/i0.wp.com\/preventista.sk\/info\/wp-content\/uploads\/2021\/09\/knihy.jpg?resize=768%2C576&amp;ssl=1 768w, https:\/\/i0.wp.com\/preventista.sk\/info\/wp-content\/uploads\/2021\/09\/knihy.jpg?w=1080&amp;ssl=1 1080w\" sizes=\"auto, (max-width: 700px) 100vw, 700px\" \/><\/figure><\/div>\n\n\n\n<p>U\u010debnica je ur\u010den\u00e1, ako n\u00e1zov napoved\u00e1, pre \u017eiakov stredn\u00fdch \u0161k\u00f4l r\u00f4znych typov. Venujeme sa v&nbsp;nej oblastiam, s&nbsp;ktor\u00fdmi stredo\u0161kol\u00e1k pr\u00edde do kontaktu v&nbsp;ka\u017edodennom \u017eivote &#8211; pri pou\u017e\u00edvan\u00ed po\u010d\u00edta\u010da \u010di mobiln\u00e9ho zariadenia. V&nbsp;dobe digitaliz\u00e1cie je priam nutnos\u0165ou, aby pou\u017e\u00edvatelia digit\u00e1lnych zariaden\u00ed boli oboznamovan\u00ed s&nbsp;mo\u017en\u00fdmi rizikami, ktor\u00e9 na nich \u010d\u00edhaj\u00fa v&nbsp;online svete, s&nbsp;prevenciou (napr. ako sa nesta\u0165 obe\u0165ou kybernetick\u00e9ho \u00fatoku) \u010di z\u00e1kladn\u00fdmi princ\u00edpmi informa\u010dnej bezpe\u010dnosti. V&nbsp;jednoduchosti povedan\u00e9, dne\u0161n\u00e1 doba si \u017eiada, aby sme \u013eud\u00ed n\u00fatili osvoji\u0165 si z\u00e1kladn\u00e9 bezpe\u010dnostn\u00e9 n\u00e1vyky pri pr\u00e1ci s po\u010d\u00edta\u010dom a so smartf\u00f3nom.<\/p>\n\n\n\n<p>Okrem samotnej u\u010debnice sme vytvorili aj metodick\u00fa pr\u00edru\u010dku, v&nbsp;ktorej m\u00f4\u017eu u\u010ditelia n\u00e1js\u0165 potrebn\u00e9 dodato\u010dn\u00e9 inform\u00e1cie k&nbsp;procesu vyu\u010dovania pod\u013ea na\u0161ej u\u010debnice. Didaktick\u00e1 pr\u00edru\u010dka obsahuje pre ka\u017ed\u00fa podkapitolu sformulovan\u00fd v\u00fdchovno-vzdel\u00e1vac\u00ed cie\u013e, d\u00f4le\u017eit\u00e9 inform\u00e1cie z&nbsp;danej t\u00e9my (\u010do je d\u00f4le\u017eit\u00e9 \u017eiakom zd\u00f4razni\u0165, \u010do je d\u00f4le\u017eit\u00e9, aby si \u017eiaci zapam\u00e4tali a&nbsp;osvojili) a&nbsp;didaktick\u00e9 met\u00f3dy, ktor\u00fdmi sa m\u00f4\u017ee vyu\u010duj\u00faci in\u0161pirova\u0165.<\/p>\n\n\n\n<p>Vzniklo dielo, ktor\u00e9 sa formovalo rukami odborn\u00edkov z&nbsp;praxe a&nbsp;u\u010dite\u013eov tak, aby ostala zachovan\u00e1 odbornos\u0165 a&nbsp;z\u00e1rove\u0148 boli poznatky pr\u00edstupn\u00e9 a zrozumite\u013en\u00e9 \u017eiakom.<\/p>\n\n\n\n<p>Osobne bolo pre m\u0148a p\u00edsanie u\u010debnice ve\u013ekou v\u00fdzvou, ktor\u00fa sa mi podarilo s&nbsp;pomocou spolupracovn\u00edkov splni\u0165. Bola to nenahradite\u013en\u00e1 sk\u00fasenos\u0165, ke\u010f\u017ee in\u00e9 u\u010debnice pre stredn\u00e9 \u0161koly zameran\u00e9 na problematiku informa\u010dnej bezpe\u010dnosti absentovali (aspo\u0148 ja som o&nbsp;\u017eiadnej nevedel), tak\u017ee na\u0161a u\u010debnica je v&nbsp;Slovenskej republike unik\u00e1tom. Pre m\u0148a ako pedag\u00f3ga ide o&nbsp;jeden z&nbsp;m\u00ed\u013enikov mojej profesijnej kari\u00e9ry.<\/p>\n\n\n\n<p>Nesmierne ma te\u0161\u00ed, \u017ee o&nbsp;u\u010debnicu je nemal\u00fd z\u00e1ujem nie len medzi \u0161kolami, ale aj in\u00fdmi vzdel\u00e1vac\u00edmi in\u0161tit\u00faciami. Ver\u00edm, \u017ee sme spr\u00edstupnili t\u00e9mu informa\u010dnej bezpe\u010dnosti \u0161irok\u00e9mu spektru verejnosti.<\/p>\n\n\n\n<p><\/p>\n","protected":false},"excerpt":{"rendered":"<p>U\u010debnica vo v\u0161eobecnosti nesl\u00fa\u017ei len pre \u017eiakov, ale pom\u00e1ha aj u\u010dite\u013eovi vo v\u00fdchovno-vzdel\u00e1vacom procese. Pravdou je, \u017ee je z\u00e1kladnou pom\u00f4ckou pre pedag\u00f3ga, v\u00a0ktorej by sa mali nach\u00e1dza\u0165 okrem teoretick\u00fdch poznatkov aj \u00falohy zameran\u00e9 na rozvoj myslenia, respekt\u00edve \u00falohy zameran\u00e9 na osvojovanie, precvi\u010dovanie a aplikovanie preberan\u00e9ho u\u010diva. Pr\u00e1ve to obsahuje \u201eU\u010debnica informa\u010dnej bezpe\u010dnosti pre stredn\u00e9 \u0161koly [&hellip;]<\/p>\n","protected":false},"author":17,"featured_media":0,"comment_status":"open","ping_status":"open","sticky":false,"template":"","format":"standard","meta":{"jetpack_post_was_ever_published":false,"_jetpack_newsletter_access":"","_jetpack_dont_email_post_to_subs":false,"_jetpack_newsletter_tier_id":0,"_jetpack_memberships_contains_paywalled_content":false,"_jetpack_memberships_contains_paid_content":false,"footnotes":""},"categories":[4],"tags":[32,52],"class_list":["post-4531","post","type-post","status-publish","format-standard","hentry","category-itbezp","tag-bezpecnost","tag-skola"],"aioseo_notices":[],"jetpack_featured_media_url":"","jetpack_sharing_enabled":true,"jetpack-related-posts":[{"id":5066,"url":"https:\/\/preventista.sk\/info\/prax-a-ucebnica-informacnej-bezpecnosti-5-rocnik\/","url_meta":{"origin":4531,"position":0},"title":"Prax a u\u010debnica Informa\u010dnej bezpe\u010dnosti 5.ro\u010dn\u00edk","author":"Redakcia","date":"25. novembra 2022","format":false,"excerpt":"V roku 2019 sme vydali na\u0161u prv\u00fa koncep\u010dn\u00fa u\u010debnicu zameran\u00fa na t\u00e9my informa\u010dnej bezpe\u010dnosti pre piaty ro\u010dn\u00edk z\u00e1kladn\u00fdch \u0161k\u00f4l. Vybrali sme nieko\u013eko \u0161k\u00f4l so z\u00e1ujmom o ich otestovanie vo v\u00fduke, rozdali im knihy, absolvovali z\u00e1kladn\u00fd workshop.... a potom pri\u0161iel COVID. Cel\u00e9 nad\u0161enie sa na \u010das preru\u0161ilo. N\u00e1vrat do be\u017en\u00e9ho \u017eivot\u2026","rel":"","context":"V &quot;Bezpe\u010dnos\u0165&quot;","block_context":{"text":"Bezpe\u010dnos\u0165","link":"https:\/\/preventista.sk\/info\/category\/itbezp\/"},"img":{"alt_text":"","src":"https:\/\/i0.wp.com\/preventista.sk\/info\/wp-content\/uploads\/2022\/11\/image.png?resize=350%2C200&ssl=1","width":350,"height":200},"classes":[]},{"id":5284,"url":"https:\/\/preventista.sk\/info\/nebojte-sa-informacnej-bezpecnosti-ucebnica-pre-3-rocnik-zs\/","url_meta":{"origin":4531,"position":1},"title":"Nebojte sa informa\u010dnej bezpe\u010dnosti, u\u010debnica pre 3.ro\u010dn\u00edk Z\u0160","author":"Redakcia","date":"6. decembra 2023","format":false,"excerpt":"Vzdel\u00e1vanie v\u00a0oblasti informa\u010dnej bezpe\u010dnosti je v\u00a0s\u00fa\u010dasnosti viac ne\u017e potrebn\u00e9. \u017diaci pou\u017e\u00edvaj\u00fa r\u00f4zne zariadenia, ktor\u00fdch ovl\u00e1danie je intuit\u00edvne, a\u00a0len ob\u010das sa stane, \u017ee si malolet\u00ed nevedia poradi\u0165 s\u00a0technikou. Intuit\u00edvne ovl\u00e1danie v\u0161ak neznamen\u00e1 automaticky bezpe\u010dnos\u0165 pre pou\u017e\u00edvate\u013ea. Ako kolekt\u00edv autorov u\u017e nieko\u013eko rokov pracujeme na spr\u00edstupnen\u00ed t\u00e9m z\u00a0oblasti informa\u010dnej bezpe\u010dnosti. V\u00fdberom t\u00e9m\u2026","rel":"","context":"V &quot;Bezpe\u010dnos\u0165&quot;","block_context":{"text":"Bezpe\u010dnos\u0165","link":"https:\/\/preventista.sk\/info\/category\/itbezp\/"},"img":{"alt_text":"","src":"https:\/\/i0.wp.com\/preventista.sk\/info\/wp-content\/uploads\/2023\/12\/Mikulas-Ucebnica3.png?resize=350%2C200&ssl=1","width":350,"height":200,"srcset":"https:\/\/i0.wp.com\/preventista.sk\/info\/wp-content\/uploads\/2023\/12\/Mikulas-Ucebnica3.png?resize=350%2C200&ssl=1 1x, https:\/\/i0.wp.com\/preventista.sk\/info\/wp-content\/uploads\/2023\/12\/Mikulas-Ucebnica3.png?resize=525%2C300&ssl=1 1.5x, https:\/\/i0.wp.com\/preventista.sk\/info\/wp-content\/uploads\/2023\/12\/Mikulas-Ucebnica3.png?resize=700%2C400&ssl=1 2x"},"classes":[]},{"id":5890,"url":"https:\/\/preventista.sk\/info\/ucebnice-informacnej-bezpecnosti-suhrn\/","url_meta":{"origin":4531,"position":2},"title":"U\u010debnice informa\u010dnej bezpe\u010dnosti &#8211; s\u00fahrn","author":"Redakcia","date":"22. novembra 2025","format":false,"excerpt":"Pripravili sme pre V\u00e1s aktualizovan\u00fd s\u00fahrn z\u00e1kladn\u00fdch inform\u00e1ci\u00ed o jednotliv\u00fdch dieloch U\u010debnice informa\u010dnej bezpe\u010dnosti pre stredn\u00e9 odborn\u00e9 \u0161koly a gymn\u00e1zi\u00e1 v ucelenej forme a na jednom mieste. T\u00fdmto krokom zjednocujeme inform\u00e1cie uveden\u00e9 v r\u00f4znych \u010dl\u00e1nkoch a tie\u017e proces objedn\u00e1vania tla\u010den\u00fdch u\u010debn\u00edc. U\u010debnice a metodiky boli vytvoren\u00e9 prim\u00e1rne pre vytvorenie predmetu\u2026","rel":"","context":"V &quot;Aktu\u00e1lne&quot;","block_context":{"text":"Aktu\u00e1lne","link":"https:\/\/preventista.sk\/info\/category\/akcie\/aktualne\/"},"img":{"alt_text":"","src":"https:\/\/i0.wp.com\/preventista.sk\/info\/wp-content\/uploads\/2024\/03\/image.png?resize=350%2C200&ssl=1","width":350,"height":200,"srcset":"https:\/\/i0.wp.com\/preventista.sk\/info\/wp-content\/uploads\/2024\/03\/image.png?resize=350%2C200&ssl=1 1x, https:\/\/i0.wp.com\/preventista.sk\/info\/wp-content\/uploads\/2024\/03\/image.png?resize=525%2C300&ssl=1 1.5x, https:\/\/i0.wp.com\/preventista.sk\/info\/wp-content\/uploads\/2024\/03\/image.png?resize=700%2C400&ssl=1 2x"},"classes":[]},{"id":4472,"url":"https:\/\/preventista.sk\/info\/vzdelavanie-informacnej-bezpecnosti-na-strednych-skolach-ma-sancu\/","url_meta":{"origin":4531,"position":3},"title":"Vzdel\u00e1vanie informa\u010dnej bezpe\u010dnosti na stredn\u00fdch \u0161kol\u00e1ch m\u00e1 \u0161ancu!","author":"Marek Zeman","date":"14. septembra 2021","format":false,"excerpt":"S\u00a0ve\u013ekou rados\u0165ou v\u00e1m oznamujeme, \u017ee svetlo sveta uzrela \u201eU\u010debnica informa\u010dnej bezpe\u010dnosti pre stredn\u00e9 \u0161koly a\u00a0gymn\u00e1zi\u00e1, prv\u00e1 \u010das\u0165\u201c. Je to u\u010debnica, ktor\u00e1 je v\u00a0na\u0161ich kon\u010din\u00e1ch prelomov\u00e1. Pomocou u\u010debnice je mo\u017en\u00e9 vytvori\u0165 pevn\u00e9 z\u00e1klady osobnej bezpe\u010dnosti a\u00a0z\u00e1rove\u0148 si osvoji\u0165 vedomosti, ktor\u00e9 tvoria jadro te\u00f3rie informa\u010dnej bezpe\u010dnosti. Za\u010diatkom roka 2020 vznikla po\u017eiadavka 1.\u2026","rel":"","context":"V &quot;Bezpe\u010dnos\u0165&quot;","block_context":{"text":"Bezpe\u010dnos\u0165","link":"https:\/\/preventista.sk\/info\/category\/itbezp\/"},"img":{"alt_text":"","src":"https:\/\/i0.wp.com\/preventista.sk\/info\/wp-content\/uploads\/2021\/09\/kniha-2021.png?fit=762%2C1200&ssl=1&resize=350%2C200","width":350,"height":200,"srcset":"https:\/\/i0.wp.com\/preventista.sk\/info\/wp-content\/uploads\/2021\/09\/kniha-2021.png?fit=762%2C1200&ssl=1&resize=350%2C200 1x, https:\/\/i0.wp.com\/preventista.sk\/info\/wp-content\/uploads\/2021\/09\/kniha-2021.png?fit=762%2C1200&ssl=1&resize=525%2C300 1.5x, https:\/\/i0.wp.com\/preventista.sk\/info\/wp-content\/uploads\/2021\/09\/kniha-2021.png?fit=762%2C1200&ssl=1&resize=700%2C400 2x"},"classes":[]},{"id":5158,"url":"https:\/\/preventista.sk\/info\/co-motivuje-autorov-k-pisaniu-ucebnic-o-bezpecnosti\/","url_meta":{"origin":4531,"position":4},"title":"\u010co motivuje autorov k p\u00edsaniu u\u010debn\u00edc o bezpe\u010dnosti?","author":"Redakcia","date":"15. febru\u00e1ra 2023","format":false,"excerpt":"Knihy o ktor\u00fdch sa v odborn\u00fdch kruhoch mnoho hovor\u00ed, dva diely \u00faspe\u0161n\u00fdch U\u010debn\u00edc informa\u010dnej bezpe\u010dnosti pre stredn\u00e9 \u0161koly a gymn\u00e1zi\u00e1. Vyspovedali sme t\u00edm autorov Mareka Zemana, Daniela Chromeka, Miroslava Bl\u0161\u00e1ka a Jaroslava Ostera. P\u00e4\u0165 ot\u00e1zok a p\u00e4\u0165 zauj\u00edmav\u00fdch odpoved\u00ed. \u010co \u0164a motivovalo obetova\u0165 svoj vo\u013en\u00fd \u010das nap\u00edsaniu u\u017e druhej \u010dasti\u2026","rel":"","context":"V &quot;Bezpe\u010dnos\u0165&quot;","block_context":{"text":"Bezpe\u010dnos\u0165","link":"https:\/\/preventista.sk\/info\/category\/itbezp\/"},"img":{"alt_text":"","src":"https:\/\/i0.wp.com\/preventista.sk\/info\/wp-content\/uploads\/2023\/02\/Ucebnice.png?resize=350%2C200&ssl=1","width":350,"height":200,"srcset":"https:\/\/i0.wp.com\/preventista.sk\/info\/wp-content\/uploads\/2023\/02\/Ucebnice.png?resize=350%2C200&ssl=1 1x, https:\/\/i0.wp.com\/preventista.sk\/info\/wp-content\/uploads\/2023\/02\/Ucebnice.png?resize=525%2C300&ssl=1 1.5x, https:\/\/i0.wp.com\/preventista.sk\/info\/wp-content\/uploads\/2023\/02\/Ucebnice.png?resize=700%2C400&ssl=1 2x"},"classes":[]},{"id":5507,"url":"https:\/\/preventista.sk\/info\/sutaz-pre-ucitelov\/","url_meta":{"origin":4531,"position":5},"title":"S\u00fa\u0165a\u017e pre u\u010dite\u013eov","author":"Redakcia","date":"11. janu\u00e1ra 2024","format":false,"excerpt":"Po \u00faspe\u0161nej s\u00fa\u0165a\u017ei pre \u017eiakov a \u0161tudentov vyhlasujeme tvoriv\u00fa s\u00fa\u0165a\u017e tentokr\u00e1t pre u\u010dite\u013eov z\u00e1kladn\u00fdch a stredn\u00fdch \u0161k\u00f4l. Prispejte k zlep\u0161ovaniu vzdel\u00e1vania bezpe\u010dnosti a e\u0161te k tomu z\u00edskate pr\u00ednosn\u00fd a pr\u00edjemn\u00fd benefit. ZADANIE S\u00fa\u0165a\u017eiaci vypracuje jeden pracovn\u00fd list k aktivite s\u00favisiacej s v\u00fdukou zvolenej t\u00e9my informa\u010dnej alebo kybernetickej bezpe\u010dnosti v \u0161kole\u2026","rel":"","context":"V &quot;Aktu\u00e1lne&quot;","block_context":{"text":"Aktu\u00e1lne","link":"https:\/\/preventista.sk\/info\/category\/akcie\/aktualne\/"},"img":{"alt_text":"","src":"https:\/\/i0.wp.com\/preventista.sk\/info\/wp-content\/uploads\/2023\/12\/banner_sutaz_ucitel.png?resize=350%2C200&ssl=1","width":350,"height":200,"srcset":"https:\/\/i0.wp.com\/preventista.sk\/info\/wp-content\/uploads\/2023\/12\/banner_sutaz_ucitel.png?resize=350%2C200&ssl=1 1x, https:\/\/i0.wp.com\/preventista.sk\/info\/wp-content\/uploads\/2023\/12\/banner_sutaz_ucitel.png?resize=525%2C300&ssl=1 1.5x, https:\/\/i0.wp.com\/preventista.sk\/info\/wp-content\/uploads\/2023\/12\/banner_sutaz_ucitel.png?resize=700%2C400&ssl=1 2x"},"classes":[]}],"_links":{"self":[{"href":"https:\/\/preventista.sk\/info\/wp-json\/wp\/v2\/posts\/4531","targetHints":{"allow":["GET"]}}],"collection":[{"href":"https:\/\/preventista.sk\/info\/wp-json\/wp\/v2\/posts"}],"about":[{"href":"https:\/\/preventista.sk\/info\/wp-json\/wp\/v2\/types\/post"}],"author":[{"embeddable":true,"href":"https:\/\/preventista.sk\/info\/wp-json\/wp\/v2\/users\/17"}],"replies":[{"embeddable":true,"href":"https:\/\/preventista.sk\/info\/wp-json\/wp\/v2\/comments?post=4531"}],"version-history":[{"count":6,"href":"https:\/\/preventista.sk\/info\/wp-json\/wp\/v2\/posts\/4531\/revisions"}],"predecessor-version":[{"id":4543,"href":"https:\/\/preventista.sk\/info\/wp-json\/wp\/v2\/posts\/4531\/revisions\/4543"}],"wp:attachment":[{"href":"https:\/\/preventista.sk\/info\/wp-json\/wp\/v2\/media?parent=4531"}],"wp:term":[{"taxonomy":"category","embeddable":true,"href":"https:\/\/preventista.sk\/info\/wp-json\/wp\/v2\/categories?post=4531"},{"taxonomy":"post_tag","embeddable":true,"href":"https:\/\/preventista.sk\/info\/wp-json\/wp\/v2\/tags?post=4531"}],"curies":[{"name":"wp","href":"https:\/\/api.w.org\/{rel}","templated":true}]}}