{"id":4694,"date":"2022-01-22T12:23:17","date_gmt":"2022-01-22T11:23:17","guid":{"rendered":"https:\/\/preventista.sk\/info\/?p=4694"},"modified":"2022-01-22T12:26:20","modified_gmt":"2022-01-22T11:26:20","slug":"prieskum-preventista-2022","status":"publish","type":"post","link":"https:\/\/preventista.sk\/info\/prieskum-preventista-2022\/","title":{"rendered":"Prieskum Preventista 2022"},"content":{"rendered":"\n<p>    <\/p>\n\n\n\n<p>Zapojte sa do n\u00e1\u0161ho prieskumu zameran\u00e9ho na prevenciu po\u010d\u00edta\u010dovej kriminality<\/p>\n\n\n\n<div class=\"wp-block-image\"><figure class=\"aligncenter size-large\"><img data-recalc-dims=\"1\" loading=\"lazy\" decoding=\"async\" width=\"700\" height=\"587\" data-attachment-id=\"4699\" data-permalink=\"https:\/\/preventista.sk\/info\/prieskum-preventista-2022\/prieskum-preventista-2022-2\/\" data-orig-file=\"https:\/\/i0.wp.com\/preventista.sk\/info\/wp-content\/uploads\/2022\/01\/Prieskum-Preventista-2022.png?fit=940%2C788&amp;ssl=1\" data-orig-size=\"940,788\" data-comments-opened=\"1\" data-image-meta=\"{&quot;aperture&quot;:&quot;0&quot;,&quot;credit&quot;:&quot;&quot;,&quot;camera&quot;:&quot;&quot;,&quot;caption&quot;:&quot;&quot;,&quot;created_timestamp&quot;:&quot;0&quot;,&quot;copyright&quot;:&quot;&quot;,&quot;focal_length&quot;:&quot;0&quot;,&quot;iso&quot;:&quot;0&quot;,&quot;shutter_speed&quot;:&quot;0&quot;,&quot;title&quot;:&quot;&quot;,&quot;orientation&quot;:&quot;0&quot;}\" data-image-title=\"Prieskum-Preventista-2022\" data-image-description=\"\" data-image-caption=\"\" data-large-file=\"https:\/\/i0.wp.com\/preventista.sk\/info\/wp-content\/uploads\/2022\/01\/Prieskum-Preventista-2022.png?fit=700%2C587&amp;ssl=1\" src=\"https:\/\/i0.wp.com\/preventista.sk\/info\/wp-content\/uploads\/2022\/01\/Prieskum-Preventista-2022.png?resize=700%2C587&#038;ssl=1\" alt=\"\" class=\"wp-image-4699\" srcset=\"https:\/\/i0.wp.com\/preventista.sk\/info\/wp-content\/uploads\/2022\/01\/Prieskum-Preventista-2022.png?resize=700%2C587&amp;ssl=1 700w, https:\/\/i0.wp.com\/preventista.sk\/info\/wp-content\/uploads\/2022\/01\/Prieskum-Preventista-2022.png?resize=450%2C377&amp;ssl=1 450w, https:\/\/i0.wp.com\/preventista.sk\/info\/wp-content\/uploads\/2022\/01\/Prieskum-Preventista-2022.png?resize=320%2C268&amp;ssl=1 320w, https:\/\/i0.wp.com\/preventista.sk\/info\/wp-content\/uploads\/2022\/01\/Prieskum-Preventista-2022.png?resize=768%2C644&amp;ssl=1 768w, https:\/\/i0.wp.com\/preventista.sk\/info\/wp-content\/uploads\/2022\/01\/Prieskum-Preventista-2022.png?w=940&amp;ssl=1 940w\" sizes=\"auto, (max-width: 700px) 100vw, 700px\" \/><\/figure><\/div>\n\n\n\n<p>  <\/p>\n\n\n\n<iframe loading=\"lazy\" src=\"https:\/\/docs.google.com\/forms\/d\/e\/1FAIpQLSeQSwyE5IPPlmeHqc-fQp3T4wxiat3HLdBmMmAaFv9WHJZ5WQ\/viewform?embedded=true\" width=\"640\" height=\"4465\" frameborder=\"0\" marginheight=\"0\" marginwidth=\"0\">Na\u010d\u00edtava sa\u2026<\/iframe>\n","protected":false},"excerpt":{"rendered":"<p>Zapojte sa do n\u00e1\u0161ho prieskumu zameran\u00e9ho na prevenciu po\u010d\u00edta\u010dovej kriminality Na\u010d\u00edtava sa\u2026<\/p>\n","protected":false},"author":1,"featured_media":0,"comment_status":"open","ping_status":"open","sticky":false,"template":"","format":"standard","meta":{"jetpack_post_was_ever_published":false,"_jetpack_newsletter_access":"","_jetpack_dont_email_post_to_subs":false,"_jetpack_newsletter_tier_id":0,"_jetpack_memberships_contains_paywalled_content":false,"_jetpack_memberships_contains_paid_content":false,"footnotes":""},"categories":[13],"tags":[],"class_list":["post-4694","post","type-post","status-publish","format-standard","hentry","category-prieskumy"],"aioseo_notices":[],"jetpack_featured_media_url":"","jetpack_sharing_enabled":true,"jetpack-related-posts":[{"id":3703,"url":"https:\/\/preventista.sk\/info\/prieskum-2020-vzdelavanie-v-oblasti-bezpecnosti-it-a-prevencia-it-kriminality\/","url_meta":{"origin":4694,"position":0},"title":"PRIESKUM 2020: Vzdel\u00e1vanie v oblasti bezpe\u010dnosti IT a prevencia IT kriminality&#8230;.","author":"Redakcia","date":"4. marca 2020","format":false,"excerpt":"V\u00e1\u017een\u00ed pedag\u00f3govia. V r\u00e1mci na\u0161i aktiv\u00edt a predn\u00e1\u0161ok k t\u00e9mam vzdel\u00e1vanie IT bezpe\u010dnosti a prevencie IT kriminality \u0161tandardne stret\u00e1vate porovn\u00e1vacie prieskumy zameran\u00e9 na identifik\u00e1ciu v\u00fdvoja tejto problematiky z dlhodob\u00e9ho h\u013eadiska. Zistenia prezentovan\u00e9 v r\u00e1mci semin\u00e1rov s\u00fa v\u017edy predmetom zauj\u00edmavej diskusie. \u010cerp\u00e1me zo sk\u00fasenost\u00ed zo spolupr\u00e1ce so \u0161kolami i u\u010dite\u013emi ako\u2026","rel":"","context":"V &quot;Prieskumy&quot;","block_context":{"text":"Prieskumy","link":"https:\/\/preventista.sk\/info\/category\/skusenosti\/prieskumy\/"},"img":{"alt_text":"prieskum","src":"https:\/\/i0.wp.com\/preventista.sk\/info\/wp-content\/uploads\/2012\/05\/Prieskum.jpg?fit=700%2C400&ssl=1&resize=350%2C200","width":350,"height":200,"srcset":"https:\/\/i0.wp.com\/preventista.sk\/info\/wp-content\/uploads\/2012\/05\/Prieskum.jpg?fit=700%2C400&ssl=1&resize=350%2C200 1x, https:\/\/i0.wp.com\/preventista.sk\/info\/wp-content\/uploads\/2012\/05\/Prieskum.jpg?fit=700%2C400&ssl=1&resize=525%2C300 1.5x, https:\/\/i0.wp.com\/preventista.sk\/info\/wp-content\/uploads\/2012\/05\/Prieskum.jpg?fit=700%2C400&ssl=1&resize=700%2C400 2x"},"classes":[]},{"id":4830,"url":"https:\/\/preventista.sk\/info\/skusenosti-s-prevenciou-kriminality-na-urovni-samospravy\/","url_meta":{"origin":4694,"position":1},"title":"Sk\u00fasenosti s prevenciou kriminality na \u00farovni samospr\u00e1vy","author":"J. Oster","date":"29. apr\u00edla 2022","format":false,"excerpt":"... m\u00f4\u017ee samospr\u00e1va efekt\u00edvne p\u00f4sobi\u0165 v oblasti prevencie kriminality a by\u0165 dobr\u00fdm partnerom \u0161kol\u00e1m v ich prevent\u00edvnom p\u00f4soben\u00ed? \u00c1no m\u00f4\u017ee, dokonca efekt\u00edvne. zdroj: canva.com Pre sk\u00fasenosti sa obzrime cca. 10 - 11 rokov kedy to za\u010dalo .... vtedy prv\u00fdkr\u00e1t koordinovane v lokalite, kde nesk\u00f4r vzniklo aj na\u0161e ob\u010dianske zdru\u017eenie Preventista\u2026","rel":"","context":"V &quot;Prevencia&quot;","block_context":{"text":"Prevencia","link":"https:\/\/preventista.sk\/info\/category\/prevencia\/"},"img":{"alt_text":"","src":"https:\/\/i0.wp.com\/preventista.sk\/info\/wp-content\/uploads\/2022\/04\/prevencia-2022.png?resize=350%2C200&ssl=1","width":350,"height":200,"srcset":"https:\/\/i0.wp.com\/preventista.sk\/info\/wp-content\/uploads\/2022\/04\/prevencia-2022.png?resize=350%2C200&ssl=1 1x, https:\/\/i0.wp.com\/preventista.sk\/info\/wp-content\/uploads\/2022\/04\/prevencia-2022.png?resize=525%2C300&ssl=1 1.5x, https:\/\/i0.wp.com\/preventista.sk\/info\/wp-content\/uploads\/2022\/04\/prevencia-2022.png?resize=700%2C400&ssl=1 2x"},"classes":[]},{"id":5604,"url":"https:\/\/preventista.sk\/info\/prieskum-edu-2024\/","url_meta":{"origin":4694,"position":2},"title":"Prieskum EDU 2024 &#8211; 2025","author":"Redakcia","date":"10. apr\u00edla 2025","format":false,"excerpt":"Pokra\u010dujeme v na\u0161om ka\u017edoro\u010dnom prieskume na z\u00e1kladn\u00fdch a stredn\u00fdch \u0161kol\u00e1ch zameran\u00fd na z\u00e1kladn\u00e9 ot\u00e1zky, ktor\u00e9 vznikli v r\u00e1mci minuloro\u010dn\u00fdch aktiv\u00edt. Sme V\u00e1m zaviazan\u00ed, \u017ee sa ich ka\u017edoro\u010dne vo ve\u013ekom po\u010dte zap\u00e1jate a vyplnen\u00edm formul\u00e1ru n\u00e1m pom\u00e1hate smerova\u0165 na\u0161e aktivity. Do prieskumu sa m\u00f4\u017eete zapoji\u0165 prostredn\u00edctvom ni\u017e\u0161ie uveden\u00e9ho formul\u00e1ru alebo cez\u2026","rel":"","context":"V &quot;Prieskumy&quot;","block_context":{"text":"Prieskumy","link":"https:\/\/preventista.sk\/info\/category\/skusenosti\/prieskumy\/"},"img":{"alt_text":"","src":"https:\/\/i0.wp.com\/preventista.sk\/info\/wp-content\/uploads\/2024\/01\/EDU-2024.png?resize=350%2C200&ssl=1","width":350,"height":200,"srcset":"https:\/\/i0.wp.com\/preventista.sk\/info\/wp-content\/uploads\/2024\/01\/EDU-2024.png?resize=350%2C200&ssl=1 1x, https:\/\/i0.wp.com\/preventista.sk\/info\/wp-content\/uploads\/2024\/01\/EDU-2024.png?resize=525%2C300&ssl=1 1.5x, https:\/\/i0.wp.com\/preventista.sk\/info\/wp-content\/uploads\/2024\/01\/EDU-2024.png?resize=700%2C400&ssl=1 2x"},"classes":[]},{"id":3411,"url":"https:\/\/preventista.sk\/info\/pocitacova-internetova-kriminalita-a-jej-prevencia-v-skolskom-prostredi\/","url_meta":{"origin":4694,"position":3},"title":"Po\u010d\u00edta\u010dov\u00e1 (internetov\u00e1) kriminalita a jej prevencia v \u0161kolskom prostred\u00ed","author":"J. Oster","date":"5. marca 2017","format":false,"excerpt":"T\u00e9mu po\u010d\u00edta\u010dovej (internetovej) kriminality mo\u017eno pribl\u00ed\u017ei\u0165 z\u00a0viacer\u00fdch uhlov poh\u013eadu \u2013 technologick\u00e9ho, kriminologick\u00e9ho, mor\u00e1lneho, pr\u00e1vneho \u010di z\u00a0poh\u013eadu prevencie. S\u00a0probl\u00e9mami vyu\u017e\u00edvania po\u010d\u00edta\u010dov\u00fdch technol\u00f3gi\u00ed najm\u00e4 od obdobia mas\u00edvneho n\u00e1rastu vyu\u017e\u00edvania internetu sa stret\u00e1vaj\u00fa v\u00a0princ\u00edpe v\u0161etci, \u0161kolsk\u00fd sektor nevyn\u00edmaj\u00fac. Pr\u00e1ve \u0161kolsk\u00fd sektor sa v\u0161ak pot\u00fdka pri rie\u0161en\u00ed tejto problematiky s\u00a0radom probl\u00e9mov, po\u010d\u00ednaj\u00fac vedomostnou \u00farov\u0148ou,\u2026","rel":"","context":"V &quot;IT kriminalita&quot;","block_context":{"text":"IT kriminalita","link":"https:\/\/preventista.sk\/info\/category\/prevencia\/itkrim\/"},"img":{"alt_text":"pocitacova kriminalita","src":"https:\/\/i0.wp.com\/preventista.sk\/info\/wp-content\/uploads\/2017\/03\/pocitacova-kriminalita.png?fit=800%2C400&ssl=1&resize=350%2C200","width":350,"height":200,"srcset":"https:\/\/i0.wp.com\/preventista.sk\/info\/wp-content\/uploads\/2017\/03\/pocitacova-kriminalita.png?fit=800%2C400&ssl=1&resize=350%2C200 1x, https:\/\/i0.wp.com\/preventista.sk\/info\/wp-content\/uploads\/2017\/03\/pocitacova-kriminalita.png?fit=800%2C400&ssl=1&resize=525%2C300 1.5x, https:\/\/i0.wp.com\/preventista.sk\/info\/wp-content\/uploads\/2017\/03\/pocitacova-kriminalita.png?fit=800%2C400&ssl=1&resize=700%2C400 2x"},"classes":[]},{"id":282,"url":"https:\/\/preventista.sk\/info\/roadshow-2012\/","url_meta":{"origin":4694,"position":4},"title":"RoadShow 2012","author":"J. Oster","date":"1. janu\u00e1ra 2013","format":false,"excerpt":"V r\u00e1mci RoadShow Ind\u00edcia bol realizovan\u00fd v\u00fdskum zameran\u00fd na identifik\u00e1ciu projektu, ktor\u00fd je vyu\u017e\u00edvan\u00fd pedag\u00f3gmi slovensk\u00fdch \u0161k\u00f4l v najv\u00e4\u010d\u0161ej miere. Prieskum obsahoval dve z\u00e1kladn\u00e9 ot\u00e1zky: Ktor\u00fd z verejne dostupn\u00fdch projektov zameran\u00fdch na prevenciu v t\u00e9me bezpe\u010dnosti det\u00ed na internete pova\u017eujete za najpr\u00ednosnej\u0161\u00ed pre praktick\u00e9 vyu\u017eitie v r\u00e1mci prevencie? Kde by\u2026","rel":"","context":"V &quot;Prieskumy&quot;","block_context":{"text":"Prieskumy","link":"https:\/\/preventista.sk\/info\/category\/skusenosti\/prieskumy\/"},"img":{"alt_text":"Tatry","src":"https:\/\/i0.wp.com\/preventista.sk\/info\/wp-content\/uploads\/2013\/01\/Tatry.jpg?fit=700%2C400&ssl=1&resize=350%2C200","width":350,"height":200,"srcset":"https:\/\/i0.wp.com\/preventista.sk\/info\/wp-content\/uploads\/2013\/01\/Tatry.jpg?fit=700%2C400&ssl=1&resize=350%2C200 1x, https:\/\/i0.wp.com\/preventista.sk\/info\/wp-content\/uploads\/2013\/01\/Tatry.jpg?fit=700%2C400&ssl=1&resize=525%2C300 1.5x, https:\/\/i0.wp.com\/preventista.sk\/info\/wp-content\/uploads\/2013\/01\/Tatry.jpg?fit=700%2C400&ssl=1&resize=700%2C400 2x"},"classes":[]},{"id":3769,"url":"https:\/\/preventista.sk\/info\/webinar-pre-mesta-a-skoly-pocitacova-kriminalita-a-prevencia\/","url_meta":{"origin":4694,"position":5},"title":"WEBIN\u00c1R pre mest\u00e1 a \u0161koly Po\u010d\u00edta\u010dov\u00e1 kriminalita a prevencia","author":"Redakcia","date":"10. septembra 2020","format":false,"excerpt":"....n\u00e1rast po\u010d\u00edta\u010dovej kriminality kladie zv\u00fd\u0161en\u00e9 po\u017eiadavky aj na zmenu prevent\u00edvnych aktiv\u00edt zria\u010fovate\u013eov a \u0161k\u00f4l v ich p\u00f4sobnosti.... \u010do je to po\u010d\u00edta\u010dov\u00e1 kriminalita a ako na prevenciu efekt\u00edvne Lektor: Ing.Jaroslav Oster Kapacita webin\u00e1ra je obmedzen\u00e1, v pr\u00edpade vy\u0161\u0161ieho z\u00e1ujmu webin\u00e1r zopakujeme. \u00a0 Prihlasovanie \ufeffNa\u010d\u00edtava sa\u2026 \u00a0 \u00a0 \u00a0 \u00a0 \u00a0 \u00a0\u2026","rel":"","context":"V &quot;Akcie&quot;","block_context":{"text":"Akcie","link":"https:\/\/preventista.sk\/info\/category\/akcie\/"},"img":{"alt_text":"","src":"https:\/\/i0.wp.com\/preventista.sk\/info\/wp-content\/uploads\/2020\/09\/Po%C4%8D%C3%ADta%C4%8Dov%C3%A1-kriminalita-a-prevencia-v-praxi-samospr%C3%A1vy.png?fit=940%2C788&ssl=1&resize=350%2C200","width":350,"height":200,"srcset":"https:\/\/i0.wp.com\/preventista.sk\/info\/wp-content\/uploads\/2020\/09\/Po%C4%8D%C3%ADta%C4%8Dov%C3%A1-kriminalita-a-prevencia-v-praxi-samospr%C3%A1vy.png?fit=940%2C788&ssl=1&resize=350%2C200 1x, https:\/\/i0.wp.com\/preventista.sk\/info\/wp-content\/uploads\/2020\/09\/Po%C4%8D%C3%ADta%C4%8Dov%C3%A1-kriminalita-a-prevencia-v-praxi-samospr%C3%A1vy.png?fit=940%2C788&ssl=1&resize=525%2C300 1.5x, https:\/\/i0.wp.com\/preventista.sk\/info\/wp-content\/uploads\/2020\/09\/Po%C4%8D%C3%ADta%C4%8Dov%C3%A1-kriminalita-a-prevencia-v-praxi-samospr%C3%A1vy.png?fit=940%2C788&ssl=1&resize=700%2C400 2x"},"classes":[]}],"_links":{"self":[{"href":"https:\/\/preventista.sk\/info\/wp-json\/wp\/v2\/posts\/4694","targetHints":{"allow":["GET"]}}],"collection":[{"href":"https:\/\/preventista.sk\/info\/wp-json\/wp\/v2\/posts"}],"about":[{"href":"https:\/\/preventista.sk\/info\/wp-json\/wp\/v2\/types\/post"}],"author":[{"embeddable":true,"href":"https:\/\/preventista.sk\/info\/wp-json\/wp\/v2\/users\/1"}],"replies":[{"embeddable":true,"href":"https:\/\/preventista.sk\/info\/wp-json\/wp\/v2\/comments?post=4694"}],"version-history":[{"count":4,"href":"https:\/\/preventista.sk\/info\/wp-json\/wp\/v2\/posts\/4694\/revisions"}],"predecessor-version":[{"id":4700,"href":"https:\/\/preventista.sk\/info\/wp-json\/wp\/v2\/posts\/4694\/revisions\/4700"}],"wp:attachment":[{"href":"https:\/\/preventista.sk\/info\/wp-json\/wp\/v2\/media?parent=4694"}],"wp:term":[{"taxonomy":"category","embeddable":true,"href":"https:\/\/preventista.sk\/info\/wp-json\/wp\/v2\/categories?post=4694"},{"taxonomy":"post_tag","embeddable":true,"href":"https:\/\/preventista.sk\/info\/wp-json\/wp\/v2\/tags?post=4694"}],"curies":[{"name":"wp","href":"https:\/\/api.w.org\/{rel}","templated":true}]}}