{"id":4780,"date":"2022-03-15T20:38:43","date_gmt":"2022-03-15T19:38:43","guid":{"rendered":"https:\/\/preventista.sk\/info\/?p=4780"},"modified":"2022-03-18T07:40:10","modified_gmt":"2022-03-18T06:40:10","slug":"dusevne-vlastnictvo-rychlo-a-jednoducho","status":"publish","type":"post","link":"https:\/\/preventista.sk\/info\/dusevne-vlastnictvo-rychlo-a-jednoducho\/","title":{"rendered":"Du\u0161evn\u00e9 vlastn\u00edctvo r\u00fdchlo a jednoducho"},"content":{"rendered":"\n<h1 class=\"wp-block-heading\"><mark style=\"background-color:rgba(0, 0, 0, 0)\" class=\"has-inline-color has-vivid-cyan-blue-color\">\u010co je pr\u00e1vo du\u0161evn\u00e9ho vlastn\u00edctva?<\/mark><\/h1>\n\n\n\n<p>Pr\u00e1vo du\u0161evn\u00e9ho vlastn\u00edctva upravuje pr\u00e1vne vz\u0165ahy vznikaj\u00face z v\u00fdsledkov tvorivej du\u0161evnej \u010dinnosti. R\u00f4zne z\u00e1kony obsahuj\u00fa legislat\u00edvnu \u00fapravu jednotliv\u00fdch typov a predmetov du\u0161evn\u00e9ho vlastn\u00edctva. Ide o&nbsp;pojem, ktor\u00fdm sa s\u00fahrnne ozna\u010duj\u00fa pr\u00e1va k&nbsp;ide\u00e1lnym objektom (nehmotn\u00fdm veciam). Pri podnikan\u00ed sl\u00fa\u017ei pr\u00e1vo du\u0161evn\u00e9ho vlastn\u00edctva ako legit\u00edmny n\u00e1stroj na z\u00edskanie konkuren\u010dnej v\u00fdhody.<\/p>\n\n\n\n<div class=\"wp-block-image\"><figure class=\"aligncenter size-large is-resized\"><img data-recalc-dims=\"1\" loading=\"lazy\" decoding=\"async\" data-attachment-id=\"4785\" data-permalink=\"https:\/\/preventista.sk\/info\/dusevne-vlastnictvo-rychlo-a-jednoducho\/autori\/\" data-orig-file=\"https:\/\/i0.wp.com\/preventista.sk\/info\/wp-content\/uploads\/2022\/03\/autori.png?fit=940%2C788&amp;ssl=1\" data-orig-size=\"940,788\" data-comments-opened=\"1\" data-image-meta=\"{&quot;aperture&quot;:&quot;0&quot;,&quot;credit&quot;:&quot;&quot;,&quot;camera&quot;:&quot;&quot;,&quot;caption&quot;:&quot;&quot;,&quot;created_timestamp&quot;:&quot;0&quot;,&quot;copyright&quot;:&quot;&quot;,&quot;focal_length&quot;:&quot;0&quot;,&quot;iso&quot;:&quot;0&quot;,&quot;shutter_speed&quot;:&quot;0&quot;,&quot;title&quot;:&quot;&quot;,&quot;orientation&quot;:&quot;0&quot;}\" data-image-title=\"autori\" data-image-description=\"\" data-image-caption=\"\" data-large-file=\"https:\/\/i0.wp.com\/preventista.sk\/info\/wp-content\/uploads\/2022\/03\/autori.png?fit=700%2C587&amp;ssl=1\" src=\"https:\/\/i0.wp.com\/preventista.sk\/info\/wp-content\/uploads\/2022\/03\/autori.png?resize=434%2C364&#038;ssl=1\" alt=\"\" class=\"wp-image-4785\" width=\"434\" height=\"364\" srcset=\"https:\/\/i0.wp.com\/preventista.sk\/info\/wp-content\/uploads\/2022\/03\/autori.png?resize=700%2C587&amp;ssl=1 700w, https:\/\/i0.wp.com\/preventista.sk\/info\/wp-content\/uploads\/2022\/03\/autori.png?resize=450%2C377&amp;ssl=1 450w, https:\/\/i0.wp.com\/preventista.sk\/info\/wp-content\/uploads\/2022\/03\/autori.png?resize=320%2C268&amp;ssl=1 320w, https:\/\/i0.wp.com\/preventista.sk\/info\/wp-content\/uploads\/2022\/03\/autori.png?resize=768%2C644&amp;ssl=1 768w, https:\/\/i0.wp.com\/preventista.sk\/info\/wp-content\/uploads\/2022\/03\/autori.png?w=940&amp;ssl=1 940w\" sizes=\"auto, (max-width: 434px) 100vw, 434px\" \/><\/figure><\/div>\n\n\n\n<h1 class=\"wp-block-heading\"><mark style=\"background-color:rgba(0, 0, 0, 0)\" class=\"has-inline-color has-vivid-cyan-blue-color\">Ako m\u00f4\u017eem s\u00a0du\u0161evn\u00fdm vlastn\u00edctvom naklada\u0165?<\/mark><\/h1>\n\n\n\n<p>Du\u0161evn\u00e9 vlastn\u00edctvo je v\u00fdsledkom \u013eudsk\u00e9ho myslenia a tvorivosti. S du\u0161evn\u00fdm vlastn\u00edctvom mo\u017eno naklada\u0165 v z\u00e1sade podobne ako s in\u00fdm majetkom hmotnej povahy. Pri nakladan\u00ed s&nbsp;du\u0161evn\u00fdm vlastn\u00edctvom sa v\u0161ak uplat\u0148uj\u00fa ur\u010dit\u00e9 \u0161pecifik\u00e1. Udelen\u00edm licencie dr\u017eite\u013e pr\u00e1va du\u0161evn\u00e9ho vlastn\u00edctva poskytuje s\u00fahlas na jeho pou\u017e\u00edvanie a to za odplatu alebo bezodplatne. Licencia m\u00f4\u017ee by\u0165 v\u00fdlu\u010dn\u00e1 (v\u00fdhradn\u00e1) alebo nev\u00fdlu\u010dn\u00e1 (nev\u00fdhradn\u00e1), pod\u013ea toho, \u010di ide o exkluz\u00edvne opr\u00e1vnenie alebo nie. Licencia sa ude\u013euje licen\u010dnou zmluvou, ktor\u00e1 mus\u00ed ma\u0165 p\u00edsomn\u00fa formu (s v\u00fdnimkou nev\u00fdhradnej licencie pod\u013ea Autorsk\u00e9ho z\u00e1kona). Niektor\u00e9 pr\u00e1va du\u0161evn\u00e9ho vlastn\u00edctva je mo\u017en\u00e9 aj previes\u0165 (preda\u0165), u in\u00fdch to pr\u00edslu\u0161n\u00e9 z\u00e1kony neumo\u017e\u0148uj\u00fa.<\/p>\n\n\n\n<h1 class=\"wp-block-heading\"><mark style=\"background-color:rgba(0, 0, 0, 0)\" class=\"has-inline-color has-vivid-cyan-blue-color\">Ako sa pr\u00e1vo du\u0161evn\u00e9ho vlastn\u00edctva del\u00ed?<\/mark><\/h1>\n\n\n\n<p>Pr\u00e1vo du\u0161evn\u00e9ho vlastn\u00edctva sa zvy\u010dajne do dvoch skup\u00edn:<\/p>\n\n\n\n<ol class=\"wp-block-list\" type=\"1\"><li>autorsk\u00e9 pr\u00e1vo a pr\u00e1va s\u00favisiace s autorsk\u00fdm pr\u00e1vom (tie upravuje Autorsk\u00fd z\u00e1kon)<\/li><li>pr\u00e1vo priemyseln\u00e9ho vlastn\u00edctva (legislat\u00edvna \u00faprava je najm\u00e4 v patentovom z\u00e1kone, z\u00e1kone o ochrann\u00fdch zn\u00e1mkach, z\u00e1kona o dizajnoch a tie\u017e v niektor\u00fdch predpisoch E\u00da)<\/li><\/ol>\n\n\n\n<h1 class=\"wp-block-heading\"><mark style=\"background-color:rgba(0, 0, 0, 0)\" class=\"has-inline-color has-vivid-cyan-blue-color\">\u010co je to autorsk\u00e9 pr\u00e1vo?<\/mark><\/h1>\n\n\n\n<p>Autorsk\u00e9 pr\u00e1vo a pr\u00e1va s\u00favisiace s autorsk\u00fdm pr\u00e1vom upravuj\u00fa vz\u0165ahy, ktor\u00e9 vznikaj\u00fa pri tvorbe a&nbsp;pou\u017eit\u00ed:<\/p>\n\n\n\n<ul class=\"wp-block-list\"><li>liter\u00e1rnych, umeleck\u00fdch a vedeck\u00fdch diel<\/li><li>umeleck\u00fdch v\u00fdkonov<\/li><li>zvukov\u00fdch z\u00e1znamov a audiovizu\u00e1lnych z\u00e1znamov<\/li><li>telev\u00edzneho a rozhlasov\u00e9ho vysielania,<\/li><li>po\u010d\u00edta\u010dov\u00fdch programov a datab\u00e1z.<\/li><\/ul>\n\n\n\n<h1 class=\"wp-block-heading\"><mark style=\"background-color:rgba(0, 0, 0, 0)\" class=\"has-inline-color has-vivid-cyan-blue-color\">\u010co je typick\u00fdm pr\u00edkladom autorsk\u00e9ho pr\u00e1va?<\/mark><\/h1>\n\n\n\n<p>Autor rom\u00e1nu (liter\u00e1rneho diela), resp. autor obrazu (umeleck\u00e9 dielo) m\u00e1 v\u00fdlu\u010dn\u00e9 pr\u00e1vo svoje dielo pou\u017ei\u0165 a ude\u013eova\u0165 s\u00fahlas (licenciu) na jeho pou\u017eitie, napr. vyhotoven\u00edm jeho rozmno\u017eeniny (tzv. copyright), verejn\u00fdm roz\u0161irovan\u00edm diela \u010di jeho spracovan\u00edm. Hovor\u00edme tu o tzv. v\u00fdhradn\u00fdch majetkov\u00fdch pr\u00e1vach. Popri nich m\u00e1 autor aj tzv. v\u00fdhradn\u00e9 osobnostn\u00e9 pr\u00e1va, medzi ktor\u00e9 patr\u00ed pr\u00e1vo by\u0165 ozna\u010den\u00fd ako autor, rozhodn\u00fa\u0165 o zverejnen\u00ed diela, pr\u00e1vo na nedotknute\u013enos\u0165 diela. Ak autor vytvoril dielo v r\u00e1mci plnenia svojich pracovn\u00fdch \u00faloh, v\u00fdkon v\u00fdhradn\u00fdch majetkov\u00fdch pr\u00e1v patr\u00ed zamestn\u00e1vate\u013eovi. To plat\u00ed dokonca aj v pr\u00edpade, ak autor ako \u017eivnostn\u00edk (freelancer) vytvoril po\u010d\u00edta\u010dov\u00fd program alebo datab\u00e1zu pre niekoho na objedn\u00e1vku.<\/p>\n\n\n\n<h1 class=\"wp-block-heading\"><mark style=\"background-color:rgba(0, 0, 0, 0)\" class=\"has-inline-color has-vivid-cyan-blue-color\">\u010co je to pr\u00e1vo priemyseln\u00e9ho vlastn\u00edctva?<\/mark><\/h1>\n\n\n\n<p>Pr\u00e1vo priemyseln\u00e9ho vlastn\u00edctva je \u010das\u0165 pr\u00e1va du\u0161evn\u00e9ho vlastn\u00edctva, ktor\u00e1 \u0161pecificky upravuje vz\u0165ahy, ktor\u00e9 vznikaj\u00fa pri tvorbe, ochrane a vyu\u017e\u00edvan\u00ed predmetov priemyseln\u00e9ho vlastn\u00edctva. Na rozdiel od autorsk\u00e9ho pr\u00e1va na ochranu priemyseln\u00e9ho vlastn\u00edctva sa vy\u017eaduje registr\u00e1cia (z\u00e1pis) na pr\u00edslu\u0161nom \u00farade, ak\u00fdm je \u00darad priemyseln\u00e9ho vlastn\u00edctva SR (\u00daPV SR), \u00darad Eur\u00f3pskej \u00fanie pre du\u0161evn\u00e9 vlastn\u00edctvo (EUIPO) alebo Eur\u00f3psky patentov\u00fd \u00farad (EPO).<\/p>\n\n\n\n<h1 class=\"wp-block-heading\"><mark style=\"background-color:rgba(0, 0, 0, 0)\" class=\"has-inline-color has-vivid-cyan-blue-color\">\u010co je typick\u00fdm pr\u00edkladom priemyseln\u00fdch pr\u00e1v?<\/mark><\/h1>\n\n\n\n<p>Naj\u010dastej\u0161\u00edm typom priemyseln\u00fdch pr\u00e1v s\u00fa ochrann\u00e9 zn\u00e1mky, ktor\u00e9 v praxi sl\u00fa\u017eia na odl\u00ed\u0161enie tovarov a slu\u017eieb jedn\u00e9ho podnikate\u013ea od tovarov a slu\u017eieb in\u00e9ho podnikate\u013ea. Ochrann\u00e9 zn\u00e1mky sa zapisuj\u00fa na obdobie 10 rokov a ich platnos\u0165 m\u00f4\u017eu ich majitelia neobmedzene obnovova\u0165 (po zaplaten\u00ed pr\u00edslu\u0161n\u00fdch poplatkov).&nbsp; Na ochranu technologick\u00fdch inov\u00e1ci\u00ed, tzn. vyn\u00e1lezov, sa ude\u013euj\u00fa patenty. Pr\u00edslu\u0161n\u00fd patentov\u00fd \u00farad najprv sk\u00fama, \u010di prihl\u00e1sen\u00fd vyn\u00e1lez sp\u013a\u0148a v\u0161etky z\u00e1konn\u00e9 podmienky (celosvetov\u00e1 novos\u0165, inovat\u00edvnos\u0165, priemyseln\u00e1 vyu\u017eite\u013enos\u0165); tento proces trv\u00e1 nieko\u013eko rokov. N\u00e1sledne patentov\u00fd \u00farad rozhodne o udelen\u00ed patentu, ktor\u00e9ho platnos\u0165 majite\u013e mus\u00ed obnovova\u0165 ka\u017ed\u00fd rok (po zaplaten\u00ed pr\u00edslu\u0161n\u00fdch udr\u017eiavac\u00edch poplatkov, ktor\u00fdch v\u00fd\u0161ka sa ka\u017ed\u00fd \u010fal\u0161\u00ed rok trvania patentu zvy\u0161uje). Jednoduch\u0161ou formou ochrany tzv. technick\u00fdch rie\u0161en\u00ed predstavuj\u00fa \u00fa\u017eitkov\u00e9 vzory, ktor\u00e9 patentov\u00fd \u00farad zap\u00ed\u0161e do nieko\u013ek\u00fdch mesiacov bez toho, aby sk\u00famal podmienky novosti, inovat\u00edvnosti \u010di priemyselnej vyu\u017eite\u013enosti. E\u0161te r\u00fdchlej\u0161ie b\u00fdvaj\u00fa zap\u00edsan\u00e9 dizajny, ktor\u00e9 sl\u00fa\u017eia na ochranu inovat\u00edvneho vonkaj\u0161ieho vzh\u013eadu v\u00fdrobkov.<\/p>\n\n\n\n<h1 class=\"wp-block-heading\"><mark style=\"background-color:rgba(0, 0, 0, 0)\" class=\"has-inline-color has-vivid-cyan-blue-color\">\u010co e\u0161te patr\u00ed medzi pr\u00e1va du\u0161evn\u00e9ho vlastn\u00edctva?<\/mark><\/h1>\n\n\n\n<p>Medzi pr\u00e1va du\u0161evn\u00e9ho vlastn\u00edctva sa \u010dasto zara\u010fuje aj pr\u00e1vo k obchodn\u00e9mu menu a pr\u00e1vo na ochranu tzv. know-how.<\/p>\n\n\n\n<h1 class=\"wp-block-heading\"><mark style=\"background-color:rgba(0, 0, 0, 0)\" class=\"has-inline-color has-vivid-cyan-blue-color\">Ak\u00e1 je hodnota du\u0161evn\u00e9ho vlastn\u00edctva?<\/mark><\/h1>\n\n\n\n<p>Hodnota du\u0161evn\u00e9ho vlastn\u00edctva z\u00e1vis\u00ed od potenci\u00e1lu jeho pr\u00ednosu a re\u00e1lnej vyu\u017eite\u013enosti na trhu. Napr. nepou\u017e\u00edvan\u00e1 ochrann\u00e1 zn\u00e1mka nem\u00e1 takmer \u017eiadnu hodnotu. Na druhej strane inovat\u00edvna technol\u00f3gia &#8211; i ke\u010f aktu\u00e1lne nepou\u017e\u00edvan\u00e1 &#8211; m\u00f4\u017ee ma\u0165 v\u00fdznamn\u00fa hodnotu, n\u00e1sobne prevy\u0161uj\u00facu hardv\u00e9rov\u00e9 komponenty potrebn\u00e9 k jej realiz\u00e1ci\u00ed. Okrem in\u00e9ho mo\u017eno hodnotu du\u0161evn\u00e9ho vlastn\u00edctva zv\u00fd\u0161i\u0165 vhodnou ochranou prostredn\u00edctvom pr\u00e1va du\u0161evn\u00e9ho vlastn\u00edctva. Na ur\u010denie hodnoty jednotliv\u00fdch typov du\u0161evn\u00e9ho vlastn\u00edctva sa vyu\u017e\u00edvaj\u00fa slu\u017eby znalcov.<\/p>\n\n\n\n<h1 class=\"wp-block-heading\"><mark style=\"background-color:rgba(0, 0, 0, 0)\" class=\"has-inline-color has-vivid-cyan-blue-color\">Predpisy pr\u00e1va du\u0161evn\u00e9ho vlastn\u00edctva<\/mark><\/h1>\n\n\n\n<ul class=\"wp-block-list\"><li>Z\u00e1kon \u010d. 185\/2015 Z. z. Autorsk\u00fd z\u00e1kon v znen\u00ed neskor\u0161\u00edch predpisov<\/li><li>Z\u00e1kon \u010d. 435\/2001 Z. z. o patentoch, dodatkov\u00fdch ochrann\u00fdch osved\u010deniach a o zmene a doplnen\u00ed niektor\u00fdch z\u00e1konov (patentov\u00fd z\u00e1kon) v znen\u00ed neskor\u0161\u00edch predpisov<\/li><li>Z\u00e1kon \u010d.&nbsp; 517\/2007 Z. z. o \u00fa\u017eitkov\u00fdch vzoroch v znen\u00ed neskor\u0161\u00edch predpisov<\/li><li>Z\u00e1kon \u010d. 506\/2009 Z. z. o ochrann\u00fdch zn\u00e1mkach v znen\u00ed neskor\u0161\u00edch predpisov<\/li><li>Z\u00e1kon \u010d. 444\/2002 Z. z. o dizajnoch v znen\u00ed neskor\u0161\u00edch predpisov<\/li><li>Z\u00e1kon \u010d. 146\/2000 Z. z o ochrane topografi\u00ed polovodi\u010dov\u00fdch v\u00fdrobkov v znen\u00ed neskor\u0161\u00edch predpisov<\/li><li>Z\u00e1kon \u010d. 469\/2003 Z. z. o ozna\u010deniach p\u00f4vodu v\u00fdrobkov a zemepisn\u00fdch ozna\u010deniach v\u00fdrobkov a o zmene a doplnen\u00ed niektor\u00fdch z\u00e1konov v znen\u00ed neskor\u0161\u00edch predpisov<\/li><\/ul>\n\n\n\n<p>(znenie n\u00e1jdete na <a href=\"http:\/\/www.slov-lex.sk\">www.slov-lex.sk)<\/a><\/p>\n\n\n\n<h1 class=\"wp-block-heading\"><mark style=\"background-color:rgba(0, 0, 0, 0)\" class=\"has-inline-color has-vivid-cyan-blue-color\">Zdroje<\/mark><\/h1>\n\n\n\n<p><a href=\"https:\/\/www.dusevnevlastnictvo.gov.sk\/web\/guest\">https:\/\/www.dusevnevlastnictvo.gov.sk\/web\/guest<\/a><\/p>\n\n\n\n<p><a href=\"https:\/\/sk.wikipedia.org\/wiki\/Du%C5%A1evn%C3%A9_vlastn%C3%ADctvo\">https:\/\/sk.wikipedia.org\/wiki\/Du%C5%A1evn%C3%A9_vlastn%C3%ADctvo<\/a><\/p>\n\n\n\n<p><a href=\"https:\/\/www.slovensko.sk\/sk\/agendy\/agenda\/_pravo-dusevneho-vlastnictva\">https:\/\/www.slovensko.sk\/sk\/agendy\/agenda\/_pravo-dusevneho-vlastnictva<\/a><\/p>\n\n\n\n<p><a href=\"https:\/\/europa.eu\/youreurope\/business\/running-business\/intellectual-property\/index_sk.htm\">https:\/\/europa.eu\/youreurope\/business\/running-business\/intellectual-property\/index_sk.htm<\/a><\/p>\n\n\n\n<p><\/p>\n\n\n\n<p><em>Tento \u010dl\u00e1nok \u010d\u00edtate v\u010faka autorom z Advok\u00e1tskej kancel\u00e1rie Bukovinsk\u00fd &amp; Chlipala (<a href=\"http:\/\/bch\" target=\"_blank\" rel=\"noreferrer noopener\" title=\"www.bch.sk\">www.bch.sk<\/a>) <\/em><\/p>\n","protected":false},"excerpt":{"rendered":"<p>\u010co je pr\u00e1vo du\u0161evn\u00e9ho vlastn\u00edctva? Pr\u00e1vo du\u0161evn\u00e9ho vlastn\u00edctva upravuje pr\u00e1vne vz\u0165ahy vznikaj\u00face z v\u00fdsledkov tvorivej du\u0161evnej \u010dinnosti. R\u00f4zne z\u00e1kony obsahuj\u00fa legislat\u00edvnu \u00fapravu jednotliv\u00fdch typov a predmetov du\u0161evn\u00e9ho vlastn\u00edctva. Ide o&nbsp;pojem, ktor\u00fdm sa s\u00fahrnne ozna\u010duj\u00fa pr\u00e1va k&nbsp;ide\u00e1lnym objektom (nehmotn\u00fdm veciam). Pri podnikan\u00ed sl\u00fa\u017ei pr\u00e1vo du\u0161evn\u00e9ho vlastn\u00edctva ako legit\u00edmny n\u00e1stroj na z\u00edskanie konkuren\u010dnej v\u00fdhody. Ako m\u00f4\u017eem s\u00a0du\u0161evn\u00fdm [&hellip;]<\/p>\n","protected":false},"author":1,"featured_media":0,"comment_status":"open","ping_status":"open","sticky":false,"template":"","format":"standard","meta":{"jetpack_post_was_ever_published":false,"_jetpack_newsletter_access":"","_jetpack_dont_email_post_to_subs":false,"_jetpack_newsletter_tier_id":0,"_jetpack_memberships_contains_paywalled_content":false,"_jetpack_memberships_contains_paid_content":false,"footnotes":""},"categories":[4],"tags":[],"class_list":["post-4780","post","type-post","status-publish","format-standard","hentry","category-itbezp"],"aioseo_notices":[],"jetpack_featured_media_url":"","jetpack_sharing_enabled":true,"jetpack-related-posts":[{"id":5405,"url":"https:\/\/preventista.sk\/info\/je-ai-neskodna-alebo-sa-mame-coho-obavat\/","url_meta":{"origin":4780,"position":0},"title":"Je AI ne\u0161kodn\u00e1 alebo sa m\u00e1me \u010doho ob\u00e1va\u0165?","author":"J. Oster","date":"8. novembra 2023","format":false,"excerpt":"Umel\u00e1 inteligencia a\u00a0pr\u00e1va du\u0161evn\u00e9ho vlastn\u00edctva Boom rozli\u010dn\u00fdch n\u00e1strojov umelej inteligencie za posledn\u00fd rok je nespochybnite\u013en\u00fd. Sn\u00e1\u010f v\u00a0ka\u017edej oblasti \u013eudskej \u010dinnosti sme svedkami n\u00e1rastu ponuky platforiem postaven\u00fdch na technol\u00f3gi\u00e1ch strojov\u00e9ho u\u010denia. U\u017e tu je zauj\u00edmav\u00fdm probl\u00e9mom popieranie principi\u00e1lneho rozdielu medzi strojov\u00fdm u\u010den\u00edm (machine learning) a\u00a0umelou inteligenciou (AI). Pre tento \u010dl\u00e1nok sa\u2026","rel":"","context":"V &quot;Bezpe\u010dnos\u0165&quot;","block_context":{"text":"Bezpe\u010dnos\u0165","link":"https:\/\/preventista.sk\/info\/category\/itbezp\/"},"img":{"alt_text":"","src":"https:\/\/i0.wp.com\/preventista.sk\/info\/wp-content\/uploads\/2023\/11\/AI-a-rizika.png?resize=350%2C200&ssl=1","width":350,"height":200,"srcset":"https:\/\/i0.wp.com\/preventista.sk\/info\/wp-content\/uploads\/2023\/11\/AI-a-rizika.png?resize=350%2C200&ssl=1 1x, https:\/\/i0.wp.com\/preventista.sk\/info\/wp-content\/uploads\/2023\/11\/AI-a-rizika.png?resize=525%2C300&ssl=1 1.5x, https:\/\/i0.wp.com\/preventista.sk\/info\/wp-content\/uploads\/2023\/11\/AI-a-rizika.png?resize=700%2C400&ssl=1 2x"},"classes":[]},{"id":739,"url":"https:\/\/preventista.sk\/info\/pre-samospravy\/","url_meta":{"origin":4780,"position":1},"title":"Pre samospr\u00e1vy","author":"J. Oster","date":"31. j\u00fala 2013","format":false,"excerpt":"Odpor\u00fa\u010dame zriadovate\u013eom - samospr\u00e1vam Odsk\u00fa\u0161an\u00fd pilotn\u00fd projekt cyklick\u00e9ho vzdel\u00e1vania u\u010dite\u013eov \u0161k\u00f4l v zria\u010fovate\u013eskej p\u00f4sobnosti M\u00da, pracovn\u00edkov p\u00f4sobiacich v oblasti prevencie a odborn\u00fa verejnos\u0165. \u00a0 Doteraz odpredn\u00e1\u0161an\u00e9 t\u00e9my: IT kriminalita rizik\u00e1 digit\u00e1lneho sveta a prevencia \u00a0 Pomoc drogovo z\u00e1visl\u00fdm HARM REDUCTION v ter\u00e9nnej pr\u00e1ci, v kontaknt\u00fdch centr\u00e1ch a slu\u017eby pre u\u017e\u00edvate\u013eov\u2026","rel":"","context":"V &quot;Odpor\u00fa\u010dame&quot;","block_context":{"text":"Odpor\u00fa\u010dame","link":"https:\/\/preventista.sk\/info\/category\/skusenosti\/odporucame\/"},"img":{"alt_text":"PreventistaSK","src":"https:\/\/i0.wp.com\/preventista.sk\/info\/wp-content\/uploads\/2013\/03\/PreventistaSK.jpg?fit=700%2C400&ssl=1&resize=350%2C200","width":350,"height":200,"srcset":"https:\/\/i0.wp.com\/preventista.sk\/info\/wp-content\/uploads\/2013\/03\/PreventistaSK.jpg?fit=700%2C400&ssl=1&resize=350%2C200 1x, https:\/\/i0.wp.com\/preventista.sk\/info\/wp-content\/uploads\/2013\/03\/PreventistaSK.jpg?fit=700%2C400&ssl=1&resize=525%2C300 1.5x, https:\/\/i0.wp.com\/preventista.sk\/info\/wp-content\/uploads\/2013\/03\/PreventistaSK.jpg?fit=700%2C400&ssl=1&resize=700%2C400 2x"},"classes":[]},{"id":1540,"url":"https:\/\/preventista.sk\/info\/kyber-nieco\/","url_meta":{"origin":4780,"position":2},"title":"Kyber-nie\u010do","author":"I. Makatura","date":"17. okt\u00f3bra 2013","format":false,"excerpt":"\u201ePanta rhei\u201c\u00a0 je Plat\u00f3nova skr\u00e1ten\u00e1 interpret\u00e1cia tvrdenia antick\u00e9ho filozofa Herakleita o\u00a0tom, \u017ee v\u0161etko sa neust\u00e1le men\u00ed. Slovami \u201eEverything counts\u201c nie\u010do podobn\u00e9 kon\u0161tatuje i synthpopov\u00e1 skupina Depeche Mode, na ktorej hudbe sme mnoh\u00ed vyrastali.\u00a0 Ka\u017ed\u00fd odbor postupne prech\u00e1dza zmenami, \u010d\u00edm sa upres\u0148uje aj pou\u017e\u00edvan\u00e9 n\u00e1zvoslovie.\u00a0 A v\u00a0ka\u017edom odvetv\u00ed sa n\u00e1jdu odborn\u00e9\u2026","rel":"","context":"V &quot;Bezpe\u010dnos\u0165&quot;","block_context":{"text":"Bezpe\u010dnos\u0165","link":"https:\/\/preventista.sk\/info\/category\/itbezp\/"},"img":{"alt_text":"cyberlock","src":"https:\/\/i0.wp.com\/preventista.sk\/info\/wp-content\/uploads\/2013\/10\/zamok.jpg?fit=700%2C400&ssl=1&resize=350%2C200","width":350,"height":200,"srcset":"https:\/\/i0.wp.com\/preventista.sk\/info\/wp-content\/uploads\/2013\/10\/zamok.jpg?fit=700%2C400&ssl=1&resize=350%2C200 1x, https:\/\/i0.wp.com\/preventista.sk\/info\/wp-content\/uploads\/2013\/10\/zamok.jpg?fit=700%2C400&ssl=1&resize=525%2C300 1.5x, https:\/\/i0.wp.com\/preventista.sk\/info\/wp-content\/uploads\/2013\/10\/zamok.jpg?fit=700%2C400&ssl=1&resize=700%2C400 2x"},"classes":[]},{"id":4933,"url":"https:\/\/preventista.sk\/info\/podvodne-e-shopy\/","url_meta":{"origin":4780,"position":3},"title":"Podvodn\u00e9 e-shopy","author":"Redakcia","date":"6. septembra 2022","format":false,"excerpt":"Za posledn\u00e9 roky sa online nakupovanie stalo ve\u013emi popul\u00e1rnym. S t\u00fdmto narastaj\u00facim trendom v\u0161ak narast\u00e1 aj po\u010det podvodn\u00fdch e-shopov, ktor\u00e9 sa mnohokr\u00e1t na prv\u00fd poh\u013ead nel\u00ed\u0161ia od t\u00fdch osved\u010den\u00fdch. Len v r\u00e1mci n\u00e1\u0161ho vlastn\u00e9ho prieskumu (Advok\u00e1tskej kancel\u00e1rie Bukovinsk\u00fd & Chlipala), v ktorom sme sa zamerali na segment obuvi, sme k\u2026","rel":"","context":"V &quot;Prevencia&quot;","block_context":{"text":"Prevencia","link":"https:\/\/preventista.sk\/info\/category\/prevencia\/"},"img":{"alt_text":"","src":"https:\/\/i0.wp.com\/preventista.sk\/info\/wp-content\/uploads\/2022\/09\/eshop.png?resize=350%2C200&ssl=1","width":350,"height":200,"srcset":"https:\/\/i0.wp.com\/preventista.sk\/info\/wp-content\/uploads\/2022\/09\/eshop.png?resize=350%2C200&ssl=1 1x, https:\/\/i0.wp.com\/preventista.sk\/info\/wp-content\/uploads\/2022\/09\/eshop.png?resize=525%2C300&ssl=1 1.5x, https:\/\/i0.wp.com\/preventista.sk\/info\/wp-content\/uploads\/2022\/09\/eshop.png?resize=700%2C400&ssl=1 2x"},"classes":[]},{"id":2768,"url":"https:\/\/preventista.sk\/info\/outsourcing-informacnych-technologii-a-bezpecnost\/","url_meta":{"origin":4780,"position":4},"title":"Outsourcing informa\u010dn\u00fdch technol\u00f3gi\u00ed a bezpe\u010dnos\u0165","author":"Redakcia","date":"5. augusta 2015","format":false,"excerpt":"In\u0161tit\u00facie verejnej spr\u00e1vy podobne ako firmy a organiz\u00e1cie zo s\u00fakromn\u00e9ho sektora vyu\u017e\u00edvaj\u00fa outsourcing ako jednu zo strat\u00e9gi\u00ed boja s ch\u00fdbaj\u00facimi profesion\u00e1lmi a\u00a0nedostatkom finan\u010dn\u00fdch prostriedkov pre\u00a0oblas\u0165 informa\u010dn\u00fdch a\u00a0komunika\u010dn\u00fdch technol\u00f3gi\u00ed. Je ale n\u00e1kup IT slu\u017eieb pre zabezpe\u010denie kritick\u00fdch procesov a\u00a0bezpe\u010dnosti organiz\u00e1cie u\u00a0dod\u00e1vate\u013ea v\u017edy spr\u00e1vnou vo\u013ebou? Outsourcing je v\u00a0s\u00fa\u010dasnosti ob\u013e\u00faben\u00fdm sp\u00f4sobom optimaliz\u00e1cie n\u00e1kladov\u2026","rel":"","context":"V &quot;Bezpe\u010dnos\u0165&quot;","block_context":{"text":"Bezpe\u010dnos\u0165","link":"https:\/\/preventista.sk\/info\/category\/itbezp\/"},"img":{"alt_text":"","src":"https:\/\/i0.wp.com\/preventista.sk\/info\/wp-content\/uploads\/2015\/08\/cover.jpg?fit=700%2C400&ssl=1&resize=350%2C200","width":350,"height":200,"srcset":"https:\/\/i0.wp.com\/preventista.sk\/info\/wp-content\/uploads\/2015\/08\/cover.jpg?fit=700%2C400&ssl=1&resize=350%2C200 1x, https:\/\/i0.wp.com\/preventista.sk\/info\/wp-content\/uploads\/2015\/08\/cover.jpg?fit=700%2C400&ssl=1&resize=525%2C300 1.5x, https:\/\/i0.wp.com\/preventista.sk\/info\/wp-content\/uploads\/2015\/08\/cover.jpg?fit=700%2C400&ssl=1&resize=700%2C400 2x"},"classes":[]},{"id":596,"url":"https:\/\/preventista.sk\/info\/tvoj-napad-moze-pomoct-2011\/","url_meta":{"origin":4780,"position":5},"title":"Tvoj n\u00e1pad 2012","author":"Redakcia","date":"26. j\u00fala 2013","format":false,"excerpt":"Celoslovensk\u00e1 s\u00fa\u0165a\u017e pre \u017eiakov z\u00e1kladn\u00fdch \u0161k\u00f4l a \u0161tudentov stredn\u00fdch \u0161k\u00f4l\u00a0o prevencii po\u010d\u00edta\u010dovej kriminality, nebezpe\u010denstv\u00e1 internetu, autorsk\u00e9\u00a0pr\u00e1vo na internete, soci\u00e1lne siete a ich rizik\u00e1, kyber\u0161ikana\u00a0a \u010fal\u0161ie nebezpe\u010dia s\u00favisiace s vyu\u017e\u00edvan\u00edm po\u010d\u00edta\u010dov. Organiz\u00e1tor s\u00fa\u0165a\u017ee:\u00a0 Info consult, s.r.o. \u00a0 1.miesto kateg\u00f3ria\u00a0Z\u00e1kladn\u00e9 \u0161koly\u00a0\u00a0\u00a0\u00a0\u00a0\u00a0\u00a0\u00a0 Z\u0160 Trsten\u00e1:\u00a0\u00a0 \u00a0Aj internet m\u00f4\u017ee by\u0165 nebezpe\u010dn\u00fd\u00a0\u00a0\u00a0 - \u00a0 \u00a0 \u00a0\u2026","rel":"","context":"V &quot;S\u00fa\u0165a\u017ee&quot;","block_context":{"text":"S\u00fa\u0165a\u017ee","link":"https:\/\/preventista.sk\/info\/category\/akcie\/sutaze\/"},"img":{"alt_text":"idea-2","src":"https:\/\/i0.wp.com\/preventista.sk\/info\/wp-content\/uploads\/2013\/07\/N%C3%A1pad-2.jpg?fit=700%2C400&ssl=1&resize=350%2C200","width":350,"height":200,"srcset":"https:\/\/i0.wp.com\/preventista.sk\/info\/wp-content\/uploads\/2013\/07\/N%C3%A1pad-2.jpg?fit=700%2C400&ssl=1&resize=350%2C200 1x, https:\/\/i0.wp.com\/preventista.sk\/info\/wp-content\/uploads\/2013\/07\/N%C3%A1pad-2.jpg?fit=700%2C400&ssl=1&resize=525%2C300 1.5x, https:\/\/i0.wp.com\/preventista.sk\/info\/wp-content\/uploads\/2013\/07\/N%C3%A1pad-2.jpg?fit=700%2C400&ssl=1&resize=700%2C400 2x"},"classes":[]}],"_links":{"self":[{"href":"https:\/\/preventista.sk\/info\/wp-json\/wp\/v2\/posts\/4780","targetHints":{"allow":["GET"]}}],"collection":[{"href":"https:\/\/preventista.sk\/info\/wp-json\/wp\/v2\/posts"}],"about":[{"href":"https:\/\/preventista.sk\/info\/wp-json\/wp\/v2\/types\/post"}],"author":[{"embeddable":true,"href":"https:\/\/preventista.sk\/info\/wp-json\/wp\/v2\/users\/1"}],"replies":[{"embeddable":true,"href":"https:\/\/preventista.sk\/info\/wp-json\/wp\/v2\/comments?post=4780"}],"version-history":[{"count":5,"href":"https:\/\/preventista.sk\/info\/wp-json\/wp\/v2\/posts\/4780\/revisions"}],"predecessor-version":[{"id":4795,"href":"https:\/\/preventista.sk\/info\/wp-json\/wp\/v2\/posts\/4780\/revisions\/4795"}],"wp:attachment":[{"href":"https:\/\/preventista.sk\/info\/wp-json\/wp\/v2\/media?parent=4780"}],"wp:term":[{"taxonomy":"category","embeddable":true,"href":"https:\/\/preventista.sk\/info\/wp-json\/wp\/v2\/categories?post=4780"},{"taxonomy":"post_tag","embeddable":true,"href":"https:\/\/preventista.sk\/info\/wp-json\/wp\/v2\/tags?post=4780"}],"curies":[{"name":"wp","href":"https:\/\/api.w.org\/{rel}","templated":true}]}}