{"id":4809,"date":"2022-03-26T17:42:44","date_gmt":"2022-03-26T16:42:44","guid":{"rendered":"https:\/\/preventista.sk\/info\/?p=4809"},"modified":"2022-03-26T17:42:48","modified_gmt":"2022-03-26T16:42:48","slug":"bezpecnost-na-internete-z-pohladu-rodicov","status":"publish","type":"post","link":"https:\/\/preventista.sk\/info\/bezpecnost-na-internete-z-pohladu-rodicov\/","title":{"rendered":"Bezpe\u010dnos\u0165 na internete z\u00a0poh\u013eadu rodi\u010dov"},"content":{"rendered":"\n<p>V&nbsp;obdob\u00ed janu\u00e1r \u2013 febru\u00e1r 2022 sme realizovali men\u0161\u00ed prieskum oh\u013eadom bezpe\u010dnosti na internete. Osloven\u00fa skupinu respondentov tvorili rodi\u010dia \u0161kolopovinn\u00fdch det\u00ed. Osloven\u00e9 boli&nbsp; \u0161tyri rodi\u010dovsk\u00e9 skupiny na soci\u00e1lnej sieti prostredn\u00edctvom online dotazn\u00edku. Vyplnen\u00fdch bolo 82 dotazn\u00edkov. Rozdelenie v\u00fdskumnej vzorky pod\u013ea po\u010dtu det\u00ed bolo nasledovn\u00e9:<\/p>\n\n\n\n<div class=\"wp-block-image\"><figure class=\"aligncenter size-large\"><img data-recalc-dims=\"1\" loading=\"lazy\" decoding=\"async\" width=\"700\" height=\"318\" data-attachment-id=\"4810\" data-permalink=\"https:\/\/preventista.sk\/info\/bezpecnost-na-internete-z-pohladu-rodicov\/image-11\/\" data-orig-file=\"https:\/\/i0.wp.com\/preventista.sk\/info\/wp-content\/uploads\/2022\/03\/image.png?fit=856%2C389&amp;ssl=1\" data-orig-size=\"856,389\" data-comments-opened=\"1\" data-image-meta=\"{&quot;aperture&quot;:&quot;0&quot;,&quot;credit&quot;:&quot;&quot;,&quot;camera&quot;:&quot;&quot;,&quot;caption&quot;:&quot;&quot;,&quot;created_timestamp&quot;:&quot;0&quot;,&quot;copyright&quot;:&quot;&quot;,&quot;focal_length&quot;:&quot;0&quot;,&quot;iso&quot;:&quot;0&quot;,&quot;shutter_speed&quot;:&quot;0&quot;,&quot;title&quot;:&quot;&quot;,&quot;orientation&quot;:&quot;0&quot;}\" data-image-title=\"image\" data-image-description=\"\" data-image-caption=\"\" data-large-file=\"https:\/\/i0.wp.com\/preventista.sk\/info\/wp-content\/uploads\/2022\/03\/image.png?fit=700%2C318&amp;ssl=1\" src=\"https:\/\/i0.wp.com\/preventista.sk\/info\/wp-content\/uploads\/2022\/03\/image.png?resize=700%2C318&#038;ssl=1\" alt=\"\" class=\"wp-image-4810\" srcset=\"https:\/\/i0.wp.com\/preventista.sk\/info\/wp-content\/uploads\/2022\/03\/image.png?resize=700%2C318&amp;ssl=1 700w, https:\/\/i0.wp.com\/preventista.sk\/info\/wp-content\/uploads\/2022\/03\/image.png?resize=450%2C204&amp;ssl=1 450w, https:\/\/i0.wp.com\/preventista.sk\/info\/wp-content\/uploads\/2022\/03\/image.png?resize=320%2C145&amp;ssl=1 320w, https:\/\/i0.wp.com\/preventista.sk\/info\/wp-content\/uploads\/2022\/03\/image.png?resize=768%2C349&amp;ssl=1 768w, https:\/\/i0.wp.com\/preventista.sk\/info\/wp-content\/uploads\/2022\/03\/image.png?w=856&amp;ssl=1 856w\" sizes=\"auto, (max-width: 700px) 100vw, 700px\" \/><\/figure><\/div>\n\n\n\n<p>Najpo\u010detnej\u0161iu skupinu tvorili rodi\u010dia det\u00ed vo veku 6 \u2013 10 rokov (64,2%). O&nbsp;nie\u010do menej bolo rodi\u010dov, ktor\u00ed maj\u00fa deti vo veku 11 \u2013 15 rokov (44,4%) a&nbsp;najmenej t\u00fdch s de\u0165mi veku 16 \u2013 viac rokov (27,2%).<\/p>\n\n\n\n<p>Pri ot\u00e1zke \u010di ich deti pou\u017e\u00edvaj\u00fa internet, mo\u017eno aj prostredn\u00edctvom vlastn\u00fdch komunika\u010dn\u00fdch zariaden\u00ed, a\u017e 92,7% rodi\u010dov odpovedalo kladne. To znamen\u00e1, \u017ee ho pou\u017e\u00edvaj\u00fa u\u017e deti vo veku 6 rokov. V&nbsp;dne\u0161nej dobe v\u0161ak tieto zistenia v\u00f4bec nie s\u00fa prekvapiv\u00e9. \u010ealej sme sa rodi\u010dov p\u00fdtali \u010di maj\u00fa deti \u00fa\u010det na soci\u00e1lnych sie\u0165ach. Pri tejto ot\u00e1zke u\u017e odpovede neboli tak\u00e9 jednostrann\u00e9. V\u00e4\u010d\u0161ia polovica rodi\u010dov (54,9%) uviedla, \u017ee ich die\u0165a \u00fa\u010det na soci\u00e1lnych sie\u0165ach nem\u00e1. To e\u0161te nemus\u00ed znamena\u0165, \u017ee je to pravda. Nie je toti\u017e mo\u017en\u00e9, aby mal rodi\u010d neust\u00e1ly doh\u013ead nad die\u0165a\u0165om a&nbsp;tie\u017e, aby mal preh\u013ead o&nbsp;tom ako tr\u00e1vi \u010das na internete ke\u010f s&nbsp;n\u00edm fyzicky nie je. V&nbsp;\u0161tyroch pr\u00edpadoch v\u0161ak samotn\u00ed rodi\u010dia det\u00ed vo veku 6 \u2013 10 rokov uviedli, \u017ee ich die\u0165a pou\u017e\u00edva vlastn\u00fd \u00fa\u010det na soci\u00e1lnej sieti. Op\u00e4\u0165 treba podotkn\u00fa\u0165, \u017ee v&nbsp;s\u00fa\u010dasnosti to nie s\u00fa ojedinel\u00e9 pr\u00edpady i&nbsp;napriek tomu, \u017ee u\u017e\u00edvatelia soci\u00e1lnych siet\u00ed by mali ma\u0165 viac ako 13 rokov. Mo\u017eno je za t\u00fdm skryt\u00fd nedostatok inform\u00e1ci\u00ed, bagateliz\u00e1cia nebezpe\u010denstiev v&nbsp;online priestore a&nbsp;podobne.<\/p>\n\n\n\n<p>Prostredn\u00edctvom \u010fal\u0161ej ot\u00e1zky sme sa p\u00fdtali \u010di si rodi\u010dia myslia, \u017ee ich deti s\u00fa vo virtu\u00e1lnom svete v&nbsp;bezpe\u010d\u00ed. 34,1% rodi\u010dov si mysl\u00ed, \u017ee \u00e1no. Opa\u010dn\u00e9ho n\u00e1zoru bolo 43,9% rodi\u010dov a&nbsp;zvy\u0161n\u00fdch 22% odpovedalo, \u017ee nevie. N\u00e1sledne sme zis\u0165ovali informovanos\u0165 det\u00ed a&nbsp;rodi\u010dov v&nbsp;oblasti bezpe\u010dnosti na internete. Z&nbsp;odpoved\u00ed n\u00e1m vyplynuli nasledovn\u00e9 zistenia:<\/p>\n\n\n\n<p>Moje die\u0165a m\u00e1 dostatok inform\u00e1ci\u00ed o&nbsp;bezpe\u010dnosti na internete:<\/p>\n\n\n\n<figure class=\"wp-block-image size-large\"><img data-recalc-dims=\"1\" loading=\"lazy\" decoding=\"async\" width=\"700\" height=\"285\" data-attachment-id=\"4812\" data-permalink=\"https:\/\/preventista.sk\/info\/bezpecnost-na-internete-z-pohladu-rodicov\/image-1-5\/\" data-orig-file=\"https:\/\/i0.wp.com\/preventista.sk\/info\/wp-content\/uploads\/2022\/03\/image-1.png?fit=834%2C339&amp;ssl=1\" data-orig-size=\"834,339\" data-comments-opened=\"1\" data-image-meta=\"{&quot;aperture&quot;:&quot;0&quot;,&quot;credit&quot;:&quot;&quot;,&quot;camera&quot;:&quot;&quot;,&quot;caption&quot;:&quot;&quot;,&quot;created_timestamp&quot;:&quot;0&quot;,&quot;copyright&quot;:&quot;&quot;,&quot;focal_length&quot;:&quot;0&quot;,&quot;iso&quot;:&quot;0&quot;,&quot;shutter_speed&quot;:&quot;0&quot;,&quot;title&quot;:&quot;&quot;,&quot;orientation&quot;:&quot;0&quot;}\" data-image-title=\"image-1\" data-image-description=\"\" data-image-caption=\"\" data-large-file=\"https:\/\/i0.wp.com\/preventista.sk\/info\/wp-content\/uploads\/2022\/03\/image-1.png?fit=700%2C285&amp;ssl=1\" src=\"https:\/\/i0.wp.com\/preventista.sk\/info\/wp-content\/uploads\/2022\/03\/image-1.png?resize=700%2C285&#038;ssl=1\" alt=\"\" class=\"wp-image-4812\" srcset=\"https:\/\/i0.wp.com\/preventista.sk\/info\/wp-content\/uploads\/2022\/03\/image-1.png?resize=700%2C285&amp;ssl=1 700w, https:\/\/i0.wp.com\/preventista.sk\/info\/wp-content\/uploads\/2022\/03\/image-1.png?resize=450%2C183&amp;ssl=1 450w, https:\/\/i0.wp.com\/preventista.sk\/info\/wp-content\/uploads\/2022\/03\/image-1.png?resize=320%2C130&amp;ssl=1 320w, https:\/\/i0.wp.com\/preventista.sk\/info\/wp-content\/uploads\/2022\/03\/image-1.png?resize=768%2C312&amp;ssl=1 768w, https:\/\/i0.wp.com\/preventista.sk\/info\/wp-content\/uploads\/2022\/03\/image-1.png?w=834&amp;ssl=1 834w\" sizes=\"auto, (max-width: 700px) 100vw, 700px\" \/><\/figure>\n\n\n\n<p>Ja ako rodi\u010d si mysl\u00edm, \u017ee m\u00e1m pri t\u00e9me bezpe\u010dn\u00fd internet:<\/p>\n\n\n\n<figure class=\"wp-block-image size-large is-style-default\"><img data-recalc-dims=\"1\" loading=\"lazy\" decoding=\"async\" width=\"700\" height=\"288\" data-attachment-id=\"4813\" data-permalink=\"https:\/\/preventista.sk\/info\/bezpecnost-na-internete-z-pohladu-rodicov\/image-2-3\/\" data-orig-file=\"https:\/\/i0.wp.com\/preventista.sk\/info\/wp-content\/uploads\/2022\/03\/image-2.png?fit=932%2C383&amp;ssl=1\" data-orig-size=\"932,383\" data-comments-opened=\"1\" data-image-meta=\"{&quot;aperture&quot;:&quot;0&quot;,&quot;credit&quot;:&quot;&quot;,&quot;camera&quot;:&quot;&quot;,&quot;caption&quot;:&quot;&quot;,&quot;created_timestamp&quot;:&quot;0&quot;,&quot;copyright&quot;:&quot;&quot;,&quot;focal_length&quot;:&quot;0&quot;,&quot;iso&quot;:&quot;0&quot;,&quot;shutter_speed&quot;:&quot;0&quot;,&quot;title&quot;:&quot;&quot;,&quot;orientation&quot;:&quot;0&quot;}\" data-image-title=\"image-2\" data-image-description=\"\" data-image-caption=\"\" data-large-file=\"https:\/\/i0.wp.com\/preventista.sk\/info\/wp-content\/uploads\/2022\/03\/image-2.png?fit=700%2C288&amp;ssl=1\" src=\"https:\/\/i0.wp.com\/preventista.sk\/info\/wp-content\/uploads\/2022\/03\/image-2.png?resize=700%2C288&#038;ssl=1\" alt=\"\" class=\"wp-image-4813\" srcset=\"https:\/\/i0.wp.com\/preventista.sk\/info\/wp-content\/uploads\/2022\/03\/image-2.png?resize=700%2C288&amp;ssl=1 700w, https:\/\/i0.wp.com\/preventista.sk\/info\/wp-content\/uploads\/2022\/03\/image-2.png?resize=450%2C185&amp;ssl=1 450w, https:\/\/i0.wp.com\/preventista.sk\/info\/wp-content\/uploads\/2022\/03\/image-2.png?resize=320%2C132&amp;ssl=1 320w, https:\/\/i0.wp.com\/preventista.sk\/info\/wp-content\/uploads\/2022\/03\/image-2.png?resize=768%2C316&amp;ssl=1 768w, https:\/\/i0.wp.com\/preventista.sk\/info\/wp-content\/uploads\/2022\/03\/image-2.png?w=932&amp;ssl=1 932w\" sizes=\"auto, (max-width: 700px) 100vw, 700px\" \/><\/figure>\n\n\n\n<p>Z&nbsp;vy\u0161\u0161ie uveden\u00fdch odpoved\u00ed je zjavn\u00e9, \u017ee i&nbsp;napriek tomu, \u017ee v\u00e4\u010d\u0161ia \u010das\u0165 rodi\u010dov uviedla, \u017ee ich die\u0165a nie je vo virtu\u00e1lnom svete v&nbsp;bezpe\u010d\u00ed a&nbsp;tie\u017e nem\u00e1 dostatok inform\u00e1ci\u00ed k&nbsp;tejto t\u00e9me, rodi\u010d dostatok inform\u00e1ci\u00ed m\u00e1 a&nbsp;teda je schopn\u00fd die\u0165a dostato\u010dne chr\u00e1ni\u0165. Je v\u0161ak mo\u017en\u00e9 polemizova\u0165 o&nbsp;tom \u010do rodi\u010dia pova\u017euj\u00fa za \u201edostatok inform\u00e1ci\u00ed\u201c. To je v\u0161ak ve\u013ek\u00e1 t\u00e9ma vhodn\u00e1 na samostatn\u00fa diskusiu.<\/p>\n\n\n\n<p>Na ot\u00e1zku \u010di sa u\u017e rodi\u010dia niekedy z\u00fa\u010dastnili prevent\u00edvnych aktiv\u00edt na t\u00e9mu bezpe\u010dn\u00fd internet odpovedalo a\u017e 80,5% z\u00e1porne. Tak\u00fato sk\u00fasenos\u0165 malo len 19,5% z&nbsp;celkov\u00e9ho po\u010dtu \u00fa\u010dastn\u00edkov prieskumu. Tu sa n\u00e1m naskytuje ot\u00e1zka odkia\u013e rodi\u010dia teda \u010derpaj\u00fa inform\u00e1cie o&nbsp;bezpe\u010dnosti na internete, ktor\u00e9 \u010falej sprostredkuj\u00fa svojim de\u0165om. V&nbsp;pr\u00edpade keby bola mo\u017enos\u0165 z\u00fa\u010dastni\u0165 sa takejto aktivity, uviedlo 63,4% rodi\u010dov, \u017ee by sa jej z\u00fa\u010dastnilo aspo\u0148 raz. Z\u00e1ujem o&nbsp;pravideln\u00fa \u00fa\u010das\u0165 na vy\u0161\u0161ie uveden\u00fdch aktivit\u00e1ch malo len 20,7% rodi\u010dov. 15,9% uviedlo, \u017ee nepotrebuje \u017eiadne inform\u00e1cie a&nbsp;teda by sa \u017eiadnych aktiv\u00edt nez\u00fa\u010dastnilo. \u00da\u010dastn\u00edkom prieskumu, ktor\u00ed by mali z\u00e1ujem o&nbsp;prevent\u00edvne aktivity by vyhovovala predov\u0161etk\u00fdm online forma (82,5%). Ako sme uviedli vy\u0161\u0161ie viacero rodi\u010dov m\u00e1 pocit, \u017ee v&nbsp;oblasti bezpe\u010dnosti na internete m\u00e1 dostatok inform\u00e1ci\u00ed. I&nbsp;napriek tomu by sa v\u0161ak z\u00fa\u010dastnili aktiv\u00edt na t\u00fato t\u00e9mu. Je v\u0161ak potrebn\u00e9 upriami\u0165 pozornos\u0165 na fakt, \u017ee takmer 16% rodi\u010dov je presved\u010den\u00fdch, \u017ee vedia \u00faplne v\u0161etko a&nbsp;ni\u010d \u010fal\u0161ie u\u017e nepotrebuj\u00fa.<\/p>\n\n\n\n<p>So svojimi de\u0165mi sa o&nbsp;bezpe\u010dnosti na internete rodi\u010dia v\u00e4\u010d\u0161inou rozpr\u00e1vaj\u00fa. \u0160k\u00e1la odpoved\u00ed bola nasledovn\u00e1:<\/p>\n\n\n\n<div class=\"wp-block-image\"><figure class=\"aligncenter size-large\"><img data-recalc-dims=\"1\" loading=\"lazy\" decoding=\"async\" width=\"700\" height=\"422\" data-attachment-id=\"4815\" data-permalink=\"https:\/\/preventista.sk\/info\/bezpecnost-na-internete-z-pohladu-rodicov\/image-3-2\/\" data-orig-file=\"https:\/\/i0.wp.com\/preventista.sk\/info\/wp-content\/uploads\/2022\/03\/image-3.png?fit=784%2C473&amp;ssl=1\" data-orig-size=\"784,473\" data-comments-opened=\"1\" data-image-meta=\"{&quot;aperture&quot;:&quot;0&quot;,&quot;credit&quot;:&quot;&quot;,&quot;camera&quot;:&quot;&quot;,&quot;caption&quot;:&quot;&quot;,&quot;created_timestamp&quot;:&quot;0&quot;,&quot;copyright&quot;:&quot;&quot;,&quot;focal_length&quot;:&quot;0&quot;,&quot;iso&quot;:&quot;0&quot;,&quot;shutter_speed&quot;:&quot;0&quot;,&quot;title&quot;:&quot;&quot;,&quot;orientation&quot;:&quot;0&quot;}\" data-image-title=\"image-3\" data-image-description=\"\" data-image-caption=\"\" data-large-file=\"https:\/\/i0.wp.com\/preventista.sk\/info\/wp-content\/uploads\/2022\/03\/image-3.png?fit=700%2C422&amp;ssl=1\" src=\"https:\/\/i0.wp.com\/preventista.sk\/info\/wp-content\/uploads\/2022\/03\/image-3.png?resize=700%2C422&#038;ssl=1\" alt=\"\" class=\"wp-image-4815\" srcset=\"https:\/\/i0.wp.com\/preventista.sk\/info\/wp-content\/uploads\/2022\/03\/image-3.png?resize=700%2C422&amp;ssl=1 700w, https:\/\/i0.wp.com\/preventista.sk\/info\/wp-content\/uploads\/2022\/03\/image-3.png?resize=450%2C271&amp;ssl=1 450w, https:\/\/i0.wp.com\/preventista.sk\/info\/wp-content\/uploads\/2022\/03\/image-3.png?resize=320%2C193&amp;ssl=1 320w, https:\/\/i0.wp.com\/preventista.sk\/info\/wp-content\/uploads\/2022\/03\/image-3.png?resize=768%2C463&amp;ssl=1 768w, https:\/\/i0.wp.com\/preventista.sk\/info\/wp-content\/uploads\/2022\/03\/image-3.png?w=784&amp;ssl=1 784w\" sizes=\"auto, (max-width: 700px) 100vw, 700px\" \/><\/figure><\/div>\n\n\n\n<p>Rodi\u010dov sme sa prostredn\u00edctvom otvorenej ot\u00e1zky p\u00fdtali aj na ich sk\u00fasenos\u0165 s&nbsp;rie\u0161en\u00edm probl\u00e9mov v&nbsp;online prostred\u00ed. Konkr\u00e9tne odpovede uviedlo 29 respondentov. \u017diadne probl\u00e9my s\u00favisiace s&nbsp;hrozbami v&nbsp;online priestore nerie\u0161ilo 7 rodi\u010dov. Niektor\u00ed rodi\u010dia v\u0161ak rie\u0161ili kyber\u0161ikanovanie (5 respondentov), so snahou vym\u00e1mi\u0165 od det\u00ed osobn\u00e9 \u00fadaje sa stretli 3 respondenti a&nbsp;rovnak\u00fd po\u010det uviedol aj oslovenie die\u0165a\u0165a cudzou osobou. V&nbsp;dvoch pr\u00edpadoch rodi\u010dia rie\u0161ili nevhodn\u00fd, vulg\u00e1rny obsah vo vide\u00e1ch. \u010ealej rodi\u010dia uviedli po jednom pr\u00edpade ako probl\u00e9m s\u0165ahovanie hier z internetu, d\u013a\u017eka \u010dasu str\u00e1ven\u00e9ho na internete, ob\u0165a\u017eovanie, sk\u00fasenos\u0165 s&nbsp;falo\u0161n\u00fdmi profilmi kde boli od det\u00ed \u017eiadan\u00e9 fotografie alebo peniaze a&nbsp;v&nbsp;jednom pr\u00edpade 12 ro\u010dn\u00e9 diev\u010da, ktor\u00e9 posielalo svoje int\u00edmne fotografie cudz\u00edm chlapcom. Obsahom jednej z&nbsp;odpoved\u00ed bola aj po\u017eiadavka na realiz\u00e1ciu aktiv\u00edt pre deti k&nbsp;danej t\u00e9me.<\/p>\n\n\n\n<p><strong><mark style=\"background-color:rgba(0, 0, 0, 0)\" class=\"has-inline-color has-vivid-cyan-blue-color\">Z\u00e1ver<\/mark><\/strong><\/p>\n\n\n\n<p>Ke\u010f sa na zistenia v\u0161ak pozrieme komplexne, vid\u00edme, \u017ee takmer v\u0161etci rodi\u010dia komunikuj\u00fa s&nbsp;de\u0165mi na t\u00e9mu bezpe\u010dnosti na internete. Ot\u00e1zne v\u0161ak je, vzh\u013eadom na ostatn\u00e9 zistenia, akou formou a&nbsp;v&nbsp;akej miere a&nbsp;relevancii s\u00fa sprostredkov\u00e1van\u00e9 inform\u00e1cie smerom ku&nbsp;de\u0165om. Prevencia v&nbsp;oblasti bezpe\u010dnosti v&nbsp;online prostred\u00ed sa v&nbsp;praxi realizuje naj\u010dastej\u0161ie pre deti a&nbsp;ml\u00e1de\u017e. Prevencia, v&nbsp;r\u00e1mci, ktorej s\u00fa zapojen\u00ed prim\u00e1rne rodi\u010dia absentuje. Aby bola prevencia efekt\u00edvna, mus\u00ed by\u0165 realizovan\u00e1 systematicky a&nbsp;dlhodobo. Toto je v\u0161ak \u010fal\u0161\u00ed fakt, ktor\u00fd v&nbsp;realite absentuje. Z&nbsp;n\u00e1\u0161ho prieskumu je s\u00edce zjavn\u00e9, \u017ee rodi\u010dia maj\u00fa o&nbsp;tak\u00e9to t\u00e9my pomerne vysok\u00fd z\u00e1ujem, av\u0161ak v&nbsp;rovine opakovan\u00e9ho vzdel\u00e1vania sa&nbsp;v&nbsp;danej oblasti je z\u00e1ujem ni\u017e\u0161\u00ed. V&nbsp;obdobn\u00fdch prieskumoch budeme ur\u010dite pokra\u010dova\u0165 a&nbsp;mo\u017eno aj v\u010faka nim n\u00e1jdeme spolo\u010dne s&nbsp;rodi\u010dmi sp\u00f4sob ako nastavi\u0165 efekt\u00edvnu prevenciu pre t\u00fato cie\u013eov\u00fa skupinu.<\/p>\n\n\n\n<p><\/p>\n","protected":false},"excerpt":{"rendered":"<p>V&nbsp;obdob\u00ed janu\u00e1r \u2013 febru\u00e1r 2022 sme realizovali men\u0161\u00ed prieskum oh\u013eadom bezpe\u010dnosti na internete. Osloven\u00fa skupinu respondentov tvorili rodi\u010dia \u0161kolopovinn\u00fdch det\u00ed. Osloven\u00e9 boli&nbsp; \u0161tyri rodi\u010dovsk\u00e9 skupiny na soci\u00e1lnej sieti prostredn\u00edctvom online dotazn\u00edku. Vyplnen\u00fdch bolo 82 dotazn\u00edkov. Rozdelenie v\u00fdskumnej vzorky pod\u013ea po\u010dtu det\u00ed bolo nasledovn\u00e9: Najpo\u010detnej\u0161iu skupinu tvorili rodi\u010dia det\u00ed vo veku 6 \u2013 10 rokov (64,2%). [&hellip;]<\/p>\n","protected":false},"author":20,"featured_media":0,"comment_status":"open","ping_status":"open","sticky":false,"template":"","format":"standard","meta":{"jetpack_post_was_ever_published":false,"_jetpack_newsletter_access":"","_jetpack_dont_email_post_to_subs":false,"_jetpack_newsletter_tier_id":0,"_jetpack_memberships_contains_paywalled_content":false,"_jetpack_memberships_contains_paid_content":false,"footnotes":""},"categories":[13,7],"tags":[],"class_list":["post-4809","post","type-post","status-publish","format-standard","hentry","category-prieskumy","category-skusenosti"],"aioseo_notices":[],"jetpack_featured_media_url":"","jetpack_sharing_enabled":true,"jetpack-related-posts":[{"id":2687,"url":"https:\/\/preventista.sk\/info\/prevencia-v-oblasti-it-kriminality-skusenosti-zo-skolskeho-prostredia\/","url_meta":{"origin":4809,"position":0},"title":"Prevencia v oblasti IT kriminality \u2013 sk\u00fasenosti zo \u0161kolsk\u00e9ho prostredia","author":"J. Oster","date":"13. j\u00fala 2015","format":false,"excerpt":"Praktick\u00e1 realiz\u00e1cia r\u00f4znych foriem prevencie so zameran\u00edm najm\u00e4 na t\u00e9my informa\u010dnej bezpe\u010dnosti a\u00a0prevencie IT kriminality ur\u010dite nie je jednoduch\u00e1. Nie je jednoduch\u00e1 ani v\u00a0komer\u010dnom sektore, ale v\u00a0sektore \u0161kolstva u\u017e v\u00f4bec nie. Argumenty vzn\u00e1\u0161an\u00e9 po\u010das nez\u00e1visl\u00fdch deb\u00e1t v\u00a0r\u00e1mci aktiv\u00edt na \u0161kol\u00e1ch, \u010di r\u00f4znych vzdel\u00e1vac\u00edch workshopoch pre pedag\u00f3gov potvrdzuj\u00fa nieko\u013eko z\u00e1kladn\u00fdch probl\u00e9mov:\u2026","rel":"","context":"V &quot;IT kriminalita&quot;","block_context":{"text":"IT kriminalita","link":"https:\/\/preventista.sk\/info\/category\/prevencia\/itkrim\/"},"img":{"alt_text":"","src":"https:\/\/i0.wp.com\/preventista.sk\/info\/wp-content\/uploads\/2015\/07\/prevencia-%C5%A1kola1.png?fit=700%2C400&ssl=1&resize=350%2C200","width":350,"height":200,"srcset":"https:\/\/i0.wp.com\/preventista.sk\/info\/wp-content\/uploads\/2015\/07\/prevencia-%C5%A1kola1.png?fit=700%2C400&ssl=1&resize=350%2C200 1x, https:\/\/i0.wp.com\/preventista.sk\/info\/wp-content\/uploads\/2015\/07\/prevencia-%C5%A1kola1.png?fit=700%2C400&ssl=1&resize=525%2C300 1.5x, https:\/\/i0.wp.com\/preventista.sk\/info\/wp-content\/uploads\/2015\/07\/prevencia-%C5%A1kola1.png?fit=700%2C400&ssl=1&resize=700%2C400 2x"},"classes":[]},{"id":2844,"url":"https:\/\/preventista.sk\/info\/vitazka-sutaze-o-navrh-nasho-maskota-je-z-kosic\/","url_meta":{"origin":4809,"position":1},"title":"V\u00ed\u0165azka s\u00fa\u0165a\u017ee o n\u00e1vrh n\u00e1\u0161ho maskota je z Ko\u0161\u00edc!","author":"Redakcia","date":"23. septembra 2015","format":false,"excerpt":"Ob\u010dianske zdru\u017eenie\u00a0 PREVENTISTA \u2013 zdru\u017eenie pre bezpe\u010dnos\u0165 a\u00a0prevenciu \u00a0v\u00a0r\u00e1mci svojho Programu podpory prevencie IT kriminality a\u00a0zni\u017eovania riz\u00edk spojen\u00fdch s\u00a0vyu\u017e\u00edvan\u00edm informa\u010dn\u00fdch technol\u00f3gi\u00ed vyhl\u00e1sila za akt\u00edvnej pomoci V\u00daB Nad\u00e1cie a\u00a0\u010fal\u0161\u00edch partnerov od 18.j\u00fana do 15.septembra 2015 ve\u013ek\u00fa letn\u00fa pr\u00e1zdninov\u00fa s\u00fa\u0165a\u017e pre deti a\u00a0ml\u00e1de\u017e pod n\u00e1zvom \u201eTvoj n\u00e1pad m\u00f4\u017ee pom\u00f4c\u0165 MASKOT\u201c. \u00dalohou pre\u2026","rel":"","context":"V &quot;S\u00fa\u0165a\u017ee&quot;","block_context":{"text":"S\u00fa\u0165a\u017ee","link":"https:\/\/preventista.sk\/info\/category\/akcie\/sutaze\/"},"img":{"alt_text":"","src":"https:\/\/i0.wp.com\/preventista.sk\/info\/wp-content\/uploads\/2015\/09\/maskot.png?fit=700%2C400&ssl=1&resize=350%2C200","width":350,"height":200,"srcset":"https:\/\/i0.wp.com\/preventista.sk\/info\/wp-content\/uploads\/2015\/09\/maskot.png?fit=700%2C400&ssl=1&resize=350%2C200 1x, https:\/\/i0.wp.com\/preventista.sk\/info\/wp-content\/uploads\/2015\/09\/maskot.png?fit=700%2C400&ssl=1&resize=525%2C300 1.5x, https:\/\/i0.wp.com\/preventista.sk\/info\/wp-content\/uploads\/2015\/09\/maskot.png?fit=700%2C400&ssl=1&resize=700%2C400 2x"},"classes":[]},{"id":5088,"url":"https:\/\/preventista.sk\/info\/bezpecnost-skol-z-pohladu-rodicov\/","url_meta":{"origin":4809,"position":2},"title":"Bezpe\u010dnos\u0165 \u0161k\u00f4l (z poh\u013eadu rodi\u010dov)","author":"Veronika Pol\u00e1kov\u00e1","date":"16. janu\u00e1ra 2023","format":false,"excerpt":"Na z\u00e1klade medializovan\u00fdch pr\u00edpadov o\u00a0agres\u00edvnych \u00fatokoch na \u0161kol\u00e1ch sme sa rozhodli v obdob\u00ed okt\u00f3ber a\u017e december 2022 formou online dotazn\u00edka zrealizova\u0165 prieskum na t\u00e9mu bezpe\u010dnosti \u0161k\u00f4l. Osloven\u00e9 boli 4 v\u00e4\u010d\u0161ie rodi\u010dovsk\u00e9 skupiny na jednej zo soci\u00e1lnych siet\u00ed. P\u00fdtali sme do akej miery rodi\u010dia pova\u017euj\u00fa \u0161kolu, ktor\u00fa ich die\u0165a nav\u0161tevuje za\u2026","rel":"","context":"V &quot;Bezpe\u010dnos\u0165&quot;","block_context":{"text":"Bezpe\u010dnos\u0165","link":"https:\/\/preventista.sk\/info\/category\/itbezp\/"},"img":{"alt_text":"","src":"https:\/\/i0.wp.com\/preventista.sk\/info\/wp-content\/uploads\/2023\/01\/image.png?resize=350%2C200&ssl=1","width":350,"height":200,"srcset":"https:\/\/i0.wp.com\/preventista.sk\/info\/wp-content\/uploads\/2023\/01\/image.png?resize=350%2C200&ssl=1 1x, https:\/\/i0.wp.com\/preventista.sk\/info\/wp-content\/uploads\/2023\/01\/image.png?resize=525%2C300&ssl=1 1.5x, https:\/\/i0.wp.com\/preventista.sk\/info\/wp-content\/uploads\/2023\/01\/image.png?resize=700%2C400&ssl=1 2x"},"classes":[]},{"id":7,"url":"https:\/\/preventista.sk\/info\/prevencia-it-kriminality-v-skole\/","url_meta":{"origin":4809,"position":3},"title":"Prevencia IT kriminality a jej miesto v \u0161kole","author":"J. Oster","date":"19. j\u00fala 2013","format":false,"excerpt":"Prevencia IT kriminality? Chym\u00e9ra alebo re\u00e1lna po\u017eiadavka doby.... patr\u00ed do \u0161k\u00f4l ako s\u00fa\u010das\u0165 informatick\u00e9ho vzdel\u00e1vania? V\u00a0ktorom veku by sa mali za\u010da\u0165 deti oboznamova\u0165 so z\u00e1kladn\u00fdmi inform\u00e1ciami s\u00favisiacimi so z\u00e1kladn\u00fdmi poznatkami bezpe\u010dnosti virtu\u00e1lneho sveta? \u00a0 Diskusie o\u00a0tom v\u00a0ktorom veku by sa mali a\u00a0akou formou za\u010da\u0165 oboznamova\u0165 s\u00a0problematikou z\u00e1kladov bezpe\u010dn\u00e9ho spr\u00e1vania pri\u2026","rel":"","context":"V &quot;IT kriminalita&quot;","block_context":{"text":"IT kriminalita","link":"https:\/\/preventista.sk\/info\/category\/prevencia\/itkrim\/"},"img":{"alt_text":"Computers","src":"https:\/\/i0.wp.com\/preventista.sk\/info\/wp-content\/uploads\/2013\/07\/computers.jpg?fit=700%2C400&ssl=1&resize=350%2C200","width":350,"height":200,"srcset":"https:\/\/i0.wp.com\/preventista.sk\/info\/wp-content\/uploads\/2013\/07\/computers.jpg?fit=700%2C400&ssl=1&resize=350%2C200 1x, https:\/\/i0.wp.com\/preventista.sk\/info\/wp-content\/uploads\/2013\/07\/computers.jpg?fit=700%2C400&ssl=1&resize=525%2C300 1.5x, https:\/\/i0.wp.com\/preventista.sk\/info\/wp-content\/uploads\/2013\/07\/computers.jpg?fit=700%2C400&ssl=1&resize=700%2C400 2x"},"classes":[]},{"id":121,"url":"https:\/\/preventista.sk\/info\/prevencia-mestu-nie-je-lahostajna\/","url_meta":{"origin":4809,"position":4},"title":"Prevencia mestu nie je \u013eahostajn\u00e1","author":"Redakcia","date":"21. m\u00e1ja 2013","format":false,"excerpt":"Nov\u00e9 technol\u00f3gie nie s\u00fa len u\u017eito\u010dn\u00e9, ale nespr\u00e1vnym pou\u017e\u00edvan\u00ed m\u00f4\u017eu skr\u00fdva\u0165 mnoho ohrozen\u00ed, najm\u00e4 pre na\u0161e deti a \u017eiakov. Mesto \u017diar nad Hronom sa preto rozhodlo v r\u00e1mci Kalend\u00e1ra aktiv\u00edt zameran\u00fdch na prevenciu drogov\u00fdch z\u00e1vislost\u00ed a in\u00fdch soci\u00e1lne patologick\u00fdch javov na rok 2013 zabezpe\u010di\u0165 vzdel\u00e1vanie v tejto oblasti v\u0161etk\u00fdm pedagogick\u00fdm\u2026","rel":"","context":"V &quot;Zaujalo n\u00e1s&quot;","block_context":{"text":"Zaujalo n\u00e1s","link":"https:\/\/preventista.sk\/info\/category\/skusenosti\/zaujalo\/"},"img":{"alt_text":"Ziar nad hronom","src":"https:\/\/i0.wp.com\/preventista.sk\/info\/wp-content\/uploads\/2013\/05\/Ziar.jpg?fit=700%2C400&ssl=1&resize=350%2C200","width":350,"height":200,"srcset":"https:\/\/i0.wp.com\/preventista.sk\/info\/wp-content\/uploads\/2013\/05\/Ziar.jpg?fit=700%2C400&ssl=1&resize=350%2C200 1x, https:\/\/i0.wp.com\/preventista.sk\/info\/wp-content\/uploads\/2013\/05\/Ziar.jpg?fit=700%2C400&ssl=1&resize=525%2C300 1.5x, https:\/\/i0.wp.com\/preventista.sk\/info\/wp-content\/uploads\/2013\/05\/Ziar.jpg?fit=700%2C400&ssl=1&resize=700%2C400 2x"},"classes":[]},{"id":6473,"url":"https:\/\/preventista.sk\/info\/zakutia-rodicovskej-ochrany-digitalnych-zariadeni\/","url_meta":{"origin":4809,"position":5},"title":"Z\u00e1kutia rodi\u010dovskej ochrany digit\u00e1lnych zariaden\u00ed","author":"Daniel Chromek","date":"17. j\u00fana 2025","format":false,"excerpt":"V tomto \u010dl\u00e1nku sa pozrieme bli\u017e\u0161ie na to: \u010co je to rodi\u010dovsk\u00e1 ochrana Netechnick\u00e9 z\u00e1kutia rodi\u010dovskej ochrany Technick\u00e9 z\u00e1kutia rodi\u010dovskej ochrany Ako sa z toho vymota\u0165? Rodi\u010dovsk\u00e1 ochrana Digit\u00e1lne technol\u00f3gie s\u00fa bez debaty ve\u013ek\u00fdm l\u00e1kadlom pre deti. Je potrebn\u00e9 da\u0165 si pozor na negat\u00edvne aspekty [1] [2] pou\u017e\u00edvania digit\u00e1lnych technol\u00f3gi\u00ed\u2026","rel":"","context":"V &quot;Bezpe\u010dnos\u0165&quot;","block_context":{"text":"Bezpe\u010dnos\u0165","link":"https:\/\/preventista.sk\/info\/category\/itbezp\/"},"img":{"alt_text":"","src":"https:\/\/i0.wp.com\/preventista.sk\/info\/wp-content\/uploads\/2025\/06\/rodic_kontrola.png?resize=350%2C200&ssl=1","width":350,"height":200,"srcset":"https:\/\/i0.wp.com\/preventista.sk\/info\/wp-content\/uploads\/2025\/06\/rodic_kontrola.png?resize=350%2C200&ssl=1 1x, https:\/\/i0.wp.com\/preventista.sk\/info\/wp-content\/uploads\/2025\/06\/rodic_kontrola.png?resize=525%2C300&ssl=1 1.5x, https:\/\/i0.wp.com\/preventista.sk\/info\/wp-content\/uploads\/2025\/06\/rodic_kontrola.png?resize=700%2C400&ssl=1 2x, https:\/\/i0.wp.com\/preventista.sk\/info\/wp-content\/uploads\/2025\/06\/rodic_kontrola.png?resize=1050%2C600&ssl=1 3x"},"classes":[]}],"_links":{"self":[{"href":"https:\/\/preventista.sk\/info\/wp-json\/wp\/v2\/posts\/4809","targetHints":{"allow":["GET"]}}],"collection":[{"href":"https:\/\/preventista.sk\/info\/wp-json\/wp\/v2\/posts"}],"about":[{"href":"https:\/\/preventista.sk\/info\/wp-json\/wp\/v2\/types\/post"}],"author":[{"embeddable":true,"href":"https:\/\/preventista.sk\/info\/wp-json\/wp\/v2\/users\/20"}],"replies":[{"embeddable":true,"href":"https:\/\/preventista.sk\/info\/wp-json\/wp\/v2\/comments?post=4809"}],"version-history":[{"count":7,"href":"https:\/\/preventista.sk\/info\/wp-json\/wp\/v2\/posts\/4809\/revisions"}],"predecessor-version":[{"id":4821,"href":"https:\/\/preventista.sk\/info\/wp-json\/wp\/v2\/posts\/4809\/revisions\/4821"}],"wp:attachment":[{"href":"https:\/\/preventista.sk\/info\/wp-json\/wp\/v2\/media?parent=4809"}],"wp:term":[{"taxonomy":"category","embeddable":true,"href":"https:\/\/preventista.sk\/info\/wp-json\/wp\/v2\/categories?post=4809"},{"taxonomy":"post_tag","embeddable":true,"href":"https:\/\/preventista.sk\/info\/wp-json\/wp\/v2\/tags?post=4809"}],"curies":[{"name":"wp","href":"https:\/\/api.w.org\/{rel}","templated":true}]}}