{"id":4830,"date":"2022-04-29T20:45:17","date_gmt":"2022-04-29T18:45:17","guid":{"rendered":"https:\/\/preventista.sk\/info\/?p=4830"},"modified":"2022-04-29T20:50:46","modified_gmt":"2022-04-29T18:50:46","slug":"skusenosti-s-prevenciou-kriminality-na-urovni-samospravy","status":"publish","type":"post","link":"https:\/\/preventista.sk\/info\/skusenosti-s-prevenciou-kriminality-na-urovni-samospravy\/","title":{"rendered":"Sk\u00fasenosti s prevenciou kriminality na \u00farovni samospr\u00e1vy"},"content":{"rendered":"\n<p>&#8230; m\u00f4\u017ee samospr\u00e1va efekt\u00edvne p\u00f4sobi\u0165 v oblasti prevencie kriminality a by\u0165 dobr\u00fdm partnerom \u0161kol\u00e1m v ich prevent\u00edvnom p\u00f4soben\u00ed?  \u00c1no m\u00f4\u017ee, dokonca efekt\u00edvne. <\/p>\n\n\n\n<div class=\"wp-block-image\"><figure class=\"aligncenter size-large\"><img data-recalc-dims=\"1\" loading=\"lazy\" decoding=\"async\" width=\"700\" height=\"587\" data-attachment-id=\"4847\" data-permalink=\"https:\/\/preventista.sk\/info\/skusenosti-s-prevenciou-kriminality-na-urovni-samospravy\/prevencia-2022\/\" data-orig-file=\"https:\/\/i0.wp.com\/preventista.sk\/info\/wp-content\/uploads\/2022\/04\/prevencia-2022.png?fit=940%2C788&amp;ssl=1\" data-orig-size=\"940,788\" data-comments-opened=\"1\" data-image-meta=\"{&quot;aperture&quot;:&quot;0&quot;,&quot;credit&quot;:&quot;&quot;,&quot;camera&quot;:&quot;&quot;,&quot;caption&quot;:&quot;&quot;,&quot;created_timestamp&quot;:&quot;0&quot;,&quot;copyright&quot;:&quot;&quot;,&quot;focal_length&quot;:&quot;0&quot;,&quot;iso&quot;:&quot;0&quot;,&quot;shutter_speed&quot;:&quot;0&quot;,&quot;title&quot;:&quot;&quot;,&quot;orientation&quot;:&quot;0&quot;}\" data-image-title=\"prevencia-2022\" data-image-description=\"\" data-image-caption=\"\" data-large-file=\"https:\/\/i0.wp.com\/preventista.sk\/info\/wp-content\/uploads\/2022\/04\/prevencia-2022.png?fit=700%2C587&amp;ssl=1\" src=\"https:\/\/i0.wp.com\/preventista.sk\/info\/wp-content\/uploads\/2022\/04\/prevencia-2022.png?resize=700%2C587&#038;ssl=1\" alt=\"\" class=\"wp-image-4847\" srcset=\"https:\/\/i0.wp.com\/preventista.sk\/info\/wp-content\/uploads\/2022\/04\/prevencia-2022.png?resize=700%2C587&amp;ssl=1 700w, https:\/\/i0.wp.com\/preventista.sk\/info\/wp-content\/uploads\/2022\/04\/prevencia-2022.png?resize=450%2C377&amp;ssl=1 450w, https:\/\/i0.wp.com\/preventista.sk\/info\/wp-content\/uploads\/2022\/04\/prevencia-2022.png?resize=320%2C268&amp;ssl=1 320w, https:\/\/i0.wp.com\/preventista.sk\/info\/wp-content\/uploads\/2022\/04\/prevencia-2022.png?resize=768%2C644&amp;ssl=1 768w, https:\/\/i0.wp.com\/preventista.sk\/info\/wp-content\/uploads\/2022\/04\/prevencia-2022.png?w=940&amp;ssl=1 940w\" sizes=\"auto, (max-width: 700px) 100vw, 700px\" \/><figcaption><em>zdroj: canva.com<\/em><\/figcaption><\/figure><\/div>\n\n\n\n<p>Pre sk\u00fasenosti sa obzrime cca. 10 &#8211; 11 rokov kedy to za\u010dalo &#8230;. vtedy prv\u00fdkr\u00e1t koordinovane v lokalite, kde nesk\u00f4r vzniklo aj na\u0161e ob\u010dianske zdru\u017eenie Preventista &#8211; zdru\u017eenie pre bezpe\u010dnos\u0165 a prevenciu, za\u010dali spolupracova\u0165 subjekty zainteresovan\u00e9 do problematike prevencie soci\u00e1lno-patologick\u00fdch javov na lok\u00e1lnej \u00farovni\u00a0 &#8211; zast\u00fapenie mesta Lu\u010denec, Mestskej pol\u00edcie, Policajn\u00e9ho zboru SR, Hasi\u010dsk\u00e9ho a z\u00e1chrann\u00e9ho zboru SR, Colnej a finan\u010dnej spr\u00e1vy SR, CPPaP a nez\u00e1visl\u00ed odborn\u00edci na problematiku kriminality a soci\u00e1lno-patologickej prevencie.<\/p>\n\n\n\n<p>Prim\u00e1rnym z\u00e1merom bolo vytvorenie poradn\u00e9ho, iniciat\u00edvneho a koordina\u010dn\u00e9ho org\u00e1nu \u00faradu prim\u00e1tora mesta Lu\u010denec v zmysle Strat\u00e9gie prevencie kriminality na miestnej \u00farovni (Uznesenie vl\u00e1dy \u010d.681 a nadv\u00e4zuj\u00face).<\/p>\n\n\n\n<p>Komisia v danom zlo\u017een\u00ed fungovala nieko\u013eko rokov, d\u00f4le\u017eit\u00fdm faktorom jej \u010dinnosti je kreovanie radu prevent\u00edvnych aktiv\u00edt v r\u00f4znych form\u00e1toch pre z\u00e1kladn\u00e9 aj stredn\u00e9 \u0161koly v region\u00e1lnej p\u00f4sobnosti. Okrem pozit\u00edvneho dopadu v reg\u00f3ne bol zauj\u00edmav\u00fdm efektom aj mimoregion\u00e1lny dopad t\u00fdchto aktiv\u00edt. V priebehu nasleduj\u00facich rokov niektor\u00e9 z t\u00fdchto aktiv\u00edt boli  odprezentovan\u00e9 na r\u00f4znych celo\u0161t\u00e1tnych ale aj medzin\u00e1rodn\u00fdch konferenci\u00e1ch a workshopoch a n\u00e1sledne ich my\u0161lienku \u010di formu prevzali samospr\u00e1vy a \u0161koly po celom \u00fazem\u00ed Slovenskej republiky. V mnoh\u00fdch pr\u00edpadoch ich prevedenie roz\u0161\u00edrili, doplnili do nich vlastn\u00fa invenciu. Je to jav, ktor\u00fd pote\u0161\u00ed a s odstupom \u010dasu d\u00e1va pr\u00edjemn\u00fd pocit, \u017ee t\u00edmov\u00e1 pr\u00e1ca \u010dlenov komisie nebola zbyto\u010dn\u00e1.<\/p>\n\n\n\n<p>Ak by sme h\u013eadali odpove\u010f na to \u010d\u00edm to za\u010dalo &#8211; tak prvou aktivitou komisie v spolupr\u00e1ci s Centrom poradensk\u00fdch a psychologick\u00fdch slu\u017eieb v Lu\u010denci boli tri aktivity neskromne pomenovate\u013en\u00e9 ako pomp\u00e9zne:<\/p>\n\n\n\n<ul class=\"wp-block-list\"><li>spustenie prieskumu soci\u00e1lno-patologick\u00fdch javov <strong>Prevencia 2011<\/strong> realizovanom na z\u00e1kladn\u00fdch \u0161kol\u00e1ch v zria\u010fovate\u013eskej p\u00f4sobnosti mesta  &#8211; prieskumy m\u00f4\u017eete n\u00e1js\u0165 na linku <a href=\"https:\/\/preventista.sk\/info\/prieskum-na-zakladnych-skolach-mesta-lucenec\/\" target=\"_blank\" rel=\"noreferrer noopener\">https:\/\/preventista.sk\/info\/prieskum-na-zakladnych-skolach-mesta-lucenec\/<\/a><\/li><li>projekt <strong>Prav\u00e1 tv\u00e1r po\u010d\u00edta\u010da a \u017eivot bez neho<\/strong> (Safer Internet Day Lu\u010denec 2012) do ktor\u00e9ho sa zapojila bezm\u00e1la tis\u00edcka \u017eiakov z\u00e1kladn\u00fdch \u0161k\u00f4l <\/li><\/ul>\n\n\n\n<div class=\"wp-block-image\"><figure class=\"aligncenter size-large is-resized\"><img data-recalc-dims=\"1\" loading=\"lazy\" decoding=\"async\" data-attachment-id=\"4839\" data-permalink=\"https:\/\/preventista.sk\/info\/skusenosti-s-prevenciou-kriminality-na-urovni-samospravy\/snimka2\/\" data-orig-file=\"https:\/\/i0.wp.com\/preventista.sk\/info\/wp-content\/uploads\/2022\/04\/Snimka2.png?fit=1186%2C523&amp;ssl=1\" data-orig-size=\"1186,523\" data-comments-opened=\"1\" data-image-meta=\"{&quot;aperture&quot;:&quot;0&quot;,&quot;credit&quot;:&quot;&quot;,&quot;camera&quot;:&quot;&quot;,&quot;caption&quot;:&quot;&quot;,&quot;created_timestamp&quot;:&quot;0&quot;,&quot;copyright&quot;:&quot;&quot;,&quot;focal_length&quot;:&quot;0&quot;,&quot;iso&quot;:&quot;0&quot;,&quot;shutter_speed&quot;:&quot;0&quot;,&quot;title&quot;:&quot;&quot;,&quot;orientation&quot;:&quot;0&quot;}\" data-image-title=\"Snimka2\" data-image-description=\"\" data-image-caption=\"\" data-large-file=\"https:\/\/i0.wp.com\/preventista.sk\/info\/wp-content\/uploads\/2022\/04\/Snimka2.png?fit=700%2C309&amp;ssl=1\" src=\"https:\/\/i0.wp.com\/preventista.sk\/info\/wp-content\/uploads\/2022\/04\/Snimka2.png?resize=548%2C242&#038;ssl=1\" alt=\"\" class=\"wp-image-4839\" width=\"548\" height=\"242\" srcset=\"https:\/\/i0.wp.com\/preventista.sk\/info\/wp-content\/uploads\/2022\/04\/Snimka2.png?resize=700%2C309&amp;ssl=1 700w, https:\/\/i0.wp.com\/preventista.sk\/info\/wp-content\/uploads\/2022\/04\/Snimka2.png?resize=450%2C198&amp;ssl=1 450w, https:\/\/i0.wp.com\/preventista.sk\/info\/wp-content\/uploads\/2022\/04\/Snimka2.png?resize=320%2C141&amp;ssl=1 320w, https:\/\/i0.wp.com\/preventista.sk\/info\/wp-content\/uploads\/2022\/04\/Snimka2.png?resize=768%2C339&amp;ssl=1 768w, https:\/\/i0.wp.com\/preventista.sk\/info\/wp-content\/uploads\/2022\/04\/Snimka2.png?w=1186&amp;ssl=1 1186w\" sizes=\"auto, (max-width: 548px) 100vw, 548px\" \/><figcaption><em>zdroj: arch\u00edv OZ Preventista<\/em><\/figcaption><\/figure><\/div>\n\n\n\n<ul class=\"wp-block-list\"><li>spustenie projektu zn\u00e1meho v odborn\u00fdch kruhoch ako <strong>Koloto\u010d prevencie<\/strong> &#8211; prv\u00fdkr\u00e1t otestovan\u00fd na <em>Gymn\u00e1ziu Bo\u017eeny Slan\u010d\u00edkovej Timravy v Lu\u010denci<\/em><\/li><\/ul>\n\n\n\n<p>Aktiv\u00edt ktor\u00e9 v regi\u00f3ne komisia priniesla a zrealizovala bolo mnoho &#8211; viac sa m\u00f4\u017eete dozvedie\u0165 z prezent\u00e1cie, ktor\u00fa si m\u00f4\u017eete stiahnu\u0165 z tohto linku <a href=\"https:\/\/preventista.sk\/info\/wp-content\/uploads\/2022\/04\/riadenie-prevencie-samosprava.pdf\" target=\"_blank\" rel=\"noreferrer noopener\">https:\/\/preventista.sk\/info\/wp-content\/uploads\/2022\/04\/riadenie-prevencie-samosprava.pdf<\/a><\/p>\n\n\n\n<p>Existencia a aktivity podobnej koordina\u010dnej platformy akou Komisia prevencie v \u010dase jej fungovania nesporne bola jasne uk\u00e1zala, \u017ee samospr\u00e1va m\u00e1 priestor na efekt\u00edvne p\u00f4sobenie v oblasti prevencie. Jednoducho sta\u010d\u00ed v\u00f4\u013ea a snaha a ide to. <\/p>\n\n\n\n<p>Odvtedy pre\u0161lo desa\u0165 rokov. \u00da\u010dastn\u00edci aktiv\u00edt ako napr\u00edklad na\u0161i skvel\u00ed peer aktivisti (vtedy \u017eiaci 2.stup\u0148a z\u00e1kladnej \u0161koly) s\u00fa dnes dospel\u00ed. V princ\u00edpe m\u00f4\u017eeme poveda\u0165, \u017ee n\u00e1m vyr\u00e1stla jedna gener\u00e1cia, ktor\u00fa u\u017e s odvahou m\u00f4\u017eeme nazva\u0165 digit\u00e1lni domorodci (na rozdiel od na\u0161ej gener\u00e1cie kde chtiac \u010di nechtiac mus\u00edme prizna\u0165, \u017ee sme digit\u00e1lny nom\u00e1di). <\/p>\n\n\n\n<p>Polo\u017eme si ot\u00e1zku, \u010di sme koncep\u010dne dok\u00e1zali vyu\u017ei\u0165 podobn\u00e9 region\u00e1lne nad\u0161eneck\u00e9 a obetav\u00e9 aktivity a \u010di tento potenci\u00e1l nemohol predstavova\u0165 z\u00e1sadnej\u0161\u00ed posun v budovan\u00ed bezpe\u010dnostn\u00e9ho povedomia v oblasti riz\u00edk digit\u00e1lneho sveta. A to \u010di na \u00farovni samospr\u00e1v tak na \u00farovni \u0161t\u00e1tu.<\/p>\n\n\n\n<p>Len pre ilustr\u00e1ciu v\u00fd\u0148atok z aktu\u00e1lneho prieskumu n\u00e1\u0161ho OZ &#8211; konkr\u00e9tne v ot\u00e1zke &#8222;<em>Ako hodnot\u00edte v oblasti prevencie IT kriminality podporu zo strany zria\u010fovate\u013ea<\/em>?&#8220; (1-\u017eiadna  &#8230;. 5-vynikaj\u00faca)<\/p>\n\n\n\n<div class=\"wp-block-image\"><figure class=\"aligncenter size-large\"><img data-recalc-dims=\"1\" loading=\"lazy\" decoding=\"async\" width=\"700\" height=\"237\" data-attachment-id=\"4843\" data-permalink=\"https:\/\/preventista.sk\/info\/skusenosti-s-prevenciou-kriminality-na-urovni-samospravy\/image-12\/\" data-orig-file=\"https:\/\/i0.wp.com\/preventista.sk\/info\/wp-content\/uploads\/2022\/04\/image.png?fit=1118%2C379&amp;ssl=1\" data-orig-size=\"1118,379\" data-comments-opened=\"1\" data-image-meta=\"{&quot;aperture&quot;:&quot;0&quot;,&quot;credit&quot;:&quot;&quot;,&quot;camera&quot;:&quot;&quot;,&quot;caption&quot;:&quot;&quot;,&quot;created_timestamp&quot;:&quot;0&quot;,&quot;copyright&quot;:&quot;&quot;,&quot;focal_length&quot;:&quot;0&quot;,&quot;iso&quot;:&quot;0&quot;,&quot;shutter_speed&quot;:&quot;0&quot;,&quot;title&quot;:&quot;&quot;,&quot;orientation&quot;:&quot;0&quot;}\" data-image-title=\"image\" data-image-description=\"\" data-image-caption=\"\" data-large-file=\"https:\/\/i0.wp.com\/preventista.sk\/info\/wp-content\/uploads\/2022\/04\/image.png?fit=700%2C237&amp;ssl=1\" src=\"https:\/\/i0.wp.com\/preventista.sk\/info\/wp-content\/uploads\/2022\/04\/image.png?resize=700%2C237&#038;ssl=1\" alt=\"\" class=\"wp-image-4843\" srcset=\"https:\/\/i0.wp.com\/preventista.sk\/info\/wp-content\/uploads\/2022\/04\/image.png?resize=700%2C237&amp;ssl=1 700w, https:\/\/i0.wp.com\/preventista.sk\/info\/wp-content\/uploads\/2022\/04\/image.png?resize=450%2C153&amp;ssl=1 450w, https:\/\/i0.wp.com\/preventista.sk\/info\/wp-content\/uploads\/2022\/04\/image.png?resize=320%2C108&amp;ssl=1 320w, https:\/\/i0.wp.com\/preventista.sk\/info\/wp-content\/uploads\/2022\/04\/image.png?resize=768%2C260&amp;ssl=1 768w, https:\/\/i0.wp.com\/preventista.sk\/info\/wp-content\/uploads\/2022\/04\/image.png?w=1118&amp;ssl=1 1118w\" sizes=\"auto, (max-width: 700px) 100vw, 700px\" \/><\/figure><\/div>\n\n\n\n<p>pre porovnanie prieskum z roku 2020<\/p>\n\n\n\n<div class=\"wp-block-image\"><figure class=\"aligncenter size-large\"><img data-recalc-dims=\"1\" loading=\"lazy\" decoding=\"async\" width=\"700\" height=\"223\" data-attachment-id=\"4844\" data-permalink=\"https:\/\/preventista.sk\/info\/skusenosti-s-prevenciou-kriminality-na-urovni-samospravy\/image-1-6\/\" data-orig-file=\"https:\/\/i0.wp.com\/preventista.sk\/info\/wp-content\/uploads\/2022\/04\/image-1.png?fit=1100%2C351&amp;ssl=1\" data-orig-size=\"1100,351\" data-comments-opened=\"1\" data-image-meta=\"{&quot;aperture&quot;:&quot;0&quot;,&quot;credit&quot;:&quot;&quot;,&quot;camera&quot;:&quot;&quot;,&quot;caption&quot;:&quot;&quot;,&quot;created_timestamp&quot;:&quot;0&quot;,&quot;copyright&quot;:&quot;&quot;,&quot;focal_length&quot;:&quot;0&quot;,&quot;iso&quot;:&quot;0&quot;,&quot;shutter_speed&quot;:&quot;0&quot;,&quot;title&quot;:&quot;&quot;,&quot;orientation&quot;:&quot;0&quot;}\" data-image-title=\"image-1\" data-image-description=\"\" data-image-caption=\"\" data-large-file=\"https:\/\/i0.wp.com\/preventista.sk\/info\/wp-content\/uploads\/2022\/04\/image-1.png?fit=700%2C223&amp;ssl=1\" src=\"https:\/\/i0.wp.com\/preventista.sk\/info\/wp-content\/uploads\/2022\/04\/image-1.png?resize=700%2C223&#038;ssl=1\" alt=\"\" class=\"wp-image-4844\" srcset=\"https:\/\/i0.wp.com\/preventista.sk\/info\/wp-content\/uploads\/2022\/04\/image-1.png?resize=700%2C223&amp;ssl=1 700w, https:\/\/i0.wp.com\/preventista.sk\/info\/wp-content\/uploads\/2022\/04\/image-1.png?resize=450%2C144&amp;ssl=1 450w, https:\/\/i0.wp.com\/preventista.sk\/info\/wp-content\/uploads\/2022\/04\/image-1.png?resize=320%2C102&amp;ssl=1 320w, https:\/\/i0.wp.com\/preventista.sk\/info\/wp-content\/uploads\/2022\/04\/image-1.png?resize=768%2C245&amp;ssl=1 768w, https:\/\/i0.wp.com\/preventista.sk\/info\/wp-content\/uploads\/2022\/04\/image-1.png?w=1100&amp;ssl=1 1100w\" sizes=\"auto, (max-width: 700px) 100vw, 700px\" \/><\/figure><\/div>\n\n\n\n<p>Ak by ste mali z\u00e1ujem zapoji\u0165 sa s n\u00e1zorom do prieskumu 2022 &#8211; nech sa p\u00e1\u010di link <a href=\"https:\/\/preventista.sk\/info\/prieskum-preventista-2022\/\" target=\"_blank\" rel=\"noreferrer noopener\">https:\/\/preventista.sk\/info\/prieskum-preventista-2022\/<\/a><\/p>\n\n\n\n<figure class=\"wp-block-image size-large is-resized is-style-default\"><img data-recalc-dims=\"1\" loading=\"lazy\" decoding=\"async\" data-attachment-id=\"1031\" data-permalink=\"https:\/\/preventista.sk\/info\/3-najcastejsie-otazky\/podpis\/\" data-orig-file=\"https:\/\/i0.wp.com\/preventista.sk\/info\/wp-content\/uploads\/2013\/08\/podpis.png?fit=1170%2C860&amp;ssl=1\" data-orig-size=\"1170,860\" data-comments-opened=\"1\" data-image-meta=\"{&quot;aperture&quot;:&quot;0&quot;,&quot;credit&quot;:&quot;&quot;,&quot;camera&quot;:&quot;&quot;,&quot;caption&quot;:&quot;&quot;,&quot;created_timestamp&quot;:&quot;0&quot;,&quot;copyright&quot;:&quot;&quot;,&quot;focal_length&quot;:&quot;0&quot;,&quot;iso&quot;:&quot;0&quot;,&quot;shutter_speed&quot;:&quot;0&quot;,&quot;title&quot;:&quot;&quot;}\" data-image-title=\"podpis\" data-image-description=\"\" data-image-caption=\"\" data-large-file=\"https:\/\/i0.wp.com\/preventista.sk\/info\/wp-content\/uploads\/2013\/08\/podpis.png?fit=1024%2C752&amp;ssl=1\" src=\"https:\/\/i0.wp.com\/preventista.sk\/info\/wp-content\/uploads\/2013\/08\/podpis.png?resize=307%2C225&#038;ssl=1\" alt=\"\" class=\"wp-image-1031\" width=\"307\" height=\"225\" srcset=\"https:\/\/i0.wp.com\/preventista.sk\/info\/wp-content\/uploads\/2013\/08\/podpis.png?resize=1024%2C752&amp;ssl=1 1024w, https:\/\/i0.wp.com\/preventista.sk\/info\/wp-content\/uploads\/2013\/08\/podpis.png?resize=150%2C110&amp;ssl=1 150w, https:\/\/i0.wp.com\/preventista.sk\/info\/wp-content\/uploads\/2013\/08\/podpis.png?resize=300%2C220&amp;ssl=1 300w, https:\/\/i0.wp.com\/preventista.sk\/info\/wp-content\/uploads\/2013\/08\/podpis.png?w=1170&amp;ssl=1 1170w\" sizes=\"auto, (max-width: 307px) 100vw, 307px\" \/><\/figure>\n\n\n\n<p> <\/p>\n","protected":false},"excerpt":{"rendered":"<p>&#8230; m\u00f4\u017ee samospr\u00e1va efekt\u00edvne p\u00f4sobi\u0165 v oblasti prevencie kriminality a by\u0165 dobr\u00fdm partnerom \u0161kol\u00e1m v ich prevent\u00edvnom p\u00f4soben\u00ed? \u00c1no m\u00f4\u017ee, dokonca efekt\u00edvne. Pre sk\u00fasenosti sa obzrime cca. 10 &#8211; 11 rokov kedy to za\u010dalo &#8230;. vtedy prv\u00fdkr\u00e1t koordinovane v lokalite, kde nesk\u00f4r vzniklo aj na\u0161e ob\u010dianske zdru\u017eenie Preventista &#8211; zdru\u017eenie pre bezpe\u010dnos\u0165 a prevenciu, za\u010dali [&hellip;]<\/p>\n","protected":false},"author":2,"featured_media":0,"comment_status":"open","ping_status":"open","sticky":false,"template":"","format":"standard","meta":{"jetpack_post_was_ever_published":false,"_jetpack_newsletter_access":"","_jetpack_dont_email_post_to_subs":false,"_jetpack_newsletter_tier_id":0,"_jetpack_memberships_contains_paywalled_content":false,"_jetpack_memberships_contains_paid_content":false,"footnotes":""},"categories":[61],"tags":[117],"class_list":["post-4830","post","type-post","status-publish","format-standard","hentry","category-prevencia","tag-prevencia"],"aioseo_notices":[],"jetpack_featured_media_url":"","jetpack_sharing_enabled":true,"jetpack-related-posts":[{"id":3703,"url":"https:\/\/preventista.sk\/info\/prieskum-2020-vzdelavanie-v-oblasti-bezpecnosti-it-a-prevencia-it-kriminality\/","url_meta":{"origin":4830,"position":0},"title":"PRIESKUM 2020: Vzdel\u00e1vanie v oblasti bezpe\u010dnosti IT a prevencia IT kriminality&#8230;.","author":"Redakcia","date":"4. marca 2020","format":false,"excerpt":"V\u00e1\u017een\u00ed pedag\u00f3govia. V r\u00e1mci na\u0161i aktiv\u00edt a predn\u00e1\u0161ok k t\u00e9mam vzdel\u00e1vanie IT bezpe\u010dnosti a prevencie IT kriminality \u0161tandardne stret\u00e1vate porovn\u00e1vacie prieskumy zameran\u00e9 na identifik\u00e1ciu v\u00fdvoja tejto problematiky z dlhodob\u00e9ho h\u013eadiska. Zistenia prezentovan\u00e9 v r\u00e1mci semin\u00e1rov s\u00fa v\u017edy predmetom zauj\u00edmavej diskusie. \u010cerp\u00e1me zo sk\u00fasenost\u00ed zo spolupr\u00e1ce so \u0161kolami i u\u010dite\u013emi ako\u2026","rel":"","context":"V &quot;Prieskumy&quot;","block_context":{"text":"Prieskumy","link":"https:\/\/preventista.sk\/info\/category\/skusenosti\/prieskumy\/"},"img":{"alt_text":"prieskum","src":"https:\/\/i0.wp.com\/preventista.sk\/info\/wp-content\/uploads\/2012\/05\/Prieskum.jpg?fit=700%2C400&ssl=1&resize=350%2C200","width":350,"height":200,"srcset":"https:\/\/i0.wp.com\/preventista.sk\/info\/wp-content\/uploads\/2012\/05\/Prieskum.jpg?fit=700%2C400&ssl=1&resize=350%2C200 1x, https:\/\/i0.wp.com\/preventista.sk\/info\/wp-content\/uploads\/2012\/05\/Prieskum.jpg?fit=700%2C400&ssl=1&resize=525%2C300 1.5x, https:\/\/i0.wp.com\/preventista.sk\/info\/wp-content\/uploads\/2012\/05\/Prieskum.jpg?fit=700%2C400&ssl=1&resize=700%2C400 2x"},"classes":[]},{"id":2846,"url":"https:\/\/preventista.sk\/info\/virtualny-svet-a-realne-nebezepecenstva\/","url_meta":{"origin":4830,"position":1},"title":"VIRTU\u00c1LNY SVET A RE\u00c1LNE NEBEZEPE\u010cENSTV\u00c1","author":"Redakcia","date":"24. septembra 2015","format":false,"excerpt":"V spolupr\u00e1ci ob\u010dianskeho zdru\u017eenia PREVENTISTA \u2013 zdru\u017eenie pre bezpe\u010dnos\u0165 a\u00a0prevenciu, Finan\u010dnej spr\u00e1vy SR, Ministerstva vn\u00fatra SR, CPPPaP Lu\u010denec a\u00a0\u010fal\u0161\u00edch partnerov sa d\u0148a 16.9.2015\u00a0 v\u00a0Lu\u010denci uskuto\u010dnil pracovn\u00fd workshop pre preventistov, pedag\u00f3gov a\u00a0odborn\u00fa verejnos\u0165 s\u00a0n\u00e1zvom \u201eVirtu\u00e1lny svet a\u00a0re\u00e1lne nebezpe\u010denstv\u00e1\u201c. Obsah workshopu bol zameran\u00fd na spektrum t\u00e9m z\u00a0oblasti riz\u00edk internetov\u00e9ho sveta a\u00a0soci\u00e1lnych siet\u00ed.\u2026","rel":"","context":"V &quot;Aktu\u00e1lne&quot;","block_context":{"text":"Aktu\u00e1lne","link":"https:\/\/preventista.sk\/info\/category\/akcie\/aktualne\/"},"img":{"alt_text":"","src":"https:\/\/i0.wp.com\/preventista.sk\/info\/wp-content\/uploads\/2015\/09\/workshop.png?fit=700%2C400&ssl=1&resize=350%2C200","width":350,"height":200,"srcset":"https:\/\/i0.wp.com\/preventista.sk\/info\/wp-content\/uploads\/2015\/09\/workshop.png?fit=700%2C400&ssl=1&resize=350%2C200 1x, https:\/\/i0.wp.com\/preventista.sk\/info\/wp-content\/uploads\/2015\/09\/workshop.png?fit=700%2C400&ssl=1&resize=525%2C300 1.5x, https:\/\/i0.wp.com\/preventista.sk\/info\/wp-content\/uploads\/2015\/09\/workshop.png?fit=700%2C400&ssl=1&resize=700%2C400 2x"},"classes":[]},{"id":4403,"url":"https:\/\/preventista.sk\/info\/prevencia-pocitacovej-kriminality-a-jej-vyuzitie-v-praci-s-mladezou\/","url_meta":{"origin":4830,"position":2},"title":"Prevencia po\u010d\u00edta\u010dovej kriminality a jej vyu\u017eitie v pr\u00e1ci s ml\u00e1de\u017eou","author":"Redakcia","date":"6. apr\u00edla 2021","format":false,"excerpt":"Vzdel\u00e1vanie, z\u00e1bava, stret\u00e1vanie sa s\u00a0priate\u013emi, aj pr\u00e1ca, \u010di h\u013eadanie zamestnania, to v\u0161etko sa aj pre deti a\u00a0mlad\u00fdch \u013eud\u00ed presunulo v\u00a0uplynul\u00fdch dvan\u00e1stich mesiacoch do virtu\u00e1lneho prostredia. Ohromn\u00e9 skoky v\u00a0technick\u00fdch aj technologick\u00fdch kompetenci\u00e1ch je nevyhnutn\u00e9 dop\u013a\u0148a\u0165 aj zvy\u0161ovan\u00edm kompetenci\u00ed v\u00a0oblasti prevencie bezpe\u010dnosti v\u00a0online priestore. Vypo\u010duli sme hlas pracovn\u00edkov a\u00a0pracovn\u00ed\u010dok s\u00a0ml\u00e1de\u017eou, \u010di \u010fal\u0161\u00edch\u2026","rel":"","context":"V &quot;Prevencia&quot;","block_context":{"text":"Prevencia","link":"https:\/\/preventista.sk\/info\/category\/prevencia\/"},"img":{"alt_text":"","src":"https:\/\/i0.wp.com\/preventista.sk\/info\/wp-content\/uploads\/2021\/01\/IUVENTA_logo_PNG-e1610132456341.png?resize=350%2C200","width":350,"height":200},"classes":[]},{"id":2687,"url":"https:\/\/preventista.sk\/info\/prevencia-v-oblasti-it-kriminality-skusenosti-zo-skolskeho-prostredia\/","url_meta":{"origin":4830,"position":3},"title":"Prevencia v oblasti IT kriminality \u2013 sk\u00fasenosti zo \u0161kolsk\u00e9ho prostredia","author":"J. Oster","date":"13. j\u00fala 2015","format":false,"excerpt":"Praktick\u00e1 realiz\u00e1cia r\u00f4znych foriem prevencie so zameran\u00edm najm\u00e4 na t\u00e9my informa\u010dnej bezpe\u010dnosti a\u00a0prevencie IT kriminality ur\u010dite nie je jednoduch\u00e1. Nie je jednoduch\u00e1 ani v\u00a0komer\u010dnom sektore, ale v\u00a0sektore \u0161kolstva u\u017e v\u00f4bec nie. Argumenty vzn\u00e1\u0161an\u00e9 po\u010das nez\u00e1visl\u00fdch deb\u00e1t v\u00a0r\u00e1mci aktiv\u00edt na \u0161kol\u00e1ch, \u010di r\u00f4znych vzdel\u00e1vac\u00edch workshopoch pre pedag\u00f3gov potvrdzuj\u00fa nieko\u013eko z\u00e1kladn\u00fdch probl\u00e9mov:\u2026","rel":"","context":"V &quot;IT kriminalita&quot;","block_context":{"text":"IT kriminalita","link":"https:\/\/preventista.sk\/info\/category\/prevencia\/itkrim\/"},"img":{"alt_text":"","src":"https:\/\/i0.wp.com\/preventista.sk\/info\/wp-content\/uploads\/2015\/07\/prevencia-%C5%A1kola1.png?fit=700%2C400&ssl=1&resize=350%2C200","width":350,"height":200,"srcset":"https:\/\/i0.wp.com\/preventista.sk\/info\/wp-content\/uploads\/2015\/07\/prevencia-%C5%A1kola1.png?fit=700%2C400&ssl=1&resize=350%2C200 1x, https:\/\/i0.wp.com\/preventista.sk\/info\/wp-content\/uploads\/2015\/07\/prevencia-%C5%A1kola1.png?fit=700%2C400&ssl=1&resize=525%2C300 1.5x, https:\/\/i0.wp.com\/preventista.sk\/info\/wp-content\/uploads\/2015\/07\/prevencia-%C5%A1kola1.png?fit=700%2C400&ssl=1&resize=700%2C400 2x"},"classes":[]},{"id":2941,"url":"https:\/\/preventista.sk\/info\/sahanski-mladi-preventisti\/","url_meta":{"origin":4830,"position":4},"title":"\u0160ahansk\u00ed \u201emlad\u00ed preventisti\u201c","author":"Redakcia","date":"10. decembra 2015","format":false,"excerpt":"V\u00a0priebehu mesiacov september a\u017e december 2015 prebiehal \u00a0na \u00a0Gymn\u00e1ziu, Ml\u00e1de\u017en\u00edcka 22, \u0160ahy \u00a0jedine\u010dn\u00fd projekt na Slovensku \u2013 \u201eMlad\u00ed preventisti\u201c- zodpovednou v\u00fdchovou k\u00a0vlastnej bezpe\u010dnosti. Projekt vznikol na z\u00e1klade v\u00fdzvy na prevenciu kriminality pre rok 2015. Finan\u010dne je podporen\u00fd Ministerstvom vn\u00fatra SR, Nitrianskym samospr\u00e1vnym krajom a\u00a0ob\u010dianskym zdru\u017een\u00edm Alma Mater. \u010co je cie\u013eom\u2026","rel":"","context":"V &quot;IT kriminalita&quot;","block_context":{"text":"IT kriminalita","link":"https:\/\/preventista.sk\/info\/category\/prevencia\/itkrim\/"},"img":{"alt_text":"mladi preventisti","src":"https:\/\/i0.wp.com\/preventista.sk\/info\/wp-content\/uploads\/2015\/12\/cover-sahy.jpg?fit=700%2C400&ssl=1&resize=350%2C200","width":350,"height":200,"srcset":"https:\/\/i0.wp.com\/preventista.sk\/info\/wp-content\/uploads\/2015\/12\/cover-sahy.jpg?fit=700%2C400&ssl=1&resize=350%2C200 1x, https:\/\/i0.wp.com\/preventista.sk\/info\/wp-content\/uploads\/2015\/12\/cover-sahy.jpg?fit=700%2C400&ssl=1&resize=525%2C300 1.5x, https:\/\/i0.wp.com\/preventista.sk\/info\/wp-content\/uploads\/2015\/12\/cover-sahy.jpg?fit=700%2C400&ssl=1&resize=700%2C400 2x"},"classes":[]},{"id":44,"url":"https:\/\/preventista.sk\/info\/nami-realizovane-aktivity-v-oblasti-prevencie\/","url_meta":{"origin":4830,"position":5},"title":"Nami realizovan\u00e9 aktivity v oblasti prevencie","author":"Redakcia","date":"19. j\u00fala 2013","format":false,"excerpt":"SPOLUPR\u00c1CA NA REALIZ\u00c1CII PRIESKUMU (2011\/2012) prieskum soci\u00e1lno-patologick\u00fdch javov na z\u00e1kladn\u00fdch \u0161kol\u00e1ch mesta Lu\u010denec Komisia prevencie, Lu\u010denec\u00a0\u00a0\u00a0 informat\u00edvny \u010dl\u00e1nok z v\u00fdsledkov prieskumu (scoop.it) Modern\u00e9 komunika\u010dn\u00e9 technol\u00f3gie, rizik\u00e1 ich pou\u017e\u00edvania prevencia IT kriminality (12\/2018) vzdel\u00e1vac\u00ed workshop pre pracovn\u00edkov prevencie \u00darad pr\u00e1ce soci\u00e1lnych vec\u00ed a rodiny Lu\u010denec Modern\u00e9 komunika\u010dn\u00e9 technol\u00f3gie, rizik\u00e1 ich pou\u017e\u00edvania,\u2026","rel":"","context":"V &quot;Hist\u00f3ria&quot;","block_context":{"text":"Hist\u00f3ria","link":"https:\/\/preventista.sk\/info\/category\/akcie\/prehladakc\/"},"img":{"alt_text":"","src":"https:\/\/i0.wp.com\/preventista.sk\/info\/wp-content\/uploads\/2013\/07\/spolocne.jpg?fit=700%2C400&ssl=1&resize=350%2C200","width":350,"height":200,"srcset":"https:\/\/i0.wp.com\/preventista.sk\/info\/wp-content\/uploads\/2013\/07\/spolocne.jpg?fit=700%2C400&ssl=1&resize=350%2C200 1x, https:\/\/i0.wp.com\/preventista.sk\/info\/wp-content\/uploads\/2013\/07\/spolocne.jpg?fit=700%2C400&ssl=1&resize=525%2C300 1.5x, https:\/\/i0.wp.com\/preventista.sk\/info\/wp-content\/uploads\/2013\/07\/spolocne.jpg?fit=700%2C400&ssl=1&resize=700%2C400 2x"},"classes":[]}],"_links":{"self":[{"href":"https:\/\/preventista.sk\/info\/wp-json\/wp\/v2\/posts\/4830","targetHints":{"allow":["GET"]}}],"collection":[{"href":"https:\/\/preventista.sk\/info\/wp-json\/wp\/v2\/posts"}],"about":[{"href":"https:\/\/preventista.sk\/info\/wp-json\/wp\/v2\/types\/post"}],"author":[{"embeddable":true,"href":"https:\/\/preventista.sk\/info\/wp-json\/wp\/v2\/users\/2"}],"replies":[{"embeddable":true,"href":"https:\/\/preventista.sk\/info\/wp-json\/wp\/v2\/comments?post=4830"}],"version-history":[{"count":13,"href":"https:\/\/preventista.sk\/info\/wp-json\/wp\/v2\/posts\/4830\/revisions"}],"predecessor-version":[{"id":4850,"href":"https:\/\/preventista.sk\/info\/wp-json\/wp\/v2\/posts\/4830\/revisions\/4850"}],"wp:attachment":[{"href":"https:\/\/preventista.sk\/info\/wp-json\/wp\/v2\/media?parent=4830"}],"wp:term":[{"taxonomy":"category","embeddable":true,"href":"https:\/\/preventista.sk\/info\/wp-json\/wp\/v2\/categories?post=4830"},{"taxonomy":"post_tag","embeddable":true,"href":"https:\/\/preventista.sk\/info\/wp-json\/wp\/v2\/tags?post=4830"}],"curies":[{"name":"wp","href":"https:\/\/api.w.org\/{rel}","templated":true}]}}