{"id":4962,"date":"2022-09-14T11:45:59","date_gmt":"2022-09-14T09:45:59","guid":{"rendered":"https:\/\/preventista.sk\/info\/?p=4962"},"modified":"2022-09-14T11:46:40","modified_gmt":"2022-09-14T09:46:40","slug":"rozhovor-s-autorkou-novej-publikacie","status":"publish","type":"post","link":"https:\/\/preventista.sk\/info\/rozhovor-s-autorkou-novej-publikacie\/","title":{"rendered":"Rozhovor s autorkou novej publik\u00e1cie"},"content":{"rendered":"\n<p>Tento t\u00fd\u017ede\u0148 sme do na\u0161ej on-line kni\u017enice pridali \u010fal\u0161iu odborn\u00fa publik\u00e1ciu s n\u00e1zvom <strong><em>5N Ako reagova\u0165 ke\u010f som svedkom \u0161ikanovania<\/em><\/strong>. Pri tejto pr\u00edle\u017eitosti sme vyspovedali autorku, aby n\u00e1m prezradila nie\u010do o sebe, svojej pr\u00e1ci a najm\u00e4 nie\u010do viac o d\u00f4vodoch a n\u00e1metoch vzniku takejto kni\u017eky.<\/p>\n\n\n<div class=\"wp-block-image\">\n<figure class=\"aligncenter size-large is-resized\"><img data-recalc-dims=\"1\" loading=\"lazy\" decoding=\"async\" data-attachment-id=\"4955\" data-permalink=\"https:\/\/preventista.sk\/info\/kniznica\/5n-prirucka-titulka\/\" data-orig-file=\"https:\/\/i0.wp.com\/preventista.sk\/info\/wp-content\/uploads\/2022\/09\/5N-prirucka-titulka.jpg?fit=1131%2C1600&amp;ssl=1\" data-orig-size=\"1131,1600\" data-comments-opened=\"1\" data-image-meta=\"{&quot;aperture&quot;:&quot;0&quot;,&quot;credit&quot;:&quot;&quot;,&quot;camera&quot;:&quot;&quot;,&quot;caption&quot;:&quot;&quot;,&quot;created_timestamp&quot;:&quot;0&quot;,&quot;copyright&quot;:&quot;&quot;,&quot;focal_length&quot;:&quot;0&quot;,&quot;iso&quot;:&quot;0&quot;,&quot;shutter_speed&quot;:&quot;0&quot;,&quot;title&quot;:&quot;&quot;,&quot;orientation&quot;:&quot;0&quot;}\" data-image-title=\"5N-prirucka-titulka\" data-image-description=\"\" data-image-caption=\"\" data-large-file=\"https:\/\/i0.wp.com\/preventista.sk\/info\/wp-content\/uploads\/2022\/09\/5N-prirucka-titulka.jpg?fit=700%2C990&amp;ssl=1\" src=\"https:\/\/i0.wp.com\/preventista.sk\/info\/wp-content\/uploads\/2022\/09\/5N-prirucka-titulka.jpg?resize=288%2C407&#038;ssl=1\" alt=\"\" class=\"wp-image-4955\" width=\"288\" height=\"407\" srcset=\"https:\/\/i0.wp.com\/preventista.sk\/info\/wp-content\/uploads\/2022\/09\/5N-prirucka-titulka.jpg?resize=700%2C990&amp;ssl=1 700w, https:\/\/i0.wp.com\/preventista.sk\/info\/wp-content\/uploads\/2022\/09\/5N-prirucka-titulka.jpg?resize=450%2C637&amp;ssl=1 450w, https:\/\/i0.wp.com\/preventista.sk\/info\/wp-content\/uploads\/2022\/09\/5N-prirucka-titulka.jpg?resize=320%2C453&amp;ssl=1 320w, https:\/\/i0.wp.com\/preventista.sk\/info\/wp-content\/uploads\/2022\/09\/5N-prirucka-titulka.jpg?resize=768%2C1086&amp;ssl=1 768w, https:\/\/i0.wp.com\/preventista.sk\/info\/wp-content\/uploads\/2022\/09\/5N-prirucka-titulka.jpg?resize=1086%2C1536&amp;ssl=1 1086w, https:\/\/i0.wp.com\/preventista.sk\/info\/wp-content\/uploads\/2022\/09\/5N-prirucka-titulka.jpg?w=1131&amp;ssl=1 1131w\" sizes=\"auto, (max-width: 288px) 100vw, 288px\" \/><\/figure>\n<\/div>\n\n\n<p><strong>Veronika Pol\u00e1kov\u00e1 \u2013 sympatick\u00e1 d\u00e1ma, ktor\u00e1 sa venuje problematike prevencie a&nbsp;z&nbsp;mojich osobn\u00fdch sk\u00fasenost\u00ed m\u00f4\u017eem potvrdi\u0165, \u017ee s&nbsp;ve\u013ek\u00fdm nad\u0161en\u00edm. Povedz n\u00e1m trochu viac o&nbsp;tom ako si sa k&nbsp;prevencii ako takej dostala a&nbsp;ak\u00e9 s\u00fa Tvoje profesion\u00e1lne sk\u00fasenosti?<\/strong><\/p>\n\n\n\n<p>V&nbsp;podstate som sa k&nbsp;prevencii dostala po\u010das \u0161t\u00fadia soci\u00e1lnej pedagogiky na Pedagogickej fakulte UMB. Moja z\u00e1vere\u010dn\u00e1 pr\u00e1ca niesla n\u00e1zov \u0160ikanovanie v&nbsp;\u0161kolskom prostred\u00ed a&nbsp;mo\u017enosti jeho prevencie, kde som sa prim\u00e1rne zamerala na prevenciu. Potom pri\u0161la ponuka doktorandsk\u00e9ho \u0161t\u00fadia na Univerzite Komensk\u00e9ho v&nbsp;odbore soci\u00e1lna antropol\u00f3gia. Ostala som vern\u00e1 tematike \u0161ikanovania a&nbsp;v&nbsp;dizerta\u010dnej pr\u00e1ci s&nbsp;n\u00e1zvom Soci\u00e1lne kontexty \u0161ikanovania det\u00ed sk\u00famala pr\u00ed\u010diny vzniku tohto fenom\u00e9nu. Tu som sa bli\u017e\u0161ie obozn\u00e1mila aj s&nbsp;efektom prizeraj\u00faceho sa (bystander effect\u201c). Realizovala som nieko\u013eko v\u00fdskumov na z\u00e1kladn\u00fdch \u0161kol\u00e1ch. S\u00fa\u010dasne s&nbsp;prebiehaj\u00facim \u0161t\u00fadiom pri\u0161la mo\u017enos\u0165 pracova\u0165 pre Odbor prevencie kriminality MVSR kde som realizovala prevent\u00edvne aktivity, okrem in\u00fdch t\u00e9m, aj k&nbsp;problematike \u0161ikany a kyber\u0161ikany. Postupom \u010dasu ma za\u010dali oslovova\u0165 \u013eudia z&nbsp;okolia, ktor\u00ed mali probl\u00e9m so \u0161ikanovan\u00edm \u010di u\u017e z&nbsp;poz\u00edcie rodi\u010da alebo u\u010dite\u013ea. Osvete oh\u013eadom \u0161ikanovania a&nbsp;bezpe\u010dnosti na internete sa venujem aj na jednej zo soci\u00e1lnych siet\u00ed. Publikovala som k&nbsp;danej t\u00e9me nieko\u013eko \u010dl\u00e1nkov a&nbsp;oslovila k&nbsp;spolupr\u00e1ci niektor\u00e9 organiz\u00e1cie. Aktu\u00e1lne pracujem ako mentor na strednej \u0161kole a&nbsp;p\u00f4sob\u00edm ako lektorka v&nbsp;spolupr\u00e1ci s&nbsp;ICM BB.<\/p>\n\n\n\n<p><strong>Ak\u00fd je pod\u013ea Teba stav, nazvime to, rizikovosti v\u00fdskytu soci\u00e1lno-patologick\u00fdch javov u&nbsp;n\u00e1s, teda najm\u00e4 na \u0161kol\u00e1ch kde sa re\u00e1lne v&nbsp;r\u00e1mci svojich aktiv\u00edt pohybuje\u0161?<\/strong><\/p>\n\n\n\n<p>\u0160ikanovanie na \u0161kol\u00e1ch pr\u00edtomn\u00e9 bolo, je aj bude. Osobne si mysl\u00edm, \u017ee takmer ka\u017ed\u00e1 \u0161kola m\u00e1 sk\u00fasenos\u0165 so \u0161ikanovan\u00edm. \u0160t\u00e1tna \u0161kolsk\u00e1 in\u0161pekcia ka\u017edoro\u010dne monitoruje stav bezpe\u010dnosti na \u0161kol\u00e1ch. Sk\u00fasenos\u0165 so \u0161ikanovan\u00edm potvrd\u00ed v\u017edy od 15 \u2013 20% osloven\u00fdch \u017eiakov. Ke\u010f si vezmeme fakt, \u017ee nie je mo\u017en\u00e9 zapoji\u0165 \u00faplne ka\u017ed\u00fa \u0161kolu na Slovensku, je to pomerne vysok\u00e9 percento. Nehovoriac o&nbsp;latencii tohto javu pokia\u013e ide napr\u00edklad o&nbsp;kyber\u0161ikanu.<\/p>\n\n\n\n<p><strong>Pre\u010do si sa rozhodla nap\u00edsa\u0165 t\u00fato publik\u00e1ciu?<\/strong><\/p>\n\n\n\n<p>Stretla som sa s&nbsp;mno\u017estvom publik\u00e1ci\u00ed venuj\u00facich sa problematike \u0161ikanovania. Preva\u017ene v&nbsp;r\u00e1mci intervencie a&nbsp;prevencie. V&nbsp;drvivej v\u00e4\u010d\u0161ine boli v&nbsp;hlavn\u00fdch \u00faloh\u00e1ch agresor a&nbsp;obe\u0165. Svedkom \u0161ikanovania sa venovala, z&nbsp;m\u00f4jho poh\u013eadu, mal\u00e1 pozornos\u0165. Preto som sa rozhodla pon\u00faknu\u0165 trochu in\u00fd poh\u013ead na tento soci\u00e1lno \u2013 patologick\u00fd jav a&nbsp;zamera\u0165 sa prim\u00e1rne na svedkov \u0161ikanovania.<\/p>\n\n\n\n<p><strong>M\u00f4\u017ee\u0161 n\u00e1m poveda\u0165 o&nbsp;nej trochu viac?<\/strong><\/p>\n\n\n\n<p>Ako u\u017e hovor\u00ed samotn\u00fd n\u00e1zov, pr\u00edru\u010dka sa zameriava na rolu svedkov. Samozrejme, \u017ee v&nbsp;nej n\u00e1jdete defin\u00edciu \u010di \u0161t\u00e1di\u00e1 \u0161ikanovania. Mo\u017eno v\u0161ak poveda\u0165, \u017ee pr\u00edru\u010dka m\u00e1 dve nosn\u00e9 oblasti. M\u00e1m sk\u00fasenosti, \u017ee u det\u00ed, ktor\u00e9 povedzme disponuj\u00fa dostato\u010dne rozvinut\u00fdmi soci\u00e1lnymi a&nbsp;osobnostn\u00fdmi kompetenciami je ni\u017e\u0161\u00ed predpoklad, \u017ee by sa u&nbsp;nich prejavilo agres\u00edvne spr\u00e1vanie sp\u013a\u0148aj\u00face znaky \u0161ikany a&nbsp;dokonca sa \u010dastej\u0161ie zastali obete ke\u010f u\u017e k&nbsp;dan\u00e9mu javu do\u0161lo. \u0160ikanovanie sa tie\u017e bu\u010f nevyskytlo alebo rie\u0161ilo v&nbsp;z\u00e1rodku v&nbsp;triedach kde vl\u00e1dla pozit\u00edvna kl\u00edma a&nbsp;priate\u013esk\u00e9 rovesn\u00edcke vz\u0165ahy. Prv\u00e1 teda popisuje d\u00f4le\u017eitos\u0165 rozv\u00edja\u0165 empatiu, prosoci\u00e1lne spr\u00e1vanie, asertivitu \u010di budova\u0165 pozit\u00edvnu kl\u00edmu v&nbsp;\u0161kole. Druh\u00e1 \u010das\u0165 je venovan\u00e1 rie\u0161eniu \u0161ikanovania a&nbsp;prevencii. V&nbsp;pr\u00edru\u010dke je tie\u017e zhrnut\u00e1 aktu\u00e1lna legislat\u00edva k&nbsp;danej problematike. N\u00e1jdete v&nbsp;nej aj zahrani\u010dn\u00e9 v\u00fdskumy t\u00fdkaj\u00face sa problematiky \u201ebystander effectu\u201c v&nbsp;kontexte \u0161ikany. S\u00fa\u010das\u0165ou pr\u00edru\u010dky s\u00fa tie\u017e aktivity k&nbsp;jednotliv\u00fdm t\u00e9mam aplikovate\u013en\u00e9 v&nbsp;\u0161kol\u00e1ch.<\/p>\n\n\n\n<p><strong>Maj\u00fa mo\u017enos\u0165 slovensk\u00e9 \u0161koly a&nbsp;\u0161kolsk\u00e9 zariadenia stretn\u00fa\u0165 sa s&nbsp;Tebou ako autorkou alebo Tvoje pracovn\u00e9 vy\u0165a\u017eenie tak\u00fato formu podpory knihy neumo\u017e\u0148uje?<\/strong><\/p>\n\n\n\n<p>Ke\u010f\u017ee si u\u017e na za\u010diatku prezradil, \u017ee sa t\u00e9me venujem s&nbsp;ve\u013ek\u00fdm nad\u0161en\u00edm, ur\u010dite sa v&nbsp;pr\u00edpade stretnutia budem sna\u017ei\u0165 n\u00e1js\u0165 si \u010das. Len je potrebn\u00e9 odkomunikova\u0165 si to a&nbsp;dohodn\u00fa\u0165 sa vopred ke\u010f\u017ee toho \u010dasu zas nie je to\u013eko ko\u013eko by som chcela.<\/p>\n\n\n\n<p><strong>Ak\u00e9 s\u00fa Tvoje pl\u00e1ny na najbli\u017e\u0161ie obdobie v&nbsp;oblasti prevencie?<\/strong><\/p>\n\n\n\n<p>Moment\u00e1lne pracujem na kni\u017eke a\u00a0pracovnom zo\u0161ite, ktor\u00e9 sa zameriavaj\u00fa na nen\u00e1siln\u00e9 rie\u0161enie konfliktov. Ur\u010dite budem pokra\u010dova\u0165 v\u00a0lektorskej \u010dinnosti a\u00a0nepochybujem o\u00a0tom, \u017ee v\u00a0r\u00e1mci prevencie sa zrodia \u010fal\u0161ie nov\u00e9 my\u0161lienky a\u00a0n\u00e1pady.<\/p>\n\n\n\n<p><\/p>\n\n\n\n<p><em>\u010fakujem za rozhovor,   Jaroslav Oster<\/em><\/p>\n","protected":false},"excerpt":{"rendered":"<p>Tento t\u00fd\u017ede\u0148 sme do na\u0161ej on-line kni\u017enice pridali \u010fal\u0161iu odborn\u00fa publik\u00e1ciu s n\u00e1zvom 5N Ako reagova\u0165 ke\u010f som svedkom \u0161ikanovania. Pri tejto pr\u00edle\u017eitosti sme vyspovedali autorku, aby n\u00e1m prezradila nie\u010do o sebe, svojej pr\u00e1ci a najm\u00e4 nie\u010do viac o d\u00f4vodoch a n\u00e1metoch vzniku takejto kni\u017eky. Veronika Pol\u00e1kov\u00e1 \u2013 sympatick\u00e1 d\u00e1ma, ktor\u00e1 sa venuje problematike prevencie [&hellip;]<\/p>\n","protected":false},"author":1,"featured_media":0,"comment_status":"open","ping_status":"open","sticky":false,"template":"","format":"standard","meta":{"jetpack_post_was_ever_published":false,"_jetpack_newsletter_access":"","_jetpack_dont_email_post_to_subs":false,"_jetpack_newsletter_tier_id":0,"_jetpack_memberships_contains_paywalled_content":false,"_jetpack_memberships_contains_paid_content":false,"footnotes":""},"categories":[80],"tags":[86,117,145],"class_list":["post-4962","post","type-post","status-publish","format-standard","hentry","category-predstavujeme","tag-kybersikana","tag-prevencia","tag-sikana"],"aioseo_notices":[],"jetpack_featured_media_url":"","jetpack_sharing_enabled":true,"jetpack-related-posts":[{"id":2369,"url":"https:\/\/preventista.sk\/info\/vitaz-tvoj-clanok-moze-pomoct-2014\/","url_meta":{"origin":4962,"position":0},"title":"V\u00cd\u0164AZ: Tvoj \u010dl\u00e1nok m\u00f4\u017ee pom\u00f4c\u0165 2014","author":"Redakcia","date":"8. decembra 2014","format":false,"excerpt":"S\u00fa\u0165a\u017e Tvoj \u010dl\u00e1nok m\u00f4\u017ee pom\u00f4c\u0165 2014 je uko\u010den\u00e1 a my m\u00e1me n\u00e1\u0161ho v\u00ed\u0165aza. Je n\u00edm Nata\u0161a B\u00f4\u017eikov\u00e1 z SO\u0160 Levice. Ako sme s\u013e\u00fabili, \u010dl\u00e1nok uverej\u0148ujeme a v\u00ed\u0165azke gralujeme.\u00a0 \u00a0 Internet v\u00a0na\u0161om \u017eivote Nata\u0161a B\u00f4\u017eikov\u00e1, II.H, SO\u0160 Levice Svet u\u017e d\u00e1vno nie je bezpe\u010dn\u00e9 miesto. Neuvedomujeme si to, ale technol\u00f3gie, ktor\u00e9\u2026","rel":"","context":"V &quot;S\u00fa\u0165a\u017ee&quot;","block_context":{"text":"S\u00fa\u0165a\u017ee","link":"https:\/\/preventista.sk\/info\/category\/akcie\/sutaze\/"},"img":{"alt_text":"","src":"https:\/\/i0.wp.com\/preventista.sk\/info\/wp-content\/uploads\/2014\/12\/cover.jpg?fit=700%2C400&ssl=1&resize=350%2C200","width":350,"height":200,"srcset":"https:\/\/i0.wp.com\/preventista.sk\/info\/wp-content\/uploads\/2014\/12\/cover.jpg?fit=700%2C400&ssl=1&resize=350%2C200 1x, https:\/\/i0.wp.com\/preventista.sk\/info\/wp-content\/uploads\/2014\/12\/cover.jpg?fit=700%2C400&ssl=1&resize=525%2C300 1.5x, https:\/\/i0.wp.com\/preventista.sk\/info\/wp-content\/uploads\/2014\/12\/cover.jpg?fit=700%2C400&ssl=1&resize=700%2C400 2x"},"classes":[]},{"id":3968,"url":"https:\/\/preventista.sk\/info\/top10-autorov-sutaze-informacna-bezpecnost-ja-a-moja-skola\/","url_meta":{"origin":4962,"position":1},"title":"TOP10 autorov s\u00fa\u0165a\u017ee Informa\u010dn\u00e1 bezpe\u010dnos\u0165, ja a moja \u0161kola\u00a0","author":"Redakcia","date":"16. decembra 2020","format":false,"excerpt":"Simona Talar\u010d\u00edkov\u00e1\u00a0 Evanjelick\u00e9 gymn\u00e1zium Juraja Tranovsk\u00e9ho Liptovsk\u00fd Mikul\u00e1\u0161 U\u017e od za\u010diatku \u0161t\u00fadia na strednej \u0161kole sa mnoh\u00ed \u0161tudenti vr\u00e1tane m\u0148a za\u010dali stret\u00e1va\u0165 s pojmom ,,informa\u010dn\u00e1 bezpe\u010dnos\u0165\u201c. Av\u0161ak st\u00e1le niektor\u00fdm z n\u00e1s rob\u00ed celkom probl\u00e9m vysvetli\u0165, \u010do to informa\u010dn\u00e1 bezpe\u010dnos\u0165 je a \u010do v\u0161etko zah\u0155\u0148a.\u00a0 V \u00faplnej podstate by sme mali\u2026","rel":"","context":"V &quot;S\u00fa\u0165a\u017ee&quot;","block_context":{"text":"S\u00fa\u0165a\u017ee","link":"https:\/\/preventista.sk\/info\/category\/akcie\/sutaze\/"},"img":{"alt_text":"","src":"https:\/\/i0.wp.com\/preventista.sk\/info\/wp-content\/uploads\/2020\/11\/s%C3%BAta%C5%BE-Report%C3%A9r-mini.png?resize=350%2C200","width":350,"height":200},"classes":[]},{"id":62,"url":"https:\/\/preventista.sk\/info\/sutaze-zamerane-na-prevenciu-it-kriminality\/","url_meta":{"origin":4962,"position":2},"title":"S\u00fa\u0165a\u017ee zameran\u00e9 na prevenciu IT kriminality","author":"J. Oster","date":"20. septembra 2012","format":false,"excerpt":"S\u00fa\u0165a\u017ee zameran\u00e9 na prevenciu IT kriminality, nebezpe\u010denstiev internetu \u00a0a soci\u00e1lnych siet\u00ed \u2013 zmyslupln\u00e9 aktivity alebo len m\u00f3dna vlna bez konkr\u00e9tneho pr\u00ednosu? Autor je \u010dlenom Poradn\u00e9ho v\u00fdboru projektu ZODPOVEDNE.SK Op\u00fdtali sme sa priamo v\u00ed\u0165azov dvoch s\u00fa\u0165a\u017e\u00ed organizovan\u00fdch v\u00a0predch\u00e1dzaj\u00facich obdobiach , ak\u00fd je ich poh\u013ead na d\u00f4vod pre\u010do ich s\u00fa\u0165a\u017e s\u00a0problematikou prevencie\u2026","rel":"","context":"V &quot;IT kriminalita&quot;","block_context":{"text":"IT kriminalita","link":"https:\/\/preventista.sk\/info\/category\/prevencia\/itkrim\/"},"img":{"alt_text":"ide","src":"https:\/\/i0.wp.com\/preventista.sk\/info\/wp-content\/uploads\/2012\/09\/N%C3%A1pad.jpg?fit=700%2C400&ssl=1&resize=350%2C200","width":350,"height":200,"srcset":"https:\/\/i0.wp.com\/preventista.sk\/info\/wp-content\/uploads\/2012\/09\/N%C3%A1pad.jpg?fit=700%2C400&ssl=1&resize=350%2C200 1x, https:\/\/i0.wp.com\/preventista.sk\/info\/wp-content\/uploads\/2012\/09\/N%C3%A1pad.jpg?fit=700%2C400&ssl=1&resize=525%2C300 1.5x, https:\/\/i0.wp.com\/preventista.sk\/info\/wp-content\/uploads\/2012\/09\/N%C3%A1pad.jpg?fit=700%2C400&ssl=1&resize=700%2C400 2x"},"classes":[]},{"id":4830,"url":"https:\/\/preventista.sk\/info\/skusenosti-s-prevenciou-kriminality-na-urovni-samospravy\/","url_meta":{"origin":4962,"position":3},"title":"Sk\u00fasenosti s prevenciou kriminality na \u00farovni samospr\u00e1vy","author":"J. Oster","date":"29. apr\u00edla 2022","format":false,"excerpt":"... m\u00f4\u017ee samospr\u00e1va efekt\u00edvne p\u00f4sobi\u0165 v oblasti prevencie kriminality a by\u0165 dobr\u00fdm partnerom \u0161kol\u00e1m v ich prevent\u00edvnom p\u00f4soben\u00ed? \u00c1no m\u00f4\u017ee, dokonca efekt\u00edvne. zdroj: canva.com Pre sk\u00fasenosti sa obzrime cca. 10 - 11 rokov kedy to za\u010dalo .... vtedy prv\u00fdkr\u00e1t koordinovane v lokalite, kde nesk\u00f4r vzniklo aj na\u0161e ob\u010dianske zdru\u017eenie Preventista\u2026","rel":"","context":"V &quot;Prevencia&quot;","block_context":{"text":"Prevencia","link":"https:\/\/preventista.sk\/info\/category\/prevencia\/"},"img":{"alt_text":"","src":"https:\/\/i0.wp.com\/preventista.sk\/info\/wp-content\/uploads\/2022\/04\/prevencia-2022.png?resize=350%2C200&ssl=1","width":350,"height":200,"srcset":"https:\/\/i0.wp.com\/preventista.sk\/info\/wp-content\/uploads\/2022\/04\/prevencia-2022.png?resize=350%2C200&ssl=1 1x, https:\/\/i0.wp.com\/preventista.sk\/info\/wp-content\/uploads\/2022\/04\/prevencia-2022.png?resize=525%2C300&ssl=1 1.5x, https:\/\/i0.wp.com\/preventista.sk\/info\/wp-content\/uploads\/2022\/04\/prevencia-2022.png?resize=700%2C400&ssl=1 2x"},"classes":[]},{"id":3708,"url":"https:\/\/preventista.sk\/info\/nebojte-sa-informacnej-bezpecnosti\/","url_meta":{"origin":4962,"position":4},"title":"Nebojte sa informa\u010dnej bezpe\u010dnosti","author":"Redakcia","date":"19. marca 2020","format":false,"excerpt":"V \u017eivote okolo n\u00e1s zaznamen\u00e1vame rozmach nov\u00fdch technol\u00f3gii v pracovnom aj s\u00fakromnom \u017eivote \u013eud\u00ed. St\u00e1va sa, \u017ee majite\u013e novej technol\u00f3gie nevie obsiahnu\u0165 cel\u00fa \u0161k\u00e1lu funkcionality mo\u017enost\u00ed, ktor\u00fa s nov\u00fdm tovarom dost\u00e1va. Mus\u00edme si uvedomi\u0165, \u017ee nov\u00e1 technol\u00f3gia prin\u00e1\u0161a aj mno\u017estvo nov\u00fdch hrozieb. \u013dudia a deti sa st\u00e1vaj\u00fa st\u00e1le zranite\u013enej\u0161\u00edmi. Ak\u2026","rel":"","context":"V &quot;Bezpe\u010dnos\u0165&quot;","block_context":{"text":"Bezpe\u010dnos\u0165","link":"https:\/\/preventista.sk\/info\/category\/itbezp\/"},"img":{"alt_text":"","src":"https:\/\/i0.wp.com\/preventista.sk\/info\/wp-content\/uploads\/2020\/03\/zeman_clanok.png?fit=891%2C484&ssl=1&resize=350%2C200","width":350,"height":200,"srcset":"https:\/\/i0.wp.com\/preventista.sk\/info\/wp-content\/uploads\/2020\/03\/zeman_clanok.png?fit=891%2C484&ssl=1&resize=350%2C200 1x, https:\/\/i0.wp.com\/preventista.sk\/info\/wp-content\/uploads\/2020\/03\/zeman_clanok.png?fit=891%2C484&ssl=1&resize=525%2C300 1.5x, https:\/\/i0.wp.com\/preventista.sk\/info\/wp-content\/uploads\/2020\/03\/zeman_clanok.png?fit=891%2C484&ssl=1&resize=700%2C400 2x"},"classes":[]},{"id":4809,"url":"https:\/\/preventista.sk\/info\/bezpecnost-na-internete-z-pohladu-rodicov\/","url_meta":{"origin":4962,"position":5},"title":"Bezpe\u010dnos\u0165 na internete z\u00a0poh\u013eadu rodi\u010dov","author":"Veronika Pol\u00e1kov\u00e1","date":"26. marca 2022","format":false,"excerpt":"V\u00a0obdob\u00ed janu\u00e1r \u2013 febru\u00e1r 2022 sme realizovali men\u0161\u00ed prieskum oh\u013eadom bezpe\u010dnosti na internete. Osloven\u00fa skupinu respondentov tvorili rodi\u010dia \u0161kolopovinn\u00fdch det\u00ed. Osloven\u00e9 boli\u00a0 \u0161tyri rodi\u010dovsk\u00e9 skupiny na soci\u00e1lnej sieti prostredn\u00edctvom online dotazn\u00edku. Vyplnen\u00fdch bolo 82 dotazn\u00edkov. Rozdelenie v\u00fdskumnej vzorky pod\u013ea po\u010dtu det\u00ed bolo nasledovn\u00e9: Najpo\u010detnej\u0161iu skupinu tvorili rodi\u010dia det\u00ed vo veku\u2026","rel":"","context":"V &quot;Prieskumy&quot;","block_context":{"text":"Prieskumy","link":"https:\/\/preventista.sk\/info\/category\/skusenosti\/prieskumy\/"},"img":{"alt_text":"","src":"https:\/\/i0.wp.com\/preventista.sk\/info\/wp-content\/uploads\/2022\/03\/image.png?resize=350%2C200&ssl=1","width":350,"height":200,"srcset":"https:\/\/i0.wp.com\/preventista.sk\/info\/wp-content\/uploads\/2022\/03\/image.png?resize=350%2C200&ssl=1 1x, https:\/\/i0.wp.com\/preventista.sk\/info\/wp-content\/uploads\/2022\/03\/image.png?resize=525%2C300&ssl=1 1.5x, https:\/\/i0.wp.com\/preventista.sk\/info\/wp-content\/uploads\/2022\/03\/image.png?resize=700%2C400&ssl=1 2x"},"classes":[]}],"_links":{"self":[{"href":"https:\/\/preventista.sk\/info\/wp-json\/wp\/v2\/posts\/4962","targetHints":{"allow":["GET"]}}],"collection":[{"href":"https:\/\/preventista.sk\/info\/wp-json\/wp\/v2\/posts"}],"about":[{"href":"https:\/\/preventista.sk\/info\/wp-json\/wp\/v2\/types\/post"}],"author":[{"embeddable":true,"href":"https:\/\/preventista.sk\/info\/wp-json\/wp\/v2\/users\/1"}],"replies":[{"embeddable":true,"href":"https:\/\/preventista.sk\/info\/wp-json\/wp\/v2\/comments?post=4962"}],"version-history":[{"count":2,"href":"https:\/\/preventista.sk\/info\/wp-json\/wp\/v2\/posts\/4962\/revisions"}],"predecessor-version":[{"id":4964,"href":"https:\/\/preventista.sk\/info\/wp-json\/wp\/v2\/posts\/4962\/revisions\/4964"}],"wp:attachment":[{"href":"https:\/\/preventista.sk\/info\/wp-json\/wp\/v2\/media?parent=4962"}],"wp:term":[{"taxonomy":"category","embeddable":true,"href":"https:\/\/preventista.sk\/info\/wp-json\/wp\/v2\/categories?post=4962"},{"taxonomy":"post_tag","embeddable":true,"href":"https:\/\/preventista.sk\/info\/wp-json\/wp\/v2\/tags?post=4962"}],"curies":[{"name":"wp","href":"https:\/\/api.w.org\/{rel}","templated":true}]}}