{"id":4977,"date":"2022-09-29T09:39:36","date_gmt":"2022-09-29T07:39:36","guid":{"rendered":"https:\/\/preventista.sk\/info\/?p=4977"},"modified":"2022-10-03T20:42:29","modified_gmt":"2022-10-03T18:42:29","slug":"bud-aktivny-v-bezpecnosti-a-pomoz-ostatnym","status":"publish","type":"post","link":"https:\/\/preventista.sk\/info\/bud-aktivny-v-bezpecnosti-a-pomoz-ostatnym\/","title":{"rendered":"Bu\u010f akt\u00edvny v bezpe\u010dnosti a pom\u00f4\u017e ostatn\u00fdm"},"content":{"rendered":"\n<p>Viete \u010do sa odborne naz\u00fdva peer aktivizmus? Je to aktivita v ktorej sa sk\u00fasenej\u0161\u00ed rozhodn\u00fa nezi\u0161tne vhodnou formou pom\u00e1ha\u0165 ostatn\u00fdm.<\/p>\n\n\n\n<p>My sme r\u00e1mci \u0161tartu mesiaca kybernetickej bezpe\u010dnosti sp\u00fa\u0161\u0165ame aktivitu do ktorej chceme zapoji\u0165 ka\u017ed\u00e9ho kto m\u00e1 sk\u00fasenos\u0165 s podvodn\u00edkmi o ktor\u00fa sa chce podeli\u0165 s \u010fal\u0161\u00edmi. Tak\u017ee ak patr\u00ed\u0161 k nim pripoj sa n\u00e1m a ochr\u00e1\u0148 svojimi sk\u00fasenos\u0165ami niekoho \u010fal\u0161ieho. <\/p>\n\n\n\n<p>Sta\u010d\u00ed ak n\u00e1m doru\u010d\u00ed\u0161 svoje sk\u00fasenosti zadokumentovan\u00e9 prinstcreenmi, opisom \u010di vo forme videa.<\/p>\n\n\n\n<p>Cel\u00fd okt\u00f3ber budeme zbiera\u0165, analyzova\u0165 a spracov\u00e1va\u0165 Va\u0161e pr\u00edbehy a samozrejme zverej\u0148ova\u0165 v anonymizovanej forme na na\u0161ej WEB str\u00e1nke, ktor\u00fa dnes \u010d\u00edtaj\u00fa pedag\u00f3govia, \u0161tudenti i \u017eiaci.<\/p>\n\n\n\n<p><strong><mark style=\"background-color:rgba(0, 0, 0, 0)\" class=\"has-inline-color has-vivid-green-cyan-color\">Najlep\u0161\u00edch samozrejme ocen\u00edme pekn\u00fdmi cenami.<\/mark><\/strong><\/p>\n\n\n\n<p><\/p>\n\n\n<div class=\"wp-block-image\">\n<figure class=\"aligncenter size-large\"><img data-recalc-dims=\"1\" loading=\"lazy\" decoding=\"async\" width=\"700\" height=\"394\" data-attachment-id=\"4978\" data-permalink=\"https:\/\/preventista.sk\/info\/bud-aktivny-v-bezpecnosti-a-pomoz-ostatnym\/podvod-1\/\" data-orig-file=\"https:\/\/i0.wp.com\/preventista.sk\/info\/wp-content\/uploads\/2022\/09\/PODVOD-1.png?fit=1640%2C924&amp;ssl=1\" data-orig-size=\"1640,924\" data-comments-opened=\"1\" data-image-meta=\"{&quot;aperture&quot;:&quot;0&quot;,&quot;credit&quot;:&quot;&quot;,&quot;camera&quot;:&quot;&quot;,&quot;caption&quot;:&quot;&quot;,&quot;created_timestamp&quot;:&quot;0&quot;,&quot;copyright&quot;:&quot;&quot;,&quot;focal_length&quot;:&quot;0&quot;,&quot;iso&quot;:&quot;0&quot;,&quot;shutter_speed&quot;:&quot;0&quot;,&quot;title&quot;:&quot;&quot;,&quot;orientation&quot;:&quot;0&quot;}\" data-image-title=\"PODVOD-1\" data-image-description=\"\" data-image-caption=\"\" data-large-file=\"https:\/\/i0.wp.com\/preventista.sk\/info\/wp-content\/uploads\/2022\/09\/PODVOD-1.png?fit=700%2C394&amp;ssl=1\" src=\"https:\/\/i0.wp.com\/preventista.sk\/info\/wp-content\/uploads\/2022\/09\/PODVOD-1.png?resize=700%2C394&#038;ssl=1\" alt=\"\" class=\"wp-image-4978\" srcset=\"https:\/\/i0.wp.com\/preventista.sk\/info\/wp-content\/uploads\/2022\/09\/PODVOD-1.png?resize=700%2C394&amp;ssl=1 700w, https:\/\/i0.wp.com\/preventista.sk\/info\/wp-content\/uploads\/2022\/09\/PODVOD-1.png?resize=450%2C254&amp;ssl=1 450w, https:\/\/i0.wp.com\/preventista.sk\/info\/wp-content\/uploads\/2022\/09\/PODVOD-1.png?resize=320%2C180&amp;ssl=1 320w, https:\/\/i0.wp.com\/preventista.sk\/info\/wp-content\/uploads\/2022\/09\/PODVOD-1.png?resize=768%2C433&amp;ssl=1 768w, https:\/\/i0.wp.com\/preventista.sk\/info\/wp-content\/uploads\/2022\/09\/PODVOD-1.png?resize=1536%2C865&amp;ssl=1 1536w, https:\/\/i0.wp.com\/preventista.sk\/info\/wp-content\/uploads\/2022\/09\/PODVOD-1.png?w=1640&amp;ssl=1 1640w\" sizes=\"auto, (max-width: 700px) 100vw, 700px\" \/><\/figure>\n<\/div>\n\n\n<p><\/p>\n","protected":false},"excerpt":{"rendered":"<p>Viete \u010do sa odborne naz\u00fdva peer aktivizmus? Je to aktivita v ktorej sa sk\u00fasenej\u0161\u00ed rozhodn\u00fa nezi\u0161tne vhodnou formou pom\u00e1ha\u0165 ostatn\u00fdm. My sme r\u00e1mci \u0161tartu mesiaca kybernetickej bezpe\u010dnosti sp\u00fa\u0161\u0165ame aktivitu do ktorej chceme zapoji\u0165 ka\u017ed\u00e9ho kto m\u00e1 sk\u00fasenos\u0165 s podvodn\u00edkmi o ktor\u00fa sa chce podeli\u0165 s \u010fal\u0161\u00edmi. Tak\u017ee ak patr\u00ed\u0161 k nim pripoj sa n\u00e1m a [&hellip;]<\/p>\n","protected":false},"author":1,"featured_media":0,"comment_status":"open","ping_status":"open","sticky":false,"template":"","format":"standard","meta":{"jetpack_post_was_ever_published":false,"_jetpack_newsletter_access":"","_jetpack_dont_email_post_to_subs":false,"_jetpack_newsletter_tier_id":0,"_jetpack_memberships_contains_paywalled_content":false,"_jetpack_memberships_contains_paid_content":false,"footnotes":""},"categories":[8,11],"tags":[32,51],"class_list":["post-4977","post","type-post","status-publish","format-standard","hentry","category-akcie","category-aktualne","tag-bezpecnost","tag-prevencia-it-kriminality"],"aioseo_notices":[],"jetpack_featured_media_url":"","jetpack_sharing_enabled":true,"jetpack-related-posts":[{"id":4789,"url":"https:\/\/preventista.sk\/info\/preco-je-manazment-it-rizik-dolezity-pre-bezpecnost-organizacie\/","url_meta":{"origin":4977,"position":0},"title":"Pre\u010do je mana\u017ement IT riz\u00edk d\u00f4le\u017eit\u00fd pre bezpe\u010dnos\u0165 organiz\u00e1cie","author":"Jozef \u00daroda","date":"20. marca 2022","format":false,"excerpt":"Mo\u017eno ste sa u\u017e stretli s\u00a0pojmom mana\u017ement riz\u00edk v\u00a0spojen\u00ed s\u00a0informa\u010dnou bezpe\u010dnos\u0165ou. Existuje mnoho odborn\u00fdch metod\u00edk, ktor\u00e9 detailne popisuj\u00fa cel\u00fd proces riadenia riz\u00edk. Cie\u013eom tohoto \u010dl\u00e1nku nie je rozobera\u0165 ich. Cie\u013eom je jednoducho a\u00a0prakticky vysvetli\u0165 pojem mana\u017ement riz\u00edk, op\u00edsa\u0165 ak\u00e9 funkcie ukr\u00fdva a\u00a0najm\u00e4 ako v\u00e1m m\u00f4\u017ee by\u0165 n\u00e1pomocn\u00fd. A ako\u00a0m\u00f4\u017ee by\u0165\u2026","rel":"","context":"V &quot;Bezpe\u010dnos\u0165&quot;","block_context":{"text":"Bezpe\u010dnos\u0165","link":"https:\/\/preventista.sk\/info\/category\/itbezp\/"},"img":{"alt_text":"","src":"https:\/\/i0.wp.com\/preventista.sk\/info\/wp-content\/uploads\/2022\/03\/man_rizik.png?resize=350%2C200&ssl=1","width":350,"height":200,"srcset":"https:\/\/i0.wp.com\/preventista.sk\/info\/wp-content\/uploads\/2022\/03\/man_rizik.png?resize=350%2C200&ssl=1 1x, https:\/\/i0.wp.com\/preventista.sk\/info\/wp-content\/uploads\/2022\/03\/man_rizik.png?resize=525%2C300&ssl=1 1.5x, https:\/\/i0.wp.com\/preventista.sk\/info\/wp-content\/uploads\/2022\/03\/man_rizik.png?resize=700%2C400&ssl=1 2x"},"classes":[]},{"id":4472,"url":"https:\/\/preventista.sk\/info\/vzdelavanie-informacnej-bezpecnosti-na-strednych-skolach-ma-sancu\/","url_meta":{"origin":4977,"position":1},"title":"Vzdel\u00e1vanie informa\u010dnej bezpe\u010dnosti na stredn\u00fdch \u0161kol\u00e1ch m\u00e1 \u0161ancu!","author":"Marek Zeman","date":"14. septembra 2021","format":false,"excerpt":"S\u00a0ve\u013ekou rados\u0165ou v\u00e1m oznamujeme, \u017ee svetlo sveta uzrela \u201eU\u010debnica informa\u010dnej bezpe\u010dnosti pre stredn\u00e9 \u0161koly a\u00a0gymn\u00e1zi\u00e1, prv\u00e1 \u010das\u0165\u201c. Je to u\u010debnica, ktor\u00e1 je v\u00a0na\u0161ich kon\u010din\u00e1ch prelomov\u00e1. Pomocou u\u010debnice je mo\u017en\u00e9 vytvori\u0165 pevn\u00e9 z\u00e1klady osobnej bezpe\u010dnosti a\u00a0z\u00e1rove\u0148 si osvoji\u0165 vedomosti, ktor\u00e9 tvoria jadro te\u00f3rie informa\u010dnej bezpe\u010dnosti. Za\u010diatkom roka 2020 vznikla po\u017eiadavka 1.\u2026","rel":"","context":"V &quot;Bezpe\u010dnos\u0165&quot;","block_context":{"text":"Bezpe\u010dnos\u0165","link":"https:\/\/preventista.sk\/info\/category\/itbezp\/"},"img":{"alt_text":"","src":"https:\/\/i0.wp.com\/preventista.sk\/info\/wp-content\/uploads\/2021\/09\/kniha-2021.png?fit=762%2C1200&ssl=1&resize=350%2C200","width":350,"height":200,"srcset":"https:\/\/i0.wp.com\/preventista.sk\/info\/wp-content\/uploads\/2021\/09\/kniha-2021.png?fit=762%2C1200&ssl=1&resize=350%2C200 1x, https:\/\/i0.wp.com\/preventista.sk\/info\/wp-content\/uploads\/2021\/09\/kniha-2021.png?fit=762%2C1200&ssl=1&resize=525%2C300 1.5x, https:\/\/i0.wp.com\/preventista.sk\/info\/wp-content\/uploads\/2021\/09\/kniha-2021.png?fit=762%2C1200&ssl=1&resize=700%2C400 2x"},"classes":[]},{"id":2394,"url":"https:\/\/preventista.sk\/info\/nasa-prva-publikacia\/","url_meta":{"origin":4977,"position":2},"title":"Na\u0161a prv\u00e1 publik\u00e1cia","author":"Redakcia","date":"18. decembra 2014","format":false,"excerpt":"Z pr\u00edle\u017eitosti prv\u00e9ho roka n\u00e1\u0161ho p\u00f4sobenia sme sa rozhodli vyda\u0165 na\u0161u prv\u00fa publik\u00e1ciu - 135 stranov\u00fa knihu obsahuj\u00facu v\u00fdber naj\u00faspe\u0161nej\u0161\u00edch \u010dl\u00e1nkov autorov publikuj\u00facich na na\u0161om webe. \u00a0 Po\u010fakovanie za to, \u017ee sme ju mohli vyda\u0165 patr\u00ed najm\u00e4 V\u00daB Nad\u00e1cii, ako aj ostatn\u00fdm partnerom a samozrejme autorom. \u00a0 Ak by ste\u2026","rel":"","context":"V &quot;Aktu\u00e1lne&quot;","block_context":{"text":"Aktu\u00e1lne","link":"https:\/\/preventista.sk\/info\/category\/akcie\/aktualne\/"},"img":{"alt_text":"","src":"https:\/\/i0.wp.com\/preventista.sk\/info\/wp-content\/uploads\/2014\/12\/a.jpg?fit=700%2C300&ssl=1&resize=350%2C200","width":350,"height":200,"srcset":"https:\/\/i0.wp.com\/preventista.sk\/info\/wp-content\/uploads\/2014\/12\/a.jpg?fit=700%2C300&ssl=1&resize=350%2C200 1x, https:\/\/i0.wp.com\/preventista.sk\/info\/wp-content\/uploads\/2014\/12\/a.jpg?fit=700%2C300&ssl=1&resize=525%2C300 1.5x, https:\/\/i0.wp.com\/preventista.sk\/info\/wp-content\/uploads\/2014\/12\/a.jpg?fit=700%2C300&ssl=1&resize=700%2C400 2x"},"classes":[]},{"id":3406,"url":"https:\/\/preventista.sk\/info\/co-je-to-kyberneticka-bezpecnost\/","url_meta":{"origin":4977,"position":3},"title":"\u010co je to kybernetick\u00e1 bezpe\u010dnos\u0165?","author":"I. Makatura","date":"3. marca 2017","format":false,"excerpt":"\u00a0 Dnes u\u017e zrejme nikto nepochybuje o\u00a0tom, \u017ee \u013eudia s\u00fa na inform\u00e1ci\u00e1ch z\u00e1visl\u00ed. A\u00a0nie je to len z\u00e1vislos\u0165 v\u00a0zmysle poh\u013eadov, neust\u00e1le sklonen\u00fdch ku mobiln\u00fdm telef\u00f3nom. Ve\u010f z\u00e1vislos\u0165 na inform\u00e1ci\u00e1ch sa t\u00fdka u\u017e aj mnoh\u00fdch hospod\u00e1rskych odvetv\u00ed a\u00a0spr\u00e1vy vec\u00ed verejn\u00fdch. Inform\u00e1ci\u00ed je viac, ne\u017e kedyko\u013evek predt\u00fdm, inform\u00e1cie s\u00fa sprac\u00favan\u00e9 r\u00fdchlej\u0161ie a\u2026","rel":"","context":"V &quot;Bezpe\u010dnos\u0165&quot;","block_context":{"text":"Bezpe\u010dnos\u0165","link":"https:\/\/preventista.sk\/info\/category\/itbezp\/"},"img":{"alt_text":"\u010co je to kybernetick\u00e1 bezpe\u010dnos\u0165?","src":"https:\/\/i0.wp.com\/preventista.sk\/info\/wp-content\/uploads\/2017\/03\/clanok.png?fit=800%2C400&ssl=1&resize=350%2C200","width":350,"height":200,"srcset":"https:\/\/i0.wp.com\/preventista.sk\/info\/wp-content\/uploads\/2017\/03\/clanok.png?fit=800%2C400&ssl=1&resize=350%2C200 1x, https:\/\/i0.wp.com\/preventista.sk\/info\/wp-content\/uploads\/2017\/03\/clanok.png?fit=800%2C400&ssl=1&resize=525%2C300 1.5x, https:\/\/i0.wp.com\/preventista.sk\/info\/wp-content\/uploads\/2017\/03\/clanok.png?fit=800%2C400&ssl=1&resize=700%2C400 2x"},"classes":[]},{"id":4531,"url":"https:\/\/preventista.sk\/info\/ucebnica-informacnej-bezpecnosti-z-pohladu-ucitela-a-zaroven-spoluautora\/","url_meta":{"origin":4977,"position":4},"title":"U\u010debnica informa\u010dnej bezpe\u010dnosti z poh\u013eadu u\u010dite\u013ea a z\u00e1rove\u0148 spoluautora","author":"Miroslav Bl\u0161\u00e1k","date":"26. septembra 2021","format":false,"excerpt":"U\u010debnica vo v\u0161eobecnosti nesl\u00fa\u017ei len pre \u017eiakov, ale pom\u00e1ha aj u\u010dite\u013eovi vo v\u00fdchovno-vzdel\u00e1vacom procese. Pravdou je, \u017ee je z\u00e1kladnou pom\u00f4ckou pre pedag\u00f3ga, v\u00a0ktorej by sa mali nach\u00e1dza\u0165 okrem teoretick\u00fdch poznatkov aj \u00falohy zameran\u00e9 na rozvoj myslenia, respekt\u00edve \u00falohy zameran\u00e9 na osvojovanie, precvi\u010dovanie a aplikovanie preberan\u00e9ho u\u010diva. Pr\u00e1ve to obsahuje \u201eU\u010debnica\u2026","rel":"","context":"V &quot;Bezpe\u010dnos\u0165&quot;","block_context":{"text":"Bezpe\u010dnos\u0165","link":"https:\/\/preventista.sk\/info\/category\/itbezp\/"},"img":{"alt_text":"","src":"https:\/\/i0.wp.com\/preventista.sk\/info\/wp-content\/uploads\/2021\/09\/knihy.jpg?resize=350%2C200&ssl=1","width":350,"height":200,"srcset":"https:\/\/i0.wp.com\/preventista.sk\/info\/wp-content\/uploads\/2021\/09\/knihy.jpg?resize=350%2C200&ssl=1 1x, https:\/\/i0.wp.com\/preventista.sk\/info\/wp-content\/uploads\/2021\/09\/knihy.jpg?resize=525%2C300&ssl=1 1.5x, https:\/\/i0.wp.com\/preventista.sk\/info\/wp-content\/uploads\/2021\/09\/knihy.jpg?resize=700%2C400&ssl=1 2x, https:\/\/i0.wp.com\/preventista.sk\/info\/wp-content\/uploads\/2021\/09\/knihy.jpg?resize=1050%2C600&ssl=1 3x"},"classes":[]},{"id":5816,"url":"https:\/\/preventista.sk\/info\/tretia-cast-ucebnice-pre-stredne-skoly\/","url_meta":{"origin":4977,"position":5},"title":"Tretia \u010das\u0165 u\u010debnice pre stredn\u00e9 \u0161koly","author":"Redakcia","date":"22. apr\u00edla 2024","format":false,"excerpt":"Tretia \u010das\u0165 U\u010debnice informa\u010dnej bezpe\u010dnosti pre stredn\u00e9 odborn\u00e9 \u0161koly a\u00a0gymn\u00e1zi\u00e1 uzrela svetlo sveta a tak sa uzavrela pl\u00e1novan\u00e1 trojica u\u010debn\u00edc, ktor\u00e9 sme mali v OZ Preventista - zdru\u017eenie pre bezpe\u010dnos\u0165 a prevenciu napl\u00e1novan\u00e9. Prv\u00e9 dve u\u010debnice na\u0161li svoje miesto v slovenskom \u0161kolstve - dnes ich vyu\u017e\u00edva viac ako 300 slovensk\u00fdch\u2026","rel":"","context":"V &quot;Aktu\u00e1lne&quot;","block_context":{"text":"Aktu\u00e1lne","link":"https:\/\/preventista.sk\/info\/category\/akcie\/aktualne\/"},"img":{"alt_text":"","src":"https:\/\/i0.wp.com\/preventista.sk\/info\/wp-content\/uploads\/2024\/03\/image-4.png?resize=350%2C200&ssl=1","width":350,"height":200,"srcset":"https:\/\/i0.wp.com\/preventista.sk\/info\/wp-content\/uploads\/2024\/03\/image-4.png?resize=350%2C200&ssl=1 1x, https:\/\/i0.wp.com\/preventista.sk\/info\/wp-content\/uploads\/2024\/03\/image-4.png?resize=525%2C300&ssl=1 1.5x, https:\/\/i0.wp.com\/preventista.sk\/info\/wp-content\/uploads\/2024\/03\/image-4.png?resize=700%2C400&ssl=1 2x"},"classes":[]}],"_links":{"self":[{"href":"https:\/\/preventista.sk\/info\/wp-json\/wp\/v2\/posts\/4977","targetHints":{"allow":["GET"]}}],"collection":[{"href":"https:\/\/preventista.sk\/info\/wp-json\/wp\/v2\/posts"}],"about":[{"href":"https:\/\/preventista.sk\/info\/wp-json\/wp\/v2\/types\/post"}],"author":[{"embeddable":true,"href":"https:\/\/preventista.sk\/info\/wp-json\/wp\/v2\/users\/1"}],"replies":[{"embeddable":true,"href":"https:\/\/preventista.sk\/info\/wp-json\/wp\/v2\/comments?post=4977"}],"version-history":[{"count":9,"href":"https:\/\/preventista.sk\/info\/wp-json\/wp\/v2\/posts\/4977\/revisions"}],"predecessor-version":[{"id":4992,"href":"https:\/\/preventista.sk\/info\/wp-json\/wp\/v2\/posts\/4977\/revisions\/4992"}],"wp:attachment":[{"href":"https:\/\/preventista.sk\/info\/wp-json\/wp\/v2\/media?parent=4977"}],"wp:term":[{"taxonomy":"category","embeddable":true,"href":"https:\/\/preventista.sk\/info\/wp-json\/wp\/v2\/categories?post=4977"},{"taxonomy":"post_tag","embeddable":true,"href":"https:\/\/preventista.sk\/info\/wp-json\/wp\/v2\/tags?post=4977"}],"curies":[{"name":"wp","href":"https:\/\/api.w.org\/{rel}","templated":true}]}}