{"id":5066,"date":"2022-11-25T12:58:56","date_gmt":"2022-11-25T11:58:56","guid":{"rendered":"https:\/\/preventista.sk\/info\/?p=5066"},"modified":"2022-11-28T09:21:56","modified_gmt":"2022-11-28T08:21:56","slug":"prax-a-ucebnica-informacnej-bezpecnosti-5-rocnik","status":"publish","type":"post","link":"https:\/\/preventista.sk\/info\/prax-a-ucebnica-informacnej-bezpecnosti-5-rocnik\/","title":{"rendered":"Prax a u\u010debnica Informa\u010dnej bezpe\u010dnosti 5.ro\u010dn\u00edk"},"content":{"rendered":"\n<p><em>V roku 2019 sme vydali na\u0161u prv\u00fa koncep\u010dn\u00fa u\u010debnicu zameran\u00fa na t\u00e9my informa\u010dnej bezpe\u010dnosti pre piaty ro\u010dn\u00edk z\u00e1kladn\u00fdch \u0161k\u00f4l. Vybrali sme nieko\u013eko \u0161k\u00f4l so z\u00e1ujmom o ich otestovanie vo v\u00fduke, rozdali im knihy, absolvovali z\u00e1kladn\u00fd workshop&#8230;. a potom pri\u0161iel COVID. Cel\u00e9 nad\u0161enie sa na \u010das preru\u0161ilo. N\u00e1vrat do be\u017en\u00e9ho \u017eivot vr\u00e1til do \u017eivota aj na\u0161u u\u010debnicu a tak s rados\u0165ou prij\u00edmame nov\u00e9 inform\u00e1cie o tom ako sa s \u0148ou pracuje v praxi.<\/em><\/p>\n\n\n\n<p><em>Dnes n\u00e1s pote\u0161ila recenzia od pani u\u010dite\u013eky Mgr.Danky Trnkovej zo z\u00e1kladnej \u0161koly M.R.\u0160tef\u00e1nika v Lu\u010denci. <\/em><\/p>\n\n\n\n<p>S\u00falad eduka\u010dnej publik\u00e1cie so \u0160t\u00e1tnym vzdel\u00e1vac\u00edm programom je na primeranej \u00farovni. Eduka\u010dn\u00e1 publik\u00e1cia spres\u0148uje a vystihuje koncep\u010dn\u00fd r\u00e1mec \u0160VP nielen v&nbsp;informatickej v\u00fdchove, ale aj v&nbsp;etickej v\u00fdchove, na triednick\u00fdch hodin\u00e1ch, po\u010das prevent\u00edvnych aktiv\u00edt. Obsahov\u00e1 \u0161trukt\u00fara eduka\u010dnej publik\u00e1cie je v koncep\u010dnej zhode s obsahov\u00fdm r\u00e1mcom \u0160VP.<\/p>\n\n\n<div class=\"wp-block-image\">\n<figure class=\"aligncenter size-full is-resized\"><img data-recalc-dims=\"1\" loading=\"lazy\" decoding=\"async\" data-attachment-id=\"4644\" data-permalink=\"https:\/\/preventista.sk\/info\/kniznica\/5r_ucebnica-1\/\" data-orig-file=\"https:\/\/i0.wp.com\/preventista.sk\/info\/wp-content\/uploads\/2022\/01\/5r_ucebnica-1.png?fit=625%2C884&amp;ssl=1\" data-orig-size=\"625,884\" data-comments-opened=\"1\" data-image-meta=\"{&quot;aperture&quot;:&quot;0&quot;,&quot;credit&quot;:&quot;&quot;,&quot;camera&quot;:&quot;&quot;,&quot;caption&quot;:&quot;&quot;,&quot;created_timestamp&quot;:&quot;0&quot;,&quot;copyright&quot;:&quot;&quot;,&quot;focal_length&quot;:&quot;0&quot;,&quot;iso&quot;:&quot;0&quot;,&quot;shutter_speed&quot;:&quot;0&quot;,&quot;title&quot;:&quot;&quot;,&quot;orientation&quot;:&quot;0&quot;}\" data-image-title=\"5r_ucebnica-1\" data-image-description=\"\" data-image-caption=\"\" data-large-file=\"https:\/\/i0.wp.com\/preventista.sk\/info\/wp-content\/uploads\/2022\/01\/5r_ucebnica-1.png?fit=625%2C884&amp;ssl=1\" src=\"https:\/\/i0.wp.com\/preventista.sk\/info\/wp-content\/uploads\/2022\/01\/5r_ucebnica-1.png?resize=297%2C420&#038;ssl=1\" alt=\"\" class=\"wp-image-4644\" width=\"297\" height=\"420\" srcset=\"https:\/\/i0.wp.com\/preventista.sk\/info\/wp-content\/uploads\/2022\/01\/5r_ucebnica-1.png?w=625&amp;ssl=1 625w, https:\/\/i0.wp.com\/preventista.sk\/info\/wp-content\/uploads\/2022\/01\/5r_ucebnica-1.png?resize=450%2C636&amp;ssl=1 450w, https:\/\/i0.wp.com\/preventista.sk\/info\/wp-content\/uploads\/2022\/01\/5r_ucebnica-1.png?resize=320%2C453&amp;ssl=1 320w\" sizes=\"auto, (max-width: 297px) 100vw, 297px\" \/><\/figure>\n<\/div>\n\n\n<p>Odborn\u00e1 spr\u00e1vnos\u0165 obsahu eduka\u010dnej publik\u00e1cie je primeran\u00e1 veku \u017eiakov 5. ro\u010dn\u00edka. Terminologick\u00e1 spr\u00e1vnos\u0165 textovej \u010dasti je v s\u00falade s vedeck\u00fdm poznan\u00edm. Odborn\u00e1 spr\u00e1vnos\u0165 grafickej zlo\u017eky eduka\u010dnej publik\u00e1cie je na primeranej \u00farovni, rovnako aj jej funk\u010dnos\u0165.&nbsp;Bol vytvoren\u00fd s\u00falad grafickej zlo\u017eky eduka\u010dnej publik\u00e1cie s&nbsp;textovou&nbsp; ako aj s\u00falad s normami v r\u00e1mci&nbsp; odboru vzdel\u00e1vania.<\/p>\n\n\n\n<p>Didaktick\u00e9 a metodick\u00e9 spracovanie u\u010diva je na vysokej \u00farovni. Logick\u00e1 \u0161trukt\u00fara obsahu eduka\u010dnej publik\u00e1cie z h\u013eadiska usporiadania jednotliv\u00fdch prvkov (kapitoly, podkapitoly&#8230;) je jasn\u00e1 a zrozumite\u013en\u00e1, v&nbsp;u\u010debnici s\u00fa zaraden\u00e9 aj hrav\u00e9 a&nbsp;tvoriv\u00e9 \u00falohy. Logick\u00e9 spracovanie obsahu eduka\u010dnej publik\u00e1cie, obsahov\u00e1 nadv\u00e4znos\u0165 u\u010diva, jednotliv\u00fdch inform\u00e1ci\u00ed v r\u00e1mci kapitol, podkapitol, jednotliv\u00fdch \u010dast\u00ed je dobr\u00e9. Vyv\u00e1\u017eenos\u0165 z\u00e1kladn\u00fdch poznatkov (v\u00fdkladov\u00e9 texty, ot\u00e1zky a \u00falohy, pr\u00edklady, cvi\u010denia) a dopl\u0148uj\u00facich inform\u00e1ci\u00ed dosahuje vysok\u00fd \u0161tandard. Obsah je vysoko aktu\u00e1lny. Vhodnos\u0165 a pou\u017eite\u013enos\u0165 zaraden\u00fdch poznatkov a \u010dinnost\u00ed z h\u013eadiska nadob\u00fadania a rozv\u00edjania k\u013e\u00fa\u010dov\u00fdch kompetenci\u00ed \u017eiakov je primeran\u00e1 vekovej kateg\u00f3rii, pre ktor\u00fa je ur\u010den\u00e1. Didaktick\u00e9 spracovanie umo\u017e\u0148uje rozv\u00edja\u0165 a sp\u00e1ja\u0165 nadobudnut\u00e9 vedomosti, zru\u010dnosti a kompetencie z predch\u00e1dzaj\u00facich stup\u0148ov vzdelania, resp. in\u00fdch predmetov. V&nbsp;u\u010debnici je zachovan\u00e1 postupn\u00e1 vzostupnosti n\u00e1ro\u010dnosti poznatkov.&nbsp;<\/p>\n\n\n\n<p>Ot\u00e1zky, \u00falohy, cvi\u010denia s\u00fa odstup\u0148ovan\u00e9 pod\u013ea n\u00e1ro\u010dnosti. Didaktick\u00e9 spracovanie podporuje rozv\u00edjanie r\u00f4znych strat\u00e9gi\u00ed u\u010denia sa. Ot\u00e1zky, \u00falohy, cvi\u010denia s\u00fa formulovan\u00e9 jasne a&nbsp;zrozumite\u013ene. Prepojenos\u0165 eduka\u010dnej publik\u00e1cie s praxou umo\u017e\u0148uje dostato\u010dn\u00fa odborn\u00fa pr\u00edpravu na re\u00e1lny \u017eivot. Situ\u00e1cie v&nbsp;u\u010debnici s\u00fa odrazom s\u00fa\u010dasnosti a&nbsp;be\u017en\u00e9ho ka\u017edodenn\u00e9ho \u017eivota. Didaktick\u00e9 spracovanie umo\u017e\u0148uje \u017eiakovi primerane samostatne a akt\u00edvne si osvojova\u0165 poznatky a \u010dinnosti aj bez u\u010dite\u013ea. U\u010debnica je vekuprimeran\u00e1 v po\u010dte odborn\u00fdch term\u00ednov, v &nbsp;zlo\u017eitosti ich vysvetlenia.<\/p>\n\n\n\n<p>Didaktick\u00e9 spracovanie je podnetn\u00e9 variabilitou vyu\u017eit\u00fdch met\u00f3d a postupov spracovania obsahu vzdel\u00e1vania a podnecuje z\u00e1ujem \u017eiakov o dan\u00fa t\u00e9mu. Uplat\u0148uj\u00fa sa medzipredmetov\u00e9 vz\u0165ahy aj vn\u00fatropredmetov\u00e9 vz\u0165ahy. U\u010debnica zah\u0155\u0148a rozv\u00edjanie kompetenci\u00ed \u017eiakovej osobnosti, soci\u00e1lne, psychomotorick\u00e9, u\u010debn\u00e9, komunikat\u00edvne, informa\u010dn\u00e9 zru\u010dnosti, rozv\u00edja aj kritick\u00e9 a tvoriv\u00e9 myslenie.&nbsp;&nbsp;&nbsp;&nbsp;&nbsp;&nbsp;&nbsp;&nbsp;&nbsp;<\/p>\n\n\n\n<p>Grafick\u00e9 spracovanie textu, jeho \u00faprava, vyv\u00e1\u017eenos\u0165, farebnos\u0165, \u010ditate\u013enos\u0165) s\u00fa na v\u00fdbornej \u00farovni. S\u00fa tu pr\u00edtomn\u00e9 &nbsp;n\u00e1zorn\u00e9 grafick\u00e9 prvky vo v\u0161etk\u00fdch \u0161trukt\u00farnych komponentoch, ktor\u00e9 tvoria ucelen\u00fd didaktick\u00fd syst\u00e9m. Jazykov\u00e1 \u00faprava &nbsp;a jazykov\u00e1 spr\u00e1vnos\u0165, s\u00falad s pravidlami slovensk\u00e9ho jazyka, \u0161tylisticky primeran\u00fd text k veku&nbsp; je v&nbsp;ka\u017edej z&nbsp;kapitol. U\u010debnica dodr\u017eiava spolo\u010denskej korektnos\u0165, spracovanie u\u010diva nediskriminuje \u017eiakov, \u010dlenov spolo\u010dnosti, vyhovuje z h\u013eadiska citlivosti a rovnosti vo vz\u0165ahu k handicapovan\u00fdm \u013eu\u010fom, k pohlaviu, k n\u00e1rodom a n\u00e1rodnostiam, k ras\u00e1m, n\u00e1bo\u017eenstvu, k dodr\u017eiavanie \u013eudsk\u00fdch pr\u00e1v. Didaktick\u00e9 spracovanie u\u010debnice informatickej bezpe\u010dnosti podporuje rozvoj \u010d\u00edtania s&nbsp;porozumen\u00edm, glob\u00e1lne porozumenie textu, porozumenie \u010diastkov\u00fdch inform\u00e1ci\u00ed, identifikovanie vz\u0165ahov a&nbsp;s\u00favislost\u00ed aj sp\u00e1janie inform\u00e1ci\u00ed.&nbsp;&nbsp;&nbsp; U\u010debnica podporuje rozvoj tvoriv\u00e9ho a kritick\u00e9ho myslenia. Didaktick\u00e9 spracovanie podporuje rozvoj anal\u00fdzy, synt\u00e9zy, hodnotenia, porovnania.<\/p>\n\n\n\n<p><em>Z\u00e1vere\u010dn\u00e9 zhodnotenie u\u010debnice <strong><mark style=\"background-color:rgba(0, 0, 0, 0)\" class=\"has-inline-color has-vivid-cyan-blue-color\">Nebojte sa informa\u010dnej bezpe\u010dnosti<\/mark><\/strong><\/em><\/p>\n\n\n\n<p>Praktick\u00fd pr\u00ednos u\u010debnice je nielen pre \u017eiaka, ale aj u\u010dite\u013e si v&nbsp;nej n\u00e1jde nov\u00e9 poznatky a sp\u00f4sob ako ich poda\u0165 de\u0165om. Metodick\u00e1 pr\u00edru\u010dka vynikaj\u00faco dop\u013a\u0148a u\u010debnicu a&nbsp;ove\u013ea lep\u0161ie sa s&nbsp;\u0148ou pedag\u00f3govi pracuje, ke\u010f v&nbsp;nej n\u00e1jde aj dopl\u0148uj\u00face inform\u00e1cie a&nbsp;vysvetlenie k&nbsp;aktivit\u00e1m. Sna\u017eili sme sa vysk\u00fa\u0161a\u0165 v\u00e4\u010d\u0161inu aktiv\u00edt z&nbsp;u\u010debnice. Pr\u00edklady zastra\u0161ovania v&nbsp;rozpr\u00e1vkach n\u00e1\u0161ho detstva boli v\u00fdbornou aktivitou. \u017diaci sa pri tejto aktivite v\u00fdborne zabavili aj zamysleli. Naopak melodizovanie textu a&nbsp;jeho spievanie sa nestretlo v&nbsp;triedach s&nbsp;nad\u0161en\u00edm. \u017diakov zaujali komixy, fotografie pr\u00edkladov emailov\u00fdch odkazov na falo\u0161n\u00fa str\u00e1nku, falo\u0161n\u00e9 hry, ale aj ozna\u010denie bydliska v&nbsp;hre. To prekvapilo asi v\u0161etk\u00fdch, \u017ee tak\u00fato inform\u00e1ciu aplik\u00e1ci\u00e1m d\u00e1vaj\u00fa. Politika \u010dist\u00e9ho stola sa stala pre viacer\u00fdch \u017eiakov d\u00f4le\u017eit\u00e1, preto\u017ee im pom\u00e1ha orientova\u0165 sa v&nbsp;po\u010d\u00edta\u010di. V&nbsp;stalkingu sa na\u0161li a&nbsp;mali s&nbsp;n\u00edm mno\u017estvo sk\u00fasenost\u00ed. Kontakty na linky pomoci a&nbsp;probl\u00e9my, s&nbsp;ktor\u00fdmi sa obraca\u0165 na jednotliv\u00e9 linky in pomohli z\u00edska\u0165 preh\u013ead aj v&nbsp;tejto oblasti. U\u010debnica si zasl\u00fa\u017ei roz\u0161\u00edrenie o&nbsp;\u010fal\u0161ie aktu\u00e1lne t\u00e9my, pre \u010fal\u0161ie ro\u010dn\u00edky, aby zaplnila dieru na trhu ale aj aby pomohla u\u010dite\u013eom a&nbsp;\u017eiakom orientova\u0165 sa v&nbsp;aktu\u00e1lnej problematike kybernetickej bezpe\u010dnosti.<\/p>\n\n\n\n<p><\/p>\n\n\n\n<p><strong><mark style=\"background-color:rgba(0, 0, 0, 0)\" class=\"has-inline-color has-vivid-cyan-blue-color\">Linky na bezplatn\u00e9 stiahnutie<\/mark><\/strong><\/p>\n\n\n\n<p>U\u010debnica:  <a href=\"https:\/\/preventista.sk\/info\/wp-content\/uploads\/2022\/01\/Ucebnica-Informacnej-Bezpecnosti-pre-5-rocnik_final.pdf\">5rocnik_Ucebnica Informacnej Bezpecnosti (preventista.sk)<\/a><\/p>\n\n\n\n<p>Odborn\u00e1 pr\u00edru\u010dka:  <a href=\"https:\/\/preventista.sk\/info\/wp-content\/uploads\/2022\/03\/Odborna-prirucka-pre-ucitela-pre-Informacnu-bezpecnost-pre-5-rocnik.pdf\">Odborn\u00e1 pr\u00edru\u010dka pre u\u010dite\u013ea pre Informa\u010dn\u00fa bezpe\u010dnos\u0165 pre 5 ro\u010dn\u00edk (preventista.sk)<\/a><\/p>\n\n\n\n<p>Metodick\u00e1 pr\u00edru\u010dka:  <a href=\"https:\/\/preventista.sk\/info\/wp-content\/uploads\/2022\/03\/Metodicka-prirucka-pre-Didaktiku-pre-5-rocnik-ZS.pdf\">Metodick\u00e1 pr\u00edru\u010dka pre Didaktiku pre 5 ro\u010dn\u00edk Z\u0160 (preventista.sk)<\/a><\/p>\n\n\n\n<p><mark style=\"background-color:rgba(0, 0, 0, 0)\" class=\"has-inline-color has-vivid-cyan-blue-color\"><strong>D\u00f4le\u017eit\u00e1 inform\u00e1cia<\/strong><\/mark><\/p>\n\n\n\n<p>Ak sa rozhodnete po stiahnut\u00ed a pre\u0161tudovan\u00ed u\u010debnice za\u010da\u0165 s \u0148ou na Va\u0161ej \u0161kole pracova\u0165 kontaktujte n\u00e1s na <a href=\"mailto:info@preventista.sk\">info@preventista.sk<\/a>  za \u00fa\u010delom z\u00edskania \u010fal\u0161\u00edch didaktick\u00fdch materi\u00e1lov.<\/p>\n\n\n\n<p><mark style=\"background-color:rgba(0, 0, 0, 0)\" class=\"has-inline-color has-vivid-cyan-blue-color\"><strong>Informa\u010dn\u00e9 video s autormi u\u010debnice<\/strong><\/mark><\/p>\n\n\n\n<figure class=\"wp-block-image size-full is-resized\"><a href=\"https:\/\/drive.google.com\/file\/d\/1AMiwtlxxlU34j9pzN4KPSdzduW_oAyH8\/view\"><img data-recalc-dims=\"1\" loading=\"lazy\" decoding=\"async\" data-attachment-id=\"5080\" data-permalink=\"https:\/\/preventista.sk\/info\/prax-a-ucebnica-informacnej-bezpecnosti-5-rocnik\/image-15\/\" data-orig-file=\"https:\/\/i0.wp.com\/preventista.sk\/info\/wp-content\/uploads\/2022\/11\/image.png?fit=482%2C273&amp;ssl=1\" data-orig-size=\"482,273\" data-comments-opened=\"1\" data-image-meta=\"{&quot;aperture&quot;:&quot;0&quot;,&quot;credit&quot;:&quot;&quot;,&quot;camera&quot;:&quot;&quot;,&quot;caption&quot;:&quot;&quot;,&quot;created_timestamp&quot;:&quot;0&quot;,&quot;copyright&quot;:&quot;&quot;,&quot;focal_length&quot;:&quot;0&quot;,&quot;iso&quot;:&quot;0&quot;,&quot;shutter_speed&quot;:&quot;0&quot;,&quot;title&quot;:&quot;&quot;,&quot;orientation&quot;:&quot;0&quot;}\" data-image-title=\"image\" data-image-description=\"\" data-image-caption=\"\" data-large-file=\"https:\/\/i0.wp.com\/preventista.sk\/info\/wp-content\/uploads\/2022\/11\/image.png?fit=482%2C273&amp;ssl=1\" src=\"https:\/\/i0.wp.com\/preventista.sk\/info\/wp-content\/uploads\/2022\/11\/image.png?resize=844%2C478&#038;ssl=1\" alt=\"\" class=\"wp-image-5080\" width=\"844\" height=\"478\" srcset=\"https:\/\/i0.wp.com\/preventista.sk\/info\/wp-content\/uploads\/2022\/11\/image.png?w=482&amp;ssl=1 482w, https:\/\/i0.wp.com\/preventista.sk\/info\/wp-content\/uploads\/2022\/11\/image.png?resize=450%2C255&amp;ssl=1 450w, https:\/\/i0.wp.com\/preventista.sk\/info\/wp-content\/uploads\/2022\/11\/image.png?resize=320%2C181&amp;ssl=1 320w\" sizes=\"auto, (max-width: 844px) 100vw, 844px\" \/><\/a><\/figure>\n\n\n\n<p><\/p>\n","protected":false},"excerpt":{"rendered":"<p>V roku 2019 sme vydali na\u0161u prv\u00fa koncep\u010dn\u00fa u\u010debnicu zameran\u00fa na t\u00e9my informa\u010dnej bezpe\u010dnosti pre piaty ro\u010dn\u00edk z\u00e1kladn\u00fdch \u0161k\u00f4l. Vybrali sme nieko\u013eko \u0161k\u00f4l so z\u00e1ujmom o ich otestovanie vo v\u00fduke, rozdali im knihy, absolvovali z\u00e1kladn\u00fd workshop&#8230;. a potom pri\u0161iel COVID. Cel\u00e9 nad\u0161enie sa na \u010das preru\u0161ilo. N\u00e1vrat do be\u017en\u00e9ho \u017eivot vr\u00e1til do \u017eivota aj na\u0161u [&hellip;]<\/p>\n","protected":false},"author":1,"featured_media":0,"comment_status":"open","ping_status":"open","sticky":false,"template":"","format":"standard","meta":{"jetpack_post_was_ever_published":false,"_jetpack_newsletter_access":"","_jetpack_dont_email_post_to_subs":false,"_jetpack_newsletter_tier_id":0,"_jetpack_memberships_contains_paywalled_content":false,"_jetpack_memberships_contains_paid_content":false,"footnotes":""},"categories":[4,2,61],"tags":[32,23,52],"class_list":["post-5066","post","type-post","status-publish","format-standard","hentry","category-itbezp","category-itkrim","category-prevencia","tag-bezpecnost","tag-it-kriminalita","tag-skola"],"aioseo_notices":[],"jetpack_featured_media_url":"","jetpack_sharing_enabled":true,"jetpack-related-posts":[{"id":4472,"url":"https:\/\/preventista.sk\/info\/vzdelavanie-informacnej-bezpecnosti-na-strednych-skolach-ma-sancu\/","url_meta":{"origin":5066,"position":0},"title":"Vzdel\u00e1vanie informa\u010dnej bezpe\u010dnosti na stredn\u00fdch \u0161kol\u00e1ch m\u00e1 \u0161ancu!","author":"Marek Zeman","date":"14. septembra 2021","format":false,"excerpt":"S\u00a0ve\u013ekou rados\u0165ou v\u00e1m oznamujeme, \u017ee svetlo sveta uzrela \u201eU\u010debnica informa\u010dnej bezpe\u010dnosti pre stredn\u00e9 \u0161koly a\u00a0gymn\u00e1zi\u00e1, prv\u00e1 \u010das\u0165\u201c. Je to u\u010debnica, ktor\u00e1 je v\u00a0na\u0161ich kon\u010din\u00e1ch prelomov\u00e1. Pomocou u\u010debnice je mo\u017en\u00e9 vytvori\u0165 pevn\u00e9 z\u00e1klady osobnej bezpe\u010dnosti a\u00a0z\u00e1rove\u0148 si osvoji\u0165 vedomosti, ktor\u00e9 tvoria jadro te\u00f3rie informa\u010dnej bezpe\u010dnosti. Za\u010diatkom roka 2020 vznikla po\u017eiadavka 1.\u2026","rel":"","context":"V &quot;Bezpe\u010dnos\u0165&quot;","block_context":{"text":"Bezpe\u010dnos\u0165","link":"https:\/\/preventista.sk\/info\/category\/itbezp\/"},"img":{"alt_text":"","src":"https:\/\/i0.wp.com\/preventista.sk\/info\/wp-content\/uploads\/2021\/09\/kniha-2021.png?fit=762%2C1200&ssl=1&resize=350%2C200","width":350,"height":200,"srcset":"https:\/\/i0.wp.com\/preventista.sk\/info\/wp-content\/uploads\/2021\/09\/kniha-2021.png?fit=762%2C1200&ssl=1&resize=350%2C200 1x, https:\/\/i0.wp.com\/preventista.sk\/info\/wp-content\/uploads\/2021\/09\/kniha-2021.png?fit=762%2C1200&ssl=1&resize=525%2C300 1.5x, https:\/\/i0.wp.com\/preventista.sk\/info\/wp-content\/uploads\/2021\/09\/kniha-2021.png?fit=762%2C1200&ssl=1&resize=700%2C400 2x"},"classes":[]},{"id":3708,"url":"https:\/\/preventista.sk\/info\/nebojte-sa-informacnej-bezpecnosti\/","url_meta":{"origin":5066,"position":1},"title":"Nebojte sa informa\u010dnej bezpe\u010dnosti","author":"Redakcia","date":"19. marca 2020","format":false,"excerpt":"V \u017eivote okolo n\u00e1s zaznamen\u00e1vame rozmach nov\u00fdch technol\u00f3gii v pracovnom aj s\u00fakromnom \u017eivote \u013eud\u00ed. St\u00e1va sa, \u017ee majite\u013e novej technol\u00f3gie nevie obsiahnu\u0165 cel\u00fa \u0161k\u00e1lu funkcionality mo\u017enost\u00ed, ktor\u00fa s nov\u00fdm tovarom dost\u00e1va. Mus\u00edme si uvedomi\u0165, \u017ee nov\u00e1 technol\u00f3gia prin\u00e1\u0161a aj mno\u017estvo nov\u00fdch hrozieb. \u013dudia a deti sa st\u00e1vaj\u00fa st\u00e1le zranite\u013enej\u0161\u00edmi. Ak\u2026","rel":"","context":"V &quot;Bezpe\u010dnos\u0165&quot;","block_context":{"text":"Bezpe\u010dnos\u0165","link":"https:\/\/preventista.sk\/info\/category\/itbezp\/"},"img":{"alt_text":"","src":"https:\/\/i0.wp.com\/preventista.sk\/info\/wp-content\/uploads\/2020\/03\/zeman_clanok.png?fit=891%2C484&ssl=1&resize=350%2C200","width":350,"height":200,"srcset":"https:\/\/i0.wp.com\/preventista.sk\/info\/wp-content\/uploads\/2020\/03\/zeman_clanok.png?fit=891%2C484&ssl=1&resize=350%2C200 1x, https:\/\/i0.wp.com\/preventista.sk\/info\/wp-content\/uploads\/2020\/03\/zeman_clanok.png?fit=891%2C484&ssl=1&resize=525%2C300 1.5x, https:\/\/i0.wp.com\/preventista.sk\/info\/wp-content\/uploads\/2020\/03\/zeman_clanok.png?fit=891%2C484&ssl=1&resize=700%2C400 2x"},"classes":[]},{"id":5816,"url":"https:\/\/preventista.sk\/info\/tretia-cast-ucebnice-pre-stredne-skoly\/","url_meta":{"origin":5066,"position":2},"title":"Tretia \u010das\u0165 u\u010debnice pre stredn\u00e9 \u0161koly","author":"Redakcia","date":"22. apr\u00edla 2024","format":false,"excerpt":"Tretia \u010das\u0165 U\u010debnice informa\u010dnej bezpe\u010dnosti pre stredn\u00e9 odborn\u00e9 \u0161koly a\u00a0gymn\u00e1zi\u00e1 uzrela svetlo sveta a tak sa uzavrela pl\u00e1novan\u00e1 trojica u\u010debn\u00edc, ktor\u00e9 sme mali v OZ Preventista - zdru\u017eenie pre bezpe\u010dnos\u0165 a prevenciu napl\u00e1novan\u00e9. Prv\u00e9 dve u\u010debnice na\u0161li svoje miesto v slovenskom \u0161kolstve - dnes ich vyu\u017e\u00edva viac ako 300 slovensk\u00fdch\u2026","rel":"","context":"V &quot;Aktu\u00e1lne&quot;","block_context":{"text":"Aktu\u00e1lne","link":"https:\/\/preventista.sk\/info\/category\/akcie\/aktualne\/"},"img":{"alt_text":"","src":"https:\/\/i0.wp.com\/preventista.sk\/info\/wp-content\/uploads\/2024\/03\/image-4.png?resize=350%2C200&ssl=1","width":350,"height":200,"srcset":"https:\/\/i0.wp.com\/preventista.sk\/info\/wp-content\/uploads\/2024\/03\/image-4.png?resize=350%2C200&ssl=1 1x, https:\/\/i0.wp.com\/preventista.sk\/info\/wp-content\/uploads\/2024\/03\/image-4.png?resize=525%2C300&ssl=1 1.5x, https:\/\/i0.wp.com\/preventista.sk\/info\/wp-content\/uploads\/2024\/03\/image-4.png?resize=700%2C400&ssl=1 2x"},"classes":[]},{"id":5284,"url":"https:\/\/preventista.sk\/info\/nebojte-sa-informacnej-bezpecnosti-ucebnica-pre-3-rocnik-zs\/","url_meta":{"origin":5066,"position":3},"title":"Nebojte sa informa\u010dnej bezpe\u010dnosti, u\u010debnica pre 3.ro\u010dn\u00edk Z\u0160","author":"Redakcia","date":"6. decembra 2023","format":false,"excerpt":"Vzdel\u00e1vanie v\u00a0oblasti informa\u010dnej bezpe\u010dnosti je v\u00a0s\u00fa\u010dasnosti viac ne\u017e potrebn\u00e9. \u017diaci pou\u017e\u00edvaj\u00fa r\u00f4zne zariadenia, ktor\u00fdch ovl\u00e1danie je intuit\u00edvne, a\u00a0len ob\u010das sa stane, \u017ee si malolet\u00ed nevedia poradi\u0165 s\u00a0technikou. Intuit\u00edvne ovl\u00e1danie v\u0161ak neznamen\u00e1 automaticky bezpe\u010dnos\u0165 pre pou\u017e\u00edvate\u013ea. Ako kolekt\u00edv autorov u\u017e nieko\u013eko rokov pracujeme na spr\u00edstupnen\u00ed t\u00e9m z\u00a0oblasti informa\u010dnej bezpe\u010dnosti. V\u00fdberom t\u00e9m\u2026","rel":"","context":"V &quot;Bezpe\u010dnos\u0165&quot;","block_context":{"text":"Bezpe\u010dnos\u0165","link":"https:\/\/preventista.sk\/info\/category\/itbezp\/"},"img":{"alt_text":"","src":"https:\/\/i0.wp.com\/preventista.sk\/info\/wp-content\/uploads\/2023\/12\/Mikulas-Ucebnica3.png?resize=350%2C200&ssl=1","width":350,"height":200,"srcset":"https:\/\/i0.wp.com\/preventista.sk\/info\/wp-content\/uploads\/2023\/12\/Mikulas-Ucebnica3.png?resize=350%2C200&ssl=1 1x, https:\/\/i0.wp.com\/preventista.sk\/info\/wp-content\/uploads\/2023\/12\/Mikulas-Ucebnica3.png?resize=525%2C300&ssl=1 1.5x, https:\/\/i0.wp.com\/preventista.sk\/info\/wp-content\/uploads\/2023\/12\/Mikulas-Ucebnica3.png?resize=700%2C400&ssl=1 2x"},"classes":[]},{"id":5158,"url":"https:\/\/preventista.sk\/info\/co-motivuje-autorov-k-pisaniu-ucebnic-o-bezpecnosti\/","url_meta":{"origin":5066,"position":4},"title":"\u010co motivuje autorov k p\u00edsaniu u\u010debn\u00edc o bezpe\u010dnosti?","author":"Redakcia","date":"15. febru\u00e1ra 2023","format":false,"excerpt":"Knihy o ktor\u00fdch sa v odborn\u00fdch kruhoch mnoho hovor\u00ed, dva diely \u00faspe\u0161n\u00fdch U\u010debn\u00edc informa\u010dnej bezpe\u010dnosti pre stredn\u00e9 \u0161koly a gymn\u00e1zi\u00e1. Vyspovedali sme t\u00edm autorov Mareka Zemana, Daniela Chromeka, Miroslava Bl\u0161\u00e1ka a Jaroslava Ostera. P\u00e4\u0165 ot\u00e1zok a p\u00e4\u0165 zauj\u00edmav\u00fdch odpoved\u00ed. \u010co \u0164a motivovalo obetova\u0165 svoj vo\u013en\u00fd \u010das nap\u00edsaniu u\u017e druhej \u010dasti\u2026","rel":"","context":"V &quot;Bezpe\u010dnos\u0165&quot;","block_context":{"text":"Bezpe\u010dnos\u0165","link":"https:\/\/preventista.sk\/info\/category\/itbezp\/"},"img":{"alt_text":"","src":"https:\/\/i0.wp.com\/preventista.sk\/info\/wp-content\/uploads\/2023\/02\/Ucebnice.png?resize=350%2C200&ssl=1","width":350,"height":200,"srcset":"https:\/\/i0.wp.com\/preventista.sk\/info\/wp-content\/uploads\/2023\/02\/Ucebnice.png?resize=350%2C200&ssl=1 1x, https:\/\/i0.wp.com\/preventista.sk\/info\/wp-content\/uploads\/2023\/02\/Ucebnice.png?resize=525%2C300&ssl=1 1.5x, https:\/\/i0.wp.com\/preventista.sk\/info\/wp-content\/uploads\/2023\/02\/Ucebnice.png?resize=700%2C400&ssl=1 2x"},"classes":[]},{"id":6055,"url":"https:\/\/preventista.sk\/info\/kto-je-neo\/","url_meta":{"origin":5066,"position":5},"title":"Kto je NEO","author":"Redakcia","date":"25. augusta 2024","format":false,"excerpt":"Na predn\u00e1\u0161kach pre u\u010dite\u013eov i\u00a0\u017eiakov z\u00e1kladn\u00fdch \u0161k\u00f4l pravidelne zaznieva ot\u00e1zka, ako sme pri\u0161li k\u00a0n\u00e1\u0161mu maskotovi \u2013 postavi\u010dke menom NEO. A tak sme sa rozhodli rozpoveda\u0165 jeho pr\u00edbeh. Pr\u00edbeh o tom, kde vznikol, komu \u010fakujeme za t\u00fato mil\u00fa postavi\u010dku. P\u00edsal sa rok 2015, a\u00a0my sme sa v\u00a0r\u00e1mci ob\u010dianskeho zdru\u017eenia u\u017e akosi\u2026","rel":"","context":"V &quot;Hist\u00f3ria&quot;","block_context":{"text":"Hist\u00f3ria","link":"https:\/\/preventista.sk\/info\/category\/akcie\/prehladakc\/"},"img":{"alt_text":"","src":"https:\/\/i0.wp.com\/preventista.sk\/info\/wp-content\/uploads\/2024\/08\/maskot.jpg?resize=350%2C200&ssl=1","width":350,"height":200},"classes":[]}],"_links":{"self":[{"href":"https:\/\/preventista.sk\/info\/wp-json\/wp\/v2\/posts\/5066","targetHints":{"allow":["GET"]}}],"collection":[{"href":"https:\/\/preventista.sk\/info\/wp-json\/wp\/v2\/posts"}],"about":[{"href":"https:\/\/preventista.sk\/info\/wp-json\/wp\/v2\/types\/post"}],"author":[{"embeddable":true,"href":"https:\/\/preventista.sk\/info\/wp-json\/wp\/v2\/users\/1"}],"replies":[{"embeddable":true,"href":"https:\/\/preventista.sk\/info\/wp-json\/wp\/v2\/comments?post=5066"}],"version-history":[{"count":14,"href":"https:\/\/preventista.sk\/info\/wp-json\/wp\/v2\/posts\/5066\/revisions"}],"predecessor-version":[{"id":5084,"href":"https:\/\/preventista.sk\/info\/wp-json\/wp\/v2\/posts\/5066\/revisions\/5084"}],"wp:attachment":[{"href":"https:\/\/preventista.sk\/info\/wp-json\/wp\/v2\/media?parent=5066"}],"wp:term":[{"taxonomy":"category","embeddable":true,"href":"https:\/\/preventista.sk\/info\/wp-json\/wp\/v2\/categories?post=5066"},{"taxonomy":"post_tag","embeddable":true,"href":"https:\/\/preventista.sk\/info\/wp-json\/wp\/v2\/tags?post=5066"}],"curies":[{"name":"wp","href":"https:\/\/api.w.org\/{rel}","templated":true}]}}