{"id":5088,"date":"2023-01-16T11:59:37","date_gmt":"2023-01-16T10:59:37","guid":{"rendered":"https:\/\/preventista.sk\/info\/?p=5088"},"modified":"2023-01-16T11:59:40","modified_gmt":"2023-01-16T10:59:40","slug":"bezpecnost-skol-z-pohladu-rodicov","status":"publish","type":"post","link":"https:\/\/preventista.sk\/info\/bezpecnost-skol-z-pohladu-rodicov\/","title":{"rendered":"<strong><u>Bezpe\u010dnos\u0165 \u0161k\u00f4l (z poh\u013eadu rodi\u010dov)<\/u><\/strong>"},"content":{"rendered":"\n<p>Na z\u00e1klade medializovan\u00fdch pr\u00edpadov o&nbsp;agres\u00edvnych \u00fatokoch na \u0161kol\u00e1ch sme sa rozhodli v obdob\u00ed okt\u00f3ber a\u017e december 2022 formou online dotazn\u00edka zrealizova\u0165 prieskum na t\u00e9mu bezpe\u010dnosti \u0161k\u00f4l. Osloven\u00e9 boli 4 v\u00e4\u010d\u0161ie rodi\u010dovsk\u00e9 skupiny na jednej zo soci\u00e1lnych siet\u00ed. P\u00fdtali sme do akej miery rodi\u010dia pova\u017euj\u00fa \u0161kolu, ktor\u00fa ich die\u0165a nav\u0161tevuje za bezpe\u010dn\u00fa, \u010di sa v&nbsp;\u0161kole ich die\u0165a c\u00edti bezpe\u010dne, ako \u010dasto rie\u0161ili incident kedy bolo ich die\u0165a\u0165u ubl\u00ed\u017een\u00e9 a&nbsp;ak\u00e9 opatrenia na zv\u00fd\u0161enie bezpe\u010dnosti by navrhovali. Do prieskumu sa zapojilo 208 \u00fa\u010dastn\u00edkov z&nbsp;ka\u017ed\u00e9ho kraja.<\/p>\n\n\n\n<figure class=\"wp-block-image size-large\"><img data-recalc-dims=\"1\" loading=\"lazy\" decoding=\"async\" width=\"700\" height=\"295\" data-attachment-id=\"5090\" data-permalink=\"https:\/\/preventista.sk\/info\/bezpecnost-skol-z-pohladu-rodicov\/image-16\/\" data-orig-file=\"https:\/\/i0.wp.com\/preventista.sk\/info\/wp-content\/uploads\/2023\/01\/image.png?fit=945%2C398&amp;ssl=1\" data-orig-size=\"945,398\" data-comments-opened=\"1\" data-image-meta=\"{&quot;aperture&quot;:&quot;0&quot;,&quot;credit&quot;:&quot;&quot;,&quot;camera&quot;:&quot;&quot;,&quot;caption&quot;:&quot;&quot;,&quot;created_timestamp&quot;:&quot;0&quot;,&quot;copyright&quot;:&quot;&quot;,&quot;focal_length&quot;:&quot;0&quot;,&quot;iso&quot;:&quot;0&quot;,&quot;shutter_speed&quot;:&quot;0&quot;,&quot;title&quot;:&quot;&quot;,&quot;orientation&quot;:&quot;0&quot;}\" data-image-title=\"image\" data-image-description=\"\" data-image-caption=\"\" data-large-file=\"https:\/\/i0.wp.com\/preventista.sk\/info\/wp-content\/uploads\/2023\/01\/image.png?fit=700%2C295&amp;ssl=1\" src=\"https:\/\/i0.wp.com\/preventista.sk\/info\/wp-content\/uploads\/2023\/01\/image.png?resize=700%2C295&#038;ssl=1\" alt=\"\" class=\"wp-image-5090\" srcset=\"https:\/\/i0.wp.com\/preventista.sk\/info\/wp-content\/uploads\/2023\/01\/image.png?resize=700%2C295&amp;ssl=1 700w, https:\/\/i0.wp.com\/preventista.sk\/info\/wp-content\/uploads\/2023\/01\/image.png?resize=450%2C190&amp;ssl=1 450w, https:\/\/i0.wp.com\/preventista.sk\/info\/wp-content\/uploads\/2023\/01\/image.png?resize=320%2C135&amp;ssl=1 320w, https:\/\/i0.wp.com\/preventista.sk\/info\/wp-content\/uploads\/2023\/01\/image.png?resize=768%2C323&amp;ssl=1 768w, https:\/\/i0.wp.com\/preventista.sk\/info\/wp-content\/uploads\/2023\/01\/image.png?w=945&amp;ssl=1 945w\" sizes=\"auto, (max-width: 700px) 100vw, 700px\" \/><\/figure>\n\n\n\n<p>Demografick\u00e9 rozlo\u017eenie v\u00fdskumnej vzorky bolo pomerne vyrovnan\u00e9.<\/p>\n\n\n\n<p>\u010co sa t\u00fdka \u0161k\u00f4l, ktor\u00e9 deti osloven\u00fdch rodi\u010dov nav\u0161tevuj\u00fa, preva\u017eovali z\u00e1kladn\u00e9 \u0161koly (84,1%). Matersk\u00e9 \u0161koly ozna\u010dilo 18,4% rodi\u010dov a&nbsp;stredn\u00e9 \u0161koly 15,15%.<\/p>\n\n\n\n<figure class=\"wp-block-image size-large\"><img data-recalc-dims=\"1\" loading=\"lazy\" decoding=\"async\" width=\"700\" height=\"333\" data-attachment-id=\"5091\" data-permalink=\"https:\/\/preventista.sk\/info\/bezpecnost-skol-z-pohladu-rodicov\/image-1-8\/\" data-orig-file=\"https:\/\/i0.wp.com\/preventista.sk\/info\/wp-content\/uploads\/2023\/01\/image-1.png?fit=945%2C450&amp;ssl=1\" data-orig-size=\"945,450\" data-comments-opened=\"1\" data-image-meta=\"{&quot;aperture&quot;:&quot;0&quot;,&quot;credit&quot;:&quot;&quot;,&quot;camera&quot;:&quot;&quot;,&quot;caption&quot;:&quot;&quot;,&quot;created_timestamp&quot;:&quot;0&quot;,&quot;copyright&quot;:&quot;&quot;,&quot;focal_length&quot;:&quot;0&quot;,&quot;iso&quot;:&quot;0&quot;,&quot;shutter_speed&quot;:&quot;0&quot;,&quot;title&quot;:&quot;&quot;,&quot;orientation&quot;:&quot;0&quot;}\" data-image-title=\"image-1\" data-image-description=\"\" data-image-caption=\"\" data-large-file=\"https:\/\/i0.wp.com\/preventista.sk\/info\/wp-content\/uploads\/2023\/01\/image-1.png?fit=700%2C333&amp;ssl=1\" src=\"https:\/\/i0.wp.com\/preventista.sk\/info\/wp-content\/uploads\/2023\/01\/image-1.png?resize=700%2C333&#038;ssl=1\" alt=\"\" class=\"wp-image-5091\" srcset=\"https:\/\/i0.wp.com\/preventista.sk\/info\/wp-content\/uploads\/2023\/01\/image-1.png?resize=700%2C333&amp;ssl=1 700w, https:\/\/i0.wp.com\/preventista.sk\/info\/wp-content\/uploads\/2023\/01\/image-1.png?resize=450%2C214&amp;ssl=1 450w, https:\/\/i0.wp.com\/preventista.sk\/info\/wp-content\/uploads\/2023\/01\/image-1.png?resize=320%2C152&amp;ssl=1 320w, https:\/\/i0.wp.com\/preventista.sk\/info\/wp-content\/uploads\/2023\/01\/image-1.png?resize=768%2C366&amp;ssl=1 768w, https:\/\/i0.wp.com\/preventista.sk\/info\/wp-content\/uploads\/2023\/01\/image-1.png?w=945&amp;ssl=1 945w\" sizes=\"auto, (max-width: 700px) 100vw, 700px\" \/><\/figure>\n\n\n\n<p>Pri ot\u00e1zke \u010di pova\u017euj\u00fa \u0161kolu ich die\u0165a\u0165a za bezpe\u010dn\u00fa, mali rodi\u010dia mo\u017enos\u0165 ozna\u010di\u0165 odpove\u010f na \u0161k\u00e1le od 1 \u2013 5, pri\u010dom 1 ozna\u010dovalo \u0161kolu ako \u00faplne bezpe\u010dn\u00fa a\u00a05 ako v\u00f4bec nie bezpe\u010dn\u00fa. V\u00fdsledky prieskumu uk\u00e1zali, \u017ee za \u00faplne bezpe\u010dn\u00fa pova\u017euje \u0161kolu svojho die\u0165a\u0165a 36,7% rodi\u010dov. Za pomerne bezpe\u010dn\u00fa 33,8%, menej bezpe\u010dn\u00fa 22,7% a\u00a0v\u00f4bec nie bezpe\u010dn\u00fa 6,7%. Na t\u00fato ot\u00e1zku odpovedalo 207 \u00fa\u010dastn\u00edkov pri \u010dom 61 z\u00a0nich nepova\u017euje \u0161kolu svojho die\u0165a\u0165a za ve\u013emi bezpe\u010dn\u00fa.<\/p>\n\n\n\n<p>V \u010fal\u0161ej ot\u00e1zke sme sa p\u00fdtali \u010di sa c\u00edti v&nbsp;\u0161kole bezpe\u010dne die\u0165a. \u010co sa t\u00fdka odpoved\u00ed, rodi\u010dia mali mo\u017enos\u0165 ozna\u010di\u0165 jednu z&nbsp;nasledovn\u00fdch:<\/p>\n\n\n\n<p>Die\u0165a sa v&nbsp;\u0161kole c\u00edti bezpe\u010dne \u00faplne ka\u017ed\u00fd de\u0148<\/p>\n\n\n\n<p>Die\u0165a sa v&nbsp;\u0161kole c\u00edti bezpe\u010dne skoro ka\u017ed\u00fd de\u0148<\/p>\n\n\n\n<p>Die\u0165a sa v&nbsp;\u0161kole c\u00edti bezpe\u010dne len niekedy<\/p>\n\n\n\n<p>Die\u0165a sa v&nbsp;\u0161kole nikdy nec\u00edti bezpe\u010dne<\/p>\n\n\n\n<p>Neviem \u010di sa die\u0165a v&nbsp;\u0161kole c\u00edti bezpe\u010dne<\/p>\n\n\n\n<p>V\u00a0ni\u017e\u0161ie uvedenom grafe m\u00e1me mo\u017enos\u0165 vidie\u0165, \u017ee takmer polovica sa pod\u013ea rodi\u010dov c\u00edti bezpe\u010dne \u00faplne ka\u017ed\u00fd de\u0148 (45,9%). Skoro ka\u017ed\u00fd de\u0148 sa c\u00edti bezpe\u010dne 37,2% av\u0161ak 14,4% rodi\u010dov odpovedalo, \u017ee ich die\u0165a sa v\u00a0\u0161kole c\u00edti bezpe\u010dne len niekedy alebo v\u00f4bec.<\/p>\n\n\n\n<figure class=\"wp-block-image size-large\"><img data-recalc-dims=\"1\" loading=\"lazy\" decoding=\"async\" width=\"700\" height=\"295\" data-attachment-id=\"5093\" data-permalink=\"https:\/\/preventista.sk\/info\/bezpecnost-skol-z-pohladu-rodicov\/image-2-5\/\" data-orig-file=\"https:\/\/i0.wp.com\/preventista.sk\/info\/wp-content\/uploads\/2023\/01\/image-2.png?fit=945%2C398&amp;ssl=1\" data-orig-size=\"945,398\" data-comments-opened=\"1\" data-image-meta=\"{&quot;aperture&quot;:&quot;0&quot;,&quot;credit&quot;:&quot;&quot;,&quot;camera&quot;:&quot;&quot;,&quot;caption&quot;:&quot;&quot;,&quot;created_timestamp&quot;:&quot;0&quot;,&quot;copyright&quot;:&quot;&quot;,&quot;focal_length&quot;:&quot;0&quot;,&quot;iso&quot;:&quot;0&quot;,&quot;shutter_speed&quot;:&quot;0&quot;,&quot;title&quot;:&quot;&quot;,&quot;orientation&quot;:&quot;0&quot;}\" data-image-title=\"image-2\" data-image-description=\"\" data-image-caption=\"\" data-large-file=\"https:\/\/i0.wp.com\/preventista.sk\/info\/wp-content\/uploads\/2023\/01\/image-2.png?fit=700%2C295&amp;ssl=1\" src=\"https:\/\/i0.wp.com\/preventista.sk\/info\/wp-content\/uploads\/2023\/01\/image-2.png?resize=700%2C295&#038;ssl=1\" alt=\"\" class=\"wp-image-5093\" srcset=\"https:\/\/i0.wp.com\/preventista.sk\/info\/wp-content\/uploads\/2023\/01\/image-2.png?resize=700%2C295&amp;ssl=1 700w, https:\/\/i0.wp.com\/preventista.sk\/info\/wp-content\/uploads\/2023\/01\/image-2.png?resize=450%2C190&amp;ssl=1 450w, https:\/\/i0.wp.com\/preventista.sk\/info\/wp-content\/uploads\/2023\/01\/image-2.png?resize=320%2C135&amp;ssl=1 320w, https:\/\/i0.wp.com\/preventista.sk\/info\/wp-content\/uploads\/2023\/01\/image-2.png?resize=768%2C323&amp;ssl=1 768w, https:\/\/i0.wp.com\/preventista.sk\/info\/wp-content\/uploads\/2023\/01\/image-2.png?w=945&amp;ssl=1 945w\" sizes=\"auto, (max-width: 700px) 100vw, 700px\" \/><\/figure>\n\n\n\n<p>Pri ot\u00e1zke ko\u013ekokr\u00e1t rodi\u010dia rie\u0161ili v&nbsp;\u0161kole incident kedy bolo ich die\u0165a\u0165u ubl\u00ed\u017een\u00e9 takmer polovica z&nbsp;\u00fa\u010dastn\u00edkov odpovedala, \u017ee nikdy (46,8%). Minim\u00e1lne 1 \u2013 2 kr\u00e1t tak\u00fdto incident rie\u0161ilo 36,6% rodi\u010dov, 2 a&nbsp;viackr\u00e1t 9,3% a&nbsp;\u010dasto tak\u00e9to situ\u00e1cie rie\u0161i 7,3% z&nbsp;op\u00fdtan\u00fdch. Ke\u010f to prevedieme na konkr\u00e9tny po\u010det, viac kr\u00e1t a\u017e \u010dasto je ubli\u017eovan\u00e9 de\u0165om 34 rodi\u010dov.<\/p>\n\n\n\n<p>Posledn\u00e1 ot\u00e1zka bola otvoren\u00e1. Odpovedalo na \u0148u 119 rodi\u010dov z&nbsp;\u010doho 19 uviedlo, \u017ee v\u0161etko je v&nbsp;poriadku a&nbsp;nemaj\u00fa probl\u00e9m. Nieko\u013eko rodi\u010dov uviedlo konkr\u00e9tne n\u00e1vrhy a&nbsp;tie\u017e svoje osobn\u00e9 sk\u00fasenosti. \u010casto sa v&nbsp;odpovediach opakovalo zavedenie kamerov\u00e9ho syst\u00e9mu a&nbsp;zv\u00fd\u0161enie dozoru cez prest\u00e1vky. Najsilnej\u0161ou oblas\u0165ou v\u0161ak bola \u0161ikana. Pr\u00e1ve k&nbsp;tejto t\u00e9me uviedli rodi\u010dia osobn\u00fa sk\u00fasenos\u0165 a&nbsp;navrhovali venova\u0165 sa jej viac. Ni\u017e\u0161ie uvedieme nieko\u013eko odpoved\u00ed\/n\u00e1vrhov t\u00fdkaj\u00facich sa \u0161ikanovania:<\/p>\n\n\n\n<p><em>\u201e<\/em><em>Pravideln\u00e9 rozhovory odborn\u00edkov, psychologick\u00fdch poradcov, u\u010dite\u013eov so \u017eiakmi o \u0161ikane, o kyber\u0161ikane. Dotazn\u00edk \u017eiakom \u010di sa oni sami c\u00edtia bezpe\u010dne.<\/em><em> \u201c<\/em><em>&nbsp;&nbsp;&nbsp;&nbsp;&nbsp;&nbsp;&nbsp;&nbsp;&nbsp;&nbsp;&nbsp;&nbsp;&nbsp;&nbsp;&nbsp;&nbsp;&nbsp;&nbsp;&nbsp;&nbsp;&nbsp;&nbsp;&nbsp;&nbsp;&nbsp;&nbsp;&nbsp;&nbsp;&nbsp;&nbsp;&nbsp;&nbsp;&nbsp;&nbsp;&nbsp;&nbsp;&nbsp;&nbsp;&nbsp;&nbsp;&nbsp;&nbsp;&nbsp;&nbsp;&nbsp;&nbsp;&nbsp;&nbsp;&nbsp; <\/em><em><\/em><\/p>\n\n\n\n<p><em>\u201e<\/em><em>V r\u00e1mci \u0161koly besiedku o spoluna\u017e\u00edvan\u00ed v \u0161kole v kombin\u00e1cii s besiedkou proti \u0161ikane za pr\u00edtomnosti \u0161peci\u00e1lneho pedag\u00f3ga\/psychol\u00f3ga a policajtov. Kedy s\u00fa tieto besiedky aj u\u017eito\u010dn\u00e9.<\/em><em> \u201c<\/em><em><\/em><\/p>\n\n\n\n<p><em>\u201e<\/em><em>Viac sa rozpr\u00e1va\u0165 so \u017eiakmi a \u0161ikana a bezpe\u010dnosti v skole.<\/em><em> \u201c<\/em><em><\/em><\/p>\n\n\n\n<p><em>\u201e<\/em><em>Rie\u0161enie u\u017e podozrenie na \u0161ikanu.<\/em><em> \u201c<\/em><em>&nbsp;&nbsp;&nbsp;&nbsp;&nbsp;&nbsp;&nbsp;&nbsp;&nbsp;&nbsp;&nbsp;&nbsp;&nbsp;&nbsp;&nbsp;&nbsp;&nbsp;&nbsp;&nbsp;&nbsp;&nbsp;&nbsp;&nbsp;&nbsp;&nbsp;&nbsp;&nbsp;&nbsp;&nbsp;&nbsp;&nbsp;&nbsp;&nbsp;&nbsp;&nbsp;<\/em><\/p>\n\n\n\n<p><em>\u201e<\/em><em>Predmety miesto napr. hudobnej ktor\u00e1 v\u00f4bec v tejto dobe nie je podstatn\u00e1, podobne ako v\u00fdtvarn\u00e1, kde by sa rozpr\u00e1vali napr. so psychol\u00f3gom ako zvl\u00e1da\u0165 em\u00f3cie, ako s nimi pracova\u0165, o \u0161ikane, drog\u00e1ch a n\u00e1strah\u00e1ch v \u0161kole.<\/em><em> \u201c<\/em><em>&nbsp;&nbsp;&nbsp;&nbsp;&nbsp;&nbsp;&nbsp;&nbsp;&nbsp;&nbsp;&nbsp;&nbsp;&nbsp;&nbsp;&nbsp;&nbsp;&nbsp;&nbsp;&nbsp;&nbsp;&nbsp;&nbsp;&nbsp;&nbsp;&nbsp;&nbsp;&nbsp;&nbsp;&nbsp;&nbsp;&nbsp;&nbsp;&nbsp;&nbsp;&nbsp;&nbsp;&nbsp;&nbsp;&nbsp;&nbsp;&nbsp;&nbsp;&nbsp;&nbsp;&nbsp;&nbsp;&nbsp;&nbsp;&nbsp;&nbsp;&nbsp;&nbsp;&nbsp;&nbsp;&nbsp;&nbsp;&nbsp;&nbsp;&nbsp;&nbsp;&nbsp;&nbsp;&nbsp;&nbsp;&nbsp;&nbsp;&nbsp;&nbsp;&nbsp;&nbsp;&nbsp;&nbsp;&nbsp;&nbsp;&nbsp;&nbsp;&nbsp;&nbsp;&nbsp;&nbsp;&nbsp;&nbsp;&nbsp;&nbsp;&nbsp;&nbsp;<\/em><\/p>\n\n\n\n<p><em>\u201e<\/em><em>Ve\u013ea ve\u013ea aktiv\u00edt zameran\u00fdch na boj so \u0161ikanou, aby deti pochopili ako sa \u0161ikanovan\u00e9 alebo in\u00e9 die\u0165a c\u00edti ke\u010f ubl\u00ed\u017eia.<\/em><em> \u201c<\/em><em><\/em><\/p>\n\n\n\n<p>Viacero rodi\u010dov tie\u017e navrhlo realizova\u0165 pre u\u010dite\u013eov vzdel\u00e1vania oh\u013eadne bezpe\u010dnosti v&nbsp;\u0161kole, ochrany \u013eudsk\u00fdch pr\u00e1v, tie\u017e vzdel\u00e1vania s&nbsp;t\u00e9mou inkl\u00fazie \u010di pr\u00e1ce so \u017eiakmi so \u0160VVP. \u00da\u010dastn\u00edci tie\u017e vyjadrili dopyt po \u0161kolsk\u00fdch psychol\u00f3goch. Vo ve\u013ekej miere p\u00edsali o&nbsp;potrebe spolupr\u00e1ce so psychol\u00f3gmi, psychologickej intervencie, zvy\u0161ovania kapac\u00edt odborn\u00fdch zamestnancov v&nbsp;\u0161kol\u00e1ch. P\u00edsali o&nbsp;potrebe zvy\u0161ovania tolerancie k&nbsp;inakosti. Mnohokr\u00e1t sa tie\u017e opakoval pojem komunik\u00e1cia. Komunik\u00e1cia u\u010dite\u013ea so \u017eiakom, rodi\u010dov a&nbsp;u\u010dite\u013eov a&nbsp;objavili sa aj n\u00e1zory, \u017ee samotn\u00ed rodi\u010dia by mali \u010do najviac komunikova\u0165 so svojimi de\u0165mi a&nbsp;u\u010ditelia by mali ma\u0165 viac pr\u00e1v. Op\u00e4\u0165 sme vybrali nieko\u013eko konkr\u00e9tnych n\u00e1vrhov:<\/p>\n\n\n\n<p><em>\u201e<\/em><em>Dobrovo\u013en\u00edcku \u010dinnos\u0165 \u0161koly a jednotliv\u00fdch tried (cie\u013eov\u00e1 skupina: \u013eudia bez domova, seniori, \u013eudia s telesn\u00fdm ci du\u0161evn\u00fdm znev\u00fdhodnen\u00edm, zvierat\u00e1, t\u00fdran\u00ed \u013eudia, a pod.).<\/em><em> \u201c<\/em><em><\/em><\/p>\n\n\n\n<p><em>\u201e<\/em><em>Zv\u00fd\u0161i\u0165 internetov\u00fa gramotnos\u0165 det\u00ed aj rodi\u010dov.<\/em><em> \u201c<\/em><em>&nbsp;<\/em><\/p>\n\n\n\n<p><em>\u201e<\/em><em>Prevent\u00edvne programy.<\/em><em> \u201c<\/em><em>&nbsp; &nbsp;&nbsp;&nbsp;&nbsp;&nbsp;&nbsp;&nbsp;&nbsp;&nbsp;&nbsp;&nbsp;&nbsp;&nbsp;&nbsp;&nbsp;&nbsp;&nbsp;&nbsp;&nbsp;&nbsp;&nbsp;&nbsp;&nbsp;&nbsp;&nbsp;&nbsp;&nbsp;&nbsp;&nbsp;&nbsp;&nbsp;&nbsp;&nbsp;&nbsp;&nbsp;&nbsp;&nbsp;&nbsp;&nbsp;&nbsp;&nbsp;&nbsp;&nbsp;&nbsp;&nbsp;&nbsp;&nbsp;&nbsp;&nbsp;&nbsp;&nbsp;&nbsp;&nbsp;&nbsp;&nbsp;&nbsp;&nbsp;&nbsp;&nbsp;&nbsp;&nbsp;&nbsp;&nbsp;&nbsp;&nbsp;&nbsp;&nbsp;&nbsp;&nbsp;&nbsp;&nbsp;&nbsp;&nbsp;&nbsp;&nbsp;&nbsp;&nbsp;&nbsp;&nbsp;&nbsp;&nbsp;&nbsp;&nbsp;<\/em><\/p>\n\n\n\n<p><em>\u201e<\/em><em>Nepodce\u0148ova\u0165 \u00farazy, posil\u0148ova\u0165 dozor, dodr\u017eiava\u0165 legislat\u00edvu, komunikova\u0165 s rodi\u010dom okam\u017eite pri nejakej udalosti.<\/em><em> \u201c<\/em><em><\/em><\/p>\n\n\n\n<p><em>\u201e<\/em><em>\u010castej\u0161ie diskusie s odborn\u00edkmi, ve\u013ea komunikova\u0165 o vz\u0165ahoch v triede.<\/em><em> \u201c<\/em><em>&nbsp;&nbsp;&nbsp;&nbsp;&nbsp;&nbsp;&nbsp;&nbsp;&nbsp;&nbsp;&nbsp;&nbsp;&nbsp;&nbsp;&nbsp;&nbsp;&nbsp;&nbsp;&nbsp;&nbsp;&nbsp;&nbsp;&nbsp;&nbsp;&nbsp;&nbsp;&nbsp;<\/em><\/p>\n\n\n\n<p><em>\u201e<\/em><em>Rozpr\u00e1va\u0165 sa s rodi\u010dmi, aby viedli deti k \u00facte a re\u0161pektu druh\u00fdch det\u00ed, hlavne ak maj\u00fa v triede deti s PAS a \u0160VVP.<\/em><em> \u201c<\/em><\/p>\n\n\n\n<p><em>\u201e<\/em><em>Menej \u017eiakov na u\u010dite\u013ea, men\u0161ie \u0161koly, silnej\u0161ie vz\u0165ahy medzi de\u0165mi a dospel\u00fdmi, pocit bezpe\u010dia smerom od u\u010dite\u013eov, u\u010dite\u013e ako autorita ale nie strach z neho, v\u00e4\u010d\u0161ia sloboda v \u0161kole.<\/em><em> \u201c<\/em><em><\/em><\/p>\n\n\n\n<p><em>\u201e<\/em><em>Venova\u0165 viac \u010dasu de\u0165om, vysvetli\u0165 im, \u017ee existuj\u00fa rozdielne deti, \u013eudia, vies\u0165 ich k tolerancii. Ako n\u00e1rod sme ve\u013emi netolerantn\u00ed k in\u00fdm n\u00e1rodnostiam, v\u0161eobecne k inakosti.<\/em><em> \u201c<\/em><em> &nbsp;&nbsp;&nbsp;&nbsp;&nbsp;&nbsp;&nbsp;&nbsp;&nbsp;&nbsp;&nbsp;&nbsp;&nbsp; &nbsp;&nbsp;&nbsp;&nbsp;&nbsp;&nbsp;&nbsp;&nbsp;&nbsp;&nbsp;&nbsp;&nbsp;&nbsp;&nbsp;<\/em><\/p>\n\n\n\n<p><em>\u201e<\/em><em>Rozpr\u00e1va\u0165 sa s de\u0165mi v skole o l\u00e1skavosti, tolerancii, pom\u00e1han\u00ed si, ma\u0165 mo\u017eno motto \u0161koly, ktor\u00e1 tieto veci zah\u0155\u0148a a akt\u00edvne ich presadzova\u0165. Ma\u0165 tak\u00e9to nie\u010do ako pravideln\u00fa s\u00fa\u010das\u0165 vyu\u010dovania.<\/em><em> \u201c<\/em><em><\/em><\/p>\n\n\n\n<p><em>\u201e<\/em><em>Re\u0161pektuj\u00face a vn\u00edmav\u00e9 prostredie, prevencia ako rie\u0161i\u0165 vzniknut\u00fa situ\u00e1ciu.<\/em><em> \u201c<\/em><em><\/em><\/p>\n\n\n\n<p><em>\u201e<\/em><em>V\u00e4\u010d\u0161\u00ed z\u00e1ujem pedagogick\u00e9ho zboru o dianie v triedach s medzi \u017eiakmi. Ale jeho nedostatok pramen\u00ed z nedostato\u010dn\u00e9ho po\u010dtu pedag\u00f3gov, ktor\u00ed s\u00fa t\u00fdm p\u00e1dom pre\u0165a\u017eovan\u00ed.<\/em><em> \u201c<\/em><em><\/em><\/p>\n\n\n\n<p><em>\u201e<\/em><em>Zavies\u0165 rann\u00e9 kruhy vo vyu\u010dovan\u00ed.\u201d<\/em><em><\/em><\/p>\n\n\n\n<p>Posledn\u00fd okruh n\u00e1vrhov zah\u0155\u0148al bezpe\u010dnostn\u00e9 opatrenia ako zamykanie br\u00e1ny \u0161koly \u010di vchodu do \u0161koly, \u00faprava are\u00e1lu \u0161koly, \u00faprava chodn\u00edkov a&nbsp;prechodov v&nbsp;okol\u00ed \u0161koly \u010di nevp\u00fa\u0161\u0165anie cudz\u00edch os\u00f4b <em>do jej priestorov. Aj v&nbsp;&nbsp;tomto pr\u00edpade uv\u00e1dzame nieko\u013eko konkr\u00e9tnych odpoved\u00ed zo strany rodi\u010dov:<\/em><\/p>\n\n\n\n<p><em>\u201e<\/em><em>Zamyka\u0165 vstupn\u00fa br\u00e1nu a hlavn\u00e9 dvere. \u201d&nbsp;&nbsp;&nbsp;&nbsp;&nbsp;&nbsp;&nbsp;&nbsp;&nbsp;<\/em><\/p>\n\n\n\n<p><em>\u201e<\/em><em>Po\u0161l\u00fa die\u0165a von zo \u0161koly len na z\u00e1klade telefonick\u00e9ho vyzvania cez telef\u00f3n na stene \u0161koly len na nahl\u00e1senie mena die\u0165a\u0165a. Teoreticky ho m\u00f4\u017ee vybra\u0165 aj niekto in\u00fd. \u201d &nbsp;&nbsp;&nbsp;&nbsp;&nbsp;&nbsp;&nbsp;&nbsp;&nbsp;&nbsp;&nbsp;&nbsp;&nbsp;&nbsp;&nbsp;&nbsp;&nbsp;&nbsp;&nbsp;&nbsp;&nbsp;&nbsp;&nbsp;&nbsp;&nbsp;&nbsp;&nbsp;&nbsp;&nbsp;&nbsp;<\/em><\/p>\n\n\n\n<p><em>\u201e<\/em><em>Tepl\u00fa vodu, tr\u00e1vu miesto bet\u00f3nov\u00fdch povrchov ihriska, rekon\u0161trukcia pl\u00e1\u0161\u0165a &#8211; pr\u00edpadne extern\u00e9 \u017eal\u00fazie &#8211; proti prehrievaniu triedy v lete (teplota aj 37stup\u0148ov)\u2026.\u201d&nbsp;&nbsp;&nbsp;&nbsp;&nbsp;&nbsp;&nbsp;&nbsp;&nbsp;&nbsp;&nbsp;&nbsp;&nbsp;&nbsp;&nbsp;&nbsp;&nbsp;&nbsp;&nbsp;&nbsp;&nbsp;&nbsp;&nbsp;&nbsp;&nbsp;&nbsp; &nbsp;&nbsp;&nbsp;&nbsp;&nbsp;&nbsp;&nbsp;&nbsp;&nbsp;&nbsp;&nbsp;&nbsp;&nbsp;&nbsp;<\/em><\/p>\n\n\n\n<p><em>\u201e<\/em><em>Dopravn\u00e1 situ\u00e1cia je katastrof\u00e1lna, boj o hol\u00fd \u017eivot, na prechode v z\u00e1krute absentuje zrkadlo tak\u017ee len tipujeme \u010di n\u00e1s zraz\u00ed ni\u010d netu\u0161iaci vodi\u010d dnes alebo a\u017e o t\u00fd\u017ede\u0148, ch\u00fdba parkovisko, nerv\u00f3zni \u0161of\u00e9ri si tu robia \u010do chc\u00fa, nezmest\u00edm sa ani na chodn\u00edk &#8230; otrasn\u00e9!. \u201d&nbsp;&nbsp;&nbsp;&nbsp;&nbsp;&nbsp;&nbsp;&nbsp;&nbsp;&nbsp;&nbsp;&nbsp;&nbsp;&nbsp;&nbsp;&nbsp;&nbsp;&nbsp;&nbsp; &nbsp;&nbsp;&nbsp;&nbsp;&nbsp;&nbsp;&nbsp;&nbsp;&nbsp;&nbsp;&nbsp;&nbsp;&nbsp;&nbsp;&nbsp;&nbsp;&nbsp;&nbsp;&nbsp;&nbsp;&nbsp;&nbsp;&nbsp;&nbsp;&nbsp;&nbsp;&nbsp;&nbsp;&nbsp;<\/em><\/p>\n\n\n\n<p><em>\u201e<\/em><em>Nep\u00fa\u0161\u0165a\u0165 cudzie osoby do \u0161koly. \u201d<\/em><\/p>\n\n\n\n<p>Na z\u00e1klade v\u00fdsledkov prieskumu sa mo\u017eno zd\u00e1, \u017ee ve\u013ek\u00e1 \u010das\u0165 \u00fa\u010dastn\u00edkov pova\u017euje \u0161koly za bezpe\u010dn\u00e9, st\u00e1le je v\u0161ak pomerne ve\u013ea rodi\u010dov, ktor\u00ed s\u00fa opa\u010dn\u00e9ho n\u00e1zoru. Je dokonca alarmuj\u00face, \u017ee ak sa z&nbsp;207 respondentov 27 vyjadr\u00ed, \u017ee sa jeho die\u0165a v&nbsp;\u0161kole c\u00edti bezpe\u010dne len niekedy, je mo\u017en\u00e9 poveda\u0165, \u017ee ide prakticky o ka\u017ed\u00e9 \u00f4sme die\u0165a. Relevantnej\u0161ie v\u00fdsledky by mo\u017eno priniesla v\u00e4\u010d\u0161ia v\u00fdskumn\u00e1 vzorka. Existuje v\u0161ak predpoklad, \u017ee by sa v\u00fdsledky v&nbsp;kone\u010dnom d\u00f4sledku aj tak nel\u00ed\u0161ili. Mo\u017eno sa tie\u017e zd\u00e1, \u017ee ak 15 z&nbsp;205 rodi\u010dov uvedie, \u017ee ich die\u0165a\u0165u je \u010dasto ubli\u017eovan\u00e9 je to n\u00edzke \u010d\u00edslo. Je to preto v&nbsp;poriadku? Ur\u010dite nie. Treba si tie\u017e uvedomi\u0165, \u017ee pri vzorke 2000 respondentov by n\u00e1m mo\u017eno vy\u0161lo 150 tak\u00fdchto pr\u00edpadov. Z&nbsp;konkr\u00e9tnych odpoved\u00ed a&nbsp;pr\u00edpadov z&nbsp;praxe, mo\u017eno vyvodi\u0165 z\u00e1ver, \u017ee prevenciu je potrebn\u00e9 zefekt\u00edvni\u0165, skvalitni\u0165 a&nbsp;rie\u0161i\u0165 dlhodobo. Hoci sme sa v&nbsp;prieskume nep\u00fdtali na konkr\u00e9tne soci\u00e1lno-patologick\u00e9 javy, i&nbsp;napriek tomu samotn\u00ed rodi\u010dia popisovali probl\u00e9m so \u0161ikanou. Je to toti\u017e fenom\u00e9n, ktor\u00fd nikdy \u00faplne nevymizne a&nbsp;preto je d\u00f4le\u017eit\u00e9 h\u013eada\u0165 nov\u00e9 a&nbsp;\u00fa\u010dinnej\u0161ie met\u00f3dy prevencie. Z\u00e1rove\u0148 je potrebn\u00e9 podotkn\u00fa\u0165, \u017ee nie je jedin\u00fdm d\u00f4vodom pre\u010do sa viacero det\u00ed v&nbsp;\u0161kol\u00e1ch nec\u00edti \u00faplne bezpe\u010dne. Mo\u017eno pr\u00e1ve konkr\u00e9tne soci\u00e1lno-patologick\u00e9 javy a&nbsp;ich v\u00fdskyt bud\u00fa predmetom \u010fal\u0161ieho prieskumu.<\/p>\n","protected":false},"excerpt":{"rendered":"<p>Na z\u00e1klade medializovan\u00fdch pr\u00edpadov o&nbsp;agres\u00edvnych \u00fatokoch na \u0161kol\u00e1ch sme sa rozhodli v obdob\u00ed okt\u00f3ber a\u017e december 2022 formou online dotazn\u00edka zrealizova\u0165 prieskum na t\u00e9mu bezpe\u010dnosti \u0161k\u00f4l. Osloven\u00e9 boli 4 v\u00e4\u010d\u0161ie rodi\u010dovsk\u00e9 skupiny na jednej zo soci\u00e1lnych siet\u00ed. P\u00fdtali sme do akej miery rodi\u010dia pova\u017euj\u00fa \u0161kolu, ktor\u00fa ich die\u0165a nav\u0161tevuje za bezpe\u010dn\u00fa, \u010di sa v&nbsp;\u0161kole ich [&hellip;]<\/p>\n","protected":false},"author":20,"featured_media":0,"comment_status":"open","ping_status":"open","sticky":false,"template":"","format":"standard","meta":{"jetpack_post_was_ever_published":false,"_jetpack_newsletter_access":"","_jetpack_dont_email_post_to_subs":false,"_jetpack_newsletter_tier_id":0,"_jetpack_memberships_contains_paywalled_content":false,"_jetpack_memberships_contains_paid_content":false,"footnotes":""},"categories":[4],"tags":[32,52],"class_list":["post-5088","post","type-post","status-publish","format-standard","hentry","category-itbezp","tag-bezpecnost","tag-skola"],"aioseo_notices":[],"jetpack_featured_media_url":"","jetpack_sharing_enabled":true,"jetpack-related-posts":[{"id":3708,"url":"https:\/\/preventista.sk\/info\/nebojte-sa-informacnej-bezpecnosti\/","url_meta":{"origin":5088,"position":0},"title":"Nebojte sa informa\u010dnej bezpe\u010dnosti","author":"Redakcia","date":"19. marca 2020","format":false,"excerpt":"V \u017eivote okolo n\u00e1s zaznamen\u00e1vame rozmach nov\u00fdch technol\u00f3gii v pracovnom aj s\u00fakromnom \u017eivote \u013eud\u00ed. St\u00e1va sa, \u017ee majite\u013e novej technol\u00f3gie nevie obsiahnu\u0165 cel\u00fa \u0161k\u00e1lu funkcionality mo\u017enost\u00ed, ktor\u00fa s nov\u00fdm tovarom dost\u00e1va. Mus\u00edme si uvedomi\u0165, \u017ee nov\u00e1 technol\u00f3gia prin\u00e1\u0161a aj mno\u017estvo nov\u00fdch hrozieb. \u013dudia a deti sa st\u00e1vaj\u00fa st\u00e1le zranite\u013enej\u0161\u00edmi. Ak\u2026","rel":"","context":"V &quot;Bezpe\u010dnos\u0165&quot;","block_context":{"text":"Bezpe\u010dnos\u0165","link":"https:\/\/preventista.sk\/info\/category\/itbezp\/"},"img":{"alt_text":"","src":"https:\/\/i0.wp.com\/preventista.sk\/info\/wp-content\/uploads\/2020\/03\/zeman_clanok.png?fit=891%2C484&ssl=1&resize=350%2C200","width":350,"height":200,"srcset":"https:\/\/i0.wp.com\/preventista.sk\/info\/wp-content\/uploads\/2020\/03\/zeman_clanok.png?fit=891%2C484&ssl=1&resize=350%2C200 1x, https:\/\/i0.wp.com\/preventista.sk\/info\/wp-content\/uploads\/2020\/03\/zeman_clanok.png?fit=891%2C484&ssl=1&resize=525%2C300 1.5x, https:\/\/i0.wp.com\/preventista.sk\/info\/wp-content\/uploads\/2020\/03\/zeman_clanok.png?fit=891%2C484&ssl=1&resize=700%2C400 2x"},"classes":[]},{"id":5158,"url":"https:\/\/preventista.sk\/info\/co-motivuje-autorov-k-pisaniu-ucebnic-o-bezpecnosti\/","url_meta":{"origin":5088,"position":1},"title":"\u010co motivuje autorov k p\u00edsaniu u\u010debn\u00edc o bezpe\u010dnosti?","author":"Redakcia","date":"15. febru\u00e1ra 2023","format":false,"excerpt":"Knihy o ktor\u00fdch sa v odborn\u00fdch kruhoch mnoho hovor\u00ed, dva diely \u00faspe\u0161n\u00fdch U\u010debn\u00edc informa\u010dnej bezpe\u010dnosti pre stredn\u00e9 \u0161koly a gymn\u00e1zi\u00e1. Vyspovedali sme t\u00edm autorov Mareka Zemana, Daniela Chromeka, Miroslava Bl\u0161\u00e1ka a Jaroslava Ostera. P\u00e4\u0165 ot\u00e1zok a p\u00e4\u0165 zauj\u00edmav\u00fdch odpoved\u00ed. \u010co \u0164a motivovalo obetova\u0165 svoj vo\u013en\u00fd \u010das nap\u00edsaniu u\u017e druhej \u010dasti\u2026","rel":"","context":"V &quot;Bezpe\u010dnos\u0165&quot;","block_context":{"text":"Bezpe\u010dnos\u0165","link":"https:\/\/preventista.sk\/info\/category\/itbezp\/"},"img":{"alt_text":"","src":"https:\/\/i0.wp.com\/preventista.sk\/info\/wp-content\/uploads\/2023\/02\/Ucebnice.png?resize=350%2C200&ssl=1","width":350,"height":200,"srcset":"https:\/\/i0.wp.com\/preventista.sk\/info\/wp-content\/uploads\/2023\/02\/Ucebnice.png?resize=350%2C200&ssl=1 1x, https:\/\/i0.wp.com\/preventista.sk\/info\/wp-content\/uploads\/2023\/02\/Ucebnice.png?resize=525%2C300&ssl=1 1.5x, https:\/\/i0.wp.com\/preventista.sk\/info\/wp-content\/uploads\/2023\/02\/Ucebnice.png?resize=700%2C400&ssl=1 2x"},"classes":[]},{"id":5552,"url":"https:\/\/preventista.sk\/info\/gymnazium-a-kyberbezpecnost-preco\/","url_meta":{"origin":5088,"position":2},"title":"Gymn\u00e1zium a kyberbezpe\u010dnos\u0165&#8230; Pre\u010do?","author":"Redakcia","date":"7. febru\u00e1ra 2024","format":false,"excerpt":"Posledn\u00e9 anal\u00fdzy zverejnen\u00e9 pred Vianocami poukazuj\u00fa, \u017ee v E\u00da ch\u00fdbaj\u00fa desiatky tis\u00edc profesioni\u00e1lov v oblasti kybernetickej bezpe\u010dnosti, na Slovensku sa po\u010det odhaduje na 20.000. Kde ich v dlhodobom koncepte nabra\u0165 a ako ich na Slovensku udr\u017ea\u0165. Prv\u00e1 ot\u00e1zka m\u00e1 jasn\u00fa odpove\u010f - v eduka\u010dnom procese (\u017eia\u013e tento proces je dlhodob\u00fd).\u2026","rel":"","context":"V &quot;Sk\u00fasenosti&quot;","block_context":{"text":"Sk\u00fasenosti","link":"https:\/\/preventista.sk\/info\/category\/skusenosti\/"},"img":{"alt_text":"","src":"https:\/\/i0.wp.com\/preventista.sk\/info\/wp-content\/uploads\/2024\/01\/20240109_083414-scaled.jpg?resize=350%2C200&ssl=1","width":350,"height":200,"srcset":"https:\/\/i0.wp.com\/preventista.sk\/info\/wp-content\/uploads\/2024\/01\/20240109_083414-scaled.jpg?resize=350%2C200&ssl=1 1x, https:\/\/i0.wp.com\/preventista.sk\/info\/wp-content\/uploads\/2024\/01\/20240109_083414-scaled.jpg?resize=525%2C300&ssl=1 1.5x, https:\/\/i0.wp.com\/preventista.sk\/info\/wp-content\/uploads\/2024\/01\/20240109_083414-scaled.jpg?resize=700%2C400&ssl=1 2x, https:\/\/i0.wp.com\/preventista.sk\/info\/wp-content\/uploads\/2024\/01\/20240109_083414-scaled.jpg?resize=1050%2C600&ssl=1 3x, https:\/\/i0.wp.com\/preventista.sk\/info\/wp-content\/uploads\/2024\/01\/20240109_083414-scaled.jpg?resize=1400%2C800&ssl=1 4x"},"classes":[]},{"id":5525,"url":"https:\/\/preventista.sk\/info\/cluster-kybernetickej-bezpecnosti\/","url_meta":{"origin":5088,"position":3},"title":"Cluster Kybernetickej Bezpe\u010dnosti","author":"Redakcia","date":"17. janu\u00e1ra 2024","format":false,"excerpt":"Jednou z organiz\u00e1ci\u00ed, ktor\u00e1 sa na Slovensku intenz\u00edvne venuje podpore slovensk\u00fdch \u0161k\u00f4l pre zvy\u0161ovan\u00ed kompetenci\u00ed v oblasti technickej str\u00e1nky kybernetickej bezpe\u010dnosti je Cluster Kybernetickej Bezpe\u010dnosti z Liptovsk\u00e9ho Mikul\u00e1\u0161a. Vyspovedali sme J\u00e1na Lichv\u00e1ra, predsedu tohto zdru\u017eenia a polo\u017eili sme mu p\u00e1r ot\u00e1zok. Cluster kybernetickej bezpe\u010dnosti, m\u00f4\u017eete n\u00e1m p\u00e1r slovami pribl\u00ed\u017ei\u0165 \u010do\u2026","rel":"","context":"V &quot;Bezpe\u010dnos\u0165&quot;","block_context":{"text":"Bezpe\u010dnos\u0165","link":"https:\/\/preventista.sk\/info\/category\/itbezp\/"},"img":{"alt_text":"","src":"https:\/\/i0.wp.com\/preventista.sk\/info\/wp-content\/uploads\/2023\/12\/ckb-logo-02.jpg?resize=350%2C200&ssl=1","width":350,"height":200},"classes":[]},{"id":5816,"url":"https:\/\/preventista.sk\/info\/tretia-cast-ucebnice-pre-stredne-skoly\/","url_meta":{"origin":5088,"position":4},"title":"Tretia \u010das\u0165 u\u010debnice pre stredn\u00e9 \u0161koly","author":"Redakcia","date":"22. apr\u00edla 2024","format":false,"excerpt":"Tretia \u010das\u0165 U\u010debnice informa\u010dnej bezpe\u010dnosti pre stredn\u00e9 odborn\u00e9 \u0161koly a\u00a0gymn\u00e1zi\u00e1 uzrela svetlo sveta a tak sa uzavrela pl\u00e1novan\u00e1 trojica u\u010debn\u00edc, ktor\u00e9 sme mali v OZ Preventista - zdru\u017eenie pre bezpe\u010dnos\u0165 a prevenciu napl\u00e1novan\u00e9. Prv\u00e9 dve u\u010debnice na\u0161li svoje miesto v slovenskom \u0161kolstve - dnes ich vyu\u017e\u00edva viac ako 300 slovensk\u00fdch\u2026","rel":"","context":"V &quot;Aktu\u00e1lne&quot;","block_context":{"text":"Aktu\u00e1lne","link":"https:\/\/preventista.sk\/info\/category\/akcie\/aktualne\/"},"img":{"alt_text":"","src":"https:\/\/i0.wp.com\/preventista.sk\/info\/wp-content\/uploads\/2024\/03\/image-4.png?resize=350%2C200&ssl=1","width":350,"height":200,"srcset":"https:\/\/i0.wp.com\/preventista.sk\/info\/wp-content\/uploads\/2024\/03\/image-4.png?resize=350%2C200&ssl=1 1x, https:\/\/i0.wp.com\/preventista.sk\/info\/wp-content\/uploads\/2024\/03\/image-4.png?resize=525%2C300&ssl=1 1.5x, https:\/\/i0.wp.com\/preventista.sk\/info\/wp-content\/uploads\/2024\/03\/image-4.png?resize=700%2C400&ssl=1 2x"},"classes":[]},{"id":4531,"url":"https:\/\/preventista.sk\/info\/ucebnica-informacnej-bezpecnosti-z-pohladu-ucitela-a-zaroven-spoluautora\/","url_meta":{"origin":5088,"position":5},"title":"U\u010debnica informa\u010dnej bezpe\u010dnosti z poh\u013eadu u\u010dite\u013ea a z\u00e1rove\u0148 spoluautora","author":"Miroslav Bl\u0161\u00e1k","date":"26. septembra 2021","format":false,"excerpt":"U\u010debnica vo v\u0161eobecnosti nesl\u00fa\u017ei len pre \u017eiakov, ale pom\u00e1ha aj u\u010dite\u013eovi vo v\u00fdchovno-vzdel\u00e1vacom procese. Pravdou je, \u017ee je z\u00e1kladnou pom\u00f4ckou pre pedag\u00f3ga, v\u00a0ktorej by sa mali nach\u00e1dza\u0165 okrem teoretick\u00fdch poznatkov aj \u00falohy zameran\u00e9 na rozvoj myslenia, respekt\u00edve \u00falohy zameran\u00e9 na osvojovanie, precvi\u010dovanie a aplikovanie preberan\u00e9ho u\u010diva. Pr\u00e1ve to obsahuje \u201eU\u010debnica\u2026","rel":"","context":"V &quot;Bezpe\u010dnos\u0165&quot;","block_context":{"text":"Bezpe\u010dnos\u0165","link":"https:\/\/preventista.sk\/info\/category\/itbezp\/"},"img":{"alt_text":"","src":"https:\/\/i0.wp.com\/preventista.sk\/info\/wp-content\/uploads\/2021\/09\/knihy.jpg?resize=350%2C200&ssl=1","width":350,"height":200,"srcset":"https:\/\/i0.wp.com\/preventista.sk\/info\/wp-content\/uploads\/2021\/09\/knihy.jpg?resize=350%2C200&ssl=1 1x, https:\/\/i0.wp.com\/preventista.sk\/info\/wp-content\/uploads\/2021\/09\/knihy.jpg?resize=525%2C300&ssl=1 1.5x, https:\/\/i0.wp.com\/preventista.sk\/info\/wp-content\/uploads\/2021\/09\/knihy.jpg?resize=700%2C400&ssl=1 2x, https:\/\/i0.wp.com\/preventista.sk\/info\/wp-content\/uploads\/2021\/09\/knihy.jpg?resize=1050%2C600&ssl=1 3x"},"classes":[]}],"_links":{"self":[{"href":"https:\/\/preventista.sk\/info\/wp-json\/wp\/v2\/posts\/5088","targetHints":{"allow":["GET"]}}],"collection":[{"href":"https:\/\/preventista.sk\/info\/wp-json\/wp\/v2\/posts"}],"about":[{"href":"https:\/\/preventista.sk\/info\/wp-json\/wp\/v2\/types\/post"}],"author":[{"embeddable":true,"href":"https:\/\/preventista.sk\/info\/wp-json\/wp\/v2\/users\/20"}],"replies":[{"embeddable":true,"href":"https:\/\/preventista.sk\/info\/wp-json\/wp\/v2\/comments?post=5088"}],"version-history":[{"count":2,"href":"https:\/\/preventista.sk\/info\/wp-json\/wp\/v2\/posts\/5088\/revisions"}],"predecessor-version":[{"id":5094,"href":"https:\/\/preventista.sk\/info\/wp-json\/wp\/v2\/posts\/5088\/revisions\/5094"}],"wp:attachment":[{"href":"https:\/\/preventista.sk\/info\/wp-json\/wp\/v2\/media?parent=5088"}],"wp:term":[{"taxonomy":"category","embeddable":true,"href":"https:\/\/preventista.sk\/info\/wp-json\/wp\/v2\/categories?post=5088"},{"taxonomy":"post_tag","embeddable":true,"href":"https:\/\/preventista.sk\/info\/wp-json\/wp\/v2\/tags?post=5088"}],"curies":[{"name":"wp","href":"https:\/\/api.w.org\/{rel}","templated":true}]}}