{"id":5158,"date":"2023-02-15T07:40:19","date_gmt":"2023-02-15T06:40:19","guid":{"rendered":"https:\/\/preventista.sk\/info\/?p=5158"},"modified":"2023-02-15T07:40:22","modified_gmt":"2023-02-15T06:40:22","slug":"co-motivuje-autorov-k-pisaniu-ucebnic-o-bezpecnosti","status":"publish","type":"post","link":"https:\/\/preventista.sk\/info\/co-motivuje-autorov-k-pisaniu-ucebnic-o-bezpecnosti\/","title":{"rendered":"\u010co motivuje autorov k p\u00edsaniu u\u010debn\u00edc o bezpe\u010dnosti?"},"content":{"rendered":"\n<p>Knihy o ktor\u00fdch sa v odborn\u00fdch kruhoch mnoho hovor\u00ed, dva diely \u00faspe\u0161n\u00fdch <em>U\u010debn\u00edc informa\u010dnej bezpe\u010dnosti pre stredn\u00e9 \u0161koly a gymn\u00e1zi\u00e1.<\/em> Vyspovedali sme t\u00edm autorov <em>Mareka Zemana, Daniela Chromeka, Miroslava Bl\u0161\u00e1ka <\/em>a <em>Jaroslava Ostera<\/em>. P\u00e4\u0165 ot\u00e1zok a p\u00e4\u0165 zauj\u00edmav\u00fdch odpoved\u00ed.<\/p>\n\n\n\n<p>     <\/p>\n\n\n\n<p><\/p>\n\n\n<div class=\"wp-block-image\">\n<figure class=\"aligncenter size-large\"><img data-recalc-dims=\"1\" loading=\"lazy\" decoding=\"async\" width=\"700\" height=\"587\" data-attachment-id=\"5159\" data-permalink=\"https:\/\/preventista.sk\/info\/co-motivuje-autorov-k-pisaniu-ucebnic-o-bezpecnosti\/ucebnice\/\" data-orig-file=\"https:\/\/i0.wp.com\/preventista.sk\/info\/wp-content\/uploads\/2023\/02\/Ucebnice.png?fit=940%2C788&amp;ssl=1\" data-orig-size=\"940,788\" data-comments-opened=\"1\" data-image-meta=\"{&quot;aperture&quot;:&quot;0&quot;,&quot;credit&quot;:&quot;&quot;,&quot;camera&quot;:&quot;&quot;,&quot;caption&quot;:&quot;&quot;,&quot;created_timestamp&quot;:&quot;0&quot;,&quot;copyright&quot;:&quot;&quot;,&quot;focal_length&quot;:&quot;0&quot;,&quot;iso&quot;:&quot;0&quot;,&quot;shutter_speed&quot;:&quot;0&quot;,&quot;title&quot;:&quot;&quot;,&quot;orientation&quot;:&quot;0&quot;}\" data-image-title=\"Ucebnice\" data-image-description=\"\" data-image-caption=\"\" data-large-file=\"https:\/\/i0.wp.com\/preventista.sk\/info\/wp-content\/uploads\/2023\/02\/Ucebnice.png?fit=700%2C587&amp;ssl=1\" src=\"https:\/\/i0.wp.com\/preventista.sk\/info\/wp-content\/uploads\/2023\/02\/Ucebnice.png?resize=700%2C587&#038;ssl=1\" alt=\"\" class=\"wp-image-5159\" srcset=\"https:\/\/i0.wp.com\/preventista.sk\/info\/wp-content\/uploads\/2023\/02\/Ucebnice.png?resize=700%2C587&amp;ssl=1 700w, https:\/\/i0.wp.com\/preventista.sk\/info\/wp-content\/uploads\/2023\/02\/Ucebnice.png?resize=450%2C377&amp;ssl=1 450w, https:\/\/i0.wp.com\/preventista.sk\/info\/wp-content\/uploads\/2023\/02\/Ucebnice.png?resize=320%2C268&amp;ssl=1 320w, https:\/\/i0.wp.com\/preventista.sk\/info\/wp-content\/uploads\/2023\/02\/Ucebnice.png?resize=768%2C644&amp;ssl=1 768w, https:\/\/i0.wp.com\/preventista.sk\/info\/wp-content\/uploads\/2023\/02\/Ucebnice.png?w=940&amp;ssl=1 940w\" sizes=\"auto, (max-width: 700px) 100vw, 700px\" \/><\/figure>\n<\/div>\n\n\n<p>    <\/p>\n\n\n\n<p><\/p>\n\n\n\n<p><strong><mark style=\"background-color:rgba(0, 0, 0, 0)\" class=\"has-inline-color has-vivid-cyan-blue-color\">\u010co \u0164a motivovalo obetova\u0165 svoj vo\u013en\u00fd \u010das nap\u00edsaniu u\u017e druhej \u010dasti u\u010debnice zameranej na bezpe\u010dnos\u0165 pre stredn\u00e9 \u0161koly?<\/mark><\/strong><\/p>\n\n\n\n<p><em>Marek Zeman<\/em><\/p>\n\n\n\n<p>Na za\u010diatku bol popud, ke\u010f u\u010ditelia z\u00e1kladn\u00fdch \u0161k\u00f4l pri\u0161li s po\u017eiadavkou nap\u00edsania u\u010debn\u00edc pre z\u00e1kladn\u00e9 \u0161koly pre jednotliv\u00e9 ro\u010dn\u00edky. Ke\u010f sme za\u010dali pracova\u0165 na projekte u\u010debn\u00edc pre z\u00e1kladn\u00e9 \u0161koly, na prvom workshope vyvstala ot\u00e1zka, \u010do urob\u00edme pre \u017eiakov stredn\u00fdch \u0161k\u00f4l. Z\u00e1rove\u0148 u\u010ditelia z vysok\u00fdch \u0161k\u00f4l st\u00e1le \u010dastej\u0161ie prich\u00e1dzaj\u00fa do styku so \u0161tudentmi, ktor\u00ed nemali ani z\u00e1kladn\u00fa \u00farove\u0148 povedomia informa\u010dnej bezpe\u010dnosti. Nasledovali stretnutia s u\u010dite\u013emi a \u0161peci\u00e1lny impulz pri\u0161iel z Prv\u00e9ho s\u00fakromn\u00e9ho gymn\u00e1zia v Banskej Bystrici. Kr\u00e1tko na to som vytvoril koncept pre stredn\u00e9 \u0161koly, v ktorom sa vzdel\u00e1vanie stup\u0148uje a prech\u00e1dza nieko\u013ek\u00fdmi \u0161t\u00e1diami. V prvom diele ide o internaliz\u00e1ciu informa\u010dnej bezpe\u010dnosti, v druhom diele sa nap\u00e1jame na po\u017eiadavky zo sveta a vysvet\u013eujeme si ISO normy a posledn\u00fd diel je zameran\u00fd na \u0165a\u017e\u0161ie, ale o to s\u00fa\u010dasnej\u0161ie prvky informa\u010dnej bezpe\u010dnosti. Odpove\u010f na ot\u00e1zku je vlastne jednoduch\u00e1, sme zladen\u00fd t\u00edm, m\u00e1me know how, vieme p\u00edsa\u0165 a po knih\u00e1ch je dopyt, z poh\u013eadu kapitalistickej spolo\u010dnosti, dokonal\u00fd trh.&nbsp;<\/p>\n\n\n\n<p><em>Daniel Chromek<\/em><\/p>\n\n\n\n<p>V prvej \u010dasti sme sa zamerali na praktick\u00e9 prvky bezpe\u010dnosti, o ktor\u00fdch by mal vedie\u0165 ka\u017ed\u00fd, kto pou\u017e\u00edva po\u010d\u00edta\u010d, \u010di smartf\u00f3n. V druhej \u010dasti som chcel pre \u0161tudentov otvori\u0165 dvere do sveta \u201cbezpe\u010d\u00e1kov\u201d, ktor\u00ed sa touto oblas\u0165ou aj \u017eivia. Budem d\u00fafa\u0165, \u017ee to in\u0161piruje aspo\u0148 nieko\u013ek\u00fdch, aby sa k n\u00e1m pridali.<\/p>\n\n\n\n<p><em>Miroslav Bl\u0161\u00e1k<\/em><\/p>\n\n\n\n<p>Potreba zvy\u0161ova\u0165 povedomie informa\u010dnej bezpe\u010dnosti a jej v\u00fdu\u010dby na \u0161kol\u00e1ch sa zvy\u0161uje ka\u017ed\u00fdm d\u0148om a zhrn\u00fa\u0165 v\u0161etky potrebn\u00e9 inform\u00e1cie do jednej u\u010debnice nebolo re\u00e1lne. Trh s u\u010debnicami informa\u010dnej bezpe\u010dnosti zameran\u00fdch na stredn\u00e9 \u0161koly je mal\u00fd, tak\u017ee rozhodne vid\u00edm zmysel prin\u00e1\u0161a\u0165 kvalitn\u00e9 u\u010debn\u00e9 zdroje pre u\u010dite\u013eov a \u017eiakov i na \u00fakor vo\u013en\u00e9ho \u010dasu.<\/p>\n\n\n\n<p><em>Jaroslav Oster<\/em><\/p>\n\n\n\n<p>Vzdel\u00e1vaniu bezpe\u010dnosti a prevencii kriminality sa profesne venujem dlhodobo so siln\u00fdm presahom do \u0161kolstva. Preto ponuka sta\u0165 sa \u010dlenom autorsk\u00e9ho t\u00edmu ma najsk\u00f4r prekvapila, takmer okam\u017eite oslovila a nadchla. A tam to niekde za\u010dalo. \u00daspech prvej \u010dasti a sp\u00e4tn\u00e9 v\u00e4zby od pedag\u00f3gov, ale aj odbornej verejnosti boli nato\u013eko motivuj\u00face, \u017ee pokra\u010dovanie na druhej, tretej \u010dasti a \u010fal\u0161\u00edch pripravovan\u00fdch form\u00e1toch mi pripadalo \u00faplne prirodzen\u00e9.<\/p>\n\n\n\n<hr class=\"wp-block-separator has-alpha-channel-opacity\"\/>\n\n\n\n<p><strong><mark style=\"background-color:rgba(0, 0, 0, 0)\" class=\"has-inline-color has-vivid-cyan-blue-color\">Vedel by si do jednej-dvoch viet zhrn\u00fa\u0165, \u010do Tebe osobne ale aj profesne pr\u00e1ca na tejto knihe dala?<\/mark><\/strong><\/p>\n\n\n\n<p><em>Miroslav Bl\u0161\u00e1k<\/em><\/p>\n\n\n\n<p>Uk\u00e1zala mi, ak\u00e1 je oblas\u0165 informa\u010dnej bezpe\u010dnosti naozaj rozsiahla a \u017ee by sa jej malo venova\u0165 viac na \u0161kol\u00e1ch.<\/p>\n\n\n\n<p><em>Marek Zeman<\/em><\/p>\n\n\n\n<p>Z\u00edskal som in\u00fd poh\u013ead na ISO normy. P\u00f4vodne som normy ch\u00e1pal ako nutn\u00fa cnos\u0165 a n\u00e1stroj auditorov na kontrolu pr\u00e1ce. Teraz sa mi poh\u013ead zmenil, normy u\u017e ch\u00e1pem ako konglomer\u00e1t pravidiel, ako nastavi\u0165 a zabezpe\u010di\u0165 organiz\u00e1ciu.&nbsp;<\/p>\n\n\n\n<p><em>Daniel Chromek<\/em><\/p>\n\n\n\n<p>Pre m\u0148a je to hlavne o pokore: aj napriek tomu, \u017ee rob\u00edm bezpe\u010dnos\u0165 na dennej b\u00e1ze, niektor\u00e9 opatrenia som si potreboval osvie\u017ei\u0165. Navy\u0161e v\u00fdvoj ide dopredu a v roku 2022 vy\u0161lo nov\u00e9 ISO 27001 aj 27002, ktor\u00e9 \u0161trukt\u00farou opatren\u00ed v\u00f4bec nezodpoved\u00e1 p\u00f4vodnej verzii z roku 2013. Toto bude potrebn\u00e9 reflektova\u0165 aj v \u010fal\u0161\u00edch vydaniach u\u010debnice. V\u00fdvoj v bezpe\u010dnosti ide r\u00fdchlo dopredu.&nbsp;<\/p>\n\n\n\n<p><em>Jaroslav Oster<\/em><\/p>\n\n\n\n<p>Nov\u00e9 n\u00e1pady do vzdel\u00e1vac\u00edch projektov, pr\u00e1cu v skvelom t\u00edme a v ist\u00fdch \u010dastiach kn\u00edh aj nov\u00fd poh\u013ead na niektor\u00e9 t\u00e9my.&nbsp;<\/p>\n\n\n\n<hr class=\"wp-block-separator has-alpha-channel-opacity\"\/>\n\n\n\n<p class=\"has-text-align-center\">Detaily o jednotliv\u00fdch knih\u00e1ch n\u00e1jdete pod linkmi<\/p>\n\n\n\n<p class=\"has-text-align-center\"><a href=\"https:\/\/preventista.sk\/info\/druha-cast-ucebnice-o-bezpecnosti-uzrela-svetlo-sveta\/\" target=\"_blank\" rel=\"noopener\" title=\"\">U\u010debnica informa\u010dnej bezpe\u010dnosti, 2.\u010das\u0165, 2023<\/a><\/p>\n\n\n\n<p class=\"has-text-align-center\"><a href=\"https:\/\/preventista.sk\/info\/vzdelavanie-informacnej-bezpecnosti-na-strednych-skolach-ma-sancu\/\" target=\"_blank\" rel=\"noopener\" title=\"\">U\u010debnica informa\u010dnej bezpe\u010dnosti, 1.\u010das\u0165, 2021<\/a><\/p>\n\n\n\n<hr class=\"wp-block-separator has-alpha-channel-opacity\"\/>\n\n\n\n<p><strong><mark style=\"background-color:rgba(0, 0, 0, 0)\" class=\"has-inline-color has-vivid-cyan-blue-color\">V \u010dom je pod\u013ea Teba t\u00e1to u\u010debnica pr\u00ednosom pre \u0161irok\u00fa verejnos\u0165?<\/mark><\/strong><\/p>\n\n\n\n<p><em>Jaroslav Oster<\/em><\/p>\n\n\n\n<p>Obsahovo je dobr\u00fdm v\u00fdchodiskom pre zvy\u0161ovanie bezpe\u010dnostn\u00e9ho povedomia nie len u \u0161tudentov stredn\u00fdch a vysok\u00fdch \u0161k\u00f4l, ale obsahuje tie\u017e rad t\u00e9m vyu\u017eite\u013en\u00fdch (a pravdou je, \u017ee aj vyu\u017e\u00edvan\u00fdch) pre zvy\u0161ovanie kompetenci\u00ed u\u010dite\u013eov z\u00e1kladn\u00fdch \u0161k\u00f4l a v neposlednom rade m\u00e1 \u0161ancu presiahnu\u0165 aj do rodi\u010dovskej verejnosti.\u00a0<\/p>\n\n\n\n<p><em>Marek Zeman<\/em><\/p>\n\n\n\n<p>Z m\u00f4jho poh\u013eadu kniha pokr\u00fdva ako u\u010debnica informa\u010dnej bezpe\u010dnosti pre stredn\u00e9 odborn\u00e9 \u0161koly a gymn\u00e1zi\u00e1 hlavne u\u010divo nadv\u00e4zuj\u00face na prv\u00fd diel. Z\u00e1rove\u0148 vychov\u00e1va na stredn\u00fdch \u0161kol\u00e1ch \u017eiakov pre firmy, tak aby mohli hne\u010f za\u010da\u0165 pracova\u0165 na oddelen\u00ed bezpe\u010dnosti. Na druhej strane je nap\u00edsan\u00e1 sp\u00f4sobom, \u017ee mana\u017e\u00e9r informa\u010dnej bezpe\u010dnosti pod\u013ea Z\u00e1kona o kybernetickej bezpe\u010dnosti (ZoKB) dostane n\u00e1vod, ako nastavi\u0165 informa\u010dn\u00fa bezpe\u010dnos\u0165 pod\u013ea normy ISO.&nbsp;<\/p>\n\n\n\n<p><em>Daniel Chromek<\/em><\/p>\n\n\n\n<p>Napriek tomu, \u017ee je kniha p\u00edsan\u00e1 pre \u0161tudentov, mysl\u00edm, \u017ee d\u00e1 preh\u013ead ka\u017ed\u00e9mu, kto by sa r\u00e1d \u017eivil informa\u010dnou bezpe\u010dnos\u0165ou. Pr\u00e1ca v bezpe\u010dnosti je nielen zauj\u00edmav\u00e1, ale je aj dobre finan\u010dne ohodnoten\u00e1. Ver\u00edm, \u017ee t\u00e1to u\u010debnica pom\u00f4\u017ee \u013eu\u010fom dosta\u0165 sa k svojej vysn\u00edvanej pr\u00e1ci v informa\u010dnej bezpe\u010dnosti \ud83d\ude42<\/p>\n\n\n\n<p><em>Miroslav Bl\u0161\u00e1k<\/em><\/p>\n\n\n\n<p>Ukazuje k\u013e\u00fa\u010dov\u00e9 inform\u00e1cie a poznatky, ktor\u00e9 mus\u00ed \u010dlovek zvl\u00e1dnu\u0165 ak by sa chcel venova\u0165 informa\u010dnej bezpe\u010dnosti v profesnom \u017eivote. Ve\u013ea \u013eud\u00ed si nevie predstavi\u0165, \u010do v\u0161etko sa skr\u00fdva za informa\u010dnou bezpe\u010dnos\u0165ou a prv\u00fd diel spolo\u010dne s druh\u00fdm toto odkr\u00fdvaj\u00fa.<\/p>\n\n\n\n<p><\/p>\n\n\n\n<hr class=\"wp-block-separator has-alpha-channel-opacity\"\/>\n\n\n\n<p><strong><mark style=\"background-color:rgba(0, 0, 0, 0)\" class=\"has-inline-color has-vivid-cyan-blue-color\">Ako by si motivoval stredo\u0161kol\u00e1kov, aby sa viac zauj\u00edmali o bezpe\u010dnos\u0165?<\/mark><\/strong><\/p>\n\n\n\n<p><em>Daniel Chromek<\/em><\/p>\n\n\n\n<p>Bezpe\u010dnos\u0165 je z\u00e1klad pre fungovanie v po\u010d\u00edta\u010dovom svete. Pokia\u013e na ulici d\u00e1m peniaze ka\u017ed\u00e9mu, kto o to po\u017eiada, tak bu\u010f mi dojdu peniaze, alebo prestanem chodi\u0165 na ulicu. Pokia\u013e na internete nalet\u00edm na ka\u017ed\u00fa podvodn\u00fa spr\u00e1vu, som na tom rovnako. Ka\u017ed\u00fd \u010dlovek potrebuje vedie\u0165, \u010do treba robi\u0165, aby pou\u017e\u00edvanie po\u010d\u00edta\u010da, smartf\u00f3nu a internetu nebolo pre neho stratou pe\u0148az\u00ed, \u010dasu aj dobr\u00e9ho mena. Pokia\u013e \u0161tudenti zistia, \u017ee z\u00e1kladn\u00e9 pravidl\u00e1 ovl\u00e1daj\u00fa, ale chceli by vedie\u0165 viac, je tu pre nich pr\u00edle\u017eitos\u0165. Pr\u00e1ca v bezpe\u010dnosti je vysoko cenen\u00e1, vy\u017eaduje na sebe pracova\u0165 a u\u010di\u0165 sa nov\u00e9 veci a rozhodne sa v nej nebud\u00fa nudi\u0165.<\/p>\n\n\n\n<p><em>Marek Zeman<\/em><\/p>\n\n\n\n<p>Ja osobne sa sna\u017e\u00edm motivova\u0165 minim\u00e1lne v t\u00fdchto troch \u00farovniach. V prvom rade \u201c\u017eijem\u201d informa\u010dn\u00fa bezpe\u010dnos\u0165 a sna\u017e\u00edm sa stava\u0165 na re\u00e1lnych pr\u00edkladoch, ktor\u00e9 som za\u017eil. Druhou vecou je, \u017ee je potrebn\u00e9 uk\u00e1za\u0165 \u017eiakom, \u017ee ak sa bud\u00fa vzdel\u00e1va\u0165 v odbore informa\u010dnej bezpe\u010dnosti bud\u00fa ma\u0165 na trhu ove\u013ea viac pr\u00edle\u017eitost\u00ed a lep\u0161ie postavenie. Tre\u0165ou \u00farov\u0148ou je u\u010di\u0165 na re\u00e1lnych pr\u00edkladoch, ktor\u00e9 s\u00fa bl\u00edzke \u0161tudentom, ich nepresved\u010d\u00edme virtu\u00e1lnym pr\u00edkladom, ktor\u00fd je pochopite\u013en\u00fd pre 10 \u013eud\u00ed na Slovensku alebo sarkastick\u00fdmi pozn\u00e1mkami, imituj\u00facimi kv\u00e1zi intelektu\u00e1lnycha, \u010di nezn\u00e1mych autorov. \u0160tudentov presved\u010d\u00edme len ak bud\u00fa pr\u00edklady jasn\u00e9, zrozumite\u013en\u00e9 a pre nich uchopite\u013en\u00e9.<\/p>\n\n\n\n<p><em>Miroslav Bl\u0161\u00e1k<\/em><\/p>\n\n\n\n<p>Budem hovori\u0165 z poh\u013eadu u\u010dite\u013ea. Ur\u010dite by som \u017eiakom na hodin\u00e1ch uk\u00e1zal konkr\u00e9tne pr\u00edklady z praxe a na nich by som vysvetlil, pre\u010do je d\u00f4le\u017eit\u00e1 bezpe\u010dnos\u0165. Okrem toho by som sk\u00fasil vyu\u017ei\u0165 z\u00e1\u017eitkov\u00e9 vyu\u010dovanie, t. j. \u201epre\u017ei\u0165\u201c nejak\u00fd druh podvodu na sebe (samozrejme v bezpe\u010dn\u00fdch podmienkach), ke\u010f\u017ee u\u010denie sa prostredn\u00edctvom pre\u017eitia \u201ena sebe\u201c m\u00e1 najv\u00e4\u010d\u0161iu pridan\u00fa hodnotu.<\/p>\n\n\n\n<p><em>Jaroslav Oster<\/em><\/p>\n\n\n\n<p>Virtu\u00e1lny svet je ich svetom. S\u00fa\u010dasn\u00fdm aj bud\u00facim. Pokia\u013e sa v \u0148om nau\u010dia spr\u00e1va\u0165 a kona\u0165 obozretne, bezpe\u010dne a s istotou bude pre nich len a len pr\u00ednosom. Ale aby to zvl\u00e1dli, bud\u00fa si musie\u0165 okrem zru\u010dnost\u00ed vyu\u017e\u00edvania informa\u010dn\u00fdch technol\u00f3gi\u00ed osvoji\u0165 aj ist\u00e9 princ\u00edpy a z\u00e1sady bezpe\u010dnosti. Len tak ochr\u00e1nia seba, svoje bud\u00face pr\u00edjmy a \u010dasto aj svojich bl\u00edzkych.<\/p>\n\n\n\n<hr class=\"wp-block-separator has-alpha-channel-opacity\"\/>\n\n\n\n<p><strong><mark style=\"background-color:rgba(0, 0, 0, 0)\" class=\"has-inline-color has-vivid-cyan-blue-color\">Ak\u00e9 s\u00fa Tvoje pl\u00e1ny na najbli\u017e\u0161ie obdobie, na \u010do sa od Teba slovensk\u00e9 \u0161kolstvo m\u00f4\u017ee te\u0161i\u0165 v tomto roku?<\/mark><\/strong><\/p>\n\n\n\n<p><em>Marek Zeman<\/em><\/p>\n\n\n\n<p>Najbli\u017e\u0161\u00ed rok bude extr\u00e9mne n\u00e1ro\u010dn\u00fd a pln\u00fd prekvapen\u00ed. Chcel by som sa venova\u0165 vydaniu&nbsp; tretieho dielu u\u010debnice pre stredn\u00e9 odborn\u00e9 \u0161koly a gymn\u00e1zi\u00e1. Z\u00e1rove\u0148 sme pred vydan\u00edm u\u010debnice pre tret\u00ed ro\u010dn\u00edk z\u00e1kladn\u00fdch \u0161k\u00f4l. Paralelne pracujeme na u\u010debnici informa\u010dnej bezpe\u010dnosti pre \u0161tvrt\u00fd ro\u010dn\u00edk z\u00e1kladn\u00fdch \u0161k\u00f4l. No a ak sa podar\u00ed, nezabudneme ani na \u0161irok\u00fa verejnos\u0165.<\/p>\n\n\n\n<p><em>Daniel Chromek<\/em><\/p>\n\n\n\n<p>Rob\u00edme na viacer\u00fdch veciach naraz a radi by sme pokra\u010dovali posledn\u00fdm dielom u\u010debnice pre stredn\u00e9 \u0161koly. Z\u00e1rove\u0148 je potrebn\u00e9 rozv\u00edja\u0165 t\u00fato t\u00e9mu aj u mlad\u0161\u00edch det\u00ed, ke\u010f\u017ee s technikou neprich\u00e1dzaj\u00fa do kontaktu a\u017e na strednej \u0161kole. Radi by sme sa preto zamerali aj t\u00fdmto smerom.<\/p>\n\n\n\n<p><em>Miroslav Bl\u0161\u00e1k<\/em><\/p>\n\n\n\n<p>Dokon\u010di\u0165 tret\u00ed a z\u00e1rove\u0148 posledn\u00fd diel u\u010debnice pre stredn\u00e9 \u0161koly. Okrem toho \u00faspe\u0161ne dokon\u010di\u0165 a obh\u00e1ji\u0165 rigor\u00f3znu pr\u00e1cu, v ktorej sa sna\u017e\u00edm uk\u00e1za\u0165, ako prepoji\u0165 matematiku a informa\u010dn\u00fa bezpe\u010dnos\u0165, ke\u010f\u017ee okrem samotnej informatiky, ktor\u00e1 je potrebn\u00e1 na zvl\u00e1dnutie informa\u010dnej bezpe\u010dnosti, je matematika alfou a omegou.<\/p>\n\n\n\n<p><em>Jaroslav Oster<\/em><\/p>\n\n\n\n<p>Okrem in\u00fdch preva\u017ene edukat\u00edvnych projektov pokra\u010dova\u0165 v \u00faspe\u0161ne nastavenom smere p\u00edsania a vyd\u00e1vania u\u010debn\u00edc pre stredn\u00e9 i z\u00e1kladn\u00e9 \u0161koly. S\u00fabe\u017ene s t\u00fdm sa tie\u017e intenz\u00edvnej\u0161ie pl\u00e1nujem spolu s autorsk\u00fdm t\u00edmom venova\u0165 implement\u00e1cii u\u010debn\u00edc a metod\u00edk do \u0161kolskej praxe a vzdel\u00e1vaniu pedag\u00f3gov i \u0161irokej odbornej ale aj laickej verejnosti.<\/p>\n\n\n\n<hr class=\"wp-block-separator has-alpha-channel-opacity\"\/>\n","protected":false},"excerpt":{"rendered":"<p>Knihy o ktor\u00fdch sa v odborn\u00fdch kruhoch mnoho hovor\u00ed, dva diely \u00faspe\u0161n\u00fdch U\u010debn\u00edc informa\u010dnej bezpe\u010dnosti pre stredn\u00e9 \u0161koly a gymn\u00e1zi\u00e1. Vyspovedali sme t\u00edm autorov Mareka Zemana, Daniela Chromeka, Miroslava Bl\u0161\u00e1ka a Jaroslava Ostera. P\u00e4\u0165 ot\u00e1zok a p\u00e4\u0165 zauj\u00edmav\u00fdch odpoved\u00ed. \u010co \u0164a motivovalo obetova\u0165 svoj vo\u013en\u00fd \u010das nap\u00edsaniu u\u017e druhej \u010dasti u\u010debnice zameranej na bezpe\u010dnos\u0165 pre [&hellip;]<\/p>\n","protected":false},"author":1,"featured_media":0,"comment_status":"open","ping_status":"open","sticky":false,"template":"","format":"standard","meta":{"jetpack_post_was_ever_published":false,"_jetpack_newsletter_access":"","_jetpack_dont_email_post_to_subs":false,"_jetpack_newsletter_tier_id":0,"_jetpack_memberships_contains_paywalled_content":false,"_jetpack_memberships_contains_paid_content":false,"footnotes":""},"categories":[4,61],"tags":[32],"class_list":["post-5158","post","type-post","status-publish","format-standard","hentry","category-itbezp","category-prevencia","tag-bezpecnost"],"aioseo_notices":[],"jetpack_featured_media_url":"","jetpack_sharing_enabled":true,"jetpack-related-posts":[{"id":5816,"url":"https:\/\/preventista.sk\/info\/tretia-cast-ucebnice-pre-stredne-skoly\/","url_meta":{"origin":5158,"position":0},"title":"Tretia \u010das\u0165 u\u010debnice pre stredn\u00e9 \u0161koly","author":"Redakcia","date":"22. apr\u00edla 2024","format":false,"excerpt":"Tretia \u010das\u0165 U\u010debnice informa\u010dnej bezpe\u010dnosti pre stredn\u00e9 odborn\u00e9 \u0161koly a\u00a0gymn\u00e1zi\u00e1 uzrela svetlo sveta a tak sa uzavrela pl\u00e1novan\u00e1 trojica u\u010debn\u00edc, ktor\u00e9 sme mali v OZ Preventista - zdru\u017eenie pre bezpe\u010dnos\u0165 a prevenciu napl\u00e1novan\u00e9. Prv\u00e9 dve u\u010debnice na\u0161li svoje miesto v slovenskom \u0161kolstve - dnes ich vyu\u017e\u00edva viac ako 300 slovensk\u00fdch\u2026","rel":"","context":"V &quot;Aktu\u00e1lne&quot;","block_context":{"text":"Aktu\u00e1lne","link":"https:\/\/preventista.sk\/info\/category\/akcie\/aktualne\/"},"img":{"alt_text":"","src":"https:\/\/i0.wp.com\/preventista.sk\/info\/wp-content\/uploads\/2024\/03\/image-4.png?resize=350%2C200&ssl=1","width":350,"height":200,"srcset":"https:\/\/i0.wp.com\/preventista.sk\/info\/wp-content\/uploads\/2024\/03\/image-4.png?resize=350%2C200&ssl=1 1x, https:\/\/i0.wp.com\/preventista.sk\/info\/wp-content\/uploads\/2024\/03\/image-4.png?resize=525%2C300&ssl=1 1.5x, https:\/\/i0.wp.com\/preventista.sk\/info\/wp-content\/uploads\/2024\/03\/image-4.png?resize=700%2C400&ssl=1 2x"},"classes":[]},{"id":5520,"url":"https:\/\/preventista.sk\/info\/kyberbezpecnost-gymnazium-a-ucebnice\/","url_meta":{"origin":5158,"position":1},"title":"Kyberbezpe\u010dnos\u0165, gymn\u00e1zium a u\u010debnice","author":"Redakcia","date":"24. janu\u00e1ra 2024","format":false,"excerpt":"Pred tromi rokmi sme sa rozhodli v\u00a0r\u00e1mci inov\u00e1ci\u00ed vzdel\u00e1vania na na\u0161om 1. S\u00fakromnom Banskobystrickom gymn\u00e1ziu zavies\u0165 zameranie kybernetick\u00e1 bezpe\u010dnos\u0165. T\u00e1to na\u0161a idea, by sa nikdy nepretavila do reality neby\u0165 faktu, \u017ee v\u00a0r\u00e1mci oslovovania odborn\u00edkov v\u00a0tejto oblasti a\u00a0h\u013eadania mentora, ktor\u00fd by usmernil, ak\u00fdm smerom sa m\u00e1 ubera\u0165 na\u0161a v\u00fduka, sme nenatrafili\u2026","rel":"","context":"V &quot;Bezpe\u010dnos\u0165&quot;","block_context":{"text":"Bezpe\u010dnos\u0165","link":"https:\/\/preventista.sk\/info\/category\/itbezp\/"},"img":{"alt_text":"","src":"https:\/\/i0.wp.com\/preventista.sk\/info\/wp-content\/uploads\/2024\/01\/logo-PNG.png?resize=350%2C200&ssl=1","width":350,"height":200,"srcset":"https:\/\/i0.wp.com\/preventista.sk\/info\/wp-content\/uploads\/2024\/01\/logo-PNG.png?resize=350%2C200&ssl=1 1x, https:\/\/i0.wp.com\/preventista.sk\/info\/wp-content\/uploads\/2024\/01\/logo-PNG.png?resize=525%2C300&ssl=1 1.5x, https:\/\/i0.wp.com\/preventista.sk\/info\/wp-content\/uploads\/2024\/01\/logo-PNG.png?resize=700%2C400&ssl=1 2x, https:\/\/i0.wp.com\/preventista.sk\/info\/wp-content\/uploads\/2024\/01\/logo-PNG.png?resize=1050%2C600&ssl=1 3x, https:\/\/i0.wp.com\/preventista.sk\/info\/wp-content\/uploads\/2024\/01\/logo-PNG.png?resize=1400%2C800&ssl=1 4x"},"classes":[]},{"id":4472,"url":"https:\/\/preventista.sk\/info\/vzdelavanie-informacnej-bezpecnosti-na-strednych-skolach-ma-sancu\/","url_meta":{"origin":5158,"position":2},"title":"Vzdel\u00e1vanie informa\u010dnej bezpe\u010dnosti na stredn\u00fdch \u0161kol\u00e1ch m\u00e1 \u0161ancu!","author":"Marek Zeman","date":"14. septembra 2021","format":false,"excerpt":"S\u00a0ve\u013ekou rados\u0165ou v\u00e1m oznamujeme, \u017ee svetlo sveta uzrela \u201eU\u010debnica informa\u010dnej bezpe\u010dnosti pre stredn\u00e9 \u0161koly a\u00a0gymn\u00e1zi\u00e1, prv\u00e1 \u010das\u0165\u201c. Je to u\u010debnica, ktor\u00e1 je v\u00a0na\u0161ich kon\u010din\u00e1ch prelomov\u00e1. Pomocou u\u010debnice je mo\u017en\u00e9 vytvori\u0165 pevn\u00e9 z\u00e1klady osobnej bezpe\u010dnosti a\u00a0z\u00e1rove\u0148 si osvoji\u0165 vedomosti, ktor\u00e9 tvoria jadro te\u00f3rie informa\u010dnej bezpe\u010dnosti. Za\u010diatkom roka 2020 vznikla po\u017eiadavka 1.\u2026","rel":"","context":"V &quot;Bezpe\u010dnos\u0165&quot;","block_context":{"text":"Bezpe\u010dnos\u0165","link":"https:\/\/preventista.sk\/info\/category\/itbezp\/"},"img":{"alt_text":"","src":"https:\/\/i0.wp.com\/preventista.sk\/info\/wp-content\/uploads\/2021\/09\/kniha-2021.png?fit=762%2C1200&ssl=1&resize=350%2C200","width":350,"height":200,"srcset":"https:\/\/i0.wp.com\/preventista.sk\/info\/wp-content\/uploads\/2021\/09\/kniha-2021.png?fit=762%2C1200&ssl=1&resize=350%2C200 1x, https:\/\/i0.wp.com\/preventista.sk\/info\/wp-content\/uploads\/2021\/09\/kniha-2021.png?fit=762%2C1200&ssl=1&resize=525%2C300 1.5x, https:\/\/i0.wp.com\/preventista.sk\/info\/wp-content\/uploads\/2021\/09\/kniha-2021.png?fit=762%2C1200&ssl=1&resize=700%2C400 2x"},"classes":[]},{"id":5284,"url":"https:\/\/preventista.sk\/info\/nebojte-sa-informacnej-bezpecnosti-ucebnica-pre-3-rocnik-zs\/","url_meta":{"origin":5158,"position":3},"title":"Nebojte sa informa\u010dnej bezpe\u010dnosti, u\u010debnica pre 3.ro\u010dn\u00edk Z\u0160","author":"Redakcia","date":"6. decembra 2023","format":false,"excerpt":"Vzdel\u00e1vanie v\u00a0oblasti informa\u010dnej bezpe\u010dnosti je v\u00a0s\u00fa\u010dasnosti viac ne\u017e potrebn\u00e9. \u017diaci pou\u017e\u00edvaj\u00fa r\u00f4zne zariadenia, ktor\u00fdch ovl\u00e1danie je intuit\u00edvne, a\u00a0len ob\u010das sa stane, \u017ee si malolet\u00ed nevedia poradi\u0165 s\u00a0technikou. Intuit\u00edvne ovl\u00e1danie v\u0161ak neznamen\u00e1 automaticky bezpe\u010dnos\u0165 pre pou\u017e\u00edvate\u013ea. Ako kolekt\u00edv autorov u\u017e nieko\u013eko rokov pracujeme na spr\u00edstupnen\u00ed t\u00e9m z\u00a0oblasti informa\u010dnej bezpe\u010dnosti. V\u00fdberom t\u00e9m\u2026","rel":"","context":"V &quot;Bezpe\u010dnos\u0165&quot;","block_context":{"text":"Bezpe\u010dnos\u0165","link":"https:\/\/preventista.sk\/info\/category\/itbezp\/"},"img":{"alt_text":"","src":"https:\/\/i0.wp.com\/preventista.sk\/info\/wp-content\/uploads\/2023\/12\/Mikulas-Ucebnica3.png?resize=350%2C200&ssl=1","width":350,"height":200,"srcset":"https:\/\/i0.wp.com\/preventista.sk\/info\/wp-content\/uploads\/2023\/12\/Mikulas-Ucebnica3.png?resize=350%2C200&ssl=1 1x, https:\/\/i0.wp.com\/preventista.sk\/info\/wp-content\/uploads\/2023\/12\/Mikulas-Ucebnica3.png?resize=525%2C300&ssl=1 1.5x, https:\/\/i0.wp.com\/preventista.sk\/info\/wp-content\/uploads\/2023\/12\/Mikulas-Ucebnica3.png?resize=700%2C400&ssl=1 2x"},"classes":[]},{"id":5928,"url":"https:\/\/preventista.sk\/info\/daruj-ucebnice-o-informacnej-bezpecnosti-skole\/","url_meta":{"origin":5158,"position":4},"title":"Daruj u\u010debnice o informa\u010dnej bezpe\u010dnosti \u0161kole","author":"Redakcia","date":"31. marca 2025","format":false,"excerpt":"My\u0161lienka vytvori\u0165 koncept, ktor\u00fd umo\u017en\u00ed profesion\u00e1lom z oblasti informa\u010dnej a kybernetickej bezpe\u010dnosti podpori\u0165 slovensk\u00e9 stredn\u00e9 \u0161koly a gymn\u00e1zi\u00e1 dozrievala takmer rok a \u010dakali sme na okamih kedy bude n\u00e1\u0161 pl\u00e1novan\u00fd set pozost\u00e1vaj\u00faci z troch \u010dast\u00ed U\u010debnice informa\u010dnej bezpe\u010dnosti pre stredn\u00e9 odborn\u00e9 \u0161koly a gymn\u00e1zi\u00e1 kompletn\u00fd. A ten okamih nastal. A\u2026","rel":"","context":"V &quot;Aktu\u00e1lne&quot;","block_context":{"text":"Aktu\u00e1lne","link":"https:\/\/preventista.sk\/info\/category\/akcie\/aktualne\/"},"img":{"alt_text":"","src":"https:\/\/i0.wp.com\/preventista.sk\/info\/wp-content\/uploads\/2024\/05\/daruj_skole.png?resize=350%2C200&ssl=1","width":350,"height":200,"srcset":"https:\/\/i0.wp.com\/preventista.sk\/info\/wp-content\/uploads\/2024\/05\/daruj_skole.png?resize=350%2C200&ssl=1 1x, https:\/\/i0.wp.com\/preventista.sk\/info\/wp-content\/uploads\/2024\/05\/daruj_skole.png?resize=525%2C300&ssl=1 1.5x, https:\/\/i0.wp.com\/preventista.sk\/info\/wp-content\/uploads\/2024\/05\/daruj_skole.png?resize=700%2C400&ssl=1 2x"},"classes":[]},{"id":4000,"url":"https:\/\/preventista.sk\/info\/top10-autorov-sutaze-informacna-bezpecnost-ja-a-moja-skola-2\/","url_meta":{"origin":5158,"position":5},"title":"TOP10 autorov s\u00fa\u0165a\u017ee Informa\u010dn\u00e1 bezpe\u010dnos\u0165, ja a moja \u0161kola","author":"Redakcia","date":"5. janu\u00e1ra 2021","format":false,"excerpt":"Simona Kraj\u0148\u00e1kov\u00e1, Gymn\u00e1zium Jana Raymana Pre\u0161ov Inform\u00e1cie a bezpe\u010dnos\u0165. Tieto dva pojmy s\u00fa sklo\u0148ovan\u00e9 pomerne \u010dasto. \u010ci u\u017e osobitne alebo ako jeden pojem ,INFORMA\u010cN\u00c1 BEZPE\u010cNOS\u0164, v s\u00fa\u010dasnosti d\u00f4le\u017eitej\u0161\u00ed ako kedyko\u013evek predt\u00fdm Pre\u010do je informa\u010dn\u00e1 bezpe\u010dnos\u0165 tak d\u00f4le\u017eit\u00e1 ?T\u00fato ot\u00e1zku si klad\u00fa \u017eiaci a \u0161tudenti, predov\u0161etk\u00fdm v dobe, ke\u010f sme zahlcovan\u00ed\u2026","rel":"","context":"V &quot;S\u00fa\u0165a\u017ee&quot;","block_context":{"text":"S\u00fa\u0165a\u017ee","link":"https:\/\/preventista.sk\/info\/category\/akcie\/sutaze\/"},"img":{"alt_text":"","src":"https:\/\/i0.wp.com\/preventista.sk\/info\/wp-content\/uploads\/2020\/11\/s%C3%BAta%C5%BE-Report%C3%A9r-mini.png?resize=350%2C200","width":350,"height":200},"classes":[]}],"_links":{"self":[{"href":"https:\/\/preventista.sk\/info\/wp-json\/wp\/v2\/posts\/5158","targetHints":{"allow":["GET"]}}],"collection":[{"href":"https:\/\/preventista.sk\/info\/wp-json\/wp\/v2\/posts"}],"about":[{"href":"https:\/\/preventista.sk\/info\/wp-json\/wp\/v2\/types\/post"}],"author":[{"embeddable":true,"href":"https:\/\/preventista.sk\/info\/wp-json\/wp\/v2\/users\/1"}],"replies":[{"embeddable":true,"href":"https:\/\/preventista.sk\/info\/wp-json\/wp\/v2\/comments?post=5158"}],"version-history":[{"count":10,"href":"https:\/\/preventista.sk\/info\/wp-json\/wp\/v2\/posts\/5158\/revisions"}],"predecessor-version":[{"id":5176,"href":"https:\/\/preventista.sk\/info\/wp-json\/wp\/v2\/posts\/5158\/revisions\/5176"}],"wp:attachment":[{"href":"https:\/\/preventista.sk\/info\/wp-json\/wp\/v2\/media?parent=5158"}],"wp:term":[{"taxonomy":"category","embeddable":true,"href":"https:\/\/preventista.sk\/info\/wp-json\/wp\/v2\/categories?post=5158"},{"taxonomy":"post_tag","embeddable":true,"href":"https:\/\/preventista.sk\/info\/wp-json\/wp\/v2\/tags?post=5158"}],"curies":[{"name":"wp","href":"https:\/\/api.w.org\/{rel}","templated":true}]}}