{"id":5179,"date":"2023-03-22T19:26:01","date_gmt":"2023-03-22T18:26:01","guid":{"rendered":"https:\/\/preventista.sk\/info\/?p=5179"},"modified":"2023-03-22T19:26:50","modified_gmt":"2023-03-22T18:26:50","slug":"o-kybernetickej-bezpecnosti-nestaci-len-rozpravat-alias-krst-nasej-ucebnice","status":"publish","type":"post","link":"https:\/\/preventista.sk\/info\/o-kybernetickej-bezpecnosti-nestaci-len-rozpravat-alias-krst-nasej-ucebnice\/","title":{"rendered":"O kybernetickej bezpe\u010dnosti nesta\u010d\u00ed len rozpr\u00e1va\u0165  alias krst na\u0161ej u\u010debnice"},"content":{"rendered":"\n<p><strong>O kybernetickej bezpe\u010dnosti nesta\u010d\u00ed len rozpr\u00e1va\u0165<\/strong><\/p>\n\n\n\n<p> OZ Preventista a\u00a0spolo\u010dnos\u0165 ESET \u00a0spolo\u010dn\u00fdmi silami pripravili\u00a0<strong>krst druhej \u010dasti \u00faspe\u0161nej <\/strong><a href=\"https:\/\/preventista.sk\/info\/druha-cast-ucebnice-o-bezpecnosti-uzrela-svetlo-sveta\/\" target=\"_blank\" rel=\"noreferrer noopener\">U\u010debnice informa\u010dnej bezpe\u010dnosti pre stredn\u00e9 \u0161koly a gymn\u00e1zi\u00e1<\/a>, ktorej cie\u013eom je poskytn\u00fa\u0165 kvalitn\u00fd \u0161tudijn\u00fd materi\u00e1l pre vyu\u010dovania informa\u010dnej bezpe\u010dnosti ako ucelen\u00e9ho predmetu na stredn\u00fdch \u0161kol\u00e1ch.<\/p>\n\n\n\n<p><\/p>\n\n\n<div class=\"wp-block-image\">\n<figure class=\"aligncenter size-full is-resized\"><img data-recalc-dims=\"1\" loading=\"lazy\" decoding=\"async\" data-attachment-id=\"5125\" data-permalink=\"https:\/\/preventista.sk\/info\/druha-cast-ucebnice-o-bezpecnosti-uzrela-svetlo-sveta\/novakniha_kniha\/\" data-orig-file=\"https:\/\/i0.wp.com\/preventista.sk\/info\/wp-content\/uploads\/2023\/01\/NovaKniha_kniha.png?fit=477%2C612&amp;ssl=1\" data-orig-size=\"477,612\" data-comments-opened=\"1\" data-image-meta=\"{&quot;aperture&quot;:&quot;0&quot;,&quot;credit&quot;:&quot;&quot;,&quot;camera&quot;:&quot;&quot;,&quot;caption&quot;:&quot;&quot;,&quot;created_timestamp&quot;:&quot;0&quot;,&quot;copyright&quot;:&quot;&quot;,&quot;focal_length&quot;:&quot;0&quot;,&quot;iso&quot;:&quot;0&quot;,&quot;shutter_speed&quot;:&quot;0&quot;,&quot;title&quot;:&quot;&quot;,&quot;orientation&quot;:&quot;0&quot;}\" data-image-title=\"NovaKniha_kniha\" data-image-description=\"\" data-image-caption=\"\" data-large-file=\"https:\/\/i0.wp.com\/preventista.sk\/info\/wp-content\/uploads\/2023\/01\/NovaKniha_kniha.png?fit=477%2C612&amp;ssl=1\" src=\"https:\/\/i0.wp.com\/preventista.sk\/info\/wp-content\/uploads\/2023\/01\/NovaKniha_kniha.png?resize=335%2C430&#038;ssl=1\" alt=\"\" class=\"wp-image-5125\" width=\"335\" height=\"430\" srcset=\"https:\/\/i0.wp.com\/preventista.sk\/info\/wp-content\/uploads\/2023\/01\/NovaKniha_kniha.png?w=477&amp;ssl=1 477w, https:\/\/i0.wp.com\/preventista.sk\/info\/wp-content\/uploads\/2023\/01\/NovaKniha_kniha.png?resize=450%2C577&amp;ssl=1 450w, https:\/\/i0.wp.com\/preventista.sk\/info\/wp-content\/uploads\/2023\/01\/NovaKniha_kniha.png?resize=320%2C411&amp;ssl=1 320w\" sizes=\"auto, (max-width: 335px) 100vw, 335px\" \/><\/figure>\n<\/div>\n\n\n<p><\/p>\n\n\n\n<p>U\u010debnicu pokrst\u00ed COO spolo\u010dnosti ESET, Pavel Luka, za pr\u00edtomnosti dekana FIIT STU Ivana Kotuliaka, ktor\u00fd bol z\u00e1rove\u0148 jej recenzentom, a&nbsp;autorov u\u010debnice Jaroslava Ostera (Info consult), Mareka Zemana (Tatra Banka) a&nbsp;Daniela Chromeka (ESET). &nbsp;<\/p>\n\n\n\n<p><strong>Kedy:<\/strong>&nbsp;3. 4. 2023 o 10.00 hod.<\/p>\n\n\n\n<p><strong>Kde:<\/strong>&nbsp;V priestoroch kni\u017enice Fakulty informatiky a informa\u010dn\u00fdch technol\u00f3gi\u00ed STU, Ilkovi\u010dova 2 v Bratislave.&nbsp;<\/p>\n\n\n\n<p><\/p>\n\n\n\n<p>Ak m\u00e1te z\u00e1ujme by\u0165 pr\u00edtomn\u00ed na krste, kontaktujte n\u00e1s na <a href=\"mailto:info@preventista.sk\">info@preventista.sk<\/a> <\/p>\n\n\n\n<p><\/p>\n","protected":false},"excerpt":{"rendered":"<p>O kybernetickej bezpe\u010dnosti nesta\u010d\u00ed len rozpr\u00e1va\u0165 OZ Preventista a\u00a0spolo\u010dnos\u0165 ESET \u00a0spolo\u010dn\u00fdmi silami pripravili\u00a0krst druhej \u010dasti \u00faspe\u0161nej U\u010debnice informa\u010dnej bezpe\u010dnosti pre stredn\u00e9 \u0161koly a gymn\u00e1zi\u00e1, ktorej cie\u013eom je poskytn\u00fa\u0165 kvalitn\u00fd \u0161tudijn\u00fd materi\u00e1l pre vyu\u010dovania informa\u010dnej bezpe\u010dnosti ako ucelen\u00e9ho predmetu na stredn\u00fdch \u0161kol\u00e1ch. U\u010debnicu pokrst\u00ed COO spolo\u010dnosti ESET, Pavel Luka, za pr\u00edtomnosti dekana FIIT STU Ivana Kotuliaka, [&hellip;]<\/p>\n","protected":false},"author":1,"featured_media":0,"comment_status":"open","ping_status":"open","sticky":false,"template":"","format":"standard","meta":{"jetpack_post_was_ever_published":false,"_jetpack_newsletter_access":"","_jetpack_dont_email_post_to_subs":false,"_jetpack_newsletter_tier_id":0,"_jetpack_memberships_contains_paywalled_content":false,"_jetpack_memberships_contains_paid_content":false,"footnotes":""},"categories":[8,11],"tags":[52],"class_list":["post-5179","post","type-post","status-publish","format-standard","hentry","category-akcie","category-aktualne","tag-skola"],"aioseo_notices":[],"jetpack_featured_media_url":"","jetpack_sharing_enabled":true,"jetpack-related-posts":[{"id":5890,"url":"https:\/\/preventista.sk\/info\/ucebnice-informacnej-bezpecnosti-suhrn\/","url_meta":{"origin":5179,"position":0},"title":"U\u010debnice informa\u010dnej bezpe\u010dnosti &#8211; s\u00fahrn","author":"Redakcia","date":"22. novembra 2025","format":false,"excerpt":"Pripravili sme pre V\u00e1s aktualizovan\u00fd s\u00fahrn z\u00e1kladn\u00fdch inform\u00e1ci\u00ed o jednotliv\u00fdch dieloch U\u010debnice informa\u010dnej bezpe\u010dnosti pre stredn\u00e9 odborn\u00e9 \u0161koly a gymn\u00e1zi\u00e1 v ucelenej forme a na jednom mieste. T\u00fdmto krokom zjednocujeme inform\u00e1cie uveden\u00e9 v r\u00f4znych \u010dl\u00e1nkoch a tie\u017e proces objedn\u00e1vania tla\u010den\u00fdch u\u010debn\u00edc. U\u010debnice a metodiky boli vytvoren\u00e9 prim\u00e1rne pre vytvorenie predmetu\u2026","rel":"","context":"V &quot;Aktu\u00e1lne&quot;","block_context":{"text":"Aktu\u00e1lne","link":"https:\/\/preventista.sk\/info\/category\/akcie\/aktualne\/"},"img":{"alt_text":"","src":"https:\/\/i0.wp.com\/preventista.sk\/info\/wp-content\/uploads\/2024\/03\/image.png?resize=350%2C200&ssl=1","width":350,"height":200,"srcset":"https:\/\/i0.wp.com\/preventista.sk\/info\/wp-content\/uploads\/2024\/03\/image.png?resize=350%2C200&ssl=1 1x, https:\/\/i0.wp.com\/preventista.sk\/info\/wp-content\/uploads\/2024\/03\/image.png?resize=525%2C300&ssl=1 1.5x, https:\/\/i0.wp.com\/preventista.sk\/info\/wp-content\/uploads\/2024\/03\/image.png?resize=700%2C400&ssl=1 2x"},"classes":[]},{"id":5520,"url":"https:\/\/preventista.sk\/info\/kyberbezpecnost-gymnazium-a-ucebnice\/","url_meta":{"origin":5179,"position":1},"title":"Kyberbezpe\u010dnos\u0165, gymn\u00e1zium a u\u010debnice","author":"Redakcia","date":"24. janu\u00e1ra 2024","format":false,"excerpt":"Pred tromi rokmi sme sa rozhodli v\u00a0r\u00e1mci inov\u00e1ci\u00ed vzdel\u00e1vania na na\u0161om 1. S\u00fakromnom Banskobystrickom gymn\u00e1ziu zavies\u0165 zameranie kybernetick\u00e1 bezpe\u010dnos\u0165. T\u00e1to na\u0161a idea, by sa nikdy nepretavila do reality neby\u0165 faktu, \u017ee v\u00a0r\u00e1mci oslovovania odborn\u00edkov v\u00a0tejto oblasti a\u00a0h\u013eadania mentora, ktor\u00fd by usmernil, ak\u00fdm smerom sa m\u00e1 ubera\u0165 na\u0161a v\u00fduka, sme nenatrafili\u2026","rel":"","context":"V &quot;Bezpe\u010dnos\u0165&quot;","block_context":{"text":"Bezpe\u010dnos\u0165","link":"https:\/\/preventista.sk\/info\/category\/itbezp\/"},"img":{"alt_text":"","src":"https:\/\/i0.wp.com\/preventista.sk\/info\/wp-content\/uploads\/2024\/01\/logo-PNG.png?resize=350%2C200&ssl=1","width":350,"height":200,"srcset":"https:\/\/i0.wp.com\/preventista.sk\/info\/wp-content\/uploads\/2024\/01\/logo-PNG.png?resize=350%2C200&ssl=1 1x, https:\/\/i0.wp.com\/preventista.sk\/info\/wp-content\/uploads\/2024\/01\/logo-PNG.png?resize=525%2C300&ssl=1 1.5x, https:\/\/i0.wp.com\/preventista.sk\/info\/wp-content\/uploads\/2024\/01\/logo-PNG.png?resize=700%2C400&ssl=1 2x, https:\/\/i0.wp.com\/preventista.sk\/info\/wp-content\/uploads\/2024\/01\/logo-PNG.png?resize=1050%2C600&ssl=1 3x, https:\/\/i0.wp.com\/preventista.sk\/info\/wp-content\/uploads\/2024\/01\/logo-PNG.png?resize=1400%2C800&ssl=1 4x"},"classes":[]},{"id":5235,"url":"https:\/\/preventista.sk\/info\/pripravujete-do-noveho-skolskeho-roka-vyuku-tem-it-bezpecnosti-na-vasej-skole\/","url_meta":{"origin":5179,"position":2},"title":"Pripravujete do nov\u00e9ho \u0161kolsk\u00e9ho roka v\u00fduku t\u00e9m IT bezpe\u010dnosti na Va\u0161ej \u0161kole?","author":"Redakcia","date":"9. j\u00fana 2023","format":false,"excerpt":"Pl\u00e1nujete vyu\u017ei\u0165 pr\u00e1zdniny na pr\u00edpravu vzdel\u00e1vania informa\u010dnej a kybernetickej bezpe\u010dnosti na Va\u0161ej \u0161kole? H\u013ead\u00e1te vhodn\u00e9 u\u010debnice? Pripravili sme pre V\u00e1s jednoduch\u00fd s\u00fahrn, \u010do kde m\u00f4\u017eete n\u00e1js\u0165\/ z\u00edska\u0165. Z\u00e1kladn\u00e9 \u0161koly B\u00e1jky pre kyber-hrdinov a detekt\u00edvov elektronick\u00e1 verzia na vo\u013en\u00e9 stiahnutie B\u00e1jky pre kyber-hrdinov a detekt\u00edvov - 1 (preventista.sk) U\u010debnica informa\u010dnej bezpe\u010dnosti\u2026","rel":"","context":"V &quot;Bezpe\u010dnos\u0165&quot;","block_context":{"text":"Bezpe\u010dnos\u0165","link":"https:\/\/preventista.sk\/info\/category\/itbezp\/"},"img":{"alt_text":"","src":"https:\/\/i0.wp.com\/preventista.sk\/info\/wp-content\/uploads\/2023\/06\/skola2023.png?resize=350%2C200&ssl=1","width":350,"height":200,"srcset":"https:\/\/i0.wp.com\/preventista.sk\/info\/wp-content\/uploads\/2023\/06\/skola2023.png?resize=350%2C200&ssl=1 1x, https:\/\/i0.wp.com\/preventista.sk\/info\/wp-content\/uploads\/2023\/06\/skola2023.png?resize=525%2C300&ssl=1 1.5x, https:\/\/i0.wp.com\/preventista.sk\/info\/wp-content\/uploads\/2023\/06\/skola2023.png?resize=700%2C400&ssl=1 2x"},"classes":[]},{"id":5928,"url":"https:\/\/preventista.sk\/info\/daruj-ucebnice-o-informacnej-bezpecnosti-skole\/","url_meta":{"origin":5179,"position":3},"title":"Daruj u\u010debnice o informa\u010dnej bezpe\u010dnosti \u0161kole","author":"Redakcia","date":"31. marca 2025","format":false,"excerpt":"My\u0161lienka vytvori\u0165 koncept, ktor\u00fd umo\u017en\u00ed profesion\u00e1lom z oblasti informa\u010dnej a kybernetickej bezpe\u010dnosti podpori\u0165 slovensk\u00e9 stredn\u00e9 \u0161koly a gymn\u00e1zi\u00e1 dozrievala takmer rok a \u010dakali sme na okamih kedy bude n\u00e1\u0161 pl\u00e1novan\u00fd set pozost\u00e1vaj\u00faci z troch \u010dast\u00ed U\u010debnice informa\u010dnej bezpe\u010dnosti pre stredn\u00e9 odborn\u00e9 \u0161koly a gymn\u00e1zi\u00e1 kompletn\u00fd. A ten okamih nastal. A\u2026","rel":"","context":"V &quot;Aktu\u00e1lne&quot;","block_context":{"text":"Aktu\u00e1lne","link":"https:\/\/preventista.sk\/info\/category\/akcie\/aktualne\/"},"img":{"alt_text":"","src":"https:\/\/i0.wp.com\/preventista.sk\/info\/wp-content\/uploads\/2024\/05\/daruj_skole.png?resize=350%2C200&ssl=1","width":350,"height":200,"srcset":"https:\/\/i0.wp.com\/preventista.sk\/info\/wp-content\/uploads\/2024\/05\/daruj_skole.png?resize=350%2C200&ssl=1 1x, https:\/\/i0.wp.com\/preventista.sk\/info\/wp-content\/uploads\/2024\/05\/daruj_skole.png?resize=525%2C300&ssl=1 1.5x, https:\/\/i0.wp.com\/preventista.sk\/info\/wp-content\/uploads\/2024\/05\/daruj_skole.png?resize=700%2C400&ssl=1 2x"},"classes":[]},{"id":5158,"url":"https:\/\/preventista.sk\/info\/co-motivuje-autorov-k-pisaniu-ucebnic-o-bezpecnosti\/","url_meta":{"origin":5179,"position":4},"title":"\u010co motivuje autorov k p\u00edsaniu u\u010debn\u00edc o bezpe\u010dnosti?","author":"Redakcia","date":"15. febru\u00e1ra 2023","format":false,"excerpt":"Knihy o ktor\u00fdch sa v odborn\u00fdch kruhoch mnoho hovor\u00ed, dva diely \u00faspe\u0161n\u00fdch U\u010debn\u00edc informa\u010dnej bezpe\u010dnosti pre stredn\u00e9 \u0161koly a gymn\u00e1zi\u00e1. Vyspovedali sme t\u00edm autorov Mareka Zemana, Daniela Chromeka, Miroslava Bl\u0161\u00e1ka a Jaroslava Ostera. P\u00e4\u0165 ot\u00e1zok a p\u00e4\u0165 zauj\u00edmav\u00fdch odpoved\u00ed. \u010co \u0164a motivovalo obetova\u0165 svoj vo\u013en\u00fd \u010das nap\u00edsaniu u\u017e druhej \u010dasti\u2026","rel":"","context":"V &quot;Bezpe\u010dnos\u0165&quot;","block_context":{"text":"Bezpe\u010dnos\u0165","link":"https:\/\/preventista.sk\/info\/category\/itbezp\/"},"img":{"alt_text":"","src":"https:\/\/i0.wp.com\/preventista.sk\/info\/wp-content\/uploads\/2023\/02\/Ucebnice.png?resize=350%2C200&ssl=1","width":350,"height":200,"srcset":"https:\/\/i0.wp.com\/preventista.sk\/info\/wp-content\/uploads\/2023\/02\/Ucebnice.png?resize=350%2C200&ssl=1 1x, https:\/\/i0.wp.com\/preventista.sk\/info\/wp-content\/uploads\/2023\/02\/Ucebnice.png?resize=525%2C300&ssl=1 1.5x, https:\/\/i0.wp.com\/preventista.sk\/info\/wp-content\/uploads\/2023\/02\/Ucebnice.png?resize=700%2C400&ssl=1 2x"},"classes":[]},{"id":5507,"url":"https:\/\/preventista.sk\/info\/sutaz-pre-ucitelov\/","url_meta":{"origin":5179,"position":5},"title":"S\u00fa\u0165a\u017e pre u\u010dite\u013eov","author":"Redakcia","date":"11. janu\u00e1ra 2024","format":false,"excerpt":"Po \u00faspe\u0161nej s\u00fa\u0165a\u017ei pre \u017eiakov a \u0161tudentov vyhlasujeme tvoriv\u00fa s\u00fa\u0165a\u017e tentokr\u00e1t pre u\u010dite\u013eov z\u00e1kladn\u00fdch a stredn\u00fdch \u0161k\u00f4l. Prispejte k zlep\u0161ovaniu vzdel\u00e1vania bezpe\u010dnosti a e\u0161te k tomu z\u00edskate pr\u00ednosn\u00fd a pr\u00edjemn\u00fd benefit. ZADANIE S\u00fa\u0165a\u017eiaci vypracuje jeden pracovn\u00fd list k aktivite s\u00favisiacej s v\u00fdukou zvolenej t\u00e9my informa\u010dnej alebo kybernetickej bezpe\u010dnosti v \u0161kole\u2026","rel":"","context":"V &quot;Aktu\u00e1lne&quot;","block_context":{"text":"Aktu\u00e1lne","link":"https:\/\/preventista.sk\/info\/category\/akcie\/aktualne\/"},"img":{"alt_text":"","src":"https:\/\/i0.wp.com\/preventista.sk\/info\/wp-content\/uploads\/2023\/12\/banner_sutaz_ucitel.png?resize=350%2C200&ssl=1","width":350,"height":200,"srcset":"https:\/\/i0.wp.com\/preventista.sk\/info\/wp-content\/uploads\/2023\/12\/banner_sutaz_ucitel.png?resize=350%2C200&ssl=1 1x, https:\/\/i0.wp.com\/preventista.sk\/info\/wp-content\/uploads\/2023\/12\/banner_sutaz_ucitel.png?resize=525%2C300&ssl=1 1.5x, https:\/\/i0.wp.com\/preventista.sk\/info\/wp-content\/uploads\/2023\/12\/banner_sutaz_ucitel.png?resize=700%2C400&ssl=1 2x"},"classes":[]}],"_links":{"self":[{"href":"https:\/\/preventista.sk\/info\/wp-json\/wp\/v2\/posts\/5179","targetHints":{"allow":["GET"]}}],"collection":[{"href":"https:\/\/preventista.sk\/info\/wp-json\/wp\/v2\/posts"}],"about":[{"href":"https:\/\/preventista.sk\/info\/wp-json\/wp\/v2\/types\/post"}],"author":[{"embeddable":true,"href":"https:\/\/preventista.sk\/info\/wp-json\/wp\/v2\/users\/1"}],"replies":[{"embeddable":true,"href":"https:\/\/preventista.sk\/info\/wp-json\/wp\/v2\/comments?post=5179"}],"version-history":[{"count":6,"href":"https:\/\/preventista.sk\/info\/wp-json\/wp\/v2\/posts\/5179\/revisions"}],"predecessor-version":[{"id":5185,"href":"https:\/\/preventista.sk\/info\/wp-json\/wp\/v2\/posts\/5179\/revisions\/5185"}],"wp:attachment":[{"href":"https:\/\/preventista.sk\/info\/wp-json\/wp\/v2\/media?parent=5179"}],"wp:term":[{"taxonomy":"category","embeddable":true,"href":"https:\/\/preventista.sk\/info\/wp-json\/wp\/v2\/categories?post=5179"},{"taxonomy":"post_tag","embeddable":true,"href":"https:\/\/preventista.sk\/info\/wp-json\/wp\/v2\/tags?post=5179"}],"curies":[{"name":"wp","href":"https:\/\/api.w.org\/{rel}","templated":true}]}}