{"id":5525,"date":"2024-01-17T09:00:00","date_gmt":"2024-01-17T08:00:00","guid":{"rendered":"https:\/\/preventista.sk\/info\/?p=5525"},"modified":"2024-01-17T15:53:04","modified_gmt":"2024-01-17T14:53:04","slug":"cluster-kybernetickej-bezpecnosti","status":"publish","type":"post","link":"https:\/\/preventista.sk\/info\/cluster-kybernetickej-bezpecnosti\/","title":{"rendered":"Cluster Kybernetickej Bezpe\u010dnosti"},"content":{"rendered":"\n<p>Jednou z organiz\u00e1ci\u00ed, ktor\u00e1 sa na Slovensku intenz\u00edvne venuje podpore slovensk\u00fdch \u0161k\u00f4l pre zvy\u0161ovan\u00ed kompetenci\u00ed v oblasti technickej str\u00e1nky kybernetickej bezpe\u010dnosti je Cluster Kybernetickej Bezpe\u010dnosti z Liptovsk\u00e9ho Mikul\u00e1\u0161a. Vyspovedali sme <em>J\u00e1na Lichv\u00e1ra<\/em>, predsedu tohto zdru\u017eenia a polo\u017eili sme mu p\u00e1r ot\u00e1zok.<\/p>\n\n\n<div class=\"wp-block-image\">\n<figure class=\"aligncenter size-full is-resized\"><img data-recalc-dims=\"1\" loading=\"lazy\" decoding=\"async\" width=\"398\" height=\"398\" data-attachment-id=\"5544\" data-permalink=\"https:\/\/preventista.sk\/info\/cluster-kybernetickej-bezpecnosti\/ckb-logo-02\/\" data-orig-file=\"https:\/\/i0.wp.com\/preventista.sk\/info\/wp-content\/uploads\/2023\/12\/ckb-logo-02.jpg?fit=398%2C398&amp;ssl=1\" data-orig-size=\"398,398\" data-comments-opened=\"1\" data-image-meta=\"{&quot;aperture&quot;:&quot;0&quot;,&quot;credit&quot;:&quot;&quot;,&quot;camera&quot;:&quot;&quot;,&quot;caption&quot;:&quot;&quot;,&quot;created_timestamp&quot;:&quot;0&quot;,&quot;copyright&quot;:&quot;&quot;,&quot;focal_length&quot;:&quot;0&quot;,&quot;iso&quot;:&quot;0&quot;,&quot;shutter_speed&quot;:&quot;0&quot;,&quot;title&quot;:&quot;&quot;,&quot;orientation&quot;:&quot;0&quot;}\" data-image-title=\"ckb-logo-02\" data-image-description=\"\" data-image-caption=\"\" data-large-file=\"https:\/\/i0.wp.com\/preventista.sk\/info\/wp-content\/uploads\/2023\/12\/ckb-logo-02.jpg?fit=398%2C398&amp;ssl=1\" src=\"https:\/\/i0.wp.com\/preventista.sk\/info\/wp-content\/uploads\/2023\/12\/ckb-logo-02.jpg?resize=398%2C398&#038;ssl=1\" alt=\"\" class=\"wp-image-5544\" style=\"width:240px;height:auto\" srcset=\"https:\/\/i0.wp.com\/preventista.sk\/info\/wp-content\/uploads\/2023\/12\/ckb-logo-02.jpg?w=398&amp;ssl=1 398w, https:\/\/i0.wp.com\/preventista.sk\/info\/wp-content\/uploads\/2023\/12\/ckb-logo-02.jpg?resize=320%2C320&amp;ssl=1 320w\" sizes=\"auto, (max-width: 398px) 100vw, 398px\" \/><\/figure>\n<\/div>\n\n\n<div style=\"height:21px\" aria-hidden=\"true\" class=\"wp-block-spacer\"><\/div>\n\n\n\n<p><em>Cluster kybernetickej bezpe\u010dnosti, m\u00f4\u017eete n\u00e1m p\u00e1r slovami pribl\u00ed\u017ei\u0165 \u010do sa pod t\u00fdmto n\u00e1zvom skr\u00fdva?<\/em><\/p>\n\n\n\n<p>CKB je zdru\u017eenie pr\u00e1vnick\u00fdch os\u00f4b, ktor\u00e9 sa zaoberaj\u00fa pr\u00e1vnymi, procesn\u00fdmi a technick\u00fdmi ot\u00e1zkami komplexnej ochrany informa\u010dnej bezpe\u010dnosti d\u00e1tov\u00fdch akt\u00edv.&nbsp;<\/p>\n\n\n\n<div style=\"height:20px\" aria-hidden=\"true\" class=\"wp-block-spacer\"><\/div>\n\n\n\n<p><em>Medzi odbornou verejnos\u0165ou je zn\u00e1me, \u017ee Cluster KB akt\u00edvne podporuje \u0161koly v&nbsp;aktivit\u00e1ch smeruj\u00facich k&nbsp;intenz\u00edvnej\u0161iemu vzdel\u00e1vaniu KB. Povedali by ste n\u00e1m o&nbsp;tejto t\u00e9me trochu viac a&nbsp;detailnej\u0161ie?<\/em><\/p>\n\n\n\n<p>Cie\u013eom Clustra Kybernetickej Bezpe\u010dnosti je zap\u00e1ja\u0165 sa a&nbsp;podporova\u0165 vzdel\u00e1vanie na \u00farovni stredn\u00fdch a&nbsp;vysok\u00fdch \u0161k\u00f4l a&nbsp; prispieva\u0165 inova\u010dn\u00fdmi aktivitami k&nbsp;zvy\u0161ovaniu vzdelanostnej \u00farovne a&nbsp;povedomia v&nbsp;Slovenskej republike v&nbsp;oblasti kybernetickej bezpe\u010dnosti.<\/p>\n\n\n\n<p>Hlavnou \u00falohou Clustra Kybernetickej Bezpe\u010dnosti zvy\u0161ovanie povedomia v&nbsp;oblasti kybernetickej bezpe\u010dnosti pre v\u0161etky \u00farovne, oblasti &nbsp;a&nbsp;r\u00f4znorodosti podnikate\u013esk\u00e9ho prostredia a&nbsp;potreba zabezpe\u010di\u0165 ochranu d\u00e1tov\u00fdch akt\u00edv pred mo\u017en\u00fdmi hrozbami dne\u0161nej doby.<\/p>\n\n\n\n<p>Cluster Kybernetickej Bezpe\u010dnosti v&nbsp;spolupr\u00e1ci so Strednou odbornou \u0161kolou elektrotechnickou zrealizoval pilotn\u00fd projekt \u201e<strong>Centra excelentnosti kybernetickej bezpe\u010dnosti<\/strong>\u201c ako uk\u00e1\u017eku inovat\u00edvneho vzdel\u00e1vania \u0161tudentov stredn\u00fdch odborn\u00fdch \u0161k\u00f4l v oblasti kybernetickej bezpe\u010dnosti v s\u00falade s pou\u017eit\u00edm modern\u00fdch rie\u0161en\u00ed, ktor\u00e9 s\u00fa rovnako vyu\u017e\u00edvan\u00e9 na monitoring kritickej infra\u0161trukt\u00fary v Slovenskej republike. Cie\u013eom Centra Excelentnosti Kybernetickej Bezpe\u010dnosti je vzbudi\u0165 z\u00e1ujem \u0161tudentov o informa\u010dn\u00fa a kybernetick\u00fa bezpe\u010dnos\u0165 s mo\u017enos\u0165ou n\u00e1sledn\u00e9ho vzdel\u00e1vania na vysok\u00fdch \u0161kol\u00e1ch v Slovenskej republike. Mrz\u00ed n\u00e1s, \u017ee doteraz zo strany ministerstva \u0161kolstva nebola \u017eiadna snaha o&nbsp;komunik\u00e1ciu (len jednosmern\u00e1 z&nbsp;na\u0161ej strany), pri pomoci naplni\u0165 ak\u010dn\u00fd pl\u00e1n n\u00e1rodnej strat\u00e9gie kybernetickej bezpe\u010dnosti. Odpo\u010det pre body F26 \u2013 F30 je s&nbsp;pr\u00edznakom \u201eNesplnen\u00e9\u201c a&nbsp;to je po 8 rokoch a&nbsp;dvoch ak\u010dn\u00fdch pl\u00e1noch smutn\u00e9.<\/p>\n\n\n<div class=\"wp-block-image\">\n<figure class=\"aligncenter size-large\"><img data-recalc-dims=\"1\" loading=\"lazy\" decoding=\"async\" width=\"700\" height=\"525\" data-attachment-id=\"5542\" data-permalink=\"https:\/\/preventista.sk\/info\/cluster-kybernetickej-bezpecnosti\/ckb_foto\/\" data-orig-file=\"https:\/\/i0.wp.com\/preventista.sk\/info\/wp-content\/uploads\/2023\/12\/CKB_foto-scaled.jpg?fit=2560%2C1920&amp;ssl=1\" data-orig-size=\"2560,1920\" data-comments-opened=\"1\" data-image-meta=\"{&quot;aperture&quot;:&quot;0&quot;,&quot;credit&quot;:&quot;&quot;,&quot;camera&quot;:&quot;&quot;,&quot;caption&quot;:&quot;&quot;,&quot;created_timestamp&quot;:&quot;0&quot;,&quot;copyright&quot;:&quot;&quot;,&quot;focal_length&quot;:&quot;0&quot;,&quot;iso&quot;:&quot;0&quot;,&quot;shutter_speed&quot;:&quot;0&quot;,&quot;title&quot;:&quot;&quot;,&quot;orientation&quot;:&quot;0&quot;}\" data-image-title=\"CKB_foto\" data-image-description=\"\" data-image-caption=\"\" data-large-file=\"https:\/\/i0.wp.com\/preventista.sk\/info\/wp-content\/uploads\/2023\/12\/CKB_foto-scaled.jpg?fit=700%2C525&amp;ssl=1\" src=\"https:\/\/i0.wp.com\/preventista.sk\/info\/wp-content\/uploads\/2023\/12\/CKB_foto.jpg?resize=700%2C525&#038;ssl=1\" alt=\"\" class=\"wp-image-5542\" srcset=\"https:\/\/i0.wp.com\/preventista.sk\/info\/wp-content\/uploads\/2023\/12\/CKB_foto-scaled.jpg?resize=700%2C525&amp;ssl=1 700w, https:\/\/i0.wp.com\/preventista.sk\/info\/wp-content\/uploads\/2023\/12\/CKB_foto-scaled.jpg?resize=450%2C338&amp;ssl=1 450w, https:\/\/i0.wp.com\/preventista.sk\/info\/wp-content\/uploads\/2023\/12\/CKB_foto-scaled.jpg?resize=320%2C240&amp;ssl=1 320w, https:\/\/i0.wp.com\/preventista.sk\/info\/wp-content\/uploads\/2023\/12\/CKB_foto-scaled.jpg?resize=768%2C576&amp;ssl=1 768w, https:\/\/i0.wp.com\/preventista.sk\/info\/wp-content\/uploads\/2023\/12\/CKB_foto-scaled.jpg?resize=1536%2C1152&amp;ssl=1 1536w, https:\/\/i0.wp.com\/preventista.sk\/info\/wp-content\/uploads\/2023\/12\/CKB_foto-scaled.jpg?resize=2048%2C1536&amp;ssl=1 2048w\" sizes=\"auto, (max-width: 700px) 100vw, 700px\" \/><figcaption class=\"wp-element-caption\">Otvorenie Centra excelentnosti kybernetickej bezpe\u010dnosti (2022)<\/figcaption><\/figure>\n<\/div>\n\n\n<p>V&nbsp;spolupr\u00e1ci s&nbsp;Fakultou bezpe\u010dnostn\u00fdch inform\u00e1ci\u00ed UNIZA sme zrealizovali projekt Inovat\u00edvneho vzdel\u00e1vania pedagogick\u00fdch zamestnancov strednej elektrotechnickej \u0161koly v&nbsp;Liptovskom Hr\u00e1dku v&nbsp;oblasti KB, kde u\u010ditelia obdr\u017eali osved\u010denie o&nbsp;absolvovan\u00ed inovat\u00edvneho vzdel\u00e1vania, ktor\u00e9 m\u00e1 akreditovan\u00e9 \u017dilinsk\u00e1 univerzita.<\/p>\n\n\n\n<div style=\"height:11px\" aria-hidden=\"true\" class=\"wp-block-spacer\"><\/div>\n\n\n\n<p><em>Ak\u00e9 projekty spolupr\u00e1ce so \u0161kolami moment\u00e1lne realizujete?<\/em><\/p>\n\n\n\n<p>Moment\u00e1lne realizujeme (od j\u00fana 2023) projekt so \u0161iestimi stredn\u00fdmi elektrotechnick\u00fdmi \u0161kolami v&nbsp;\u017dilinskom samospr\u00e1vnom kraji, kde vybran\u00fd \u0161tudenti (18) s\u00fa veden\u00fd \u0161pecialistami zo spolo\u010dnosti Siemens Healthcare s.r.o. a&nbsp;jedne kr\u00e1t t\u00fd\u017edenne maj\u00fa workshopy, lab\u00e1ky a&nbsp;predn\u00e1\u0161ky na t\u00e9my ako je penetra\u010dn\u00e9 testovanie, soci\u00e1lny in\u017einiering, etick\u00fd hacking a&nbsp;podobne. Cie\u013eom je vychova\u0165 si potenci\u00e1lnych odborn\u00edkov a&nbsp;pok\u00fasi\u0165 sa ovplyvni\u0165 \u0161tudentov, aby ostali \u0161tudova\u0165 na vysok\u00fdch \u0161kol\u00e1ch v&nbsp;SR.<\/p>\n\n\n\n<div style=\"height:12px\" aria-hidden=\"true\" class=\"wp-block-spacer\"><\/div>\n\n\n\n<p><em>Pl\u00e1ny (ak nie s\u00fa tajn\u00e9) do najbli\u017e\u0161ej bud\u00facnosti?<\/em><\/p>\n\n\n\n<p>V&nbsp;najbli\u017e\u0161ej bud\u00facnosti pripravujeme v&nbsp;spolupr\u00e1ci so Strednou priemyselnou \u0161kolou Jozefa Murga\u0161a v&nbsp;Banskej Bystrici dva projekty a&nbsp;to Security Day a&nbsp;HeckFest pod z\u00e1\u0161titou NB\u00da resp. SK-CERT.<\/p>\n\n\n\n<div style=\"height:12px\" aria-hidden=\"true\" class=\"wp-block-spacer\"><\/div>\n\n\n\n<p>\u010eakujeme za rozhovor.<\/p>\n\n\n\n<p><\/p>\n\n\n\n<p>viac o Clustri kybernetickej bezpe\u010dnosti n\u00e1jdete na <a href=\"https:\/\/clusterkb.sk\/\">https:\/\/clusterkb.sk\/<\/a> <\/p>\n\n\n\n<div style=\"height:28px\" aria-hidden=\"true\" class=\"wp-block-spacer\"><\/div>\n","protected":false},"excerpt":{"rendered":"<p>Jednou z organiz\u00e1ci\u00ed, ktor\u00e1 sa na Slovensku intenz\u00edvne venuje podpore slovensk\u00fdch \u0161k\u00f4l pre zvy\u0161ovan\u00ed kompetenci\u00ed v oblasti technickej str\u00e1nky kybernetickej bezpe\u010dnosti je Cluster Kybernetickej Bezpe\u010dnosti z Liptovsk\u00e9ho Mikul\u00e1\u0161a. Vyspovedali sme J\u00e1na Lichv\u00e1ra, predsedu tohto zdru\u017eenia a polo\u017eili sme mu p\u00e1r ot\u00e1zok. Cluster kybernetickej bezpe\u010dnosti, m\u00f4\u017eete n\u00e1m p\u00e1r slovami pribl\u00ed\u017ei\u0165 \u010do sa pod t\u00fdmto n\u00e1zvom skr\u00fdva? [&hellip;]<\/p>\n","protected":false},"author":1,"featured_media":0,"comment_status":"open","ping_status":"open","sticky":false,"template":"","format":"standard","meta":{"jetpack_post_was_ever_published":false,"_jetpack_newsletter_access":"","_jetpack_dont_email_post_to_subs":false,"_jetpack_newsletter_tier_id":0,"_jetpack_memberships_contains_paywalled_content":false,"_jetpack_memberships_contains_paid_content":false,"footnotes":""},"categories":[4],"tags":[32,52],"class_list":["post-5525","post","type-post","status-publish","format-standard","hentry","category-itbezp","tag-bezpecnost","tag-skola"],"aioseo_notices":[],"jetpack_featured_media_url":"","jetpack_sharing_enabled":true,"jetpack-related-posts":[{"id":5552,"url":"https:\/\/preventista.sk\/info\/gymnazium-a-kyberbezpecnost-preco\/","url_meta":{"origin":5525,"position":0},"title":"Gymn\u00e1zium a kyberbezpe\u010dnos\u0165&#8230; Pre\u010do?","author":"Redakcia","date":"7. febru\u00e1ra 2024","format":false,"excerpt":"Posledn\u00e9 anal\u00fdzy zverejnen\u00e9 pred Vianocami poukazuj\u00fa, \u017ee v E\u00da ch\u00fdbaj\u00fa desiatky tis\u00edc profesioni\u00e1lov v oblasti kybernetickej bezpe\u010dnosti, na Slovensku sa po\u010det odhaduje na 20.000. Kde ich v dlhodobom koncepte nabra\u0165 a ako ich na Slovensku udr\u017ea\u0165. Prv\u00e1 ot\u00e1zka m\u00e1 jasn\u00fa odpove\u010f - v eduka\u010dnom procese (\u017eia\u013e tento proces je dlhodob\u00fd).\u2026","rel":"","context":"V &quot;Sk\u00fasenosti&quot;","block_context":{"text":"Sk\u00fasenosti","link":"https:\/\/preventista.sk\/info\/category\/skusenosti\/"},"img":{"alt_text":"","src":"https:\/\/i0.wp.com\/preventista.sk\/info\/wp-content\/uploads\/2024\/01\/20240109_083414-scaled.jpg?resize=350%2C200&ssl=1","width":350,"height":200,"srcset":"https:\/\/i0.wp.com\/preventista.sk\/info\/wp-content\/uploads\/2024\/01\/20240109_083414-scaled.jpg?resize=350%2C200&ssl=1 1x, https:\/\/i0.wp.com\/preventista.sk\/info\/wp-content\/uploads\/2024\/01\/20240109_083414-scaled.jpg?resize=525%2C300&ssl=1 1.5x, https:\/\/i0.wp.com\/preventista.sk\/info\/wp-content\/uploads\/2024\/01\/20240109_083414-scaled.jpg?resize=700%2C400&ssl=1 2x, https:\/\/i0.wp.com\/preventista.sk\/info\/wp-content\/uploads\/2024\/01\/20240109_083414-scaled.jpg?resize=1050%2C600&ssl=1 3x, https:\/\/i0.wp.com\/preventista.sk\/info\/wp-content\/uploads\/2024\/01\/20240109_083414-scaled.jpg?resize=1400%2C800&ssl=1 4x"},"classes":[]},{"id":6315,"url":"https:\/\/preventista.sk\/info\/debatky-o-bezpecnosti-iv\/","url_meta":{"origin":5525,"position":1},"title":"Debatky o bezpe\u010dnosti IV","author":"Redakcia","date":"15. janu\u00e1ra 2025","format":false,"excerpt":"V \u0161tvrtej \u010dasti sme vyspovedali odborn\u00edka z trochu inej oblasti bezpe\u010dnosti a to z pr\u00e1vnej sf\u00e9ry. Meno Miroslav Chl\u00edpala je \u0161irokej odbornej i laickej verejnosti zn\u00e1me z mnoh\u00fdch konferenci\u00ed, vzdel\u00e1vac\u00edch semin\u00e1rov, ale zn\u00e1me s\u00fa aj jeho publik\u00e1cie. Zdroj obr\u00e1zku: AI Microsoft Copilot Designer, 2024 Na \u00favod jednoduch\u0161ia ot\u00e1zka. \u010co motivuje\u2026","rel":"","context":"V &quot;Debatky o bezpe\u010dnosti&quot;","block_context":{"text":"Debatky o bezpe\u010dnosti","link":"https:\/\/preventista.sk\/info\/category\/itbezp\/debatky-o-bezpecnosti\/"},"img":{"alt_text":"","src":"https:\/\/i0.wp.com\/preventista.sk\/info\/wp-content\/uploads\/2024\/08\/image.png?resize=350%2C200&ssl=1","width":350,"height":200,"srcset":"https:\/\/i0.wp.com\/preventista.sk\/info\/wp-content\/uploads\/2024\/08\/image.png?resize=350%2C200&ssl=1 1x, https:\/\/i0.wp.com\/preventista.sk\/info\/wp-content\/uploads\/2024\/08\/image.png?resize=525%2C300&ssl=1 1.5x, https:\/\/i0.wp.com\/preventista.sk\/info\/wp-content\/uploads\/2024\/08\/image.png?resize=700%2C400&ssl=1 2x"},"classes":[]},{"id":5520,"url":"https:\/\/preventista.sk\/info\/kyberbezpecnost-gymnazium-a-ucebnice\/","url_meta":{"origin":5525,"position":2},"title":"Kyberbezpe\u010dnos\u0165, gymn\u00e1zium a u\u010debnice","author":"Redakcia","date":"24. janu\u00e1ra 2024","format":false,"excerpt":"Pred tromi rokmi sme sa rozhodli v\u00a0r\u00e1mci inov\u00e1ci\u00ed vzdel\u00e1vania na na\u0161om 1. S\u00fakromnom Banskobystrickom gymn\u00e1ziu zavies\u0165 zameranie kybernetick\u00e1 bezpe\u010dnos\u0165. T\u00e1to na\u0161a idea, by sa nikdy nepretavila do reality neby\u0165 faktu, \u017ee v\u00a0r\u00e1mci oslovovania odborn\u00edkov v\u00a0tejto oblasti a\u00a0h\u013eadania mentora, ktor\u00fd by usmernil, ak\u00fdm smerom sa m\u00e1 ubera\u0165 na\u0161a v\u00fduka, sme nenatrafili\u2026","rel":"","context":"V &quot;Bezpe\u010dnos\u0165&quot;","block_context":{"text":"Bezpe\u010dnos\u0165","link":"https:\/\/preventista.sk\/info\/category\/itbezp\/"},"img":{"alt_text":"","src":"https:\/\/i0.wp.com\/preventista.sk\/info\/wp-content\/uploads\/2024\/01\/logo-PNG.png?resize=350%2C200&ssl=1","width":350,"height":200,"srcset":"https:\/\/i0.wp.com\/preventista.sk\/info\/wp-content\/uploads\/2024\/01\/logo-PNG.png?resize=350%2C200&ssl=1 1x, https:\/\/i0.wp.com\/preventista.sk\/info\/wp-content\/uploads\/2024\/01\/logo-PNG.png?resize=525%2C300&ssl=1 1.5x, https:\/\/i0.wp.com\/preventista.sk\/info\/wp-content\/uploads\/2024\/01\/logo-PNG.png?resize=700%2C400&ssl=1 2x, https:\/\/i0.wp.com\/preventista.sk\/info\/wp-content\/uploads\/2024\/01\/logo-PNG.png?resize=1050%2C600&ssl=1 3x, https:\/\/i0.wp.com\/preventista.sk\/info\/wp-content\/uploads\/2024\/01\/logo-PNG.png?resize=1400%2C800&ssl=1 4x"},"classes":[]},{"id":6163,"url":"https:\/\/preventista.sk\/info\/infografiky-a-vzdelavanie-kybernetickej-a-informacnej-bezpecnosti\/","url_meta":{"origin":5525,"position":3},"title":"Infografiky a vzdel\u00e1vanie kybernetickej a\u00a0informa\u010dnej bezpe\u010dnosti","author":"Redakcia","date":"8. decembra 2024","format":false,"excerpt":"Osem infograf\u00edk v digit\u00e1lnej kni\u017enici OZ Preventista. Infografiky s\u00fa siln\u00fdm n\u00e1strojom pre vizu\u00e1lne predstavenie inform\u00e1ci\u00ed a m\u00f4\u017eu hra\u0165 k\u013e\u00fa\u010dov\u00fa rolu pri vzdel\u00e1van\u00ed o\u00a0bezpe\u010dnosti nielen v \u0161kol\u00e1ch. S rast\u00facim po\u010dtom kybernetick\u00fdch hrozieb je d\u00f4le\u017eit\u00e9, aby \u0161tudenti, odborn\u00edci \u010di laick\u00e1 verejnos\u0165 rozumeli z\u00e1kladom bezpe\u010dn\u00e9ho spr\u00e1vania sa v online priestore. Z\u00a0n\u00e1\u0161ho poh\u013eadu s\u00fa\u2026","rel":"","context":"V &quot;Bezpe\u010dnos\u0165&quot;","block_context":{"text":"Bezpe\u010dnos\u0165","link":"https:\/\/preventista.sk\/info\/category\/itbezp\/"},"img":{"alt_text":"","src":"https:\/\/i0.wp.com\/preventista.sk\/info\/wp-content\/uploads\/2024\/10\/engineering.png?resize=350%2C200","width":350,"height":200,"srcset":"https:\/\/i0.wp.com\/preventista.sk\/info\/wp-content\/uploads\/2024\/10\/engineering.png?resize=350%2C200 1x, https:\/\/i0.wp.com\/preventista.sk\/info\/wp-content\/uploads\/2024\/10\/engineering.png?resize=525%2C300 1.5x, https:\/\/i0.wp.com\/preventista.sk\/info\/wp-content\/uploads\/2024\/10\/engineering.png?resize=700%2C400 2x, https:\/\/i0.wp.com\/preventista.sk\/info\/wp-content\/uploads\/2024\/10\/engineering.png?resize=1050%2C600 3x"},"classes":[]},{"id":4691,"url":"https:\/\/preventista.sk\/info\/stredoskolska-sutaz-v-kybernetickej-bezpecnosti\/","url_meta":{"origin":5525,"position":4},"title":"Stredo\u0161kolsk\u00e1 s\u00fa\u0165a\u017e v kybernetickej bezpe\u010dnosti","author":"Redakcia","date":"22. janu\u00e1ra 2022","format":false,"excerpt":"S\u00fa\u0165a\u017e je zameran\u00e1 na podporu vzdel\u00e1vania a zvy\u0161ovanie z\u00e1ujmu o kybernetick\u00fa bezpe\u010dnos\u0165.S\u00fa\u0165a\u017en\u00fd ro\u010dn\u00edk 2021\/2022 u\u017e za\u010dal v mesiaci december osvetov\u00fdm s\u00fa\u0165a\u017en\u00fdm kolom. S\u00fa\u0165a\u017e je ur\u010den\u00e1 \u0161tudentom vo veku od 16 do 21 rokov, na type nav\u0161tevovanej \u0161koly nez\u00e1le\u017e\u00ed. Registr\u00e1cia aj \u00fa\u010das\u0165 v s\u00fa\u0165a\u017ei je pre \u0161tudentov bezplatn\u00e1. S\u00fa\u0165a\u017e m\u00e1 tri\u2026","rel":"","context":"V &quot;S\u00fa\u0165a\u017ee&quot;","block_context":{"text":"S\u00fa\u0165a\u017ee","link":"https:\/\/preventista.sk\/info\/category\/akcie\/sutaze\/"},"img":{"alt_text":"","src":"https:\/\/i0.wp.com\/preventista.sk\/info\/wp-content\/uploads\/2022\/01\/kybersutaz_letak.png?resize=350%2C200&ssl=1","width":350,"height":200,"srcset":"https:\/\/i0.wp.com\/preventista.sk\/info\/wp-content\/uploads\/2022\/01\/kybersutaz_letak.png?resize=350%2C200&ssl=1 1x, https:\/\/i0.wp.com\/preventista.sk\/info\/wp-content\/uploads\/2022\/01\/kybersutaz_letak.png?resize=525%2C300&ssl=1 1.5x, https:\/\/i0.wp.com\/preventista.sk\/info\/wp-content\/uploads\/2022\/01\/kybersutaz_letak.png?resize=700%2C400&ssl=1 2x"},"classes":[]},{"id":5890,"url":"https:\/\/preventista.sk\/info\/ucebnice-informacnej-bezpecnosti-suhrn\/","url_meta":{"origin":5525,"position":5},"title":"U\u010debnice informa\u010dnej bezpe\u010dnosti &#8211; s\u00fahrn","author":"Redakcia","date":"22. novembra 2025","format":false,"excerpt":"Pripravili sme pre V\u00e1s aktualizovan\u00fd s\u00fahrn z\u00e1kladn\u00fdch inform\u00e1ci\u00ed o jednotliv\u00fdch dieloch U\u010debnice informa\u010dnej bezpe\u010dnosti pre stredn\u00e9 odborn\u00e9 \u0161koly a gymn\u00e1zi\u00e1 v ucelenej forme a na jednom mieste. T\u00fdmto krokom zjednocujeme inform\u00e1cie uveden\u00e9 v r\u00f4znych \u010dl\u00e1nkoch a tie\u017e proces objedn\u00e1vania tla\u010den\u00fdch u\u010debn\u00edc. U\u010debnice a metodiky boli vytvoren\u00e9 prim\u00e1rne pre vytvorenie predmetu\u2026","rel":"","context":"V &quot;Aktu\u00e1lne&quot;","block_context":{"text":"Aktu\u00e1lne","link":"https:\/\/preventista.sk\/info\/category\/akcie\/aktualne\/"},"img":{"alt_text":"","src":"https:\/\/i0.wp.com\/preventista.sk\/info\/wp-content\/uploads\/2024\/03\/image.png?resize=350%2C200&ssl=1","width":350,"height":200,"srcset":"https:\/\/i0.wp.com\/preventista.sk\/info\/wp-content\/uploads\/2024\/03\/image.png?resize=350%2C200&ssl=1 1x, https:\/\/i0.wp.com\/preventista.sk\/info\/wp-content\/uploads\/2024\/03\/image.png?resize=525%2C300&ssl=1 1.5x, https:\/\/i0.wp.com\/preventista.sk\/info\/wp-content\/uploads\/2024\/03\/image.png?resize=700%2C400&ssl=1 2x"},"classes":[]}],"_links":{"self":[{"href":"https:\/\/preventista.sk\/info\/wp-json\/wp\/v2\/posts\/5525","targetHints":{"allow":["GET"]}}],"collection":[{"href":"https:\/\/preventista.sk\/info\/wp-json\/wp\/v2\/posts"}],"about":[{"href":"https:\/\/preventista.sk\/info\/wp-json\/wp\/v2\/types\/post"}],"author":[{"embeddable":true,"href":"https:\/\/preventista.sk\/info\/wp-json\/wp\/v2\/users\/1"}],"replies":[{"embeddable":true,"href":"https:\/\/preventista.sk\/info\/wp-json\/wp\/v2\/comments?post=5525"}],"version-history":[{"count":10,"href":"https:\/\/preventista.sk\/info\/wp-json\/wp\/v2\/posts\/5525\/revisions"}],"predecessor-version":[{"id":5602,"href":"https:\/\/preventista.sk\/info\/wp-json\/wp\/v2\/posts\/5525\/revisions\/5602"}],"wp:attachment":[{"href":"https:\/\/preventista.sk\/info\/wp-json\/wp\/v2\/media?parent=5525"}],"wp:term":[{"taxonomy":"category","embeddable":true,"href":"https:\/\/preventista.sk\/info\/wp-json\/wp\/v2\/categories?post=5525"},{"taxonomy":"post_tag","embeddable":true,"href":"https:\/\/preventista.sk\/info\/wp-json\/wp\/v2\/tags?post=5525"}],"curies":[{"name":"wp","href":"https:\/\/api.w.org\/{rel}","templated":true}]}}