{"id":5816,"date":"2024-04-22T10:37:00","date_gmt":"2024-04-22T08:37:00","guid":{"rendered":"https:\/\/preventista.sk\/info\/?p=5816"},"modified":"2024-08-18T09:13:08","modified_gmt":"2024-08-18T07:13:08","slug":"tretia-cast-ucebnice-pre-stredne-skoly","status":"publish","type":"post","link":"https:\/\/preventista.sk\/info\/tretia-cast-ucebnice-pre-stredne-skoly\/","title":{"rendered":"Tretia \u010das\u0165 u\u010debnice pre stredn\u00e9 \u0161koly"},"content":{"rendered":"\n<p>Tretia \u010das\u0165 <strong>U\u010debnice informa\u010dnej bezpe\u010dnosti pre stredn\u00e9 odborn\u00e9 \u0161koly a&nbsp;gymn\u00e1zi\u00e1 <\/strong> uzrela svetlo sveta a tak sa uzavrela pl\u00e1novan\u00e1 trojica u\u010debn\u00edc, ktor\u00e9 sme mali v <strong>OZ Preventista &#8211; zdru\u017eenie pre bezpe\u010dnos\u0165 a prevenciu<\/strong> napl\u00e1novan\u00e9. Prv\u00e9 dve u\u010debnice na\u0161li svoje miesto v slovenskom \u0161kolstve &#8211; dnes ich vyu\u017e\u00edva viac ako 300 slovensk\u00fdch \u0161k\u00f4l a rovnako na\u0161li svoje uplatnenie aj vo vysokom \u0161kolstve. U\u010dia sa z nich \u0161tudenti, pedag\u00f3govia, stali sa vyh\u013ead\u00e1van\u00fdm zdrojom inform\u00e1ci\u00ed pri pr\u00edprave vyu\u010dovac\u00edch hod\u00edn, neform\u00e1lnych vzdel\u00e1vac\u00edch aktiv\u00edt, pri tvorbe r\u00f4znych typov \u0161tudentsk\u00fdch pr\u00e1c. Prax ukazuje, \u017ee prim\u00e1rny cie\u013e autorov pripravi\u0165 kvalifikovan\u00e9 materi\u00e1ly pre zabezpe\u010denie vyu\u010dovania informa\u010dnej bezpe\u010dnosti ako ucelen\u00e9ho predmetu na stredn\u00fdch \u0161kol\u00e1ch a rovnako pre zavedenie t\u00e9m v r\u00e1mci medzi predmetovej v\u00fduky sa nap\u013a\u0148a.<\/p>\n\n\n<div class=\"wp-block-image\">\n<figure class=\"aligncenter size-large is-resized\"><img data-recalc-dims=\"1\" loading=\"lazy\" decoding=\"async\" width=\"700\" height=\"801\" data-attachment-id=\"5817\" data-permalink=\"https:\/\/preventista.sk\/info\/tretia-cast-ucebnice-pre-stredne-skoly\/image-4-3\/\" data-orig-file=\"https:\/\/i0.wp.com\/preventista.sk\/info\/wp-content\/uploads\/2024\/03\/image-4.png?fit=919%2C1051&amp;ssl=1\" data-orig-size=\"919,1051\" data-comments-opened=\"1\" data-image-meta=\"{&quot;aperture&quot;:&quot;0&quot;,&quot;credit&quot;:&quot;&quot;,&quot;camera&quot;:&quot;&quot;,&quot;caption&quot;:&quot;&quot;,&quot;created_timestamp&quot;:&quot;0&quot;,&quot;copyright&quot;:&quot;&quot;,&quot;focal_length&quot;:&quot;0&quot;,&quot;iso&quot;:&quot;0&quot;,&quot;shutter_speed&quot;:&quot;0&quot;,&quot;title&quot;:&quot;&quot;,&quot;orientation&quot;:&quot;0&quot;}\" data-image-title=\"image-4\" data-image-description=\"\" data-image-caption=\"\" data-large-file=\"https:\/\/i0.wp.com\/preventista.sk\/info\/wp-content\/uploads\/2024\/03\/image-4.png?fit=700%2C801&amp;ssl=1\" src=\"https:\/\/i0.wp.com\/preventista.sk\/info\/wp-content\/uploads\/2024\/03\/image-4.png?resize=700%2C801&#038;ssl=1\" alt=\"\" class=\"wp-image-5817\" style=\"width:537px;height:auto\" srcset=\"https:\/\/i0.wp.com\/preventista.sk\/info\/wp-content\/uploads\/2024\/03\/image-4.png?resize=700%2C801&amp;ssl=1 700w, https:\/\/i0.wp.com\/preventista.sk\/info\/wp-content\/uploads\/2024\/03\/image-4.png?resize=450%2C515&amp;ssl=1 450w, https:\/\/i0.wp.com\/preventista.sk\/info\/wp-content\/uploads\/2024\/03\/image-4.png?resize=320%2C366&amp;ssl=1 320w, https:\/\/i0.wp.com\/preventista.sk\/info\/wp-content\/uploads\/2024\/03\/image-4.png?resize=768%2C878&amp;ssl=1 768w, https:\/\/i0.wp.com\/preventista.sk\/info\/wp-content\/uploads\/2024\/03\/image-4.png?w=919&amp;ssl=1 919w\" sizes=\"auto, (max-width: 700px) 100vw, 700px\" \/><\/figure>\n<\/div>\n\n\n<p>Tretia \u010das\u0165 u\u010debnice vych\u00e1dza ako v tla\u010denej tak i v elektronickej verzii. Na jej vydan\u00ed sa podie\u013eala p\u00e4tica kvalitn\u00fdch autorov: <\/p>\n\n\n\n<ul class=\"wp-block-list\">\n<li>Mgr. Daniel Chromek CISA, CISM, CISSP, MBCI, <\/li>\n\n\n\n<li>Mgr. Marek Zeman, PhD. CRISC, <\/li>\n\n\n\n<li>ThLic. Ing. Peter \u0160antav\u00fd, PhD., <\/li>\n\n\n\n<li>Ing. Iveta \u0160\u0165avinov\u00e1 CISA, <\/li>\n\n\n\n<li>Ing. Jozef \u00daroda<\/li>\n<\/ul>\n\n\n\n<p>Dominantn\u00fdmi t\u00e9mami tretej \u010dasti s\u00fa ot\u00e1zky riadenia riz\u00edk, problematika cloud technol\u00f3gi\u00ed so zrete\u013eom na bezpe\u010dnos\u0165, OWASP (Open Web Application Security Project). N\u00e1rast aplik\u00e1ci\u00ed umelej inteligencie (AI) v&nbsp;praxi a&nbsp;s&nbsp;\u0148ou spojen\u00fdch riz\u00edk \u00faplne prirodzene zakotvil aj v&nbsp;tejto u\u010debnici, kde sa autori venuj\u00fa detailn\u00e9mu vysvet\u013eovaniu princ\u00edpov AI ako aj rizik\u00e1m vyu\u017e\u00edvania t\u00fdchto technol\u00f3gi\u00ed.<\/p>\n\n\n<div class=\"wp-block-image\">\n<figure class=\"aligncenter size-large is-resized\"><img data-recalc-dims=\"1\" loading=\"lazy\" decoding=\"async\" width=\"700\" height=\"315\" data-attachment-id=\"5845\" data-permalink=\"https:\/\/preventista.sk\/info\/tretia-cast-ucebnice-pre-stredne-skoly\/image-21\/\" data-orig-file=\"https:\/\/i0.wp.com\/preventista.sk\/info\/wp-content\/uploads\/2024\/04\/image.png?fit=1998%2C898&amp;ssl=1\" data-orig-size=\"1998,898\" data-comments-opened=\"1\" data-image-meta=\"{&quot;aperture&quot;:&quot;0&quot;,&quot;credit&quot;:&quot;&quot;,&quot;camera&quot;:&quot;&quot;,&quot;caption&quot;:&quot;&quot;,&quot;created_timestamp&quot;:&quot;0&quot;,&quot;copyright&quot;:&quot;&quot;,&quot;focal_length&quot;:&quot;0&quot;,&quot;iso&quot;:&quot;0&quot;,&quot;shutter_speed&quot;:&quot;0&quot;,&quot;title&quot;:&quot;&quot;,&quot;orientation&quot;:&quot;0&quot;}\" data-image-title=\"image\" data-image-description=\"\" data-image-caption=\"\" data-large-file=\"https:\/\/i0.wp.com\/preventista.sk\/info\/wp-content\/uploads\/2024\/04\/image.png?fit=700%2C315&amp;ssl=1\" src=\"https:\/\/i0.wp.com\/preventista.sk\/info\/wp-content\/uploads\/2024\/04\/image.png?resize=700%2C315&#038;ssl=1\" alt=\"\" class=\"wp-image-5845\" style=\"width:847px;height:auto\" srcset=\"https:\/\/i0.wp.com\/preventista.sk\/info\/wp-content\/uploads\/2024\/04\/image.png?resize=700%2C315&amp;ssl=1 700w, https:\/\/i0.wp.com\/preventista.sk\/info\/wp-content\/uploads\/2024\/04\/image.png?resize=450%2C202&amp;ssl=1 450w, https:\/\/i0.wp.com\/preventista.sk\/info\/wp-content\/uploads\/2024\/04\/image.png?resize=320%2C144&amp;ssl=1 320w, https:\/\/i0.wp.com\/preventista.sk\/info\/wp-content\/uploads\/2024\/04\/image.png?resize=768%2C345&amp;ssl=1 768w, https:\/\/i0.wp.com\/preventista.sk\/info\/wp-content\/uploads\/2024\/04\/image.png?resize=1536%2C690&amp;ssl=1 1536w, https:\/\/i0.wp.com\/preventista.sk\/info\/wp-content\/uploads\/2024\/04\/image.png?w=1998&amp;ssl=1 1998w\" sizes=\"auto, (max-width: 700px) 100vw, 700px\" \/><\/figure>\n<\/div>\n\n\n<div style=\"height:24px\" aria-hidden=\"true\" class=\"wp-block-spacer\"><\/div>\n\n\n\n<p>Po\u017eiadali sme v\u00fdznamn\u00fdch odborn\u00edkov na poli informa\u010dnej bezpe\u010dnosti o odborn\u00e9 recenzie a z\u00edskali sme recenzie, ktor\u00e9 posunuli knihu na e\u0161te vy\u0161\u0161iu kvalitat\u00edvnu \u00farove\u0148, \u010fakujeme p\u00e1n prof. Ing. Ivan Kotuliak, PhD. a Mgr. J\u00falius Seleck\u00fd, PhD.<\/p>\n\n\n\n<p>Pri vyd\u00e1van\u00ed knihy sme z\u00edskali ve\u013ek\u00fa podporu od os\u00f4b a firiem v \u010dase, ke\u010f sme to  najviac potrebovali. \u010ci u\u017e ide o podporu pri jazykovej korekt\u00fare, ktor\u00fa n\u00e1m poskytli PaedDr. Katar\u00edna Vali\u010dkov\u00e1, MBA, LL.M. a  PhDr. Sl\u00e1vka Dud\u00e1\u0161ov\u00e1, podporu ktor\u00fa sme z\u00edskali od zdru\u017eenia Preventista pri z\u00e1vere\u010dnom s\u00fastreden\u00ed autorov a v neposlednom rade v\u010faka patr\u00ed za finan\u010dn\u00fa podporu na tla\u010d knihy, ktor\u00fa n\u00e1m poskytla Nad\u00e1cia Eset \u010di pomoc spolo\u010dnosti DISIG pri fin\u00e1lnej grafickej \u00faprave. Za ka\u017ed\u00fa poskytnut\u00fa podporu n\u00e1\u0161 t\u00edm z cel\u00e9ho srdca \u010fakuje a ve\u013emi si ju v\u00e1\u017eime.<\/p>\n\n\n\n<p><\/p>\n\n\n\n<p>Na\u0161a pomoc pre u\u010dite\u013eov vydan\u00edm knihy z\u010faleka nekon\u010d\u00ed a&nbsp;ku knihe vyd\u00e1vame <em>Metodick\u00fa pr\u00edru\u010dku pre u\u010debnicu informa\u010dnej bezpe\u010dnosti pre stredn\u00e9 \u0161koly, druh\u00fa \u010das\u0165<\/em>. Podrobnej\u0161ie sa budeme metodike venova\u0165 v&nbsp;\u010fal\u0161om \u010dl\u00e1nku. <\/p>\n\n\n\n<p>Na\u0161imi \u010dinmi by sme chceli poskytn\u00fa\u0165 komplexn\u00e9 podklady pre u\u010dite\u013eov u\u010diacich informa\u010dn\u00fa bezpe\u010dnos\u0165. <\/p>\n\n\n\n<p>\u0160koly maj\u00fa mo\u017enos\u0165 objedna\u0165 u\u010debnicu prostredn\u00edctvom elektronick\u00e9ho formul\u00e1ru <strong><a href=\"http:\/\/forms.gle\/bHksnua3eSqYsPU38\" target=\"_blank\" rel=\"noopener\" title=\"\">Objedn\u00e1vka u\u010debnice Informa\u010dnej bezpe\u010dnosti<\/a><\/strong><\/p>\n\n\n\n<p>\u017del\u00e1me V\u00e1m v mene cel\u00e9ho kolekt\u00edvu autorov ve\u013ea kr\u00e1snych a&nbsp;nov\u00fdch z\u00e1\u017eitkov pri \u0161t\u00fadiu knihy a pri&nbsp;odha\u013eovan\u00ed kr\u00e1snych z\u00e1kut\u00ed informa\u010dnej bezpe\u010dnosti.<\/p>\n\n\n\n<p><\/p>\n\n\n\n<p><em>t\u00edm autorov<\/em><\/p>\n","protected":false},"excerpt":{"rendered":"<p>Tretia \u010das\u0165 U\u010debnice informa\u010dnej bezpe\u010dnosti pre stredn\u00e9 odborn\u00e9 \u0161koly a&nbsp;gymn\u00e1zi\u00e1 uzrela svetlo sveta a tak sa uzavrela pl\u00e1novan\u00e1 trojica u\u010debn\u00edc, ktor\u00e9 sme mali v OZ Preventista &#8211; zdru\u017eenie pre bezpe\u010dnos\u0165 a prevenciu napl\u00e1novan\u00e9. Prv\u00e9 dve u\u010debnice na\u0161li svoje miesto v slovenskom \u0161kolstve &#8211; dnes ich vyu\u017e\u00edva viac ako 300 slovensk\u00fdch \u0161k\u00f4l a rovnako na\u0161li svoje [&hellip;]<\/p>\n","protected":false},"author":1,"featured_media":0,"comment_status":"open","ping_status":"open","sticky":false,"template":"","format":"standard","meta":{"jetpack_post_was_ever_published":false,"_jetpack_newsletter_access":"","_jetpack_dont_email_post_to_subs":false,"_jetpack_newsletter_tier_id":0,"_jetpack_memberships_contains_paywalled_content":false,"_jetpack_memberships_contains_paid_content":false,"footnotes":""},"categories":[11,4],"tags":[32,52,162],"class_list":["post-5816","post","type-post","status-publish","format-standard","hentry","category-aktualne","category-itbezp","tag-bezpecnost","tag-skola","tag-ucebnice"],"aioseo_notices":[],"jetpack_featured_media_url":"","jetpack_sharing_enabled":true,"jetpack-related-posts":[{"id":5123,"url":"https:\/\/preventista.sk\/info\/druha-cast-ucebnice-o-bezpecnosti-uzrela-svetlo-sveta\/","url_meta":{"origin":5816,"position":0},"title":"Druh\u00e1 \u010das\u0165 u\u010debnice o bezpe\u010dnosti uzrela svetlo sveta","author":"Redakcia","date":"5. febru\u00e1ra 2023","format":false,"excerpt":"Od posledn\u00e9ho vydania U\u010debnice informa\u010dnej bezpe\u010dnosti pre stredn\u00e9 odborn\u00e9 \u0161koly a\u00a0gymn\u00e1zi\u00e1, prv\u00e1 \u010das\u0165 u\u017e ubehol viac ako rok. OZ Preventista - zdru\u017eenie pre bezpe\u010dnos\u0165 a prevenciu za ten \u010das urobil ve\u013ea vec\u00ed pre vzdel\u00e1vanie na stredn\u00fdch \u0161kol\u00e1ch. Vydal metodick\u00fa pr\u00edru\u010dku k\u00a0u\u010debnici a\u00a0jeho \u010dlenovia urobili s\u00e9riu predn\u00e1\u0161ok o\u00a0informa\u010dnej bezpe\u010dnosti. Knihu v\u00a0s\u00fa\u010dasnosti\u2026","rel":"","context":"V &quot;Bezpe\u010dnos\u0165&quot;","block_context":{"text":"Bezpe\u010dnos\u0165","link":"https:\/\/preventista.sk\/info\/category\/itbezp\/"},"img":{"alt_text":"","src":"https:\/\/i0.wp.com\/preventista.sk\/info\/wp-content\/uploads\/2023\/02\/metodika_2.jpg?resize=350%2C200&ssl=1","width":350,"height":200,"srcset":"https:\/\/i0.wp.com\/preventista.sk\/info\/wp-content\/uploads\/2023\/02\/metodika_2.jpg?resize=350%2C200&ssl=1 1x, https:\/\/i0.wp.com\/preventista.sk\/info\/wp-content\/uploads\/2023\/02\/metodika_2.jpg?resize=525%2C300&ssl=1 1.5x"},"classes":[]},{"id":5890,"url":"https:\/\/preventista.sk\/info\/ucebnice-informacnej-bezpecnosti-suhrn\/","url_meta":{"origin":5816,"position":1},"title":"U\u010debnice informa\u010dnej bezpe\u010dnosti &#8211; s\u00fahrn","author":"Redakcia","date":"22. novembra 2025","format":false,"excerpt":"Pripravili sme pre V\u00e1s aktualizovan\u00fd s\u00fahrn z\u00e1kladn\u00fdch inform\u00e1ci\u00ed o jednotliv\u00fdch dieloch U\u010debnice informa\u010dnej bezpe\u010dnosti pre stredn\u00e9 odborn\u00e9 \u0161koly a gymn\u00e1zi\u00e1 v ucelenej forme a na jednom mieste. T\u00fdmto krokom zjednocujeme inform\u00e1cie uveden\u00e9 v r\u00f4znych \u010dl\u00e1nkoch a tie\u017e proces objedn\u00e1vania tla\u010den\u00fdch u\u010debn\u00edc. U\u010debnice a metodiky boli vytvoren\u00e9 prim\u00e1rne pre vytvorenie predmetu\u2026","rel":"","context":"V &quot;Aktu\u00e1lne&quot;","block_context":{"text":"Aktu\u00e1lne","link":"https:\/\/preventista.sk\/info\/category\/akcie\/aktualne\/"},"img":{"alt_text":"","src":"https:\/\/i0.wp.com\/preventista.sk\/info\/wp-content\/uploads\/2024\/03\/image.png?resize=350%2C200&ssl=1","width":350,"height":200,"srcset":"https:\/\/i0.wp.com\/preventista.sk\/info\/wp-content\/uploads\/2024\/03\/image.png?resize=350%2C200&ssl=1 1x, https:\/\/i0.wp.com\/preventista.sk\/info\/wp-content\/uploads\/2024\/03\/image.png?resize=525%2C300&ssl=1 1.5x, https:\/\/i0.wp.com\/preventista.sk\/info\/wp-content\/uploads\/2024\/03\/image.png?resize=700%2C400&ssl=1 2x"},"classes":[]},{"id":5235,"url":"https:\/\/preventista.sk\/info\/pripravujete-do-noveho-skolskeho-roka-vyuku-tem-it-bezpecnosti-na-vasej-skole\/","url_meta":{"origin":5816,"position":2},"title":"Pripravujete do nov\u00e9ho \u0161kolsk\u00e9ho roka v\u00fduku t\u00e9m IT bezpe\u010dnosti na Va\u0161ej \u0161kole?","author":"Redakcia","date":"9. j\u00fana 2023","format":false,"excerpt":"Pl\u00e1nujete vyu\u017ei\u0165 pr\u00e1zdniny na pr\u00edpravu vzdel\u00e1vania informa\u010dnej a kybernetickej bezpe\u010dnosti na Va\u0161ej \u0161kole? H\u013ead\u00e1te vhodn\u00e9 u\u010debnice? Pripravili sme pre V\u00e1s jednoduch\u00fd s\u00fahrn, \u010do kde m\u00f4\u017eete n\u00e1js\u0165\/ z\u00edska\u0165. Z\u00e1kladn\u00e9 \u0161koly B\u00e1jky pre kyber-hrdinov a detekt\u00edvov elektronick\u00e1 verzia na vo\u013en\u00e9 stiahnutie B\u00e1jky pre kyber-hrdinov a detekt\u00edvov - 1 (preventista.sk) U\u010debnica informa\u010dnej bezpe\u010dnosti\u2026","rel":"","context":"V &quot;Bezpe\u010dnos\u0165&quot;","block_context":{"text":"Bezpe\u010dnos\u0165","link":"https:\/\/preventista.sk\/info\/category\/itbezp\/"},"img":{"alt_text":"","src":"https:\/\/i0.wp.com\/preventista.sk\/info\/wp-content\/uploads\/2023\/06\/skola2023.png?resize=350%2C200&ssl=1","width":350,"height":200,"srcset":"https:\/\/i0.wp.com\/preventista.sk\/info\/wp-content\/uploads\/2023\/06\/skola2023.png?resize=350%2C200&ssl=1 1x, https:\/\/i0.wp.com\/preventista.sk\/info\/wp-content\/uploads\/2023\/06\/skola2023.png?resize=525%2C300&ssl=1 1.5x, https:\/\/i0.wp.com\/preventista.sk\/info\/wp-content\/uploads\/2023\/06\/skola2023.png?resize=700%2C400&ssl=1 2x"},"classes":[]},{"id":5158,"url":"https:\/\/preventista.sk\/info\/co-motivuje-autorov-k-pisaniu-ucebnic-o-bezpecnosti\/","url_meta":{"origin":5816,"position":3},"title":"\u010co motivuje autorov k p\u00edsaniu u\u010debn\u00edc o bezpe\u010dnosti?","author":"Redakcia","date":"15. febru\u00e1ra 2023","format":false,"excerpt":"Knihy o ktor\u00fdch sa v odborn\u00fdch kruhoch mnoho hovor\u00ed, dva diely \u00faspe\u0161n\u00fdch U\u010debn\u00edc informa\u010dnej bezpe\u010dnosti pre stredn\u00e9 \u0161koly a gymn\u00e1zi\u00e1. Vyspovedali sme t\u00edm autorov Mareka Zemana, Daniela Chromeka, Miroslava Bl\u0161\u00e1ka a Jaroslava Ostera. P\u00e4\u0165 ot\u00e1zok a p\u00e4\u0165 zauj\u00edmav\u00fdch odpoved\u00ed. \u010co \u0164a motivovalo obetova\u0165 svoj vo\u013en\u00fd \u010das nap\u00edsaniu u\u017e druhej \u010dasti\u2026","rel":"","context":"V &quot;Bezpe\u010dnos\u0165&quot;","block_context":{"text":"Bezpe\u010dnos\u0165","link":"https:\/\/preventista.sk\/info\/category\/itbezp\/"},"img":{"alt_text":"","src":"https:\/\/i0.wp.com\/preventista.sk\/info\/wp-content\/uploads\/2023\/02\/Ucebnice.png?resize=350%2C200&ssl=1","width":350,"height":200,"srcset":"https:\/\/i0.wp.com\/preventista.sk\/info\/wp-content\/uploads\/2023\/02\/Ucebnice.png?resize=350%2C200&ssl=1 1x, https:\/\/i0.wp.com\/preventista.sk\/info\/wp-content\/uploads\/2023\/02\/Ucebnice.png?resize=525%2C300&ssl=1 1.5x, https:\/\/i0.wp.com\/preventista.sk\/info\/wp-content\/uploads\/2023\/02\/Ucebnice.png?resize=700%2C400&ssl=1 2x"},"classes":[]},{"id":4531,"url":"https:\/\/preventista.sk\/info\/ucebnica-informacnej-bezpecnosti-z-pohladu-ucitela-a-zaroven-spoluautora\/","url_meta":{"origin":5816,"position":4},"title":"U\u010debnica informa\u010dnej bezpe\u010dnosti z poh\u013eadu u\u010dite\u013ea a z\u00e1rove\u0148 spoluautora","author":"Miroslav Bl\u0161\u00e1k","date":"26. septembra 2021","format":false,"excerpt":"U\u010debnica vo v\u0161eobecnosti nesl\u00fa\u017ei len pre \u017eiakov, ale pom\u00e1ha aj u\u010dite\u013eovi vo v\u00fdchovno-vzdel\u00e1vacom procese. Pravdou je, \u017ee je z\u00e1kladnou pom\u00f4ckou pre pedag\u00f3ga, v\u00a0ktorej by sa mali nach\u00e1dza\u0165 okrem teoretick\u00fdch poznatkov aj \u00falohy zameran\u00e9 na rozvoj myslenia, respekt\u00edve \u00falohy zameran\u00e9 na osvojovanie, precvi\u010dovanie a aplikovanie preberan\u00e9ho u\u010diva. Pr\u00e1ve to obsahuje \u201eU\u010debnica\u2026","rel":"","context":"V &quot;Bezpe\u010dnos\u0165&quot;","block_context":{"text":"Bezpe\u010dnos\u0165","link":"https:\/\/preventista.sk\/info\/category\/itbezp\/"},"img":{"alt_text":"","src":"https:\/\/i0.wp.com\/preventista.sk\/info\/wp-content\/uploads\/2021\/09\/knihy.jpg?resize=350%2C200&ssl=1","width":350,"height":200,"srcset":"https:\/\/i0.wp.com\/preventista.sk\/info\/wp-content\/uploads\/2021\/09\/knihy.jpg?resize=350%2C200&ssl=1 1x, https:\/\/i0.wp.com\/preventista.sk\/info\/wp-content\/uploads\/2021\/09\/knihy.jpg?resize=525%2C300&ssl=1 1.5x, https:\/\/i0.wp.com\/preventista.sk\/info\/wp-content\/uploads\/2021\/09\/knihy.jpg?resize=700%2C400&ssl=1 2x, https:\/\/i0.wp.com\/preventista.sk\/info\/wp-content\/uploads\/2021\/09\/knihy.jpg?resize=1050%2C600&ssl=1 3x"},"classes":[]},{"id":5928,"url":"https:\/\/preventista.sk\/info\/daruj-ucebnice-o-informacnej-bezpecnosti-skole\/","url_meta":{"origin":5816,"position":5},"title":"Daruj u\u010debnice o informa\u010dnej bezpe\u010dnosti \u0161kole","author":"Redakcia","date":"31. marca 2025","format":false,"excerpt":"My\u0161lienka vytvori\u0165 koncept, ktor\u00fd umo\u017en\u00ed profesion\u00e1lom z oblasti informa\u010dnej a kybernetickej bezpe\u010dnosti podpori\u0165 slovensk\u00e9 stredn\u00e9 \u0161koly a gymn\u00e1zi\u00e1 dozrievala takmer rok a \u010dakali sme na okamih kedy bude n\u00e1\u0161 pl\u00e1novan\u00fd set pozost\u00e1vaj\u00faci z troch \u010dast\u00ed U\u010debnice informa\u010dnej bezpe\u010dnosti pre stredn\u00e9 odborn\u00e9 \u0161koly a gymn\u00e1zi\u00e1 kompletn\u00fd. A ten okamih nastal. A\u2026","rel":"","context":"V &quot;Aktu\u00e1lne&quot;","block_context":{"text":"Aktu\u00e1lne","link":"https:\/\/preventista.sk\/info\/category\/akcie\/aktualne\/"},"img":{"alt_text":"","src":"https:\/\/i0.wp.com\/preventista.sk\/info\/wp-content\/uploads\/2024\/05\/daruj_skole.png?resize=350%2C200&ssl=1","width":350,"height":200,"srcset":"https:\/\/i0.wp.com\/preventista.sk\/info\/wp-content\/uploads\/2024\/05\/daruj_skole.png?resize=350%2C200&ssl=1 1x, https:\/\/i0.wp.com\/preventista.sk\/info\/wp-content\/uploads\/2024\/05\/daruj_skole.png?resize=525%2C300&ssl=1 1.5x, https:\/\/i0.wp.com\/preventista.sk\/info\/wp-content\/uploads\/2024\/05\/daruj_skole.png?resize=700%2C400&ssl=1 2x"},"classes":[]}],"_links":{"self":[{"href":"https:\/\/preventista.sk\/info\/wp-json\/wp\/v2\/posts\/5816","targetHints":{"allow":["GET"]}}],"collection":[{"href":"https:\/\/preventista.sk\/info\/wp-json\/wp\/v2\/posts"}],"about":[{"href":"https:\/\/preventista.sk\/info\/wp-json\/wp\/v2\/types\/post"}],"author":[{"embeddable":true,"href":"https:\/\/preventista.sk\/info\/wp-json\/wp\/v2\/users\/1"}],"replies":[{"embeddable":true,"href":"https:\/\/preventista.sk\/info\/wp-json\/wp\/v2\/comments?post=5816"}],"version-history":[{"count":13,"href":"https:\/\/preventista.sk\/info\/wp-json\/wp\/v2\/posts\/5816\/revisions"}],"predecessor-version":[{"id":6092,"href":"https:\/\/preventista.sk\/info\/wp-json\/wp\/v2\/posts\/5816\/revisions\/6092"}],"wp:attachment":[{"href":"https:\/\/preventista.sk\/info\/wp-json\/wp\/v2\/media?parent=5816"}],"wp:term":[{"taxonomy":"category","embeddable":true,"href":"https:\/\/preventista.sk\/info\/wp-json\/wp\/v2\/categories?post=5816"},{"taxonomy":"post_tag","embeddable":true,"href":"https:\/\/preventista.sk\/info\/wp-json\/wp\/v2\/tags?post=5816"}],"curies":[{"name":"wp","href":"https:\/\/api.w.org\/{rel}","templated":true}]}}