{"id":5923,"date":"2024-05-23T12:50:27","date_gmt":"2024-05-23T10:50:27","guid":{"rendered":"https:\/\/preventista.sk\/info\/?p=5923"},"modified":"2024-05-23T20:19:27","modified_gmt":"2024-05-23T18:19:27","slug":"krst-nasej-ucebnice","status":"publish","type":"post","link":"https:\/\/preventista.sk\/info\/krst-nasej-ucebnice\/","title":{"rendered":"Krst na\u0161ej u\u010debnice"},"content":{"rendered":"\n<p>Dovo\u013ete informova\u0165 \u0161irok\u00fa verejnos\u0165, \u017ee d\u0148a 30.m\u00e1ja 2024 o 15:00 nastane ten o\u010dak\u00e1van\u00fd okamih sl\u00e1vnostn\u00e9ho krstu tretej \u010dasti <strong>U\u010debnice informa\u010dnej bezpe\u010dnosti pre stredn\u00e9 \u0161koly a gymn\u00e1zi\u00e1<\/strong>.<\/p>\n\n\n\n<p>Sl\u00e1vnostn\u00e9 uvedenie u\u010debnice a diskusia s autormi bude tentokr\u00e1t hos\u0165ovan\u00e1 spolo\u010dnos\u0165ou ESET v jej exkluz\u00edvnych priestoroch Digital Parku v Bratislave.<\/p>\n\n\n\n<p>Osobn\u00e9 vin\u0161e a \u017eelania ku krstu m\u00f4\u017eete nap\u00edsa\u0165 do koment\u00e1rov, po krste vyberieme najkraj\u0161\u00ed z nich a autora odmen\u00edme v\u00fdtla\u010dkom u\u010debnice.<\/p>\n\n\n\n<div style=\"height:36px\" aria-hidden=\"true\" class=\"wp-block-spacer\"><\/div>\n\n\n<div class=\"wp-block-image\">\n<figure class=\"aligncenter size-large is-resized\"><img data-recalc-dims=\"1\" loading=\"lazy\" decoding=\"async\" width=\"700\" height=\"587\" data-attachment-id=\"5924\" data-permalink=\"https:\/\/preventista.sk\/info\/krst-nasej-ucebnice\/krst-ucebnice\/\" data-orig-file=\"https:\/\/i0.wp.com\/preventista.sk\/info\/wp-content\/uploads\/2024\/05\/KRST-UCEBNICE.png?fit=940%2C788&amp;ssl=1\" data-orig-size=\"940,788\" data-comments-opened=\"1\" data-image-meta=\"{&quot;aperture&quot;:&quot;0&quot;,&quot;credit&quot;:&quot;&quot;,&quot;camera&quot;:&quot;&quot;,&quot;caption&quot;:&quot;&quot;,&quot;created_timestamp&quot;:&quot;0&quot;,&quot;copyright&quot;:&quot;&quot;,&quot;focal_length&quot;:&quot;0&quot;,&quot;iso&quot;:&quot;0&quot;,&quot;shutter_speed&quot;:&quot;0&quot;,&quot;title&quot;:&quot;&quot;,&quot;orientation&quot;:&quot;0&quot;}\" data-image-title=\"KRST-UCEBNICE\" data-image-description=\"\" data-image-caption=\"\" data-large-file=\"https:\/\/i0.wp.com\/preventista.sk\/info\/wp-content\/uploads\/2024\/05\/KRST-UCEBNICE.png?fit=700%2C587&amp;ssl=1\" src=\"https:\/\/i0.wp.com\/preventista.sk\/info\/wp-content\/uploads\/2024\/05\/KRST-UCEBNICE.png?resize=700%2C587&#038;ssl=1\" alt=\"\" class=\"wp-image-5924\" style=\"width:507px;height:auto\" srcset=\"https:\/\/i0.wp.com\/preventista.sk\/info\/wp-content\/uploads\/2024\/05\/KRST-UCEBNICE.png?resize=700%2C587&amp;ssl=1 700w, https:\/\/i0.wp.com\/preventista.sk\/info\/wp-content\/uploads\/2024\/05\/KRST-UCEBNICE.png?resize=450%2C377&amp;ssl=1 450w, https:\/\/i0.wp.com\/preventista.sk\/info\/wp-content\/uploads\/2024\/05\/KRST-UCEBNICE.png?resize=320%2C268&amp;ssl=1 320w, https:\/\/i0.wp.com\/preventista.sk\/info\/wp-content\/uploads\/2024\/05\/KRST-UCEBNICE.png?resize=768%2C644&amp;ssl=1 768w, https:\/\/i0.wp.com\/preventista.sk\/info\/wp-content\/uploads\/2024\/05\/KRST-UCEBNICE.png?w=940&amp;ssl=1 940w\" sizes=\"auto, (max-width: 700px) 100vw, 700px\" \/><\/figure>\n<\/div>\n\n\n<div style=\"height:25px\" aria-hidden=\"true\" class=\"wp-block-spacer\"><\/div>\n\n\n\n<p>Ak m\u00e1te z\u00e1ujem z\u00fa\u010dastni\u0165 sa, p\u00ed\u0161te na adresu <a href=\"info@preventista.sk\" title=\"\">info@preventista.sk <\/a> &#8211; po\u010det miest je limitovan\u00fd.<\/p>\n\n\n\n<p><\/p>\n","protected":false},"excerpt":{"rendered":"<p>Dovo\u013ete informova\u0165 \u0161irok\u00fa verejnos\u0165, \u017ee d\u0148a 30.m\u00e1ja 2024 o 15:00 nastane ten o\u010dak\u00e1van\u00fd okamih sl\u00e1vnostn\u00e9ho krstu tretej \u010dasti U\u010debnice informa\u010dnej bezpe\u010dnosti pre stredn\u00e9 \u0161koly a gymn\u00e1zi\u00e1. Sl\u00e1vnostn\u00e9 uvedenie u\u010debnice a diskusia s autormi bude tentokr\u00e1t hos\u0165ovan\u00e1 spolo\u010dnos\u0165ou ESET v jej exkluz\u00edvnych priestoroch Digital Parku v Bratislave. Osobn\u00e9 vin\u0161e a \u017eelania ku krstu m\u00f4\u017eete nap\u00edsa\u0165 do [&hellip;]<\/p>\n","protected":false},"author":1,"featured_media":0,"comment_status":"open","ping_status":"open","sticky":false,"template":"","format":"standard","meta":{"jetpack_post_was_ever_published":false,"_jetpack_newsletter_access":"","_jetpack_dont_email_post_to_subs":false,"_jetpack_newsletter_tier_id":0,"_jetpack_memberships_contains_paywalled_content":false,"_jetpack_memberships_contains_paid_content":false,"footnotes":""},"categories":[11],"tags":[52,154],"class_list":["post-5923","post","type-post","status-publish","format-standard","hentry","category-aktualne","tag-skola","tag-ucebnica"],"aioseo_notices":[],"jetpack_featured_media_url":"","jetpack_sharing_enabled":true,"jetpack-related-posts":[{"id":5890,"url":"https:\/\/preventista.sk\/info\/ucebnice-informacnej-bezpecnosti-suhrn\/","url_meta":{"origin":5923,"position":0},"title":"U\u010debnice informa\u010dnej bezpe\u010dnosti &#8211; s\u00fahrn","author":"Redakcia","date":"22. novembra 2025","format":false,"excerpt":"Pripravili sme pre V\u00e1s aktualizovan\u00fd s\u00fahrn z\u00e1kladn\u00fdch inform\u00e1ci\u00ed o jednotliv\u00fdch dieloch U\u010debnice informa\u010dnej bezpe\u010dnosti pre stredn\u00e9 odborn\u00e9 \u0161koly a gymn\u00e1zi\u00e1 v ucelenej forme a na jednom mieste. T\u00fdmto krokom zjednocujeme inform\u00e1cie uveden\u00e9 v r\u00f4znych \u010dl\u00e1nkoch a tie\u017e proces objedn\u00e1vania tla\u010den\u00fdch u\u010debn\u00edc. U\u010debnice a metodiky boli vytvoren\u00e9 prim\u00e1rne pre vytvorenie predmetu\u2026","rel":"","context":"V &quot;Aktu\u00e1lne&quot;","block_context":{"text":"Aktu\u00e1lne","link":"https:\/\/preventista.sk\/info\/category\/akcie\/aktualne\/"},"img":{"alt_text":"","src":"https:\/\/i0.wp.com\/preventista.sk\/info\/wp-content\/uploads\/2024\/03\/image.png?resize=350%2C200&ssl=1","width":350,"height":200,"srcset":"https:\/\/i0.wp.com\/preventista.sk\/info\/wp-content\/uploads\/2024\/03\/image.png?resize=350%2C200&ssl=1 1x, https:\/\/i0.wp.com\/preventista.sk\/info\/wp-content\/uploads\/2024\/03\/image.png?resize=525%2C300&ssl=1 1.5x, https:\/\/i0.wp.com\/preventista.sk\/info\/wp-content\/uploads\/2024\/03\/image.png?resize=700%2C400&ssl=1 2x"},"classes":[]},{"id":5179,"url":"https:\/\/preventista.sk\/info\/o-kybernetickej-bezpecnosti-nestaci-len-rozpravat-alias-krst-nasej-ucebnice\/","url_meta":{"origin":5923,"position":1},"title":"O kybernetickej bezpe\u010dnosti nesta\u010d\u00ed len rozpr\u00e1va\u0165  alias krst na\u0161ej u\u010debnice","author":"Redakcia","date":"22. marca 2023","format":false,"excerpt":"O kybernetickej bezpe\u010dnosti nesta\u010d\u00ed len rozpr\u00e1va\u0165 OZ Preventista a\u00a0spolo\u010dnos\u0165 ESET \u00a0spolo\u010dn\u00fdmi silami pripravili\u00a0krst druhej \u010dasti \u00faspe\u0161nej U\u010debnice informa\u010dnej bezpe\u010dnosti pre stredn\u00e9 \u0161koly a gymn\u00e1zi\u00e1, ktorej cie\u013eom je poskytn\u00fa\u0165 kvalitn\u00fd \u0161tudijn\u00fd materi\u00e1l pre vyu\u010dovania informa\u010dnej bezpe\u010dnosti ako ucelen\u00e9ho predmetu na stredn\u00fdch \u0161kol\u00e1ch. U\u010debnicu pokrst\u00ed COO spolo\u010dnosti ESET, Pavel Luka, za pr\u00edtomnosti\u2026","rel":"","context":"V &quot;Akcie&quot;","block_context":{"text":"Akcie","link":"https:\/\/preventista.sk\/info\/category\/akcie\/"},"img":{"alt_text":"","src":"https:\/\/i0.wp.com\/preventista.sk\/info\/wp-content\/uploads\/2023\/01\/NovaKniha_kniha.png?resize=350%2C200&ssl=1","width":350,"height":200},"classes":[]},{"id":5816,"url":"https:\/\/preventista.sk\/info\/tretia-cast-ucebnice-pre-stredne-skoly\/","url_meta":{"origin":5923,"position":2},"title":"Tretia \u010das\u0165 u\u010debnice pre stredn\u00e9 \u0161koly","author":"Redakcia","date":"22. apr\u00edla 2024","format":false,"excerpt":"Tretia \u010das\u0165 U\u010debnice informa\u010dnej bezpe\u010dnosti pre stredn\u00e9 odborn\u00e9 \u0161koly a\u00a0gymn\u00e1zi\u00e1 uzrela svetlo sveta a tak sa uzavrela pl\u00e1novan\u00e1 trojica u\u010debn\u00edc, ktor\u00e9 sme mali v OZ Preventista - zdru\u017eenie pre bezpe\u010dnos\u0165 a prevenciu napl\u00e1novan\u00e9. Prv\u00e9 dve u\u010debnice na\u0161li svoje miesto v slovenskom \u0161kolstve - dnes ich vyu\u017e\u00edva viac ako 300 slovensk\u00fdch\u2026","rel":"","context":"V &quot;Aktu\u00e1lne&quot;","block_context":{"text":"Aktu\u00e1lne","link":"https:\/\/preventista.sk\/info\/category\/akcie\/aktualne\/"},"img":{"alt_text":"","src":"https:\/\/i0.wp.com\/preventista.sk\/info\/wp-content\/uploads\/2024\/03\/image-4.png?resize=350%2C200&ssl=1","width":350,"height":200,"srcset":"https:\/\/i0.wp.com\/preventista.sk\/info\/wp-content\/uploads\/2024\/03\/image-4.png?resize=350%2C200&ssl=1 1x, https:\/\/i0.wp.com\/preventista.sk\/info\/wp-content\/uploads\/2024\/03\/image-4.png?resize=525%2C300&ssl=1 1.5x, https:\/\/i0.wp.com\/preventista.sk\/info\/wp-content\/uploads\/2024\/03\/image-4.png?resize=700%2C400&ssl=1 2x"},"classes":[]},{"id":5520,"url":"https:\/\/preventista.sk\/info\/kyberbezpecnost-gymnazium-a-ucebnice\/","url_meta":{"origin":5923,"position":3},"title":"Kyberbezpe\u010dnos\u0165, gymn\u00e1zium a u\u010debnice","author":"Redakcia","date":"24. janu\u00e1ra 2024","format":false,"excerpt":"Pred tromi rokmi sme sa rozhodli v\u00a0r\u00e1mci inov\u00e1ci\u00ed vzdel\u00e1vania na na\u0161om 1. S\u00fakromnom Banskobystrickom gymn\u00e1ziu zavies\u0165 zameranie kybernetick\u00e1 bezpe\u010dnos\u0165. T\u00e1to na\u0161a idea, by sa nikdy nepretavila do reality neby\u0165 faktu, \u017ee v\u00a0r\u00e1mci oslovovania odborn\u00edkov v\u00a0tejto oblasti a\u00a0h\u013eadania mentora, ktor\u00fd by usmernil, ak\u00fdm smerom sa m\u00e1 ubera\u0165 na\u0161a v\u00fduka, sme nenatrafili\u2026","rel":"","context":"V &quot;Bezpe\u010dnos\u0165&quot;","block_context":{"text":"Bezpe\u010dnos\u0165","link":"https:\/\/preventista.sk\/info\/category\/itbezp\/"},"img":{"alt_text":"","src":"https:\/\/i0.wp.com\/preventista.sk\/info\/wp-content\/uploads\/2024\/01\/logo-PNG.png?resize=350%2C200&ssl=1","width":350,"height":200,"srcset":"https:\/\/i0.wp.com\/preventista.sk\/info\/wp-content\/uploads\/2024\/01\/logo-PNG.png?resize=350%2C200&ssl=1 1x, https:\/\/i0.wp.com\/preventista.sk\/info\/wp-content\/uploads\/2024\/01\/logo-PNG.png?resize=525%2C300&ssl=1 1.5x, https:\/\/i0.wp.com\/preventista.sk\/info\/wp-content\/uploads\/2024\/01\/logo-PNG.png?resize=700%2C400&ssl=1 2x, https:\/\/i0.wp.com\/preventista.sk\/info\/wp-content\/uploads\/2024\/01\/logo-PNG.png?resize=1050%2C600&ssl=1 3x, https:\/\/i0.wp.com\/preventista.sk\/info\/wp-content\/uploads\/2024\/01\/logo-PNG.png?resize=1400%2C800&ssl=1 4x"},"classes":[]},{"id":5235,"url":"https:\/\/preventista.sk\/info\/pripravujete-do-noveho-skolskeho-roka-vyuku-tem-it-bezpecnosti-na-vasej-skole\/","url_meta":{"origin":5923,"position":4},"title":"Pripravujete do nov\u00e9ho \u0161kolsk\u00e9ho roka v\u00fduku t\u00e9m IT bezpe\u010dnosti na Va\u0161ej \u0161kole?","author":"Redakcia","date":"9. j\u00fana 2023","format":false,"excerpt":"Pl\u00e1nujete vyu\u017ei\u0165 pr\u00e1zdniny na pr\u00edpravu vzdel\u00e1vania informa\u010dnej a kybernetickej bezpe\u010dnosti na Va\u0161ej \u0161kole? H\u013ead\u00e1te vhodn\u00e9 u\u010debnice? Pripravili sme pre V\u00e1s jednoduch\u00fd s\u00fahrn, \u010do kde m\u00f4\u017eete n\u00e1js\u0165\/ z\u00edska\u0165. Z\u00e1kladn\u00e9 \u0161koly B\u00e1jky pre kyber-hrdinov a detekt\u00edvov elektronick\u00e1 verzia na vo\u013en\u00e9 stiahnutie B\u00e1jky pre kyber-hrdinov a detekt\u00edvov - 1 (preventista.sk) U\u010debnica informa\u010dnej bezpe\u010dnosti\u2026","rel":"","context":"V &quot;Bezpe\u010dnos\u0165&quot;","block_context":{"text":"Bezpe\u010dnos\u0165","link":"https:\/\/preventista.sk\/info\/category\/itbezp\/"},"img":{"alt_text":"","src":"https:\/\/i0.wp.com\/preventista.sk\/info\/wp-content\/uploads\/2023\/06\/skola2023.png?resize=350%2C200&ssl=1","width":350,"height":200,"srcset":"https:\/\/i0.wp.com\/preventista.sk\/info\/wp-content\/uploads\/2023\/06\/skola2023.png?resize=350%2C200&ssl=1 1x, https:\/\/i0.wp.com\/preventista.sk\/info\/wp-content\/uploads\/2023\/06\/skola2023.png?resize=525%2C300&ssl=1 1.5x, https:\/\/i0.wp.com\/preventista.sk\/info\/wp-content\/uploads\/2023\/06\/skola2023.png?resize=700%2C400&ssl=1 2x"},"classes":[]},{"id":5123,"url":"https:\/\/preventista.sk\/info\/druha-cast-ucebnice-o-bezpecnosti-uzrela-svetlo-sveta\/","url_meta":{"origin":5923,"position":5},"title":"Druh\u00e1 \u010das\u0165 u\u010debnice o bezpe\u010dnosti uzrela svetlo sveta","author":"Redakcia","date":"5. febru\u00e1ra 2023","format":false,"excerpt":"Od posledn\u00e9ho vydania U\u010debnice informa\u010dnej bezpe\u010dnosti pre stredn\u00e9 odborn\u00e9 \u0161koly a\u00a0gymn\u00e1zi\u00e1, prv\u00e1 \u010das\u0165 u\u017e ubehol viac ako rok. OZ Preventista - zdru\u017eenie pre bezpe\u010dnos\u0165 a prevenciu za ten \u010das urobil ve\u013ea vec\u00ed pre vzdel\u00e1vanie na stredn\u00fdch \u0161kol\u00e1ch. Vydal metodick\u00fa pr\u00edru\u010dku k\u00a0u\u010debnici a\u00a0jeho \u010dlenovia urobili s\u00e9riu predn\u00e1\u0161ok o\u00a0informa\u010dnej bezpe\u010dnosti. Knihu v\u00a0s\u00fa\u010dasnosti\u2026","rel":"","context":"V &quot;Bezpe\u010dnos\u0165&quot;","block_context":{"text":"Bezpe\u010dnos\u0165","link":"https:\/\/preventista.sk\/info\/category\/itbezp\/"},"img":{"alt_text":"","src":"https:\/\/i0.wp.com\/preventista.sk\/info\/wp-content\/uploads\/2023\/02\/metodika_2.jpg?resize=350%2C200&ssl=1","width":350,"height":200,"srcset":"https:\/\/i0.wp.com\/preventista.sk\/info\/wp-content\/uploads\/2023\/02\/metodika_2.jpg?resize=350%2C200&ssl=1 1x, https:\/\/i0.wp.com\/preventista.sk\/info\/wp-content\/uploads\/2023\/02\/metodika_2.jpg?resize=525%2C300&ssl=1 1.5x"},"classes":[]}],"_links":{"self":[{"href":"https:\/\/preventista.sk\/info\/wp-json\/wp\/v2\/posts\/5923","targetHints":{"allow":["GET"]}}],"collection":[{"href":"https:\/\/preventista.sk\/info\/wp-json\/wp\/v2\/posts"}],"about":[{"href":"https:\/\/preventista.sk\/info\/wp-json\/wp\/v2\/types\/post"}],"author":[{"embeddable":true,"href":"https:\/\/preventista.sk\/info\/wp-json\/wp\/v2\/users\/1"}],"replies":[{"embeddable":true,"href":"https:\/\/preventista.sk\/info\/wp-json\/wp\/v2\/comments?post=5923"}],"version-history":[{"count":3,"href":"https:\/\/preventista.sk\/info\/wp-json\/wp\/v2\/posts\/5923\/revisions"}],"predecessor-version":[{"id":5927,"href":"https:\/\/preventista.sk\/info\/wp-json\/wp\/v2\/posts\/5923\/revisions\/5927"}],"wp:attachment":[{"href":"https:\/\/preventista.sk\/info\/wp-json\/wp\/v2\/media?parent=5923"}],"wp:term":[{"taxonomy":"category","embeddable":true,"href":"https:\/\/preventista.sk\/info\/wp-json\/wp\/v2\/categories?post=5923"},{"taxonomy":"post_tag","embeddable":true,"href":"https:\/\/preventista.sk\/info\/wp-json\/wp\/v2\/tags?post=5923"}],"curies":[{"name":"wp","href":"https:\/\/api.w.org\/{rel}","templated":true}]}}