{"id":5928,"date":"2025-03-31T06:00:00","date_gmt":"2025-03-31T04:00:00","guid":{"rendered":"https:\/\/preventista.sk\/info\/?p=5928"},"modified":"2025-03-31T06:02:19","modified_gmt":"2025-03-31T04:02:19","slug":"daruj-ucebnice-o-informacnej-bezpecnosti-skole","status":"publish","type":"post","link":"https:\/\/preventista.sk\/info\/daruj-ucebnice-o-informacnej-bezpecnosti-skole\/","title":{"rendered":"Daruj u\u010debnice o informa\u010dnej bezpe\u010dnosti \u0161kole"},"content":{"rendered":"\n<p>My\u0161lienka vytvori\u0165 koncept, ktor\u00fd umo\u017en\u00ed profesion\u00e1lom z oblasti informa\u010dnej a kybernetickej bezpe\u010dnosti podpori\u0165 slovensk\u00e9 stredn\u00e9 \u0161koly a gymn\u00e1zi\u00e1 dozrievala takmer rok a \u010dakali sme na okamih kedy bude n\u00e1\u0161 pl\u00e1novan\u00fd set pozost\u00e1vaj\u00faci z troch \u010dast\u00ed <strong>U\u010debnice informa\u010dnej bezpe\u010dnosti pre stredn\u00e9 odborn\u00e9 \u0161koly a gymn\u00e1zi\u00e1<\/strong> kompletn\u00fd. A ten okamih nastal.<\/p>\n\n\n\n<p>A tak prich\u00e1dzame s ponukou vo\u010di kolegom z CyberSec sveta, ale rovnako vo\u010di ka\u017ed\u00e9mu komu z\u00e1le\u017e\u00ed na rozvoji vzdel\u00e1vania bezpe\u010dnosti na slovensk\u00fdch stredn\u00fdch \u0161kol\u00e1ch. Prich\u00e1dzame s v\u00fdzvou <strong>daruj SET u\u010debn\u00edc <\/strong>&#8222;<em>ob\u013e\u00fabenej<\/em>&#8220; <strong>\u0161kole<\/strong>. \u010ci u\u017e p\u00f4jde o \u0161kolu kam chodia Va\u0161e deti, spriaznen\u00fa \u0161kolu, \u0161kolsk\u00fa kni\u017enicu \u010di \u0161kolu kde z \u010dasu na \u010das zrealizujete nejak\u00fa predn\u00e1\u0161ku \u010di besedu. O celom sete u\u010debn\u00edc sa m\u00f4\u017eete viac dozvedie\u0165 z \u010dl\u00e1nku <a href=\"https:\/\/preventista.sk\/info\/ucebnice-informacnej-bezpecnosti-suhrn\/\" target=\"_blank\" rel=\"noopener\" title=\"\">U\u010debnice informa\u010dnej bezpe\u010dnosti \u2013 s\u00fahrn<\/a><\/p>\n\n\n\n<div style=\"height:26px\" aria-hidden=\"true\" class=\"wp-block-spacer\"><\/div>\n\n\n<div class=\"wp-block-image\">\n<figure class=\"aligncenter size-large is-resized\"><img data-recalc-dims=\"1\" loading=\"lazy\" decoding=\"async\" width=\"700\" height=\"587\" data-attachment-id=\"5933\" data-permalink=\"https:\/\/preventista.sk\/info\/daruj-ucebnice-o-informacnej-bezpecnosti-skole\/daruj_skole\/\" data-orig-file=\"https:\/\/i0.wp.com\/preventista.sk\/info\/wp-content\/uploads\/2024\/05\/daruj_skole.png?fit=940%2C788&amp;ssl=1\" data-orig-size=\"940,788\" data-comments-opened=\"1\" data-image-meta=\"{&quot;aperture&quot;:&quot;0&quot;,&quot;credit&quot;:&quot;&quot;,&quot;camera&quot;:&quot;&quot;,&quot;caption&quot;:&quot;&quot;,&quot;created_timestamp&quot;:&quot;0&quot;,&quot;copyright&quot;:&quot;&quot;,&quot;focal_length&quot;:&quot;0&quot;,&quot;iso&quot;:&quot;0&quot;,&quot;shutter_speed&quot;:&quot;0&quot;,&quot;title&quot;:&quot;&quot;,&quot;orientation&quot;:&quot;0&quot;}\" data-image-title=\"daruj_skole\" data-image-description=\"\" data-image-caption=\"\" data-large-file=\"https:\/\/i0.wp.com\/preventista.sk\/info\/wp-content\/uploads\/2024\/05\/daruj_skole.png?fit=700%2C587&amp;ssl=1\" src=\"https:\/\/i0.wp.com\/preventista.sk\/info\/wp-content\/uploads\/2024\/05\/daruj_skole.png?resize=700%2C587&#038;ssl=1\" alt=\"\" class=\"wp-image-5933\" style=\"width:466px;height:auto\" srcset=\"https:\/\/i0.wp.com\/preventista.sk\/info\/wp-content\/uploads\/2024\/05\/daruj_skole.png?resize=700%2C587&amp;ssl=1 700w, https:\/\/i0.wp.com\/preventista.sk\/info\/wp-content\/uploads\/2024\/05\/daruj_skole.png?resize=450%2C377&amp;ssl=1 450w, https:\/\/i0.wp.com\/preventista.sk\/info\/wp-content\/uploads\/2024\/05\/daruj_skole.png?resize=320%2C268&amp;ssl=1 320w, https:\/\/i0.wp.com\/preventista.sk\/info\/wp-content\/uploads\/2024\/05\/daruj_skole.png?resize=768%2C644&amp;ssl=1 768w, https:\/\/i0.wp.com\/preventista.sk\/info\/wp-content\/uploads\/2024\/05\/daruj_skole.png?w=940&amp;ssl=1 940w\" sizes=\"auto, (max-width: 700px) 100vw, 700px\" \/><\/figure>\n<\/div>\n\n\n<div style=\"height:28px\" aria-hidden=\"true\" class=\"wp-block-spacer\"><\/div>\n\n\n\n<p class=\"has-text-align-center\"><strong><mark style=\"background-color:rgba(0, 0, 0, 0)\" class=\"has-inline-color has-vivid-cyan-blue-color\">Po\u010det obdarovan\u00fdch \u0161k\u00f4l a kni\u017en\u00edc (zoznam uv\u00e1dzame na konci \u010dl\u00e1nku)<\/mark><\/strong><\/p>\n\n\n\n<p class=\"has-text-align-center has-large-font-size\"><strong><mark style=\"background-color:rgba(0, 0, 0, 0)\" class=\"has-inline-color has-vivid-cyan-blue-color\"> <\/mark><\/strong> <strong><mark style=\"background-color:rgba(0, 0, 0, 0)\" class=\"has-inline-color has-vivid-cyan-blue-color\"> 70<\/mark><\/strong><\/p>\n\n\n\n<hr class=\"wp-block-separator has-text-color has-vivid-cyan-blue-color has-alpha-channel-opacity has-vivid-cyan-blue-background-color has-background\"\/>\n\n\n\n<p><strong><mark style=\"background-color:rgba(0, 0, 0, 0)\" class=\"has-inline-color has-vivid-cyan-blue-color\">Postup je jednoduch\u00fd<\/mark><\/strong><\/p>\n\n\n\n<ul class=\"wp-block-list\">\n<li>kontaktujte \u0161kolu, informujte ju o svojom z\u00e1mere a dohodnite detaily,<\/li>\n\n\n\n<li>nap\u00ed\u0161te jednoduch\u00fd e-mail na adresu <a href=\"mailto:info@preventista.sk\">info@preventista.sk<\/a> , kde uvediete\n<ul class=\"wp-block-list\">\n<li>&#8222;<em>objedn\u00e1vam SET U\u010debn\u00edc informa\u010dnej bezpe\u010dnosti pre stredn\u00e9 \u0161koly ako darca<\/em>&#8222;<\/li>\n\n\n\n<li><strong>komu <\/strong>m\u00e1 by\u0165 vystaven\u00fd doklad na \u00fahradu (meno\/n\u00e1zov, adresa, pr\u00edpadne I\u010cO\/DI\u010c &#8211; jednoducho v\u0161etky \u00fadaje potrebn\u00e9 na vystavenie fakt\u00fary),<\/li>\n\n\n\n<li>n\u00e1zov <strong>\u0161koly<\/strong>, presn\u00fa adresu a kontaktn\u00fa osobu \u0161koly kam m\u00e1me set u\u010debn\u00edc zasla\u0165,<\/li>\n<\/ul>\n<\/li>\n\n\n\n<li>doklad potrebn\u00fd pre realiz\u00e1ciu \u00fahrady bude doru\u010den\u00fd e-mailom objedn\u00e1vate\u013eovi,<\/li>\n\n\n\n<li>bal\u00edk s knihami za\u0161leme priamo \u0161kole, ktor\u00fa ur\u010d\u00edte.<\/li>\n<\/ul>\n\n\n\n<div style=\"height:30px\" aria-hidden=\"true\" class=\"wp-block-spacer\"><\/div>\n\n\n\n<p><strong><mark style=\"background-color:rgba(0, 0, 0, 0)\" class=\"has-inline-color has-vivid-cyan-blue-color\">\u010co to stoj\u00ed?<\/mark><\/strong><\/p>\n\n\n\n<ul class=\"wp-block-list\">\n<li>cena setu je 21,40\u20ac, \u010do s\u00fa v\u00fdrobn\u00e9 n\u00e1klady u\u010debn\u00edc<\/li>\n\n\n\n<li>cena obalu a zaslania Slovenskou po\u0161tou je 4,70\u20ac<\/li>\n\n\n\n<li>celkom sa teda cel\u00fd SET dostane do ur\u010denej \u0161koly za pr\u00edspevok vo v\u00fd\u0161ke 26,10\u20ac<\/li>\n\n\n\n<li>my na u\u010debniciach nezar\u00e1bame, boli p\u00edsan\u00e9 so z\u00e1merom zlep\u0161i\u0165 kvalitu vzdel\u00e1vania informa\u010dnej a kybernetickej bezpe\u010dnosti na slovensk\u00fdch \u0161kol\u00e1ch a z\u00edskan\u00e9 prostriedky n\u00e1m pom\u00e1haj\u00fa dosta\u0165 u\u010debnice na \u010fal\u0161ie miesta, kde s\u00fa u\u017eito\u010dn\u00e9<\/li>\n<\/ul>\n\n\n\n<div style=\"height:24px\" aria-hidden=\"true\" class=\"wp-block-spacer\"><\/div>\n\n\n\n<p><mark style=\"background-color:rgba(0, 0, 0, 0)\" class=\"has-inline-color has-vivid-cyan-blue-color\"><strong>N\u00e1\u0161 tip pre kolegov zo sveta CyberSec<\/strong><\/mark><\/p>\n\n\n\n<p>K SETu u\u010debn\u00edc darujte \u0161kole e\u0161te pridan\u00fa hodnotu &#8211; dohodnite si s danou \u0161kolou aspo\u0148 jednu besedu \u010di predn\u00e1\u0161ku pre \u017eiakov k niektorej z t\u00e9m bezpe\u010dnosti. Zo sk\u00fasenost\u00ed m\u00f4\u017eeme potvrdi\u0165, \u017ee niet \u0161koly, ktor\u00e1 by to s nad\u0161en\u00edm neprijala. Prezrad\u00edme V\u00e1m, \u017ee tento koncept sme vym\u00fd\u0161\u013eali prioritne so z\u00e1merom podsun\u00fa\u0165 plo\u0161ne pr\u00e1ve t\u00fato my\u0161lienku.<\/p>\n\n\n\n<div style=\"height:24px\" aria-hidden=\"true\" class=\"wp-block-spacer\"><\/div>\n\n\n\n<p>Tento koncept je ur\u010den\u00fd a zameran\u00fd v\u00fdhradne na \u0161kolstvo a vzdel\u00e1vanie.<\/p>\n\n\n\n<div style=\"height:27px\" aria-hidden=\"true\" class=\"wp-block-spacer\"><\/div>\n\n\n\n<hr class=\"wp-block-separator has-text-color has-vivid-cyan-blue-color has-alpha-channel-opacity has-vivid-cyan-blue-background-color has-background\"\/>\n\n\n\n<p><mark style=\"background-color:rgba(0, 0, 0, 0)\" class=\"has-inline-color has-vivid-cyan-blue-color\"><strong>Zoznam \u0161k\u00f4l a kni\u017en\u00edc, ktor\u00e9 v\u010faka darcom z\u00edskali sety u\u010debn\u00edc<\/strong><\/mark><\/p>\n\n\n\n<ul class=\"wp-block-list has-vivid-cyan-blue-color has-text-color has-link-color wp-elements-0ed2f7435b88bac076f3f31cfb673c5a\">\n<li>Bilingv\u00e1lne Gymn\u00e1zium C.S.Lewisa Bratislava<\/li>\n\n\n\n<li>Evanjelick\u00e1 spojen\u00e1 \u0161kola Liptovsk\u00fd Mikul\u00e1\u0161&nbsp;<\/li>\n\n\n\n<li>Galantsk\u00e1 kni\u017enica<\/li>\n\n\n\n<li><mark style=\"background-color:rgba(0, 0, 0, 0)\" class=\"has-inline-color has-vivid-cyan-blue-color\">Gymn\u00e1zium Byt\u010da<\/mark><\/li>\n\n\n\n<li>Gymn\u00e1zium arm\u00e1dneho gener\u00e1la Ludv\u00edka Svobodu Humenn\u00e9<\/li>\n\n\n\n<li>Gymn\u00e1zium L.S\u00e1ru Karlova Ves<\/li>\n\n\n\n<li>Gymn\u00e1zium Bo\u017eeny Slan\u010d\u00edkovej Timravy Lu\u010denec<\/li>\n\n\n\n<li>Gymn\u00e1zium F.G.Lorcu Bratislava<\/li>\n\n\n\n<li>Gymn\u00e1zium sv. Moniky Pre\u0161ov<\/li>\n\n\n\n<li>Gymn\u00e1zium Skalica<\/li>\n\n\n\n<li>Gymn\u00e1zium Snina<\/li>\n\n\n\n<li>Gymn\u00e1zium V. B. Nedo\u017eersk\u00e9ho Prievidza<\/li>\n\n\n\n<li>Gymn\u00e1zium V.Paulinyho-T\u00f3tha Martin<\/li>\n\n\n\n<li>Kni\u017enica Juraja F\u00e1ndlyho v Trnave<\/li>\n\n\n\n<li>Malokarpatsk\u00e1 kni\u017enica v Pezinku<\/li>\n\n\n\n<li>Mestsk\u00e1 kni\u017enica Skalica<\/li>\n\n\n\n<li>Miestna kni\u017enica Petr\u017ealka<\/li>\n\n\n\n<li>Obchodn\u00e1 akad\u00e9mia Prievidza<\/li>\n\n\n\n<li>Obchodn\u00e1 akad\u00e9mia Imricha Karva\u0161a Bratislava<\/li>\n\n\n\n<li><mark style=\"background-color:rgba(0, 0, 0, 0)\" class=\"has-inline-color has-vivid-cyan-blue-color\">Spojen\u00e1 \u0161kola Nov\u00e9 Z\u00e1mky<\/mark><\/li>\n\n\n\n<li>Spojen\u00e1 \u0161kola intern\u00e1tna Levo\u010da<\/li>\n\n\n\n<li>Spojen\u00e1 \u0161kola Tur\u010dianske Teplice<\/li>\n\n\n\n<li><mark style=\"background-color:rgba(0, 0, 0, 0)\" class=\"has-inline-color has-vivid-cyan-blue-color\">Stredn\u00e1 odborn\u00e1 \u0161kola informa\u010dn\u00fdch technol\u00f3gi\u00ed Ko\u0161ice<\/mark><\/li>\n\n\n\n<li>Stredn\u00e1 priemyseln\u00e1 \u0161kola elektrotechnick\u00e1 Pre\u0161ov<\/li>\n\n\n\n<li><mark style=\"background-color:rgba(0, 0, 0, 0)\" class=\"has-inline-color has-vivid-cyan-blue-color\">Stredn\u00e1 priemyseln\u00e1 \u0161kola Dubnica nad V\u00e1hom<\/mark><\/li>\n\n\n\n<li>Stredn\u00e1 zdravotn\u00edcka \u0161kola Ko\u0161ice<\/li>\n\n\n\n<li>S\u00fakromn\u00e1 stredn\u00e1 odborn\u00e1 \u0161kola \u017dilina<\/li>\n\n\n\n<li>S\u00fakromn\u00e1 spojen\u00e1 \u0161kola \u017deleziarne Podbrezov\u00e1<\/li>\n\n\n\n<li>S\u00fakromn\u00e1 stredn\u00e1 odborn\u00e1 \u0161kola slu\u017eieb Poprad<\/li>\n\n\n\n<li>S\u00fakromn\u00e1 stredn\u00e1 odborn\u00e1 \u0161kola spotrebn\u00fdch dru\u017estiev Jednota \u0160amor\u00edn<\/li>\n\n\n\n<li>S\u00fakromn\u00e1 \u0161kola umeleck\u00e9ho priemyslu Bohumila Ba\u010du Bratislava<\/li>\n\n\n\n<li>Vihorlatsk\u00e1 kni\u017enica Humenn\u00e9<\/li>\n\n\n\n<li>Z\u00e1horsk\u00e1 kni\u017enica Senica<\/li>\n\n\n\n<li>\u017ditnoostrovsk\u00e1 kni\u017enica v Dunajskej Strede <\/li>\n\n\n\n<p><mark style=\"background-color:rgba(0, 0, 0, 0)\" class=\"has-inline-color has-vivid-cyan-blue-color\"><strong>Z\u00e1kladn\u00e9 \u0161koly<\/strong><\/mark> (vzdel\u00e1vanie u\u010dite\u013eov, \u0161kolsk\u00e9 kni\u017enice)<\/p>\n\n\n\n<li><mark style=\"background-color:rgba(0, 0, 0, 0)\" class=\"has-inline-color has-vivid-cyan-blue-color\">S\u00fakromn\u00e1 Z\u0160 Levo\u010da<\/mark><\/li>\n\n\n\n<li>S\u00fakromn\u00e1 Z\u0160 GALILEO SCHOOL Bratislava<\/li>\n\n\n\n<li><mark style=\"background-color:rgba(0, 0, 0, 0)\" class=\"has-inline-color has-vivid-cyan-blue-color\">Z\u0160 &#8211; Grundschule Ke\u017emarok<\/mark><\/li>\n\n\n\n<li><mark style=\"background-color:rgba(0, 0, 0, 0)\" class=\"has-inline-color has-vivid-cyan-blue-color\">Z\u0160 Adely Ostrol\u00fackej Bud\u010da<\/mark><\/li>\n\n\n\n<li>Z\u0160 Apo\u0161tola Pavla Liptovsk\u00fd Mikul\u00e1\u0161<\/li>\n\n\n\n<li>Z\u0160 Dubov\u00e1<\/li>\n\n\n\n<li><mark style=\"background-color:rgba(0, 0, 0, 0)\" class=\"has-inline-color has-vivid-cyan-blue-color\">Z\u0160 Malcov<\/mark><\/li>\n\n\n\n<li><mark style=\"background-color:rgba(0, 0, 0, 0)\" class=\"has-inline-color has-vivid-cyan-blue-color\">Z\u0160 M\u00e1rie R\u00e1zusovej-Mart\u00e1kovej Liptovsk\u00fd Mikul\u00e1\u0161<\/mark><\/li>\n\n\n\n<li>Z\u0160 Mateja Bela \u0160amor\u00edn<\/li>\n\n\n\n<li>Z\u0160 Pavla Orsz\u00e1gha Hviezdoslava Trsten\u00e1<\/li>\n\n\n\n<li>Z\u0160 Petra \u0160krab\u00e1ka Doln\u00fd Kub\u00edn<\/li>\n\n\n\n<li>Z\u0160 Hniezdne<\/li>\n\n\n\n<li>Z\u0160 J\u00e1na Amosa Komensk\u00e9ho Bratislava<\/li>\n\n\n\n<li>Z\u0160 Juraja Sl\u00e1vika Neresnick\u00e9ho Dobr\u00e1 Niva<\/li>\n\n\n\n<li>Z\u0160 sv. Kr\u00ed\u017ea Ke\u017emarok<\/li>\n\n\n\n<li>Z\u0160 \u0160ari\u0161sk\u00e9 Jastrabie<\/li>\n\n\n\n<li>Z\u0160 &nbsp;\u017delovce<\/li>\n\n\n\n<li>Z\u0160 Hri\u0148ov\u00e1<\/li>\n\n\n\n<li>Z\u0160 &nbsp;Makov<\/li>\n\n\n\n<li>Z\u0160 Rak\u00fasy<\/li>\n\n\n\n<li>Z\u0160 &nbsp;\u013dubot\u00edn<\/li>\n\n\n\n<li>Z\u0160 Ve\u013ek\u00e1 Lomnica<\/li>\n\n\n\n<li>Z\u0160 Star\u00e1 \u013dubov\u0148a<\/li>\n\n\n\n<li>Z\u0160 Levice<\/li>\n\n\n\n<li>Z\u0160 Nov\u00e1ky<\/li>\n\n\n\n<li>Z\u0160 Levice<\/li>\n\n\n\n<li>Z\u0160 &nbsp;Svr\u010dinovec<\/li>\n\n\n\n<li>Z\u0160 \u013dubica<\/li>\n\n\n\n<li>Z\u0160 \u0160trba<\/li>\n\n\n\n<li>Z\u0160 Huncovce<\/li>\n\n\n\n<li>Z\u0160 Trnav\u00e1 Hora<\/li>\n\n\n\n<li>Z\u0160 Bratislava &#8211; mestsk\u00e1 \u010das\u0165 Ra\u010da<\/li>\n\n\n\n<li>Z\u0160 Za Kas\u00e1r\u0148ou Bratislava<\/li>\n\n\n\n<li>Z\u00e1kladn\u00e1 umeleck\u00e1 \u0161kola Nov\u00e1ky<\/li>\n\n\n\n<li><mark style=\"background-color:rgba(0, 0, 0, 0)\" class=\"has-inline-color has-vivid-cyan-blue-color\">Z\u00e1kladn\u00e1 umeleck\u00e1 \u0161kola Zity Strnadovej &#8211; Par\u00e1kovej \u017diar nad Hronom<\/mark><\/li>\n<\/ul>\n\n\n\n<p><\/p>\n\n\n\n<p><\/p>\n\n\n\n<p><\/p>\n\n\n\n<p><\/p>\n\n\n\n<hr class=\"wp-block-separator has-text-color has-vivid-cyan-blue-color has-alpha-channel-opacity has-vivid-cyan-blue-background-color has-background\"\/>\n\n\n\n<p><\/p>\n\n\n\n<div style=\"height:28px\" aria-hidden=\"true\" class=\"wp-block-spacer\"><\/div>\n\n\n\n<p class=\"has-text-align-center\"><em>Darcom \u010fakujeme a z\u00e1rove\u0148 n\u00e1s te\u0161ia sp\u00e4tn\u00e9 inform\u00e1cie, \u017ee niekde sa popri darovan\u00ed kn\u00edh tak r\u00fdchlo dohodla aj eduka\u010dn\u00e1 podpora od darcu &#8211; presne toto bol n\u00e1\u0161 z\u00e1mer,  <\/em><\/p>\n\n\n\n<p class=\"has-text-align-center\"><em>t\u00edm OZ Preventista &#8211; zdru\u017eenie pre bezpe\u010dnos\u0165 a prevenciu<\/em><\/p>\n\n\n\n<div style=\"height:35px\" aria-hidden=\"true\" class=\"wp-block-spacer\"><\/div>\n\n\n<div class=\"wp-block-image\">\n<figure class=\"aligncenter size-full is-resized\"><img data-recalc-dims=\"1\" loading=\"lazy\" decoding=\"async\" width=\"600\" height=\"120\" data-attachment-id=\"2861\" data-permalink=\"https:\/\/preventista.sk\/info\/header\/\" data-orig-file=\"https:\/\/i0.wp.com\/preventista.sk\/info\/wp-content\/uploads\/2015\/09\/header.png?fit=600%2C120&amp;ssl=1\" data-orig-size=\"600,120\" data-comments-opened=\"1\" data-image-meta=\"{&quot;aperture&quot;:&quot;0&quot;,&quot;credit&quot;:&quot;&quot;,&quot;camera&quot;:&quot;&quot;,&quot;caption&quot;:&quot;&quot;,&quot;created_timestamp&quot;:&quot;0&quot;,&quot;copyright&quot;:&quot;&quot;,&quot;focal_length&quot;:&quot;0&quot;,&quot;iso&quot;:&quot;0&quot;,&quot;shutter_speed&quot;:&quot;0&quot;,&quot;title&quot;:&quot;&quot;,&quot;orientation&quot;:&quot;0&quot;}\" data-image-title=\"header\" data-image-description=\"\" data-image-caption=\"\" data-large-file=\"https:\/\/i0.wp.com\/preventista.sk\/info\/wp-content\/uploads\/2015\/09\/header.png?fit=600%2C120&amp;ssl=1\" src=\"https:\/\/i0.wp.com\/preventista.sk\/info\/wp-content\/uploads\/2015\/09\/header.png?resize=600%2C120&#038;ssl=1\" alt=\"\" class=\"wp-image-2861\" style=\"width:428px;height:auto\" srcset=\"https:\/\/i0.wp.com\/preventista.sk\/info\/wp-content\/uploads\/2015\/09\/header.png?w=600&amp;ssl=1 600w, https:\/\/i0.wp.com\/preventista.sk\/info\/wp-content\/uploads\/2015\/09\/header.png?resize=320%2C64&amp;ssl=1 320w, https:\/\/i0.wp.com\/preventista.sk\/info\/wp-content\/uploads\/2015\/09\/header.png?resize=450%2C90&amp;ssl=1 450w\" sizes=\"auto, (max-width: 600px) 100vw, 600px\" \/><\/figure>\n<\/div>\n\n\n<p><\/p>\n","protected":false},"excerpt":{"rendered":"<p>My\u0161lienka vytvori\u0165 koncept, ktor\u00fd umo\u017en\u00ed profesion\u00e1lom z oblasti informa\u010dnej a kybernetickej bezpe\u010dnosti podpori\u0165 slovensk\u00e9 stredn\u00e9 \u0161koly a gymn\u00e1zi\u00e1 dozrievala takmer rok a \u010dakali sme na okamih kedy bude n\u00e1\u0161 pl\u00e1novan\u00fd set pozost\u00e1vaj\u00faci z troch \u010dast\u00ed U\u010debnice informa\u010dnej bezpe\u010dnosti pre stredn\u00e9 odborn\u00e9 \u0161koly a gymn\u00e1zi\u00e1 kompletn\u00fd. A ten okamih nastal. A tak prich\u00e1dzame s ponukou vo\u010di [&hellip;]<\/p>\n","protected":false},"author":1,"featured_media":0,"comment_status":"open","ping_status":"open","sticky":false,"template":"","format":"standard","meta":{"jetpack_post_was_ever_published":false,"_jetpack_newsletter_access":"","_jetpack_dont_email_post_to_subs":false,"_jetpack_newsletter_tier_id":0,"_jetpack_memberships_contains_paywalled_content":false,"_jetpack_memberships_contains_paid_content":false,"footnotes":""},"categories":[11,4],"tags":[32,52,162],"class_list":["post-5928","post","type-post","status-publish","format-standard","hentry","category-aktualne","category-itbezp","tag-bezpecnost","tag-skola","tag-ucebnice"],"aioseo_notices":[],"jetpack_featured_media_url":"","jetpack_sharing_enabled":true,"jetpack-related-posts":[{"id":5890,"url":"https:\/\/preventista.sk\/info\/ucebnice-informacnej-bezpecnosti-suhrn\/","url_meta":{"origin":5928,"position":0},"title":"U\u010debnice informa\u010dnej bezpe\u010dnosti &#8211; s\u00fahrn","author":"Redakcia","date":"22. novembra 2025","format":false,"excerpt":"Pripravili sme pre V\u00e1s aktualizovan\u00fd s\u00fahrn z\u00e1kladn\u00fdch inform\u00e1ci\u00ed o jednotliv\u00fdch dieloch U\u010debnice informa\u010dnej bezpe\u010dnosti pre stredn\u00e9 odborn\u00e9 \u0161koly a gymn\u00e1zi\u00e1 v ucelenej forme a na jednom mieste. T\u00fdmto krokom zjednocujeme inform\u00e1cie uveden\u00e9 v r\u00f4znych \u010dl\u00e1nkoch a tie\u017e proces objedn\u00e1vania tla\u010den\u00fdch u\u010debn\u00edc. U\u010debnice a metodiky boli vytvoren\u00e9 prim\u00e1rne pre vytvorenie predmetu\u2026","rel":"","context":"V &quot;Aktu\u00e1lne&quot;","block_context":{"text":"Aktu\u00e1lne","link":"https:\/\/preventista.sk\/info\/category\/akcie\/aktualne\/"},"img":{"alt_text":"","src":"https:\/\/i0.wp.com\/preventista.sk\/info\/wp-content\/uploads\/2024\/03\/image.png?resize=350%2C200&ssl=1","width":350,"height":200,"srcset":"https:\/\/i0.wp.com\/preventista.sk\/info\/wp-content\/uploads\/2024\/03\/image.png?resize=350%2C200&ssl=1 1x, https:\/\/i0.wp.com\/preventista.sk\/info\/wp-content\/uploads\/2024\/03\/image.png?resize=525%2C300&ssl=1 1.5x, https:\/\/i0.wp.com\/preventista.sk\/info\/wp-content\/uploads\/2024\/03\/image.png?resize=700%2C400&ssl=1 2x"},"classes":[]},{"id":5158,"url":"https:\/\/preventista.sk\/info\/co-motivuje-autorov-k-pisaniu-ucebnic-o-bezpecnosti\/","url_meta":{"origin":5928,"position":1},"title":"\u010co motivuje autorov k p\u00edsaniu u\u010debn\u00edc o bezpe\u010dnosti?","author":"Redakcia","date":"15. febru\u00e1ra 2023","format":false,"excerpt":"Knihy o ktor\u00fdch sa v odborn\u00fdch kruhoch mnoho hovor\u00ed, dva diely \u00faspe\u0161n\u00fdch U\u010debn\u00edc informa\u010dnej bezpe\u010dnosti pre stredn\u00e9 \u0161koly a gymn\u00e1zi\u00e1. Vyspovedali sme t\u00edm autorov Mareka Zemana, Daniela Chromeka, Miroslava Bl\u0161\u00e1ka a Jaroslava Ostera. P\u00e4\u0165 ot\u00e1zok a p\u00e4\u0165 zauj\u00edmav\u00fdch odpoved\u00ed. \u010co \u0164a motivovalo obetova\u0165 svoj vo\u013en\u00fd \u010das nap\u00edsaniu u\u017e druhej \u010dasti\u2026","rel":"","context":"V &quot;Bezpe\u010dnos\u0165&quot;","block_context":{"text":"Bezpe\u010dnos\u0165","link":"https:\/\/preventista.sk\/info\/category\/itbezp\/"},"img":{"alt_text":"","src":"https:\/\/i0.wp.com\/preventista.sk\/info\/wp-content\/uploads\/2023\/02\/Ucebnice.png?resize=350%2C200&ssl=1","width":350,"height":200,"srcset":"https:\/\/i0.wp.com\/preventista.sk\/info\/wp-content\/uploads\/2023\/02\/Ucebnice.png?resize=350%2C200&ssl=1 1x, https:\/\/i0.wp.com\/preventista.sk\/info\/wp-content\/uploads\/2023\/02\/Ucebnice.png?resize=525%2C300&ssl=1 1.5x, https:\/\/i0.wp.com\/preventista.sk\/info\/wp-content\/uploads\/2023\/02\/Ucebnice.png?resize=700%2C400&ssl=1 2x"},"classes":[]},{"id":5235,"url":"https:\/\/preventista.sk\/info\/pripravujete-do-noveho-skolskeho-roka-vyuku-tem-it-bezpecnosti-na-vasej-skole\/","url_meta":{"origin":5928,"position":2},"title":"Pripravujete do nov\u00e9ho \u0161kolsk\u00e9ho roka v\u00fduku t\u00e9m IT bezpe\u010dnosti na Va\u0161ej \u0161kole?","author":"Redakcia","date":"9. j\u00fana 2023","format":false,"excerpt":"Pl\u00e1nujete vyu\u017ei\u0165 pr\u00e1zdniny na pr\u00edpravu vzdel\u00e1vania informa\u010dnej a kybernetickej bezpe\u010dnosti na Va\u0161ej \u0161kole? H\u013ead\u00e1te vhodn\u00e9 u\u010debnice? Pripravili sme pre V\u00e1s jednoduch\u00fd s\u00fahrn, \u010do kde m\u00f4\u017eete n\u00e1js\u0165\/ z\u00edska\u0165. Z\u00e1kladn\u00e9 \u0161koly B\u00e1jky pre kyber-hrdinov a detekt\u00edvov elektronick\u00e1 verzia na vo\u013en\u00e9 stiahnutie B\u00e1jky pre kyber-hrdinov a detekt\u00edvov - 1 (preventista.sk) U\u010debnica informa\u010dnej bezpe\u010dnosti\u2026","rel":"","context":"V &quot;Bezpe\u010dnos\u0165&quot;","block_context":{"text":"Bezpe\u010dnos\u0165","link":"https:\/\/preventista.sk\/info\/category\/itbezp\/"},"img":{"alt_text":"","src":"https:\/\/i0.wp.com\/preventista.sk\/info\/wp-content\/uploads\/2023\/06\/skola2023.png?resize=350%2C200&ssl=1","width":350,"height":200,"srcset":"https:\/\/i0.wp.com\/preventista.sk\/info\/wp-content\/uploads\/2023\/06\/skola2023.png?resize=350%2C200&ssl=1 1x, https:\/\/i0.wp.com\/preventista.sk\/info\/wp-content\/uploads\/2023\/06\/skola2023.png?resize=525%2C300&ssl=1 1.5x, https:\/\/i0.wp.com\/preventista.sk\/info\/wp-content\/uploads\/2023\/06\/skola2023.png?resize=700%2C400&ssl=1 2x"},"classes":[]},{"id":5816,"url":"https:\/\/preventista.sk\/info\/tretia-cast-ucebnice-pre-stredne-skoly\/","url_meta":{"origin":5928,"position":3},"title":"Tretia \u010das\u0165 u\u010debnice pre stredn\u00e9 \u0161koly","author":"Redakcia","date":"22. apr\u00edla 2024","format":false,"excerpt":"Tretia \u010das\u0165 U\u010debnice informa\u010dnej bezpe\u010dnosti pre stredn\u00e9 odborn\u00e9 \u0161koly a\u00a0gymn\u00e1zi\u00e1 uzrela svetlo sveta a tak sa uzavrela pl\u00e1novan\u00e1 trojica u\u010debn\u00edc, ktor\u00e9 sme mali v OZ Preventista - zdru\u017eenie pre bezpe\u010dnos\u0165 a prevenciu napl\u00e1novan\u00e9. Prv\u00e9 dve u\u010debnice na\u0161li svoje miesto v slovenskom \u0161kolstve - dnes ich vyu\u017e\u00edva viac ako 300 slovensk\u00fdch\u2026","rel":"","context":"V &quot;Aktu\u00e1lne&quot;","block_context":{"text":"Aktu\u00e1lne","link":"https:\/\/preventista.sk\/info\/category\/akcie\/aktualne\/"},"img":{"alt_text":"","src":"https:\/\/i0.wp.com\/preventista.sk\/info\/wp-content\/uploads\/2024\/03\/image-4.png?resize=350%2C200&ssl=1","width":350,"height":200,"srcset":"https:\/\/i0.wp.com\/preventista.sk\/info\/wp-content\/uploads\/2024\/03\/image-4.png?resize=350%2C200&ssl=1 1x, https:\/\/i0.wp.com\/preventista.sk\/info\/wp-content\/uploads\/2024\/03\/image-4.png?resize=525%2C300&ssl=1 1.5x, https:\/\/i0.wp.com\/preventista.sk\/info\/wp-content\/uploads\/2024\/03\/image-4.png?resize=700%2C400&ssl=1 2x"},"classes":[]},{"id":5520,"url":"https:\/\/preventista.sk\/info\/kyberbezpecnost-gymnazium-a-ucebnice\/","url_meta":{"origin":5928,"position":4},"title":"Kyberbezpe\u010dnos\u0165, gymn\u00e1zium a u\u010debnice","author":"Redakcia","date":"24. janu\u00e1ra 2024","format":false,"excerpt":"Pred tromi rokmi sme sa rozhodli v\u00a0r\u00e1mci inov\u00e1ci\u00ed vzdel\u00e1vania na na\u0161om 1. S\u00fakromnom Banskobystrickom gymn\u00e1ziu zavies\u0165 zameranie kybernetick\u00e1 bezpe\u010dnos\u0165. T\u00e1to na\u0161a idea, by sa nikdy nepretavila do reality neby\u0165 faktu, \u017ee v\u00a0r\u00e1mci oslovovania odborn\u00edkov v\u00a0tejto oblasti a\u00a0h\u013eadania mentora, ktor\u00fd by usmernil, ak\u00fdm smerom sa m\u00e1 ubera\u0165 na\u0161a v\u00fduka, sme nenatrafili\u2026","rel":"","context":"V &quot;Bezpe\u010dnos\u0165&quot;","block_context":{"text":"Bezpe\u010dnos\u0165","link":"https:\/\/preventista.sk\/info\/category\/itbezp\/"},"img":{"alt_text":"","src":"https:\/\/i0.wp.com\/preventista.sk\/info\/wp-content\/uploads\/2024\/01\/logo-PNG.png?resize=350%2C200&ssl=1","width":350,"height":200,"srcset":"https:\/\/i0.wp.com\/preventista.sk\/info\/wp-content\/uploads\/2024\/01\/logo-PNG.png?resize=350%2C200&ssl=1 1x, https:\/\/i0.wp.com\/preventista.sk\/info\/wp-content\/uploads\/2024\/01\/logo-PNG.png?resize=525%2C300&ssl=1 1.5x, https:\/\/i0.wp.com\/preventista.sk\/info\/wp-content\/uploads\/2024\/01\/logo-PNG.png?resize=700%2C400&ssl=1 2x, https:\/\/i0.wp.com\/preventista.sk\/info\/wp-content\/uploads\/2024\/01\/logo-PNG.png?resize=1050%2C600&ssl=1 3x, https:\/\/i0.wp.com\/preventista.sk\/info\/wp-content\/uploads\/2024\/01\/logo-PNG.png?resize=1400%2C800&ssl=1 4x"},"classes":[]},{"id":4531,"url":"https:\/\/preventista.sk\/info\/ucebnica-informacnej-bezpecnosti-z-pohladu-ucitela-a-zaroven-spoluautora\/","url_meta":{"origin":5928,"position":5},"title":"U\u010debnica informa\u010dnej bezpe\u010dnosti z poh\u013eadu u\u010dite\u013ea a z\u00e1rove\u0148 spoluautora","author":"Miroslav Bl\u0161\u00e1k","date":"26. septembra 2021","format":false,"excerpt":"U\u010debnica vo v\u0161eobecnosti nesl\u00fa\u017ei len pre \u017eiakov, ale pom\u00e1ha aj u\u010dite\u013eovi vo v\u00fdchovno-vzdel\u00e1vacom procese. Pravdou je, \u017ee je z\u00e1kladnou pom\u00f4ckou pre pedag\u00f3ga, v\u00a0ktorej by sa mali nach\u00e1dza\u0165 okrem teoretick\u00fdch poznatkov aj \u00falohy zameran\u00e9 na rozvoj myslenia, respekt\u00edve \u00falohy zameran\u00e9 na osvojovanie, precvi\u010dovanie a aplikovanie preberan\u00e9ho u\u010diva. Pr\u00e1ve to obsahuje \u201eU\u010debnica\u2026","rel":"","context":"V &quot;Bezpe\u010dnos\u0165&quot;","block_context":{"text":"Bezpe\u010dnos\u0165","link":"https:\/\/preventista.sk\/info\/category\/itbezp\/"},"img":{"alt_text":"","src":"https:\/\/i0.wp.com\/preventista.sk\/info\/wp-content\/uploads\/2021\/09\/knihy.jpg?resize=350%2C200&ssl=1","width":350,"height":200,"srcset":"https:\/\/i0.wp.com\/preventista.sk\/info\/wp-content\/uploads\/2021\/09\/knihy.jpg?resize=350%2C200&ssl=1 1x, https:\/\/i0.wp.com\/preventista.sk\/info\/wp-content\/uploads\/2021\/09\/knihy.jpg?resize=525%2C300&ssl=1 1.5x, https:\/\/i0.wp.com\/preventista.sk\/info\/wp-content\/uploads\/2021\/09\/knihy.jpg?resize=700%2C400&ssl=1 2x, https:\/\/i0.wp.com\/preventista.sk\/info\/wp-content\/uploads\/2021\/09\/knihy.jpg?resize=1050%2C600&ssl=1 3x"},"classes":[]}],"_links":{"self":[{"href":"https:\/\/preventista.sk\/info\/wp-json\/wp\/v2\/posts\/5928","targetHints":{"allow":["GET"]}}],"collection":[{"href":"https:\/\/preventista.sk\/info\/wp-json\/wp\/v2\/posts"}],"about":[{"href":"https:\/\/preventista.sk\/info\/wp-json\/wp\/v2\/types\/post"}],"author":[{"embeddable":true,"href":"https:\/\/preventista.sk\/info\/wp-json\/wp\/v2\/users\/1"}],"replies":[{"embeddable":true,"href":"https:\/\/preventista.sk\/info\/wp-json\/wp\/v2\/comments?post=5928"}],"version-history":[{"count":63,"href":"https:\/\/preventista.sk\/info\/wp-json\/wp\/v2\/posts\/5928\/revisions"}],"predecessor-version":[{"id":6366,"href":"https:\/\/preventista.sk\/info\/wp-json\/wp\/v2\/posts\/5928\/revisions\/6366"}],"wp:attachment":[{"href":"https:\/\/preventista.sk\/info\/wp-json\/wp\/v2\/media?parent=5928"}],"wp:term":[{"taxonomy":"category","embeddable":true,"href":"https:\/\/preventista.sk\/info\/wp-json\/wp\/v2\/categories?post=5928"},{"taxonomy":"post_tag","embeddable":true,"href":"https:\/\/preventista.sk\/info\/wp-json\/wp\/v2\/tags?post=5928"}],"curies":[{"name":"wp","href":"https:\/\/api.w.org\/{rel}","templated":true}]}}