{"id":596,"date":"2013-07-26T10:15:34","date_gmt":"2013-07-26T08:15:34","guid":{"rendered":"http:\/\/preventista.sk\/info\/?p=596"},"modified":"2014-02-05T18:57:33","modified_gmt":"2014-02-05T17:57:33","slug":"tvoj-napad-moze-pomoct-2011","status":"publish","type":"post","link":"https:\/\/preventista.sk\/info\/tvoj-napad-moze-pomoct-2011\/","title":{"rendered":"Tvoj n\u00e1pad 2012"},"content":{"rendered":"<p><a href=\"https:\/\/i0.wp.com\/preventista.sk\/info\/wp-content\/uploads\/2013\/07\/obr_tvoj_napad.jpg?ssl=1\"><img data-recalc-dims=\"1\" loading=\"lazy\" decoding=\"async\" class=\"alignnone size-full wp-image-602\" alt=\"obr_tvoj_napad\" src=\"https:\/\/i0.wp.com\/preventista.sk\/info\/wp-content\/uploads\/2013\/07\/obr_tvoj_napad.jpg?resize=700%2C300&#038;ssl=1\" width=\"700\" height=\"300\" \/><\/a><\/p>\n<p>Celoslovensk\u00e1 s\u00fa\u0165a\u017e pre \u017eiakov z\u00e1kladn\u00fdch \u0161k\u00f4l a \u0161tudentov stredn\u00fdch \u0161k\u00f4l\u00a0o prevencii po\u010d\u00edta\u010dovej kriminality, nebezpe\u010denstv\u00e1 internetu, autorsk\u00e9\u00a0pr\u00e1vo na internete, soci\u00e1lne siete a ich rizik\u00e1, kyber\u0161ikana\u00a0a \u010fal\u0161ie nebezpe\u010dia s\u00favisiace s vyu\u017e\u00edvan\u00edm po\u010d\u00edta\u010dov.<\/p>\n<p>Organiz\u00e1tor s\u00fa\u0165a\u017ee:\u00a0 Info consult, s.r.o.<\/p>\n<p>&nbsp;<\/p>\n<p><b>1.miesto kateg\u00f3ria\u00a0Z\u00e1kladn\u00e9 \u0161koly\u00a0\u00a0\u00a0\u00a0\u00a0\u00a0\u00a0\u00a0 <\/b><\/p>\n<p><i><span style=\"color: #ff0000;\">Z\u0160 Trsten\u00e1:\u00a0\u00a0 \u00a0Aj internet m\u00f4\u017ee by\u0165 nebezpe\u010dn\u00fd<\/span>\u00a0\u00a0\u00a0<\/i><\/p>\n<p style=\"padding-left: 30px;\">&#8211; \u00a0 \u00a0 \u00a0 \u00a0 \u00a0rozpr\u00e1vka na n\u00e1met \u2013 ochrana pred zneu\u017eit\u00edm na internete<\/p>\n<p style=\"padding-left: 30px;\">&#8211; \u00a0 \u00a0 \u00a0 \u00a0 \u00a0prezent\u00e1cia, \u00faloha pre \u017eiakov druh\u00e9ho ro\u010dn\u00edka na t\u00e9mu soci\u00e1lne siete a ich rizik\u00e1.<\/p>\n<p style=\"padding-left: 30px;\">&#8211;\u00a0\u00a0\u00a0\u00a0\u00a0\u00a0\u00a0\u00a0\u00a0 \u0161kola z\u00edskala jednoro\u010dn\u00fa licenciu rie\u0161enia <span style=\"color: #ff0000;\">Spr\u00e1vca u\u010debne<\/span><\/p>\n<p style=\"padding-left: 30px;\">&#8211;\u00a0\u00a0\u00a0\u00a0\u00a0\u00a0\u00a0\u00a0\u00a0 <i>\u00a0Autori:\u00a0\u00a0\u00a0\u017eiaci 6.A triedy a 2. ro\u010dn\u00edka\u00a0<\/i><\/p>\n<p>&nbsp;<\/p>\n<p><iframe loading=\"lazy\" src=\"\/\/www.youtube.com\/embed\/m1HpOE-9awE?feature=player_embedded\" height=\"360\" width=\"640\" allowfullscreen=\"\" frameborder=\"0\"><\/iframe><br \/>\n<b>2.miesto\u00a0 kateg\u00f3ria\u00a0Z\u00e1kladn\u00e9 \u0161koly\u00a0\u00a0<\/b><\/p>\n<p><span style=\"color: #ff0000;\"><i>Z\u0160 Ko\u0161ice: \u00a0\u00a0(Ne)bezpe\u010dn\u00fd internet<\/i><\/span><\/p>\n<p style=\"padding-left: 30px;\">&#8211;\u00a0\u00a0\u00a0\u00a0\u00a0\u00a0\u00a0\u00a0\u00a0 My \u017eiaci 7.A sme pripravili pre prv\u00e1kov na\u0161ej \u0161koly z\u00e1bavno \u2013 s\u00fa\u0165a\u017en\u00e9 popoludnie na t\u00e9mu (Ne)bezpe\u010dn\u00fd internet. Prostredn\u00edctvom prezent\u00e1cie, rozpr\u00e1vok a videa sme deti nie\u010do nau\u010dili, zabavili sme sa a nakoniec overili ich nov\u00e9 vedomosti v mini s\u00fa\u0165a\u017ei. A o tom, \u017ee sa to de\u0165om naozaj p\u00e1\u010dilo sved\u010d\u00ed fakt, \u017ee n\u00e1s u\u017e pozvali aj druh\u00e1ci. Super te\u0161\u00edme sa! 7.A<\/p>\n<p style=\"padding-left: 30px;\">&#8211; \u00a0 \u00a0 \u00a0 \u00a0 \u00a0autori :\u00a0\u00a0 \u00a0Ema Petrenkov\u00e1, Silvia Kleinov\u00e1,Mi\u0161ka Lakato\u0161ov\u00e1,Sofia Szanisl\u00f3ov\u00e1, Zuzka Ko\u0161\u010d\u00edkov\u00e1,Bibi\u00e1naLuk\u00e1\u010dov\u00e1,Laura Hodurov\u00e1,Simona Machejov\u00e1, J\u00falia Fabi\u0161\u00edkov\u00e1,Bianka Baranov\u00e1<\/p>\n<p><strong>3.miesto kateg\u00f3ria\u00a0Z\u00e1kladn\u00e9 \u0161koly\u00a0<\/strong>\u00a0<b><\/b><\/p>\n<p><span style=\"color: #ff0000;\"><i>Z\u0160 Kardin\u00e1la Alexandra Rudnaya: \u00a0\u00a0Video o nebezpe\u010denstve internetu<\/i><\/span><\/p>\n<p style=\"padding-left: 30px;\">&#8211;\u00a0\u00a0\u00a0\u00a0\u00a0\u00a0\u00a0\u00a0\u00a0 Autori:\u00a0\u00a0 \u017eiaci \u00f4smeho ro\u010dn\u00edka<\/p>\n<p>&nbsp;<\/p>\n<p><strong>1.miesto kateg\u00f3ria\u00a0Stredn\u00e9 \u0161koly \u00a0<\/strong><\/p>\n<p><span style=\"color: #ff0000;\"><em>Stredn\u00e1 odborn\u00e1 \u0161kola Senica:\u00a0 Spolo\u010densk\u00e1 hra pre \u017eiakov II.stup\u0148a Z\u0160<\/em><\/span><\/p>\n<p><span style=\"color: #ff0000;\"><em>&#8211;\u00a0\u00a0\u00a0\u00a0\u00a0\u00a0\u00a0\u00a0\u00a0 <span style=\"color: #000000;\">Autor:\u00a0\u00a0 Ondrej Murdoch<\/span><\/em><\/span><\/p>\n<p>&#8211;\u00a0\u00a0\u00a0\u00a0\u00a0\u00a0\u00a0\u00a0\u00a0 \u0161kola z\u00edskava jednoro\u010dn\u00fa licenciu rie\u0161enia <span style=\"color: #ff0000;\">Spr\u00e1vca u\u010debne<\/span><\/p>\n<p><img decoding=\"async\" alt=\"SONY DSC\" src=\"http:\/\/i2.wp.com\/preventista.sk\/info\/wp-content\/uploads\/2013\/07\/sutaz.jpg?resize=369%2C220\" \/><\/p>\n<p>&nbsp;<\/p>\n","protected":false},"excerpt":{"rendered":"<p>Celoslovensk\u00e1 s\u00fa\u0165a\u017e pre \u017eiakov z\u00e1kladn\u00fdch \u0161k\u00f4l a \u0161tudentov stredn\u00fdch \u0161k\u00f4l\u00a0o prevencii po\u010d\u00edta\u010dovej kriminality, nebezpe\u010denstv\u00e1 internetu, autorsk\u00e9\u00a0pr\u00e1vo na internete, soci\u00e1lne siete a ich rizik\u00e1, kyber\u0161ikana\u00a0a \u010fal\u0161ie nebezpe\u010dia s\u00favisiace s vyu\u017e\u00edvan\u00edm po\u010d\u00edta\u010dov. Organiz\u00e1tor s\u00fa\u0165a\u017ee:\u00a0 Info consult, s.r.o. &nbsp; 1.miesto kateg\u00f3ria\u00a0Z\u00e1kladn\u00e9 \u0161koly\u00a0\u00a0\u00a0\u00a0\u00a0\u00a0\u00a0\u00a0 Z\u0160 Trsten\u00e1:\u00a0\u00a0 \u00a0Aj internet m\u00f4\u017ee by\u0165 nebezpe\u010dn\u00fd\u00a0\u00a0\u00a0 &#8211; \u00a0 \u00a0 \u00a0 \u00a0 \u00a0rozpr\u00e1vka na n\u00e1met \u2013 [&hellip;]<\/p>\n","protected":false},"author":1,"featured_media":1940,"comment_status":"open","ping_status":"open","sticky":false,"template":"","format":"standard","meta":{"jetpack_post_was_ever_published":false,"_jetpack_newsletter_access":"","_jetpack_dont_email_post_to_subs":false,"_jetpack_newsletter_tier_id":0,"_jetpack_memberships_contains_paywalled_content":false,"_jetpack_memberships_contains_paid_content":false,"footnotes":""},"categories":[64],"tags":[65,51,52,56],"class_list":["post-596","post","type-post","status-publish","format-standard","has-post-thumbnail","hentry","category-sutaze","tag-info-consult","tag-prevencia-it-kriminality","tag-skola","tag-sutaz"],"aioseo_notices":[],"jetpack_featured_media_url":"https:\/\/i0.wp.com\/preventista.sk\/info\/wp-content\/uploads\/2013\/07\/N%C3%A1pad-2.jpg?fit=700%2C400&ssl=1","jetpack_sharing_enabled":true,"jetpack-related-posts":[{"id":44,"url":"https:\/\/preventista.sk\/info\/nami-realizovane-aktivity-v-oblasti-prevencie\/","url_meta":{"origin":596,"position":0},"title":"Nami realizovan\u00e9 aktivity v oblasti prevencie","author":"Redakcia","date":"19. j\u00fala 2013","format":false,"excerpt":"SPOLUPR\u00c1CA NA REALIZ\u00c1CII PRIESKUMU (2011\/2012) prieskum soci\u00e1lno-patologick\u00fdch javov na z\u00e1kladn\u00fdch \u0161kol\u00e1ch mesta Lu\u010denec Komisia prevencie, Lu\u010denec\u00a0\u00a0\u00a0 informat\u00edvny \u010dl\u00e1nok z v\u00fdsledkov prieskumu (scoop.it) Modern\u00e9 komunika\u010dn\u00e9 technol\u00f3gie, rizik\u00e1 ich pou\u017e\u00edvania prevencia IT kriminality (12\/2018) vzdel\u00e1vac\u00ed workshop pre pracovn\u00edkov prevencie \u00darad pr\u00e1ce soci\u00e1lnych vec\u00ed a rodiny Lu\u010denec Modern\u00e9 komunika\u010dn\u00e9 technol\u00f3gie, rizik\u00e1 ich pou\u017e\u00edvania,\u2026","rel":"","context":"V &quot;Hist\u00f3ria&quot;","block_context":{"text":"Hist\u00f3ria","link":"https:\/\/preventista.sk\/info\/category\/akcie\/prehladakc\/"},"img":{"alt_text":"","src":"https:\/\/i0.wp.com\/preventista.sk\/info\/wp-content\/uploads\/2013\/07\/spolocne.jpg?fit=700%2C400&ssl=1&resize=350%2C200","width":350,"height":200,"srcset":"https:\/\/i0.wp.com\/preventista.sk\/info\/wp-content\/uploads\/2013\/07\/spolocne.jpg?fit=700%2C400&ssl=1&resize=350%2C200 1x, https:\/\/i0.wp.com\/preventista.sk\/info\/wp-content\/uploads\/2013\/07\/spolocne.jpg?fit=700%2C400&ssl=1&resize=525%2C300 1.5x, https:\/\/i0.wp.com\/preventista.sk\/info\/wp-content\/uploads\/2013\/07\/spolocne.jpg?fit=700%2C400&ssl=1&resize=700%2C400 2x"},"classes":[]},{"id":1866,"url":"https:\/\/preventista.sk\/info\/dobry-napad-moze-pomoct\/","url_meta":{"origin":596,"position":1},"title":"Dobr\u00fd n\u00e1pad m\u00f4\u017ee pom\u00f4c\u0165!","author":"T.Paulus","date":"19. febru\u00e1ra 2014","format":false,"excerpt":"S\u00fa\u0165a\u017e uzavret\u00e1 - pozn\u00e1me \u0161koly s ktor\u00fdmi n\u00e1s \u010dak\u00e1 spolupr\u00e1ca. \u010eakujeme za \u00fa\u010das\u0165. \u00a0 T\u00e9my predn\u00e1\u0161ok Prevencia po\u010d\u00edta\u010dovej kriminality, nebezpe\u010denstv\u00e1 internetu, autorsk\u00e9 pr\u00e1vo na internete, soci\u00e1lne siete a ich rizik\u00e1, kyber\u0161ikana, podvody, zneu\u017e\u00edvanie identitity a \u010fal\u0161ie nebezpe\u010dia s\u00favisiace s vyu\u017e\u00edvan\u00edm po\u010d\u00edta\u010dov. \u00a0 Predn\u00e1\u0161aj\u00faci Ing.Jaroslav Oster, s\u00fadny znalec jeho predn\u00e1\u0161ky pozn\u00e1te\u2026","rel":"","context":"V &quot;S\u00fa\u0165a\u017ee&quot;","block_context":{"text":"S\u00fa\u0165a\u017ee","link":"https:\/\/preventista.sk\/info\/category\/akcie\/sutaze\/"},"img":{"alt_text":"","src":"https:\/\/i0.wp.com\/preventista.sk\/info\/wp-content\/uploads\/2014\/01\/idea_2.jpg?fit=700%2C400&ssl=1&resize=350%2C200","width":350,"height":200,"srcset":"https:\/\/i0.wp.com\/preventista.sk\/info\/wp-content\/uploads\/2014\/01\/idea_2.jpg?fit=700%2C400&ssl=1&resize=350%2C200 1x, https:\/\/i0.wp.com\/preventista.sk\/info\/wp-content\/uploads\/2014\/01\/idea_2.jpg?fit=700%2C400&ssl=1&resize=525%2C300 1.5x, https:\/\/i0.wp.com\/preventista.sk\/info\/wp-content\/uploads\/2014\/01\/idea_2.jpg?fit=700%2C400&ssl=1&resize=700%2C400 2x"},"classes":[]},{"id":2664,"url":"https:\/\/preventista.sk\/info\/tvoj-napad-moze-pomoct-maskot\/","url_meta":{"origin":596,"position":2},"title":"Tvoj n\u00e1pad m\u00f4\u017ee pom\u00f4c\u0165 MASKOT","author":"Redakcia","date":"18. j\u00fana 2015","format":false,"excerpt":"Zapoj sa do celoslovenskej s\u00fa\u0165a\u017ee a\u00a0vyhraj tablet \u00a0 Ako na to? Navrhni pre na\u0161e aktivity maskota \u2013 postavi\u010dku, ktor\u00e1 bude v\u00a0nasleduj\u00facich rokoch pom\u00e1ha\u0165 \u0161\u00edri\u0165 my\u0161lienky bezpe\u010dnosti na internete a prevencie kriminality. \u00a0 Kam posla\u0165 svoj n\u00e1pad? Do 15.septembra 2015 za\u0161li na adresu info@preventista.sk \u00a0\u00a0alebo na ni\u017e\u0161ie uveden\u00fa po\u0161tov\u00fa adresu \u00a0n\u00e1vrh\u2026","rel":"","context":"V &quot;S\u00fa\u0165a\u017ee&quot;","block_context":{"text":"S\u00fa\u0165a\u017ee","link":"https:\/\/preventista.sk\/info\/category\/akcie\/sutaze\/"},"img":{"alt_text":"","src":"https:\/\/i0.wp.com\/preventista.sk\/info\/wp-content\/uploads\/2015\/06\/maskot.jpg?fit=1200%2C848&ssl=1&resize=350%2C200","width":350,"height":200,"srcset":"https:\/\/i0.wp.com\/preventista.sk\/info\/wp-content\/uploads\/2015\/06\/maskot.jpg?fit=1200%2C848&ssl=1&resize=350%2C200 1x, https:\/\/i0.wp.com\/preventista.sk\/info\/wp-content\/uploads\/2015\/06\/maskot.jpg?fit=1200%2C848&ssl=1&resize=525%2C300 1.5x, https:\/\/i0.wp.com\/preventista.sk\/info\/wp-content\/uploads\/2015\/06\/maskot.jpg?fit=1200%2C848&ssl=1&resize=700%2C400 2x, https:\/\/i0.wp.com\/preventista.sk\/info\/wp-content\/uploads\/2015\/06\/maskot.jpg?fit=1200%2C848&ssl=1&resize=1050%2C600 3x"},"classes":[]},{"id":5507,"url":"https:\/\/preventista.sk\/info\/sutaz-pre-ucitelov\/","url_meta":{"origin":596,"position":3},"title":"S\u00fa\u0165a\u017e pre u\u010dite\u013eov","author":"Redakcia","date":"11. janu\u00e1ra 2024","format":false,"excerpt":"Po \u00faspe\u0161nej s\u00fa\u0165a\u017ei pre \u017eiakov a \u0161tudentov vyhlasujeme tvoriv\u00fa s\u00fa\u0165a\u017e tentokr\u00e1t pre u\u010dite\u013eov z\u00e1kladn\u00fdch a stredn\u00fdch \u0161k\u00f4l. Prispejte k zlep\u0161ovaniu vzdel\u00e1vania bezpe\u010dnosti a e\u0161te k tomu z\u00edskate pr\u00ednosn\u00fd a pr\u00edjemn\u00fd benefit. ZADANIE S\u00fa\u0165a\u017eiaci vypracuje jeden pracovn\u00fd list k aktivite s\u00favisiacej s v\u00fdukou zvolenej t\u00e9my informa\u010dnej alebo kybernetickej bezpe\u010dnosti v \u0161kole\u2026","rel":"","context":"V &quot;Aktu\u00e1lne&quot;","block_context":{"text":"Aktu\u00e1lne","link":"https:\/\/preventista.sk\/info\/category\/akcie\/aktualne\/"},"img":{"alt_text":"","src":"https:\/\/i0.wp.com\/preventista.sk\/info\/wp-content\/uploads\/2023\/12\/banner_sutaz_ucitel.png?resize=350%2C200&ssl=1","width":350,"height":200,"srcset":"https:\/\/i0.wp.com\/preventista.sk\/info\/wp-content\/uploads\/2023\/12\/banner_sutaz_ucitel.png?resize=350%2C200&ssl=1 1x, https:\/\/i0.wp.com\/preventista.sk\/info\/wp-content\/uploads\/2023\/12\/banner_sutaz_ucitel.png?resize=525%2C300&ssl=1 1.5x, https:\/\/i0.wp.com\/preventista.sk\/info\/wp-content\/uploads\/2023\/12\/banner_sutaz_ucitel.png?resize=700%2C400&ssl=1 2x"},"classes":[]},{"id":5445,"url":"https:\/\/preventista.sk\/info\/sutaz-pre-zakladne-a-stredne-skoly\/","url_meta":{"origin":596,"position":4},"title":"S\u00fa\u0165a\u017e pre z\u00e1kladn\u00e9 a stredn\u00e9 \u0161koly","author":"Redakcia","date":"30. novembra 2023","format":false,"excerpt":"PREDL\u017dUJEME REGISTR\u00c1CIU DO PRACOVN\u00c9HO T\u00dd\u017dD\u0147A- UZ\u00c1VIERKA: 13.12.2023 r\u00e1no 10:00 Ke\u010f\u017ee 30. november je od roku 1988 vyhl\u00e1sen\u00fd ako De\u0148 po\u010d\u00edta\u010dovej bezpe\u010dnosti, rozhodli sme sa na oslavu tohto kyberbezpe\u010dnostn\u00e9ho \u201csviatku\u201d zorganizova\u0165 s\u00fa\u0165a\u017e pre stredn\u00e9 \u0161koly\/gymn\u00e1zi\u00e1 a z\u00e1kladn\u00e9 \u0161koly. S\u00fa\u0165a\u017e vyhlasujeme za \u00fa\u010delom zvy\u0161ovania bezpe\u010dnostn\u00e9ho povedomia jednej z najkritickej\u0161\u00edch skup\u00edn - seniorov.\u2026","rel":"","context":"V &quot;Aktu\u00e1lne&quot;","block_context":{"text":"Aktu\u00e1lne","link":"https:\/\/preventista.sk\/info\/category\/akcie\/aktualne\/"},"img":{"alt_text":"","src":"https:\/\/i0.wp.com\/preventista.sk\/info\/wp-content\/uploads\/2023\/11\/nauc-babicku-1.png?resize=350%2C200&ssl=1","width":350,"height":200,"srcset":"https:\/\/i0.wp.com\/preventista.sk\/info\/wp-content\/uploads\/2023\/11\/nauc-babicku-1.png?resize=350%2C200&ssl=1 1x, https:\/\/i0.wp.com\/preventista.sk\/info\/wp-content\/uploads\/2023\/11\/nauc-babicku-1.png?resize=525%2C300&ssl=1 1.5x, https:\/\/i0.wp.com\/preventista.sk\/info\/wp-content\/uploads\/2023\/11\/nauc-babicku-1.png?resize=700%2C400&ssl=1 2x"},"classes":[]},{"id":121,"url":"https:\/\/preventista.sk\/info\/prevencia-mestu-nie-je-lahostajna\/","url_meta":{"origin":596,"position":5},"title":"Prevencia mestu nie je \u013eahostajn\u00e1","author":"Redakcia","date":"21. m\u00e1ja 2013","format":false,"excerpt":"Nov\u00e9 technol\u00f3gie nie s\u00fa len u\u017eito\u010dn\u00e9, ale nespr\u00e1vnym pou\u017e\u00edvan\u00ed m\u00f4\u017eu skr\u00fdva\u0165 mnoho ohrozen\u00ed, najm\u00e4 pre na\u0161e deti a \u017eiakov. Mesto \u017diar nad Hronom sa preto rozhodlo v r\u00e1mci Kalend\u00e1ra aktiv\u00edt zameran\u00fdch na prevenciu drogov\u00fdch z\u00e1vislost\u00ed a in\u00fdch soci\u00e1lne patologick\u00fdch javov na rok 2013 zabezpe\u010di\u0165 vzdel\u00e1vanie v tejto oblasti v\u0161etk\u00fdm pedagogick\u00fdm\u2026","rel":"","context":"V &quot;Zaujalo n\u00e1s&quot;","block_context":{"text":"Zaujalo n\u00e1s","link":"https:\/\/preventista.sk\/info\/category\/skusenosti\/zaujalo\/"},"img":{"alt_text":"Ziar nad hronom","src":"https:\/\/i0.wp.com\/preventista.sk\/info\/wp-content\/uploads\/2013\/05\/Ziar.jpg?fit=700%2C400&ssl=1&resize=350%2C200","width":350,"height":200,"srcset":"https:\/\/i0.wp.com\/preventista.sk\/info\/wp-content\/uploads\/2013\/05\/Ziar.jpg?fit=700%2C400&ssl=1&resize=350%2C200 1x, https:\/\/i0.wp.com\/preventista.sk\/info\/wp-content\/uploads\/2013\/05\/Ziar.jpg?fit=700%2C400&ssl=1&resize=525%2C300 1.5x, https:\/\/i0.wp.com\/preventista.sk\/info\/wp-content\/uploads\/2013\/05\/Ziar.jpg?fit=700%2C400&ssl=1&resize=700%2C400 2x"},"classes":[]}],"_links":{"self":[{"href":"https:\/\/preventista.sk\/info\/wp-json\/wp\/v2\/posts\/596","targetHints":{"allow":["GET"]}}],"collection":[{"href":"https:\/\/preventista.sk\/info\/wp-json\/wp\/v2\/posts"}],"about":[{"href":"https:\/\/preventista.sk\/info\/wp-json\/wp\/v2\/types\/post"}],"author":[{"embeddable":true,"href":"https:\/\/preventista.sk\/info\/wp-json\/wp\/v2\/users\/1"}],"replies":[{"embeddable":true,"href":"https:\/\/preventista.sk\/info\/wp-json\/wp\/v2\/comments?post=596"}],"version-history":[{"count":23,"href":"https:\/\/preventista.sk\/info\/wp-json\/wp\/v2\/posts\/596\/revisions"}],"predecessor-version":[{"id":2018,"href":"https:\/\/preventista.sk\/info\/wp-json\/wp\/v2\/posts\/596\/revisions\/2018"}],"wp:featuredmedia":[{"embeddable":true,"href":"https:\/\/preventista.sk\/info\/wp-json\/wp\/v2\/media\/1940"}],"wp:attachment":[{"href":"https:\/\/preventista.sk\/info\/wp-json\/wp\/v2\/media?parent=596"}],"wp:term":[{"taxonomy":"category","embeddable":true,"href":"https:\/\/preventista.sk\/info\/wp-json\/wp\/v2\/categories?post=596"},{"taxonomy":"post_tag","embeddable":true,"href":"https:\/\/preventista.sk\/info\/wp-json\/wp\/v2\/tags?post=596"}],"curies":[{"name":"wp","href":"https:\/\/api.w.org\/{rel}","templated":true}]}}