{"id":6118,"date":"2024-10-07T10:25:00","date_gmt":"2024-10-07T08:25:00","guid":{"rendered":"https:\/\/preventista.sk\/info\/?p=6118"},"modified":"2024-10-01T17:23:14","modified_gmt":"2024-10-01T15:23:14","slug":"debatky-o-bezpecnosti-iii","status":"publish","type":"post","link":"https:\/\/preventista.sk\/info\/debatky-o-bezpecnosti-iii\/","title":{"rendered":"Debatky o bezpe\u010dnosti III."},"content":{"rendered":"\n<p>V tretej \u010dasti sme oslovili na\u0161u akt\u00edvnu \u010dlenku, autorku \u010dl\u00e1nkov pre n\u00e1\u0161 port\u00e1l <strong>Evu Markov\u00fa<\/strong>. Analyzuje, \u0161kol\u00ed, publikuje, venuje sa v\u00fdskumu&#8230; a vo vo\u013enom \u010dase vym\u00fd\u0161la aktivity v r\u00e1mci n\u00e1\u0161ho OZ.<\/p>\n\n\n\n<p><\/p>\n\n\n<div class=\"wp-block-image\">\n<figure class=\"aligncenter size-large is-resized\"><img data-recalc-dims=\"1\" loading=\"lazy\" decoding=\"async\" width=\"700\" height=\"700\" data-attachment-id=\"6051\" data-permalink=\"https:\/\/preventista.sk\/info\/debatky-o-bezpecnosti-ii\/image-22\/\" data-orig-file=\"https:\/\/i0.wp.com\/preventista.sk\/info\/wp-content\/uploads\/2024\/08\/image.png?fit=768%2C768&amp;ssl=1\" data-orig-size=\"768,768\" data-comments-opened=\"1\" data-image-meta=\"{&quot;aperture&quot;:&quot;0&quot;,&quot;credit&quot;:&quot;&quot;,&quot;camera&quot;:&quot;&quot;,&quot;caption&quot;:&quot;&quot;,&quot;created_timestamp&quot;:&quot;0&quot;,&quot;copyright&quot;:&quot;&quot;,&quot;focal_length&quot;:&quot;0&quot;,&quot;iso&quot;:&quot;0&quot;,&quot;shutter_speed&quot;:&quot;0&quot;,&quot;title&quot;:&quot;&quot;,&quot;orientation&quot;:&quot;0&quot;}\" data-image-title=\"image\" data-image-description=\"\" data-image-caption=\"\" data-large-file=\"https:\/\/i0.wp.com\/preventista.sk\/info\/wp-content\/uploads\/2024\/08\/image.png?fit=700%2C700&amp;ssl=1\" src=\"https:\/\/i0.wp.com\/preventista.sk\/info\/wp-content\/uploads\/2024\/08\/image.png?resize=700%2C700&#038;ssl=1\" alt=\"\" class=\"wp-image-6051\" style=\"width:535px;height:auto\" srcset=\"https:\/\/i0.wp.com\/preventista.sk\/info\/wp-content\/uploads\/2024\/08\/image.png?resize=700%2C700&amp;ssl=1 700w, https:\/\/i0.wp.com\/preventista.sk\/info\/wp-content\/uploads\/2024\/08\/image.png?resize=450%2C450&amp;ssl=1 450w, https:\/\/i0.wp.com\/preventista.sk\/info\/wp-content\/uploads\/2024\/08\/image.png?resize=320%2C320&amp;ssl=1 320w, https:\/\/i0.wp.com\/preventista.sk\/info\/wp-content\/uploads\/2024\/08\/image.png?w=768&amp;ssl=1 768w\" sizes=\"auto, (max-width: 700px) 100vw, 700px\" \/><\/figure>\n<\/div>\n\n\n<p class=\"has-text-align-center\"><em>Zdroj obr\u00e1zku: AI Microsoft Copilot Designer, 2024<\/em><\/p>\n\n\n\n<div style=\"height:31px\" aria-hidden=\"true\" class=\"wp-block-spacer\"><\/div>\n\n\n\n<p><em><mark style=\"background-color:rgba(0, 0, 0, 0)\" class=\"has-inline-color has-vivid-cyan-blue-color\">Ka\u017ed\u00fd podobn\u00fd rozhovor za\u010d\u00edname podobne a&nbsp;tak sa nevyhneme tejto ot\u00e1zke ani dnes. \u010co Teba osobne priviedlo do sveta kybernetickej bezpe\u010dnosti a&nbsp;kde si na\u0161la to svoje \u201emiesto\u201c.<\/mark><\/em><\/p>\n\n\n\n<p>Moja cesta za\u010dala v\u00fdberom t\u00e9my bakal\u00e1rskej pr\u00e1ce na vysokej \u0161kole (tuctov\u00e1 odpove\u010f, \u017ee?). Ka\u017edop\u00e1dne je to tak. Od toho momentu sa veci za\u010dali rozv\u00edja\u0165 r\u00f4znymi smermi. Oblas\u0165 kybernetickej bezpe\u010dnosti ma st\u00e1le viac zauj\u00edmala, najm\u00e4 ke\u010f som si uvedomila, \u017ee sa \u010dlovek nemus\u00ed venova\u0165 len jedinej \u010dinnosti &#8211; je to oblas\u0165 pln\u00e1 r\u00f4znorod\u00fdch v\u00fdziev, ktor\u00e9 pon\u00fakaj\u00fa pr\u00edle\u017eitosti zapoji\u0165 sa do viacer\u00fdch aktiv\u00edt (\u010di u\u017e vzdel\u00e1vanie, v\u00fdskum alebo operat\u00edvna \u010dinnos\u0165). Vtedy som si uvedomila, \u017ee toto by mohla by\u0165 t\u00e1 spr\u00e1vna cesta pre m\u0148a. Postupne som roz\u0161irovala svoje obzory a&nbsp;dnes p\u00f4sob\u00edm ako bezpe\u010dnostn\u00fd analytik v&nbsp;spolo\u010dnosti ESET a&nbsp;z\u00e1rove\u0148 ako doktorand v&nbsp;odbore Informatika na Univerzite Pavla Jozefa \u0160af\u00e1rika v&nbsp;Ko\u0161iciach, kde som v&nbsp;poslednom ro\u010dn\u00edku.<\/p>\n\n\n\n<div style=\"height:31px\" aria-hidden=\"true\" class=\"wp-block-spacer\"><\/div>\n\n\n\n<p><em><mark style=\"background-color:rgba(0, 0, 0, 0)\" class=\"has-inline-color has-vivid-cyan-blue-color\">Pred p\u00e1r rokmi si sa stala \u010dlenkou n\u00e1\u0161ho OZ. \u010co bolo t\u00fdm \u201emotiva\u010dn\u00fdm\u201c bliknut\u00edm, ktor\u00e9 priniesli rozhodnutie vyplni\u0165 a&nbsp;zasla\u0165 prihl\u00e1\u0161ku?<\/mark><\/em><\/p>\n\n\n\n<p>U\u017e nejak\u00fd \u010das som prem\u00fd\u0161\u013eala nad t\u00fdm, \u017ee by som chcela robi\u0165 nie\u010do navy\u0161e. Jedn\u00e9ho d\u0148a mi z ni\u010doho ni\u010d napadlo, \u017ee by som si mohla poda\u0165 prihl\u00e1\u0161ku. Vn\u00edmala som, \u017ee OZ Preventista sa akt\u00edvne venuje osvete v oblasti kybernetickej bezpe\u010dnosti, a chcela som sa do toho zapoji\u0165. P\u00edsanie \u010dl\u00e1nkov a predn\u00e1\u0161anie ma bav\u00ed, rovnako ako samotn\u00e9 zvy\u0161ovanie bezpe\u010dnostn\u00e9ho povedomia. Vo v\u0161eobecnosti si toti\u017e m\u00f4\u017eeme v\u0161imn\u00fa\u0165, \u017ee osveta v tejto oblasti nie je ve\u013emi roz\u0161\u00edren\u00e1, aj ke\u010f v s\u00fa\u010dasnosti u\u017e viacero t\u00edmov a spolo\u010dnost\u00ed pracuje pr\u00e1ve na zv\u00fd\u0161en\u00ed povedomia o&nbsp;bezpe\u010dnosti \u010di u\u017e zamestnancov alebo aj \u0161irokej verejnosti. \u00daprimne, nebola som si ist\u00e1, \u010di ma pr\u00edjmu, ale nakoniec sa to podarilo, a za to som ve\u013emi v\u010fa\u010dn\u00e1.<\/p>\n\n\n\n<div style=\"height:31px\" aria-hidden=\"true\" class=\"wp-block-spacer\"><\/div>\n\n\n\n<p><em><mark style=\"background-color:rgba(0, 0, 0, 0)\" class=\"has-inline-color has-vivid-cyan-blue-color\">Nie je tajomstvom, \u017ee si pomerne akt\u00edvna aj vo vzdel\u00e1van\u00ed ml\u00e1de\u017ee v&nbsp;t\u00e9mach informa\u010dnej a&nbsp;kybernetickej bezpe\u010dnosti. Ak\u00fd je Tvoj n\u00e1zor na aktu\u00e1lny stav bezpe\u010dnostn\u00e9ho povedomia mlad\u00fdch?<\/mark><\/em><\/p>\n\n\n\n<p>Sna\u017e\u00edm sa v\u017edy, ke\u010f m\u00e1m pr\u00edle\u017eitos\u0165, odovzda\u0165 svoje poznatky, a&nbsp;to nielen mlad\u00fdm \u013eu\u010fom. Mlad\u00ed si v\u0161ak \u010dasto neuvedomuj\u00fa, \u017ee podvody, podvodn\u00edci a \u00fato\u010dn\u00edci s\u00fa pr\u00edtomn\u00ed aj v ich digit\u00e1lnom svete. Preto, ke\u010f pripravujem predn\u00e1\u0161ku pre ml\u00e1de\u017e, v\u017edy sa sna\u017e\u00edm zd\u00f4razni\u0165 t\u00e9my, ktor\u00e9 s\u00fa pre nich relevantn\u00e9 \u2013 napr\u00edklad malv\u00e9r v hr\u00e1ch, podvodn\u00e9 e-shopy, \u010di najnov\u0161ie aj deepfake. Verte alebo nie, pr\u00e1ve vtedy naozaj vedia odlo\u017ei\u0165 mobil a za\u010da\u0165 po\u010d\u00fava\u0165. Samozrejme, nechcem tvrdi\u0165, \u017ee v\u0161etci mlad\u00ed nemaj\u00fa o t\u00fdchto veciach preh\u013ead, ale mnoh\u00ed ani netu\u0161ia, \u017ee napr\u00edklad aj hry alebo s\u0165ahovanie z nezn\u00e1mych zdrojov m\u00f4\u017ee by\u0165 ve\u013emi nebezpe\u010dn\u00e9.<\/p>\n\n\n\n<div style=\"height:31px\" aria-hidden=\"true\" class=\"wp-block-spacer\"><\/div>\n\n\n\n<p><em><mark style=\"background-color:rgba(0, 0, 0, 0)\" class=\"has-inline-color has-vivid-cyan-blue-color\">Trochu samochv\u00e1ly neu\u0161kod\u00ed \u2013 predstav n\u00e1m aspo\u0148 jeden projekt z&nbsp;tohto s\u00fadka na ktor\u00fd si hrd\u00e1.<\/mark><\/em><\/p>\n\n\n\n<p>Najviac hrd\u00e1 som na projekt, ktor\u00fd sme spustili minul\u00fd rok v&nbsp;novembri. Je to v\u0161ak zatia\u013e mal\u00fdm tajomstvom, a nechcem \u010ditate\u013eov pripravi\u0165 o moment prekvapenia, ke\u010f ho ofici\u00e1lne predstav\u00edme. Preto zatia\u013e nebudem prezr\u00e1dza\u0165 detaily, ale osta\u0148te v strehu. &#x1f60a;<\/p>\n\n\n\n<div style=\"height:31px\" aria-hidden=\"true\" class=\"wp-block-spacer\"><\/div>\n\n\n\n<p><em><mark style=\"background-color:rgba(0, 0, 0, 0)\" class=\"has-inline-color has-vivid-cyan-blue-color\">Prezrad\u00edme na Teba, \u017ee v&nbsp;OZ Preventista stoj\u00ed Tvoja tvorivos\u0165 za my\u0161lienkou v&nbsp;r\u00e1mci ktorej vznikol seri\u00e1l <strong>&#8230;.nau\u010d svoju babi\u010dku ako rozpozn\u00e1 podvody na internete<\/strong>. Pre\u010do si mysl\u00ed\u0161, \u017ee je d\u00f4le\u017eit\u00e9 venova\u0165 sa pr\u00e1ve seniorn\u00fdm skupin\u00e1m?<\/mark><\/em><\/p>\n\n\n\n<p>V telev\u00edzii aj v r\u00f4znych \u010dl\u00e1nkoch \u010dasto vid\u00edme, \u017ee star\u0161\u00ed \u013eudia sa st\u00e1vaj\u00fa obe\u0165ami r\u00f4znych podvodov. Mysl\u00edm si, \u017ee to je \u010dasto preto, lebo nemaj\u00fa dostato\u010dn\u00fd preh\u013ead o digit\u00e1lnom svete a jeho fungovan\u00ed. Cie\u013eom tohto seri\u00e1lu bolo preto jednoduchou a zrozumite\u013enou formou vysvetli\u0165 niektor\u00e9 sp\u00f4soby, ako tieto podvody rozpozna\u0165. Uvedomujem si v\u0161ak, \u017ee mnoh\u00ed seniori ani nevyu\u017e\u00edvaj\u00fa internet, alebo ho vyu\u017e\u00edvaj\u00fa, ale nemaj\u00fa preh\u013ead o&nbsp;r\u00f4znych bezpe\u010dnostn\u00fdch hrozb\u00e1ch. Preto je my\u0161lienka za t\u00fdmto projektom tak\u00e1, \u017ee deti \u010di vn\u00fa\u010dat\u00e1 m\u00f4\u017eu star\u0161\u00edm gener\u00e1ci\u00e1m \u201e<em>\u013eudskou re\u010dou<\/em>\u201c vysvetli\u0165, ako sa chr\u00e1ni\u0165 pred podvodmi v digit\u00e1lnom svete.<\/p>\n\n\n<div class=\"wp-block-image\">\n<figure class=\"aligncenter size-large is-resized\"><img data-recalc-dims=\"1\" loading=\"lazy\" decoding=\"async\" width=\"700\" height=\"587\" data-attachment-id=\"5206\" data-permalink=\"https:\/\/preventista.sk\/info\/vojakov-na-socialnych-sietach-zaujima-vasa-penazenka-nie-vy\/nauc-babicku\/\" data-orig-file=\"https:\/\/i0.wp.com\/preventista.sk\/info\/wp-content\/uploads\/2023\/04\/nauc-babicku.png?fit=940%2C788&amp;ssl=1\" data-orig-size=\"940,788\" data-comments-opened=\"1\" data-image-meta=\"{&quot;aperture&quot;:&quot;0&quot;,&quot;credit&quot;:&quot;&quot;,&quot;camera&quot;:&quot;&quot;,&quot;caption&quot;:&quot;&quot;,&quot;created_timestamp&quot;:&quot;0&quot;,&quot;copyright&quot;:&quot;&quot;,&quot;focal_length&quot;:&quot;0&quot;,&quot;iso&quot;:&quot;0&quot;,&quot;shutter_speed&quot;:&quot;0&quot;,&quot;title&quot;:&quot;&quot;,&quot;orientation&quot;:&quot;0&quot;}\" data-image-title=\"nauc babicku\" data-image-description=\"\" data-image-caption=\"\" data-large-file=\"https:\/\/i0.wp.com\/preventista.sk\/info\/wp-content\/uploads\/2023\/04\/nauc-babicku.png?fit=700%2C587&amp;ssl=1\" src=\"https:\/\/i0.wp.com\/preventista.sk\/info\/wp-content\/uploads\/2023\/04\/nauc-babicku.png?resize=700%2C587&#038;ssl=1\" alt=\"\" class=\"wp-image-5206\" style=\"width:426px;height:auto\" srcset=\"https:\/\/i0.wp.com\/preventista.sk\/info\/wp-content\/uploads\/2023\/04\/nauc-babicku.png?resize=700%2C587&amp;ssl=1 700w, https:\/\/i0.wp.com\/preventista.sk\/info\/wp-content\/uploads\/2023\/04\/nauc-babicku.png?resize=450%2C377&amp;ssl=1 450w, https:\/\/i0.wp.com\/preventista.sk\/info\/wp-content\/uploads\/2023\/04\/nauc-babicku.png?resize=320%2C268&amp;ssl=1 320w, https:\/\/i0.wp.com\/preventista.sk\/info\/wp-content\/uploads\/2023\/04\/nauc-babicku.png?resize=768%2C644&amp;ssl=1 768w, https:\/\/i0.wp.com\/preventista.sk\/info\/wp-content\/uploads\/2023\/04\/nauc-babicku.png?w=940&amp;ssl=1 940w\" sizes=\"auto, (max-width: 700px) 100vw, 700px\" \/><\/figure>\n<\/div>\n\n\n<div style=\"height:31px\" aria-hidden=\"true\" class=\"wp-block-spacer\"><\/div>\n\n\n\n<p><em><mark style=\"background-color:rgba(0, 0, 0, 0)\" class=\"has-inline-color has-vivid-cyan-blue-color\">Z\u00e1kladom toho, \u010do seri\u00e1l chcel cestou \u0161tuduj\u00facej ml\u00e1de\u017ee posun\u00fa\u0165 seniorom bolo aj \u201epochopite\u013en\u00e9\u201c podanie navonok zlo\u017eito p\u00f4sobiacej oblasti nazvanej OSINT. Sk\u00fasme by\u0165 v&nbsp;tomto projekte aj trochu edukat\u00edvny \u2013 mohla by si \u010ditate\u013eom pribl\u00ed\u017ei\u0165 v&nbsp;skratke o&nbsp;\u010do ide, pr\u00edpadne upriami\u0165 pozornos\u0165 na niektor\u00fd z&nbsp;Tvojich edukat\u00edvnych \u010dl\u00e1nkov alebo predn\u00e1\u0161ok, ktor\u00e9 s\u00fa k&nbsp;tejto problematike verejne dostupn\u00e9?<\/mark><\/em><\/p>\n\n\n\n<p>OSINT (Open Source Intelligence) existuje u\u017e ve\u013emi dlho, ale tento pojem sa stal popul\u00e1rnym a\u017e v posledn\u00fdch rokoch. V skratke ide o techniky a n\u00e1stroje na zhroma\u017e\u010fovanie, korel\u00e1ciu a anal\u00fdzu inform\u00e1ci\u00ed z verejne dostupn\u00fdch zdrojov, ako s\u00fa napr\u00edklad internet, m\u00e9di\u00e1, verejn\u00e9 z\u00e1znamy \u010di soci\u00e1lne siete. Tieto d\u00e1ta m\u00f4\u017eu by\u0165 o osob\u00e1ch, firm\u00e1ch, zariadeniach \u010di in\u00fdch verejne pr\u00edstupn\u00fdch inform\u00e1ci\u00e1ch.<\/p>\n\n\n\n<p>Pribl\u00ed\u017eme si to na dvoch pr\u00edkladoch:<\/p>\n\n\n\n<ul class=\"wp-block-list\">\n<li><strong>Vyh\u013ead\u00e1vanie inform\u00e1ci\u00ed o osobe<\/strong>: Predstavme si, \u017ee niekoho potrebujeme preveri\u0165 pred stretnut\u00edm. Pomocou OSINT techn\u00edk m\u00f4\u017eeme skombinova\u0165 inform\u00e1cie z jeho soci\u00e1lnych siet\u00ed, verejn\u00fdch pr\u00edspevkov a profesion\u00e1lnych profilov, aby sme si vytvorili obraz o jeho aktivit\u00e1ch \u010di zru\u010dnostiach.<\/li>\n\n\n\n<li><strong>Sk\u00famanie zranite\u013enost\u00ed v zariadeniach<\/strong>: Predpokladajme, \u017ee chceme vedie\u0165, ak\u00e9 zariadenia s\u00fa pripojen\u00e9 k verejnej sieti. Pomocou OSINT m\u00f4\u017eeme z\u00edska\u0165 inform\u00e1cie o tom, ak\u00e9 zariadenia s\u00fa akt\u00edvne a \u010di maj\u00fa nejak\u00e9 bezpe\u010dnostn\u00e9 slabiny, ktor\u00e9 by mohli by\u0165 zneu\u017eit\u00e9.<\/li>\n<\/ul>\n\n\n\n<p>Ak by som mala upriami\u0165 pozornos\u0165 na konkr\u00e9tny \u010dl\u00e1nok alebo predn\u00e1\u0161ku, ur\u010dite by som spomenula pr\u00e1ve s\u00e9riu \u010dl\u00e1nkov z u\u017e vy\u0161\u0161ie zmienen\u00e9ho seri\u00e1lu. Jeden z t\u00fdchto \u010dl\u00e1nkov n\u00e1jdete tu: <a href=\"https:\/\/preventista.sk\/info\/vojakov-na-socialnych-sietach-zaujima-vasa-penazenka-nie-vy\/\">\u201eVojakov\u201c na soci\u00e1lnych sie\u0165ach zauj\u00edma Va\u0161a pe\u0148a\u017eenka, nie Vy | Preventista.sk<\/a> <\/p>\n\n\n\n<div style=\"height:31px\" aria-hidden=\"true\" class=\"wp-block-spacer\"><\/div>\n\n\n\n<p><em><mark style=\"background-color:rgba(0, 0, 0, 0)\" class=\"has-inline-color has-vivid-cyan-blue-color\">Na z\u00e1ver pre od\u013eah\u010denie n\u00e1ro\u010dnej t\u00e9my kyberbezpe\u010dnosti. Sta\u010d\u00ed google a&nbsp;\u010ditate\u013e ve\u013emi r\u00fdchlo zist\u00ed rozsah (teda publikovan\u00fd) Tvojich aktiv\u00edt v&nbsp;oblasti eduk\u00e1cie. Pri troche jednoduchej sumariz\u00e1cie napad\u00e1 jednoduch\u00e1 ot\u00e1zka \u2013 ako to v\u0161etko st\u00edha\u0161 a&nbsp;kedy \u017eije\u0161 tak\u00fd ten \u017eivot \u201epre seba\u201c.<\/mark><\/em><\/p>\n\n\n\n<p>Zo v\u0161etk\u00fdch siedmich ot\u00e1zok je pr\u00e1ve t\u00e1to naj\u0165a\u017e\u0161ia &#x1f60a;. Jednoslovn\u00e1 odpove\u010f by bola \u201enest\u00edham\u201c. Ale ke\u010f to rozviniem, povedala by som, \u017ee \u017eivot \u201epre seba\u201c prich\u00e1dza v momentoch, ke\u010f si dok\u00e1\u017eem efekt\u00edvne zorganizova\u0165 \u010das. Time management je pre m\u0148a k\u013e\u00fa\u010dov\u00fd, lebo bez neho by som len \u0165a\u017eko nie\u010do st\u00edhala. Ke\u010f m\u00e1m veci napl\u00e1novan\u00e9, n\u00e1jdem si \u010das aj na aktivity, ktor\u00e9 mi prin\u00e1\u0161aj\u00fa rados\u0165 a oddych \u2013 \u010di u\u017e sa jedn\u00e1 o&nbsp;vo\u013eno\u010dasov\u00e9 aktivity, vzdel\u00e1vanie sa alebo len chv\u00ed\u013eku pokoja pre seba.<\/p>\n\n\n\n<p><\/p>\n\n\n\n<p><em><mark style=\"background-color:rgba(0, 0, 0, 0)\" class=\"has-inline-color has-vivid-cyan-blue-color\">\u010eakujeme za rozhovor<\/mark><\/em><\/p>\n\n\n\n<p><\/p>\n","protected":false},"excerpt":{"rendered":"<p>V tretej \u010dasti sme oslovili na\u0161u akt\u00edvnu \u010dlenku, autorku \u010dl\u00e1nkov pre n\u00e1\u0161 port\u00e1l Evu Markov\u00fa. Analyzuje, \u0161kol\u00ed, publikuje, venuje sa v\u00fdskumu&#8230; a vo vo\u013enom \u010dase vym\u00fd\u0161la aktivity v r\u00e1mci n\u00e1\u0161ho OZ. Zdroj obr\u00e1zku: AI Microsoft Copilot Designer, 2024 Ka\u017ed\u00fd podobn\u00fd rozhovor za\u010d\u00edname podobne a&nbsp;tak sa nevyhneme tejto ot\u00e1zke ani dnes. \u010co Teba osobne priviedlo do [&hellip;]<\/p>\n","protected":false},"author":1,"featured_media":0,"comment_status":"open","ping_status":"open","sticky":false,"template":"","format":"standard","meta":{"jetpack_post_was_ever_published":false,"_jetpack_newsletter_access":"","_jetpack_dont_email_post_to_subs":false,"_jetpack_newsletter_tier_id":0,"_jetpack_memberships_contains_paywalled_content":false,"_jetpack_memberships_contains_paid_content":false,"footnotes":""},"categories":[165],"tags":[32,164],"class_list":["post-6118","post","type-post","status-publish","format-standard","hentry","category-debatky-o-bezpecnosti","tag-bezpecnost","tag-debatky-o-bezpecnosti"],"aioseo_notices":[],"jetpack_featured_media_url":"","jetpack_sharing_enabled":true,"jetpack-related-posts":[{"id":5525,"url":"https:\/\/preventista.sk\/info\/cluster-kybernetickej-bezpecnosti\/","url_meta":{"origin":6118,"position":0},"title":"Cluster Kybernetickej Bezpe\u010dnosti","author":"Redakcia","date":"17. janu\u00e1ra 2024","format":false,"excerpt":"Jednou z organiz\u00e1ci\u00ed, ktor\u00e1 sa na Slovensku intenz\u00edvne venuje podpore slovensk\u00fdch \u0161k\u00f4l pre zvy\u0161ovan\u00ed kompetenci\u00ed v oblasti technickej str\u00e1nky kybernetickej bezpe\u010dnosti je Cluster Kybernetickej Bezpe\u010dnosti z Liptovsk\u00e9ho Mikul\u00e1\u0161a. Vyspovedali sme J\u00e1na Lichv\u00e1ra, predsedu tohto zdru\u017eenia a polo\u017eili sme mu p\u00e1r ot\u00e1zok. Cluster kybernetickej bezpe\u010dnosti, m\u00f4\u017eete n\u00e1m p\u00e1r slovami pribl\u00ed\u017ei\u0165 \u010do\u2026","rel":"","context":"V &quot;Bezpe\u010dnos\u0165&quot;","block_context":{"text":"Bezpe\u010dnos\u0165","link":"https:\/\/preventista.sk\/info\/category\/itbezp\/"},"img":{"alt_text":"","src":"https:\/\/i0.wp.com\/preventista.sk\/info\/wp-content\/uploads\/2023\/12\/ckb-logo-02.jpg?resize=350%2C200&ssl=1","width":350,"height":200},"classes":[]},{"id":6315,"url":"https:\/\/preventista.sk\/info\/debatky-o-bezpecnosti-iv\/","url_meta":{"origin":6118,"position":1},"title":"Debatky o bezpe\u010dnosti IV","author":"Redakcia","date":"15. janu\u00e1ra 2025","format":false,"excerpt":"V \u0161tvrtej \u010dasti sme vyspovedali odborn\u00edka z trochu inej oblasti bezpe\u010dnosti a to z pr\u00e1vnej sf\u00e9ry. Meno Miroslav Chl\u00edpala je \u0161irokej odbornej i laickej verejnosti zn\u00e1me z mnoh\u00fdch konferenci\u00ed, vzdel\u00e1vac\u00edch semin\u00e1rov, ale zn\u00e1me s\u00fa aj jeho publik\u00e1cie. Zdroj obr\u00e1zku: AI Microsoft Copilot Designer, 2024 Na \u00favod jednoduch\u0161ia ot\u00e1zka. \u010co motivuje\u2026","rel":"","context":"V &quot;Debatky o bezpe\u010dnosti&quot;","block_context":{"text":"Debatky o bezpe\u010dnosti","link":"https:\/\/preventista.sk\/info\/category\/itbezp\/debatky-o-bezpecnosti\/"},"img":{"alt_text":"","src":"https:\/\/i0.wp.com\/preventista.sk\/info\/wp-content\/uploads\/2024\/08\/image.png?resize=350%2C200&ssl=1","width":350,"height":200,"srcset":"https:\/\/i0.wp.com\/preventista.sk\/info\/wp-content\/uploads\/2024\/08\/image.png?resize=350%2C200&ssl=1 1x, https:\/\/i0.wp.com\/preventista.sk\/info\/wp-content\/uploads\/2024\/08\/image.png?resize=525%2C300&ssl=1 1.5x, https:\/\/i0.wp.com\/preventista.sk\/info\/wp-content\/uploads\/2024\/08\/image.png?resize=700%2C400&ssl=1 2x"},"classes":[]},{"id":5890,"url":"https:\/\/preventista.sk\/info\/ucebnice-informacnej-bezpecnosti-suhrn\/","url_meta":{"origin":6118,"position":2},"title":"U\u010debnice informa\u010dnej bezpe\u010dnosti &#8211; s\u00fahrn","author":"Redakcia","date":"22. novembra 2025","format":false,"excerpt":"Pripravili sme pre V\u00e1s aktualizovan\u00fd s\u00fahrn z\u00e1kladn\u00fdch inform\u00e1ci\u00ed o jednotliv\u00fdch dieloch U\u010debnice informa\u010dnej bezpe\u010dnosti pre stredn\u00e9 odborn\u00e9 \u0161koly a gymn\u00e1zi\u00e1 v ucelenej forme a na jednom mieste. T\u00fdmto krokom zjednocujeme inform\u00e1cie uveden\u00e9 v r\u00f4znych \u010dl\u00e1nkoch a tie\u017e proces objedn\u00e1vania tla\u010den\u00fdch u\u010debn\u00edc. U\u010debnice a metodiky boli vytvoren\u00e9 prim\u00e1rne pre vytvorenie predmetu\u2026","rel":"","context":"V &quot;Aktu\u00e1lne&quot;","block_context":{"text":"Aktu\u00e1lne","link":"https:\/\/preventista.sk\/info\/category\/akcie\/aktualne\/"},"img":{"alt_text":"","src":"https:\/\/i0.wp.com\/preventista.sk\/info\/wp-content\/uploads\/2024\/03\/image.png?resize=350%2C200&ssl=1","width":350,"height":200,"srcset":"https:\/\/i0.wp.com\/preventista.sk\/info\/wp-content\/uploads\/2024\/03\/image.png?resize=350%2C200&ssl=1 1x, https:\/\/i0.wp.com\/preventista.sk\/info\/wp-content\/uploads\/2024\/03\/image.png?resize=525%2C300&ssl=1 1.5x, https:\/\/i0.wp.com\/preventista.sk\/info\/wp-content\/uploads\/2024\/03\/image.png?resize=700%2C400&ssl=1 2x"},"classes":[]},{"id":4472,"url":"https:\/\/preventista.sk\/info\/vzdelavanie-informacnej-bezpecnosti-na-strednych-skolach-ma-sancu\/","url_meta":{"origin":6118,"position":3},"title":"Vzdel\u00e1vanie informa\u010dnej bezpe\u010dnosti na stredn\u00fdch \u0161kol\u00e1ch m\u00e1 \u0161ancu!","author":"Marek Zeman","date":"14. septembra 2021","format":false,"excerpt":"S\u00a0ve\u013ekou rados\u0165ou v\u00e1m oznamujeme, \u017ee svetlo sveta uzrela \u201eU\u010debnica informa\u010dnej bezpe\u010dnosti pre stredn\u00e9 \u0161koly a\u00a0gymn\u00e1zi\u00e1, prv\u00e1 \u010das\u0165\u201c. Je to u\u010debnica, ktor\u00e1 je v\u00a0na\u0161ich kon\u010din\u00e1ch prelomov\u00e1. Pomocou u\u010debnice je mo\u017en\u00e9 vytvori\u0165 pevn\u00e9 z\u00e1klady osobnej bezpe\u010dnosti a\u00a0z\u00e1rove\u0148 si osvoji\u0165 vedomosti, ktor\u00e9 tvoria jadro te\u00f3rie informa\u010dnej bezpe\u010dnosti. Za\u010diatkom roka 2020 vznikla po\u017eiadavka 1.\u2026","rel":"","context":"V &quot;Bezpe\u010dnos\u0165&quot;","block_context":{"text":"Bezpe\u010dnos\u0165","link":"https:\/\/preventista.sk\/info\/category\/itbezp\/"},"img":{"alt_text":"","src":"https:\/\/i0.wp.com\/preventista.sk\/info\/wp-content\/uploads\/2021\/09\/kniha-2021.png?fit=762%2C1200&ssl=1&resize=350%2C200","width":350,"height":200,"srcset":"https:\/\/i0.wp.com\/preventista.sk\/info\/wp-content\/uploads\/2021\/09\/kniha-2021.png?fit=762%2C1200&ssl=1&resize=350%2C200 1x, https:\/\/i0.wp.com\/preventista.sk\/info\/wp-content\/uploads\/2021\/09\/kniha-2021.png?fit=762%2C1200&ssl=1&resize=525%2C300 1.5x, https:\/\/i0.wp.com\/preventista.sk\/info\/wp-content\/uploads\/2021\/09\/kniha-2021.png?fit=762%2C1200&ssl=1&resize=700%2C400 2x"},"classes":[]},{"id":5179,"url":"https:\/\/preventista.sk\/info\/o-kybernetickej-bezpecnosti-nestaci-len-rozpravat-alias-krst-nasej-ucebnice\/","url_meta":{"origin":6118,"position":4},"title":"O kybernetickej bezpe\u010dnosti nesta\u010d\u00ed len rozpr\u00e1va\u0165  alias krst na\u0161ej u\u010debnice","author":"Redakcia","date":"22. marca 2023","format":false,"excerpt":"O kybernetickej bezpe\u010dnosti nesta\u010d\u00ed len rozpr\u00e1va\u0165 OZ Preventista a\u00a0spolo\u010dnos\u0165 ESET \u00a0spolo\u010dn\u00fdmi silami pripravili\u00a0krst druhej \u010dasti \u00faspe\u0161nej U\u010debnice informa\u010dnej bezpe\u010dnosti pre stredn\u00e9 \u0161koly a gymn\u00e1zi\u00e1, ktorej cie\u013eom je poskytn\u00fa\u0165 kvalitn\u00fd \u0161tudijn\u00fd materi\u00e1l pre vyu\u010dovania informa\u010dnej bezpe\u010dnosti ako ucelen\u00e9ho predmetu na stredn\u00fdch \u0161kol\u00e1ch. U\u010debnicu pokrst\u00ed COO spolo\u010dnosti ESET, Pavel Luka, za pr\u00edtomnosti\u2026","rel":"","context":"V &quot;Akcie&quot;","block_context":{"text":"Akcie","link":"https:\/\/preventista.sk\/info\/category\/akcie\/"},"img":{"alt_text":"","src":"https:\/\/i0.wp.com\/preventista.sk\/info\/wp-content\/uploads\/2023\/01\/NovaKniha_kniha.png?resize=350%2C200&ssl=1","width":350,"height":200},"classes":[]},{"id":5158,"url":"https:\/\/preventista.sk\/info\/co-motivuje-autorov-k-pisaniu-ucebnic-o-bezpecnosti\/","url_meta":{"origin":6118,"position":5},"title":"\u010co motivuje autorov k p\u00edsaniu u\u010debn\u00edc o bezpe\u010dnosti?","author":"Redakcia","date":"15. febru\u00e1ra 2023","format":false,"excerpt":"Knihy o ktor\u00fdch sa v odborn\u00fdch kruhoch mnoho hovor\u00ed, dva diely \u00faspe\u0161n\u00fdch U\u010debn\u00edc informa\u010dnej bezpe\u010dnosti pre stredn\u00e9 \u0161koly a gymn\u00e1zi\u00e1. Vyspovedali sme t\u00edm autorov Mareka Zemana, Daniela Chromeka, Miroslava Bl\u0161\u00e1ka a Jaroslava Ostera. P\u00e4\u0165 ot\u00e1zok a p\u00e4\u0165 zauj\u00edmav\u00fdch odpoved\u00ed. \u010co \u0164a motivovalo obetova\u0165 svoj vo\u013en\u00fd \u010das nap\u00edsaniu u\u017e druhej \u010dasti\u2026","rel":"","context":"V &quot;Bezpe\u010dnos\u0165&quot;","block_context":{"text":"Bezpe\u010dnos\u0165","link":"https:\/\/preventista.sk\/info\/category\/itbezp\/"},"img":{"alt_text":"","src":"https:\/\/i0.wp.com\/preventista.sk\/info\/wp-content\/uploads\/2023\/02\/Ucebnice.png?resize=350%2C200&ssl=1","width":350,"height":200,"srcset":"https:\/\/i0.wp.com\/preventista.sk\/info\/wp-content\/uploads\/2023\/02\/Ucebnice.png?resize=350%2C200&ssl=1 1x, https:\/\/i0.wp.com\/preventista.sk\/info\/wp-content\/uploads\/2023\/02\/Ucebnice.png?resize=525%2C300&ssl=1 1.5x, https:\/\/i0.wp.com\/preventista.sk\/info\/wp-content\/uploads\/2023\/02\/Ucebnice.png?resize=700%2C400&ssl=1 2x"},"classes":[]}],"_links":{"self":[{"href":"https:\/\/preventista.sk\/info\/wp-json\/wp\/v2\/posts\/6118","targetHints":{"allow":["GET"]}}],"collection":[{"href":"https:\/\/preventista.sk\/info\/wp-json\/wp\/v2\/posts"}],"about":[{"href":"https:\/\/preventista.sk\/info\/wp-json\/wp\/v2\/types\/post"}],"author":[{"embeddable":true,"href":"https:\/\/preventista.sk\/info\/wp-json\/wp\/v2\/users\/1"}],"replies":[{"embeddable":true,"href":"https:\/\/preventista.sk\/info\/wp-json\/wp\/v2\/comments?post=6118"}],"version-history":[{"count":7,"href":"https:\/\/preventista.sk\/info\/wp-json\/wp\/v2\/posts\/6118\/revisions"}],"predecessor-version":[{"id":6158,"href":"https:\/\/preventista.sk\/info\/wp-json\/wp\/v2\/posts\/6118\/revisions\/6158"}],"wp:attachment":[{"href":"https:\/\/preventista.sk\/info\/wp-json\/wp\/v2\/media?parent=6118"}],"wp:term":[{"taxonomy":"category","embeddable":true,"href":"https:\/\/preventista.sk\/info\/wp-json\/wp\/v2\/categories?post=6118"},{"taxonomy":"post_tag","embeddable":true,"href":"https:\/\/preventista.sk\/info\/wp-json\/wp\/v2\/tags?post=6118"}],"curies":[{"name":"wp","href":"https:\/\/api.w.org\/{rel}","templated":true}]}}