{"id":6315,"date":"2025-01-15T22:18:43","date_gmt":"2025-01-15T21:18:43","guid":{"rendered":"https:\/\/preventista.sk\/info\/?p=6315"},"modified":"2025-01-15T22:18:48","modified_gmt":"2025-01-15T21:18:48","slug":"debatky-o-bezpecnosti-iv","status":"publish","type":"post","link":"https:\/\/preventista.sk\/info\/debatky-o-bezpecnosti-iv\/","title":{"rendered":"Debatky o bezpe\u010dnosti IV"},"content":{"rendered":"\n<p>V \u0161tvrtej \u010dasti sme vyspovedali odborn\u00edka z trochu inej oblasti bezpe\u010dnosti a to z pr\u00e1vnej sf\u00e9ry. Meno Miroslav Chl\u00edpala je \u0161irokej odbornej i laickej verejnosti zn\u00e1me z mnoh\u00fdch konferenci\u00ed, vzdel\u00e1vac\u00edch semin\u00e1rov, ale zn\u00e1me s\u00fa aj jeho publik\u00e1cie. <\/p>\n\n\n\n<div style=\"height:18px\" aria-hidden=\"true\" class=\"wp-block-spacer\"><\/div>\n\n\n<div class=\"wp-block-image\">\n<figure class=\"aligncenter size-large is-resized\"><img data-recalc-dims=\"1\" loading=\"lazy\" decoding=\"async\" width=\"700\" height=\"700\" data-attachment-id=\"6051\" data-permalink=\"https:\/\/preventista.sk\/info\/debatky-o-bezpecnosti-ii\/image-22\/\" data-orig-file=\"https:\/\/i0.wp.com\/preventista.sk\/info\/wp-content\/uploads\/2024\/08\/image.png?fit=768%2C768&amp;ssl=1\" data-orig-size=\"768,768\" data-comments-opened=\"1\" data-image-meta=\"{&quot;aperture&quot;:&quot;0&quot;,&quot;credit&quot;:&quot;&quot;,&quot;camera&quot;:&quot;&quot;,&quot;caption&quot;:&quot;&quot;,&quot;created_timestamp&quot;:&quot;0&quot;,&quot;copyright&quot;:&quot;&quot;,&quot;focal_length&quot;:&quot;0&quot;,&quot;iso&quot;:&quot;0&quot;,&quot;shutter_speed&quot;:&quot;0&quot;,&quot;title&quot;:&quot;&quot;,&quot;orientation&quot;:&quot;0&quot;}\" data-image-title=\"image\" data-image-description=\"\" data-image-caption=\"\" data-large-file=\"https:\/\/i0.wp.com\/preventista.sk\/info\/wp-content\/uploads\/2024\/08\/image.png?fit=700%2C700&amp;ssl=1\" src=\"https:\/\/i0.wp.com\/preventista.sk\/info\/wp-content\/uploads\/2024\/08\/image.png?resize=700%2C700&#038;ssl=1\" alt=\"\" class=\"wp-image-6051\" style=\"width:510px;height:auto\" srcset=\"https:\/\/i0.wp.com\/preventista.sk\/info\/wp-content\/uploads\/2024\/08\/image.png?resize=700%2C700&amp;ssl=1 700w, https:\/\/i0.wp.com\/preventista.sk\/info\/wp-content\/uploads\/2024\/08\/image.png?resize=450%2C450&amp;ssl=1 450w, https:\/\/i0.wp.com\/preventista.sk\/info\/wp-content\/uploads\/2024\/08\/image.png?resize=320%2C320&amp;ssl=1 320w, https:\/\/i0.wp.com\/preventista.sk\/info\/wp-content\/uploads\/2024\/08\/image.png?w=768&amp;ssl=1 768w\" sizes=\"auto, (max-width: 700px) 100vw, 700px\" \/><\/figure>\n<\/div>\n\n\n<p class=\"has-text-align-center\"><em>Zdroj obr\u00e1zku: AI Microsoft Copilot Designer, 2024<\/em><\/p>\n\n\n\n<div style=\"height:21px\" aria-hidden=\"true\" class=\"wp-block-spacer\"><\/div>\n\n\n\n<p><em><mark style=\"background-color:rgba(0, 0, 0, 0)\" class=\"has-inline-color has-vivid-cyan-blue-color\">Na \u00favod jednoduch\u0161ia ot\u00e1zka. \u010co motivuje komer\u010dn\u00e9ho pr\u00e1vnika k\u00a0rozhodnutiu, za\u010da\u0165 sa venova\u0165 problematike informa\u010dnej a\u00a0kybernetickej bezpe\u010dnosti?<\/mark><\/em><\/p>\n\n\n\n<ol class=\"wp-block-list\"><\/ol>\n\n\n\n<p>Motiv\u00e1cia venova\u0165 sa problematike informa\u010dnej a kybernetickej bezpe\u010dnosti pramen\u00ed najm\u00e4 z&nbsp;m\u00f4jho dlhodob\u00e9ho z\u00e1ujmu o&nbsp;informa\u010dn\u00e9 technol\u00f3gie. V&nbsp;kombin\u00e1cii s&nbsp;moj\u00edm profesijn\u00fdm zameran\u00edm som sa prirodzene dostal k&nbsp;t\u00e9me ochrany d\u00e1t a s\u00fakromia v digit\u00e1lnom svete. S narastaj\u00facim po\u010dtom kybernetick\u00fdch hrozieb je nevyhnutn\u00e9, aby pr\u00e1vnici rozumeli t\u00fdmto aspektom, aby mohli efekt\u00edvne vytv\u00e1ra\u0165 legislat\u00edvu a&nbsp;n\u00e1sledne efekt\u00edvne dohliada\u0165 na dodr\u017eiavanie legislat\u00edvy a&nbsp;tak\u00fato legislat\u00edvu aj vym\u00e1ha\u0165.<\/p>\n\n\n\n<div style=\"height:32px\" aria-hidden=\"true\" class=\"wp-block-spacer\"><\/div>\n\n\n\n<p><em><mark style=\"background-color:rgba(0, 0, 0, 0)\" class=\"has-inline-color has-vivid-cyan-blue-color\">Kam a\u017e siaha hist\u00f3ria s\u00favislost\u00ed s\u00a0IT pr\u00e1vom u\u00a0Miroslava Chl\u00edpalu?<\/mark><\/em><\/p>\n\n\n\n<p>M\u00f4j z\u00e1ujem o&nbsp;informa\u010dn\u00e9 technol\u00f3gie za\u010dal u\u017e v \u0161kolsk\u00fdch laviciach. Po pr\u00edchode na pr\u00e1vnick\u00fa fakultu som na\u0161iel kr\u00e1sne spojenie IT a&nbsp;pr\u00e1va v&nbsp;podobe pr\u00e1vnych informa\u010dn\u00fdch syst\u00e9mov. Od vtedy sa to za\u010dalo naba\u013eova\u0165&#8230; Prv\u00e1 z\u00e1konn\u00e1 defin\u00edcia po\u010d\u00edta\u010dov\u00e9ho programu, osobn\u00e9 \u00fadaje, outsourcing, cloud computing, kybernetick\u00e1 bezpe\u010dnos\u0165 a&nbsp;AI.<\/p>\n\n\n\n<div style=\"height:22px\" aria-hidden=\"true\" class=\"wp-block-spacer\"><\/div>\n\n\n\n<p><em><mark style=\"background-color:rgba(0, 0, 0, 0)\" class=\"has-inline-color has-vivid-cyan-blue-color\">Si autorom nieko\u013ek\u00fdch kvalitn\u00fdch odborn\u00fdch publik\u00e1ci\u00ed zameran\u00fdch na legislat\u00edvnu str\u00e1nku bezpe\u010dnosti. Ak\u00e1 bola motiv\u00e1cia vrhn\u00fa\u0165 sa do ne\u013eahkej \u00falohy \u201espisovate\u013ea\u201c?<\/mark><\/em><\/p>\n\n\n\n<p>Moja motiv\u00e1cia sta\u0165 sa autorom odborn\u00fdch publik\u00e1ci\u00ed je dan\u00e1 snahou zdie\u013ea\u0165 poznatky a sk\u00fasenosti v oblasti kybernetickej bezpe\u010dnosti. Moje motto je: \u201eDaj von, \u010do vie\u0161. Nasp\u00e4\u0165 dostane\u0161 dvakr\u00e1t to\u013eko\u201c. P\u00edsanie je pre m\u0148a sp\u00f4sob, ako prispie\u0165 k vzdel\u00e1vaniu a informovanosti o d\u00f4le\u017eitosti t\u00fdchto t\u00e9m, pri\u010dom sa sna\u017e\u00edm prispieva\u0165 k rozvoju a&nbsp;pochopeniu pr\u00e1vneho r\u00e1mca v&nbsp;oblasti informa\u010dnej a&nbsp;kybernetickej bezpe\u010dnosti.<\/p>\n\n\n\n<div style=\"height:21px\" aria-hidden=\"true\" class=\"wp-block-spacer\"><\/div>\n\n\n\n<p><em><mark style=\"background-color:rgba(0, 0, 0, 0)\" class=\"has-inline-color has-vivid-cyan-blue-color\">Je dnes dostatok odborn\u00fdch publik\u00e1ci\u00ed zameran\u00fdch na pr\u00e1vnu str\u00e1nku bezpe\u010dnosti?<\/mark><\/em><\/p>\n\n\n\n<p>Kybernetick\u00e1 bezpe\u010dnos\u0165 ani jej pr\u00e1vne aspekty nepoznaj\u00fa hranice. To je v\u00fdhoda oproti in\u00fdm oblastiam pr\u00e1va, ktor\u00e9 s\u00fa limitovan\u00e9 hranicami \u0161t\u00e1tu. Preto m\u00f4\u017eeme \u010derpa\u0165 aj zo zahrani\u010dn\u00fdch zdrojov. T\u00e9ma kybernetickej bezpe\u010dnosti je ve\u013emi dynamick\u00e1 a neust\u00e1le sa vyv\u00edja. Je d\u00f4le\u017eit\u00e9 neust\u00e1le publikova\u0165 nov\u00e9 n\u00e1zory, poznatky a sk\u00fasenosti, ktor\u00e9 pom\u00f4\u017eu budovaniu pr\u00e1vneho povedomia v&nbsp;tejto oblasti a&nbsp;pozit\u00edvne ovplyvnia aj legislat\u00edvu.<\/p>\n\n\n\n<div style=\"height:24px\" aria-hidden=\"true\" class=\"wp-block-spacer\"><\/div>\n\n\n\n<p><em><mark style=\"background-color:rgba(0, 0, 0, 0)\" class=\"has-inline-color has-vivid-cyan-blue-color\">Ako by si hodnotil s\u00fa\u010dasn\u00fd stav bezpe\u010dnosti u\u00a0n\u00e1s? Zvl\u00e1dame to alebo je to u\u00a0mnoh\u00fdch falo\u0161n\u00fd pocit sebaistoty?<\/mark><\/em><\/p>\n\n\n\n<p>S\u00fa\u010dasn\u00fd stav kybernetickej bezpe\u010dnosti na Slovensku je zmie\u0161an\u00fd; aj ke\u010f sme svedkami pokroku v legislat\u00edve a povedom\u00ed o tejto problematike, mnoh\u00e9 organiz\u00e1cie st\u00e1le podce\u0148uj\u00fa rizik\u00e1. Falo\u0161n\u00fd pocit sebaistoty m\u00f4\u017ee vies\u0165 k nedostato\u010dn\u00fdm opatreniam na ochranu pred kybernetick\u00fdmi hrozbami, \u010do m\u00f4\u017ee ma\u0165 v\u00e1\u017ene n\u00e1sledky.<\/p>\n\n\n\n<div style=\"height:25px\" aria-hidden=\"true\" class=\"wp-block-spacer\"><\/div>\n\n\n\n<p><em><mark style=\"background-color:rgba(0, 0, 0, 0)\" class=\"has-inline-color has-vivid-cyan-blue-color\">Dnes sa mnoho diskutuje o\u00a0regul\u00e1ci\u00ed procesov kybernetickej bezpe\u010dnosti. Prib\u00fadaj\u00fa nov\u00e9 riadiace akty, pomerne dynamicky vznikaj\u00fa nov\u00e9 nariadenia a\u00a0z\u00e1kony. Ak\u00fd je Tvoj n\u00e1zor na tak dynamicky sa meniace legislat\u00edvne prostredie?<\/mark><\/em><\/p>\n\n\n\n<p>Dynamicky sa meniace legislat\u00edvne prostredie v oblasti kybernetickej bezpe\u010dnosti je nevyhnutn\u00e9 pre ochranu pred nov\u00fdmi hrozbami. Av\u0161ak tento r\u00fdchly v\u00fdvoj m\u00f4\u017ee by\u0165 aj v\u00fdzvou pre subjekty, ktor\u00e9 musia neust\u00e1le sledova\u0165 zmeny a prisp\u00f4sobova\u0165 svoje procesy, \u010do m\u00f4\u017ee vies\u0165 k pre\u0165a\u017eeniu a nejasnostiam v dodr\u017eiavan\u00ed predpisov.<\/p>\n\n\n\n<div style=\"height:25px\" aria-hidden=\"true\" class=\"wp-block-spacer\"><\/div>\n\n\n\n<p><em><mark style=\"background-color:rgba(0, 0, 0, 0)\" class=\"has-inline-color has-vivid-cyan-blue-color\">\u010coraz \u010dastej\u0161ie sa objavuje n\u00e1zor, \u017ee dynami\u010dnos\u0165 v\u00fdvoja legislat\u00edvnych opatren\u00ed smeruje do \u0161t\u00e1dia nazvime to \u201ezahltenosti\u201c subjektov pre ktor\u00fdch s\u00fa ur\u010den\u00e9. Naozaj je toto riziko re\u00e1lne a\u00a0hroz\u00ed efekt preregulovanosti?<\/mark><\/em><\/p>\n\n\n\n<p>Riziko preregulovanosti je re\u00e1lne, najm\u00e4 ak legislat\u00edva nie je dostato\u010dne jasn\u00e1 alebo ak sa zav\u00e1dzaj\u00fa opatrenia bez oh\u013eadu na praktick\u00e9 dopady na subjekty. Je d\u00f4le\u017eit\u00e9 n\u00e1js\u0165 rovnov\u00e1hu medzi potrebou regul\u00e1cie a schopnos\u0165ou subjektov efekt\u00edvne reagova\u0165 na po\u017eiadavky bez toho, aby boli zahlten\u00e9 administrat\u00edvnymi povinnos\u0165ami.<\/p>\n\n\n\n<div style=\"height:22px\" aria-hidden=\"true\" class=\"wp-block-spacer\"><\/div>\n\n\n\n<p><em><mark style=\"background-color:rgba(0, 0, 0, 0)\" class=\"has-inline-color has-vivid-cyan-blue-color\">Nie je tajomstvom, \u017ee sa venuje\u0161 aj r\u00f4znym form\u00e1m vzdel\u00e1vania odbornej i\u00a0laickej verejnosti v\u00a0t\u00e9mach IT pr\u00e1va. M\u00f4\u017ee\u0161 prezradi\u0165, \u010do chyst\u00e1\u0161 v\u00a0tejto oblasti?<\/mark><\/em><\/p>\n\n\n\n<p>V oblasti vzdel\u00e1vania pl\u00e1nujem organizova\u0165 v&nbsp;spolupr\u00e1ci s&nbsp;v\u00fdznamnou slovenskou spolo\u010dnos\u0165ou z&nbsp;oblasti kybernetickej bezpe\u010dnosti s\u00e9riu workshopov a semin\u00e1rov zameran\u00fdch na aktu\u00e1lne t\u00e9my kybernetickej bezpe\u010dnosti a pr\u00e1va. Cie\u013eom t\u00fdchto aktiv\u00edt je poskytn\u00fa\u0165 poh\u013ead pr\u00e1vnika z&nbsp;praxe na novinky, ktor\u00e9 prin\u00e1\u0161a novela z\u00e1kona o&nbsp;kybernetickej bezpe\u010dnosti.<\/p>\n\n\n\n<div style=\"height:36px\" aria-hidden=\"true\" class=\"wp-block-spacer\"><\/div>\n\n\n\n<p><em><mark style=\"background-color:rgba(0, 0, 0, 0)\" class=\"has-inline-color has-vivid-cyan-blue-color\">\u010eakujeme za rozhovor<\/mark><\/em><\/p>\n","protected":false},"excerpt":{"rendered":"<p>V \u0161tvrtej \u010dasti sme vyspovedali odborn\u00edka z trochu inej oblasti bezpe\u010dnosti a to z pr\u00e1vnej sf\u00e9ry. Meno Miroslav Chl\u00edpala je \u0161irokej odbornej i laickej verejnosti zn\u00e1me z mnoh\u00fdch konferenci\u00ed, vzdel\u00e1vac\u00edch semin\u00e1rov, ale zn\u00e1me s\u00fa aj jeho publik\u00e1cie. Zdroj obr\u00e1zku: AI Microsoft Copilot Designer, 2024 Na \u00favod jednoduch\u0161ia ot\u00e1zka. \u010co motivuje komer\u010dn\u00e9ho pr\u00e1vnika k\u00a0rozhodnutiu, za\u010da\u0165 sa [&hellip;]<\/p>\n","protected":false},"author":1,"featured_media":0,"comment_status":"open","ping_status":"open","sticky":false,"template":"","format":"standard","meta":{"jetpack_post_was_ever_published":false,"_jetpack_newsletter_access":"","_jetpack_dont_email_post_to_subs":false,"_jetpack_newsletter_tier_id":0,"_jetpack_memberships_contains_paywalled_content":false,"_jetpack_memberships_contains_paid_content":false,"footnotes":""},"categories":[165],"tags":[32,168],"class_list":["post-6315","post","type-post","status-publish","format-standard","hentry","category-debatky-o-bezpecnosti","tag-bezpecnost","tag-pravo"],"aioseo_notices":[],"jetpack_featured_media_url":"","jetpack_sharing_enabled":true,"jetpack-related-posts":[{"id":5284,"url":"https:\/\/preventista.sk\/info\/nebojte-sa-informacnej-bezpecnosti-ucebnica-pre-3-rocnik-zs\/","url_meta":{"origin":6315,"position":0},"title":"Nebojte sa informa\u010dnej bezpe\u010dnosti, u\u010debnica pre 3.ro\u010dn\u00edk Z\u0160","author":"Redakcia","date":"6. decembra 2023","format":false,"excerpt":"Vzdel\u00e1vanie v\u00a0oblasti informa\u010dnej bezpe\u010dnosti je v\u00a0s\u00fa\u010dasnosti viac ne\u017e potrebn\u00e9. \u017diaci pou\u017e\u00edvaj\u00fa r\u00f4zne zariadenia, ktor\u00fdch ovl\u00e1danie je intuit\u00edvne, a\u00a0len ob\u010das sa stane, \u017ee si malolet\u00ed nevedia poradi\u0165 s\u00a0technikou. Intuit\u00edvne ovl\u00e1danie v\u0161ak neznamen\u00e1 automaticky bezpe\u010dnos\u0165 pre pou\u017e\u00edvate\u013ea. Ako kolekt\u00edv autorov u\u017e nieko\u013eko rokov pracujeme na spr\u00edstupnen\u00ed t\u00e9m z\u00a0oblasti informa\u010dnej bezpe\u010dnosti. V\u00fdberom t\u00e9m\u2026","rel":"","context":"V &quot;Bezpe\u010dnos\u0165&quot;","block_context":{"text":"Bezpe\u010dnos\u0165","link":"https:\/\/preventista.sk\/info\/category\/itbezp\/"},"img":{"alt_text":"","src":"https:\/\/i0.wp.com\/preventista.sk\/info\/wp-content\/uploads\/2023\/12\/Mikulas-Ucebnica3.png?resize=350%2C200&ssl=1","width":350,"height":200,"srcset":"https:\/\/i0.wp.com\/preventista.sk\/info\/wp-content\/uploads\/2023\/12\/Mikulas-Ucebnica3.png?resize=350%2C200&ssl=1 1x, https:\/\/i0.wp.com\/preventista.sk\/info\/wp-content\/uploads\/2023\/12\/Mikulas-Ucebnica3.png?resize=525%2C300&ssl=1 1.5x, https:\/\/i0.wp.com\/preventista.sk\/info\/wp-content\/uploads\/2023\/12\/Mikulas-Ucebnica3.png?resize=700%2C400&ssl=1 2x"},"classes":[]},{"id":5525,"url":"https:\/\/preventista.sk\/info\/cluster-kybernetickej-bezpecnosti\/","url_meta":{"origin":6315,"position":1},"title":"Cluster Kybernetickej Bezpe\u010dnosti","author":"Redakcia","date":"17. janu\u00e1ra 2024","format":false,"excerpt":"Jednou z organiz\u00e1ci\u00ed, ktor\u00e1 sa na Slovensku intenz\u00edvne venuje podpore slovensk\u00fdch \u0161k\u00f4l pre zvy\u0161ovan\u00ed kompetenci\u00ed v oblasti technickej str\u00e1nky kybernetickej bezpe\u010dnosti je Cluster Kybernetickej Bezpe\u010dnosti z Liptovsk\u00e9ho Mikul\u00e1\u0161a. Vyspovedali sme J\u00e1na Lichv\u00e1ra, predsedu tohto zdru\u017eenia a polo\u017eili sme mu p\u00e1r ot\u00e1zok. Cluster kybernetickej bezpe\u010dnosti, m\u00f4\u017eete n\u00e1m p\u00e1r slovami pribl\u00ed\u017ei\u0165 \u010do\u2026","rel":"","context":"V &quot;Bezpe\u010dnos\u0165&quot;","block_context":{"text":"Bezpe\u010dnos\u0165","link":"https:\/\/preventista.sk\/info\/category\/itbezp\/"},"img":{"alt_text":"","src":"https:\/\/i0.wp.com\/preventista.sk\/info\/wp-content\/uploads\/2023\/12\/ckb-logo-02.jpg?resize=350%2C200&ssl=1","width":350,"height":200},"classes":[]},{"id":6045,"url":"https:\/\/preventista.sk\/info\/debatky-o-bezpecnosti-ii\/","url_meta":{"origin":6315,"position":2},"title":"Debatky o bezpe\u010dnosti II.","author":"Redakcia","date":"1. septembra 2024","format":false,"excerpt":"K druhej debatke sme prizvali bezpe\u010dnostn\u00e9ho profesion\u00e1la, ktor\u00e9ho vo svete kybernetickej bezpe\u010dnosti pozn\u00e1 sn\u00e1\u010f ka\u017ed\u00fd. Marek Zeman, CiSO Tatrabanky, \u010dlen n\u00e1\u0161ho OZ, tvorca my\u0161lienky u\u010debn\u00edc Informa\u010dnej bezpe\u010dnosti a radu \u010fal\u0161\u00edch projektov pos\u00favaj\u00facich svet cybersec na Slovensku vpred. Zdroj obr\u00e1zku: AI Microsoft Copilot Designer, 2024 Ahoj Marek \u010citate\u013eom n\u00e1\u0161ho port\u00e1lu predstavova\u0165\u2026","rel":"","context":"V &quot;Debatky o bezpe\u010dnosti&quot;","block_context":{"text":"Debatky o bezpe\u010dnosti","link":"https:\/\/preventista.sk\/info\/category\/itbezp\/debatky-o-bezpecnosti\/"},"img":{"alt_text":"","src":"https:\/\/i0.wp.com\/preventista.sk\/info\/wp-content\/uploads\/2024\/08\/image.png?resize=350%2C200&ssl=1","width":350,"height":200,"srcset":"https:\/\/i0.wp.com\/preventista.sk\/info\/wp-content\/uploads\/2024\/08\/image.png?resize=350%2C200&ssl=1 1x, https:\/\/i0.wp.com\/preventista.sk\/info\/wp-content\/uploads\/2024\/08\/image.png?resize=525%2C300&ssl=1 1.5x, https:\/\/i0.wp.com\/preventista.sk\/info\/wp-content\/uploads\/2024\/08\/image.png?resize=700%2C400&ssl=1 2x"},"classes":[]},{"id":2583,"url":"https:\/\/preventista.sk\/info\/bezpecne-hranice-cast-1-co-je-to-penetracny-test\/","url_meta":{"origin":6315,"position":3},"title":"Bezpe\u010dn\u00e9 hranice  \u010cas\u0165 1: \u010co je to penetra\u010dn\u00fd test","author":"I. Makatura","date":"16. febru\u00e1ra 2015","format":false,"excerpt":"V\u00fdraz \u201eperimeter\u201c v\u00a0matematike znamen\u00e1 celkov\u00fa d\u013a\u017eku vonkaj\u0161ieho obvodu dvojrozmern\u00e9ho objektu. V\u00a0prenesenom zmysle sa tento v\u00fdraz pou\u017e\u00edva ako \u201ehranica\u201c, teda priestor, ktor\u00fd sa nach\u00e1dza na vonkaj\u0161ej strane hranice vymedzen\u00e9ho objektu. V\u00a0informa\u010dnej bezpe\u010dnosti sa pod pojmom \u201eperimeter\u201c rozumie vonkaj\u0161\u00ed, cudz\u00ed priestor, mimo predmetn\u00e9ho virtu\u00e1lneho prostredia. Naj\u010dastej\u0161ie sa v\u00a0tomto kontexte jedn\u00e1 o\u00a0sie\u0165ov\u00fd perimeter,\u2026","rel":"","context":"V &quot;Bezpe\u010dnos\u0165&quot;","block_context":{"text":"Bezpe\u010dnos\u0165","link":"https:\/\/preventista.sk\/info\/category\/itbezp\/"},"img":{"alt_text":"","src":"https:\/\/i0.wp.com\/preventista.sk\/info\/wp-content\/uploads\/2015\/02\/hranice-1.jpg?fit=700%2C400&ssl=1&resize=350%2C200","width":350,"height":200,"srcset":"https:\/\/i0.wp.com\/preventista.sk\/info\/wp-content\/uploads\/2015\/02\/hranice-1.jpg?fit=700%2C400&ssl=1&resize=350%2C200 1x, https:\/\/i0.wp.com\/preventista.sk\/info\/wp-content\/uploads\/2015\/02\/hranice-1.jpg?fit=700%2C400&ssl=1&resize=525%2C300 1.5x, https:\/\/i0.wp.com\/preventista.sk\/info\/wp-content\/uploads\/2015\/02\/hranice-1.jpg?fit=700%2C400&ssl=1&resize=700%2C400 2x"},"classes":[]},{"id":4303,"url":"https:\/\/preventista.sk\/info\/dialogy-o-vzdelavani-na-clubhouse\/","url_meta":{"origin":6315,"position":4},"title":"Dial\u00f3gy o vzdel\u00e1van\u00ed IT bezpe\u010dnosti na ClubHouse","author":"Redakcia","date":"13. m\u00e1ja 2021","format":false,"excerpt":"Ak u\u017e vyu\u017e\u00edvate nov\u00fa internetov\u00fa slu\u017ebu ClubHouse tak sa pridajte ku klubu do ktor\u00e9ho boli pozvan\u00ed aj z\u00e1stupcovia n\u00e1\u0161ho OZ - t\u00e9mou bud\u00fa diskusie o problematike zvy\u0161ovania bezpe\u010dnostn\u00e9ho povedomia v IT bezpe\u010dnosti a prevencii po\u010d\u00edta\u010dovej kriminality. Z\u00e1kladn\u00e9 my\u0161lienky Zdie\u013eame inform\u00e1cieH\u013ead\u00e1me rie\u0161eniaVytv\u00e1rame bud\u00facnos\u0165 Aktu\u00e1lna t\u00e9ma 11 Vzdel\u00e1vanie policajtov II s roz\u0161\u00edren\u00edm\u2026","rel":"","context":"V &quot;Bezpe\u010dnos\u0165&quot;","block_context":{"text":"Bezpe\u010dnos\u0165","link":"https:\/\/preventista.sk\/info\/category\/itbezp\/"},"img":{"alt_text":"","src":"https:\/\/i0.wp.com\/preventista.sk\/info\/wp-content\/uploads\/2021\/03\/image.png?resize=350%2C200&ssl=1","width":350,"height":200,"srcset":"https:\/\/i0.wp.com\/preventista.sk\/info\/wp-content\/uploads\/2021\/03\/image.png?resize=350%2C200&ssl=1 1x, https:\/\/i0.wp.com\/preventista.sk\/info\/wp-content\/uploads\/2021\/03\/image.png?resize=525%2C300&ssl=1 1.5x, https:\/\/i0.wp.com\/preventista.sk\/info\/wp-content\/uploads\/2021\/03\/image.png?resize=700%2C400&ssl=1 2x"},"classes":[]},{"id":3703,"url":"https:\/\/preventista.sk\/info\/prieskum-2020-vzdelavanie-v-oblasti-bezpecnosti-it-a-prevencia-it-kriminality\/","url_meta":{"origin":6315,"position":5},"title":"PRIESKUM 2020: Vzdel\u00e1vanie v oblasti bezpe\u010dnosti IT a prevencia IT kriminality&#8230;.","author":"Redakcia","date":"4. marca 2020","format":false,"excerpt":"V\u00e1\u017een\u00ed pedag\u00f3govia. V r\u00e1mci na\u0161i aktiv\u00edt a predn\u00e1\u0161ok k t\u00e9mam vzdel\u00e1vanie IT bezpe\u010dnosti a prevencie IT kriminality \u0161tandardne stret\u00e1vate porovn\u00e1vacie prieskumy zameran\u00e9 na identifik\u00e1ciu v\u00fdvoja tejto problematiky z dlhodob\u00e9ho h\u013eadiska. Zistenia prezentovan\u00e9 v r\u00e1mci semin\u00e1rov s\u00fa v\u017edy predmetom zauj\u00edmavej diskusie. \u010cerp\u00e1me zo sk\u00fasenost\u00ed zo spolupr\u00e1ce so \u0161kolami i u\u010dite\u013emi ako\u2026","rel":"","context":"V &quot;Prieskumy&quot;","block_context":{"text":"Prieskumy","link":"https:\/\/preventista.sk\/info\/category\/skusenosti\/prieskumy\/"},"img":{"alt_text":"prieskum","src":"https:\/\/i0.wp.com\/preventista.sk\/info\/wp-content\/uploads\/2012\/05\/Prieskum.jpg?fit=700%2C400&ssl=1&resize=350%2C200","width":350,"height":200,"srcset":"https:\/\/i0.wp.com\/preventista.sk\/info\/wp-content\/uploads\/2012\/05\/Prieskum.jpg?fit=700%2C400&ssl=1&resize=350%2C200 1x, https:\/\/i0.wp.com\/preventista.sk\/info\/wp-content\/uploads\/2012\/05\/Prieskum.jpg?fit=700%2C400&ssl=1&resize=525%2C300 1.5x, https:\/\/i0.wp.com\/preventista.sk\/info\/wp-content\/uploads\/2012\/05\/Prieskum.jpg?fit=700%2C400&ssl=1&resize=700%2C400 2x"},"classes":[]}],"_links":{"self":[{"href":"https:\/\/preventista.sk\/info\/wp-json\/wp\/v2\/posts\/6315","targetHints":{"allow":["GET"]}}],"collection":[{"href":"https:\/\/preventista.sk\/info\/wp-json\/wp\/v2\/posts"}],"about":[{"href":"https:\/\/preventista.sk\/info\/wp-json\/wp\/v2\/types\/post"}],"author":[{"embeddable":true,"href":"https:\/\/preventista.sk\/info\/wp-json\/wp\/v2\/users\/1"}],"replies":[{"embeddable":true,"href":"https:\/\/preventista.sk\/info\/wp-json\/wp\/v2\/comments?post=6315"}],"version-history":[{"count":6,"href":"https:\/\/preventista.sk\/info\/wp-json\/wp\/v2\/posts\/6315\/revisions"}],"predecessor-version":[{"id":6321,"href":"https:\/\/preventista.sk\/info\/wp-json\/wp\/v2\/posts\/6315\/revisions\/6321"}],"wp:attachment":[{"href":"https:\/\/preventista.sk\/info\/wp-json\/wp\/v2\/media?parent=6315"}],"wp:term":[{"taxonomy":"category","embeddable":true,"href":"https:\/\/preventista.sk\/info\/wp-json\/wp\/v2\/categories?post=6315"},{"taxonomy":"post_tag","embeddable":true,"href":"https:\/\/preventista.sk\/info\/wp-json\/wp\/v2\/tags?post=6315"}],"curies":[{"name":"wp","href":"https:\/\/api.w.org\/{rel}","templated":true}]}}