{"id":7,"date":"2013-07-19T11:12:54","date_gmt":"2013-07-19T09:12:54","guid":{"rendered":"http:\/\/preventista.sk\/info\/?p=7"},"modified":"2014-02-05T18:15:21","modified_gmt":"2014-02-05T17:15:21","slug":"prevencia-it-kriminality-v-skole","status":"publish","type":"post","link":"https:\/\/preventista.sk\/info\/prevencia-it-kriminality-v-skole\/","title":{"rendered":"Prevencia IT kriminality a jej miesto v \u0161kole"},"content":{"rendered":"<p><i>Prevencia IT kriminality? Chym\u00e9ra alebo re\u00e1lna po\u017eiadavka doby&#8230;. patr\u00ed do \u0161k\u00f4l ako s\u00fa\u010das\u0165 informatick\u00e9ho vzdel\u00e1vania? V\u00a0ktorom veku by sa mali za\u010da\u0165 deti oboznamova\u0165 so z\u00e1kladn\u00fdmi inform\u00e1ciami s\u00favisiacimi so z\u00e1kladn\u00fdmi poznatkami bezpe\u010dnosti virtu\u00e1lneho sveta?<\/i><\/p>\n<p><i>\u00a0<\/i><\/p>\n<p>Diskusie o\u00a0tom v\u00a0ktorom veku by sa mali a\u00a0akou formou za\u010da\u0165 oboznamova\u0165 s\u00a0problematikou z\u00e1kladov bezpe\u010dn\u00e9ho spr\u00e1vania pri pr\u00e1ci s\u00a0po\u010d\u00edta\u010dmi a\u00a0teda logicky vo virtu\u00e1lnom priestore sa r\u00f4znia. N\u00e1rast informatiz\u00e1cie vo vzdel\u00e1vacom procese postupne zasahuje \u010doraz ni\u017e\u0161ie vekov\u00e9 skupiny a\u017e po \u00farove\u0148 matersk\u00fdch \u0161k\u00f4l. Nie je mo\u017en\u00e9 opomen\u00fa\u0165 ani skuto\u010dnos\u0165, \u017ee deti nadob\u00fadaj\u00fa \u010dasto z\u00e1kladn\u00e9 vedomosti z\u00a0oblasti ovl\u00e1dania v\u00fdpo\u010dtovej techniky vo svojom rodinnom prostred\u00ed a\u00a0teda u\u017e do \u0161kolsk\u00e9ho procesu prich\u00e1dzaj\u00fa s\u00a0istou \u00farov\u0148ou poznatkov i\u00a0praktick\u00fdch vedomost\u00ed. V\u00a0ned\u00e1vno uskuto\u010dnenom prieskume zameranom na zmapovanie vyu\u017e\u00edvania verejne dostupn\u00fdch projektov informa\u010dnej bezpe\u010dnosti v\u00a0prevencii boli u\u010ditelia dotazovan\u00ed aj na n\u00e1zor v\u00a0ktorom veku by sa pod\u013ea ich n\u00e1zoru mali deti prv\u00fdkr\u00e1t stret\u00e1va\u0165 s t\u00e9mou oboznamovania sa so z\u00e1kladn\u00fdmi princ\u00edpmi bezpe\u010dn\u00e9ho pou\u017e\u00edvania IKT. V\u00fdsledky poukazuj\u00fa, \u017ee nezanedbate\u013en\u00e1 \u010das\u0165 pedag\u00f3gov identifikuje potrebu komunikovania tejto problematiky v\u00a0odpovedaj\u00facej forme u\u017e do obdobia materskej \u0161koly.<\/p>\n<p><a href=\"https:\/\/i0.wp.com\/preventista.sk\/info\/wp-content\/uploads\/2013\/07\/graf_a.png?ssl=1\"><img data-recalc-dims=\"1\" loading=\"lazy\" decoding=\"async\" data-attachment-id=\"15\" data-permalink=\"https:\/\/preventista.sk\/info\/prevencia-it-kriminality-v-skole\/graf_a\/\" data-orig-file=\"https:\/\/i0.wp.com\/preventista.sk\/info\/wp-content\/uploads\/2013\/07\/graf_a.png?fit=307%2C217&amp;ssl=1\" data-orig-size=\"307,217\" data-comments-opened=\"1\" data-image-meta=\"{&quot;aperture&quot;:&quot;0&quot;,&quot;credit&quot;:&quot;&quot;,&quot;camera&quot;:&quot;&quot;,&quot;caption&quot;:&quot;&quot;,&quot;created_timestamp&quot;:&quot;0&quot;,&quot;copyright&quot;:&quot;&quot;,&quot;focal_length&quot;:&quot;0&quot;,&quot;iso&quot;:&quot;0&quot;,&quot;shutter_speed&quot;:&quot;0&quot;,&quot;title&quot;:&quot;&quot;}\" data-image-title=\"graf_a\" data-image-description=\"\" data-image-caption=\"\" data-large-file=\"https:\/\/i0.wp.com\/preventista.sk\/info\/wp-content\/uploads\/2013\/07\/graf_a.png?fit=307%2C217&amp;ssl=1\" class=\"size-medium wp-image-15 aligncenter\" alt=\"graf_a\" src=\"https:\/\/i0.wp.com\/preventista.sk\/info\/wp-content\/uploads\/2013\/07\/graf_a.png?resize=300%2C212&#038;ssl=1\" width=\"300\" height=\"212\" srcset=\"https:\/\/i0.wp.com\/preventista.sk\/info\/wp-content\/uploads\/2013\/07\/graf_a.png?resize=300%2C212&amp;ssl=1 300w, https:\/\/i0.wp.com\/preventista.sk\/info\/wp-content\/uploads\/2013\/07\/graf_a.png?w=307&amp;ssl=1 307w\" sizes=\"auto, (max-width: 300px) 100vw, 300px\" \/><\/a><\/p>\n<p style=\"text-align: center;\" align=\"right\">Obr:\u00a0 Prieskum k\u00a0ot\u00e1zke prevencie\u00a0 (zdroj: <a href=\"http:\/\/www.infoconsult.sk\" target=\"_blank\">www.infoconsult.sk<\/a>)<\/p>\n<p>Nesporne d\u00f4le\u017eit\u00fdm prvkom je aj vhodn\u00e1 a\u00a0p\u00fatav\u00e1 forma.\u00a0 S\u00fa\u010dasn\u00e1 prax poukazuje, \u017ee najroz\u0161\u00edrenej\u0161ou formou pribl\u00ed\u017eenia t\u00e9m prevencie zameranej na p\u00fatav\u00e9 vysvet\u013eovanie riz\u00edk vyu\u017e\u00edvania IKT s\u00fa rozpr\u00e1vky produkovan\u00e9 zdru\u017een\u00edm eSlovensko v\u00a0r\u00e1mci projektu <b>ovce.sk<\/b> . Z\u00a0vy\u0161\u0161ie uveden\u00e9ho prieskumu vyplynul poznatok, \u017ee spomedzi verejne dostupn\u00fdch projektov zameran\u00fdch na problematiku bezpe\u010dnosti IT technol\u00f3gi\u00ed a\u00a0internetu s\u00fa pr\u00e1ve <b>ovce.sk <\/b>prakticky najvyu\u017e\u00edvanej\u0161\u00edm projektom pri realiz\u00e1cii r\u00f4znych prevent\u00edvnych aktiv\u00edt na \u0161kol\u00e1ch.<\/p>\n<p>Projekt <a href=\"http:\/\/www.ovce.sk\" target=\"_blank\">www.ovce.sk<\/a>\u00a0 poskytuje okrem radu rozpr\u00e1vok p\u00fatavou formou popisuj\u00facich rad riz\u00edk s\u00a0ktor\u00fdmi deti m\u00f4\u017eu pr\u00eds\u0165 do kontaktu pri vyu\u017e\u00edvan\u00ed IKT aj rad \u010fal\u0161\u00edch pom\u00f4cok pou\u017eite\u013en\u00fdch v\u00a0r\u00e1mci organizovania aktiv\u00edt zameran\u00fdch na prevenciu a\u00a0to pre r\u00f4zne vekov\u00e9 kateg\u00f3rie, ako napr\u00edklad:<\/p>\n<ul>\n<li>hry (pexeso, oma\u013eov\u00e1nky, skladanie kociek s\u00a0mot\u00edvmi ovce.sk)<\/li>\n<li>download r\u00f4znych grafick\u00fdch materi\u00e1lov s\u00a0mot\u00edvmi ovce.sk (komiksy, oma\u013eov\u00e1nky, plag\u00e1ty, zvu\u010dky, \u0161etri\u010de obrazovky a\u00a0\u010fal\u0161ie)<\/li>\n<li>testy k\u00a0jednotliv\u00fdm t\u00e9mam<\/li>\n<li>slovn\u00edky obsahuj\u00face v\u00fdklad v\u00fdznamu cudz\u00edch prvkov ako s\u00fa\u00a0 akronymy, emotikony, piktogramy)<\/li>\n<li>pr\u00edru\u010dky pre rodi\u010dov, pedag\u00f3gov<\/li>\n<\/ul>\n<p>St\u00e1le narastaj\u00facu tendenciu m\u00e1 vyu\u017e\u00edvanie materi\u00e1lov vytvoren\u00fdch vlastnou tvorbou priamo na \u0161kol\u00e1ch \u2013 \u010di u\u017e u\u010dite\u013emi alebo priamo \u017eiakmi. St\u00e1le prevy\u0161uj\u00facou skupinou materi\u00e1lov z\u00a0internej tvorby \u0161k\u00f4l s\u00fa materi\u00e1ly vytv\u00e1ran\u00e9 pedag\u00f3gmi. Pote\u0161uj\u00facou je v\u0161ak skuto\u010dnos\u0165, \u017ee dynamicky narast\u00e1 po\u010det \u0161k\u00f4l, ktor\u00e9 v\u00a0r\u00e1mci r\u00f4znych s\u00fa\u0165a\u017e\u00ed a\u00a0zap\u00e1jania sa do projektov zap\u00e1jaj\u00fa do tvorby aj \u017eiakov a\u00a0n\u00e1sledne nimi vytvoren\u00e9 v\u00fdstupy (dokument\u00e1ciu, videofilmy, \u017eiv\u00e9 vyst\u00fapenia) vyu\u017e\u00edvaj\u00fa pre \u010fal\u0161iu pr\u00e1cu.<\/p>\n<p>Je nesporn\u00e9, \u017ee \u00faloha prevencie IT kriminality v\u00a0s\u00fa\u010dasne dobe n\u00e1rastu informatiz\u00e1cie mus\u00ed by\u0165 neoddelite\u013enou s\u00fa\u010das\u0165ou vzdel\u00e1vacieho procesu.\u00a0 V\u00a0ch\u00e1pan\u00ed\u00a0 \u00falohy prevencie v\u00a0r\u00e1mci vzdel\u00e1vacieho procesu je v\u0161ak treba vn\u00edma\u0165 aj rad nespr\u00e1vnych poh\u013eadov, len nieko\u013eko pr\u00edkladov (m\u00fdtov prevencie):<\/p>\n<ul>\n<li>bezpe\u010dnos\u0165 IT a\u00a0prevencia IT kriminality nie je len \u00a0o\u00a0t\u00e9mach ako kyber\u0161ikana a\u00a0ochrana osobn\u00fdch \u00fadajov na soci\u00e1lnych sie\u0165ach<\/li>\n<li>nie je t\u00e9mou \u010diste \u201eIT\u201c t.j. nie je mo\u017en\u00e9 ho vy\u010dleni\u0165 \u010diste do polohy \u201einformatick\u00e9ho predmetu\u201c<\/li>\n<li>deti netr\u00e1via na internete \u010das len za \u00fa\u010delom z\u00e1bavy ako sa to sna\u017eia pods\u00fava\u0165 niektor\u00ed \u201eodborn\u00edci\u201c na problematiku prevencie<\/li>\n<li>ot\u00e1zka \u00fa\u010dinnej prevencie nem\u00e1 by\u0165 zameran\u00e1 len na deti \u2013 akt\u00edvnymi \u201epoberate\u013emi\u201c inform\u00e1ci\u00ed by mali by\u0165 rovnako aj pedag\u00f3govia a\u00a0rodinn\u00e9 prostredie<\/li>\n<\/ul>\n<p>&nbsp;<\/p>\n<p>Jaroslav Oster<\/p>\n<p><a href=\"mailto:prevencia@infoconsult.sk\">prevencia@infoconsult.sk<\/a><\/p>\n<p>&nbsp;<\/p>\n","protected":false},"excerpt":{"rendered":"<p>Prevencia IT kriminality? Chym\u00e9ra alebo re\u00e1lna po\u017eiadavka doby&#8230;. patr\u00ed do \u0161k\u00f4l ako s\u00fa\u010das\u0165 informatick\u00e9ho vzdel\u00e1vania? V\u00a0ktorom veku by sa mali za\u010da\u0165 deti oboznamova\u0165 so z\u00e1kladn\u00fdmi inform\u00e1ciami s\u00favisiacimi so z\u00e1kladn\u00fdmi poznatkami bezpe\u010dnosti virtu\u00e1lneho sveta? \u00a0 Diskusie o\u00a0tom v\u00a0ktorom veku by sa mali a\u00a0akou formou za\u010da\u0165 oboznamova\u0165 s\u00a0problematikou z\u00e1kladov bezpe\u010dn\u00e9ho spr\u00e1vania pri pr\u00e1ci s\u00a0po\u010d\u00edta\u010dmi a\u00a0teda logicky vo [&hellip;]<\/p>\n","protected":false},"author":2,"featured_media":1921,"comment_status":"open","ping_status":"open","sticky":false,"template":"","format":"standard","meta":{"jetpack_post_was_ever_published":false,"_jetpack_newsletter_access":"","_jetpack_dont_email_post_to_subs":false,"_jetpack_newsletter_tier_id":0,"_jetpack_memberships_contains_paywalled_content":false,"_jetpack_memberships_contains_paid_content":false,"footnotes":""},"categories":[2],"tags":[23,53,51,52],"class_list":["post-7","post","type-post","status-publish","format-standard","has-post-thumbnail","hentry","category-itkrim","tag-it-kriminalita","tag-ovce","tag-prevencia-it-kriminality","tag-skola"],"aioseo_notices":[],"jetpack_featured_media_url":"https:\/\/i0.wp.com\/preventista.sk\/info\/wp-content\/uploads\/2013\/07\/computers.jpg?fit=700%2C400&ssl=1","jetpack_sharing_enabled":true,"jetpack-related-posts":[{"id":68,"url":"https:\/\/preventista.sk\/info\/bezpecnost-na-internete\/","url_meta":{"origin":7,"position":0},"title":"Bezpe\u010dnos\u0165 na internete","author":"J. Oster","date":"20. janu\u00e1ra 2013","format":false,"excerpt":"Stret\u00e1va sa t\u00fdmito javmi aj na\u0161a ml\u00e1de\u017e? Je v\u00fdhradne \u00falohou \u0161koly pom\u00e1ha\u0165 im orientova\u0165 sa, spozn\u00e1va\u0165 \u00faskalia vyu\u017e\u00edvania modern\u00fdch technol\u00f3gi\u00ed alebo je to len m\u00fdtus ignoruj\u00faci \u00falohu rodi\u010da v\u00a0prevencii?\u00a0\u00a0 Kedy za\u010da\u0165?\u00a0 Pomerne \u010dast\u00e9 ot\u00e1zky ku ktor\u00fdm zauj\u00edmav\u00fd poh\u013ead priniesli dva celoslovensk\u00e9 prieskumy realizovan\u00e9 v\u00a0roku 2011 \u201ePrieskum miery zabezpe\u010denia po\u010d\u00edta\u010dov\u00fdch u\u010debn\u00ed\u2026","rel":"","context":"V &quot;IT kriminalita&quot;","block_context":{"text":"IT kriminalita","link":"https:\/\/preventista.sk\/info\/category\/prevencia\/itkrim\/"},"img":{"alt_text":"marketing","src":"https:\/\/i0.wp.com\/preventista.sk\/info\/wp-content\/uploads\/2013\/01\/Internet.jpg?fit=700%2C400&ssl=1&resize=350%2C200","width":350,"height":200,"srcset":"https:\/\/i0.wp.com\/preventista.sk\/info\/wp-content\/uploads\/2013\/01\/Internet.jpg?fit=700%2C400&ssl=1&resize=350%2C200 1x, https:\/\/i0.wp.com\/preventista.sk\/info\/wp-content\/uploads\/2013\/01\/Internet.jpg?fit=700%2C400&ssl=1&resize=525%2C300 1.5x, https:\/\/i0.wp.com\/preventista.sk\/info\/wp-content\/uploads\/2013\/01\/Internet.jpg?fit=700%2C400&ssl=1&resize=700%2C400 2x"},"classes":[]},{"id":121,"url":"https:\/\/preventista.sk\/info\/prevencia-mestu-nie-je-lahostajna\/","url_meta":{"origin":7,"position":1},"title":"Prevencia mestu nie je \u013eahostajn\u00e1","author":"Redakcia","date":"21. m\u00e1ja 2013","format":false,"excerpt":"Nov\u00e9 technol\u00f3gie nie s\u00fa len u\u017eito\u010dn\u00e9, ale nespr\u00e1vnym pou\u017e\u00edvan\u00ed m\u00f4\u017eu skr\u00fdva\u0165 mnoho ohrozen\u00ed, najm\u00e4 pre na\u0161e deti a \u017eiakov. Mesto \u017diar nad Hronom sa preto rozhodlo v r\u00e1mci Kalend\u00e1ra aktiv\u00edt zameran\u00fdch na prevenciu drogov\u00fdch z\u00e1vislost\u00ed a in\u00fdch soci\u00e1lne patologick\u00fdch javov na rok 2013 zabezpe\u010di\u0165 vzdel\u00e1vanie v tejto oblasti v\u0161etk\u00fdm pedagogick\u00fdm\u2026","rel":"","context":"V &quot;Zaujalo n\u00e1s&quot;","block_context":{"text":"Zaujalo n\u00e1s","link":"https:\/\/preventista.sk\/info\/category\/skusenosti\/zaujalo\/"},"img":{"alt_text":"Ziar nad hronom","src":"https:\/\/i0.wp.com\/preventista.sk\/info\/wp-content\/uploads\/2013\/05\/Ziar.jpg?fit=700%2C400&ssl=1&resize=350%2C200","width":350,"height":200,"srcset":"https:\/\/i0.wp.com\/preventista.sk\/info\/wp-content\/uploads\/2013\/05\/Ziar.jpg?fit=700%2C400&ssl=1&resize=350%2C200 1x, https:\/\/i0.wp.com\/preventista.sk\/info\/wp-content\/uploads\/2013\/05\/Ziar.jpg?fit=700%2C400&ssl=1&resize=525%2C300 1.5x, https:\/\/i0.wp.com\/preventista.sk\/info\/wp-content\/uploads\/2013\/05\/Ziar.jpg?fit=700%2C400&ssl=1&resize=700%2C400 2x"},"classes":[]},{"id":4403,"url":"https:\/\/preventista.sk\/info\/prevencia-pocitacovej-kriminality-a-jej-vyuzitie-v-praci-s-mladezou\/","url_meta":{"origin":7,"position":2},"title":"Prevencia po\u010d\u00edta\u010dovej kriminality a jej vyu\u017eitie v pr\u00e1ci s ml\u00e1de\u017eou","author":"Redakcia","date":"6. apr\u00edla 2021","format":false,"excerpt":"Vzdel\u00e1vanie, z\u00e1bava, stret\u00e1vanie sa s\u00a0priate\u013emi, aj pr\u00e1ca, \u010di h\u013eadanie zamestnania, to v\u0161etko sa aj pre deti a\u00a0mlad\u00fdch \u013eud\u00ed presunulo v\u00a0uplynul\u00fdch dvan\u00e1stich mesiacoch do virtu\u00e1lneho prostredia. Ohromn\u00e9 skoky v\u00a0technick\u00fdch aj technologick\u00fdch kompetenci\u00e1ch je nevyhnutn\u00e9 dop\u013a\u0148a\u0165 aj zvy\u0161ovan\u00edm kompetenci\u00ed v\u00a0oblasti prevencie bezpe\u010dnosti v\u00a0online priestore. Vypo\u010duli sme hlas pracovn\u00edkov a\u00a0pracovn\u00ed\u010dok s\u00a0ml\u00e1de\u017eou, \u010di \u010fal\u0161\u00edch\u2026","rel":"","context":"V &quot;Prevencia&quot;","block_context":{"text":"Prevencia","link":"https:\/\/preventista.sk\/info\/category\/prevencia\/"},"img":{"alt_text":"","src":"https:\/\/i0.wp.com\/preventista.sk\/info\/wp-content\/uploads\/2021\/01\/IUVENTA_logo_PNG-e1610132456341.png?resize=350%2C200","width":350,"height":200},"classes":[]},{"id":3769,"url":"https:\/\/preventista.sk\/info\/webinar-pre-mesta-a-skoly-pocitacova-kriminalita-a-prevencia\/","url_meta":{"origin":7,"position":3},"title":"WEBIN\u00c1R pre mest\u00e1 a \u0161koly Po\u010d\u00edta\u010dov\u00e1 kriminalita a prevencia","author":"Redakcia","date":"10. septembra 2020","format":false,"excerpt":"....n\u00e1rast po\u010d\u00edta\u010dovej kriminality kladie zv\u00fd\u0161en\u00e9 po\u017eiadavky aj na zmenu prevent\u00edvnych aktiv\u00edt zria\u010fovate\u013eov a \u0161k\u00f4l v ich p\u00f4sobnosti.... \u010do je to po\u010d\u00edta\u010dov\u00e1 kriminalita a ako na prevenciu efekt\u00edvne Lektor: Ing.Jaroslav Oster Kapacita webin\u00e1ra je obmedzen\u00e1, v pr\u00edpade vy\u0161\u0161ieho z\u00e1ujmu webin\u00e1r zopakujeme. \u00a0 Prihlasovanie \ufeffNa\u010d\u00edtava sa\u2026 \u00a0 \u00a0 \u00a0 \u00a0 \u00a0 \u00a0\u2026","rel":"","context":"V &quot;Akcie&quot;","block_context":{"text":"Akcie","link":"https:\/\/preventista.sk\/info\/category\/akcie\/"},"img":{"alt_text":"","src":"https:\/\/i0.wp.com\/preventista.sk\/info\/wp-content\/uploads\/2020\/09\/Po%C4%8D%C3%ADta%C4%8Dov%C3%A1-kriminalita-a-prevencia-v-praxi-samospr%C3%A1vy.png?fit=940%2C788&ssl=1&resize=350%2C200","width":350,"height":200,"srcset":"https:\/\/i0.wp.com\/preventista.sk\/info\/wp-content\/uploads\/2020\/09\/Po%C4%8D%C3%ADta%C4%8Dov%C3%A1-kriminalita-a-prevencia-v-praxi-samospr%C3%A1vy.png?fit=940%2C788&ssl=1&resize=350%2C200 1x, https:\/\/i0.wp.com\/preventista.sk\/info\/wp-content\/uploads\/2020\/09\/Po%C4%8D%C3%ADta%C4%8Dov%C3%A1-kriminalita-a-prevencia-v-praxi-samospr%C3%A1vy.png?fit=940%2C788&ssl=1&resize=525%2C300 1.5x, https:\/\/i0.wp.com\/preventista.sk\/info\/wp-content\/uploads\/2020\/09\/Po%C4%8D%C3%ADta%C4%8Dov%C3%A1-kriminalita-a-prevencia-v-praxi-samospr%C3%A1vy.png?fit=940%2C788&ssl=1&resize=700%2C400 2x"},"classes":[]},{"id":739,"url":"https:\/\/preventista.sk\/info\/pre-samospravy\/","url_meta":{"origin":7,"position":4},"title":"Pre samospr\u00e1vy","author":"J. Oster","date":"31. j\u00fala 2013","format":false,"excerpt":"Odpor\u00fa\u010dame zriadovate\u013eom - samospr\u00e1vam Odsk\u00fa\u0161an\u00fd pilotn\u00fd projekt cyklick\u00e9ho vzdel\u00e1vania u\u010dite\u013eov \u0161k\u00f4l v zria\u010fovate\u013eskej p\u00f4sobnosti M\u00da, pracovn\u00edkov p\u00f4sobiacich v oblasti prevencie a odborn\u00fa verejnos\u0165. \u00a0 Doteraz odpredn\u00e1\u0161an\u00e9 t\u00e9my: IT kriminalita rizik\u00e1 digit\u00e1lneho sveta a prevencia \u00a0 Pomoc drogovo z\u00e1visl\u00fdm HARM REDUCTION v ter\u00e9nnej pr\u00e1ci, v kontaknt\u00fdch centr\u00e1ch a slu\u017eby pre u\u017e\u00edvate\u013eov\u2026","rel":"","context":"V &quot;Odpor\u00fa\u010dame&quot;","block_context":{"text":"Odpor\u00fa\u010dame","link":"https:\/\/preventista.sk\/info\/category\/skusenosti\/odporucame\/"},"img":{"alt_text":"PreventistaSK","src":"https:\/\/i0.wp.com\/preventista.sk\/info\/wp-content\/uploads\/2013\/03\/PreventistaSK.jpg?fit=700%2C400&ssl=1&resize=350%2C200","width":350,"height":200,"srcset":"https:\/\/i0.wp.com\/preventista.sk\/info\/wp-content\/uploads\/2013\/03\/PreventistaSK.jpg?fit=700%2C400&ssl=1&resize=350%2C200 1x, https:\/\/i0.wp.com\/preventista.sk\/info\/wp-content\/uploads\/2013\/03\/PreventistaSK.jpg?fit=700%2C400&ssl=1&resize=525%2C300 1.5x, https:\/\/i0.wp.com\/preventista.sk\/info\/wp-content\/uploads\/2013\/03\/PreventistaSK.jpg?fit=700%2C400&ssl=1&resize=700%2C400 2x"},"classes":[]},{"id":1508,"url":"https:\/\/preventista.sk\/info\/prednaska-kyberneticka-kriminalita\/","url_meta":{"origin":7,"position":5},"title":"Najpozeranej\u0161ia predn\u00e1\u0161ka na ucimeprezivot.sk","author":"Redakcia","date":"30. decembra 2013","format":false,"excerpt":"Za rok od svojho zverejnenia sa\u00a0t\u00e1to predn\u00e1\u0161ka stala\u00a0najpozeranej\u0161ou predn\u00e1\u0161kou na\u00a0 www.ucimeprezivot.sk \u00a0 Na \u0161kol\u00e1ch za\u010d\u00ednaj\u00fa v tomto obdob\u00ed vznika\u0165 pl\u00e1ny tohtoro\u010dn\u00fdch aktiv\u00edt v oblasti prevencie.\u00a0 P\u00e1r n\u00e1metov mo\u017eno z\u00edskate z predn\u00e1\u0161ky z RoadShow Modern\u00fd u\u010dite\u013e z minul\u00e9ho roka. Na po\u017eiadanie pre u\u010dite\u013eov, riadite\u013eov \u0161k\u00f4l, preventistov\u00a0embedovan\u00e1 prezent\u00e1cia. \u00a0 \u00a0 Kybernetick\u00e1 kriminalita\u2026","rel":"","context":"V &quot;IT kriminalita&quot;","block_context":{"text":"IT kriminalita","link":"https:\/\/preventista.sk\/info\/category\/prevencia\/itkrim\/"},"img":{"alt_text":"klub-ucitelov","src":"https:\/\/i0.wp.com\/preventista.sk\/info\/wp-content\/uploads\/2013\/12\/ucitelia.jpg?fit=700%2C400&ssl=1&resize=350%2C200","width":350,"height":200,"srcset":"https:\/\/i0.wp.com\/preventista.sk\/info\/wp-content\/uploads\/2013\/12\/ucitelia.jpg?fit=700%2C400&ssl=1&resize=350%2C200 1x, https:\/\/i0.wp.com\/preventista.sk\/info\/wp-content\/uploads\/2013\/12\/ucitelia.jpg?fit=700%2C400&ssl=1&resize=525%2C300 1.5x, https:\/\/i0.wp.com\/preventista.sk\/info\/wp-content\/uploads\/2013\/12\/ucitelia.jpg?fit=700%2C400&ssl=1&resize=700%2C400 2x"},"classes":[]}],"_links":{"self":[{"href":"https:\/\/preventista.sk\/info\/wp-json\/wp\/v2\/posts\/7","targetHints":{"allow":["GET"]}}],"collection":[{"href":"https:\/\/preventista.sk\/info\/wp-json\/wp\/v2\/posts"}],"about":[{"href":"https:\/\/preventista.sk\/info\/wp-json\/wp\/v2\/types\/post"}],"author":[{"embeddable":true,"href":"https:\/\/preventista.sk\/info\/wp-json\/wp\/v2\/users\/2"}],"replies":[{"embeddable":true,"href":"https:\/\/preventista.sk\/info\/wp-json\/wp\/v2\/comments?post=7"}],"version-history":[{"count":11,"href":"https:\/\/preventista.sk\/info\/wp-json\/wp\/v2\/posts\/7\/revisions"}],"predecessor-version":[{"id":2005,"href":"https:\/\/preventista.sk\/info\/wp-json\/wp\/v2\/posts\/7\/revisions\/2005"}],"wp:featuredmedia":[{"embeddable":true,"href":"https:\/\/preventista.sk\/info\/wp-json\/wp\/v2\/media\/1921"}],"wp:attachment":[{"href":"https:\/\/preventista.sk\/info\/wp-json\/wp\/v2\/media?parent=7"}],"wp:term":[{"taxonomy":"category","embeddable":true,"href":"https:\/\/preventista.sk\/info\/wp-json\/wp\/v2\/categories?post=7"},{"taxonomy":"post_tag","embeddable":true,"href":"https:\/\/preventista.sk\/info\/wp-json\/wp\/v2\/tags?post=7"}],"curies":[{"name":"wp","href":"https:\/\/api.w.org\/{rel}","templated":true}]}}