{"id":726,"date":"2013-07-31T09:35:00","date_gmt":"2013-07-31T07:35:00","guid":{"rendered":"http:\/\/preventista.sk\/info\/?p=726"},"modified":"2014-02-03T23:57:47","modified_gmt":"2014-02-03T22:57:47","slug":"kolotoc-prevencie","status":"publish","type":"post","link":"https:\/\/preventista.sk\/info\/kolotoc-prevencie\/","title":{"rendered":"Koloto\u010d prevencie"},"content":{"rendered":"<p>&nbsp;<\/p>\n<p><a href=\"https:\/\/i0.wp.com\/preventista.sk\/info\/wp-content\/uploads\/2013\/07\/kolotoc_prevencie_1.png?ssl=1\"><img data-recalc-dims=\"1\" loading=\"lazy\" decoding=\"async\" data-attachment-id=\"727\" data-permalink=\"https:\/\/preventista.sk\/info\/kolotoc-prevencie\/kolotoc_prevencie_1\/\" data-orig-file=\"https:\/\/i0.wp.com\/preventista.sk\/info\/wp-content\/uploads\/2013\/07\/kolotoc_prevencie_1.png?fit=1430%2C1138&amp;ssl=1\" data-orig-size=\"1430,1138\" data-comments-opened=\"1\" data-image-meta=\"{&quot;aperture&quot;:&quot;0&quot;,&quot;credit&quot;:&quot;&quot;,&quot;camera&quot;:&quot;&quot;,&quot;caption&quot;:&quot;&quot;,&quot;created_timestamp&quot;:&quot;0&quot;,&quot;copyright&quot;:&quot;&quot;,&quot;focal_length&quot;:&quot;0&quot;,&quot;iso&quot;:&quot;0&quot;,&quot;shutter_speed&quot;:&quot;0&quot;,&quot;title&quot;:&quot;&quot;}\" data-image-title=\"kolotoc_prevencie_1\" data-image-description=\"\" data-image-caption=\"\" data-large-file=\"https:\/\/i0.wp.com\/preventista.sk\/info\/wp-content\/uploads\/2013\/07\/kolotoc_prevencie_1.png?fit=1024%2C814&amp;ssl=1\" class=\"alignnone size-large wp-image-727\" alt=\"kolotoc_prevencie_1\" src=\"https:\/\/i0.wp.com\/preventista.sk\/info\/wp-content\/uploads\/2013\/07\/kolotoc_prevencie_1.png?resize=1024%2C814&#038;ssl=1\" width=\"1024\" height=\"814\" srcset=\"https:\/\/i0.wp.com\/preventista.sk\/info\/wp-content\/uploads\/2013\/07\/kolotoc_prevencie_1.png?resize=1024%2C814&amp;ssl=1 1024w, https:\/\/i0.wp.com\/preventista.sk\/info\/wp-content\/uploads\/2013\/07\/kolotoc_prevencie_1.png?resize=150%2C119&amp;ssl=1 150w, https:\/\/i0.wp.com\/preventista.sk\/info\/wp-content\/uploads\/2013\/07\/kolotoc_prevencie_1.png?resize=300%2C238&amp;ssl=1 300w, https:\/\/i0.wp.com\/preventista.sk\/info\/wp-content\/uploads\/2013\/07\/kolotoc_prevencie_1.png?w=1430&amp;ssl=1 1430w\" sizes=\"auto, (max-width: 1000px) 100vw, 1000px\" \/><\/a><\/p>\n<p>Pilotn\u00fd projekt odsk\u00fa\u0161an\u00fd v m\u00e1ji 2012 &#8211; n\u00e1sledne 2013 za spolupr\u00e1ce nieko\u013ek\u00fdch subjektov spolupracuj\u00facich v r\u00e1mci komisie prevencie pri M\u00da Lu\u010denec.<\/p>\n<p>Subjekty podie\u013eaj\u00face sa na obsahovej n\u00e1plni:<\/p>\n<ul>\n<ul>\n<li>Pol\u00edcia Slovenskej republiky<\/li>\n<li>Mestsk\u00e1 pol\u00edcia Lu\u010denec<\/li>\n<li>Coln\u00e1 spr\u00e1va Slovenskej republiky<\/li>\n<li>CPPaP Lu\u010denec<\/li>\n<li>extern\u00ed lektori<\/li>\n<\/ul>\n<\/ul>\n<p>&nbsp;<\/p>\n<p>&nbsp;<\/p>\n<p><a href=\"https:\/\/i0.wp.com\/preventista.sk\/info\/wp-content\/uploads\/2013\/07\/kolotoc_prevencie_2.png?ssl=1\"><img data-recalc-dims=\"1\" loading=\"lazy\" decoding=\"async\" data-attachment-id=\"728\" data-permalink=\"https:\/\/preventista.sk\/info\/kolotoc-prevencie\/kolotoc_prevencie_2\/\" data-orig-file=\"https:\/\/i0.wp.com\/preventista.sk\/info\/wp-content\/uploads\/2013\/07\/kolotoc_prevencie_2.png?fit=1067%2C898&amp;ssl=1\" data-orig-size=\"1067,898\" data-comments-opened=\"1\" data-image-meta=\"{&quot;aperture&quot;:&quot;0&quot;,&quot;credit&quot;:&quot;&quot;,&quot;camera&quot;:&quot;&quot;,&quot;caption&quot;:&quot;&quot;,&quot;created_timestamp&quot;:&quot;0&quot;,&quot;copyright&quot;:&quot;&quot;,&quot;focal_length&quot;:&quot;0&quot;,&quot;iso&quot;:&quot;0&quot;,&quot;shutter_speed&quot;:&quot;0&quot;,&quot;title&quot;:&quot;&quot;}\" data-image-title=\"kolotoc_prevencie_2\" data-image-description=\"\" data-image-caption=\"\" data-large-file=\"https:\/\/i0.wp.com\/preventista.sk\/info\/wp-content\/uploads\/2013\/07\/kolotoc_prevencie_2.png?fit=1024%2C861&amp;ssl=1\" class=\"alignnone size-large wp-image-728\" alt=\"kolotoc_prevencie_2\" src=\"https:\/\/i0.wp.com\/preventista.sk\/info\/wp-content\/uploads\/2013\/07\/kolotoc_prevencie_2.png?resize=1024%2C861&#038;ssl=1\" width=\"1024\" height=\"861\" srcset=\"https:\/\/i0.wp.com\/preventista.sk\/info\/wp-content\/uploads\/2013\/07\/kolotoc_prevencie_2.png?resize=1024%2C861&amp;ssl=1 1024w, https:\/\/i0.wp.com\/preventista.sk\/info\/wp-content\/uploads\/2013\/07\/kolotoc_prevencie_2.png?resize=150%2C126&amp;ssl=1 150w, https:\/\/i0.wp.com\/preventista.sk\/info\/wp-content\/uploads\/2013\/07\/kolotoc_prevencie_2.png?resize=300%2C252&amp;ssl=1 300w, https:\/\/i0.wp.com\/preventista.sk\/info\/wp-content\/uploads\/2013\/07\/kolotoc_prevencie_2.png?w=1067&amp;ssl=1 1067w\" sizes=\"auto, (max-width: 1000px) 100vw, 1000px\" \/><\/a><\/p>\n<p>&nbsp;<\/p>\n<p>Vysk\u00fa\u0161ajte vo Va\u0161ich reg\u00f3noch podobne koordinovan\u00fa spolupr\u00e1cu &#8211; ak potrebujete poradi\u0165 som V\u00e1m k dispoz\u00edcii.<\/p>\n<p>&nbsp;<\/p>\n<p><em>Jaroslav Oster<\/em><\/p>\n<p><a href=\"mailto:prevencia@infoconsult.sk\">prevencia@infoconsult.sk<\/a><\/p>\n<p>&nbsp;<\/p>\n<p>&nbsp;<\/p>\n","protected":false},"excerpt":{"rendered":"<p>&nbsp; Pilotn\u00fd projekt odsk\u00fa\u0161an\u00fd v m\u00e1ji 2012 &#8211; n\u00e1sledne 2013 za spolupr\u00e1ce nieko\u013ek\u00fdch subjektov spolupracuj\u00facich v r\u00e1mci komisie prevencie pri M\u00da Lu\u010denec. Subjekty podie\u013eaj\u00face sa na obsahovej n\u00e1plni: Pol\u00edcia Slovenskej republiky Mestsk\u00e1 pol\u00edcia Lu\u010denec Coln\u00e1 spr\u00e1va Slovenskej republiky CPPaP Lu\u010denec extern\u00ed lektori &nbsp; &nbsp; &nbsp; Vysk\u00fa\u0161ajte vo Va\u0161ich reg\u00f3noch podobne koordinovan\u00fa spolupr\u00e1cu &#8211; ak potrebujete [&hellip;]<\/p>\n","protected":false},"author":2,"featured_media":1943,"comment_status":"open","ping_status":"open","sticky":false,"template":"","format":"standard","meta":{"jetpack_post_was_ever_published":false,"_jetpack_newsletter_access":"","_jetpack_dont_email_post_to_subs":false,"_jetpack_newsletter_tier_id":0,"_jetpack_memberships_contains_paywalled_content":false,"_jetpack_memberships_contains_paid_content":false,"footnotes":""},"categories":[58],"tags":[23,39,51,52],"class_list":["post-726","post","type-post","status-publish","format-standard","has-post-thumbnail","hentry","category-odporucame","tag-it-kriminalita","tag-prednasky","tag-prevencia-it-kriminality","tag-skola"],"aioseo_notices":[],"jetpack_featured_media_url":"https:\/\/i0.wp.com\/preventista.sk\/info\/wp-content\/uploads\/2013\/07\/koloto%C4%8D.jpg?fit=700%2C400&ssl=1","jetpack_sharing_enabled":true,"jetpack-related-posts":[{"id":4830,"url":"https:\/\/preventista.sk\/info\/skusenosti-s-prevenciou-kriminality-na-urovni-samospravy\/","url_meta":{"origin":726,"position":0},"title":"Sk\u00fasenosti s prevenciou kriminality na \u00farovni samospr\u00e1vy","author":"J. Oster","date":"29. apr\u00edla 2022","format":false,"excerpt":"... m\u00f4\u017ee samospr\u00e1va efekt\u00edvne p\u00f4sobi\u0165 v oblasti prevencie kriminality a by\u0165 dobr\u00fdm partnerom \u0161kol\u00e1m v ich prevent\u00edvnom p\u00f4soben\u00ed? \u00c1no m\u00f4\u017ee, dokonca efekt\u00edvne. zdroj: canva.com Pre sk\u00fasenosti sa obzrime cca. 10 - 11 rokov kedy to za\u010dalo .... vtedy prv\u00fdkr\u00e1t koordinovane v lokalite, kde nesk\u00f4r vzniklo aj na\u0161e ob\u010dianske zdru\u017eenie Preventista\u2026","rel":"","context":"V &quot;Prevencia&quot;","block_context":{"text":"Prevencia","link":"https:\/\/preventista.sk\/info\/category\/prevencia\/"},"img":{"alt_text":"","src":"https:\/\/i0.wp.com\/preventista.sk\/info\/wp-content\/uploads\/2022\/04\/prevencia-2022.png?resize=350%2C200&ssl=1","width":350,"height":200,"srcset":"https:\/\/i0.wp.com\/preventista.sk\/info\/wp-content\/uploads\/2022\/04\/prevencia-2022.png?resize=350%2C200&ssl=1 1x, https:\/\/i0.wp.com\/preventista.sk\/info\/wp-content\/uploads\/2022\/04\/prevencia-2022.png?resize=525%2C300&ssl=1 1.5x, https:\/\/i0.wp.com\/preventista.sk\/info\/wp-content\/uploads\/2022\/04\/prevencia-2022.png?resize=700%2C400&ssl=1 2x"},"classes":[]},{"id":44,"url":"https:\/\/preventista.sk\/info\/nami-realizovane-aktivity-v-oblasti-prevencie\/","url_meta":{"origin":726,"position":1},"title":"Nami realizovan\u00e9 aktivity v oblasti prevencie","author":"Redakcia","date":"19. j\u00fala 2013","format":false,"excerpt":"SPOLUPR\u00c1CA NA REALIZ\u00c1CII PRIESKUMU (2011\/2012) prieskum soci\u00e1lno-patologick\u00fdch javov na z\u00e1kladn\u00fdch \u0161kol\u00e1ch mesta Lu\u010denec Komisia prevencie, Lu\u010denec\u00a0\u00a0\u00a0 informat\u00edvny \u010dl\u00e1nok z v\u00fdsledkov prieskumu (scoop.it) Modern\u00e9 komunika\u010dn\u00e9 technol\u00f3gie, rizik\u00e1 ich pou\u017e\u00edvania prevencia IT kriminality (12\/2018) vzdel\u00e1vac\u00ed workshop pre pracovn\u00edkov prevencie \u00darad pr\u00e1ce soci\u00e1lnych vec\u00ed a rodiny Lu\u010denec Modern\u00e9 komunika\u010dn\u00e9 technol\u00f3gie, rizik\u00e1 ich pou\u017e\u00edvania,\u2026","rel":"","context":"V &quot;Hist\u00f3ria&quot;","block_context":{"text":"Hist\u00f3ria","link":"https:\/\/preventista.sk\/info\/category\/akcie\/prehladakc\/"},"img":{"alt_text":"","src":"https:\/\/i0.wp.com\/preventista.sk\/info\/wp-content\/uploads\/2013\/07\/spolocne.jpg?fit=700%2C400&ssl=1&resize=350%2C200","width":350,"height":200,"srcset":"https:\/\/i0.wp.com\/preventista.sk\/info\/wp-content\/uploads\/2013\/07\/spolocne.jpg?fit=700%2C400&ssl=1&resize=350%2C200 1x, https:\/\/i0.wp.com\/preventista.sk\/info\/wp-content\/uploads\/2013\/07\/spolocne.jpg?fit=700%2C400&ssl=1&resize=525%2C300 1.5x, https:\/\/i0.wp.com\/preventista.sk\/info\/wp-content\/uploads\/2013\/07\/spolocne.jpg?fit=700%2C400&ssl=1&resize=700%2C400 2x"},"classes":[]},{"id":3652,"url":"https:\/\/preventista.sk\/info\/prieskum-lucenec-2019\/","url_meta":{"origin":726,"position":2},"title":"Prieskum Lu\u010denec 2019","author":"Redakcia","date":"24. septembra 2019","format":false,"excerpt":"Prieskum zrealizovan\u00fd na z\u00e1kladn\u00fdch \u0161kol\u00e1ch okresu Lu\u010denec zameran\u00fd na zmapovanie ne\u017eiad\u00facich javov na z\u00e1kladn\u00fdch \u0161kol\u00e1ch. Realiz\u00e1tori: CENTRUM PEDAGOGICKO-PSYCHOLOGICK\u00c9HO PORADENSTVA A PREVENCIE V LU\u010cENCI OZ Preventista \u2013 zdru\u017eenie pre bezpe\u010dnos\u0165 a prevenciu Po\u010det zapojen\u00fdch \u0161k\u00f4l: 11 Po\u010det zapojen\u00fdch respondentov: 1.495 K\u013e\u00fa\u010dov\u00e9 zistenia prieskumu Realiz\u00e1cia prevencie je st\u00e1ly, aktu\u00e1lny a nevyhnutn\u00fd proces,\u2026","rel":"","context":"V &quot;Prieskumy&quot;","block_context":{"text":"Prieskumy","link":"https:\/\/preventista.sk\/info\/category\/skusenosti\/prieskumy\/"},"img":{"alt_text":"prieskum","src":"https:\/\/i0.wp.com\/preventista.sk\/info\/wp-content\/uploads\/2012\/05\/Prieskum.jpg?fit=700%2C400&ssl=1&resize=350%2C200","width":350,"height":200,"srcset":"https:\/\/i0.wp.com\/preventista.sk\/info\/wp-content\/uploads\/2012\/05\/Prieskum.jpg?fit=700%2C400&ssl=1&resize=350%2C200 1x, https:\/\/i0.wp.com\/preventista.sk\/info\/wp-content\/uploads\/2012\/05\/Prieskum.jpg?fit=700%2C400&ssl=1&resize=525%2C300 1.5x, https:\/\/i0.wp.com\/preventista.sk\/info\/wp-content\/uploads\/2012\/05\/Prieskum.jpg?fit=700%2C400&ssl=1&resize=700%2C400 2x"},"classes":[]},{"id":86,"url":"https:\/\/preventista.sk\/info\/prieskum-na-zakladnych-skolach-mesta-lucenec\/","url_meta":{"origin":726,"position":3},"title":"Prieskum Lu\u010denec 2011","author":"J. Oster","date":"20. m\u00e1ja 2012","format":false,"excerpt":"Prieskum na z\u00e1kladn\u00fdch \u0161kol\u00e1ch mesta Lu\u010denec Situ\u00e1cia v na\u0161ich \u0161kol\u00e1ch je v posledn\u00fdch rokoch mimoriadne kr\u00edzov\u00e1. Signalizuje pre odborn\u00edkov, u\u010dite\u013eov, psychol\u00f3gov, pedag\u00f3gov, ale aj pre cel\u00fa verejnos\u0165, \u017ee je v na\u0161ej spolo\u010dnosti zjavn\u00e1 kr\u00edza rodiny, kr\u00edza v\u00fdchovy det\u00ed, kr\u00edza mor\u00e1lnych a duchovn\u00fdch hodn\u00f4t u mladistv\u00fdch. \u00a0 V s\u00fa\u010dasnej \u0161kole, ako\u2026","rel":"","context":"V &quot;Prieskumy&quot;","block_context":{"text":"Prieskumy","link":"https:\/\/preventista.sk\/info\/category\/skusenosti\/prieskumy\/"},"img":{"alt_text":"prieskum","src":"https:\/\/i0.wp.com\/preventista.sk\/info\/wp-content\/uploads\/2012\/05\/Prieskum.jpg?fit=700%2C400&ssl=1&resize=350%2C200","width":350,"height":200,"srcset":"https:\/\/i0.wp.com\/preventista.sk\/info\/wp-content\/uploads\/2012\/05\/Prieskum.jpg?fit=700%2C400&ssl=1&resize=350%2C200 1x, https:\/\/i0.wp.com\/preventista.sk\/info\/wp-content\/uploads\/2012\/05\/Prieskum.jpg?fit=700%2C400&ssl=1&resize=525%2C300 1.5x, https:\/\/i0.wp.com\/preventista.sk\/info\/wp-content\/uploads\/2012\/05\/Prieskum.jpg?fit=700%2C400&ssl=1&resize=700%2C400 2x"},"classes":[]},{"id":3097,"url":"https:\/\/preventista.sk\/info\/2-najlepsi-projekt-prevencie-za-rok-2015\/","url_meta":{"origin":726,"position":4},"title":"2.najlep\u0161\u00ed projekt prevencie za rok 2015","author":"Redakcia","date":"13. febru\u00e1ra 2016","format":false,"excerpt":"Stali sme sa druh\u00fdm naj\u00faspe\u0161nej\u0161\u00edm projektom prevencie kriminality v Slovenskej republike za rok 2015. \u010eakujeme spolupracovn\u00edkom, fan\u00fa\u0161ikom, partnerom. \u00a0","rel":"","context":"V &quot;Ocenenia&quot;","block_context":{"text":"Ocenenia","link":"https:\/\/preventista.sk\/info\/category\/onas\/ocenenia\/"},"img":{"alt_text":"diplom","src":"https:\/\/i0.wp.com\/preventista.sk\/info\/wp-content\/uploads\/2016\/02\/diplom-700x990.jpg?resize=350%2C200","width":350,"height":200,"srcset":"https:\/\/i0.wp.com\/preventista.sk\/info\/wp-content\/uploads\/2016\/02\/diplom-700x990.jpg?resize=350%2C200 1x, https:\/\/i0.wp.com\/preventista.sk\/info\/wp-content\/uploads\/2016\/02\/diplom-700x990.jpg?resize=525%2C300 1.5x, https:\/\/i0.wp.com\/preventista.sk\/info\/wp-content\/uploads\/2016\/02\/diplom-700x990.jpg?resize=700%2C400 2x"},"classes":[]},{"id":2846,"url":"https:\/\/preventista.sk\/info\/virtualny-svet-a-realne-nebezepecenstva\/","url_meta":{"origin":726,"position":5},"title":"VIRTU\u00c1LNY SVET A RE\u00c1LNE NEBEZEPE\u010cENSTV\u00c1","author":"Redakcia","date":"24. septembra 2015","format":false,"excerpt":"V spolupr\u00e1ci ob\u010dianskeho zdru\u017eenia PREVENTISTA \u2013 zdru\u017eenie pre bezpe\u010dnos\u0165 a\u00a0prevenciu, Finan\u010dnej spr\u00e1vy SR, Ministerstva vn\u00fatra SR, CPPPaP Lu\u010denec a\u00a0\u010fal\u0161\u00edch partnerov sa d\u0148a 16.9.2015\u00a0 v\u00a0Lu\u010denci uskuto\u010dnil pracovn\u00fd workshop pre preventistov, pedag\u00f3gov a\u00a0odborn\u00fa verejnos\u0165 s\u00a0n\u00e1zvom \u201eVirtu\u00e1lny svet a\u00a0re\u00e1lne nebezpe\u010denstv\u00e1\u201c. Obsah workshopu bol zameran\u00fd na spektrum t\u00e9m z\u00a0oblasti riz\u00edk internetov\u00e9ho sveta a\u00a0soci\u00e1lnych siet\u00ed.\u2026","rel":"","context":"V &quot;Aktu\u00e1lne&quot;","block_context":{"text":"Aktu\u00e1lne","link":"https:\/\/preventista.sk\/info\/category\/akcie\/aktualne\/"},"img":{"alt_text":"","src":"https:\/\/i0.wp.com\/preventista.sk\/info\/wp-content\/uploads\/2015\/09\/workshop.png?fit=700%2C400&ssl=1&resize=350%2C200","width":350,"height":200,"srcset":"https:\/\/i0.wp.com\/preventista.sk\/info\/wp-content\/uploads\/2015\/09\/workshop.png?fit=700%2C400&ssl=1&resize=350%2C200 1x, https:\/\/i0.wp.com\/preventista.sk\/info\/wp-content\/uploads\/2015\/09\/workshop.png?fit=700%2C400&ssl=1&resize=525%2C300 1.5x, https:\/\/i0.wp.com\/preventista.sk\/info\/wp-content\/uploads\/2015\/09\/workshop.png?fit=700%2C400&ssl=1&resize=700%2C400 2x"},"classes":[]}],"_links":{"self":[{"href":"https:\/\/preventista.sk\/info\/wp-json\/wp\/v2\/posts\/726","targetHints":{"allow":["GET"]}}],"collection":[{"href":"https:\/\/preventista.sk\/info\/wp-json\/wp\/v2\/posts"}],"about":[{"href":"https:\/\/preventista.sk\/info\/wp-json\/wp\/v2\/types\/post"}],"author":[{"embeddable":true,"href":"https:\/\/preventista.sk\/info\/wp-json\/wp\/v2\/users\/2"}],"replies":[{"embeddable":true,"href":"https:\/\/preventista.sk\/info\/wp-json\/wp\/v2\/comments?post=726"}],"version-history":[{"count":11,"href":"https:\/\/preventista.sk\/info\/wp-json\/wp\/v2\/posts\/726\/revisions"}],"predecessor-version":[{"id":750,"href":"https:\/\/preventista.sk\/info\/wp-json\/wp\/v2\/posts\/726\/revisions\/750"}],"wp:featuredmedia":[{"embeddable":true,"href":"https:\/\/preventista.sk\/info\/wp-json\/wp\/v2\/media\/1943"}],"wp:attachment":[{"href":"https:\/\/preventista.sk\/info\/wp-json\/wp\/v2\/media?parent=726"}],"wp:term":[{"taxonomy":"category","embeddable":true,"href":"https:\/\/preventista.sk\/info\/wp-json\/wp\/v2\/categories?post=726"},{"taxonomy":"post_tag","embeddable":true,"href":"https:\/\/preventista.sk\/info\/wp-json\/wp\/v2\/tags?post=726"}],"curies":[{"name":"wp","href":"https:\/\/api.w.org\/{rel}","templated":true}]}}