{"id":86,"date":"2012-05-20T21:25:06","date_gmt":"2012-05-20T19:25:06","guid":{"rendered":"http:\/\/preventista.sk\/info\/?p=86"},"modified":"2019-09-22T12:37:21","modified_gmt":"2019-09-22T10:37:21","slug":"prieskum-na-zakladnych-skolach-mesta-lucenec","status":"publish","type":"post","link":"https:\/\/preventista.sk\/info\/prieskum-na-zakladnych-skolach-mesta-lucenec\/","title":{"rendered":"Prieskum Lu\u010denec 2011"},"content":{"rendered":"<p><strong>Prieskum na z\u00e1kladn\u00fdch \u0161kol\u00e1ch mesta Lu\u010denec<\/strong><\/p>\n<p>Situ\u00e1cia v na\u0161ich \u0161kol\u00e1ch je v posledn\u00fdch rokoch mimoriadne kr\u00edzov\u00e1. Signalizuje pre odborn\u00edkov, u\u010dite\u013eov, psychol\u00f3gov, pedag\u00f3gov, ale aj pre cel\u00fa verejnos\u0165, \u017ee je v na\u0161ej spolo\u010dnosti zjavn\u00e1 kr\u00edza rodiny, kr\u00edza v\u00fdchovy det\u00ed, kr\u00edza mor\u00e1lnych a duchovn\u00fdch hodn\u00f4t u mladistv\u00fdch.<\/p>\n<p>&nbsp;<\/p>\n<p>V s\u00fa\u010dasnej \u0161kole, ako eviduj\u00fa odborn\u00edci sa vyskytuje mno\u017estvo soci\u00e1lno-patologick\u00fdch javov, medzi ktor\u00e9 sa naj\u010dastej\u0161ie radia javy ako: agresia, n\u00e1silie, vandalizmus namieren\u00e9 vo\u010di \u017eiakom, u\u010dite\u013eom, objektom v \u0161kole(obrazy, sochy, \u0161kolsk\u00fd n\u00e1bytok, \u0161kolsk\u00e9 po\u010d\u00edta\u010de, a in\u00e9), \u010falej \u0161ikanovanie spolu\u017eiakov, ale aj u\u010dite\u013eov, z\u00e1\u0161kol\u00e1ctvo s alebo bez p\u00e1chania kriminality (kr\u00e1de\u017ee, l\u00fape\u017ee a in\u00e9), poruchy spr\u00e1vania, faj\u010denie, alkoholizmus a in\u00e9 drogov\u00e9 z\u00e1vislosti, resp. aj d\u00edlerstvo drog v \u0161kol\u00e1ch,kriminalita mladistv\u00fdch v \u0161kole a mimo \u0161kolu (kr\u00e1de\u017ee po\u010d\u00edta\u010dov, mobilov, pe\u0148az\u00ed) a prostit\u00facia mladistv\u00fdch. Na vzniku soci\u00e1lno-patologick\u00fdch javov v \u0161kol\u00e1ch a por\u00fach \u017eiakov v spr\u00e1van\u00ed sa podie\u013ea mno\u017estvo faktorov. S\u00fa\u010dasn\u00e1 spolo\u010dnos\u0165 stavia ako vzor suver\u00e9nneho arogantn\u00e9ho jedinca, ktor\u00fd si rie\u0161i svoje probl\u00e9my agres\u00edvnymi prejavmi spr\u00e1vania a ktor\u00fd uskuto\u010d\u0148uje n\u00e1siln\u00e9, dokonca a\u017e trestn\u00e9 \u010diny. Videohry, ktor\u00e9 deti hr\u00e1vaj\u00fa nieko\u013eko hod\u00edn denne, tie\u017e zvy\u0161uj\u00fa ich agresivitu a v neposlednom rade tie\u017e ka\u017edodenne prezentovan\u00e1 intolerancia i diskrimin\u00e1cia dospel\u00fdch.<\/p>\n<p>&nbsp;<\/p>\n<p>Z\u00e1sadn\u00fdm probl\u00e9m sa v s\u00fa\u010dasnej dobe jav\u00ed aj vyu\u017e\u00edvanie informa\u010dn\u00fdch technol\u00f3gi\u00ed bez odpovedaj\u00facej \u00farovne znalost\u00ed riz\u00edk. Konanie, ktor\u00e9 \u010dasto z neznalosti fungovania technologick\u00fdch prostriedkov a rovnako z neznalosti z\u00e1kladnej legislat\u00edvy m\u00f4\u017ee prer\u00e1s\u0165 a\u017e do aktiv\u00edt presahuj\u00facich hranice trestn\u00e9ho pr\u00e1va.<\/p>\n<p>&nbsp;<\/p>\n<p>Ako nutn\u00e9 v\u00fdchodisko pre optimaliz\u00e1ciu a koordin\u00e1ciu aplikovate\u013en\u00fdch prevent\u00edvnych aktiv\u00edt fokusovan\u00fdch na skuto\u010dn\u00e9 probl\u00e9my vznikla v aktivit\u00e1ch Komisie prevencie potreba identifikovania a kvantifikovania re\u00e1lneho stavu soci\u00e1lno-patologick\u00fdch javov na z\u00e1kladn\u00fdch \u0161kol\u00e1ch n\u00e1\u0161ho mesta. Jednou z dostupn\u00fdch foriem bola realiz\u00e1cia prieskumu, ktor\u00fd bol realizovan\u00fd a vyhodnoten\u00fd na prelomoch rokov 2011 a 2012. Prieskum bol realizovan\u00fd anonymne formou elektronick\u00e9ho dotazn\u00edka \u010d\u00edm bola vyl\u00fa\u010den\u00e1 ak\u00e1ko\u013evek mo\u017enos\u0165 identifik\u00e1cie respondentov. Do prieskumu sa zapojila vzorka 506 \u017eiakov ro\u010dn\u00edkov 4 &#8211; 9.<\/p>\n<p>&nbsp;<\/p>\n<p>Na z\u00e1klade vyhodnotenia prieskumu mo\u017eno kon\u0161tatova\u0165, \u017ee \u010das\u0165 zisten\u00ed potvrdila predpoklady odborn\u00edkov zaoberaj\u00facich sa problematikou prevencie na region\u00e1lnej \u00farovni a \u010das\u0165 pouk\u00e1zala na &#8222;slab\u00e9&#8220; miesta prevencie &#8211; jednoducho n\u00e1m uk\u00e1zala ak\u00fdm smerom treba v \u010fal\u0161\u00edch obdobiach smerova\u0165 aktivity.<\/p>\n<p>&nbsp;<\/p>\n<p><strong>Z\u00e1kladn\u00e9 zistenia z prieskumu (v\u00fdber najzauj\u00edmavej\u0161\u00edch):<\/strong><\/p>\n<ul>\n<li>zv\u00fd\u0161en\u00fa pozornos\u0165 bude potrebn\u00e9 venova\u0165 problematike \u0161ikanovania (\u0161ikanovanie = dlhodob\u00e9, \u00famyseln\u00e9 a opakovan\u00e9 ubli\u017eovanie) &#8211; kde prieskum indikoval existenciu tohoto javu medzi de\u0165mi a to ako v re\u00e1lnom svete, tak aj vo svete internetov\u00fdch komunika\u010dn\u00fdch prostriedkov (najm\u00e4 soci\u00e1lnych siet\u00ed) kde dominantne naj\u010dastej\u0161ou formou identifikovanou de\u0165mi ur\u00e1\u017eanie a nad\u00e1vanie<\/li>\n<li>viac ako 2\/3 det\u00ed zapojen\u00fdch do prieskumu vn\u00edmaj\u00fa vandalizmus ako jav s ktor\u00fdm sa u\u017e stretli<\/li>\n<li>sk\u00faman\u00e1 vekov\u00e1 skupina nem\u00e1 vo v\u00e4\u010d\u0161ej miere re\u00e1lne sk\u00fasenosti s v\u00fdhern\u00fdmi hrac\u00edmi automatmi<\/li>\n<li>nezanedbate\u013en\u00e1 \u010das\u0165 sk\u00famanej vekovej skupiny uviedla re\u00e1lne sk\u00fasenosti s konzum\u00e1ciou alkoholick\u00fdch n\u00e1pojov, faj\u010den\u00edm tabakov\u00fdch cigariet a konzum\u00e1ciou energetick\u00fdch n\u00e1pojov<\/li>\n<li>zauj\u00edmav\u00fdm zisten\u00edm bolo uv\u00e1dzanie zdroja kde konzumenti pri\u0161li do styku s alkoholom \u2013 27% respondentov uviedlo kamar\u00e1ta ako prv\u00e9ho kto pon\u00fakol, 10% uviedla rodinn\u00e9 prostredie<\/li>\n<li>na z\u00e1sadn\u00e9 medzery pouk\u00e1zal\u00a0prieskum v oblasti internetovej bezpe\u010dnosti &#8211; v\u00e4\u010d\u0161ina respondentov neakceptuje z\u00e1kladn\u00e9 princ\u00edpy ochrany a m\u00e1 tendencie zverej\u0148ova\u0165 osobn\u00e9 \u00fadaje o svojej osobe na soci\u00e1lny sie\u0165ach (Facebook, Twitter a \u010fal\u0161ie). Kompletn\u00fd osobn\u00fd profil pozost\u00e1vaj\u00faci z mena, priezviska, osobnej fotografie a veku uverej\u0148uje viac ako 43% op\u00fdtan\u00fdch.<\/li>\n<li>32% respondentov tr\u00e1vi na internetov\u00fdch f\u00f3rach menej ako 2 hodiny denne, 22% odhaduje tento \u010das na 2 a\u017e 4 hodiny denne, 16% viac ako 4 hodiny denne \u2013 pri\u010dom a\u017e 61% hodnot\u00ed tento stav ako probl\u00e9m definovate\u013en\u00fd vetou \u201etr\u00e1vim ve\u013ea \u010dasu na pri z\u00e1bave na po\u010d\u00edta\u010di\/internete\u201c<\/li>\n<li>takmer \u0161tvrtina det\u00ed v prieskume identifikuje nadmern\u00e9 SMS-kovanie ako svoj osobn\u00fd probl\u00e9m<\/li>\n<li>v oblasti vo\u013eno\u010dasov\u00fdch aktiv\u00edt v\u00fdznamn\u00e9 prie\u010dky obsadil telev\u00edzny program, po\u010d\u00edta\u010dov\u00e9 hry a internet<\/li>\n<li>sk\u00famanie zauj\u00edmavosti prevent\u00edvnych aktiv\u00edt z poh\u013eadu \u017eiakov z\u00e1kladn\u00fdch \u0161k\u00f4l v na\u0161om meste prieskum preuk\u00e1zal, \u017ee za najzauj\u00edmavej\u0161ie a napr\u00ednosnej\u0161ie pova\u017euj\u00fa \u017eiaci besedy s extern\u00fdmi odborn\u00edkmi v r\u00f4znych oblastiach<\/li>\n<\/ul>\n<p>&nbsp;<\/p>\n<p>Kompletn\u00fa spr\u00e1vu z prieskumu pri spolo\u010dnej porade \u010dlenov Komisie prevencie, riadite\u013eov a preventistov \u0161k\u00f4l dostali do r\u00fak t\u00ed najpovolanej\u0161\u00ed \u2013 pedag\u00f3govia. Ver\u00edme \u017ee im posl\u00fa\u017ei na skvalitnenie \u010fal\u0161ej prevent\u00edvnej pr\u00e1ce na svojich \u0161kol\u00e1ch. \u010clenovia komisie u\u017e dnes pripravuj\u00fa na z\u00e1klade z\u00e1verov prieskumu pripravuj\u00fa \u010fal\u0161ie aktivity zameran\u00e9 na z\u00e1kladn\u00e9, stredn\u00e9 \u0161koly ale rovnako mysl\u00edme aj na dospel\u00fdch.<\/p>\n<p>&nbsp;<\/p>\n<p>Predpokladate\u013ene v\u00fdsledky by neboli diametr\u00e1lne odli\u0161n\u00e9 nech by sa prieskum vykonal v \u013eubovo\u013enej samospr\u00e1ve na Slovensku &#8211; v\u00fdsledky kore\u0161ponduj\u00fa so zisteniami parci\u00e1lnych prieskumov celoslovensk\u00e9ho charakteru a odpovedaj\u00fa aj v\u00fdsledkom, zahrani\u010dn\u00fdch prieskumov.<\/p>\n<p>&nbsp;<\/p>\n<p style=\"text-align: right;\"><a href=\"https:\/\/preventista.sk\/info\/wp-content\/uploads\/2012\/05\/Prieskum-PREVENCIA-LC-ZS-2011-sprava-verzia-1.0.pdf\">Prieskum PREVENCIA LC ZS 2011 sprava verzia 1.0<\/a><\/p>\n<p>&nbsp;<\/p>\n<p>Jaroslav Oster<\/p>\n<p>&nbsp;<\/p>\n","protected":false},"excerpt":{"rendered":"<p>Prieskum na z\u00e1kladn\u00fdch \u0161kol\u00e1ch mesta Lu\u010denec Situ\u00e1cia v na\u0161ich \u0161kol\u00e1ch je v posledn\u00fdch rokoch mimoriadne kr\u00edzov\u00e1. Signalizuje pre odborn\u00edkov, u\u010dite\u013eov, psychol\u00f3gov, pedag\u00f3gov, ale aj pre cel\u00fa verejnos\u0165, \u017ee je v na\u0161ej spolo\u010dnosti zjavn\u00e1 kr\u00edza rodiny, kr\u00edza v\u00fdchovy det\u00ed, kr\u00edza mor\u00e1lnych a duchovn\u00fdch hodn\u00f4t u mladistv\u00fdch. &nbsp; V s\u00fa\u010dasnej \u0161kole, ako eviduj\u00fa odborn\u00edci sa vyskytuje mno\u017estvo [&hellip;]<\/p>\n","protected":false},"author":2,"featured_media":1909,"comment_status":"open","ping_status":"open","sticky":false,"template":"","format":"standard","meta":{"jetpack_post_was_ever_published":false,"_jetpack_newsletter_access":"","_jetpack_dont_email_post_to_subs":false,"_jetpack_newsletter_tier_id":0,"_jetpack_memberships_contains_paywalled_content":false,"_jetpack_memberships_contains_paid_content":false,"footnotes":""},"categories":[13],"tags":[51,36,52],"class_list":["post-86","post","type-post","status-publish","format-standard","has-post-thumbnail","hentry","category-prieskumy","tag-prevencia-it-kriminality","tag-prieskum","tag-skola"],"aioseo_notices":[],"jetpack_featured_media_url":"https:\/\/i0.wp.com\/preventista.sk\/info\/wp-content\/uploads\/2012\/05\/Prieskum.jpg?fit=700%2C400&ssl=1","jetpack_sharing_enabled":true,"jetpack-related-posts":[{"id":3652,"url":"https:\/\/preventista.sk\/info\/prieskum-lucenec-2019\/","url_meta":{"origin":86,"position":0},"title":"Prieskum Lu\u010denec 2019","author":"Redakcia","date":"24. septembra 2019","format":false,"excerpt":"Prieskum zrealizovan\u00fd na z\u00e1kladn\u00fdch \u0161kol\u00e1ch okresu Lu\u010denec zameran\u00fd na zmapovanie ne\u017eiad\u00facich javov na z\u00e1kladn\u00fdch \u0161kol\u00e1ch. Realiz\u00e1tori: CENTRUM PEDAGOGICKO-PSYCHOLOGICK\u00c9HO PORADENSTVA A PREVENCIE V LU\u010cENCI OZ Preventista \u2013 zdru\u017eenie pre bezpe\u010dnos\u0165 a prevenciu Po\u010det zapojen\u00fdch \u0161k\u00f4l: 11 Po\u010det zapojen\u00fdch respondentov: 1.495 K\u013e\u00fa\u010dov\u00e9 zistenia prieskumu Realiz\u00e1cia prevencie je st\u00e1ly, aktu\u00e1lny a nevyhnutn\u00fd proces,\u2026","rel":"","context":"V &quot;Prieskumy&quot;","block_context":{"text":"Prieskumy","link":"https:\/\/preventista.sk\/info\/category\/skusenosti\/prieskumy\/"},"img":{"alt_text":"prieskum","src":"https:\/\/i0.wp.com\/preventista.sk\/info\/wp-content\/uploads\/2012\/05\/Prieskum.jpg?fit=700%2C400&ssl=1&resize=350%2C200","width":350,"height":200,"srcset":"https:\/\/i0.wp.com\/preventista.sk\/info\/wp-content\/uploads\/2012\/05\/Prieskum.jpg?fit=700%2C400&ssl=1&resize=350%2C200 1x, https:\/\/i0.wp.com\/preventista.sk\/info\/wp-content\/uploads\/2012\/05\/Prieskum.jpg?fit=700%2C400&ssl=1&resize=525%2C300 1.5x, https:\/\/i0.wp.com\/preventista.sk\/info\/wp-content\/uploads\/2012\/05\/Prieskum.jpg?fit=700%2C400&ssl=1&resize=700%2C400 2x"},"classes":[]},{"id":1244,"url":"https:\/\/preventista.sk\/info\/prevencia-kam-kracas\/","url_meta":{"origin":86,"position":1},"title":"Prevencia kam kr\u00e1\u010da\u0161&#8230;?","author":"J. Oster","date":"1. septembra 2013","format":false,"excerpt":"Nieko\u013ekoro\u010dn\u00e9 p\u00f4sobenie v\u00a0oblasti prevencie, predn\u00e1\u0161kov\u00e9 turn\u00e9 medzi u\u010dite\u013emi po celom Slovensku, debaty s\u00a0u\u010dite\u013emi v\u00a0r\u00e1mci predn\u00e1\u0161ok na \u0161kol\u00e1ch a\u00a0workshopov, v\u00fdmeny n\u00e1zorov v\u00a0diskusn\u00fdch skupin\u00e1ch vyprofilovali rad poznatkov z\u00a0oblasti fungovania prevencie a\u00a0zvl\u00e1s\u0165 v\u00a0oblasti prevencie IT kriminality a\u00a0informa\u010dnej bezpe\u010dnosti. \u00a0 Sk\u00fasim \u00a0zhrn\u00fa\u0165 nieko\u013eko z\u00e1kladn\u00fdch probl\u00e9mov o\u00a0ktor\u00fdch sa d\u00e1 rozp\u00fata\u0165 ur\u010dite ve\u013emi dlh\u00e1 diskusia: nedostato\u010dn\u00e1\u2026","rel":"","context":"V &quot;Prevencia&quot;","block_context":{"text":"Prevencia","link":"https:\/\/preventista.sk\/info\/category\/prevencia\/"},"img":{"alt_text":"PreventistaSK","src":"https:\/\/i0.wp.com\/preventista.sk\/info\/wp-content\/uploads\/2013\/03\/PreventistaSK.jpg?fit=700%2C400&ssl=1&resize=350%2C200","width":350,"height":200,"srcset":"https:\/\/i0.wp.com\/preventista.sk\/info\/wp-content\/uploads\/2013\/03\/PreventistaSK.jpg?fit=700%2C400&ssl=1&resize=350%2C200 1x, https:\/\/i0.wp.com\/preventista.sk\/info\/wp-content\/uploads\/2013\/03\/PreventistaSK.jpg?fit=700%2C400&ssl=1&resize=525%2C300 1.5x, https:\/\/i0.wp.com\/preventista.sk\/info\/wp-content\/uploads\/2013\/03\/PreventistaSK.jpg?fit=700%2C400&ssl=1&resize=700%2C400 2x"},"classes":[]},{"id":4830,"url":"https:\/\/preventista.sk\/info\/skusenosti-s-prevenciou-kriminality-na-urovni-samospravy\/","url_meta":{"origin":86,"position":2},"title":"Sk\u00fasenosti s prevenciou kriminality na \u00farovni samospr\u00e1vy","author":"J. Oster","date":"29. apr\u00edla 2022","format":false,"excerpt":"... m\u00f4\u017ee samospr\u00e1va efekt\u00edvne p\u00f4sobi\u0165 v oblasti prevencie kriminality a by\u0165 dobr\u00fdm partnerom \u0161kol\u00e1m v ich prevent\u00edvnom p\u00f4soben\u00ed? \u00c1no m\u00f4\u017ee, dokonca efekt\u00edvne. zdroj: canva.com Pre sk\u00fasenosti sa obzrime cca. 10 - 11 rokov kedy to za\u010dalo .... vtedy prv\u00fdkr\u00e1t koordinovane v lokalite, kde nesk\u00f4r vzniklo aj na\u0161e ob\u010dianske zdru\u017eenie Preventista\u2026","rel":"","context":"V &quot;Prevencia&quot;","block_context":{"text":"Prevencia","link":"https:\/\/preventista.sk\/info\/category\/prevencia\/"},"img":{"alt_text":"","src":"https:\/\/i0.wp.com\/preventista.sk\/info\/wp-content\/uploads\/2022\/04\/prevencia-2022.png?resize=350%2C200&ssl=1","width":350,"height":200,"srcset":"https:\/\/i0.wp.com\/preventista.sk\/info\/wp-content\/uploads\/2022\/04\/prevencia-2022.png?resize=350%2C200&ssl=1 1x, https:\/\/i0.wp.com\/preventista.sk\/info\/wp-content\/uploads\/2022\/04\/prevencia-2022.png?resize=525%2C300&ssl=1 1.5x, https:\/\/i0.wp.com\/preventista.sk\/info\/wp-content\/uploads\/2022\/04\/prevencia-2022.png?resize=700%2C400&ssl=1 2x"},"classes":[]},{"id":2203,"url":"https:\/\/preventista.sk\/info\/leto-i-jesen-budu-opat-o-prevencii\/","url_meta":{"origin":86,"position":3},"title":"Leto i jese\u0148 bud\u00fa op\u00e4\u0165 o prevencii","author":"J. Oster","date":"31. j\u00fala 2014","format":false,"excerpt":"Ani po\u010das leta nebudeme ne\u010dinn\u00fd. Okrem \u010dl\u00e1nkov a pr\u00edpravy na jesenn\u00e9 obdobie (o ktorom u\u017e dnes vieme, \u017ee bude n\u00e1ro\u010dn\u00e9) sa z\u00fa\u010dastn\u00edme nieko\u013ek\u00fdch zauj\u00edmav\u00fdch\u00a0aktiv\u00edt. Zameranie ako inak - bezpe\u010dnos\u0165 IT \u00a0a prevencia IT kriminality. Pritom v plnej miere be\u017eia pr\u00edpravy na semin\u00e1re a konferencie, ktor\u00e9 s\u00fa pred nami. \u00a0 Leto\u2026","rel":"","context":"V &quot;Prevencia&quot;","block_context":{"text":"Prevencia","link":"https:\/\/preventista.sk\/info\/category\/prevencia\/"},"img":{"alt_text":"Preventista na jese\u0148","src":"https:\/\/i0.wp.com\/preventista.sk\/info\/wp-content\/uploads\/2014\/07\/jesenprevi.jpg?fit=700%2C400&ssl=1&resize=350%2C200","width":350,"height":200,"srcset":"https:\/\/i0.wp.com\/preventista.sk\/info\/wp-content\/uploads\/2014\/07\/jesenprevi.jpg?fit=700%2C400&ssl=1&resize=350%2C200 1x, https:\/\/i0.wp.com\/preventista.sk\/info\/wp-content\/uploads\/2014\/07\/jesenprevi.jpg?fit=700%2C400&ssl=1&resize=525%2C300 1.5x, https:\/\/i0.wp.com\/preventista.sk\/info\/wp-content\/uploads\/2014\/07\/jesenprevi.jpg?fit=700%2C400&ssl=1&resize=700%2C400 2x"},"classes":[]},{"id":7,"url":"https:\/\/preventista.sk\/info\/prevencia-it-kriminality-v-skole\/","url_meta":{"origin":86,"position":4},"title":"Prevencia IT kriminality a jej miesto v \u0161kole","author":"J. Oster","date":"19. j\u00fala 2013","format":false,"excerpt":"Prevencia IT kriminality? Chym\u00e9ra alebo re\u00e1lna po\u017eiadavka doby.... patr\u00ed do \u0161k\u00f4l ako s\u00fa\u010das\u0165 informatick\u00e9ho vzdel\u00e1vania? V\u00a0ktorom veku by sa mali za\u010da\u0165 deti oboznamova\u0165 so z\u00e1kladn\u00fdmi inform\u00e1ciami s\u00favisiacimi so z\u00e1kladn\u00fdmi poznatkami bezpe\u010dnosti virtu\u00e1lneho sveta? \u00a0 Diskusie o\u00a0tom v\u00a0ktorom veku by sa mali a\u00a0akou formou za\u010da\u0165 oboznamova\u0165 s\u00a0problematikou z\u00e1kladov bezpe\u010dn\u00e9ho spr\u00e1vania pri\u2026","rel":"","context":"V &quot;IT kriminalita&quot;","block_context":{"text":"IT kriminalita","link":"https:\/\/preventista.sk\/info\/category\/prevencia\/itkrim\/"},"img":{"alt_text":"Computers","src":"https:\/\/i0.wp.com\/preventista.sk\/info\/wp-content\/uploads\/2013\/07\/computers.jpg?fit=700%2C400&ssl=1&resize=350%2C200","width":350,"height":200,"srcset":"https:\/\/i0.wp.com\/preventista.sk\/info\/wp-content\/uploads\/2013\/07\/computers.jpg?fit=700%2C400&ssl=1&resize=350%2C200 1x, https:\/\/i0.wp.com\/preventista.sk\/info\/wp-content\/uploads\/2013\/07\/computers.jpg?fit=700%2C400&ssl=1&resize=525%2C300 1.5x, https:\/\/i0.wp.com\/preventista.sk\/info\/wp-content\/uploads\/2013\/07\/computers.jpg?fit=700%2C400&ssl=1&resize=700%2C400 2x"},"classes":[]},{"id":44,"url":"https:\/\/preventista.sk\/info\/nami-realizovane-aktivity-v-oblasti-prevencie\/","url_meta":{"origin":86,"position":5},"title":"Nami realizovan\u00e9 aktivity v oblasti prevencie","author":"Redakcia","date":"19. j\u00fala 2013","format":false,"excerpt":"SPOLUPR\u00c1CA NA REALIZ\u00c1CII PRIESKUMU (2011\/2012) prieskum soci\u00e1lno-patologick\u00fdch javov na z\u00e1kladn\u00fdch \u0161kol\u00e1ch mesta Lu\u010denec Komisia prevencie, Lu\u010denec\u00a0\u00a0\u00a0 informat\u00edvny \u010dl\u00e1nok z v\u00fdsledkov prieskumu (scoop.it) Modern\u00e9 komunika\u010dn\u00e9 technol\u00f3gie, rizik\u00e1 ich pou\u017e\u00edvania prevencia IT kriminality (12\/2018) vzdel\u00e1vac\u00ed workshop pre pracovn\u00edkov prevencie \u00darad pr\u00e1ce soci\u00e1lnych vec\u00ed a rodiny Lu\u010denec Modern\u00e9 komunika\u010dn\u00e9 technol\u00f3gie, rizik\u00e1 ich pou\u017e\u00edvania,\u2026","rel":"","context":"V &quot;Hist\u00f3ria&quot;","block_context":{"text":"Hist\u00f3ria","link":"https:\/\/preventista.sk\/info\/category\/akcie\/prehladakc\/"},"img":{"alt_text":"","src":"https:\/\/i0.wp.com\/preventista.sk\/info\/wp-content\/uploads\/2013\/07\/spolocne.jpg?fit=700%2C400&ssl=1&resize=350%2C200","width":350,"height":200,"srcset":"https:\/\/i0.wp.com\/preventista.sk\/info\/wp-content\/uploads\/2013\/07\/spolocne.jpg?fit=700%2C400&ssl=1&resize=350%2C200 1x, https:\/\/i0.wp.com\/preventista.sk\/info\/wp-content\/uploads\/2013\/07\/spolocne.jpg?fit=700%2C400&ssl=1&resize=525%2C300 1.5x, https:\/\/i0.wp.com\/preventista.sk\/info\/wp-content\/uploads\/2013\/07\/spolocne.jpg?fit=700%2C400&ssl=1&resize=700%2C400 2x"},"classes":[]}],"_links":{"self":[{"href":"https:\/\/preventista.sk\/info\/wp-json\/wp\/v2\/posts\/86","targetHints":{"allow":["GET"]}}],"collection":[{"href":"https:\/\/preventista.sk\/info\/wp-json\/wp\/v2\/posts"}],"about":[{"href":"https:\/\/preventista.sk\/info\/wp-json\/wp\/v2\/types\/post"}],"author":[{"embeddable":true,"href":"https:\/\/preventista.sk\/info\/wp-json\/wp\/v2\/users\/2"}],"replies":[{"embeddable":true,"href":"https:\/\/preventista.sk\/info\/wp-json\/wp\/v2\/comments?post=86"}],"version-history":[{"count":14,"href":"https:\/\/preventista.sk\/info\/wp-json\/wp\/v2\/posts\/86\/revisions"}],"predecessor-version":[{"id":3657,"href":"https:\/\/preventista.sk\/info\/wp-json\/wp\/v2\/posts\/86\/revisions\/3657"}],"wp:featuredmedia":[{"embeddable":true,"href":"https:\/\/preventista.sk\/info\/wp-json\/wp\/v2\/media\/1909"}],"wp:attachment":[{"href":"https:\/\/preventista.sk\/info\/wp-json\/wp\/v2\/media?parent=86"}],"wp:term":[{"taxonomy":"category","embeddable":true,"href":"https:\/\/preventista.sk\/info\/wp-json\/wp\/v2\/categories?post=86"},{"taxonomy":"post_tag","embeddable":true,"href":"https:\/\/preventista.sk\/info\/wp-json\/wp\/v2\/tags?post=86"}],"curies":[{"name":"wp","href":"https:\/\/api.w.org\/{rel}","templated":true}]}}